{"id":91025,"date":"2026-04-28T15:30:22","date_gmt":"2026-04-28T13:30:22","guid":{"rendered":"https:\/\/www.inmsol.com\/?p=91025"},"modified":"2026-04-28T15:30:22","modified_gmt":"2026-04-28T13:30:22","slug":"granada-feria-libro-2026","status":"publish","type":"post","link":"https:\/\/www.inmsol.com\/es\/blog-escuela\/granada-feria-libro-2026\/","title":{"rendered":"Feria del Libro de Granada 2026"},"content":{"rendered":"<h4 style=\"text-align: left;\"><a href=\"https:\/\/www.inmsol.com\/es\/\" target=\"_blank\" rel=\"noopener\">iNMSOL<\/a> te invita a que tu pr\u00f3xima clase de espa\u00f1ol sea entre p\u00e1ginas. \u00a1Ven a visitar la Feria del Libro de Granada!<\/h4>\n<p>La<strong> Feria del Libro<\/strong> es el momento del a\u00f1o en el que Granada saca toda su esencia cultural y literaria. La <strong>44\u00aa edici\u00f3n<\/strong> transformar\u00e1 el coraz\u00f3n de la ciudad en un escenario vibrante de historias, encuentros y descubrimientos.<\/p>\n<p>Para los <strong>estudiantes de espa\u00f1ol, <\/strong>participar en este evento no es solo una oportunidad de ocio, sino una forma \u00fanica de <strong>sumergirse en la lengua espa\u00f1ola<\/strong> y en la vida social granadina.<\/p>\n<p><a href=\"https:\/\/www.inmsol.com\/wp-content\/uploads\/2026\/04\/Feria-del-Libro-Granada-2.png\" target=\"_blank\" rel=\"noopener\"><img fetchpriority=\"high\" decoding=\"async\" class=\"aligncenter wp-image-91058 size-full\" title=\"Feria del Libro de Granada 2026\" src=\"https:\/\/www.inmsol.com\/wp-content\/uploads\/2026\/04\/Feria-del-Libro-Granada-2.png\" alt=\"Feria del Libro de Granada 2026\" width=\"800\" height=\"600\" srcset=\"https:\/\/www.inmsol.com\/wp-content\/uploads\/2026\/04\/Feria-del-Libro-Granada-2.png 800w, https:\/\/www.inmsol.com\/wp-content\/uploads\/2026\/04\/Feria-del-Libro-Granada-2-400x300.png 400w, https:\/\/www.inmsol.com\/wp-content\/uploads\/2026\/04\/Feria-del-Libro-Granada-2-150x113.png 150w, https:\/\/www.inmsol.com\/wp-content\/uploads\/2026\/04\/Feria-del-Libro-Granada-2-768x576.png 768w, https:\/\/www.inmsol.com\/wp-content\/uploads\/2026\/04\/Feria-del-Libro-Granada-2-700x525.png 700w, https:\/\/www.inmsol.com\/wp-content\/uploads\/2026\/04\/Feria-del-Libro-Granada-2-64x48.png 64w\" sizes=\"(max-width: 800px) 100vw, 800px\" \/><\/a><\/p>\n<h3>Fechas y Lugar: En el Coraz\u00f3n de Granada<\/h3>\n<p>La <strong>Feria del Libro de Granada 2026<\/strong> se celebrar\u00e1 del <strong>23 de abril al 3 de mayo<\/strong>. La fecha de inicio no es casual: coincide con el <strong>D\u00eda Internacional del Libro<\/strong> y la festividad de <strong>San Jorge<\/strong> \u2014patr\u00f3n de los libreros en numerosos pa\u00edses hispanos. Las casetas se extender\u00e1n por la <a href=\"https:\/\/granadateguia.com\/visitar-granada\/carrera-de-la-virgen-en-granada\/\" target=\"_blank\" rel=\"noopener\"><strong>Carrera de la Virgen<\/strong><\/a> y la <a href=\"https:\/\/rinconesdegranada.com\/fuente-de-las-batallas\" target=\"_blank\" rel=\"noopener\"><strong>Fuente de las Batallas<\/strong>,<\/a> a pocos pasos de iNMSOL.<\/p>\n<p>&nbsp;<\/p>\n<p><a href=\"https:\/\/www.inmsol.com\/wp-content\/uploads\/2026\/04\/Feria-del-Libro-Granada-4.png\" target=\"_blank\" rel=\"noopener\"><img decoding=\"async\" class=\"aligncenter wp-image-91044 size-full\" title=\"Feria del Libro en el centro de Granada\" src=\"https:\/\/www.inmsol.com\/wp-content\/uploads\/2026\/04\/Feria-del-Libro-Granada-4.png\" alt=\"Feria del Libro en el centro de Granada\" width=\"800\" height=\"600\" srcset=\"https:\/\/www.inmsol.com\/wp-content\/uploads\/2026\/04\/Feria-del-Libro-Granada-4.png 800w, https:\/\/www.inmsol.com\/wp-content\/uploads\/2026\/04\/Feria-del-Libro-Granada-4-400x300.png 400w, https:\/\/www.inmsol.com\/wp-content\/uploads\/2026\/04\/Feria-del-Libro-Granada-4-150x113.png 150w, https:\/\/www.inmsol.com\/wp-content\/uploads\/2026\/04\/Feria-del-Libro-Granada-4-768x576.png 768w, https:\/\/www.inmsol.com\/wp-content\/uploads\/2026\/04\/Feria-del-Libro-Granada-4-700x525.png 700w, https:\/\/www.inmsol.com\/wp-content\/uploads\/2026\/04\/Feria-del-Libro-Granada-4-64x48.png 64w\" sizes=\"(max-width: 800px) 100vw, 800px\" \/><\/a><\/p>\n<p>&nbsp;<\/p>\n<p>Es una ubicaci\u00f3n estrat\u00e9gica que permite pasar de nuestras clases de espa\u00f1ol a la inmersi\u00f3n total en el <strong>vocabulario literario<\/strong> en menos de cinco minutos.<\/p>\n<p>Pasear entre libros bajo los grandes \u00e1rboles de este paseo hist\u00f3rico es una experiencia que todo estudiante de espa\u00f1ol deber\u00eda vivir al menos una vez.<\/p>\n<h3>\u00bfQu\u00e9 Esperar?<\/h3>\n<p>El lema de este a\u00f1o, <strong>\u00abAs\u00ed que pasen cinco a\u00f1os\u00bb<\/strong>, es un homenaje al gran poeta granadino <strong>Federico Garc\u00eda Lorca<\/strong>. La feria est\u00e1 fuertemente orientada a apoyar la candidatura de Granada como <strong>Capital Europea de la Cultura 2031<\/strong>.<\/p>\n<p>&nbsp;<\/p>\n<p><a href=\"https:\/\/www.inmsol.com\/wp-content\/uploads\/2026\/04\/Feria-del-Libro-Granada-1.png\"><img decoding=\"async\" class=\"aligncenter size-full wp-image-91051\" src=\"https:\/\/www.inmsol.com\/wp-content\/uploads\/2026\/04\/Feria-del-Libro-Granada-1.png\" alt=\"\" width=\"800\" height=\"600\" srcset=\"https:\/\/www.inmsol.com\/wp-content\/uploads\/2026\/04\/Feria-del-Libro-Granada-1.png 800w, https:\/\/www.inmsol.com\/wp-content\/uploads\/2026\/04\/Feria-del-Libro-Granada-1-400x300.png 400w, https:\/\/www.inmsol.com\/wp-content\/uploads\/2026\/04\/Feria-del-Libro-Granada-1-150x113.png 150w, https:\/\/www.inmsol.com\/wp-content\/uploads\/2026\/04\/Feria-del-Libro-Granada-1-768x576.png 768w, https:\/\/www.inmsol.com\/wp-content\/uploads\/2026\/04\/Feria-del-Libro-Granada-1-700x525.png 700w, https:\/\/www.inmsol.com\/wp-content\/uploads\/2026\/04\/Feria-del-Libro-Granada-1-64x48.png 64w\" sizes=\"(max-width: 800px) 100vw, 800px\" \/><\/a><\/p>\n<p>&nbsp;<\/p>\n<p>Encontrar\u00e1s cientos de<a href=\"https:\/\/ferialibrogranada.es\/expositores\/\" target=\"_blank\" rel=\"noopener\"><strong> expositores<\/strong><\/a>. Desde grandes cadenas hasta peque\u00f1as librer\u00edas independientes. Por eso, ver\u00e1s una infinidad de t\u00edtulos. Estos abarcar\u00e1n desde los <strong>cl\u00e1sicos de la literatura espa\u00f1ola<\/strong> hasta las \u00faltimas novedades editoriales. Es el lugar ideal para <strong>practicar tu espa\u00f1ol<\/strong> hablando con los libreros, siempre dispuestos a recomendar la lectura m\u00e1s adecuada para ti.<\/p>\n<h3>La Magia de las Noches Granadinas durante la Feria<\/h3>\n<p>Si por la ma\u00f1ana la feria es animada y colorida, por la noche se vuelve m\u00e1gica. Las actividades nocturnas son lo m\u00e1s destacable del programa:<\/p>\n<ul>\n<li><strong>Encuentros con Autores<\/strong>: Muchos escritores presentan sus obras entre las <strong>17:00 y las 21:00<\/strong>. Escuchar a un autor que habla de su obra es un <strong>ejercicio de comprensi\u00f3n auditiva<\/strong> insuperable. Adem\u00e1s, tendr\u00e1s la posibilidad de hacer firmar tu libro en la <a href=\"https:\/\/ferialibrogranada.es\/lugar\/caseta-oficial-de-firmas\/\" target=\"_blank\" rel=\"noopener\"><strong>Caseta Oficial de Firmas<\/strong><\/a>.<\/li>\n<li><strong>Noches de Poes\u00eda y Ciencia<\/strong>: No te pierdas las lecturas po\u00e9ticas bajo las estrellas o los debates cient\u00edficos de la <strong>\u00abNoche en Blanco\u00bb<\/strong>. Estos eventos se prolongan a menudo hasta las <strong>22:30<\/strong>, ofreciendo una perspectiva diferente y fascinante de la <strong>cultura espa\u00f1ola<\/strong>.<\/li>\n<li><strong>El Preg\u00f3n<\/strong>: El discurso inaugural es un momento solemne y festivo que marca el inicio de diez d\u00edas de pura pasi\u00f3n por los libros.<\/li>\n<\/ul>\n<p>Temas como la <strong>traducci\u00f3n<\/strong>, la <strong>ciencia<\/strong> y la <strong>literatura juvenil<\/strong> ser\u00e1n el centro de encuentros en el <a href=\"https:\/\/ferialibrogranada.es\/lugar\/pabellon-andalucia\/\" target=\"_blank\" rel=\"noopener\"><strong>Pabell\u00f3n Andaluc\u00eda<\/strong><\/a> o la <a href=\"https:\/\/ferialibrogranada.es\/lugar\/sala-zaida\/\" target=\"_blank\" rel=\"noopener\"><strong>Sala Zaida<\/strong><\/a>.<\/p>\n<p>&nbsp;<\/p>\n<h3><strong>\ud83d\udcce<a href=\"https:\/\/ferialibrogranada.es\/programacion\/\" target=\"_blank\" rel=\"noopener\"> \u00a1Descarga aqu\u00ed la programaci\u00f3n completa!<\/a><\/strong><\/h3>\n<h2><\/h2>\n<h3>\u00bfPor Qu\u00e9 Participar a la Feria del Libro? Aprender Espa\u00f1ol en un Contexto Real<\/h3>\n<p>Participar en la Feria del Libro te permitir\u00e1:<\/p>\n<ol>\n<li><strong>Enriquecer tu vocabulario<\/strong> de forma natural y divertida \u2014 desde la literatura hasta la conversaci\u00f3n cotidiana<\/li>\n<li><strong>Conocer la cultura local<\/strong> y el v\u00ednculo profundo de Granada con sus poetas, primero entre todos <strong>Federico Garc\u00eda Lorca<\/strong><\/li>\n<li><strong>Socializar<\/strong> con otros estudiantes y residentes en un ambiente relajado y estimulante.<\/li>\n<\/ol>\n<p>&nbsp;<\/p>\n<p>No dejes escapar la oportunidad de vivir la <strong>cultura granadina<\/strong> en primera fila. <strong>Compra un libro en espa\u00f1ol<\/strong>, haz que te lo firmen y deja que Granada te cuente su historia.<\/p>\n<p>Podr\u00edas encontrar precisamente ese libro que te har\u00e1 enamorarte definitivamente de la <strong>lengua espa\u00f1ola<\/strong>.<\/p>\n<p><strong>\u00a0<\/strong><\/p>\n<blockquote>\n<h4 style=\"text-align: left;\">\u00a1Nos vemos por los stands!<\/h4>\n<\/blockquote>\n<p><a href=\"https:\/\/www.inmsol.com\/wp-content\/uploads\/2026\/04\/Feria-del-Libro-Granada-3.png\"><img loading=\"lazy\" decoding=\"async\" class=\"aligncenter size-full wp-image-91037\" src=\"https:\/\/www.inmsol.com\/wp-content\/uploads\/2026\/04\/Feria-del-Libro-Granada-3.png\" alt=\"\" width=\"800\" height=\"600\" srcset=\"https:\/\/www.inmsol.com\/wp-content\/uploads\/2026\/04\/Feria-del-Libro-Granada-3.png 800w, https:\/\/www.inmsol.com\/wp-content\/uploads\/2026\/04\/Feria-del-Libro-Granada-3-400x300.png 400w, https:\/\/www.inmsol.com\/wp-content\/uploads\/2026\/04\/Feria-del-Libro-Granada-3-150x113.png 150w, https:\/\/www.inmsol.com\/wp-content\/uploads\/2026\/04\/Feria-del-Libro-Granada-3-768x576.png 768w, https:\/\/www.inmsol.com\/wp-content\/uploads\/2026\/04\/Feria-del-Libro-Granada-3-700x525.png 700w, https:\/\/www.inmsol.com\/wp-content\/uploads\/2026\/04\/Feria-del-Libro-Granada-3-64x48.png 64w\" sizes=\"(max-width: 800px) 100vw, 800px\" \/><\/a><\/p>\n","protected":false},"excerpt":{"rendered":"<p>Granada 2026: la Feria del Libro te espera. \u00a1Fechas, ubicaci\u00f3n y eventos nocturnos para estudiantes de espa\u00f1ol!<\/p>\n","protected":false},"author":31,"featured_media":91037,"comment_status":"open","ping_status":"closed","sticky":false,"template":"","format":"standard","meta":{"_acf_changed":false,"footnotes":""},"categories":[362,8,83,80,1432,1368,1439,82],"tags":[],"class_list":["post-91025","post","type-post","status-publish","format-standard","has-post-thumbnail","hentry","category-aprender-espanol","category-blog-escuela","category-cultura-literatura-historia-espana-es","category-eventos-granada","category-events-in-granada-es","category-idioma","category-learning-spanish-es","category-noticias"],"acf":[],"yoast_head":"<!-- This site is optimized with the Yoast SEO plugin v27.5 - https:\/\/yoast.com\/product\/yoast-seo-wordpress\/ -->\n<title>Feria del Libro de Granada 2026 &#8226; iNMSOL<\/title>\n<meta name=\"description\" content=\"Granada 2026: la Feria del Libro te espera. \u00a1Fechas, ubicaci\u00f3n y eventos nocturnos para estudiantes de espa\u00f1ol!\" \/>\n<meta name=\"robots\" content=\"index, follow, max-snippet:-1, max-image-preview:large, max-video-preview:-1\" \/>\n<link rel=\"canonical\" href=\"https:\/\/www.inmsol.com\/es\/blog-escuela\/granada-feria-libro-2026\/\" \/>\n<meta property=\"og:locale\" content=\"es_ES\" \/>\n<meta property=\"og:type\" content=\"article\" \/>\n<meta property=\"og:title\" content=\"Feria del Libro de Granada 2026 &#8226; iNMSOL\" \/>\n<meta property=\"og:description\" content=\"Granada 2026: la Feria del Libro te espera. \u00a1Fechas, ubicaci\u00f3n y eventos nocturnos para estudiantes de espa\u00f1ol!\" \/>\n<meta property=\"og:url\" content=\"https:\/\/www.inmsol.com\/es\/blog-escuela\/granada-feria-libro-2026\/\" \/>\n<meta property=\"og:site_name\" content=\"iNMSOL\" \/>\n<meta property=\"article:publisher\" content=\"https:\/\/www.facebook.com\/spanishcourses\" \/>\n<meta property=\"article:published_time\" content=\"2026-04-28T13:30:22+00:00\" \/>\n<meta property=\"og:image\" content=\"https:\/\/www.inmsol.com\/wp-content\/uploads\/2026\/04\/Feria-del-Libro-Granada-3.png\" \/>\n\t<meta property=\"og:image:width\" content=\"800\" \/>\n\t<meta property=\"og:image:height\" content=\"600\" \/>\n\t<meta property=\"og:image:type\" content=\"image\/png\" \/>\n<meta name=\"author\" content=\"Rocio Mart\u00ednez\" \/>\n<meta name=\"twitter:label1\" content=\"Escrito por\" \/>\n\t<meta name=\"twitter:data1\" content=\"Rocio Mart\u00ednez\" \/>\n\t<meta name=\"twitter:label2\" content=\"Tiempo de lectura\" \/>\n\t<meta name=\"twitter:data2\" content=\"4 minutos\" \/>\n<script type=\"application\/ld+json\" class=\"yoast-schema-graph\">{\"@context\":\"https:\\\/\\\/schema.org\",\"@graph\":[{\"@type\":\"Article\",\"@id\":\"https:\\\/\\\/www.inmsol.com\\\/es\\\/blog-escuela\\\/granada-feria-libro-2026\\\/#article\",\"isPartOf\":{\"@id\":\"https:\\\/\\\/www.inmsol.com\\\/es\\\/blog-escuela\\\/granada-feria-libro-2026\\\/\"},\"author\":{\"name\":\"Rocio Mart\u00ednez\",\"@id\":\"https:\\\/\\\/www.inmsol.com\\\/es\\\/#\\\/schema\\\/person\\\/d041a9956283741a6ed56e0530eb28b5\"},\"headline\":\"Feria del Libro de Granada 2026\",\"datePublished\":\"2026-04-28T13:30:22+00:00\",\"mainEntityOfPage\":{\"@id\":\"https:\\\/\\\/www.inmsol.com\\\/es\\\/blog-escuela\\\/granada-feria-libro-2026\\\/\"},\"wordCount\":662,\"commentCount\":0,\"publisher\":{\"@id\":\"https:\\\/\\\/www.inmsol.com\\\/es\\\/#organization\"},\"image\":{\"@id\":\"https:\\\/\\\/www.inmsol.com\\\/es\\\/blog-escuela\\\/granada-feria-libro-2026\\\/#primaryimage\"},\"thumbnailUrl\":\"https:\\\/\\\/www.inmsol.com\\\/wp-content\\\/uploads\\\/2026\\\/04\\\/Feria-del-Libro-Granada-3.png\",\"articleSection\":[\"Aprender Espa\u00f1ol\",\"Blog Escuela Espa\u00f1ol\",\"Cultura, Literatura e Historia de Espa\u00f1a e Hispanoam\u00e9rica\",\"Eventos en Granada\",\"Events in Granada\",\"Idioma\",\"Learning Spanish\",\"Noticias y Servicios iNMSOL\"],\"inLanguage\":\"es\",\"potentialAction\":[{\"@type\":\"CommentAction\",\"name\":\"Comment\",\"target\":[\"https:\\\/\\\/www.inmsol.com\\\/es\\\/blog-escuela\\\/granada-feria-libro-2026\\\/#respond\"]}]},{\"@type\":\"WebPage\",\"@id\":\"https:\\\/\\\/www.inmsol.com\\\/es\\\/blog-escuela\\\/granada-feria-libro-2026\\\/\",\"url\":\"https:\\\/\\\/www.inmsol.com\\\/es\\\/blog-escuela\\\/granada-feria-libro-2026\\\/\",\"name\":\"Feria del Libro de Granada 2026 &#8226; iNMSOL\",\"isPartOf\":{\"@id\":\"https:\\\/\\\/www.inmsol.com\\\/es\\\/#website\"},\"primaryImageOfPage\":{\"@id\":\"https:\\\/\\\/www.inmsol.com\\\/es\\\/blog-escuela\\\/granada-feria-libro-2026\\\/#primaryimage\"},\"image\":{\"@id\":\"https:\\\/\\\/www.inmsol.com\\\/es\\\/blog-escuela\\\/granada-feria-libro-2026\\\/#primaryimage\"},\"thumbnailUrl\":\"https:\\\/\\\/www.inmsol.com\\\/wp-content\\\/uploads\\\/2026\\\/04\\\/Feria-del-Libro-Granada-3.png\",\"datePublished\":\"2026-04-28T13:30:22+00:00\",\"description\":\"Granada 2026: la Feria del Libro te espera. \u00a1Fechas, ubicaci\u00f3n y eventos nocturnos para estudiantes de espa\u00f1ol!\",\"breadcrumb\":{\"@id\":\"https:\\\/\\\/www.inmsol.com\\\/es\\\/blog-escuela\\\/granada-feria-libro-2026\\\/#breadcrumb\"},\"inLanguage\":\"es\",\"potentialAction\":[{\"@type\":\"ReadAction\",\"target\":[\"https:\\\/\\\/www.inmsol.com\\\/es\\\/blog-escuela\\\/granada-feria-libro-2026\\\/\"]}]},{\"@type\":\"ImageObject\",\"inLanguage\":\"es\",\"@id\":\"https:\\\/\\\/www.inmsol.com\\\/es\\\/blog-escuela\\\/granada-feria-libro-2026\\\/#primaryimage\",\"url\":\"https:\\\/\\\/www.inmsol.com\\\/wp-content\\\/uploads\\\/2026\\\/04\\\/Feria-del-Libro-Granada-3.png\",\"contentUrl\":\"https:\\\/\\\/www.inmsol.com\\\/wp-content\\\/uploads\\\/2026\\\/04\\\/Feria-del-Libro-Granada-3.png\",\"width\":800,\"height\":600},{\"@type\":\"BreadcrumbList\",\"@id\":\"https:\\\/\\\/www.inmsol.com\\\/es\\\/blog-escuela\\\/granada-feria-libro-2026\\\/#breadcrumb\",\"itemListElement\":[{\"@type\":\"ListItem\",\"position\":1,\"name\":\"Accredited Center by Instituto Cervantes\",\"item\":\"https:\\\/\\\/www.inmsol.com\\\/es\\\/pagina-ejemplo\\\/\"},{\"@type\":\"ListItem\",\"position\":2,\"name\":\"Blog Escuela Espa\u00f1ol\",\"item\":\"https:\\\/\\\/www.inmsol.com\\\/es\\\/category\\\/blog-escuela\\\/\"},{\"@type\":\"ListItem\",\"position\":3,\"name\":\"Feria del Libro de Granada 2026\"}]},{\"@type\":\"WebSite\",\"@id\":\"https:\\\/\\\/www.inmsol.com\\\/es\\\/#website\",\"url\":\"https:\\\/\\\/www.inmsol.com\\\/es\\\/\",\"name\":\"iNMSOL\",\"description\":\"Aprenda Espa\u00f1ol con iNMSOL en Granada | Centro Acreditado por el Instituto Cervantes\",\"publisher\":{\"@id\":\"https:\\\/\\\/www.inmsol.com\\\/es\\\/#organization\"},\"potentialAction\":[{\"@type\":\"SearchAction\",\"target\":{\"@type\":\"EntryPoint\",\"urlTemplate\":\"https:\\\/\\\/www.inmsol.com\\\/es\\\/?s={search_term_string}\"},\"query-input\":{\"@type\":\"PropertyValueSpecification\",\"valueRequired\":true,\"valueName\":\"search_term_string\"}}],\"inLanguage\":\"es\"},{\"@type\":\"Organization\",\"@id\":\"https:\\\/\\\/www.inmsol.com\\\/es\\\/#organization\",\"name\":\"Instituto Mediterr\u00e1neo Sol\",\"url\":\"https:\\\/\\\/www.inmsol.com\\\/es\\\/\",\"logo\":{\"@type\":\"ImageObject\",\"inLanguage\":\"es\",\"@id\":\"https:\\\/\\\/www.inmsol.com\\\/es\\\/#\\\/schema\\\/logo\\\/image\\\/\",\"url\":\"https:\\\/\\\/www.inmsol.com\\\/wp-content\\\/uploads\\\/2023\\\/06\\\/logo-inmsol-1.png\",\"contentUrl\":\"https:\\\/\\\/www.inmsol.com\\\/wp-content\\\/uploads\\\/2023\\\/06\\\/logo-inmsol-1.png\",\"width\":136,\"height\":73,\"caption\":\"Instituto Mediterr\u00e1neo Sol\"},\"image\":{\"@id\":\"https:\\\/\\\/www.inmsol.com\\\/es\\\/#\\\/schema\\\/logo\\\/image\\\/\"},\"sameAs\":[\"https:\\\/\\\/www.facebook.com\\\/spanishcourses\",\"https:\\\/\\\/x.com\\\/StudyInGranada\",\"http:\\\/\\\/instagram.com\\\/imsolgranada\",\"https:\\\/\\\/es.linkedin.com\\\/company\\\/imsol-granada\",\"https:\\\/\\\/www.pinterest.es\\\/inmsol\\\/\",\"https:\\\/\\\/www.youtube.com\\\/channel\\\/UChz-Qn_7coFMosY85iYMO4g\"]},{\"@type\":\"Person\",\"@id\":\"https:\\\/\\\/www.inmsol.com\\\/es\\\/#\\\/schema\\\/person\\\/d041a9956283741a6ed56e0530eb28b5\",\"name\":\"Rocio Mart\u00ednez\",\"image\":{\"@type\":\"ImageObject\",\"inLanguage\":\"es\",\"@id\":\"https:\\\/\\\/secure.gravatar.com\\\/avatar\\\/95b9b0d999ef55a048952ade325bea9ee664237dc576277e59c3cc8fc6ea1123?s=96&d=mm&r=g\",\"url\":\"https:\\\/\\\/secure.gravatar.com\\\/avatar\\\/95b9b0d999ef55a048952ade325bea9ee664237dc576277e59c3cc8fc6ea1123?s=96&d=mm&r=g\",\"contentUrl\":\"https:\\\/\\\/secure.gravatar.com\\\/avatar\\\/95b9b0d999ef55a048952ade325bea9ee664237dc576277e59c3cc8fc6ea1123?s=96&d=mm&r=g\",\"caption\":\"Rocio Mart\u00ednez\"},\"url\":\"https:\\\/\\\/www.inmsol.com\\\/es\\\/author\\\/secretaria\\\/\"}]}<\/script>\n<!-- \/ Yoast SEO plugin. -->","yoast_head_json":{"title":"Feria del Libro de Granada 2026 &#8226; iNMSOL","description":"Granada 2026: la Feria del Libro te espera. \u00a1Fechas, ubicaci\u00f3n y eventos nocturnos para estudiantes de espa\u00f1ol!","robots":{"index":"index","follow":"follow","max-snippet":"max-snippet:-1","max-image-preview":"max-image-preview:large","max-video-preview":"max-video-preview:-1"},"canonical":"https:\/\/www.inmsol.com\/es\/blog-escuela\/granada-feria-libro-2026\/","og_locale":"es_ES","og_type":"article","og_title":"Feria del Libro de Granada 2026 &#8226; iNMSOL","og_description":"Granada 2026: la Feria del Libro te espera. \u00a1Fechas, ubicaci\u00f3n y eventos nocturnos para estudiantes de espa\u00f1ol!","og_url":"https:\/\/www.inmsol.com\/es\/blog-escuela\/granada-feria-libro-2026\/","og_site_name":"iNMSOL","article_publisher":"https:\/\/www.facebook.com\/spanishcourses","article_published_time":"2026-04-28T13:30:22+00:00","og_image":[{"width":800,"height":600,"url":"https:\/\/www.inmsol.com\/wp-content\/uploads\/2026\/04\/Feria-del-Libro-Granada-3.png","type":"image\/png"}],"author":"Rocio Mart\u00ednez","twitter_misc":{"Escrito por":"Rocio Mart\u00ednez","Tiempo de lectura":"4 minutos"},"schema":{"@context":"https:\/\/schema.org","@graph":[{"@type":"Article","@id":"https:\/\/www.inmsol.com\/es\/blog-escuela\/granada-feria-libro-2026\/#article","isPartOf":{"@id":"https:\/\/www.inmsol.com\/es\/blog-escuela\/granada-feria-libro-2026\/"},"author":{"name":"Rocio Mart\u00ednez","@id":"https:\/\/www.inmsol.com\/es\/#\/schema\/person\/d041a9956283741a6ed56e0530eb28b5"},"headline":"Feria del Libro de Granada 2026","datePublished":"2026-04-28T13:30:22+00:00","mainEntityOfPage":{"@id":"https:\/\/www.inmsol.com\/es\/blog-escuela\/granada-feria-libro-2026\/"},"wordCount":662,"commentCount":0,"publisher":{"@id":"https:\/\/www.inmsol.com\/es\/#organization"},"image":{"@id":"https:\/\/www.inmsol.com\/es\/blog-escuela\/granada-feria-libro-2026\/#primaryimage"},"thumbnailUrl":"https:\/\/www.inmsol.com\/wp-content\/uploads\/2026\/04\/Feria-del-Libro-Granada-3.png","articleSection":["Aprender Espa\u00f1ol","Blog Escuela Espa\u00f1ol","Cultura, Literatura e Historia de Espa\u00f1a e Hispanoam\u00e9rica","Eventos en Granada","Events in Granada","Idioma","Learning Spanish","Noticias y Servicios iNMSOL"],"inLanguage":"es","potentialAction":[{"@type":"CommentAction","name":"Comment","target":["https:\/\/www.inmsol.com\/es\/blog-escuela\/granada-feria-libro-2026\/#respond"]}]},{"@type":"WebPage","@id":"https:\/\/www.inmsol.com\/es\/blog-escuela\/granada-feria-libro-2026\/","url":"https:\/\/www.inmsol.com\/es\/blog-escuela\/granada-feria-libro-2026\/","name":"Feria del Libro de Granada 2026 &#8226; iNMSOL","isPartOf":{"@id":"https:\/\/www.inmsol.com\/es\/#website"},"primaryImageOfPage":{"@id":"https:\/\/www.inmsol.com\/es\/blog-escuela\/granada-feria-libro-2026\/#primaryimage"},"image":{"@id":"https:\/\/www.inmsol.com\/es\/blog-escuela\/granada-feria-libro-2026\/#primaryimage"},"thumbnailUrl":"https:\/\/www.inmsol.com\/wp-content\/uploads\/2026\/04\/Feria-del-Libro-Granada-3.png","datePublished":"2026-04-28T13:30:22+00:00","description":"Granada 2026: la Feria del Libro te espera. \u00a1Fechas, ubicaci\u00f3n y eventos nocturnos para estudiantes de espa\u00f1ol!","breadcrumb":{"@id":"https:\/\/www.inmsol.com\/es\/blog-escuela\/granada-feria-libro-2026\/#breadcrumb"},"inLanguage":"es","potentialAction":[{"@type":"ReadAction","target":["https:\/\/www.inmsol.com\/es\/blog-escuela\/granada-feria-libro-2026\/"]}]},{"@type":"ImageObject","inLanguage":"es","@id":"https:\/\/www.inmsol.com\/es\/blog-escuela\/granada-feria-libro-2026\/#primaryimage","url":"https:\/\/www.inmsol.com\/wp-content\/uploads\/2026\/04\/Feria-del-Libro-Granada-3.png","contentUrl":"https:\/\/www.inmsol.com\/wp-content\/uploads\/2026\/04\/Feria-del-Libro-Granada-3.png","width":800,"height":600},{"@type":"BreadcrumbList","@id":"https:\/\/www.inmsol.com\/es\/blog-escuela\/granada-feria-libro-2026\/#breadcrumb","itemListElement":[{"@type":"ListItem","position":1,"name":"Accredited Center by Instituto Cervantes","item":"https:\/\/www.inmsol.com\/es\/pagina-ejemplo\/"},{"@type":"ListItem","position":2,"name":"Blog Escuela Espa\u00f1ol","item":"https:\/\/www.inmsol.com\/es\/category\/blog-escuela\/"},{"@type":"ListItem","position":3,"name":"Feria del Libro de Granada 2026"}]},{"@type":"WebSite","@id":"https:\/\/www.inmsol.com\/es\/#website","url":"https:\/\/www.inmsol.com\/es\/","name":"iNMSOL","description":"Aprenda Espa\u00f1ol con iNMSOL en Granada | Centro Acreditado por el Instituto Cervantes","publisher":{"@id":"https:\/\/www.inmsol.com\/es\/#organization"},"potentialAction":[{"@type":"SearchAction","target":{"@type":"EntryPoint","urlTemplate":"https:\/\/www.inmsol.com\/es\/?s={search_term_string}"},"query-input":{"@type":"PropertyValueSpecification","valueRequired":true,"valueName":"search_term_string"}}],"inLanguage":"es"},{"@type":"Organization","@id":"https:\/\/www.inmsol.com\/es\/#organization","name":"Instituto Mediterr\u00e1neo Sol","url":"https:\/\/www.inmsol.com\/es\/","logo":{"@type":"ImageObject","inLanguage":"es","@id":"https:\/\/www.inmsol.com\/es\/#\/schema\/logo\/image\/","url":"https:\/\/www.inmsol.com\/wp-content\/uploads\/2023\/06\/logo-inmsol-1.png","contentUrl":"https:\/\/www.inmsol.com\/wp-content\/uploads\/2023\/06\/logo-inmsol-1.png","width":136,"height":73,"caption":"Instituto Mediterr\u00e1neo Sol"},"image":{"@id":"https:\/\/www.inmsol.com\/es\/#\/schema\/logo\/image\/"},"sameAs":["https:\/\/www.facebook.com\/spanishcourses","https:\/\/x.com\/StudyInGranada","http:\/\/instagram.com\/imsolgranada","https:\/\/es.linkedin.com\/company\/imsol-granada","https:\/\/www.pinterest.es\/inmsol\/","https:\/\/www.youtube.com\/channel\/UChz-Qn_7coFMosY85iYMO4g"]},{"@type":"Person","@id":"https:\/\/www.inmsol.com\/es\/#\/schema\/person\/d041a9956283741a6ed56e0530eb28b5","name":"Rocio Mart\u00ednez","image":{"@type":"ImageObject","inLanguage":"es","@id":"https:\/\/secure.gravatar.com\/avatar\/95b9b0d999ef55a048952ade325bea9ee664237dc576277e59c3cc8fc6ea1123?s=96&d=mm&r=g","url":"https:\/\/secure.gravatar.com\/avatar\/95b9b0d999ef55a048952ade325bea9ee664237dc576277e59c3cc8fc6ea1123?s=96&d=mm&r=g","contentUrl":"https:\/\/secure.gravatar.com\/avatar\/95b9b0d999ef55a048952ade325bea9ee664237dc576277e59c3cc8fc6ea1123?s=96&d=mm&r=g","caption":"Rocio Mart\u00ednez"},"url":"https:\/\/www.inmsol.com\/es\/author\/secretaria\/"}]}},"_links":{"self":[{"href":"https:\/\/www.inmsol.com\/es\/wp-json\/wp\/v2\/posts\/91025","targetHints":{"allow":["GET"]}}],"collection":[{"href":"https:\/\/www.inmsol.com\/es\/wp-json\/wp\/v2\/posts"}],"about":[{"href":"https:\/\/www.inmsol.com\/es\/wp-json\/wp\/v2\/types\/post"}],"author":[{"embeddable":true,"href":"https:\/\/www.inmsol.com\/es\/wp-json\/wp\/v2\/users\/31"}],"replies":[{"embeddable":true,"href":"https:\/\/www.inmsol.com\/es\/wp-json\/wp\/v2\/comments?post=91025"}],"version-history":[{"count":3,"href":"https:\/\/www.inmsol.com\/es\/wp-json\/wp\/v2\/posts\/91025\/revisions"}],"predecessor-version":[{"id":91067,"href":"https:\/\/www.inmsol.com\/es\/wp-json\/wp\/v2\/posts\/91025\/revisions\/91067"}],"wp:featuredmedia":[{"embeddable":true,"href":"https:\/\/www.inmsol.com\/es\/wp-json\/wp\/v2\/media\/91037"}],"wp:attachment":[{"href":"https:\/\/www.inmsol.com\/es\/wp-json\/wp\/v2\/media?parent=91025"}],"wp:term":[{"taxonomy":"category","embeddable":true,"href":"https:\/\/www.inmsol.com\/es\/wp-json\/wp\/v2\/categories?post=91025"},{"taxonomy":"post_tag","embeddable":true,"href":"https:\/\/www.inmsol.com\/es\/wp-json\/wp\/v2\/tags?post=91025"}],"curies":[{"name":"wp","href":"https:\/\/api.w.org\/{rel}","templated":true}]}}