{"id":973,"date":"2012-01-18T13:04:34","date_gmt":"2012-01-18T12:04:34","guid":{"rendered":"https:\/\/www.inmsol.com\/"},"modified":"2019-04-23T23:44:12","modified_gmt":"2019-04-23T21:44:12","slug":"pintura-y-literatura-unidas-en-companeros-de-viaje","status":"publish","type":"post","link":"https:\/\/www.inmsol.com\/es\/blog-escuela\/eventos-granada\/pintura-y-literatura-unidas-en-companeros-de-viaje\/","title":{"rendered":"Pintura y literatura, unidas en \u2018Compa\u00f1eros de viaje\u2019"},"content":{"rendered":"<p class=\"rtecenter\"><b><u>Pintura y literatura, unidas en \u2018Compa\u00f1eros de viaje\u2019<\/u><\/b><\/p>\n<div style=\"width: 309px\" class=\"wp-caption alignnone\"><img decoding=\"async\" src=\"https:\/\/www.inmsol.com\/wp-content\/files\/Compa%C3%B1eros-de-viaje.jpg\" width=\"299\" height=\"159\" \/><p class=\"wp-caption-text\">align=center<\/p><\/div>\n<p>El artista c\u00e1ntabro <strong>Roberto Orallo<\/strong> presenta la exposici\u00f3n <strong>\u2018Compa\u00f1eros de viaje\u2019<\/strong> en la Biblioteca de Andaluc\u00eda. En la muestra, el creador re\u00fane una veintena de pinturas de formato medio, realizadas en diversas t\u00e9cnicas e inspiradas en <strong>la mitolog\u00eda de la Grecia cl\u00e1sica<\/strong> y en la<strong> literatura<\/strong>.<\/p>\n<p>Orallo, que ha expuesto en todo el mundo y es reconocido por la cr\u00edtica, demuestra en sus cuadros\u00a0<strong>su condici\u00f3n de gran lector.<\/strong><\/p>\n<p><u>La exposici\u00f3n permanecer\u00e1 abierta hasta el mi\u00e9rcoles 25 de febrero, de lunes a viernes de 9 a 21 y los s\u00e1bados de 9 a 14 horas.<\/u><\/p>\n<p><a href=\"http:\/\/www.pocketguia.es\/2012\/guia-de-granada\/pintura-y-literatura-unidas-en-%E2%80%98companeros-de-viaje%E2%80%99\/\" target=\"_blank\" rel=\"noopener noreferrer\">Fuente<\/a><\/p>\n","protected":false},"excerpt":{"rendered":"<p>Pintura y literatura, unidas en \u2018Compa\u00f1eros de viaje\u2019 El artista c\u00e1ntabro Roberto Orallo presenta la exposici\u00f3n \u2018Compa\u00f1eros de viaje\u2019 en la Biblioteca de Andaluc\u00eda. En la muestra, el creador re\u00fane una veintena de pinturas de formato medio, realizadas en diversas t\u00e9cnicas e inspiradas en la&#8230;<\/p>\n","protected":false},"author":2,"featured_media":0,"comment_status":"closed","ping_status":"closed","sticky":false,"template":"","format":"standard","meta":{"_acf_changed":false,"footnotes":""},"categories":[80],"tags":[],"class_list":["post-973","post","type-post","status-publish","format-standard","hentry","category-eventos-granada"],"acf":[],"yoast_head":"<!-- This site is optimized with the Yoast SEO plugin v27.5 - https:\/\/yoast.com\/product\/yoast-seo-wordpress\/ -->\n<title>Pintura y literatura, unidas en \u2018Compa\u00f1eros de viaje\u2019 | exposici\u00f3n, Roberto Orallo, horario, Granada | INMSOL<\/title>\n<meta name=\"robots\" content=\"index, follow, max-snippet:-1, max-image-preview:large, max-video-preview:-1\" \/>\n<link rel=\"canonical\" href=\"https:\/\/www.inmsol.com\/es\/blog-escuela\/eventos-granada\/pintura-y-literatura-unidas-en-companeros-de-viaje\/\" \/>\n<meta property=\"og:locale\" content=\"es_ES\" \/>\n<meta property=\"og:type\" content=\"article\" \/>\n<meta property=\"og:title\" content=\"Pintura y literatura, unidas en \u2018Compa\u00f1eros de viaje\u2019 | exposici\u00f3n, Roberto Orallo, horario, Granada | INMSOL\" \/>\n<meta property=\"og:description\" content=\"Pintura y literatura, unidas en \u2018Compa\u00f1eros de viaje\u2019 El artista c\u00e1ntabro Roberto Orallo presenta la exposici\u00f3n \u2018Compa\u00f1eros de viaje\u2019 en la Biblioteca de Andaluc\u00eda. En la muestra, el creador re\u00fane una veintena de pinturas de formato medio, realizadas en diversas t\u00e9cnicas e inspiradas en la...\" \/>\n<meta property=\"og:url\" content=\"https:\/\/www.inmsol.com\/es\/blog-escuela\/eventos-granada\/pintura-y-literatura-unidas-en-companeros-de-viaje\/\" \/>\n<meta property=\"og:site_name\" content=\"iNMSOL\" \/>\n<meta property=\"article:publisher\" content=\"https:\/\/www.facebook.com\/spanishcourses\" \/>\n<meta property=\"article:published_time\" content=\"2012-01-18T12:04:34+00:00\" \/>\n<meta property=\"article:modified_time\" content=\"2019-04-23T21:44:12+00:00\" \/>\n<meta property=\"og:image\" content=\"https:\/\/www.inmsol.com\/wp-content\/files\/Compa%C3%B1eros-de-viaje.jpg\" \/>\n<meta name=\"author\" content=\"Javier Torres\" \/>\n<meta name=\"twitter:label1\" content=\"Escrito por\" \/>\n\t<meta name=\"twitter:data1\" content=\"Javier Torres\" \/>\n\t<meta name=\"twitter:label2\" content=\"Tiempo de lectura\" \/>\n\t<meta name=\"twitter:data2\" content=\"1 minuto\" \/>\n<script type=\"application\/ld+json\" class=\"yoast-schema-graph\">{\"@context\":\"https:\\\/\\\/schema.org\",\"@graph\":[{\"@type\":\"Article\",\"@id\":\"https:\\\/\\\/www.inmsol.com\\\/es\\\/blog-escuela\\\/eventos-granada\\\/pintura-y-literatura-unidas-en-companeros-de-viaje\\\/#article\",\"isPartOf\":{\"@id\":\"https:\\\/\\\/www.inmsol.com\\\/es\\\/blog-escuela\\\/eventos-granada\\\/pintura-y-literatura-unidas-en-companeros-de-viaje\\\/\"},\"author\":{\"name\":\"Javier Torres\",\"@id\":\"https:\\\/\\\/www.inmsol.com\\\/es\\\/#\\\/schema\\\/person\\\/18f18acd0397ef441e373e79ec3eb6ea\"},\"headline\":\"Pintura y literatura, unidas en \u2018Compa\u00f1eros de viaje\u2019\",\"datePublished\":\"2012-01-18T12:04:34+00:00\",\"dateModified\":\"2019-04-23T21:44:12+00:00\",\"mainEntityOfPage\":{\"@id\":\"https:\\\/\\\/www.inmsol.com\\\/es\\\/blog-escuela\\\/eventos-granada\\\/pintura-y-literatura-unidas-en-companeros-de-viaje\\\/\"},\"wordCount\":130,\"publisher\":{\"@id\":\"https:\\\/\\\/www.inmsol.com\\\/es\\\/#organization\"},\"image\":{\"@id\":\"https:\\\/\\\/www.inmsol.com\\\/es\\\/blog-escuela\\\/eventos-granada\\\/pintura-y-literatura-unidas-en-companeros-de-viaje\\\/#primaryimage\"},\"thumbnailUrl\":\"https:\\\/\\\/www.inmsol.com\\\/wp-content\\\/files\\\/Compa%C3%B1eros-de-viaje.jpg\",\"articleSection\":[\"Eventos en Granada\"],\"inLanguage\":\"es\"},{\"@type\":\"WebPage\",\"@id\":\"https:\\\/\\\/www.inmsol.com\\\/es\\\/blog-escuela\\\/eventos-granada\\\/pintura-y-literatura-unidas-en-companeros-de-viaje\\\/\",\"url\":\"https:\\\/\\\/www.inmsol.com\\\/es\\\/blog-escuela\\\/eventos-granada\\\/pintura-y-literatura-unidas-en-companeros-de-viaje\\\/\",\"name\":\"Pintura y literatura, unidas en \u2018Compa\u00f1eros de viaje\u2019 | exposici\u00f3n, Roberto Orallo, horario, Granada | INMSOL\",\"isPartOf\":{\"@id\":\"https:\\\/\\\/www.inmsol.com\\\/es\\\/#website\"},\"primaryImageOfPage\":{\"@id\":\"https:\\\/\\\/www.inmsol.com\\\/es\\\/blog-escuela\\\/eventos-granada\\\/pintura-y-literatura-unidas-en-companeros-de-viaje\\\/#primaryimage\"},\"image\":{\"@id\":\"https:\\\/\\\/www.inmsol.com\\\/es\\\/blog-escuela\\\/eventos-granada\\\/pintura-y-literatura-unidas-en-companeros-de-viaje\\\/#primaryimage\"},\"thumbnailUrl\":\"https:\\\/\\\/www.inmsol.com\\\/wp-content\\\/files\\\/Compa%C3%B1eros-de-viaje.jpg\",\"datePublished\":\"2012-01-18T12:04:34+00:00\",\"dateModified\":\"2019-04-23T21:44:12+00:00\",\"breadcrumb\":{\"@id\":\"https:\\\/\\\/www.inmsol.com\\\/es\\\/blog-escuela\\\/eventos-granada\\\/pintura-y-literatura-unidas-en-companeros-de-viaje\\\/#breadcrumb\"},\"inLanguage\":\"es\",\"potentialAction\":[{\"@type\":\"ReadAction\",\"target\":[\"https:\\\/\\\/www.inmsol.com\\\/es\\\/blog-escuela\\\/eventos-granada\\\/pintura-y-literatura-unidas-en-companeros-de-viaje\\\/\"]}]},{\"@type\":\"ImageObject\",\"inLanguage\":\"es\",\"@id\":\"https:\\\/\\\/www.inmsol.com\\\/es\\\/blog-escuela\\\/eventos-granada\\\/pintura-y-literatura-unidas-en-companeros-de-viaje\\\/#primaryimage\",\"url\":\"https:\\\/\\\/www.inmsol.com\\\/wp-content\\\/files\\\/Compa%C3%B1eros-de-viaje.jpg\",\"contentUrl\":\"https:\\\/\\\/www.inmsol.com\\\/wp-content\\\/files\\\/Compa%C3%B1eros-de-viaje.jpg\"},{\"@type\":\"BreadcrumbList\",\"@id\":\"https:\\\/\\\/www.inmsol.com\\\/es\\\/blog-escuela\\\/eventos-granada\\\/pintura-y-literatura-unidas-en-companeros-de-viaje\\\/#breadcrumb\",\"itemListElement\":[{\"@type\":\"ListItem\",\"position\":1,\"name\":\"Accredited Center by Instituto Cervantes\",\"item\":\"https:\\\/\\\/www.inmsol.com\\\/es\\\/pagina-ejemplo\\\/\"},{\"@type\":\"ListItem\",\"position\":2,\"name\":\"Blog Escuela Espa\u00f1ol\",\"item\":\"https:\\\/\\\/www.inmsol.com\\\/es\\\/category\\\/blog-escuela\\\/\"},{\"@type\":\"ListItem\",\"position\":3,\"name\":\"Eventos en Granada\",\"item\":\"https:\\\/\\\/www.inmsol.com\\\/es\\\/category\\\/blog-escuela\\\/eventos-granada\\\/\"},{\"@type\":\"ListItem\",\"position\":4,\"name\":\"Pintura y literatura, unidas en \u2018Compa\u00f1eros de viaje\u2019\"}]},{\"@type\":\"WebSite\",\"@id\":\"https:\\\/\\\/www.inmsol.com\\\/es\\\/#website\",\"url\":\"https:\\\/\\\/www.inmsol.com\\\/es\\\/\",\"name\":\"iNMSOL\",\"description\":\"Aprenda Espa\u00f1ol con iNMSOL en Granada | Centro Acreditado por el Instituto Cervantes\",\"publisher\":{\"@id\":\"https:\\\/\\\/www.inmsol.com\\\/es\\\/#organization\"},\"potentialAction\":[{\"@type\":\"SearchAction\",\"target\":{\"@type\":\"EntryPoint\",\"urlTemplate\":\"https:\\\/\\\/www.inmsol.com\\\/es\\\/?s={search_term_string}\"},\"query-input\":{\"@type\":\"PropertyValueSpecification\",\"valueRequired\":true,\"valueName\":\"search_term_string\"}}],\"inLanguage\":\"es\"},{\"@type\":\"Organization\",\"@id\":\"https:\\\/\\\/www.inmsol.com\\\/es\\\/#organization\",\"name\":\"Instituto Mediterr\u00e1neo Sol\",\"url\":\"https:\\\/\\\/www.inmsol.com\\\/es\\\/\",\"logo\":{\"@type\":\"ImageObject\",\"inLanguage\":\"es\",\"@id\":\"https:\\\/\\\/www.inmsol.com\\\/es\\\/#\\\/schema\\\/logo\\\/image\\\/\",\"url\":\"https:\\\/\\\/www.inmsol.com\\\/wp-content\\\/uploads\\\/2023\\\/06\\\/logo-inmsol-1.png\",\"contentUrl\":\"https:\\\/\\\/www.inmsol.com\\\/wp-content\\\/uploads\\\/2023\\\/06\\\/logo-inmsol-1.png\",\"width\":136,\"height\":73,\"caption\":\"Instituto Mediterr\u00e1neo Sol\"},\"image\":{\"@id\":\"https:\\\/\\\/www.inmsol.com\\\/es\\\/#\\\/schema\\\/logo\\\/image\\\/\"},\"sameAs\":[\"https:\\\/\\\/www.facebook.com\\\/spanishcourses\",\"https:\\\/\\\/x.com\\\/StudyInGranada\",\"http:\\\/\\\/instagram.com\\\/imsolgranada\",\"https:\\\/\\\/es.linkedin.com\\\/company\\\/imsol-granada\",\"https:\\\/\\\/www.pinterest.es\\\/inmsol\\\/\",\"https:\\\/\\\/www.youtube.com\\\/channel\\\/UChz-Qn_7coFMosY85iYMO4g\"]},{\"@type\":\"Person\",\"@id\":\"https:\\\/\\\/www.inmsol.com\\\/es\\\/#\\\/schema\\\/person\\\/18f18acd0397ef441e373e79ec3eb6ea\",\"name\":\"Javier Torres\",\"image\":{\"@type\":\"ImageObject\",\"inLanguage\":\"es\",\"@id\":\"https:\\\/\\\/secure.gravatar.com\\\/avatar\\\/90afa2d6499550218d247408758082af566e5ec3641e1b8eac0d7bb889344a55?s=96&d=mm&r=g\",\"url\":\"https:\\\/\\\/secure.gravatar.com\\\/avatar\\\/90afa2d6499550218d247408758082af566e5ec3641e1b8eac0d7bb889344a55?s=96&d=mm&r=g\",\"contentUrl\":\"https:\\\/\\\/secure.gravatar.com\\\/avatar\\\/90afa2d6499550218d247408758082af566e5ec3641e1b8eac0d7bb889344a55?s=96&d=mm&r=g\",\"caption\":\"Javier Torres\"},\"url\":\"https:\\\/\\\/www.inmsol.com\\\/es\\\/author\\\/javier\\\/\"}]}<\/script>\n<!-- \/ Yoast SEO plugin. -->","yoast_head_json":{"title":"Pintura y literatura, unidas en \u2018Compa\u00f1eros de viaje\u2019 | exposici\u00f3n, Roberto Orallo, horario, Granada | INMSOL","robots":{"index":"index","follow":"follow","max-snippet":"max-snippet:-1","max-image-preview":"max-image-preview:large","max-video-preview":"max-video-preview:-1"},"canonical":"https:\/\/www.inmsol.com\/es\/blog-escuela\/eventos-granada\/pintura-y-literatura-unidas-en-companeros-de-viaje\/","og_locale":"es_ES","og_type":"article","og_title":"Pintura y literatura, unidas en \u2018Compa\u00f1eros de viaje\u2019 | exposici\u00f3n, Roberto Orallo, horario, Granada | INMSOL","og_description":"Pintura y literatura, unidas en \u2018Compa\u00f1eros de viaje\u2019 El artista c\u00e1ntabro Roberto Orallo presenta la exposici\u00f3n \u2018Compa\u00f1eros de viaje\u2019 en la Biblioteca de Andaluc\u00eda. En la muestra, el creador re\u00fane una veintena de pinturas de formato medio, realizadas en diversas t\u00e9cnicas e inspiradas en la...","og_url":"https:\/\/www.inmsol.com\/es\/blog-escuela\/eventos-granada\/pintura-y-literatura-unidas-en-companeros-de-viaje\/","og_site_name":"iNMSOL","article_publisher":"https:\/\/www.facebook.com\/spanishcourses","article_published_time":"2012-01-18T12:04:34+00:00","article_modified_time":"2019-04-23T21:44:12+00:00","og_image":[{"url":"https:\/\/www.inmsol.com\/wp-content\/files\/Compa%C3%B1eros-de-viaje.jpg","type":"","width":"","height":""}],"author":"Javier Torres","twitter_misc":{"Escrito por":"Javier Torres","Tiempo de lectura":"1 minuto"},"schema":{"@context":"https:\/\/schema.org","@graph":[{"@type":"Article","@id":"https:\/\/www.inmsol.com\/es\/blog-escuela\/eventos-granada\/pintura-y-literatura-unidas-en-companeros-de-viaje\/#article","isPartOf":{"@id":"https:\/\/www.inmsol.com\/es\/blog-escuela\/eventos-granada\/pintura-y-literatura-unidas-en-companeros-de-viaje\/"},"author":{"name":"Javier Torres","@id":"https:\/\/www.inmsol.com\/es\/#\/schema\/person\/18f18acd0397ef441e373e79ec3eb6ea"},"headline":"Pintura y literatura, unidas en \u2018Compa\u00f1eros de viaje\u2019","datePublished":"2012-01-18T12:04:34+00:00","dateModified":"2019-04-23T21:44:12+00:00","mainEntityOfPage":{"@id":"https:\/\/www.inmsol.com\/es\/blog-escuela\/eventos-granada\/pintura-y-literatura-unidas-en-companeros-de-viaje\/"},"wordCount":130,"publisher":{"@id":"https:\/\/www.inmsol.com\/es\/#organization"},"image":{"@id":"https:\/\/www.inmsol.com\/es\/blog-escuela\/eventos-granada\/pintura-y-literatura-unidas-en-companeros-de-viaje\/#primaryimage"},"thumbnailUrl":"https:\/\/www.inmsol.com\/wp-content\/files\/Compa%C3%B1eros-de-viaje.jpg","articleSection":["Eventos en Granada"],"inLanguage":"es"},{"@type":"WebPage","@id":"https:\/\/www.inmsol.com\/es\/blog-escuela\/eventos-granada\/pintura-y-literatura-unidas-en-companeros-de-viaje\/","url":"https:\/\/www.inmsol.com\/es\/blog-escuela\/eventos-granada\/pintura-y-literatura-unidas-en-companeros-de-viaje\/","name":"Pintura y literatura, unidas en \u2018Compa\u00f1eros de viaje\u2019 | exposici\u00f3n, Roberto Orallo, horario, Granada | INMSOL","isPartOf":{"@id":"https:\/\/www.inmsol.com\/es\/#website"},"primaryImageOfPage":{"@id":"https:\/\/www.inmsol.com\/es\/blog-escuela\/eventos-granada\/pintura-y-literatura-unidas-en-companeros-de-viaje\/#primaryimage"},"image":{"@id":"https:\/\/www.inmsol.com\/es\/blog-escuela\/eventos-granada\/pintura-y-literatura-unidas-en-companeros-de-viaje\/#primaryimage"},"thumbnailUrl":"https:\/\/www.inmsol.com\/wp-content\/files\/Compa%C3%B1eros-de-viaje.jpg","datePublished":"2012-01-18T12:04:34+00:00","dateModified":"2019-04-23T21:44:12+00:00","breadcrumb":{"@id":"https:\/\/www.inmsol.com\/es\/blog-escuela\/eventos-granada\/pintura-y-literatura-unidas-en-companeros-de-viaje\/#breadcrumb"},"inLanguage":"es","potentialAction":[{"@type":"ReadAction","target":["https:\/\/www.inmsol.com\/es\/blog-escuela\/eventos-granada\/pintura-y-literatura-unidas-en-companeros-de-viaje\/"]}]},{"@type":"ImageObject","inLanguage":"es","@id":"https:\/\/www.inmsol.com\/es\/blog-escuela\/eventos-granada\/pintura-y-literatura-unidas-en-companeros-de-viaje\/#primaryimage","url":"https:\/\/www.inmsol.com\/wp-content\/files\/Compa%C3%B1eros-de-viaje.jpg","contentUrl":"https:\/\/www.inmsol.com\/wp-content\/files\/Compa%C3%B1eros-de-viaje.jpg"},{"@type":"BreadcrumbList","@id":"https:\/\/www.inmsol.com\/es\/blog-escuela\/eventos-granada\/pintura-y-literatura-unidas-en-companeros-de-viaje\/#breadcrumb","itemListElement":[{"@type":"ListItem","position":1,"name":"Accredited Center by Instituto Cervantes","item":"https:\/\/www.inmsol.com\/es\/pagina-ejemplo\/"},{"@type":"ListItem","position":2,"name":"Blog Escuela Espa\u00f1ol","item":"https:\/\/www.inmsol.com\/es\/category\/blog-escuela\/"},{"@type":"ListItem","position":3,"name":"Eventos en Granada","item":"https:\/\/www.inmsol.com\/es\/category\/blog-escuela\/eventos-granada\/"},{"@type":"ListItem","position":4,"name":"Pintura y literatura, unidas en \u2018Compa\u00f1eros de viaje\u2019"}]},{"@type":"WebSite","@id":"https:\/\/www.inmsol.com\/es\/#website","url":"https:\/\/www.inmsol.com\/es\/","name":"iNMSOL","description":"Aprenda Espa\u00f1ol con iNMSOL en Granada | Centro Acreditado por el Instituto Cervantes","publisher":{"@id":"https:\/\/www.inmsol.com\/es\/#organization"},"potentialAction":[{"@type":"SearchAction","target":{"@type":"EntryPoint","urlTemplate":"https:\/\/www.inmsol.com\/es\/?s={search_term_string}"},"query-input":{"@type":"PropertyValueSpecification","valueRequired":true,"valueName":"search_term_string"}}],"inLanguage":"es"},{"@type":"Organization","@id":"https:\/\/www.inmsol.com\/es\/#organization","name":"Instituto Mediterr\u00e1neo Sol","url":"https:\/\/www.inmsol.com\/es\/","logo":{"@type":"ImageObject","inLanguage":"es","@id":"https:\/\/www.inmsol.com\/es\/#\/schema\/logo\/image\/","url":"https:\/\/www.inmsol.com\/wp-content\/uploads\/2023\/06\/logo-inmsol-1.png","contentUrl":"https:\/\/www.inmsol.com\/wp-content\/uploads\/2023\/06\/logo-inmsol-1.png","width":136,"height":73,"caption":"Instituto Mediterr\u00e1neo Sol"},"image":{"@id":"https:\/\/www.inmsol.com\/es\/#\/schema\/logo\/image\/"},"sameAs":["https:\/\/www.facebook.com\/spanishcourses","https:\/\/x.com\/StudyInGranada","http:\/\/instagram.com\/imsolgranada","https:\/\/es.linkedin.com\/company\/imsol-granada","https:\/\/www.pinterest.es\/inmsol\/","https:\/\/www.youtube.com\/channel\/UChz-Qn_7coFMosY85iYMO4g"]},{"@type":"Person","@id":"https:\/\/www.inmsol.com\/es\/#\/schema\/person\/18f18acd0397ef441e373e79ec3eb6ea","name":"Javier Torres","image":{"@type":"ImageObject","inLanguage":"es","@id":"https:\/\/secure.gravatar.com\/avatar\/90afa2d6499550218d247408758082af566e5ec3641e1b8eac0d7bb889344a55?s=96&d=mm&r=g","url":"https:\/\/secure.gravatar.com\/avatar\/90afa2d6499550218d247408758082af566e5ec3641e1b8eac0d7bb889344a55?s=96&d=mm&r=g","contentUrl":"https:\/\/secure.gravatar.com\/avatar\/90afa2d6499550218d247408758082af566e5ec3641e1b8eac0d7bb889344a55?s=96&d=mm&r=g","caption":"Javier Torres"},"url":"https:\/\/www.inmsol.com\/es\/author\/javier\/"}]}},"_links":{"self":[{"href":"https:\/\/www.inmsol.com\/es\/wp-json\/wp\/v2\/posts\/973","targetHints":{"allow":["GET"]}}],"collection":[{"href":"https:\/\/www.inmsol.com\/es\/wp-json\/wp\/v2\/posts"}],"about":[{"href":"https:\/\/www.inmsol.com\/es\/wp-json\/wp\/v2\/types\/post"}],"author":[{"embeddable":true,"href":"https:\/\/www.inmsol.com\/es\/wp-json\/wp\/v2\/users\/2"}],"replies":[{"embeddable":true,"href":"https:\/\/www.inmsol.com\/es\/wp-json\/wp\/v2\/comments?post=973"}],"version-history":[{"count":0,"href":"https:\/\/www.inmsol.com\/es\/wp-json\/wp\/v2\/posts\/973\/revisions"}],"wp:attachment":[{"href":"https:\/\/www.inmsol.com\/es\/wp-json\/wp\/v2\/media?parent=973"}],"wp:term":[{"taxonomy":"category","embeddable":true,"href":"https:\/\/www.inmsol.com\/es\/wp-json\/wp\/v2\/categories?post=973"},{"taxonomy":"post_tag","embeddable":true,"href":"https:\/\/www.inmsol.com\/es\/wp-json\/wp\/v2\/tags?post=973"}],"curies":[{"name":"wp","href":"https:\/\/api.w.org\/{rel}","templated":true}]}}