{"id":975,"date":"2012-01-19T10:48:24","date_gmt":"2012-01-19T09:48:24","guid":{"rendered":"https:\/\/www.inmsol.com\/"},"modified":"2019-04-23T23:43:51","modified_gmt":"2019-04-23T21:43:51","slug":"cruz-de-mayo","status":"publish","type":"post","link":"https:\/\/www.inmsol.com\/es\/blog-escuela\/eventos-granada\/cruz-de-mayo\/","title":{"rendered":"Cruz de Mayo"},"content":{"rendered":"<p>La <strong>Fiesta de las Cruces<\/strong> o tambi\u00e9n llamada <strong>Cruz de Mayo<\/strong> se celebra el 3 de mayo en Espa\u00f1a e Hispanoam\u00e9rica.<\/p>\n<p><u><strong>Or\u00edgenes<\/strong><\/u><\/p>\n<p>Religiosamente parecen tener su origen en el hallazgo por Santa Elena de la cruz donde muri\u00f3 Cristo, pero lo cierto es que el arraigo popular de la fiesta proviene de ciertas celebraciones de los romanos.<\/p>\n<p>La historia, con mucho de leyenda, narra como en el emperador Constantino I el Grande, en el sexto a\u00f1o de su reinado, se enfrenta contra los b\u00e1rbaros a orillas del Danubio, en una batalla cuya victoria se cree imposible a causa de la magnitud del ej\u00e9rcito enemigo. Una noche Constantino tiene una visi\u00f3n en el cielo en la que se le apareci\u00f3 una brillante la Cruz de Cristo y encima de ella unas palabras, \u00abIn hoc signo vincis\u00bb (Con esta se\u00f1al vencer\u00e1s). El emperador hizo construir una Cruz y la puso al frente de su ej\u00e9rcito, que entonces venci\u00f3 sin dificultad a la multitud enemiga. De vuelta a la ciudad, averiguado el significado de la Cruz, Constantino se hizo bautizar en la religi\u00f3n cristiana y mand\u00f3 edificar iglesias. Enseguida envi\u00f3 a su madre, Santa Elena, a Jerusal\u00e9n en busca de la verdadera Cruz de Cristo. Una vez en la ciudad sagrada, Elena mand\u00f3 llamar a los m\u00e1s sabios sacerdotes y logr\u00f3 hallar el lugar donde se encontraba la Cruz, pero no estaba sola. En el monte Calvario, donde la tradici\u00f3n situaba la muerte de Cristo, encontr\u00f3 tres maderos ensangrentados ocultos y para descubrir cu\u00e1l era la verdadera cruz donde falleci\u00f3 Cristo, coloc\u00f3 una a una las cruces sobre personas enfermas, e incluso muertos, que se curaban o resucitaban al tocar la cruz que hab\u00eda sido la de Cristo. A partir de ah\u00ed nace la veneraci\u00f3n a la Santa Cruz, ya que Santa Elena muri\u00f3 rogando a todos los que creen en Cristo que celebraran la conmemoraci\u00f3n del d\u00eda en que fue encontrada la Cruz.<\/p>\n<p>Actualmente, la liturgia cristiana ha eliminado esta fiesta de su calendario, quedando unificada con la fiesta de la Exaltaci\u00f3n de la Santa Cruz, celebrada el 14 de septiembre, fiesta de origen similar.<\/p>\n<p><b><u>Se celebra en numerosas localidades de Espa\u00f1a:<\/u><\/b><\/p>\n<ul>\n<li>Aguilar de la Frontera (Provincia de\u00a0<strong>C\u00f3rdoba<\/strong>). Se celebra la procesion de Nuestra Se\u00f1ora de los Remedios por su barrio, desde su iglesia de la Veracruz).<\/li>\n<li>Aguilar del R\u00edo Alhama (<strong>La Rioja<\/strong>).<\/li>\n<li>\u00c1guilas (Regi\u00f3n de\u00a0<strong>Murcia<\/strong>). Se celebra en la pedan\u00eda de Calabardina.<\/li>\n<li>Alboraya (Provincia de <strong>Valencia<\/strong>). Organiza la Junta Local de Hermandades de Semana Santa de Alboraya.<\/li>\n<li>Alcal\u00e1 la Real (Provincia de <strong>Ja\u00e9n<\/strong>).<\/li>\n<li>Alfaz del Pi (<strong>Alicante<\/strong>).<\/li>\n<li>Alhama de Murcia (<strong>Murcia<\/strong>).<\/li>\n<li>Alhaur\u00edn el Grande (<strong>M\u00e1laga<\/strong>).<\/li>\n<li>Aljucer,\u00a0pedan\u00eda de Murcia\u00a0(<strong>Murcia<\/strong>).<\/li>\n<li><strong>Alicante<\/strong>, en el barrio de Santa Cruz.<\/li>\n<li><strong>Almer\u00eda<\/strong>, muy abundantes en el casco hist\u00f3rico de la ciudad.<\/li>\n<li>Almonaster la Real (provincia de <strong>Huelva<\/strong>).<\/li>\n<li>Almu\u00f1\u00e9car (provincia de\u00a0<strong>Granada<\/strong>).<\/li>\n<li>Armilla. En la provincia de <strong>Granada<\/strong>, el ayuntamiento de la ciudad organiza cada 3 de mayo un concurso de cruces.<\/li>\n<li>Andosilla (<strong>provincia deNavarra<\/strong>).<\/li>\n<li>Aranda de Duero (<strong>Burgos<\/strong>). Se baja una cruz desde la iglesia-museo de San Juan hasta la Plaza Mayor, mientras cientos de personas bailan alrededor.<\/li>\n<li>Baza (<strong>Granada<\/strong>).<\/li>\n<li>Berrocal (<strong>Huelva<\/strong>).<\/li>\n<li>Bonares (<strong>Huelva<\/strong>).<\/li>\n<li>Bre\u00f1a Alta (Provincia de Santa Cruz de <strong>Tenerife<\/strong>).<\/li>\n<li>Bre\u00f1a Baja (Santa Cruz de <strong>Tenerife<\/strong>).<\/li>\n<li>Burriana (<strong>Castell\u00f3n<\/strong>).<\/li>\n<li>Cabeza la Vaca (Provincia de <strong>Badajoz<\/strong>). En diferentes puntos de la localidad se adornan cruces con diversos motivos, la noche del 2 de mayo se recorren las diferentes cruces acompa\u00f1ados con una banda musical y el 3 de mayo se celebra una procesi\u00f3n que recorre las calles de la localidad, en la cual, adem\u00e1s de la Santa Cruz, los ni\u00f1os llevan cruces adornadas con flores.<\/li>\n<li><strong>C\u00e1diz<\/strong>. Se sacan cruces con flores, en procesi\u00f3n por toda la ciudad.Tambi\u00e9n se celebran verbenas en su honor y se decoran algunos patios con motivos florales.<\/li>\n<li>Cadrete (<strong>Zaragoza<\/strong>).<\/li>\n<li>Caminreal (<strong>Teruel<\/strong>).<\/li>\n<li>Cieza (<strong>Murcia<\/strong>).<\/li>\n<li>Provincia de\u00a0<strong>Ciudad Real<\/strong>. En toda la provincia de Ciudad Real,especialmente en las zonas del Campo de Calatrava, Piedrabuena, es un buen ejemplo de esta fiesta. Campo de Montiel y uno de los municipios Villanueva de los Infantes declaradas de inter\u00e9s tur\u00edstico Regional.<\/li>\n<li>Co\u00edn (<strong>M\u00e1laga<\/strong>)<\/li>\n<li><strong>C\u00f3rdoba<\/strong>. Gran fiesta que se entremezcla, adem\u00e1s de con los patios, con la Real Feria de Mayo. 25 CRUCES Y 50 PATIOS.<\/li>\n<li>Dosbarrios (Provincia de\u00a0<strong>Toledo<\/strong>).<\/li>\n<li>\u00c9cija (<strong>Sevilla<\/strong>). Organizada por la Hermandad del Resucitado, con los tradicionales pasos llevados por ni\u00f1os. Se celebra el primer domingo de mayo posterior al d\u00eda 3 de mayo que es el d\u00eda de la Cruz. M\u00e1s informaci\u00f3n en P\u00e1gina oficial de la Cruz de mayo de \u00c9cija.<\/li>\n<li>El Madro\u00f1o (<strong>Sevilla<\/strong>).<\/li>\n<li>El Puerto de Santa Mar\u00eda. La celebraci\u00f3n es inmediatamente despu\u00e9s de la feria.<\/li>\n<li>El Viso del Alcor (<strong>Sevilla<\/strong>).<\/li>\n<li>Feria (<strong>Badajoz<\/strong>). Fiestas declaradas de Inter\u00e9s Tur\u00edstico Nacional. Impresionante demostraci\u00f3n de devoci\u00f3n a la Santa Cruz, manifestada en la elaboraci\u00f3n manual de las flores que visten las cruces, y las habitaciones en las que se velan en sus altares. En 2008 se contaron m\u00e1s de 70 cruces.<\/li>\n<li><strong>Granada<\/strong>. Una de las fiestas m\u00e1s bonitas de la provincia. La tradici\u00f3n nos testimonia que en el a\u00f1o 1625 se alz\u00f3 una Cruz de alabastro en el Barrio de San L\u00e1zaro y que fue celebrada con danzas. A principios del siglo XX en los barrios del Albaic\u00edn y del Realejo los ni\u00f1os constru\u00edan peque\u00f1os altares con una Cruz, siendo decorados con mantones de manila, cacharros de cer\u00e1mica, peroles de cobre y un pero con una tijera clavada. Por sus alrededores, los ni\u00f1os ped\u00edan el \u00abchavico\u00bb, palabra que procede del diminutivo local de ochavo. Se celebran varios concursos en los cuales hay tres premios por secci\u00f3n algunas de ellas son la secci\u00f3n de patios, calles y plazas, escaparates y colegios. Las cruces se adornan con claveles rojos o blancos adornados con distintos atuendos, entre otros el pero con las tijeras.<\/li>\n<li>Granja de Rocamora (<strong>Alicante<\/strong>)<\/li>\n<li>Guadalc\u00e1zar (<strong>C\u00f3rdoba<\/strong>), en la Plaza de Espa\u00f1a.<\/li>\n<li>Hell\u00edn (Provincia de <strong>Albacete<\/strong>)<\/li>\n<li>Hospitalet de Llobregat (<strong>Barcelona<\/strong>) Llevada a cabo por la misma cofrad\u00eda de las procesiones de semana santa (15+1) y cargada a hombros de mujeres \u00fanicamente tiene lugar la procesion de la cruz de mayo junto con Nuestra Se\u00f1ora de los Remedios, que tambi\u00e9n sale el domingo de resurrecci\u00f3n.<\/li>\n<li><strong>Huelva<\/strong>. En esta localided se tiene la cvostumbre de celebrar fiestas dentro de casetas ubicadas en los distintos barrios de las distintas cruces durante todo el mes de mayo. Son t\u00edpicos de estas verbenas las habas enzapat\u00e1 y los altramuces (chochitos). Al final del mes, en el \u00faltimo fin de semana, salen todas estas cruces de procesi\u00f3n, cada una desde su barrio, pasando por el ayuntamiento y delante de la Cruz madrina que se para en la plaza de Las Monjas. Destcan las cruces de Soleares, Seguirillas, del Este y la c\u00e9ntrica Cruz de San Pedro.<\/li>\n<li><strong>Ja\u00e9n<\/strong>.<\/li>\n<li>J\u00e1vea (<strong>Alicante<\/strong>).<\/li>\n<li>La Palma del Condado (<strong>Huelva<\/strong>).<\/li>\n<li>Lebrija (<strong>Sevilla<\/strong>).<\/li>\n<li>Linares (<strong>Ja\u00e9n<\/strong>).<\/li>\n<li>Lucena del Puerto (<strong>Huelva<\/strong>).<\/li>\n<li><strong>M\u00e1laga<\/strong>.<\/li>\n<li>Martos (<strong>Ja\u00e9n<\/strong>).<\/li>\n<li>Meng\u00edbar (<strong>Ja\u00e9n<\/strong>).<\/li>\n<li>Molinillo (<strong>Salamanca<\/strong>)<\/li>\n<li>Montalb\u00e1n de C\u00f3rdoba (<strong>C\u00f3rdoba<\/strong>)<\/li>\n<li>Montilla (<strong>C\u00f3rdoba<\/strong>), en el Barrio de La Cruz.<\/li>\n<li>Motril (<strong>Granada<\/strong>). Considerada la segunda ciudad de las cruces, por su fervor y entusiasmo. Es la m\u00e1s pr\u00f3xima ciudad que se acerca a C\u00f3rdoba en la carrera por conseguir el puesto de Ciudad de las Cruces. Sus fiestas de Mayo son de Inter\u00e9s Tur\u00edstico Nacional y son consideradas como la \u00abFeria Chica\u00bb de la ciudad.<\/li>\n<li>Muchamiel (<strong>Alicante<\/strong>).<\/li>\n<li><strong>Murcia<\/strong>: Se preparan cruces de flores por las calles y las \u00abpe\u00f1as g\u00fcertanas\u00bb van de cruz en cruz cantando \u00abmayos\u00bb.<\/li>\n<li>Piedrabuena (<strong>Ciudad Real<\/strong>). Se celebra durante los primeros d\u00edas de mayo pero las cruces se pueden visitar todo el mes. Son quiz\u00e1s, junto con las de Villanueva de los Infantes, tambi\u00e9n en la provincia de Ciudad Real, las m\u00e1s visitadas. Se \u00abconstruyen\u00bb las cruces de dos tipos en el interior de habitaciones: las \u00abcruces de brezo\u00bb o \u00abcruces de monte\u00bb y las \u00abcruces de tela\u00bb. Se trata de creaciones ef\u00edmeras de gran belleza en las que se mezclan los colores, las formas, los juegos de luces, los olores a diferentes plantas arom\u00e1ticas como la lavanda (Lavandula stoechas) y el tomillo, los sonidos de las cascadas del agua o la m\u00fasica de los tradicionales mayos y el sabor de las t\u00edpicas \u00abfrutas de sart\u00e9n\u00bb. Las cruces de monte o de brezo (Erica sp)resultan espectaculares y parece ser que ser\u00edan las originarias y que, debido a la dificultad y laboriosidad para llevarlas a cabo, se empez\u00f3 a hacerlas con telas. Tradicionalmente se hac\u00edan (se vest\u00edan)las cruces por promesas. En la actualidad un n\u00famero importante corresponde a\u00a0asociaciones, pe\u00f1as, grupos y al Ayuntamiento. Sobre el tema ha investigado el Dr Javier Garc\u00eda Bres\u00f3.2 Adem\u00e1s existe un trabajo monogr\u00e1fico de Jos\u00e9 Freire Mart\u00edn.<\/li>\n<li>Pinos del Valle (<strong>Granada<\/strong>). Se celebran los d\u00edas 1,2 y 3 de Mayo y est\u00e1n dedicadas al Santo Cristo del Zapato.<\/li>\n<li>Puente Genil (<strong>C\u00f3rdoba<\/strong>).<\/li>\n<li>Paterna (<strong>Valencia<\/strong>), el 1 de mayo.<\/li>\n<li>El Puerto de Santa Mar\u00eda (<strong>C\u00e1diz<\/strong>)<\/li>\n<li>Torrelaguna (<strong>Madrid<\/strong>)<\/li>\n<li>Rociana del Condado (<strong>Huelva<\/strong>), Santa Cruz de la Calle La Fuente (la Madre de Todas, 1815), Las Huertas, Orozco, Nueva, Cabreros, Sevilla, Candao, Almonte y Arriba. Se celebran el primer domingo de mayo.<\/li>\n<li>Sagunto (<strong>Valencia<\/strong>), el 1 de mayo.<\/li>\n<li>Sama de Grado (Principado de <strong>Asturias<\/strong>). Su origen no se conoce pero puede llegar a tener m\u00e1s de 500 a\u00f1os de antig\u00fcedad, una de sus peculiaridades es que no se saca la Cruz sino a la Virgen de los Dolores vestida de azul celeste para celebrar la victoria de Jes\u00fas frente a la muerte, se saca la virgen por tres motivos ( La virgen Mar\u00eda es la madre de Dios, la Dolorosa acompa\u00f1\u00f3 a Jes\u00fas en el Calvario, y estamos en Mayo mes de Mar\u00eda).<\/li>\n<li>Santa Cruz de la Palma (Santa Cruz de <strong>Tenerife<\/strong>). Aqu\u00ed tambi\u00e9n se conmemora la fundaci\u00f3n de la ciudad el 3 de mayo de 1493.<\/li>\n<li>Santa Cruz de <strong>Tenerife<\/strong>. Aqu\u00ed tambi\u00e9n se conmemora la fundaci\u00f3n de la ciudad, el 3 de mayo de 1494.<\/li>\n<li>Los Realejos (Santa Cruz de <strong>Tenerife<\/strong>), Uno de los mayores espect\u00e1culos pirot\u00e9cnicos de Europa. En el Barrio de la Cruz Santa.<\/li>\n<li><strong>Sevilla<\/strong>.<\/li>\n<li>\u00dabeda (<strong>Ja\u00e9n<\/strong>).<\/li>\n<li><strong>Valencia<\/strong>.<\/li>\n<li>Valencia de Alc\u00e1ntara (<strong>C\u00e1ceres<\/strong>).<\/li>\n<li>Villa de Mazo (Santa Cruz de <strong>Tenerife<\/strong>).<\/li>\n<li>Villabr\u00e1gima (Provincia de\u00a0<strong>Valladolid<\/strong>).<\/li>\n<li>Villalgordo del Marquesado (<strong>Cuenca<\/strong>).<\/li>\n<\/ul>\n<p><a href=\"http:\/\/es.wikipedia.org\/wiki\/Cruz_de_Mayo\" target=\"_blank\" rel=\"noopener noreferrer\">Fuente<\/a><\/p>\n","protected":false},"excerpt":{"rendered":"<p>La Fiesta de las Cruces o tambi\u00e9n llamada Cruz de Mayo se celebra el 3 de mayo en Espa\u00f1a e Hispanoam\u00e9rica. Or\u00edgenes Religiosamente parecen tener su origen en el hallazgo por Santa Elena de la cruz donde muri\u00f3 Cristo, pero lo cierto es que el&#8230;<\/p>\n","protected":false},"author":2,"featured_media":0,"comment_status":"closed","ping_status":"closed","sticky":false,"template":"","format":"standard","meta":{"_acf_changed":false,"footnotes":""},"categories":[80],"tags":[],"class_list":["post-975","post","type-post","status-publish","format-standard","hentry","category-eventos-granada"],"acf":[],"yoast_head":"<!-- This site is optimized with the Yoast SEO plugin v27.5 - https:\/\/yoast.com\/product\/yoast-seo-wordpress\/ -->\n<title>Cruz de Mayo | fiesta, celebraci\u00f3n, Espa\u00f1a | INMSOL<\/title>\n<meta name=\"description\" content=\"La Fiesta de las Cruces o tambi\u00e9n llamada Cruz de Mayo se celebra el 3 de mayo en Espa\u00f1a e Hispanoam\u00e9rica.\" \/>\n<meta name=\"robots\" content=\"index, follow, max-snippet:-1, max-image-preview:large, max-video-preview:-1\" \/>\n<link rel=\"canonical\" href=\"https:\/\/www.inmsol.com\/es\/blog-escuela\/eventos-granada\/cruz-de-mayo\/\" \/>\n<meta property=\"og:locale\" content=\"es_ES\" \/>\n<meta property=\"og:type\" content=\"article\" \/>\n<meta property=\"og:title\" content=\"Cruz de Mayo | fiesta, celebraci\u00f3n, Espa\u00f1a | INMSOL\" \/>\n<meta property=\"og:description\" content=\"La Fiesta de las Cruces o tambi\u00e9n llamada Cruz de Mayo se celebra el 3 de mayo en Espa\u00f1a e Hispanoam\u00e9rica.\" \/>\n<meta property=\"og:url\" content=\"https:\/\/www.inmsol.com\/es\/blog-escuela\/eventos-granada\/cruz-de-mayo\/\" \/>\n<meta property=\"og:site_name\" content=\"iNMSOL\" \/>\n<meta property=\"article:publisher\" content=\"https:\/\/www.facebook.com\/spanishcourses\" \/>\n<meta property=\"article:published_time\" content=\"2012-01-19T09:48:24+00:00\" \/>\n<meta property=\"article:modified_time\" content=\"2019-04-23T21:43:51+00:00\" \/>\n<meta property=\"og:image\" content=\"https:\/\/www.inmsol.com\/wp-content\/uploads\/2019\/08\/logo-inmsol.png\" \/>\n\t<meta property=\"og:image:width\" content=\"320\" \/>\n\t<meta property=\"og:image:height\" content=\"154\" \/>\n\t<meta property=\"og:image:type\" content=\"image\/png\" \/>\n<meta name=\"author\" content=\"Javier Torres\" \/>\n<meta name=\"twitter:label1\" content=\"Escrito por\" \/>\n\t<meta name=\"twitter:data1\" content=\"Javier Torres\" \/>\n\t<meta name=\"twitter:label2\" content=\"Tiempo de lectura\" \/>\n\t<meta name=\"twitter:data2\" content=\"9 minutos\" \/>\n<script type=\"application\/ld+json\" class=\"yoast-schema-graph\">{\"@context\":\"https:\\\/\\\/schema.org\",\"@graph\":[{\"@type\":\"Article\",\"@id\":\"https:\\\/\\\/www.inmsol.com\\\/es\\\/blog-escuela\\\/eventos-granada\\\/cruz-de-mayo\\\/#article\",\"isPartOf\":{\"@id\":\"https:\\\/\\\/www.inmsol.com\\\/es\\\/blog-escuela\\\/eventos-granada\\\/cruz-de-mayo\\\/\"},\"author\":{\"name\":\"Javier Torres\",\"@id\":\"https:\\\/\\\/www.inmsol.com\\\/es\\\/#\\\/schema\\\/person\\\/18f18acd0397ef441e373e79ec3eb6ea\"},\"headline\":\"Cruz de Mayo\",\"datePublished\":\"2012-01-19T09:48:24+00:00\",\"dateModified\":\"2019-04-23T21:43:51+00:00\",\"mainEntityOfPage\":{\"@id\":\"https:\\\/\\\/www.inmsol.com\\\/es\\\/blog-escuela\\\/eventos-granada\\\/cruz-de-mayo\\\/\"},\"wordCount\":1811,\"publisher\":{\"@id\":\"https:\\\/\\\/www.inmsol.com\\\/es\\\/#organization\"},\"articleSection\":[\"Eventos en Granada\"],\"inLanguage\":\"es\"},{\"@type\":\"WebPage\",\"@id\":\"https:\\\/\\\/www.inmsol.com\\\/es\\\/blog-escuela\\\/eventos-granada\\\/cruz-de-mayo\\\/\",\"url\":\"https:\\\/\\\/www.inmsol.com\\\/es\\\/blog-escuela\\\/eventos-granada\\\/cruz-de-mayo\\\/\",\"name\":\"Cruz de Mayo | fiesta, celebraci\u00f3n, Espa\u00f1a | INMSOL\",\"isPartOf\":{\"@id\":\"https:\\\/\\\/www.inmsol.com\\\/es\\\/#website\"},\"datePublished\":\"2012-01-19T09:48:24+00:00\",\"dateModified\":\"2019-04-23T21:43:51+00:00\",\"description\":\"La Fiesta de las Cruces o tambi\u00e9n llamada Cruz de Mayo se celebra el 3 de mayo en Espa\u00f1a e Hispanoam\u00e9rica.\",\"breadcrumb\":{\"@id\":\"https:\\\/\\\/www.inmsol.com\\\/es\\\/blog-escuela\\\/eventos-granada\\\/cruz-de-mayo\\\/#breadcrumb\"},\"inLanguage\":\"es\",\"potentialAction\":[{\"@type\":\"ReadAction\",\"target\":[\"https:\\\/\\\/www.inmsol.com\\\/es\\\/blog-escuela\\\/eventos-granada\\\/cruz-de-mayo\\\/\"]}]},{\"@type\":\"BreadcrumbList\",\"@id\":\"https:\\\/\\\/www.inmsol.com\\\/es\\\/blog-escuela\\\/eventos-granada\\\/cruz-de-mayo\\\/#breadcrumb\",\"itemListElement\":[{\"@type\":\"ListItem\",\"position\":1,\"name\":\"Accredited Center by Instituto Cervantes\",\"item\":\"https:\\\/\\\/www.inmsol.com\\\/es\\\/pagina-ejemplo\\\/\"},{\"@type\":\"ListItem\",\"position\":2,\"name\":\"Blog Escuela Espa\u00f1ol\",\"item\":\"https:\\\/\\\/www.inmsol.com\\\/es\\\/category\\\/blog-escuela\\\/\"},{\"@type\":\"ListItem\",\"position\":3,\"name\":\"Eventos en Granada\",\"item\":\"https:\\\/\\\/www.inmsol.com\\\/es\\\/category\\\/blog-escuela\\\/eventos-granada\\\/\"},{\"@type\":\"ListItem\",\"position\":4,\"name\":\"Cruz de Mayo\"}]},{\"@type\":\"WebSite\",\"@id\":\"https:\\\/\\\/www.inmsol.com\\\/es\\\/#website\",\"url\":\"https:\\\/\\\/www.inmsol.com\\\/es\\\/\",\"name\":\"iNMSOL\",\"description\":\"Aprenda Espa\u00f1ol con iNMSOL en Granada | Centro Acreditado por el Instituto Cervantes\",\"publisher\":{\"@id\":\"https:\\\/\\\/www.inmsol.com\\\/es\\\/#organization\"},\"potentialAction\":[{\"@type\":\"SearchAction\",\"target\":{\"@type\":\"EntryPoint\",\"urlTemplate\":\"https:\\\/\\\/www.inmsol.com\\\/es\\\/?s={search_term_string}\"},\"query-input\":{\"@type\":\"PropertyValueSpecification\",\"valueRequired\":true,\"valueName\":\"search_term_string\"}}],\"inLanguage\":\"es\"},{\"@type\":\"Organization\",\"@id\":\"https:\\\/\\\/www.inmsol.com\\\/es\\\/#organization\",\"name\":\"Instituto Mediterr\u00e1neo Sol\",\"url\":\"https:\\\/\\\/www.inmsol.com\\\/es\\\/\",\"logo\":{\"@type\":\"ImageObject\",\"inLanguage\":\"es\",\"@id\":\"https:\\\/\\\/www.inmsol.com\\\/es\\\/#\\\/schema\\\/logo\\\/image\\\/\",\"url\":\"https:\\\/\\\/www.inmsol.com\\\/wp-content\\\/uploads\\\/2023\\\/06\\\/logo-inmsol-1.png\",\"contentUrl\":\"https:\\\/\\\/www.inmsol.com\\\/wp-content\\\/uploads\\\/2023\\\/06\\\/logo-inmsol-1.png\",\"width\":136,\"height\":73,\"caption\":\"Instituto Mediterr\u00e1neo Sol\"},\"image\":{\"@id\":\"https:\\\/\\\/www.inmsol.com\\\/es\\\/#\\\/schema\\\/logo\\\/image\\\/\"},\"sameAs\":[\"https:\\\/\\\/www.facebook.com\\\/spanishcourses\",\"https:\\\/\\\/x.com\\\/StudyInGranada\",\"http:\\\/\\\/instagram.com\\\/imsolgranada\",\"https:\\\/\\\/es.linkedin.com\\\/company\\\/imsol-granada\",\"https:\\\/\\\/www.pinterest.es\\\/inmsol\\\/\",\"https:\\\/\\\/www.youtube.com\\\/channel\\\/UChz-Qn_7coFMosY85iYMO4g\"]},{\"@type\":\"Person\",\"@id\":\"https:\\\/\\\/www.inmsol.com\\\/es\\\/#\\\/schema\\\/person\\\/18f18acd0397ef441e373e79ec3eb6ea\",\"name\":\"Javier Torres\",\"image\":{\"@type\":\"ImageObject\",\"inLanguage\":\"es\",\"@id\":\"https:\\\/\\\/secure.gravatar.com\\\/avatar\\\/90afa2d6499550218d247408758082af566e5ec3641e1b8eac0d7bb889344a55?s=96&d=mm&r=g\",\"url\":\"https:\\\/\\\/secure.gravatar.com\\\/avatar\\\/90afa2d6499550218d247408758082af566e5ec3641e1b8eac0d7bb889344a55?s=96&d=mm&r=g\",\"contentUrl\":\"https:\\\/\\\/secure.gravatar.com\\\/avatar\\\/90afa2d6499550218d247408758082af566e5ec3641e1b8eac0d7bb889344a55?s=96&d=mm&r=g\",\"caption\":\"Javier Torres\"},\"url\":\"https:\\\/\\\/www.inmsol.com\\\/es\\\/author\\\/javier\\\/\"}]}<\/script>\n<!-- \/ Yoast SEO plugin. -->","yoast_head_json":{"title":"Cruz de Mayo | fiesta, celebraci\u00f3n, Espa\u00f1a | INMSOL","description":"La Fiesta de las Cruces o tambi\u00e9n llamada Cruz de Mayo se celebra el 3 de mayo en Espa\u00f1a e Hispanoam\u00e9rica.","robots":{"index":"index","follow":"follow","max-snippet":"max-snippet:-1","max-image-preview":"max-image-preview:large","max-video-preview":"max-video-preview:-1"},"canonical":"https:\/\/www.inmsol.com\/es\/blog-escuela\/eventos-granada\/cruz-de-mayo\/","og_locale":"es_ES","og_type":"article","og_title":"Cruz de Mayo | fiesta, celebraci\u00f3n, Espa\u00f1a | INMSOL","og_description":"La Fiesta de las Cruces o tambi\u00e9n llamada Cruz de Mayo se celebra el 3 de mayo en Espa\u00f1a e Hispanoam\u00e9rica.","og_url":"https:\/\/www.inmsol.com\/es\/blog-escuela\/eventos-granada\/cruz-de-mayo\/","og_site_name":"iNMSOL","article_publisher":"https:\/\/www.facebook.com\/spanishcourses","article_published_time":"2012-01-19T09:48:24+00:00","article_modified_time":"2019-04-23T21:43:51+00:00","og_image":[{"width":320,"height":154,"url":"https:\/\/www.inmsol.com\/wp-content\/uploads\/2019\/08\/logo-inmsol.png","type":"image\/png"}],"author":"Javier Torres","twitter_misc":{"Escrito por":"Javier Torres","Tiempo de lectura":"9 minutos"},"schema":{"@context":"https:\/\/schema.org","@graph":[{"@type":"Article","@id":"https:\/\/www.inmsol.com\/es\/blog-escuela\/eventos-granada\/cruz-de-mayo\/#article","isPartOf":{"@id":"https:\/\/www.inmsol.com\/es\/blog-escuela\/eventos-granada\/cruz-de-mayo\/"},"author":{"name":"Javier Torres","@id":"https:\/\/www.inmsol.com\/es\/#\/schema\/person\/18f18acd0397ef441e373e79ec3eb6ea"},"headline":"Cruz de Mayo","datePublished":"2012-01-19T09:48:24+00:00","dateModified":"2019-04-23T21:43:51+00:00","mainEntityOfPage":{"@id":"https:\/\/www.inmsol.com\/es\/blog-escuela\/eventos-granada\/cruz-de-mayo\/"},"wordCount":1811,"publisher":{"@id":"https:\/\/www.inmsol.com\/es\/#organization"},"articleSection":["Eventos en Granada"],"inLanguage":"es"},{"@type":"WebPage","@id":"https:\/\/www.inmsol.com\/es\/blog-escuela\/eventos-granada\/cruz-de-mayo\/","url":"https:\/\/www.inmsol.com\/es\/blog-escuela\/eventos-granada\/cruz-de-mayo\/","name":"Cruz de Mayo | fiesta, celebraci\u00f3n, Espa\u00f1a | INMSOL","isPartOf":{"@id":"https:\/\/www.inmsol.com\/es\/#website"},"datePublished":"2012-01-19T09:48:24+00:00","dateModified":"2019-04-23T21:43:51+00:00","description":"La Fiesta de las Cruces o tambi\u00e9n llamada Cruz de Mayo se celebra el 3 de mayo en Espa\u00f1a e Hispanoam\u00e9rica.","breadcrumb":{"@id":"https:\/\/www.inmsol.com\/es\/blog-escuela\/eventos-granada\/cruz-de-mayo\/#breadcrumb"},"inLanguage":"es","potentialAction":[{"@type":"ReadAction","target":["https:\/\/www.inmsol.com\/es\/blog-escuela\/eventos-granada\/cruz-de-mayo\/"]}]},{"@type":"BreadcrumbList","@id":"https:\/\/www.inmsol.com\/es\/blog-escuela\/eventos-granada\/cruz-de-mayo\/#breadcrumb","itemListElement":[{"@type":"ListItem","position":1,"name":"Accredited Center by Instituto Cervantes","item":"https:\/\/www.inmsol.com\/es\/pagina-ejemplo\/"},{"@type":"ListItem","position":2,"name":"Blog Escuela Espa\u00f1ol","item":"https:\/\/www.inmsol.com\/es\/category\/blog-escuela\/"},{"@type":"ListItem","position":3,"name":"Eventos en Granada","item":"https:\/\/www.inmsol.com\/es\/category\/blog-escuela\/eventos-granada\/"},{"@type":"ListItem","position":4,"name":"Cruz de Mayo"}]},{"@type":"WebSite","@id":"https:\/\/www.inmsol.com\/es\/#website","url":"https:\/\/www.inmsol.com\/es\/","name":"iNMSOL","description":"Aprenda Espa\u00f1ol con iNMSOL en Granada | Centro Acreditado por el Instituto Cervantes","publisher":{"@id":"https:\/\/www.inmsol.com\/es\/#organization"},"potentialAction":[{"@type":"SearchAction","target":{"@type":"EntryPoint","urlTemplate":"https:\/\/www.inmsol.com\/es\/?s={search_term_string}"},"query-input":{"@type":"PropertyValueSpecification","valueRequired":true,"valueName":"search_term_string"}}],"inLanguage":"es"},{"@type":"Organization","@id":"https:\/\/www.inmsol.com\/es\/#organization","name":"Instituto Mediterr\u00e1neo Sol","url":"https:\/\/www.inmsol.com\/es\/","logo":{"@type":"ImageObject","inLanguage":"es","@id":"https:\/\/www.inmsol.com\/es\/#\/schema\/logo\/image\/","url":"https:\/\/www.inmsol.com\/wp-content\/uploads\/2023\/06\/logo-inmsol-1.png","contentUrl":"https:\/\/www.inmsol.com\/wp-content\/uploads\/2023\/06\/logo-inmsol-1.png","width":136,"height":73,"caption":"Instituto Mediterr\u00e1neo Sol"},"image":{"@id":"https:\/\/www.inmsol.com\/es\/#\/schema\/logo\/image\/"},"sameAs":["https:\/\/www.facebook.com\/spanishcourses","https:\/\/x.com\/StudyInGranada","http:\/\/instagram.com\/imsolgranada","https:\/\/es.linkedin.com\/company\/imsol-granada","https:\/\/www.pinterest.es\/inmsol\/","https:\/\/www.youtube.com\/channel\/UChz-Qn_7coFMosY85iYMO4g"]},{"@type":"Person","@id":"https:\/\/www.inmsol.com\/es\/#\/schema\/person\/18f18acd0397ef441e373e79ec3eb6ea","name":"Javier Torres","image":{"@type":"ImageObject","inLanguage":"es","@id":"https:\/\/secure.gravatar.com\/avatar\/90afa2d6499550218d247408758082af566e5ec3641e1b8eac0d7bb889344a55?s=96&d=mm&r=g","url":"https:\/\/secure.gravatar.com\/avatar\/90afa2d6499550218d247408758082af566e5ec3641e1b8eac0d7bb889344a55?s=96&d=mm&r=g","contentUrl":"https:\/\/secure.gravatar.com\/avatar\/90afa2d6499550218d247408758082af566e5ec3641e1b8eac0d7bb889344a55?s=96&d=mm&r=g","caption":"Javier Torres"},"url":"https:\/\/www.inmsol.com\/es\/author\/javier\/"}]}},"_links":{"self":[{"href":"https:\/\/www.inmsol.com\/es\/wp-json\/wp\/v2\/posts\/975","targetHints":{"allow":["GET"]}}],"collection":[{"href":"https:\/\/www.inmsol.com\/es\/wp-json\/wp\/v2\/posts"}],"about":[{"href":"https:\/\/www.inmsol.com\/es\/wp-json\/wp\/v2\/types\/post"}],"author":[{"embeddable":true,"href":"https:\/\/www.inmsol.com\/es\/wp-json\/wp\/v2\/users\/2"}],"replies":[{"embeddable":true,"href":"https:\/\/www.inmsol.com\/es\/wp-json\/wp\/v2\/comments?post=975"}],"version-history":[{"count":0,"href":"https:\/\/www.inmsol.com\/es\/wp-json\/wp\/v2\/posts\/975\/revisions"}],"wp:attachment":[{"href":"https:\/\/www.inmsol.com\/es\/wp-json\/wp\/v2\/media?parent=975"}],"wp:term":[{"taxonomy":"category","embeddable":true,"href":"https:\/\/www.inmsol.com\/es\/wp-json\/wp\/v2\/categories?post=975"},{"taxonomy":"post_tag","embeddable":true,"href":"https:\/\/www.inmsol.com\/es\/wp-json\/wp\/v2\/tags?post=975"}],"curies":[{"name":"wp","href":"https:\/\/api.w.org\/{rel}","templated":true}]}}