{"id":1185,"date":"2010-08-19T14:02:57","date_gmt":"2010-08-19T14:02:57","guid":{"rendered":"https:\/\/www.inmsol.com\/"},"modified":"2013-05-21T13:03:58","modified_gmt":"2013-05-21T13:03:58","slug":"la-decouverte-de-lamerique","status":"publish","type":"post","link":"https:\/\/www.inmsol.com\/fr\/blog-fr-fr\/la-decouverte-de-lamerique\/","title":{"rendered":"La decouverte de l&rsquo;Am\u00e9rique"},"content":{"rendered":"<p class=\"rtecenter\">\n<p class=\"rtecenter\">\u00a0<\/p>\n<p class=\"rteleft\"><strong>La decouverte de l&rsquo;Am\u00e9rique<\/strong><br \/>\n\tUne des dates les plus importantes du r\u00e8gne des monarques catholiques f\u00fbt le 12 octobre 1492 : la d\u00e9couverte de l&rsquo;Am\u00e9rique par Christophe Colomb.<\/p>\n<p><!--break--><\/p>\n<p>Le fait que Christoph Colomb (qui n&rsquo;\u00e9tait pas d&rsquo;origine espagnole) se soit adress\u00e9 \u00e1 une cour \u00e9trang\u00e8re pour offrir ses services prouve que la d\u00e9couverte de l&rsquo;Am\u00e9rique ne f\u00fbt pas un \u00e9v\u00e9nement fortuit.<\/p>\n<p>\tLe Portugal et la Castille (Espagne) avaient d\u00e9j\u00e0 explor\u00e9 de mani\u00e8re approfondie les routes mercantiles d&rsquo;outre-mer et S\u00e9ville, une ville riche et tr\u00e8s peupl\u00e9e, repr\u00e9sentait \u00e1 cette \u00e9poque un centre commercial important. Nous savons que les routes africaines furent ferm\u00e9es \u00e1 la Castille au profit du Portugal. En 1479, selon le trait\u00e9 de Alcacoba, Alphonse V de Portugal renon\u00e7a \u00e1 revendiquer ses droits sur la Castille et reconnut ceux de la Castille sur les Iles Canaries, alors que la Castille reconnaissait les droits du Portugal sur les A\u00e7ores, le Cap Vert et Mad\u00e8re.<\/p>\n<p>\tLes Iles Canaries repr\u00e9sentaient une excellente t\u00eate de pont pour les routes alternatives. Christophe Colomb les offrit \u00e1 un Etat qui en avait besoin mais qui \u00e9tait \u00e9galement accoutum\u00e9 et pr\u00eat \u00e1 se lancer dans des entreprises hasardeuses. L&rsquo;Espagne unifi\u00e9e en 1492 pouvait se glorifier d&rsquo;une puissante machine de guerre, d&rsquo;une \u00e9conomie solide, d&rsquo;une projection ext\u00e9rieure et d&rsquo;une exp\u00e9rience navale incluant l&rsquo;exploration des routes de commerce. Elle cultivait en outre un potentiel scientifico-technique remarquable de math\u00e9maticiens, g\u00e9ographes, astronomes et constructeurs de navires qui avaient \u00e9t\u00e9 form\u00e9s dans un melting-pot de trois cultures (juive, musulmane et chr\u00e9tienne). Elle avait comme seul rival son proche voisin, le Portugal, qui, comme nous le savons, mit un frein \u00e1 l&rsquo;expansion espagnole en Afrique.<\/p>\n<p>\tL&rsquo;offre de Christophe Colomb f\u00fbt rapidement accept\u00e9e malgr\u00e9 l&rsquo;existence d&rsquo;erreurs ignor\u00e9es. Cependant, pendant son voyage vers l&rsquo;Asie, le continent am\u00e9ricain se dressa de mani\u00e8re inattendue sur la route de ses caravelles.<\/p>\n","protected":false},"excerpt":{"rendered":"<p>\u00a0 La decouverte de l&rsquo;Am\u00e9rique Une des dates les plus importantes du r\u00e8gne des monarques catholiques f\u00fbt le 12 octobre 1492 : la d\u00e9couverte de l&rsquo;Am\u00e9rique par Christophe Colomb. Le fait que Christoph Colomb (qui n&rsquo;\u00e9tait pas d&rsquo;origine espagnole) se soit adress\u00e9 \u00e1 une cour&#8230;<\/p>\n","protected":false},"author":2,"featured_media":0,"comment_status":"closed","ping_status":"closed","sticky":false,"template":"","format":"standard","meta":{"_acf_changed":false,"footnotes":""},"categories":[4],"tags":[],"class_list":["post-1185","post","type-post","status-publish","format-standard","hentry","category-blog-fr-fr"],"acf":[],"yoast_head":"<!-- This site is optimized with the Yoast SEO plugin v27.5 - https:\/\/yoast.com\/product\/yoast-seo-wordpress\/ -->\n<title>La decouverte de l&#039;Am\u00e9rique | Christophe Colon, les rois Catholiques, 1492, Am\u00e9rique | INMSOL<\/title>\n<meta name=\"description\" content=\"[node:summary]. La decouverte e l&#039;Am\u00e9rique .\" \/>\n<meta name=\"robots\" content=\"index, follow, max-snippet:-1, max-image-preview:large, max-video-preview:-1\" \/>\n<link rel=\"canonical\" href=\"https:\/\/www.inmsol.com\/fr\/blog-fr-fr\/la-decouverte-de-lamerique\/\" \/>\n<meta property=\"og:locale\" content=\"fr_FR\" \/>\n<meta property=\"og:type\" content=\"article\" \/>\n<meta property=\"og:title\" content=\"La decouverte de l&#039;Am\u00e9rique | Christophe Colon, les rois Catholiques, 1492, Am\u00e9rique | INMSOL\" \/>\n<meta property=\"og:description\" content=\"[node:summary]. La decouverte e l&#039;Am\u00e9rique .\" \/>\n<meta property=\"og:url\" content=\"https:\/\/www.inmsol.com\/fr\/blog-fr-fr\/la-decouverte-de-lamerique\/\" \/>\n<meta property=\"og:site_name\" content=\"iNMSOL\" \/>\n<meta property=\"article:publisher\" content=\"https:\/\/www.facebook.com\/spanishcourses\" \/>\n<meta property=\"article:published_time\" content=\"2010-08-19T14:02:57+00:00\" \/>\n<meta property=\"article:modified_time\" content=\"2013-05-21T13:03:58+00:00\" \/>\n<meta property=\"og:image\" content=\"https:\/\/www.inmsol.com\/wp-content\/uploads\/2019\/08\/logo-inmsol.png\" \/>\n\t<meta property=\"og:image:width\" content=\"320\" \/>\n\t<meta property=\"og:image:height\" content=\"154\" \/>\n\t<meta property=\"og:image:type\" content=\"image\/png\" \/>\n<meta name=\"author\" content=\"Javier Torres\" \/>\n<meta name=\"twitter:label1\" content=\"\u00c9crit par\" \/>\n\t<meta name=\"twitter:data1\" content=\"Javier Torres\" \/>\n\t<meta name=\"twitter:label2\" content=\"Dur\u00e9e de lecture estim\u00e9e\" \/>\n\t<meta name=\"twitter:data2\" content=\"2 minutes\" \/>\n<script type=\"application\/ld+json\" class=\"yoast-schema-graph\">{\"@context\":\"https:\\\/\\\/schema.org\",\"@graph\":[{\"@type\":\"Article\",\"@id\":\"https:\\\/\\\/www.inmsol.com\\\/fr\\\/blog-fr-fr\\\/la-decouverte-de-lamerique\\\/#article\",\"isPartOf\":{\"@id\":\"https:\\\/\\\/www.inmsol.com\\\/fr\\\/blog-fr-fr\\\/la-decouverte-de-lamerique\\\/\"},\"author\":{\"name\":\"Javier Torres\",\"@id\":\"https:\\\/\\\/www.inmsol.com\\\/fr\\\/#\\\/schema\\\/person\\\/18f18acd0397ef441e373e79ec3eb6ea\"},\"headline\":\"La decouverte de l&rsquo;Am\u00e9rique\",\"datePublished\":\"2010-08-19T14:02:57+00:00\",\"dateModified\":\"2013-05-21T13:03:58+00:00\",\"mainEntityOfPage\":{\"@id\":\"https:\\\/\\\/www.inmsol.com\\\/fr\\\/blog-fr-fr\\\/la-decouverte-de-lamerique\\\/\"},\"wordCount\":350,\"publisher\":{\"@id\":\"https:\\\/\\\/www.inmsol.com\\\/fr\\\/#organization\"},\"articleSection\":[\"Blog\"],\"inLanguage\":\"fr-FR\"},{\"@type\":\"WebPage\",\"@id\":\"https:\\\/\\\/www.inmsol.com\\\/fr\\\/blog-fr-fr\\\/la-decouverte-de-lamerique\\\/\",\"url\":\"https:\\\/\\\/www.inmsol.com\\\/fr\\\/blog-fr-fr\\\/la-decouverte-de-lamerique\\\/\",\"name\":\"La decouverte de l'Am\u00e9rique | Christophe Colon, les rois Catholiques, 1492, Am\u00e9rique | INMSOL\",\"isPartOf\":{\"@id\":\"https:\\\/\\\/www.inmsol.com\\\/fr\\\/#website\"},\"datePublished\":\"2010-08-19T14:02:57+00:00\",\"dateModified\":\"2013-05-21T13:03:58+00:00\",\"description\":\"[node:summary]. La decouverte e l'Am\u00e9rique .\",\"breadcrumb\":{\"@id\":\"https:\\\/\\\/www.inmsol.com\\\/fr\\\/blog-fr-fr\\\/la-decouverte-de-lamerique\\\/#breadcrumb\"},\"inLanguage\":\"fr-FR\",\"potentialAction\":[{\"@type\":\"ReadAction\",\"target\":[\"https:\\\/\\\/www.inmsol.com\\\/fr\\\/blog-fr-fr\\\/la-decouverte-de-lamerique\\\/\"]}]},{\"@type\":\"BreadcrumbList\",\"@id\":\"https:\\\/\\\/www.inmsol.com\\\/fr\\\/blog-fr-fr\\\/la-decouverte-de-lamerique\\\/#breadcrumb\",\"itemListElement\":[{\"@type\":\"ListItem\",\"position\":1,\"name\":\"Accredited Center by Instituto Cervantes\",\"item\":\"https:\\\/\\\/www.inmsol.com\\\/fr\\\/pagina-ejemplo\\\/\"},{\"@type\":\"ListItem\",\"position\":2,\"name\":\"Blog\",\"item\":\"https:\\\/\\\/www.inmsol.com\\\/fr\\\/category\\\/blog-fr-fr\\\/\"},{\"@type\":\"ListItem\",\"position\":3,\"name\":\"La decouverte de l&#8217;Am\u00e9rique\"}]},{\"@type\":\"WebSite\",\"@id\":\"https:\\\/\\\/www.inmsol.com\\\/fr\\\/#website\",\"url\":\"https:\\\/\\\/www.inmsol.com\\\/fr\\\/\",\"name\":\"iNMSOL\",\"description\":\"Apprenez l'espagnol avec nous - Centre de formation affili\u00e9 \u00e0 l'Institute Cervantes\",\"publisher\":{\"@id\":\"https:\\\/\\\/www.inmsol.com\\\/fr\\\/#organization\"},\"potentialAction\":[{\"@type\":\"SearchAction\",\"target\":{\"@type\":\"EntryPoint\",\"urlTemplate\":\"https:\\\/\\\/www.inmsol.com\\\/fr\\\/?s={search_term_string}\"},\"query-input\":{\"@type\":\"PropertyValueSpecification\",\"valueRequired\":true,\"valueName\":\"search_term_string\"}}],\"inLanguage\":\"fr-FR\"},{\"@type\":\"Organization\",\"@id\":\"https:\\\/\\\/www.inmsol.com\\\/fr\\\/#organization\",\"name\":\"Instituto Mediterr\u00e1neo Sol\",\"url\":\"https:\\\/\\\/www.inmsol.com\\\/fr\\\/\",\"logo\":{\"@type\":\"ImageObject\",\"inLanguage\":\"fr-FR\",\"@id\":\"https:\\\/\\\/www.inmsol.com\\\/fr\\\/#\\\/schema\\\/logo\\\/image\\\/\",\"url\":\"https:\\\/\\\/www.inmsol.com\\\/wp-content\\\/uploads\\\/2023\\\/06\\\/logo-inmsol-1.png\",\"contentUrl\":\"https:\\\/\\\/www.inmsol.com\\\/wp-content\\\/uploads\\\/2023\\\/06\\\/logo-inmsol-1.png\",\"width\":136,\"height\":73,\"caption\":\"Instituto Mediterr\u00e1neo Sol\"},\"image\":{\"@id\":\"https:\\\/\\\/www.inmsol.com\\\/fr\\\/#\\\/schema\\\/logo\\\/image\\\/\"},\"sameAs\":[\"https:\\\/\\\/www.facebook.com\\\/spanishcourses\",\"https:\\\/\\\/x.com\\\/StudyInGranada\",\"http:\\\/\\\/instagram.com\\\/imsolgranada\",\"https:\\\/\\\/es.linkedin.com\\\/company\\\/imsol-granada\",\"https:\\\/\\\/www.pinterest.es\\\/inmsol\\\/\",\"https:\\\/\\\/www.youtube.com\\\/channel\\\/UChz-Qn_7coFMosY85iYMO4g\"]},{\"@type\":\"Person\",\"@id\":\"https:\\\/\\\/www.inmsol.com\\\/fr\\\/#\\\/schema\\\/person\\\/18f18acd0397ef441e373e79ec3eb6ea\",\"name\":\"Javier Torres\",\"image\":{\"@type\":\"ImageObject\",\"inLanguage\":\"fr-FR\",\"@id\":\"https:\\\/\\\/secure.gravatar.com\\\/avatar\\\/90afa2d6499550218d247408758082af566e5ec3641e1b8eac0d7bb889344a55?s=96&d=mm&r=g\",\"url\":\"https:\\\/\\\/secure.gravatar.com\\\/avatar\\\/90afa2d6499550218d247408758082af566e5ec3641e1b8eac0d7bb889344a55?s=96&d=mm&r=g\",\"contentUrl\":\"https:\\\/\\\/secure.gravatar.com\\\/avatar\\\/90afa2d6499550218d247408758082af566e5ec3641e1b8eac0d7bb889344a55?s=96&d=mm&r=g\",\"caption\":\"Javier Torres\"},\"url\":\"https:\\\/\\\/www.inmsol.com\\\/fr\\\/author\\\/javier\\\/\"}]}<\/script>\n<!-- \/ Yoast SEO plugin. -->","yoast_head_json":{"title":"La decouverte de l'Am\u00e9rique | Christophe Colon, les rois Catholiques, 1492, Am\u00e9rique | INMSOL","description":"[node:summary]. La decouverte e l'Am\u00e9rique .","robots":{"index":"index","follow":"follow","max-snippet":"max-snippet:-1","max-image-preview":"max-image-preview:large","max-video-preview":"max-video-preview:-1"},"canonical":"https:\/\/www.inmsol.com\/fr\/blog-fr-fr\/la-decouverte-de-lamerique\/","og_locale":"fr_FR","og_type":"article","og_title":"La decouverte de l'Am\u00e9rique | Christophe Colon, les rois Catholiques, 1492, Am\u00e9rique | INMSOL","og_description":"[node:summary]. La decouverte e l'Am\u00e9rique .","og_url":"https:\/\/www.inmsol.com\/fr\/blog-fr-fr\/la-decouverte-de-lamerique\/","og_site_name":"iNMSOL","article_publisher":"https:\/\/www.facebook.com\/spanishcourses","article_published_time":"2010-08-19T14:02:57+00:00","article_modified_time":"2013-05-21T13:03:58+00:00","og_image":[{"width":320,"height":154,"url":"https:\/\/www.inmsol.com\/wp-content\/uploads\/2019\/08\/logo-inmsol.png","type":"image\/png"}],"author":"Javier Torres","twitter_misc":{"\u00c9crit par":"Javier Torres","Dur\u00e9e de lecture estim\u00e9e":"2 minutes"},"schema":{"@context":"https:\/\/schema.org","@graph":[{"@type":"Article","@id":"https:\/\/www.inmsol.com\/fr\/blog-fr-fr\/la-decouverte-de-lamerique\/#article","isPartOf":{"@id":"https:\/\/www.inmsol.com\/fr\/blog-fr-fr\/la-decouverte-de-lamerique\/"},"author":{"name":"Javier Torres","@id":"https:\/\/www.inmsol.com\/fr\/#\/schema\/person\/18f18acd0397ef441e373e79ec3eb6ea"},"headline":"La decouverte de l&rsquo;Am\u00e9rique","datePublished":"2010-08-19T14:02:57+00:00","dateModified":"2013-05-21T13:03:58+00:00","mainEntityOfPage":{"@id":"https:\/\/www.inmsol.com\/fr\/blog-fr-fr\/la-decouverte-de-lamerique\/"},"wordCount":350,"publisher":{"@id":"https:\/\/www.inmsol.com\/fr\/#organization"},"articleSection":["Blog"],"inLanguage":"fr-FR"},{"@type":"WebPage","@id":"https:\/\/www.inmsol.com\/fr\/blog-fr-fr\/la-decouverte-de-lamerique\/","url":"https:\/\/www.inmsol.com\/fr\/blog-fr-fr\/la-decouverte-de-lamerique\/","name":"La decouverte de l'Am\u00e9rique | Christophe Colon, les rois Catholiques, 1492, Am\u00e9rique | INMSOL","isPartOf":{"@id":"https:\/\/www.inmsol.com\/fr\/#website"},"datePublished":"2010-08-19T14:02:57+00:00","dateModified":"2013-05-21T13:03:58+00:00","description":"[node:summary]. La decouverte e l'Am\u00e9rique .","breadcrumb":{"@id":"https:\/\/www.inmsol.com\/fr\/blog-fr-fr\/la-decouverte-de-lamerique\/#breadcrumb"},"inLanguage":"fr-FR","potentialAction":[{"@type":"ReadAction","target":["https:\/\/www.inmsol.com\/fr\/blog-fr-fr\/la-decouverte-de-lamerique\/"]}]},{"@type":"BreadcrumbList","@id":"https:\/\/www.inmsol.com\/fr\/blog-fr-fr\/la-decouverte-de-lamerique\/#breadcrumb","itemListElement":[{"@type":"ListItem","position":1,"name":"Accredited Center by Instituto Cervantes","item":"https:\/\/www.inmsol.com\/fr\/pagina-ejemplo\/"},{"@type":"ListItem","position":2,"name":"Blog","item":"https:\/\/www.inmsol.com\/fr\/category\/blog-fr-fr\/"},{"@type":"ListItem","position":3,"name":"La decouverte de l&#8217;Am\u00e9rique"}]},{"@type":"WebSite","@id":"https:\/\/www.inmsol.com\/fr\/#website","url":"https:\/\/www.inmsol.com\/fr\/","name":"iNMSOL","description":"Apprenez l'espagnol avec nous - Centre de formation affili\u00e9 \u00e0 l'Institute Cervantes","publisher":{"@id":"https:\/\/www.inmsol.com\/fr\/#organization"},"potentialAction":[{"@type":"SearchAction","target":{"@type":"EntryPoint","urlTemplate":"https:\/\/www.inmsol.com\/fr\/?s={search_term_string}"},"query-input":{"@type":"PropertyValueSpecification","valueRequired":true,"valueName":"search_term_string"}}],"inLanguage":"fr-FR"},{"@type":"Organization","@id":"https:\/\/www.inmsol.com\/fr\/#organization","name":"Instituto Mediterr\u00e1neo Sol","url":"https:\/\/www.inmsol.com\/fr\/","logo":{"@type":"ImageObject","inLanguage":"fr-FR","@id":"https:\/\/www.inmsol.com\/fr\/#\/schema\/logo\/image\/","url":"https:\/\/www.inmsol.com\/wp-content\/uploads\/2023\/06\/logo-inmsol-1.png","contentUrl":"https:\/\/www.inmsol.com\/wp-content\/uploads\/2023\/06\/logo-inmsol-1.png","width":136,"height":73,"caption":"Instituto Mediterr\u00e1neo Sol"},"image":{"@id":"https:\/\/www.inmsol.com\/fr\/#\/schema\/logo\/image\/"},"sameAs":["https:\/\/www.facebook.com\/spanishcourses","https:\/\/x.com\/StudyInGranada","http:\/\/instagram.com\/imsolgranada","https:\/\/es.linkedin.com\/company\/imsol-granada","https:\/\/www.pinterest.es\/inmsol\/","https:\/\/www.youtube.com\/channel\/UChz-Qn_7coFMosY85iYMO4g"]},{"@type":"Person","@id":"https:\/\/www.inmsol.com\/fr\/#\/schema\/person\/18f18acd0397ef441e373e79ec3eb6ea","name":"Javier Torres","image":{"@type":"ImageObject","inLanguage":"fr-FR","@id":"https:\/\/secure.gravatar.com\/avatar\/90afa2d6499550218d247408758082af566e5ec3641e1b8eac0d7bb889344a55?s=96&d=mm&r=g","url":"https:\/\/secure.gravatar.com\/avatar\/90afa2d6499550218d247408758082af566e5ec3641e1b8eac0d7bb889344a55?s=96&d=mm&r=g","contentUrl":"https:\/\/secure.gravatar.com\/avatar\/90afa2d6499550218d247408758082af566e5ec3641e1b8eac0d7bb889344a55?s=96&d=mm&r=g","caption":"Javier Torres"},"url":"https:\/\/www.inmsol.com\/fr\/author\/javier\/"}]}},"_links":{"self":[{"href":"https:\/\/www.inmsol.com\/fr\/wp-json\/wp\/v2\/posts\/1185","targetHints":{"allow":["GET"]}}],"collection":[{"href":"https:\/\/www.inmsol.com\/fr\/wp-json\/wp\/v2\/posts"}],"about":[{"href":"https:\/\/www.inmsol.com\/fr\/wp-json\/wp\/v2\/types\/post"}],"author":[{"embeddable":true,"href":"https:\/\/www.inmsol.com\/fr\/wp-json\/wp\/v2\/users\/2"}],"replies":[{"embeddable":true,"href":"https:\/\/www.inmsol.com\/fr\/wp-json\/wp\/v2\/comments?post=1185"}],"version-history":[{"count":0,"href":"https:\/\/www.inmsol.com\/fr\/wp-json\/wp\/v2\/posts\/1185\/revisions"}],"wp:attachment":[{"href":"https:\/\/www.inmsol.com\/fr\/wp-json\/wp\/v2\/media?parent=1185"}],"wp:term":[{"taxonomy":"category","embeddable":true,"href":"https:\/\/www.inmsol.com\/fr\/wp-json\/wp\/v2\/categories?post=1185"},{"taxonomy":"post_tag","embeddable":true,"href":"https:\/\/www.inmsol.com\/fr\/wp-json\/wp\/v2\/tags?post=1185"}],"curies":[{"name":"wp","href":"https:\/\/api.w.org\/{rel}","templated":true}]}}