{"id":1202,"date":"2010-07-22T10:52:18","date_gmt":"2010-07-22T10:52:18","guid":{"rendered":"https:\/\/www.inmsol.com\/"},"modified":"2013-05-21T23:13:54","modified_gmt":"2013-05-21T23:13:54","slug":"biographie-de-miguel-de-cervantes","status":"publish","type":"post","link":"https:\/\/www.inmsol.com\/fr\/blog-fr-fr\/biographie-de-miguel-de-cervantes\/","title":{"rendered":"Biographie de Miguel de Cervantes"},"content":{"rendered":"<p><u><strong>Biographie de Miguel de Cervantes:<\/strong><\/u><\/p>\n<p>Enfance<br \/>\n\tOn suppose que Miguel de Cervantes est n\u00e9 \u00e0 Alcal\u00e1 de Henares. Le jour exact de sa naissance est inconnu mais il est probable qu\u2019il soit n\u00e9 le 29 septembre, jour de de c\u00e9l\u00e9bration de la f\u00eate de l\u2019archange Saint Michel,\u00a0avec la tradition de recevoir le nom du Saint du jour.<\/p>\n<p><!--break--><\/p>\n<p>Miguel de Cervantes a \u00e9t\u00e9 baptis\u00e9 \u00e0 Alcal\u00e1 de Henares (Espagne) le 9 octobre 1547 dans la paroisse de Santa Mar\u00eda la Mayor.<br \/>\n\tDans l\u2019acte de bapt\u00e8me on lit :<\/p>\n<p>Son p\u00e8re, Rodrigo de Cervantes, originaire \u00e0 la fois de Cordoue et de Galice, \u00e9tait chirurgien, son m\u00e9tier \u00e9tant plus proche du praticien actuel qu\u2019\u00e0 notre id\u00e9e de m\u00e9decin. Cervantes avait des anc\u00eatres convertis au christianisme dans les deux branches de sa famille, comme l\u2019ont signal\u00e9 Am\u00e9rico Castro, Daniel Eisenberg et d\u2019autres sp\u00e9cialistes de Cervantes. Au contraire, Jean Canavaggio insiste sur le fait que cette descendance \u00ab n\u2019est pas prouv\u00e9e \u00bb et le compare \u00e0 Mateo Alem\u00e1n pour qui les origines sont d\u00e9montr\u00e9es par des documents. Sa m\u00e8re \u00e9tait L\u00e9onore de Cortinas S\u00e1nchez, on en sait tr\u00e8s peu sur elle, \u00e0 part les doutes sur ses origines de convertie. Ses fr\u00e8res et s\u0153urs \u00e9taient Andr\u00e9s (1543) ; Andrea (1544) ; Luisa (1546), qui devint prieure dans un convent carm\u00e9lite ; Rodrigue (1550), soldat qui l\u2019accompagna dans sa captivit\u00e9 \u00e0 Alger ; Magdalena (1554) et Juan, connu uniquement parce que son p\u00e8re le mentionne dans sont testament.<br \/>\n\tOn peut noter que le nom \u00ab Saavedra \u00bb n\u2019appara\u00eet sur aucun document de la jeunesse de Cervantes, et n\u2019est pas utilis\u00e9 par ses fr\u00e8res et s\u0153urs. Son nom de naissance aurait d\u00fb \u00eatre \u00ab Miguel de Cervantes Cortinas \u00bb. Il commen\u00e7a \u00e0 utiliser le nom \u00ab Saavedra \u00bb uniquement apr\u00e8s son retour de captivit\u00e9 \u00e0 Alger, peut-\u00eatre pour se diff\u00e9rencier d\u2019un certain Miguel de Cervantes Cortinas expuls\u00e9 de la cour.<\/p>\n<p>Vers 1551, Rodrigo de Cervantes a d\u00e9m\u00e9nag\u00e9 avec sa famille \u00e0 Valladolid. Pour cause de dettes, il a \u00e9t\u00e9 emprisonn\u00e9 quelques mois et ses biens confisqu\u00e9s. En 1556 il se rend \u00e0 Cordoue pour recevoir l\u2019h\u00e9ritage de Juan de Cervantes, grand-p\u00e8re de l\u2019\u00e9crivain et fuir ses cr\u00e9anciers.<\/p>\n<p>Il n\u2019existe pas de donn\u00e9es pr\u00e9cises sur le d\u00e9but des \u00e9tudes de Miguel de Cervantes, qui sans doute, ne sont jamais arriv\u00e9es au niveau universitaire. On pense qu\u2019il aurait pu \u00e9tudier \u00e0 Valladolid, Cordoue ou S\u00e9ville. Il est \u00e9galement possible qu\u2019il ait \u00e9tudi\u00e9 dans la Compagnie de J\u00e9sus, puisque dans le roman La discussion des chiens il \u00e9labore une description d\u2019un coll\u00e8ge de j\u00e9suites qui semble une allusion \u00e0 sa vie d\u2019\u00e9tudiant. En 1566, il s\u2019installe \u00e0 Madrid. Il assiste \u00e0 l\u2019Estudio de la Villa, g\u00e9r\u00e9 par le professeur de grammaire Juan L\u00f3pez de Hoyos, qui a publi\u00e9 en 1569 un livre sur la maladie et la mort de la reine Isabelle de Valois, la troisi\u00e8me \u00e9pouse du roi Philippe II. L\u00f3pez de Hoyos inclut dans ce livre trois po\u00e9sies de Cervantes, notre cher et aim\u00e9 disciple. Ces po\u00e9sies sont ses premi\u00e8res manifestations litt\u00e9raires. C\u2019est \u00e0 cette \u00e9poque que Cervantes prend go\u00fbt au th\u00e9\u00e2tre en assistant aux repr\u00e9sentations de Lope de Rueda et, comme il le d\u00e9clare dans la seconde partie de Don Quichotte, par la bouche du personnage principal, \u00ab se le iban los ojos tras la far\u00e1ndula \u00bb (il adorait le monde du th\u00e9\u00e2tre).<br \/>\n\t\u00a0<\/p>\n<p><u><strong>La fuite en Italie et\u00a0la\u00a0bataille de L\u00e9pante<\/strong><\/u><\/p>\n<p>Une ordonnance de Philippe II datant de 1569 est conserv\u00e9e, dans laquelle il est demand\u00e9 d\u2019arr\u00eater Miguel de Cervantes, accus\u00e9 d\u2019avoir bless\u00e9 dans un duel un certain Antonio Sigura, ma\u00eetre d\u2019\u0153uvres. Si cela concernait r\u00e9ellement Cervantes, ce pourrait \u00eatre le motif qui le fit fuir en Italie. Il est arriv\u00e9 \u00e0 Rome en d\u00e9cembre de la m\u00eame ann\u00e9e. Il a lu l\u00e0-bas les po\u00e8mes de chevallerie de Ludovico Ariosto et les Dialogues d\u2019amour du juif s\u00e9farade L\u00e9on Hebreo, d\u2019inspiration n\u00e9oplatonique et qui vont avoir une influence sur son id\u00e9e de l\u2019amour. Cervantes s\u2019est instruit du style et des arts italiens et gardera toujours un tr\u00e8s agr\u00e9able souvenir que l\u2019on pourra voir r\u00e9appara\u00eetre, par exemple dans Le licenci\u00e9 de verre, une de ses Nouvelles exemplaires, et qui se laisse ressentir dans plusieurs allusions pr\u00e9sentes dans d\u2019autres \u0153uvres.<\/p>\n<p>Il entre alors au service de Giulio Acquaviva qui sera cardinal en 1570, et qu\u2019il a probablement connu \u00e0 Madrid. Il l\u2019a suivi \u00e0 Palerme, Milan, Florence, Venise, Parme et Ferrare. On le retrouve rapidement soldat dans la compagnie de Diego de Urbina, dans le r\u00e9giment d\u2019infanterie de Miguel de Montcada. Il embarque alors dans la gal\u00e8re Marquise. Le 7 octobre 1571 il participe \u00e0 la bataille de L\u00e9pante, du c\u00f4t\u00e9 de l\u2019arm\u00e9e chr\u00e9tienne dirig\u00e9e par Don Juan d\u2019Autriche, \u00ab fils de la foudre de guerre Charles Quint, d\u2019heureuse m\u00e9moire \u00bb et demi-fr\u00e8re du roi. Dans une information l\u00e9gale \u00e9labor\u00e9e huit ans plus tard on lisait :<\/p>\n<p>Quand fut reconnue l\u2019arm\u00e9e du Turc, dans cette bataille navale, ce Miguel de Cervantes se trouvait mal et avec de la fi\u00e8vre, et ce capitaine\u2026 et beaucoup d\u2019autres\u00a0de ses\u00a0amis lui dirent que, comme il \u00e9tait malade et avait de la fi\u00e8vre, qu\u2019il rest\u00e2t en bas dans la cabine de la gal\u00e8re ; et ce Miguel de Cervantes demanda ce qu\u2019on dirait de lui, et qu\u2019il ne faisait pas ce qu\u2019il devait, et qu\u2019il pr\u00e9f\u00e9rait mieux mourir en se battant pour Dieu et pour son roi, que ne pas mourir sous couverture, et avec sa sant\u00e9\u2026 Et il se battit comme un vaillant soldat contre ces Turcs dans cette bataille au canon, comme son capitaine lui a demand\u00e9 et ordonn\u00e9, avec d\u2019autres soldats. Une fois la bataille termin\u00e9e, quand le seigneur don Juan sut et entendit comment et combien s\u2019\u00e9tait battu ce Miguel de Cervantes, il lui donna quatre ducats de plus sur sa paye\u2026 De cette bataille navale il sortit bless\u00e9 de deux coups d\u2019arquebuse dans la poitrine et \u00e0 une main, de laquelle il resta ab\u00eem\u00e9.<br \/>\n\t\u00a0<\/p>\n<p><u><strong>Le retour en Espagne:<\/strong><\/u><\/p>\n<p>En mai 1580, Cervantes part au Portugal, o\u00f9 \u00e9tait la cour de Philippe II, dans le but de refaire sa vie et payer les dettes creus\u00e9es par sa famille pour le sauver d\u2019Alger. On lui confia une mission secr\u00e8te \u00e0 Oran, puisqu\u2019il avait une bonne connaissance de la culture et des coutumes de l\u2019Afrique du Nord. Pour ce travail il re\u00e7ut 50 \u00e9cus. De retour ensuite \u00e0 Lisbonne, il revint \u00e0 la fin de l\u2019ann\u00e9e \u00e0 Madrid. En f\u00e9vrier 1582, il fit une demande de poste de travail vacant aux Indes ; sans l\u2019obtenir. \u00c0 cette \u00e9poque, l\u2019\u00e9crivain avait des relations amoureuses avec Ana Villafranca (ou Franca) de Rojas, la femme d\u2019Alonso Rodr\u00edguez, un tavernier. De cette relation naquit une fille nomm\u00e9e Isabel de Saavedra, qu\u2019il reconnut.<\/p>\n<p>Le 12 d\u00e9cembre 1584, il se marie avec Catalina de Salazar y Palacios dans un village pr\u00e8s de Tol\u00e8de nomm\u00e9 Esquivias. Catalina \u00e9tait une jeune fille qui n\u2019avait pas vingt ans et qui lui apporta une dot modeste. On pense que cette union inf\u00e9conde fut aussi un \u00e9chec. Apr\u00e8s deux ans de mariage, Cervantes entreprend de grands voyages \u00e0 travers l\u2019Andalousie. Cervantes est le premier \u00e0 inaugurer dans la litt\u00e9rature espagnole le th\u00e8me du divorce, alors impossible dans un pays catholique.<\/p>\n<p>Il est probable que La Galatea f\u00fbt \u00e9crite entre 1581 et 1583, c\u2019est sa premi\u00e8re \u0153uvre litt\u00e9raire remarquable. Elle fut publi\u00e9e \u00e0 Alcal\u00e1 de Henares en 1585. Jusqu\u2019alors il n\u2019avait publi\u00e9 que quelques articles dans des \u0153uvres d\u2019autrui ou des recueils, qui r\u00e9unissaient les productions de divers po\u00e8tes.<\/p>\n<p>La Galatea est divis\u00e9 en six livres, mais seule la \u00ab premi\u00e8re partie \u00bb fut \u00e9crte. Cervantes a promis de donner une suite \u00e0 l\u2019\u0153uvre ; pourtant, elle ne fut jamais imprim\u00e9e. Dans le prologue, l\u2019\u0153uvre est qualifi\u00e9e d\u2019\u00ab \u00e9glogue \u00bb et il insiste sur l\u2019affection qu\u2019il a toujours eue pour la po\u00e9sie. C\u2019est un roman pastoral, genre d\u00e9j\u00e0 visit\u00e9 en Espagne dans la Diana de Jorge de Montemayor. On peut encore y deviner les lectures qu\u2019il a pu avoir quand il \u00e9tait soldat en Italie.<\/p>\n<p>Le mariage avec Catalina paraissant inf\u00e9cond, les \u00e9poux se s\u00e9par\u00e8rent au bout de deux ans. Cervantes ne parle jamais de son \u00e9pouse dans tous ses textes autobiographiques, bien qu\u2019il soit le premier \u00e0 avoir inaugur\u00e9 le th\u00e8me du divorce avec L\u2019interm\u00e8de ,le juge des divorces. On suppose que son mariage fut malheureux, alors que dans cet interm\u00e8de il soutient que \u00ab m\u00e1s vale el peor concierto \/ que no el divorcio mejor \u00bb \u00ab mieux vaut la pire entente \/ que le meilleur divorce \u00bb.<br \/>\n\t\u00a0<\/p>\n<p><u><strong>Derni\u00e8res ann\u00e9es:<\/strong><\/u><\/p>\n<p>En 1587, il voyage \u00e0 travers l\u2019Andalousie en tant qu\u2019intendant de l\u2019Invincible Armada. Il parcourt \u00e0 nouveau le chemin entre Madrid et l\u2019Andalousie, qui passe par la \u00ab\u00a0Castille et la Manche\u00a0\u00bb. Cet itin\u00e9raire se retrouve dans Rinconete et Cortadillo.<\/p>\n<p>Il s\u2019\u00e9tablit alors \u00e0 S\u00e9ville. Plus tard, il travaille en tant que percepteur des imp\u00f4ts. Il est emprisonn\u00e9 en 1597, suite \u00e0 la faillite de la banque o\u00f9 il d\u00e9posait les fonds collect\u00e9s. C\u2019est l\u00e0 qu\u2019il aurait, selon le prologue de l\u2019\u0153uvre, imagin\u00e9 le personnage de Don Quichotte. On ne sait pas s\u2019il veut dire dans le prologue qu\u2019il a commenc\u00e9 \u00e0 \u00e9crire en prison, ou si c\u2019est seulement l\u2019id\u00e9e qui lui est venue \u00e0 ce moment-l\u00e0.<\/p>\n<p>Cet autre emprisonnement \u00e0 Castro del R\u00edo (Cordoue) fut tr\u00e8s bref. Il ne semble pas qu\u2019il soit jamais all\u00e9 \u00e0 la grotte de Medrano, \u00e0 Argamasilla de Alba.<\/p>\n<p>En 1605, il publie la premi\u00e8re partie de ce qui sera son chef-d\u2019\u0153uvre : L\u2019ing\u00e9nieux hidalgo don Quichotte de la Manche. Cette \u0153uvre marqua la fin du r\u00e9alisme en tant qu\u2019esth\u00e9tique litt\u00e9raire et cr\u00e9a le genre du roman moderne, polyphonique, qui aura une tr\u00e8s grande influence. La seconde partie n\u2019appara\u00eet pas avant 1615 : L\u2019ing\u00e9nieux chevallier don Quichotte de la Manche. Cette partie sort deux ans apr\u00e8s la parution d\u2019une suite apocryphe sign\u00e9e d\u2019un myst\u00e9rieux Alonso Fern\u00e1ndez de Avellaneda qui, selon certains historiens, ne serait autre que l\u2019\u00e9crivain Lope de Vega, ou du moins un de ses disciples et ami, originaire d\u2019Aragon, on pense aussi \u00e0 un groupe d\u2019amis de Lope.<\/p>\n<p>Les deux \u0153uvres lui donnent un statut dans l\u2019histoire de la litt\u00e9rature universelle et r\u00e9v\u00e8lent son auteur, aux c\u00f4t\u00e9s de Dante Alighieri, William Shakespeare, Michel de Montaigne et Goethe comme un auteur incontournable de la litt\u00e9rature occidentale.<\/p>\n<p>Entre les deux parties du Don Quichotte, paraissent en 1613 les Nouvelles exemplaires. C\u2019est un ensemble de douze r\u00e9cits brefs, \u00e9crits plusieurs ann\u00e9es auparavant pour certains. Son inspiration est originale et il tente diverses formules narratives comme la satire lucianesque (Le colloque des chiens), le roman picaresque (Rinconete et Cortadillo), la miscel\u00e1nea (Le licenci\u00e9 de verre), la nouvelle byzantine (L\u2019Espagnole anglaise, L\u2019amant lib\u00e9ral) ou aussi le roman policier (La force du sang). Pour certaines, comme par exemple Le Jaloux d\u2019Estr\u00e9madure, on observe une r\u00e9daction altern\u00e9e red\u00e9couverte au XIXe si\u00e8cle, en t\u00e9moigne le manuscrit de Porras de la C\u00e1mara. Ce recueil de nouvelles aurait suffit pour lui donner un statut important dans l\u2019histoire de la litt\u00e9rature castillane.<\/p>\n<p>La critique litt\u00e9raire est une constante dans son \u0153uvre. Elle appara\u00eet dans la Galatea et dans Don Quichotte. Il lui consacre le Voyage de Parnasse (1614), long po\u00e8me en tercets encha\u00een\u00e9s. En 1615 il publie Huit com\u00e9dies et huit interm\u00e8des nouveaux jamais repr\u00e9sent\u00e9s, mais son drame le plus populaire aujourd\u2019hui, Le si\u00e8ge de Numance, plus que Le trait\u00e9 d\u2019Alger, resta in\u00e9dit jusqu\u2019au XVIIIe si\u00e8cle.<\/p>\n<p>Le roman les Travaux de Persille et Sigismonde para\u00eet un an apr\u00e8s sa mort, sa d\u00e9dicace au Comte de Lemos fut sign\u00e9e seulement deux jours avant sa mort. Ce roman byzantin, qui pr\u00e9tend concurrencer le mod\u00e8le classique grec d\u2019H\u00e9liodore, connut quelques \u00e9ditions suppl\u00e9mentaires \u00e0 son \u00e9poque ; mais elle fut oubli\u00e9e et effac\u00e9e par le triomphe indiscutable du Don Quichotte. Cervantes utilise un groupe de personnages comme fil conducteur de l\u2019\u0153uvre, au lieu de deux. Il anticipe ainsi le r\u00e9alisme magique. D\u2019une certaine mani\u00e8re, il christianise le mod\u00e8le original en utilisant le clich\u00e9 de l\u2019homo viator, en atteignant le point culminant \u00e0 la fin de l\u2019\u0153uvre avec l\u2019anagnor\u00e8se des deux amoureux, appel\u00e9s jusqu\u2019alors P\u00e9randre et Auristelle dans la ville de Rome :<br \/>\n\tEn r\u00e9alit\u00e9, ce roman est de structure et d\u2019intention tr\u00e8s complexes mais supporte toutefois une interpr\u00e9tation satisfaisante.<\/p>\n<p>L\u2019influence de Cervantes dans la litt\u00e9rature universelle fut telle que l\u2019espagnol est souvent nomm\u00e9 la \u00ab langue de Cervantes \u00bb.<br \/>\n\tIl mourut \u00e0 Madrid en 1616<\/p>\n<p>\tSource:<a href=\"http:\/\/www.espagne-facile.com\/cervantes\/275\/\">http:\/\/www.espagne-facile.com\/cervantes\/275\/<\/a><\/p>\n","protected":false},"excerpt":{"rendered":"<p>Biographie de Miguel de Cervantes: Enfance On suppose que Miguel de Cervantes est n\u00e9 \u00e0 Alcal\u00e1 de Henares. Le jour exact de sa naissance est inconnu mais il est probable qu\u2019il soit n\u00e9 le 29 septembre, jour de de c\u00e9l\u00e9bration de la f\u00eate de l\u2019archange&#8230;<\/p>\n","protected":false},"author":2,"featured_media":0,"comment_status":"closed","ping_status":"closed","sticky":false,"template":"","format":"standard","meta":{"_acf_changed":false,"footnotes":""},"categories":[4],"tags":[],"class_list":["post-1202","post","type-post","status-publish","format-standard","hentry","category-blog-fr-fr"],"acf":[],"yoast_head":"<!-- This site is optimized with the Yoast SEO plugin v27.5 - https:\/\/yoast.com\/product\/yoast-seo-wordpress\/ -->\n<title>Cervantes| Biographie, dramaturge, Don Quichotte, soldat, italie, XVI\u00e8me si\u00e9cle, Espagne | INMSOL<\/title>\n<meta name=\"description\" content=\"[node:summary]. Biographie de Miguel de Cervantes\" \/>\n<meta name=\"robots\" content=\"index, follow, max-snippet:-1, max-image-preview:large, max-video-preview:-1\" \/>\n<link rel=\"canonical\" href=\"https:\/\/www.inmsol.com\/fr\/blog-fr-fr\/biographie-de-miguel-de-cervantes\/\" \/>\n<meta property=\"og:locale\" content=\"fr_FR\" \/>\n<meta property=\"og:type\" content=\"article\" \/>\n<meta property=\"og:title\" content=\"Cervantes| Biographie, dramaturge, Don Quichotte, soldat, italie, XVI\u00e8me si\u00e9cle, Espagne | INMSOL\" \/>\n<meta property=\"og:description\" content=\"[node:summary]. Biographie de Miguel de Cervantes\" \/>\n<meta property=\"og:url\" content=\"https:\/\/www.inmsol.com\/fr\/blog-fr-fr\/biographie-de-miguel-de-cervantes\/\" \/>\n<meta property=\"og:site_name\" content=\"iNMSOL\" \/>\n<meta property=\"article:publisher\" content=\"https:\/\/www.facebook.com\/spanishcourses\" \/>\n<meta property=\"article:published_time\" content=\"2010-07-22T10:52:18+00:00\" \/>\n<meta property=\"article:modified_time\" content=\"2013-05-21T23:13:54+00:00\" \/>\n<meta property=\"og:image\" content=\"https:\/\/www.inmsol.com\/wp-content\/uploads\/2019\/08\/logo-inmsol.png\" \/>\n\t<meta property=\"og:image:width\" content=\"320\" \/>\n\t<meta property=\"og:image:height\" content=\"154\" \/>\n\t<meta property=\"og:image:type\" content=\"image\/png\" \/>\n<meta name=\"author\" content=\"Javier Torres\" \/>\n<meta name=\"twitter:label1\" content=\"\u00c9crit par\" \/>\n\t<meta name=\"twitter:data1\" content=\"Javier Torres\" \/>\n\t<meta name=\"twitter:label2\" content=\"Dur\u00e9e de lecture estim\u00e9e\" \/>\n\t<meta name=\"twitter:data2\" content=\"11 minutes\" \/>\n<script type=\"application\/ld+json\" class=\"yoast-schema-graph\">{\"@context\":\"https:\\\/\\\/schema.org\",\"@graph\":[{\"@type\":\"Article\",\"@id\":\"https:\\\/\\\/www.inmsol.com\\\/fr\\\/blog-fr-fr\\\/biographie-de-miguel-de-cervantes\\\/#article\",\"isPartOf\":{\"@id\":\"https:\\\/\\\/www.inmsol.com\\\/fr\\\/blog-fr-fr\\\/biographie-de-miguel-de-cervantes\\\/\"},\"author\":{\"name\":\"Javier Torres\",\"@id\":\"https:\\\/\\\/www.inmsol.com\\\/fr\\\/#\\\/schema\\\/person\\\/18f18acd0397ef441e373e79ec3eb6ea\"},\"headline\":\"Biographie de Miguel de Cervantes\",\"datePublished\":\"2010-07-22T10:52:18+00:00\",\"dateModified\":\"2013-05-21T23:13:54+00:00\",\"mainEntityOfPage\":{\"@id\":\"https:\\\/\\\/www.inmsol.com\\\/fr\\\/blog-fr-fr\\\/biographie-de-miguel-de-cervantes\\\/\"},\"wordCount\":2272,\"publisher\":{\"@id\":\"https:\\\/\\\/www.inmsol.com\\\/fr\\\/#organization\"},\"articleSection\":[\"Blog\"],\"inLanguage\":\"fr-FR\"},{\"@type\":\"WebPage\",\"@id\":\"https:\\\/\\\/www.inmsol.com\\\/fr\\\/blog-fr-fr\\\/biographie-de-miguel-de-cervantes\\\/\",\"url\":\"https:\\\/\\\/www.inmsol.com\\\/fr\\\/blog-fr-fr\\\/biographie-de-miguel-de-cervantes\\\/\",\"name\":\"Cervantes| Biographie, dramaturge, Don Quichotte, soldat, italie, XVI\u00e8me si\u00e9cle, Espagne | INMSOL\",\"isPartOf\":{\"@id\":\"https:\\\/\\\/www.inmsol.com\\\/fr\\\/#website\"},\"datePublished\":\"2010-07-22T10:52:18+00:00\",\"dateModified\":\"2013-05-21T23:13:54+00:00\",\"description\":\"[node:summary]. Biographie de Miguel de Cervantes\",\"breadcrumb\":{\"@id\":\"https:\\\/\\\/www.inmsol.com\\\/fr\\\/blog-fr-fr\\\/biographie-de-miguel-de-cervantes\\\/#breadcrumb\"},\"inLanguage\":\"fr-FR\",\"potentialAction\":[{\"@type\":\"ReadAction\",\"target\":[\"https:\\\/\\\/www.inmsol.com\\\/fr\\\/blog-fr-fr\\\/biographie-de-miguel-de-cervantes\\\/\"]}]},{\"@type\":\"BreadcrumbList\",\"@id\":\"https:\\\/\\\/www.inmsol.com\\\/fr\\\/blog-fr-fr\\\/biographie-de-miguel-de-cervantes\\\/#breadcrumb\",\"itemListElement\":[{\"@type\":\"ListItem\",\"position\":1,\"name\":\"Accredited Center by Instituto Cervantes\",\"item\":\"https:\\\/\\\/www.inmsol.com\\\/fr\\\/pagina-ejemplo\\\/\"},{\"@type\":\"ListItem\",\"position\":2,\"name\":\"Blog\",\"item\":\"https:\\\/\\\/www.inmsol.com\\\/fr\\\/category\\\/blog-fr-fr\\\/\"},{\"@type\":\"ListItem\",\"position\":3,\"name\":\"Biographie de Miguel de Cervantes\"}]},{\"@type\":\"WebSite\",\"@id\":\"https:\\\/\\\/www.inmsol.com\\\/fr\\\/#website\",\"url\":\"https:\\\/\\\/www.inmsol.com\\\/fr\\\/\",\"name\":\"iNMSOL\",\"description\":\"Apprenez l'espagnol avec nous - Centre de formation affili\u00e9 \u00e0 l'Institute Cervantes\",\"publisher\":{\"@id\":\"https:\\\/\\\/www.inmsol.com\\\/fr\\\/#organization\"},\"potentialAction\":[{\"@type\":\"SearchAction\",\"target\":{\"@type\":\"EntryPoint\",\"urlTemplate\":\"https:\\\/\\\/www.inmsol.com\\\/fr\\\/?s={search_term_string}\"},\"query-input\":{\"@type\":\"PropertyValueSpecification\",\"valueRequired\":true,\"valueName\":\"search_term_string\"}}],\"inLanguage\":\"fr-FR\"},{\"@type\":\"Organization\",\"@id\":\"https:\\\/\\\/www.inmsol.com\\\/fr\\\/#organization\",\"name\":\"Instituto Mediterr\u00e1neo Sol\",\"url\":\"https:\\\/\\\/www.inmsol.com\\\/fr\\\/\",\"logo\":{\"@type\":\"ImageObject\",\"inLanguage\":\"fr-FR\",\"@id\":\"https:\\\/\\\/www.inmsol.com\\\/fr\\\/#\\\/schema\\\/logo\\\/image\\\/\",\"url\":\"https:\\\/\\\/www.inmsol.com\\\/wp-content\\\/uploads\\\/2023\\\/06\\\/logo-inmsol-1.png\",\"contentUrl\":\"https:\\\/\\\/www.inmsol.com\\\/wp-content\\\/uploads\\\/2023\\\/06\\\/logo-inmsol-1.png\",\"width\":136,\"height\":73,\"caption\":\"Instituto Mediterr\u00e1neo Sol\"},\"image\":{\"@id\":\"https:\\\/\\\/www.inmsol.com\\\/fr\\\/#\\\/schema\\\/logo\\\/image\\\/\"},\"sameAs\":[\"https:\\\/\\\/www.facebook.com\\\/spanishcourses\",\"https:\\\/\\\/x.com\\\/StudyInGranada\",\"http:\\\/\\\/instagram.com\\\/imsolgranada\",\"https:\\\/\\\/es.linkedin.com\\\/company\\\/imsol-granada\",\"https:\\\/\\\/www.pinterest.es\\\/inmsol\\\/\",\"https:\\\/\\\/www.youtube.com\\\/channel\\\/UChz-Qn_7coFMosY85iYMO4g\"]},{\"@type\":\"Person\",\"@id\":\"https:\\\/\\\/www.inmsol.com\\\/fr\\\/#\\\/schema\\\/person\\\/18f18acd0397ef441e373e79ec3eb6ea\",\"name\":\"Javier Torres\",\"image\":{\"@type\":\"ImageObject\",\"inLanguage\":\"fr-FR\",\"@id\":\"https:\\\/\\\/secure.gravatar.com\\\/avatar\\\/90afa2d6499550218d247408758082af566e5ec3641e1b8eac0d7bb889344a55?s=96&d=mm&r=g\",\"url\":\"https:\\\/\\\/secure.gravatar.com\\\/avatar\\\/90afa2d6499550218d247408758082af566e5ec3641e1b8eac0d7bb889344a55?s=96&d=mm&r=g\",\"contentUrl\":\"https:\\\/\\\/secure.gravatar.com\\\/avatar\\\/90afa2d6499550218d247408758082af566e5ec3641e1b8eac0d7bb889344a55?s=96&d=mm&r=g\",\"caption\":\"Javier Torres\"},\"url\":\"https:\\\/\\\/www.inmsol.com\\\/fr\\\/author\\\/javier\\\/\"}]}<\/script>\n<!-- \/ Yoast SEO plugin. -->","yoast_head_json":{"title":"Cervantes| Biographie, dramaturge, Don Quichotte, soldat, italie, XVI\u00e8me si\u00e9cle, Espagne | INMSOL","description":"[node:summary]. Biographie de Miguel de Cervantes","robots":{"index":"index","follow":"follow","max-snippet":"max-snippet:-1","max-image-preview":"max-image-preview:large","max-video-preview":"max-video-preview:-1"},"canonical":"https:\/\/www.inmsol.com\/fr\/blog-fr-fr\/biographie-de-miguel-de-cervantes\/","og_locale":"fr_FR","og_type":"article","og_title":"Cervantes| Biographie, dramaturge, Don Quichotte, soldat, italie, XVI\u00e8me si\u00e9cle, Espagne | INMSOL","og_description":"[node:summary]. Biographie de Miguel de Cervantes","og_url":"https:\/\/www.inmsol.com\/fr\/blog-fr-fr\/biographie-de-miguel-de-cervantes\/","og_site_name":"iNMSOL","article_publisher":"https:\/\/www.facebook.com\/spanishcourses","article_published_time":"2010-07-22T10:52:18+00:00","article_modified_time":"2013-05-21T23:13:54+00:00","og_image":[{"width":320,"height":154,"url":"https:\/\/www.inmsol.com\/wp-content\/uploads\/2019\/08\/logo-inmsol.png","type":"image\/png"}],"author":"Javier Torres","twitter_misc":{"\u00c9crit par":"Javier Torres","Dur\u00e9e de lecture estim\u00e9e":"11 minutes"},"schema":{"@context":"https:\/\/schema.org","@graph":[{"@type":"Article","@id":"https:\/\/www.inmsol.com\/fr\/blog-fr-fr\/biographie-de-miguel-de-cervantes\/#article","isPartOf":{"@id":"https:\/\/www.inmsol.com\/fr\/blog-fr-fr\/biographie-de-miguel-de-cervantes\/"},"author":{"name":"Javier Torres","@id":"https:\/\/www.inmsol.com\/fr\/#\/schema\/person\/18f18acd0397ef441e373e79ec3eb6ea"},"headline":"Biographie de Miguel de Cervantes","datePublished":"2010-07-22T10:52:18+00:00","dateModified":"2013-05-21T23:13:54+00:00","mainEntityOfPage":{"@id":"https:\/\/www.inmsol.com\/fr\/blog-fr-fr\/biographie-de-miguel-de-cervantes\/"},"wordCount":2272,"publisher":{"@id":"https:\/\/www.inmsol.com\/fr\/#organization"},"articleSection":["Blog"],"inLanguage":"fr-FR"},{"@type":"WebPage","@id":"https:\/\/www.inmsol.com\/fr\/blog-fr-fr\/biographie-de-miguel-de-cervantes\/","url":"https:\/\/www.inmsol.com\/fr\/blog-fr-fr\/biographie-de-miguel-de-cervantes\/","name":"Cervantes| Biographie, dramaturge, Don Quichotte, soldat, italie, XVI\u00e8me si\u00e9cle, Espagne | INMSOL","isPartOf":{"@id":"https:\/\/www.inmsol.com\/fr\/#website"},"datePublished":"2010-07-22T10:52:18+00:00","dateModified":"2013-05-21T23:13:54+00:00","description":"[node:summary]. Biographie de Miguel de Cervantes","breadcrumb":{"@id":"https:\/\/www.inmsol.com\/fr\/blog-fr-fr\/biographie-de-miguel-de-cervantes\/#breadcrumb"},"inLanguage":"fr-FR","potentialAction":[{"@type":"ReadAction","target":["https:\/\/www.inmsol.com\/fr\/blog-fr-fr\/biographie-de-miguel-de-cervantes\/"]}]},{"@type":"BreadcrumbList","@id":"https:\/\/www.inmsol.com\/fr\/blog-fr-fr\/biographie-de-miguel-de-cervantes\/#breadcrumb","itemListElement":[{"@type":"ListItem","position":1,"name":"Accredited Center by Instituto Cervantes","item":"https:\/\/www.inmsol.com\/fr\/pagina-ejemplo\/"},{"@type":"ListItem","position":2,"name":"Blog","item":"https:\/\/www.inmsol.com\/fr\/category\/blog-fr-fr\/"},{"@type":"ListItem","position":3,"name":"Biographie de Miguel de Cervantes"}]},{"@type":"WebSite","@id":"https:\/\/www.inmsol.com\/fr\/#website","url":"https:\/\/www.inmsol.com\/fr\/","name":"iNMSOL","description":"Apprenez l'espagnol avec nous - Centre de formation affili\u00e9 \u00e0 l'Institute Cervantes","publisher":{"@id":"https:\/\/www.inmsol.com\/fr\/#organization"},"potentialAction":[{"@type":"SearchAction","target":{"@type":"EntryPoint","urlTemplate":"https:\/\/www.inmsol.com\/fr\/?s={search_term_string}"},"query-input":{"@type":"PropertyValueSpecification","valueRequired":true,"valueName":"search_term_string"}}],"inLanguage":"fr-FR"},{"@type":"Organization","@id":"https:\/\/www.inmsol.com\/fr\/#organization","name":"Instituto Mediterr\u00e1neo Sol","url":"https:\/\/www.inmsol.com\/fr\/","logo":{"@type":"ImageObject","inLanguage":"fr-FR","@id":"https:\/\/www.inmsol.com\/fr\/#\/schema\/logo\/image\/","url":"https:\/\/www.inmsol.com\/wp-content\/uploads\/2023\/06\/logo-inmsol-1.png","contentUrl":"https:\/\/www.inmsol.com\/wp-content\/uploads\/2023\/06\/logo-inmsol-1.png","width":136,"height":73,"caption":"Instituto Mediterr\u00e1neo Sol"},"image":{"@id":"https:\/\/www.inmsol.com\/fr\/#\/schema\/logo\/image\/"},"sameAs":["https:\/\/www.facebook.com\/spanishcourses","https:\/\/x.com\/StudyInGranada","http:\/\/instagram.com\/imsolgranada","https:\/\/es.linkedin.com\/company\/imsol-granada","https:\/\/www.pinterest.es\/inmsol\/","https:\/\/www.youtube.com\/channel\/UChz-Qn_7coFMosY85iYMO4g"]},{"@type":"Person","@id":"https:\/\/www.inmsol.com\/fr\/#\/schema\/person\/18f18acd0397ef441e373e79ec3eb6ea","name":"Javier Torres","image":{"@type":"ImageObject","inLanguage":"fr-FR","@id":"https:\/\/secure.gravatar.com\/avatar\/90afa2d6499550218d247408758082af566e5ec3641e1b8eac0d7bb889344a55?s=96&d=mm&r=g","url":"https:\/\/secure.gravatar.com\/avatar\/90afa2d6499550218d247408758082af566e5ec3641e1b8eac0d7bb889344a55?s=96&d=mm&r=g","contentUrl":"https:\/\/secure.gravatar.com\/avatar\/90afa2d6499550218d247408758082af566e5ec3641e1b8eac0d7bb889344a55?s=96&d=mm&r=g","caption":"Javier Torres"},"url":"https:\/\/www.inmsol.com\/fr\/author\/javier\/"}]}},"_links":{"self":[{"href":"https:\/\/www.inmsol.com\/fr\/wp-json\/wp\/v2\/posts\/1202","targetHints":{"allow":["GET"]}}],"collection":[{"href":"https:\/\/www.inmsol.com\/fr\/wp-json\/wp\/v2\/posts"}],"about":[{"href":"https:\/\/www.inmsol.com\/fr\/wp-json\/wp\/v2\/types\/post"}],"author":[{"embeddable":true,"href":"https:\/\/www.inmsol.com\/fr\/wp-json\/wp\/v2\/users\/2"}],"replies":[{"embeddable":true,"href":"https:\/\/www.inmsol.com\/fr\/wp-json\/wp\/v2\/comments?post=1202"}],"version-history":[{"count":0,"href":"https:\/\/www.inmsol.com\/fr\/wp-json\/wp\/v2\/posts\/1202\/revisions"}],"wp:attachment":[{"href":"https:\/\/www.inmsol.com\/fr\/wp-json\/wp\/v2\/media?parent=1202"}],"wp:term":[{"taxonomy":"category","embeddable":true,"href":"https:\/\/www.inmsol.com\/fr\/wp-json\/wp\/v2\/categories?post=1202"},{"taxonomy":"post_tag","embeddable":true,"href":"https:\/\/www.inmsol.com\/fr\/wp-json\/wp\/v2\/tags?post=1202"}],"curies":[{"name":"wp","href":"https:\/\/api.w.org\/{rel}","templated":true}]}}