{"id":15403,"date":"2015-05-07T16:34:01","date_gmt":"2015-05-07T14:34:01","guid":{"rendered":"https:\/\/www.inmsol.com\/?p=15403"},"modified":"2017-04-11T11:15:46","modified_gmt":"2017-04-11T09:15:46","slug":"convocation-dele-mai-2015","status":"publish","type":"post","link":"https:\/\/www.inmsol.com\/fr\/blog-fr-fr\/convocation-dele-mai-2015\/","title":{"rendered":"Convocation DELE Mai 2015"},"content":{"rendered":"<p>Le prochain jour 23 mai aura lieu \u00e0 Grenade les \u00e9preuves \u00a0pour l\u2019obtention du DELE (Dipl\u00f4me d\u2019espagnol comme langue \u00e9trang\u00e8re). Instituto Mediterr\u00e1neo Sol comme centre d\u2019examen DELE dans la ville de Grenade, organise les diff\u00e9rents examens, tant \u00e9crits qu\u2019oraux, pour tous les niveaux. De la m\u00eame fa\u00e7on, TROIS EXAMINATEURS, professeurs de notre centre participent aussi aux \u00e9preuves, lesquels ont re\u00e7u une formation sp\u00e9cifique de la part de l\u2019Instituto Cervantes pour s\u2019accr\u00e9diter en tant qu\u2019examinateurs des niveaux A1, A2, B1, B2, C1, C2 et A2\/B1 scolaire, formation qui suppose une familiarisation fondamentale avec les \u00e9preuves, non seulement pour l\u2019\u00e9valuation des diff\u00e9rents candidats mais aussi pour la pr\u00e9paration de nos \u00e9tudiants \u00e0 travers le Cursus de Pr\u00e9paration DELE de l\u2019Instituto Mediterr\u00e1neo Sol. Avec nous tu peux te pr\u00e9parer pour le DELE avec les meilleures garanties de qualit\u00e9.<\/p>\n<p>Informations sur les cours <a href=\"https:\/\/www.inmsol.com\/es\/cursos-espanol-espana\/cursos-de-preparacion-de-examenes-oficiales\/preparacion-dele\/\" target=\"_blank\">ici<\/a><\/p>\n<p><img fetchpriority=\"high\" decoding=\"async\" class=\" size-full wp-image-15363 aligncenter\" src=\"https:\/\/www.inmsol.com\/wp-content\/uploads\/2015\/05\/Logo-DELE.jpg\" alt=\"Logo DELE\" width=\"280\" height=\"248\" srcset=\"https:\/\/www.inmsol.com\/wp-content\/uploads\/2015\/05\/Logo-DELE.jpg 280w, https:\/\/www.inmsol.com\/wp-content\/uploads\/2015\/05\/Logo-DELE-64x57.jpg 64w, https:\/\/www.inmsol.com\/wp-content\/uploads\/2015\/05\/Logo-DELE-200x177.jpg 200w, https:\/\/www.inmsol.com\/wp-content\/uploads\/2015\/05\/Logo-DELE-226x200.jpg 226w\" sizes=\"(max-width: 280px) 100vw, 280px\" \/><\/p>\n","protected":false},"excerpt":{"rendered":"<p>Le prochain jour 23 mai aura lieu \u00e0 Grenade les \u00e9preuves \u00a0pour l\u2019obtention du DELE (Dipl\u00f4me d\u2019espagnol comme langue \u00e9trang\u00e8re). Instituto Mediterr\u00e1neo Sol comme centre d\u2019examen DELE dans la ville de Grenade, organise les diff\u00e9rents examens, tant \u00e9crits qu\u2019oraux, pour tous les niveaux. De la&#8230;<\/p>\n","protected":false},"author":3,"featured_media":15363,"comment_status":"closed","ping_status":"closed","sticky":false,"template":"","format":"standard","meta":{"_acf_changed":false,"footnotes":""},"categories":[4],"tags":[],"class_list":["post-15403","post","type-post","status-publish","format-standard","has-post-thumbnail","hentry","category-blog-fr-fr"],"acf":[],"yoast_head":"<!-- This site is optimized with the Yoast SEO plugin v27.5 - https:\/\/yoast.com\/product\/yoast-seo-wordpress\/ -->\n<title>Convocation DELE Mai 2015<\/title>\n<meta name=\"description\" content=\"Le prochain jour 23 mai aura lieu \u00e0 Grenade les \u00e9preuves pour l\u2019obtention du DELE (Dipl\u00f4me d\u2019espagnol comme langue \u00e9trang\u00e8re). Instituto Mediterr\u00e1neo Sol comme centre d\u2019examen DELE dans la ville de Grenade, organise les diff\u00e9rents examens, tant \u00e9crits qu\u2019oraux, pour tous les niveaux. De la m\u00eame fa\u00e7on, TROIS EXAMINATEURS, professeurs de notre centre participent aussi aux \u00e9preuves, lesquels ont re\u00e7u une formation sp\u00e9cifique de la part de l\u2019Instituto Cervantes pour s\u2019accr\u00e9diter en tant qu\u2019examinateurs des niveaux A1, A2, B1, B2, C1, C2 et A2\/B1 scolaire, formation qui suppose une familiarisation fondamentale avec les \u00e9preuves, non seulement pour l\u2019\u00e9valuation des diff\u00e9rents candidats mais aussi pour la pr\u00e9paration de nos \u00e9tudiants \u00e0 travers le Cursus de Pr\u00e9paration DELE de l\u2019Instituto Mediterr\u00e1neo Sol. Avec nous tu peux te pr\u00e9parer pour le DELE avec les meilleures garanties de qualit\u00e9. Informations sur les cours ici\" \/>\n<meta name=\"robots\" content=\"index, follow, max-snippet:-1, max-image-preview:large, max-video-preview:-1\" \/>\n<link rel=\"canonical\" href=\"https:\/\/www.inmsol.com\/fr\/blog-fr-fr\/convocation-dele-mai-2015\/\" \/>\n<meta property=\"og:locale\" content=\"fr_FR\" \/>\n<meta property=\"og:type\" content=\"article\" \/>\n<meta property=\"og:title\" content=\"Convocation DELE Mai 2015\" \/>\n<meta property=\"og:description\" content=\"Le prochain jour 23 mai aura lieu \u00e0 Grenade les \u00e9preuves pour l\u2019obtention du DELE (Dipl\u00f4me d\u2019espagnol comme langue \u00e9trang\u00e8re). Instituto Mediterr\u00e1neo Sol comme centre d\u2019examen DELE dans la ville de Grenade, organise les diff\u00e9rents examens, tant \u00e9crits qu\u2019oraux, pour tous les niveaux. De la m\u00eame fa\u00e7on, TROIS EXAMINATEURS, professeurs de notre centre participent aussi aux \u00e9preuves, lesquels ont re\u00e7u une formation sp\u00e9cifique de la part de l\u2019Instituto Cervantes pour s\u2019accr\u00e9diter en tant qu\u2019examinateurs des niveaux A1, A2, B1, B2, C1, C2 et A2\/B1 scolaire, formation qui suppose une familiarisation fondamentale avec les \u00e9preuves, non seulement pour l\u2019\u00e9valuation des diff\u00e9rents candidats mais aussi pour la pr\u00e9paration de nos \u00e9tudiants \u00e0 travers le Cursus de Pr\u00e9paration DELE de l\u2019Instituto Mediterr\u00e1neo Sol. Avec nous tu peux te pr\u00e9parer pour le DELE avec les meilleures garanties de qualit\u00e9. Informations sur les cours ici\" \/>\n<meta property=\"og:url\" content=\"https:\/\/www.inmsol.com\/fr\/blog-fr-fr\/convocation-dele-mai-2015\/\" \/>\n<meta property=\"og:site_name\" content=\"iNMSOL\" \/>\n<meta property=\"article:publisher\" content=\"https:\/\/www.facebook.com\/spanishcourses\" \/>\n<meta property=\"article:published_time\" content=\"2015-05-07T14:34:01+00:00\" \/>\n<meta property=\"article:modified_time\" content=\"2017-04-11T09:15:46+00:00\" \/>\n<meta property=\"og:image\" content=\"https:\/\/www.inmsol.com\/wp-content\/uploads\/2015\/05\/Logo-DELE.jpg\" \/>\n\t<meta property=\"og:image:width\" content=\"280\" \/>\n\t<meta property=\"og:image:height\" content=\"248\" \/>\n\t<meta property=\"og:image:type\" content=\"image\/jpeg\" \/>\n<meta name=\"author\" content=\"- Instituto Mediterr\u00e1neo Sol\" \/>\n<meta name=\"twitter:label1\" content=\"\u00c9crit par\" \/>\n\t<meta name=\"twitter:data1\" content=\"- Instituto Mediterr\u00e1neo Sol\" \/>\n\t<meta name=\"twitter:label2\" content=\"Dur\u00e9e de lecture estim\u00e9e\" \/>\n\t<meta name=\"twitter:data2\" content=\"1 minute\" \/>\n<script type=\"application\/ld+json\" class=\"yoast-schema-graph\">{\"@context\":\"https:\\\/\\\/schema.org\",\"@graph\":[{\"@type\":\"Article\",\"@id\":\"https:\\\/\\\/www.inmsol.com\\\/fr\\\/blog-fr-fr\\\/convocation-dele-mai-2015\\\/#article\",\"isPartOf\":{\"@id\":\"https:\\\/\\\/www.inmsol.com\\\/fr\\\/blog-fr-fr\\\/convocation-dele-mai-2015\\\/\"},\"author\":{\"name\":\"- Instituto Mediterr\u00e1neo Sol\",\"@id\":\"https:\\\/\\\/www.inmsol.com\\\/fr\\\/#\\\/schema\\\/person\\\/94a7a01d14a56d1fbc49c841ffc57fe9\"},\"headline\":\"Convocation DELE Mai 2015\",\"datePublished\":\"2015-05-07T14:34:01+00:00\",\"dateModified\":\"2017-04-11T09:15:46+00:00\",\"mainEntityOfPage\":{\"@id\":\"https:\\\/\\\/www.inmsol.com\\\/fr\\\/blog-fr-fr\\\/convocation-dele-mai-2015\\\/\"},\"wordCount\":164,\"publisher\":{\"@id\":\"https:\\\/\\\/www.inmsol.com\\\/fr\\\/#organization\"},\"image\":{\"@id\":\"https:\\\/\\\/www.inmsol.com\\\/fr\\\/blog-fr-fr\\\/convocation-dele-mai-2015\\\/#primaryimage\"},\"thumbnailUrl\":\"https:\\\/\\\/www.inmsol.com\\\/wp-content\\\/uploads\\\/2015\\\/05\\\/Logo-DELE.jpg\",\"articleSection\":[\"Blog\"],\"inLanguage\":\"fr-FR\"},{\"@type\":\"WebPage\",\"@id\":\"https:\\\/\\\/www.inmsol.com\\\/fr\\\/blog-fr-fr\\\/convocation-dele-mai-2015\\\/\",\"url\":\"https:\\\/\\\/www.inmsol.com\\\/fr\\\/blog-fr-fr\\\/convocation-dele-mai-2015\\\/\",\"name\":\"Convocation DELE Mai 2015\",\"isPartOf\":{\"@id\":\"https:\\\/\\\/www.inmsol.com\\\/fr\\\/#website\"},\"primaryImageOfPage\":{\"@id\":\"https:\\\/\\\/www.inmsol.com\\\/fr\\\/blog-fr-fr\\\/convocation-dele-mai-2015\\\/#primaryimage\"},\"image\":{\"@id\":\"https:\\\/\\\/www.inmsol.com\\\/fr\\\/blog-fr-fr\\\/convocation-dele-mai-2015\\\/#primaryimage\"},\"thumbnailUrl\":\"https:\\\/\\\/www.inmsol.com\\\/wp-content\\\/uploads\\\/2015\\\/05\\\/Logo-DELE.jpg\",\"datePublished\":\"2015-05-07T14:34:01+00:00\",\"dateModified\":\"2017-04-11T09:15:46+00:00\",\"description\":\"Le prochain jour 23 mai aura lieu \u00e0 Grenade les \u00e9preuves pour l\u2019obtention du DELE (Dipl\u00f4me d\u2019espagnol comme langue \u00e9trang\u00e8re). Instituto Mediterr\u00e1neo Sol comme centre d\u2019examen DELE dans la ville de Grenade, organise les diff\u00e9rents examens, tant \u00e9crits qu\u2019oraux, pour tous les niveaux. De la m\u00eame fa\u00e7on, TROIS EXAMINATEURS, professeurs de notre centre participent aussi aux \u00e9preuves, lesquels ont re\u00e7u une formation sp\u00e9cifique de la part de l\u2019Instituto Cervantes pour s\u2019accr\u00e9diter en tant qu\u2019examinateurs des niveaux A1, A2, B1, B2, C1, C2 et A2\\\/B1 scolaire, formation qui suppose une familiarisation fondamentale avec les \u00e9preuves, non seulement pour l\u2019\u00e9valuation des diff\u00e9rents candidats mais aussi pour la pr\u00e9paration de nos \u00e9tudiants \u00e0 travers le Cursus de Pr\u00e9paration DELE de l\u2019Instituto Mediterr\u00e1neo Sol. Avec nous tu peux te pr\u00e9parer pour le DELE avec les meilleures garanties de qualit\u00e9. Informations sur les cours ici\",\"breadcrumb\":{\"@id\":\"https:\\\/\\\/www.inmsol.com\\\/fr\\\/blog-fr-fr\\\/convocation-dele-mai-2015\\\/#breadcrumb\"},\"inLanguage\":\"fr-FR\",\"potentialAction\":[{\"@type\":\"ReadAction\",\"target\":[\"https:\\\/\\\/www.inmsol.com\\\/fr\\\/blog-fr-fr\\\/convocation-dele-mai-2015\\\/\"]}]},{\"@type\":\"ImageObject\",\"inLanguage\":\"fr-FR\",\"@id\":\"https:\\\/\\\/www.inmsol.com\\\/fr\\\/blog-fr-fr\\\/convocation-dele-mai-2015\\\/#primaryimage\",\"url\":\"https:\\\/\\\/www.inmsol.com\\\/wp-content\\\/uploads\\\/2015\\\/05\\\/Logo-DELE.jpg\",\"contentUrl\":\"https:\\\/\\\/www.inmsol.com\\\/wp-content\\\/uploads\\\/2015\\\/05\\\/Logo-DELE.jpg\",\"width\":280,\"height\":248},{\"@type\":\"BreadcrumbList\",\"@id\":\"https:\\\/\\\/www.inmsol.com\\\/fr\\\/blog-fr-fr\\\/convocation-dele-mai-2015\\\/#breadcrumb\",\"itemListElement\":[{\"@type\":\"ListItem\",\"position\":1,\"name\":\"Accredited Center by Instituto Cervantes\",\"item\":\"https:\\\/\\\/www.inmsol.com\\\/fr\\\/pagina-ejemplo\\\/\"},{\"@type\":\"ListItem\",\"position\":2,\"name\":\"Blog\",\"item\":\"https:\\\/\\\/www.inmsol.com\\\/fr\\\/category\\\/blog-fr-fr\\\/\"},{\"@type\":\"ListItem\",\"position\":3,\"name\":\"Convocation DELE Mai 2015\"}]},{\"@type\":\"WebSite\",\"@id\":\"https:\\\/\\\/www.inmsol.com\\\/fr\\\/#website\",\"url\":\"https:\\\/\\\/www.inmsol.com\\\/fr\\\/\",\"name\":\"iNMSOL\",\"description\":\"Apprenez l'espagnol avec nous - Centre de formation affili\u00e9 \u00e0 l'Institute Cervantes\",\"publisher\":{\"@id\":\"https:\\\/\\\/www.inmsol.com\\\/fr\\\/#organization\"},\"potentialAction\":[{\"@type\":\"SearchAction\",\"target\":{\"@type\":\"EntryPoint\",\"urlTemplate\":\"https:\\\/\\\/www.inmsol.com\\\/fr\\\/?s={search_term_string}\"},\"query-input\":{\"@type\":\"PropertyValueSpecification\",\"valueRequired\":true,\"valueName\":\"search_term_string\"}}],\"inLanguage\":\"fr-FR\"},{\"@type\":\"Organization\",\"@id\":\"https:\\\/\\\/www.inmsol.com\\\/fr\\\/#organization\",\"name\":\"Instituto Mediterr\u00e1neo Sol\",\"url\":\"https:\\\/\\\/www.inmsol.com\\\/fr\\\/\",\"logo\":{\"@type\":\"ImageObject\",\"inLanguage\":\"fr-FR\",\"@id\":\"https:\\\/\\\/www.inmsol.com\\\/fr\\\/#\\\/schema\\\/logo\\\/image\\\/\",\"url\":\"https:\\\/\\\/www.inmsol.com\\\/wp-content\\\/uploads\\\/2023\\\/06\\\/logo-inmsol-1.png\",\"contentUrl\":\"https:\\\/\\\/www.inmsol.com\\\/wp-content\\\/uploads\\\/2023\\\/06\\\/logo-inmsol-1.png\",\"width\":136,\"height\":73,\"caption\":\"Instituto Mediterr\u00e1neo Sol\"},\"image\":{\"@id\":\"https:\\\/\\\/www.inmsol.com\\\/fr\\\/#\\\/schema\\\/logo\\\/image\\\/\"},\"sameAs\":[\"https:\\\/\\\/www.facebook.com\\\/spanishcourses\",\"https:\\\/\\\/x.com\\\/StudyInGranada\",\"http:\\\/\\\/instagram.com\\\/imsolgranada\",\"https:\\\/\\\/es.linkedin.com\\\/company\\\/imsol-granada\",\"https:\\\/\\\/www.pinterest.es\\\/inmsol\\\/\",\"https:\\\/\\\/www.youtube.com\\\/channel\\\/UChz-Qn_7coFMosY85iYMO4g\"]},{\"@type\":\"Person\",\"@id\":\"https:\\\/\\\/www.inmsol.com\\\/fr\\\/#\\\/schema\\\/person\\\/94a7a01d14a56d1fbc49c841ffc57fe9\",\"name\":\"- Instituto Mediterr\u00e1neo Sol\",\"image\":{\"@type\":\"ImageObject\",\"inLanguage\":\"fr-FR\",\"@id\":\"https:\\\/\\\/secure.gravatar.com\\\/avatar\\\/5607fdabdf1b548b6095cc3d43079829bc1497403e70dd34004e7204a8fef62b?s=96&d=mm&r=g\",\"url\":\"https:\\\/\\\/secure.gravatar.com\\\/avatar\\\/5607fdabdf1b548b6095cc3d43079829bc1497403e70dd34004e7204a8fef62b?s=96&d=mm&r=g\",\"contentUrl\":\"https:\\\/\\\/secure.gravatar.com\\\/avatar\\\/5607fdabdf1b548b6095cc3d43079829bc1497403e70dd34004e7204a8fef62b?s=96&d=mm&r=g\",\"caption\":\"- Instituto Mediterr\u00e1neo Sol\"},\"url\":\"https:\\\/\\\/www.inmsol.com\\\/fr\\\/author\\\/laura\\\/\"}]}<\/script>\n<!-- \/ Yoast SEO plugin. -->","yoast_head_json":{"title":"Convocation DELE Mai 2015","description":"Le prochain jour 23 mai aura lieu \u00e0 Grenade les \u00e9preuves pour l\u2019obtention du DELE (Dipl\u00f4me d\u2019espagnol comme langue \u00e9trang\u00e8re). Instituto Mediterr\u00e1neo Sol comme centre d\u2019examen DELE dans la ville de Grenade, organise les diff\u00e9rents examens, tant \u00e9crits qu\u2019oraux, pour tous les niveaux. De la m\u00eame fa\u00e7on, TROIS EXAMINATEURS, professeurs de notre centre participent aussi aux \u00e9preuves, lesquels ont re\u00e7u une formation sp\u00e9cifique de la part de l\u2019Instituto Cervantes pour s\u2019accr\u00e9diter en tant qu\u2019examinateurs des niveaux A1, A2, B1, B2, C1, C2 et A2\/B1 scolaire, formation qui suppose une familiarisation fondamentale avec les \u00e9preuves, non seulement pour l\u2019\u00e9valuation des diff\u00e9rents candidats mais aussi pour la pr\u00e9paration de nos \u00e9tudiants \u00e0 travers le Cursus de Pr\u00e9paration DELE de l\u2019Instituto Mediterr\u00e1neo Sol. Avec nous tu peux te pr\u00e9parer pour le DELE avec les meilleures garanties de qualit\u00e9. Informations sur les cours ici","robots":{"index":"index","follow":"follow","max-snippet":"max-snippet:-1","max-image-preview":"max-image-preview:large","max-video-preview":"max-video-preview:-1"},"canonical":"https:\/\/www.inmsol.com\/fr\/blog-fr-fr\/convocation-dele-mai-2015\/","og_locale":"fr_FR","og_type":"article","og_title":"Convocation DELE Mai 2015","og_description":"Le prochain jour 23 mai aura lieu \u00e0 Grenade les \u00e9preuves pour l\u2019obtention du DELE (Dipl\u00f4me d\u2019espagnol comme langue \u00e9trang\u00e8re). Instituto Mediterr\u00e1neo Sol comme centre d\u2019examen DELE dans la ville de Grenade, organise les diff\u00e9rents examens, tant \u00e9crits qu\u2019oraux, pour tous les niveaux. De la m\u00eame fa\u00e7on, TROIS EXAMINATEURS, professeurs de notre centre participent aussi aux \u00e9preuves, lesquels ont re\u00e7u une formation sp\u00e9cifique de la part de l\u2019Instituto Cervantes pour s\u2019accr\u00e9diter en tant qu\u2019examinateurs des niveaux A1, A2, B1, B2, C1, C2 et A2\/B1 scolaire, formation qui suppose une familiarisation fondamentale avec les \u00e9preuves, non seulement pour l\u2019\u00e9valuation des diff\u00e9rents candidats mais aussi pour la pr\u00e9paration de nos \u00e9tudiants \u00e0 travers le Cursus de Pr\u00e9paration DELE de l\u2019Instituto Mediterr\u00e1neo Sol. Avec nous tu peux te pr\u00e9parer pour le DELE avec les meilleures garanties de qualit\u00e9. Informations sur les cours ici","og_url":"https:\/\/www.inmsol.com\/fr\/blog-fr-fr\/convocation-dele-mai-2015\/","og_site_name":"iNMSOL","article_publisher":"https:\/\/www.facebook.com\/spanishcourses","article_published_time":"2015-05-07T14:34:01+00:00","article_modified_time":"2017-04-11T09:15:46+00:00","og_image":[{"width":280,"height":248,"url":"https:\/\/www.inmsol.com\/wp-content\/uploads\/2015\/05\/Logo-DELE.jpg","type":"image\/jpeg"}],"author":"- Instituto Mediterr\u00e1neo Sol","twitter_misc":{"\u00c9crit par":"- Instituto Mediterr\u00e1neo Sol","Dur\u00e9e de lecture estim\u00e9e":"1 minute"},"schema":{"@context":"https:\/\/schema.org","@graph":[{"@type":"Article","@id":"https:\/\/www.inmsol.com\/fr\/blog-fr-fr\/convocation-dele-mai-2015\/#article","isPartOf":{"@id":"https:\/\/www.inmsol.com\/fr\/blog-fr-fr\/convocation-dele-mai-2015\/"},"author":{"name":"- Instituto Mediterr\u00e1neo Sol","@id":"https:\/\/www.inmsol.com\/fr\/#\/schema\/person\/94a7a01d14a56d1fbc49c841ffc57fe9"},"headline":"Convocation DELE Mai 2015","datePublished":"2015-05-07T14:34:01+00:00","dateModified":"2017-04-11T09:15:46+00:00","mainEntityOfPage":{"@id":"https:\/\/www.inmsol.com\/fr\/blog-fr-fr\/convocation-dele-mai-2015\/"},"wordCount":164,"publisher":{"@id":"https:\/\/www.inmsol.com\/fr\/#organization"},"image":{"@id":"https:\/\/www.inmsol.com\/fr\/blog-fr-fr\/convocation-dele-mai-2015\/#primaryimage"},"thumbnailUrl":"https:\/\/www.inmsol.com\/wp-content\/uploads\/2015\/05\/Logo-DELE.jpg","articleSection":["Blog"],"inLanguage":"fr-FR"},{"@type":"WebPage","@id":"https:\/\/www.inmsol.com\/fr\/blog-fr-fr\/convocation-dele-mai-2015\/","url":"https:\/\/www.inmsol.com\/fr\/blog-fr-fr\/convocation-dele-mai-2015\/","name":"Convocation DELE Mai 2015","isPartOf":{"@id":"https:\/\/www.inmsol.com\/fr\/#website"},"primaryImageOfPage":{"@id":"https:\/\/www.inmsol.com\/fr\/blog-fr-fr\/convocation-dele-mai-2015\/#primaryimage"},"image":{"@id":"https:\/\/www.inmsol.com\/fr\/blog-fr-fr\/convocation-dele-mai-2015\/#primaryimage"},"thumbnailUrl":"https:\/\/www.inmsol.com\/wp-content\/uploads\/2015\/05\/Logo-DELE.jpg","datePublished":"2015-05-07T14:34:01+00:00","dateModified":"2017-04-11T09:15:46+00:00","description":"Le prochain jour 23 mai aura lieu \u00e0 Grenade les \u00e9preuves pour l\u2019obtention du DELE (Dipl\u00f4me d\u2019espagnol comme langue \u00e9trang\u00e8re). Instituto Mediterr\u00e1neo Sol comme centre d\u2019examen DELE dans la ville de Grenade, organise les diff\u00e9rents examens, tant \u00e9crits qu\u2019oraux, pour tous les niveaux. De la m\u00eame fa\u00e7on, TROIS EXAMINATEURS, professeurs de notre centre participent aussi aux \u00e9preuves, lesquels ont re\u00e7u une formation sp\u00e9cifique de la part de l\u2019Instituto Cervantes pour s\u2019accr\u00e9diter en tant qu\u2019examinateurs des niveaux A1, A2, B1, B2, C1, C2 et A2\/B1 scolaire, formation qui suppose une familiarisation fondamentale avec les \u00e9preuves, non seulement pour l\u2019\u00e9valuation des diff\u00e9rents candidats mais aussi pour la pr\u00e9paration de nos \u00e9tudiants \u00e0 travers le Cursus de Pr\u00e9paration DELE de l\u2019Instituto Mediterr\u00e1neo Sol. Avec nous tu peux te pr\u00e9parer pour le DELE avec les meilleures garanties de qualit\u00e9. Informations sur les cours ici","breadcrumb":{"@id":"https:\/\/www.inmsol.com\/fr\/blog-fr-fr\/convocation-dele-mai-2015\/#breadcrumb"},"inLanguage":"fr-FR","potentialAction":[{"@type":"ReadAction","target":["https:\/\/www.inmsol.com\/fr\/blog-fr-fr\/convocation-dele-mai-2015\/"]}]},{"@type":"ImageObject","inLanguage":"fr-FR","@id":"https:\/\/www.inmsol.com\/fr\/blog-fr-fr\/convocation-dele-mai-2015\/#primaryimage","url":"https:\/\/www.inmsol.com\/wp-content\/uploads\/2015\/05\/Logo-DELE.jpg","contentUrl":"https:\/\/www.inmsol.com\/wp-content\/uploads\/2015\/05\/Logo-DELE.jpg","width":280,"height":248},{"@type":"BreadcrumbList","@id":"https:\/\/www.inmsol.com\/fr\/blog-fr-fr\/convocation-dele-mai-2015\/#breadcrumb","itemListElement":[{"@type":"ListItem","position":1,"name":"Accredited Center by Instituto Cervantes","item":"https:\/\/www.inmsol.com\/fr\/pagina-ejemplo\/"},{"@type":"ListItem","position":2,"name":"Blog","item":"https:\/\/www.inmsol.com\/fr\/category\/blog-fr-fr\/"},{"@type":"ListItem","position":3,"name":"Convocation DELE Mai 2015"}]},{"@type":"WebSite","@id":"https:\/\/www.inmsol.com\/fr\/#website","url":"https:\/\/www.inmsol.com\/fr\/","name":"iNMSOL","description":"Apprenez l'espagnol avec nous - Centre de formation affili\u00e9 \u00e0 l'Institute Cervantes","publisher":{"@id":"https:\/\/www.inmsol.com\/fr\/#organization"},"potentialAction":[{"@type":"SearchAction","target":{"@type":"EntryPoint","urlTemplate":"https:\/\/www.inmsol.com\/fr\/?s={search_term_string}"},"query-input":{"@type":"PropertyValueSpecification","valueRequired":true,"valueName":"search_term_string"}}],"inLanguage":"fr-FR"},{"@type":"Organization","@id":"https:\/\/www.inmsol.com\/fr\/#organization","name":"Instituto Mediterr\u00e1neo Sol","url":"https:\/\/www.inmsol.com\/fr\/","logo":{"@type":"ImageObject","inLanguage":"fr-FR","@id":"https:\/\/www.inmsol.com\/fr\/#\/schema\/logo\/image\/","url":"https:\/\/www.inmsol.com\/wp-content\/uploads\/2023\/06\/logo-inmsol-1.png","contentUrl":"https:\/\/www.inmsol.com\/wp-content\/uploads\/2023\/06\/logo-inmsol-1.png","width":136,"height":73,"caption":"Instituto Mediterr\u00e1neo Sol"},"image":{"@id":"https:\/\/www.inmsol.com\/fr\/#\/schema\/logo\/image\/"},"sameAs":["https:\/\/www.facebook.com\/spanishcourses","https:\/\/x.com\/StudyInGranada","http:\/\/instagram.com\/imsolgranada","https:\/\/es.linkedin.com\/company\/imsol-granada","https:\/\/www.pinterest.es\/inmsol\/","https:\/\/www.youtube.com\/channel\/UChz-Qn_7coFMosY85iYMO4g"]},{"@type":"Person","@id":"https:\/\/www.inmsol.com\/fr\/#\/schema\/person\/94a7a01d14a56d1fbc49c841ffc57fe9","name":"- Instituto Mediterr\u00e1neo Sol","image":{"@type":"ImageObject","inLanguage":"fr-FR","@id":"https:\/\/secure.gravatar.com\/avatar\/5607fdabdf1b548b6095cc3d43079829bc1497403e70dd34004e7204a8fef62b?s=96&d=mm&r=g","url":"https:\/\/secure.gravatar.com\/avatar\/5607fdabdf1b548b6095cc3d43079829bc1497403e70dd34004e7204a8fef62b?s=96&d=mm&r=g","contentUrl":"https:\/\/secure.gravatar.com\/avatar\/5607fdabdf1b548b6095cc3d43079829bc1497403e70dd34004e7204a8fef62b?s=96&d=mm&r=g","caption":"- Instituto Mediterr\u00e1neo Sol"},"url":"https:\/\/www.inmsol.com\/fr\/author\/laura\/"}]}},"_links":{"self":[{"href":"https:\/\/www.inmsol.com\/fr\/wp-json\/wp\/v2\/posts\/15403","targetHints":{"allow":["GET"]}}],"collection":[{"href":"https:\/\/www.inmsol.com\/fr\/wp-json\/wp\/v2\/posts"}],"about":[{"href":"https:\/\/www.inmsol.com\/fr\/wp-json\/wp\/v2\/types\/post"}],"author":[{"embeddable":true,"href":"https:\/\/www.inmsol.com\/fr\/wp-json\/wp\/v2\/users\/3"}],"replies":[{"embeddable":true,"href":"https:\/\/www.inmsol.com\/fr\/wp-json\/wp\/v2\/comments?post=15403"}],"version-history":[{"count":0,"href":"https:\/\/www.inmsol.com\/fr\/wp-json\/wp\/v2\/posts\/15403\/revisions"}],"wp:featuredmedia":[{"embeddable":true,"href":"https:\/\/www.inmsol.com\/fr\/wp-json\/wp\/v2\/media\/15363"}],"wp:attachment":[{"href":"https:\/\/www.inmsol.com\/fr\/wp-json\/wp\/v2\/media?parent=15403"}],"wp:term":[{"taxonomy":"category","embeddable":true,"href":"https:\/\/www.inmsol.com\/fr\/wp-json\/wp\/v2\/categories?post=15403"},{"taxonomy":"post_tag","embeddable":true,"href":"https:\/\/www.inmsol.com\/fr\/wp-json\/wp\/v2\/tags?post=15403"}],"curies":[{"name":"wp","href":"https:\/\/api.w.org\/{rel}","templated":true}]}}