{"id":15429,"date":"2015-05-11T16:56:47","date_gmt":"2015-05-11T14:56:47","guid":{"rendered":"https:\/\/www.inmsol.com\/?p=15429"},"modified":"2015-05-11T16:56:47","modified_gmt":"2015-05-11T14:56:47","slug":"grenade-est-a-la-mode-dans-plus-de-100-commerces","status":"publish","type":"post","link":"https:\/\/www.inmsol.com\/fr\/blog-fr-fr\/grenade-est-a-la-mode-dans-plus-de-100-commerces\/","title":{"rendered":"Grenade est \u00e0 la mode dans plus de 100 commerces"},"content":{"rendered":"<p><strong><img fetchpriority=\"high\" decoding=\"async\" class=\" size-medium wp-image-15414 aligncenter\" src=\"https:\/\/www.inmsol.com\/wp-content\/uploads\/2015\/05\/Granada-est\u00e1-de-moda-460x290.jpg\" alt=\"Granada est\u00e1 de moda\" width=\"460\" height=\"290\" srcset=\"https:\/\/www.inmsol.com\/wp-content\/uploads\/2015\/05\/Granada-est\u00e1-de-moda-460x290.jpg 460w, https:\/\/www.inmsol.com\/wp-content\/uploads\/2015\/05\/Granada-est\u00e1-de-moda-600x379.jpg 600w, https:\/\/www.inmsol.com\/wp-content\/uploads\/2015\/05\/Granada-est\u00e1-de-moda-200x126.jpg 200w, https:\/\/www.inmsol.com\/wp-content\/uploads\/2015\/05\/Granada-est\u00e1-de-moda-250x158.jpg 250w, https:\/\/www.inmsol.com\/wp-content\/uploads\/2015\/05\/Granada-est\u00e1-de-moda.jpg 800w\" sizes=\"(max-width: 460px) 100vw, 460px\" \/><\/strong><\/p>\n<p><strong>DJs, cocktails de fruits et s\u00e9ance de photo<\/strong> dans une boutique de v\u00eatement, tout cela sera possible ce soir entre <strong>20h00<\/strong> et <strong>23h00<\/strong> dans une centaine de boutiques du centre de la ville gr\u00e2ce \u00e0 la troisi\u00e8me \u00e9dition de <em>Granada est\u00e1 de moda.<\/em><\/p>\n<p>Cette ann\u00e9e les boutiques participantes sont 114: 14 de plus que l\u2019ann\u00e9e pass\u00e9e et 34 de plus que la premi\u00e8re \u00e9dition. La campagne pr\u00e9sente a r\u00e9ussi \u00e0 additionner des commerces situ\u00e9s dans le <strong>Zaid\u00edn <\/strong>et dans la zone de <strong>Camino de Ronda<\/strong>\u00a0 avec l\u2019objectif de la municipalit\u00e9 d\u2019\u00e9tendre cette manifestation \u00e9galement aux quartiers. De plus, la municipalit\u00e9 a organis\u00e9 <strong>25 spectacles<\/strong> <strong>musicaux, dances, sport, routes touristiques et photographie et un tirage au sort de cinq ch\u00e8ques \u2013 achat <\/strong>avec la tentative de fid\u00e9liser les clients et convertir la ville en une explosion de couleurs.<\/p>\n<p><strong>Fuente de las Batallas, Puerta Real, Plaza Bib-Rambla y Campo Verde <\/strong>sont quelques uns des lieux dans lesquels sont effectu\u00e9s les activit\u00e9s d\u00e9di\u00e9es tant aux enfants qu\u2019aux adultes sans distinction d\u2019\u00e2ge: du flashmobe au flamenco, des activit\u00e9s infantiles au concert du guitariste Pablo Gim\u00e9nez\u2026 Toutes les informations de cet \u00e9v\u00e8nement ainsi que les \u00e9tablissements associ\u00e9s peuvent \u00eatre consult\u00e9s sur la page <strong>Facebook <\/strong><em>Granada est\u00e1 de moda, <\/em>sur <strong>Twitter <\/strong>@GRestademoda et sur <strong>Instagram <\/strong>o\u00f9 vous pourrez participer avec l\u2019\u00e9tiquette @granadaestademoda.<\/p>\n<p>&nbsp;<\/p>\n","protected":false},"excerpt":{"rendered":"<p>DJs, cocktails de fruits et s\u00e9ance de photo dans une boutique de v\u00eatement, tout cela sera possible ce soir entre 20h00 et 23h00 dans une centaine de boutiques du centre de la ville gr\u00e2ce \u00e0 la troisi\u00e8me \u00e9dition de Granada est\u00e1 de moda. Cette ann\u00e9e&#8230;<\/p>\n","protected":false},"author":3,"featured_media":15414,"comment_status":"closed","ping_status":"closed","sticky":false,"template":"","format":"standard","meta":{"_acf_changed":false,"footnotes":""},"categories":[4],"tags":[],"class_list":["post-15429","post","type-post","status-publish","format-standard","has-post-thumbnail","hentry","category-blog-fr-fr"],"acf":[],"yoast_head":"<!-- This site is optimized with the Yoast SEO plugin v27.5 - https:\/\/yoast.com\/product\/yoast-seo-wordpress\/ -->\n<title>Grenade est \u00e0 la mode dans plus de 100 commerces<\/title>\n<meta name=\"description\" content=\"DJs, cocktails de fuits et s\u00e9ance de photo dans une boutique de v\u00eatement, tout cela sera possible ce soir entre 20h00 et 23h00 dans une centaine de boutiques du centre de la ville gr\u00e2ce \u00e0 la troisi\u00e8me \u00e9dition de Granada est\u00e1 de moda.\" \/>\n<meta name=\"robots\" content=\"index, follow, max-snippet:-1, max-image-preview:large, max-video-preview:-1\" \/>\n<link rel=\"canonical\" href=\"https:\/\/www.inmsol.com\/fr\/blog-fr-fr\/grenade-est-a-la-mode-dans-plus-de-100-commerces\/\" \/>\n<meta property=\"og:locale\" content=\"fr_FR\" \/>\n<meta property=\"og:type\" content=\"article\" \/>\n<meta property=\"og:title\" content=\"Grenade est \u00e0 la mode dans plus de 100 commerces\" \/>\n<meta property=\"og:description\" content=\"DJs, cocktails de fuits et s\u00e9ance de photo dans une boutique de v\u00eatement, tout cela sera possible ce soir entre 20h00 et 23h00 dans une centaine de boutiques du centre de la ville gr\u00e2ce \u00e0 la troisi\u00e8me \u00e9dition de Granada est\u00e1 de moda.\" \/>\n<meta property=\"og:url\" content=\"https:\/\/www.inmsol.com\/fr\/blog-fr-fr\/grenade-est-a-la-mode-dans-plus-de-100-commerces\/\" \/>\n<meta property=\"og:site_name\" content=\"iNMSOL\" \/>\n<meta property=\"article:publisher\" content=\"https:\/\/www.facebook.com\/spanishcourses\" \/>\n<meta property=\"article:published_time\" content=\"2015-05-11T14:56:47+00:00\" \/>\n<meta property=\"og:image\" content=\"https:\/\/www.inmsol.com\/wp-content\/uploads\/2015\/05\/Granada-est\u00e1-de-moda.jpg\" \/>\n\t<meta property=\"og:image:width\" content=\"800\" \/>\n\t<meta property=\"og:image:height\" content=\"505\" \/>\n\t<meta property=\"og:image:type\" content=\"image\/jpeg\" \/>\n<meta name=\"author\" content=\"- Instituto Mediterr\u00e1neo Sol\" \/>\n<meta name=\"twitter:label1\" content=\"\u00c9crit par\" \/>\n\t<meta name=\"twitter:data1\" content=\"- Instituto Mediterr\u00e1neo Sol\" \/>\n\t<meta name=\"twitter:label2\" content=\"Dur\u00e9e de lecture estim\u00e9e\" \/>\n\t<meta name=\"twitter:data2\" content=\"1 minute\" \/>\n<script type=\"application\/ld+json\" class=\"yoast-schema-graph\">{\"@context\":\"https:\\\/\\\/schema.org\",\"@graph\":[{\"@type\":\"Article\",\"@id\":\"https:\\\/\\\/www.inmsol.com\\\/fr\\\/blog-fr-fr\\\/grenade-est-a-la-mode-dans-plus-de-100-commerces\\\/#article\",\"isPartOf\":{\"@id\":\"https:\\\/\\\/www.inmsol.com\\\/fr\\\/blog-fr-fr\\\/grenade-est-a-la-mode-dans-plus-de-100-commerces\\\/\"},\"author\":{\"name\":\"- Instituto Mediterr\u00e1neo Sol\",\"@id\":\"https:\\\/\\\/www.inmsol.com\\\/fr\\\/#\\\/schema\\\/person\\\/94a7a01d14a56d1fbc49c841ffc57fe9\"},\"headline\":\"Grenade est \u00e0 la mode dans plus de 100 commerces\",\"datePublished\":\"2015-05-11T14:56:47+00:00\",\"mainEntityOfPage\":{\"@id\":\"https:\\\/\\\/www.inmsol.com\\\/fr\\\/blog-fr-fr\\\/grenade-est-a-la-mode-dans-plus-de-100-commerces\\\/\"},\"wordCount\":247,\"publisher\":{\"@id\":\"https:\\\/\\\/www.inmsol.com\\\/fr\\\/#organization\"},\"image\":{\"@id\":\"https:\\\/\\\/www.inmsol.com\\\/fr\\\/blog-fr-fr\\\/grenade-est-a-la-mode-dans-plus-de-100-commerces\\\/#primaryimage\"},\"thumbnailUrl\":\"https:\\\/\\\/www.inmsol.com\\\/wp-content\\\/uploads\\\/2015\\\/05\\\/Granada-est\u00e1-de-moda.jpg\",\"articleSection\":[\"Blog\"],\"inLanguage\":\"fr-FR\"},{\"@type\":\"WebPage\",\"@id\":\"https:\\\/\\\/www.inmsol.com\\\/fr\\\/blog-fr-fr\\\/grenade-est-a-la-mode-dans-plus-de-100-commerces\\\/\",\"url\":\"https:\\\/\\\/www.inmsol.com\\\/fr\\\/blog-fr-fr\\\/grenade-est-a-la-mode-dans-plus-de-100-commerces\\\/\",\"name\":\"Grenade est \u00e0 la mode dans plus de 100 commerces\",\"isPartOf\":{\"@id\":\"https:\\\/\\\/www.inmsol.com\\\/fr\\\/#website\"},\"primaryImageOfPage\":{\"@id\":\"https:\\\/\\\/www.inmsol.com\\\/fr\\\/blog-fr-fr\\\/grenade-est-a-la-mode-dans-plus-de-100-commerces\\\/#primaryimage\"},\"image\":{\"@id\":\"https:\\\/\\\/www.inmsol.com\\\/fr\\\/blog-fr-fr\\\/grenade-est-a-la-mode-dans-plus-de-100-commerces\\\/#primaryimage\"},\"thumbnailUrl\":\"https:\\\/\\\/www.inmsol.com\\\/wp-content\\\/uploads\\\/2015\\\/05\\\/Granada-est\u00e1-de-moda.jpg\",\"datePublished\":\"2015-05-11T14:56:47+00:00\",\"description\":\"DJs, cocktails de fuits et s\u00e9ance de photo dans une boutique de v\u00eatement, tout cela sera possible ce soir entre 20h00 et 23h00 dans une centaine de boutiques du centre de la ville gr\u00e2ce \u00e0 la troisi\u00e8me \u00e9dition de Granada est\u00e1 de moda.\",\"breadcrumb\":{\"@id\":\"https:\\\/\\\/www.inmsol.com\\\/fr\\\/blog-fr-fr\\\/grenade-est-a-la-mode-dans-plus-de-100-commerces\\\/#breadcrumb\"},\"inLanguage\":\"fr-FR\",\"potentialAction\":[{\"@type\":\"ReadAction\",\"target\":[\"https:\\\/\\\/www.inmsol.com\\\/fr\\\/blog-fr-fr\\\/grenade-est-a-la-mode-dans-plus-de-100-commerces\\\/\"]}]},{\"@type\":\"ImageObject\",\"inLanguage\":\"fr-FR\",\"@id\":\"https:\\\/\\\/www.inmsol.com\\\/fr\\\/blog-fr-fr\\\/grenade-est-a-la-mode-dans-plus-de-100-commerces\\\/#primaryimage\",\"url\":\"https:\\\/\\\/www.inmsol.com\\\/wp-content\\\/uploads\\\/2015\\\/05\\\/Granada-est\u00e1-de-moda.jpg\",\"contentUrl\":\"https:\\\/\\\/www.inmsol.com\\\/wp-content\\\/uploads\\\/2015\\\/05\\\/Granada-est\u00e1-de-moda.jpg\",\"width\":800,\"height\":505},{\"@type\":\"BreadcrumbList\",\"@id\":\"https:\\\/\\\/www.inmsol.com\\\/fr\\\/blog-fr-fr\\\/grenade-est-a-la-mode-dans-plus-de-100-commerces\\\/#breadcrumb\",\"itemListElement\":[{\"@type\":\"ListItem\",\"position\":1,\"name\":\"Accredited Center by Instituto Cervantes\",\"item\":\"https:\\\/\\\/www.inmsol.com\\\/fr\\\/pagina-ejemplo\\\/\"},{\"@type\":\"ListItem\",\"position\":2,\"name\":\"Blog\",\"item\":\"https:\\\/\\\/www.inmsol.com\\\/fr\\\/category\\\/blog-fr-fr\\\/\"},{\"@type\":\"ListItem\",\"position\":3,\"name\":\"Grenade est \u00e0 la mode dans plus de 100 commerces\"}]},{\"@type\":\"WebSite\",\"@id\":\"https:\\\/\\\/www.inmsol.com\\\/fr\\\/#website\",\"url\":\"https:\\\/\\\/www.inmsol.com\\\/fr\\\/\",\"name\":\"iNMSOL\",\"description\":\"Apprenez l'espagnol avec nous - Centre de formation affili\u00e9 \u00e0 l'Institute Cervantes\",\"publisher\":{\"@id\":\"https:\\\/\\\/www.inmsol.com\\\/fr\\\/#organization\"},\"potentialAction\":[{\"@type\":\"SearchAction\",\"target\":{\"@type\":\"EntryPoint\",\"urlTemplate\":\"https:\\\/\\\/www.inmsol.com\\\/fr\\\/?s={search_term_string}\"},\"query-input\":{\"@type\":\"PropertyValueSpecification\",\"valueRequired\":true,\"valueName\":\"search_term_string\"}}],\"inLanguage\":\"fr-FR\"},{\"@type\":\"Organization\",\"@id\":\"https:\\\/\\\/www.inmsol.com\\\/fr\\\/#organization\",\"name\":\"Instituto Mediterr\u00e1neo Sol\",\"url\":\"https:\\\/\\\/www.inmsol.com\\\/fr\\\/\",\"logo\":{\"@type\":\"ImageObject\",\"inLanguage\":\"fr-FR\",\"@id\":\"https:\\\/\\\/www.inmsol.com\\\/fr\\\/#\\\/schema\\\/logo\\\/image\\\/\",\"url\":\"https:\\\/\\\/www.inmsol.com\\\/wp-content\\\/uploads\\\/2023\\\/06\\\/logo-inmsol-1.png\",\"contentUrl\":\"https:\\\/\\\/www.inmsol.com\\\/wp-content\\\/uploads\\\/2023\\\/06\\\/logo-inmsol-1.png\",\"width\":136,\"height\":73,\"caption\":\"Instituto Mediterr\u00e1neo Sol\"},\"image\":{\"@id\":\"https:\\\/\\\/www.inmsol.com\\\/fr\\\/#\\\/schema\\\/logo\\\/image\\\/\"},\"sameAs\":[\"https:\\\/\\\/www.facebook.com\\\/spanishcourses\",\"https:\\\/\\\/x.com\\\/StudyInGranada\",\"http:\\\/\\\/instagram.com\\\/imsolgranada\",\"https:\\\/\\\/es.linkedin.com\\\/company\\\/imsol-granada\",\"https:\\\/\\\/www.pinterest.es\\\/inmsol\\\/\",\"https:\\\/\\\/www.youtube.com\\\/channel\\\/UChz-Qn_7coFMosY85iYMO4g\"]},{\"@type\":\"Person\",\"@id\":\"https:\\\/\\\/www.inmsol.com\\\/fr\\\/#\\\/schema\\\/person\\\/94a7a01d14a56d1fbc49c841ffc57fe9\",\"name\":\"- Instituto Mediterr\u00e1neo Sol\",\"image\":{\"@type\":\"ImageObject\",\"inLanguage\":\"fr-FR\",\"@id\":\"https:\\\/\\\/secure.gravatar.com\\\/avatar\\\/5607fdabdf1b548b6095cc3d43079829bc1497403e70dd34004e7204a8fef62b?s=96&d=mm&r=g\",\"url\":\"https:\\\/\\\/secure.gravatar.com\\\/avatar\\\/5607fdabdf1b548b6095cc3d43079829bc1497403e70dd34004e7204a8fef62b?s=96&d=mm&r=g\",\"contentUrl\":\"https:\\\/\\\/secure.gravatar.com\\\/avatar\\\/5607fdabdf1b548b6095cc3d43079829bc1497403e70dd34004e7204a8fef62b?s=96&d=mm&r=g\",\"caption\":\"- Instituto Mediterr\u00e1neo Sol\"},\"url\":\"https:\\\/\\\/www.inmsol.com\\\/fr\\\/author\\\/laura\\\/\"}]}<\/script>\n<!-- \/ Yoast SEO plugin. -->","yoast_head_json":{"title":"Grenade est \u00e0 la mode dans plus de 100 commerces","description":"DJs, cocktails de fuits et s\u00e9ance de photo dans une boutique de v\u00eatement, tout cela sera possible ce soir entre 20h00 et 23h00 dans une centaine de boutiques du centre de la ville gr\u00e2ce \u00e0 la troisi\u00e8me \u00e9dition de Granada est\u00e1 de moda.","robots":{"index":"index","follow":"follow","max-snippet":"max-snippet:-1","max-image-preview":"max-image-preview:large","max-video-preview":"max-video-preview:-1"},"canonical":"https:\/\/www.inmsol.com\/fr\/blog-fr-fr\/grenade-est-a-la-mode-dans-plus-de-100-commerces\/","og_locale":"fr_FR","og_type":"article","og_title":"Grenade est \u00e0 la mode dans plus de 100 commerces","og_description":"DJs, cocktails de fuits et s\u00e9ance de photo dans une boutique de v\u00eatement, tout cela sera possible ce soir entre 20h00 et 23h00 dans une centaine de boutiques du centre de la ville gr\u00e2ce \u00e0 la troisi\u00e8me \u00e9dition de Granada est\u00e1 de moda.","og_url":"https:\/\/www.inmsol.com\/fr\/blog-fr-fr\/grenade-est-a-la-mode-dans-plus-de-100-commerces\/","og_site_name":"iNMSOL","article_publisher":"https:\/\/www.facebook.com\/spanishcourses","article_published_time":"2015-05-11T14:56:47+00:00","og_image":[{"width":800,"height":505,"url":"https:\/\/www.inmsol.com\/wp-content\/uploads\/2015\/05\/Granada-est\u00e1-de-moda.jpg","type":"image\/jpeg"}],"author":"- Instituto Mediterr\u00e1neo Sol","twitter_misc":{"\u00c9crit par":"- Instituto Mediterr\u00e1neo Sol","Dur\u00e9e de lecture estim\u00e9e":"1 minute"},"schema":{"@context":"https:\/\/schema.org","@graph":[{"@type":"Article","@id":"https:\/\/www.inmsol.com\/fr\/blog-fr-fr\/grenade-est-a-la-mode-dans-plus-de-100-commerces\/#article","isPartOf":{"@id":"https:\/\/www.inmsol.com\/fr\/blog-fr-fr\/grenade-est-a-la-mode-dans-plus-de-100-commerces\/"},"author":{"name":"- Instituto Mediterr\u00e1neo Sol","@id":"https:\/\/www.inmsol.com\/fr\/#\/schema\/person\/94a7a01d14a56d1fbc49c841ffc57fe9"},"headline":"Grenade est \u00e0 la mode dans plus de 100 commerces","datePublished":"2015-05-11T14:56:47+00:00","mainEntityOfPage":{"@id":"https:\/\/www.inmsol.com\/fr\/blog-fr-fr\/grenade-est-a-la-mode-dans-plus-de-100-commerces\/"},"wordCount":247,"publisher":{"@id":"https:\/\/www.inmsol.com\/fr\/#organization"},"image":{"@id":"https:\/\/www.inmsol.com\/fr\/blog-fr-fr\/grenade-est-a-la-mode-dans-plus-de-100-commerces\/#primaryimage"},"thumbnailUrl":"https:\/\/www.inmsol.com\/wp-content\/uploads\/2015\/05\/Granada-est\u00e1-de-moda.jpg","articleSection":["Blog"],"inLanguage":"fr-FR"},{"@type":"WebPage","@id":"https:\/\/www.inmsol.com\/fr\/blog-fr-fr\/grenade-est-a-la-mode-dans-plus-de-100-commerces\/","url":"https:\/\/www.inmsol.com\/fr\/blog-fr-fr\/grenade-est-a-la-mode-dans-plus-de-100-commerces\/","name":"Grenade est \u00e0 la mode dans plus de 100 commerces","isPartOf":{"@id":"https:\/\/www.inmsol.com\/fr\/#website"},"primaryImageOfPage":{"@id":"https:\/\/www.inmsol.com\/fr\/blog-fr-fr\/grenade-est-a-la-mode-dans-plus-de-100-commerces\/#primaryimage"},"image":{"@id":"https:\/\/www.inmsol.com\/fr\/blog-fr-fr\/grenade-est-a-la-mode-dans-plus-de-100-commerces\/#primaryimage"},"thumbnailUrl":"https:\/\/www.inmsol.com\/wp-content\/uploads\/2015\/05\/Granada-est\u00e1-de-moda.jpg","datePublished":"2015-05-11T14:56:47+00:00","description":"DJs, cocktails de fuits et s\u00e9ance de photo dans une boutique de v\u00eatement, tout cela sera possible ce soir entre 20h00 et 23h00 dans une centaine de boutiques du centre de la ville gr\u00e2ce \u00e0 la troisi\u00e8me \u00e9dition de Granada est\u00e1 de moda.","breadcrumb":{"@id":"https:\/\/www.inmsol.com\/fr\/blog-fr-fr\/grenade-est-a-la-mode-dans-plus-de-100-commerces\/#breadcrumb"},"inLanguage":"fr-FR","potentialAction":[{"@type":"ReadAction","target":["https:\/\/www.inmsol.com\/fr\/blog-fr-fr\/grenade-est-a-la-mode-dans-plus-de-100-commerces\/"]}]},{"@type":"ImageObject","inLanguage":"fr-FR","@id":"https:\/\/www.inmsol.com\/fr\/blog-fr-fr\/grenade-est-a-la-mode-dans-plus-de-100-commerces\/#primaryimage","url":"https:\/\/www.inmsol.com\/wp-content\/uploads\/2015\/05\/Granada-est\u00e1-de-moda.jpg","contentUrl":"https:\/\/www.inmsol.com\/wp-content\/uploads\/2015\/05\/Granada-est\u00e1-de-moda.jpg","width":800,"height":505},{"@type":"BreadcrumbList","@id":"https:\/\/www.inmsol.com\/fr\/blog-fr-fr\/grenade-est-a-la-mode-dans-plus-de-100-commerces\/#breadcrumb","itemListElement":[{"@type":"ListItem","position":1,"name":"Accredited Center by Instituto Cervantes","item":"https:\/\/www.inmsol.com\/fr\/pagina-ejemplo\/"},{"@type":"ListItem","position":2,"name":"Blog","item":"https:\/\/www.inmsol.com\/fr\/category\/blog-fr-fr\/"},{"@type":"ListItem","position":3,"name":"Grenade est \u00e0 la mode dans plus de 100 commerces"}]},{"@type":"WebSite","@id":"https:\/\/www.inmsol.com\/fr\/#website","url":"https:\/\/www.inmsol.com\/fr\/","name":"iNMSOL","description":"Apprenez l'espagnol avec nous - Centre de formation affili\u00e9 \u00e0 l'Institute Cervantes","publisher":{"@id":"https:\/\/www.inmsol.com\/fr\/#organization"},"potentialAction":[{"@type":"SearchAction","target":{"@type":"EntryPoint","urlTemplate":"https:\/\/www.inmsol.com\/fr\/?s={search_term_string}"},"query-input":{"@type":"PropertyValueSpecification","valueRequired":true,"valueName":"search_term_string"}}],"inLanguage":"fr-FR"},{"@type":"Organization","@id":"https:\/\/www.inmsol.com\/fr\/#organization","name":"Instituto Mediterr\u00e1neo Sol","url":"https:\/\/www.inmsol.com\/fr\/","logo":{"@type":"ImageObject","inLanguage":"fr-FR","@id":"https:\/\/www.inmsol.com\/fr\/#\/schema\/logo\/image\/","url":"https:\/\/www.inmsol.com\/wp-content\/uploads\/2023\/06\/logo-inmsol-1.png","contentUrl":"https:\/\/www.inmsol.com\/wp-content\/uploads\/2023\/06\/logo-inmsol-1.png","width":136,"height":73,"caption":"Instituto Mediterr\u00e1neo Sol"},"image":{"@id":"https:\/\/www.inmsol.com\/fr\/#\/schema\/logo\/image\/"},"sameAs":["https:\/\/www.facebook.com\/spanishcourses","https:\/\/x.com\/StudyInGranada","http:\/\/instagram.com\/imsolgranada","https:\/\/es.linkedin.com\/company\/imsol-granada","https:\/\/www.pinterest.es\/inmsol\/","https:\/\/www.youtube.com\/channel\/UChz-Qn_7coFMosY85iYMO4g"]},{"@type":"Person","@id":"https:\/\/www.inmsol.com\/fr\/#\/schema\/person\/94a7a01d14a56d1fbc49c841ffc57fe9","name":"- Instituto Mediterr\u00e1neo Sol","image":{"@type":"ImageObject","inLanguage":"fr-FR","@id":"https:\/\/secure.gravatar.com\/avatar\/5607fdabdf1b548b6095cc3d43079829bc1497403e70dd34004e7204a8fef62b?s=96&d=mm&r=g","url":"https:\/\/secure.gravatar.com\/avatar\/5607fdabdf1b548b6095cc3d43079829bc1497403e70dd34004e7204a8fef62b?s=96&d=mm&r=g","contentUrl":"https:\/\/secure.gravatar.com\/avatar\/5607fdabdf1b548b6095cc3d43079829bc1497403e70dd34004e7204a8fef62b?s=96&d=mm&r=g","caption":"- Instituto Mediterr\u00e1neo Sol"},"url":"https:\/\/www.inmsol.com\/fr\/author\/laura\/"}]}},"_links":{"self":[{"href":"https:\/\/www.inmsol.com\/fr\/wp-json\/wp\/v2\/posts\/15429","targetHints":{"allow":["GET"]}}],"collection":[{"href":"https:\/\/www.inmsol.com\/fr\/wp-json\/wp\/v2\/posts"}],"about":[{"href":"https:\/\/www.inmsol.com\/fr\/wp-json\/wp\/v2\/types\/post"}],"author":[{"embeddable":true,"href":"https:\/\/www.inmsol.com\/fr\/wp-json\/wp\/v2\/users\/3"}],"replies":[{"embeddable":true,"href":"https:\/\/www.inmsol.com\/fr\/wp-json\/wp\/v2\/comments?post=15429"}],"version-history":[{"count":0,"href":"https:\/\/www.inmsol.com\/fr\/wp-json\/wp\/v2\/posts\/15429\/revisions"}],"wp:featuredmedia":[{"embeddable":true,"href":"https:\/\/www.inmsol.com\/fr\/wp-json\/wp\/v2\/media\/15414"}],"wp:attachment":[{"href":"https:\/\/www.inmsol.com\/fr\/wp-json\/wp\/v2\/media?parent=15429"}],"wp:term":[{"taxonomy":"category","embeddable":true,"href":"https:\/\/www.inmsol.com\/fr\/wp-json\/wp\/v2\/categories?post=15429"},{"taxonomy":"post_tag","embeddable":true,"href":"https:\/\/www.inmsol.com\/fr\/wp-json\/wp\/v2\/tags?post=15429"}],"curies":[{"name":"wp","href":"https:\/\/api.w.org\/{rel}","templated":true}]}}