{"id":15450,"date":"2015-05-12T12:36:33","date_gmt":"2015-05-12T10:36:33","guid":{"rendered":"https:\/\/www.inmsol.com\/?p=15450"},"modified":"2015-05-12T12:48:52","modified_gmt":"2015-05-12T10:48:52","slug":"le-cuarto-real-de-santo-domingo-ouvre-ses-portes-apres-25-ans","status":"publish","type":"post","link":"https:\/\/www.inmsol.com\/fr\/blog-fr-fr\/le-cuarto-real-de-santo-domingo-ouvre-ses-portes-apres-25-ans\/","title":{"rendered":"Le Cuarto Real de Santo Domingo ouvre ses portes apr\u00e8s 25 ans"},"content":{"rendered":"<p><strong>Apr\u00e8s 25 ans ferm\u00e9,<\/strong> lundi pass\u00e9 le 11 mai, le\u00a0<strong>Cuarto Real de Santo Domingo de Granada <\/strong>a ouvert ses portes montrant un patrimoine culturel du XIII si\u00e8cle consid\u00e9r\u00e9 comme un pr\u00e9c\u00e9dent \u00e0 celui de l\u2019Alhambra. L\u2019ouverture du palais coincide avec l\u2019inauguration du <em>Festival International de Po\u00e9sie de Grenade <\/em>et cet \u00e9v\u00e8nement, ensemble \u00e0 l\u2019exposition <em>Vida en el Cuarto Real<\/em>\u00a0par Juan Vida contribuent \u00e0 enrichir le panorama culturel de Grenade.<\/p>\n<p>Le Cuarto Real de Santo Domingo, d\u00e9clar\u00e9 <strong>Bien d\u2019Int\u00e9r\u00eat Culturel, <\/strong>c\u2019est un des rares monuments Grenadins et de l\u2019Andalousie qui <strong>peut rivaliser avec l\u2019Alhambra par sa richesse patrimoniale et ses d\u00e9corations<\/strong>. Gr\u00e2ce \u00e0 un investissement de six millions d\u2019euros de la part du Gouvernement, l\u2019assembl\u00e9e de l\u2019Andalousie et la Municipalit\u00e9, le palais est revenu \u00e0 sa splendeur originale et, entre les caract\u00e9ristiques avec une meilleure visibilit\u00e9 sans do\u00fbte met en lumi\u00e8re la \u201cqubba\u201d ou salon de protocole, comme la salle d\u2019expositions.<\/p>\n<p>Depuis son \u00e9dification, le palais du Cuarto Real fut en premier lieu une possession des Monarques nazar\u00edes et apr\u00e8s sa donnation a la Orden de Santo Domingo de la part des Rois Catholiques, fut confisqu\u00e9 dans le XIX si\u00e8cle apr\u00e8s l\u2019expropriation. En ce momento, le palais est pass\u00e9 en main priv\u00e9e et <strong>en 1990 fut acquis par la Municipalit\u00e9.<\/strong><\/p>\n<p>Le Cuarto Real est un des nombreux \u00e9difices historiques qui contribuent \u00e0 faire du <strong>Realejo,<\/strong> quartier dans lequel est \u00e9galement situ\u00e9 l\u2019Instituto Mediterr\u00e1neo Sol, le quartier avec le plus de culture historique de toute la ville de Grenade.<\/p>\n<p><img fetchpriority=\"high\" decoding=\"async\" class=\"size-medium wp-image-15437 aligncenter\" src=\"https:\/\/www.inmsol.com\/wp-content\/uploads\/2015\/05\/Cuarto-Real-de-Santo-Domingo-448x300.jpg\" alt=\"DCIM100GOPRO\" width=\"448\" height=\"300\" srcset=\"https:\/\/www.inmsol.com\/wp-content\/uploads\/2015\/05\/Cuarto-Real-de-Santo-Domingo-448x300.jpg 448w, https:\/\/www.inmsol.com\/wp-content\/uploads\/2015\/05\/Cuarto-Real-de-Santo-Domingo-800x535.jpg 800w, https:\/\/www.inmsol.com\/wp-content\/uploads\/2015\/05\/Cuarto-Real-de-Santo-Domingo-64x43.jpg 64w, https:\/\/www.inmsol.com\/wp-content\/uploads\/2015\/05\/Cuarto-Real-de-Santo-Domingo-1024x685.jpg 1024w, https:\/\/www.inmsol.com\/wp-content\/uploads\/2015\/05\/Cuarto-Real-de-Santo-Domingo-200x134.jpg 200w, https:\/\/www.inmsol.com\/wp-content\/uploads\/2015\/05\/Cuarto-Real-de-Santo-Domingo-250x167.jpg 250w, https:\/\/www.inmsol.com\/wp-content\/uploads\/2015\/05\/Cuarto-Real-de-Santo-Domingo-598x400.jpg 598w, https:\/\/www.inmsol.com\/wp-content\/uploads\/2015\/05\/Cuarto-Real-de-Santo-Domingo.jpg 1500w\" sizes=\"(max-width: 448px) 100vw, 448px\" \/><\/p>\n","protected":false},"excerpt":{"rendered":"<p>Apr\u00e8s 25 ans ferm\u00e9, lundi pass\u00e9 le 11 mai, le\u00a0Cuarto Real de Santo Domingo de Granada a ouvert ses portes montrant un patrimoine culturel du XIII si\u00e8cle consid\u00e9r\u00e9 comme un pr\u00e9c\u00e9dent \u00e0 celui de l\u2019Alhambra. L\u2019ouverture du palais coincide avec l\u2019inauguration du Festival International de&#8230;<\/p>\n","protected":false},"author":3,"featured_media":15437,"comment_status":"closed","ping_status":"closed","sticky":false,"template":"","format":"standard","meta":{"_acf_changed":false,"footnotes":""},"categories":[4],"tags":[],"class_list":["post-15450","post","type-post","status-publish","format-standard","has-post-thumbnail","hentry","category-blog-fr-fr"],"acf":[],"yoast_head":"<!-- This site is optimized with the Yoast SEO plugin v27.5 - https:\/\/yoast.com\/product\/yoast-seo-wordpress\/ -->\n<title>Le Cuarto Real de Santo Domingo ouvre ses portes apr\u00e8s 25 ans<\/title>\n<meta name=\"description\" content=\"Apr\u00e8s 25 ans ferm\u00e9, lundi pass\u00e9 le 11 mai, le Cuarto Real de Santo Domingo de Granada a ouvert ses portes montrant un patrimoine culturel du XIII si\u00e8cle consid\u00e9r\u00e9 comme un pr\u00e9c\u00e9dent \u00e0 celui de l\u2019Alhambra. L\u2019ouverture du palais coincide avec l\u2019inauguration du Festival International de Po\u00e9sie de Grenade et cet \u00e9v\u00e8nement, ensemble \u00e0 l\u2019exposition Vida en el Cuarto Real par Juan Vida contribuent \u00e0 enrichir le panorama culturel de Grenade.\" \/>\n<meta name=\"robots\" content=\"index, follow, max-snippet:-1, max-image-preview:large, max-video-preview:-1\" \/>\n<link rel=\"canonical\" href=\"https:\/\/www.inmsol.com\/fr\/blog-fr-fr\/le-cuarto-real-de-santo-domingo-ouvre-ses-portes-apres-25-ans\/\" \/>\n<meta property=\"og:locale\" content=\"fr_FR\" \/>\n<meta property=\"og:type\" content=\"article\" \/>\n<meta property=\"og:title\" content=\"Le Cuarto Real de Santo Domingo ouvre ses portes apr\u00e8s 25 ans\" \/>\n<meta property=\"og:description\" content=\"Apr\u00e8s 25 ans ferm\u00e9, lundi pass\u00e9 le 11 mai, le Cuarto Real de Santo Domingo de Granada a ouvert ses portes montrant un patrimoine culturel du XIII si\u00e8cle consid\u00e9r\u00e9 comme un pr\u00e9c\u00e9dent \u00e0 celui de l\u2019Alhambra. L\u2019ouverture du palais coincide avec l\u2019inauguration du Festival International de Po\u00e9sie de Grenade et cet \u00e9v\u00e8nement, ensemble \u00e0 l\u2019exposition Vida en el Cuarto Real par Juan Vida contribuent \u00e0 enrichir le panorama culturel de Grenade.\" \/>\n<meta property=\"og:url\" content=\"https:\/\/www.inmsol.com\/fr\/blog-fr-fr\/le-cuarto-real-de-santo-domingo-ouvre-ses-portes-apres-25-ans\/\" \/>\n<meta property=\"og:site_name\" content=\"iNMSOL\" \/>\n<meta property=\"article:publisher\" content=\"https:\/\/www.facebook.com\/spanishcourses\" \/>\n<meta property=\"article:published_time\" content=\"2015-05-12T10:36:33+00:00\" \/>\n<meta property=\"article:modified_time\" content=\"2015-05-12T10:48:52+00:00\" \/>\n<meta property=\"og:image\" content=\"https:\/\/www.inmsol.com\/wp-content\/uploads\/2015\/05\/Cuarto-Real-de-Santo-Domingo.jpg\" \/>\n\t<meta property=\"og:image:width\" content=\"1500\" \/>\n\t<meta property=\"og:image:height\" content=\"1004\" \/>\n\t<meta property=\"og:image:type\" content=\"image\/jpeg\" \/>\n<meta name=\"author\" content=\"- Instituto Mediterr\u00e1neo Sol\" \/>\n<meta name=\"twitter:label1\" content=\"\u00c9crit par\" \/>\n\t<meta name=\"twitter:data1\" content=\"- Instituto Mediterr\u00e1neo Sol\" \/>\n\t<meta name=\"twitter:label2\" content=\"Dur\u00e9e de lecture estim\u00e9e\" \/>\n\t<meta name=\"twitter:data2\" content=\"1 minute\" \/>\n<script type=\"application\/ld+json\" class=\"yoast-schema-graph\">{\"@context\":\"https:\\\/\\\/schema.org\",\"@graph\":[{\"@type\":\"Article\",\"@id\":\"https:\\\/\\\/www.inmsol.com\\\/fr\\\/blog-fr-fr\\\/le-cuarto-real-de-santo-domingo-ouvre-ses-portes-apres-25-ans\\\/#article\",\"isPartOf\":{\"@id\":\"https:\\\/\\\/www.inmsol.com\\\/fr\\\/blog-fr-fr\\\/le-cuarto-real-de-santo-domingo-ouvre-ses-portes-apres-25-ans\\\/\"},\"author\":{\"name\":\"- Instituto Mediterr\u00e1neo Sol\",\"@id\":\"https:\\\/\\\/www.inmsol.com\\\/fr\\\/#\\\/schema\\\/person\\\/94a7a01d14a56d1fbc49c841ffc57fe9\"},\"headline\":\"Le Cuarto Real de Santo Domingo ouvre ses portes apr\u00e8s 25 ans\",\"datePublished\":\"2015-05-12T10:36:33+00:00\",\"dateModified\":\"2015-05-12T10:48:52+00:00\",\"mainEntityOfPage\":{\"@id\":\"https:\\\/\\\/www.inmsol.com\\\/fr\\\/blog-fr-fr\\\/le-cuarto-real-de-santo-domingo-ouvre-ses-portes-apres-25-ans\\\/\"},\"wordCount\":288,\"publisher\":{\"@id\":\"https:\\\/\\\/www.inmsol.com\\\/fr\\\/#organization\"},\"image\":{\"@id\":\"https:\\\/\\\/www.inmsol.com\\\/fr\\\/blog-fr-fr\\\/le-cuarto-real-de-santo-domingo-ouvre-ses-portes-apres-25-ans\\\/#primaryimage\"},\"thumbnailUrl\":\"https:\\\/\\\/www.inmsol.com\\\/wp-content\\\/uploads\\\/2015\\\/05\\\/Cuarto-Real-de-Santo-Domingo.jpg\",\"articleSection\":[\"Blog\"],\"inLanguage\":\"fr-FR\"},{\"@type\":\"WebPage\",\"@id\":\"https:\\\/\\\/www.inmsol.com\\\/fr\\\/blog-fr-fr\\\/le-cuarto-real-de-santo-domingo-ouvre-ses-portes-apres-25-ans\\\/\",\"url\":\"https:\\\/\\\/www.inmsol.com\\\/fr\\\/blog-fr-fr\\\/le-cuarto-real-de-santo-domingo-ouvre-ses-portes-apres-25-ans\\\/\",\"name\":\"Le Cuarto Real de Santo Domingo ouvre ses portes apr\u00e8s 25 ans\",\"isPartOf\":{\"@id\":\"https:\\\/\\\/www.inmsol.com\\\/fr\\\/#website\"},\"primaryImageOfPage\":{\"@id\":\"https:\\\/\\\/www.inmsol.com\\\/fr\\\/blog-fr-fr\\\/le-cuarto-real-de-santo-domingo-ouvre-ses-portes-apres-25-ans\\\/#primaryimage\"},\"image\":{\"@id\":\"https:\\\/\\\/www.inmsol.com\\\/fr\\\/blog-fr-fr\\\/le-cuarto-real-de-santo-domingo-ouvre-ses-portes-apres-25-ans\\\/#primaryimage\"},\"thumbnailUrl\":\"https:\\\/\\\/www.inmsol.com\\\/wp-content\\\/uploads\\\/2015\\\/05\\\/Cuarto-Real-de-Santo-Domingo.jpg\",\"datePublished\":\"2015-05-12T10:36:33+00:00\",\"dateModified\":\"2015-05-12T10:48:52+00:00\",\"description\":\"Apr\u00e8s 25 ans ferm\u00e9, lundi pass\u00e9 le 11 mai, le Cuarto Real de Santo Domingo de Granada a ouvert ses portes montrant un patrimoine culturel du XIII si\u00e8cle consid\u00e9r\u00e9 comme un pr\u00e9c\u00e9dent \u00e0 celui de l\u2019Alhambra. L\u2019ouverture du palais coincide avec l\u2019inauguration du Festival International de Po\u00e9sie de Grenade et cet \u00e9v\u00e8nement, ensemble \u00e0 l\u2019exposition Vida en el Cuarto Real par Juan Vida contribuent \u00e0 enrichir le panorama culturel de Grenade.\",\"breadcrumb\":{\"@id\":\"https:\\\/\\\/www.inmsol.com\\\/fr\\\/blog-fr-fr\\\/le-cuarto-real-de-santo-domingo-ouvre-ses-portes-apres-25-ans\\\/#breadcrumb\"},\"inLanguage\":\"fr-FR\",\"potentialAction\":[{\"@type\":\"ReadAction\",\"target\":[\"https:\\\/\\\/www.inmsol.com\\\/fr\\\/blog-fr-fr\\\/le-cuarto-real-de-santo-domingo-ouvre-ses-portes-apres-25-ans\\\/\"]}]},{\"@type\":\"ImageObject\",\"inLanguage\":\"fr-FR\",\"@id\":\"https:\\\/\\\/www.inmsol.com\\\/fr\\\/blog-fr-fr\\\/le-cuarto-real-de-santo-domingo-ouvre-ses-portes-apres-25-ans\\\/#primaryimage\",\"url\":\"https:\\\/\\\/www.inmsol.com\\\/wp-content\\\/uploads\\\/2015\\\/05\\\/Cuarto-Real-de-Santo-Domingo.jpg\",\"contentUrl\":\"https:\\\/\\\/www.inmsol.com\\\/wp-content\\\/uploads\\\/2015\\\/05\\\/Cuarto-Real-de-Santo-Domingo.jpg\",\"width\":1500,\"height\":1004,\"caption\":\"DCIM100GOPRO\"},{\"@type\":\"BreadcrumbList\",\"@id\":\"https:\\\/\\\/www.inmsol.com\\\/fr\\\/blog-fr-fr\\\/le-cuarto-real-de-santo-domingo-ouvre-ses-portes-apres-25-ans\\\/#breadcrumb\",\"itemListElement\":[{\"@type\":\"ListItem\",\"position\":1,\"name\":\"Accredited Center by Instituto Cervantes\",\"item\":\"https:\\\/\\\/www.inmsol.com\\\/fr\\\/pagina-ejemplo\\\/\"},{\"@type\":\"ListItem\",\"position\":2,\"name\":\"Blog\",\"item\":\"https:\\\/\\\/www.inmsol.com\\\/fr\\\/category\\\/blog-fr-fr\\\/\"},{\"@type\":\"ListItem\",\"position\":3,\"name\":\"Le Cuarto Real de Santo Domingo ouvre ses portes apr\u00e8s 25 ans\"}]},{\"@type\":\"WebSite\",\"@id\":\"https:\\\/\\\/www.inmsol.com\\\/fr\\\/#website\",\"url\":\"https:\\\/\\\/www.inmsol.com\\\/fr\\\/\",\"name\":\"iNMSOL\",\"description\":\"Apprenez l'espagnol avec nous - Centre de formation affili\u00e9 \u00e0 l'Institute Cervantes\",\"publisher\":{\"@id\":\"https:\\\/\\\/www.inmsol.com\\\/fr\\\/#organization\"},\"potentialAction\":[{\"@type\":\"SearchAction\",\"target\":{\"@type\":\"EntryPoint\",\"urlTemplate\":\"https:\\\/\\\/www.inmsol.com\\\/fr\\\/?s={search_term_string}\"},\"query-input\":{\"@type\":\"PropertyValueSpecification\",\"valueRequired\":true,\"valueName\":\"search_term_string\"}}],\"inLanguage\":\"fr-FR\"},{\"@type\":\"Organization\",\"@id\":\"https:\\\/\\\/www.inmsol.com\\\/fr\\\/#organization\",\"name\":\"Instituto Mediterr\u00e1neo Sol\",\"url\":\"https:\\\/\\\/www.inmsol.com\\\/fr\\\/\",\"logo\":{\"@type\":\"ImageObject\",\"inLanguage\":\"fr-FR\",\"@id\":\"https:\\\/\\\/www.inmsol.com\\\/fr\\\/#\\\/schema\\\/logo\\\/image\\\/\",\"url\":\"https:\\\/\\\/www.inmsol.com\\\/wp-content\\\/uploads\\\/2023\\\/06\\\/logo-inmsol-1.png\",\"contentUrl\":\"https:\\\/\\\/www.inmsol.com\\\/wp-content\\\/uploads\\\/2023\\\/06\\\/logo-inmsol-1.png\",\"width\":136,\"height\":73,\"caption\":\"Instituto Mediterr\u00e1neo Sol\"},\"image\":{\"@id\":\"https:\\\/\\\/www.inmsol.com\\\/fr\\\/#\\\/schema\\\/logo\\\/image\\\/\"},\"sameAs\":[\"https:\\\/\\\/www.facebook.com\\\/spanishcourses\",\"https:\\\/\\\/x.com\\\/StudyInGranada\",\"http:\\\/\\\/instagram.com\\\/imsolgranada\",\"https:\\\/\\\/es.linkedin.com\\\/company\\\/imsol-granada\",\"https:\\\/\\\/www.pinterest.es\\\/inmsol\\\/\",\"https:\\\/\\\/www.youtube.com\\\/channel\\\/UChz-Qn_7coFMosY85iYMO4g\"]},{\"@type\":\"Person\",\"@id\":\"https:\\\/\\\/www.inmsol.com\\\/fr\\\/#\\\/schema\\\/person\\\/94a7a01d14a56d1fbc49c841ffc57fe9\",\"name\":\"- Instituto Mediterr\u00e1neo Sol\",\"image\":{\"@type\":\"ImageObject\",\"inLanguage\":\"fr-FR\",\"@id\":\"https:\\\/\\\/secure.gravatar.com\\\/avatar\\\/5607fdabdf1b548b6095cc3d43079829bc1497403e70dd34004e7204a8fef62b?s=96&d=mm&r=g\",\"url\":\"https:\\\/\\\/secure.gravatar.com\\\/avatar\\\/5607fdabdf1b548b6095cc3d43079829bc1497403e70dd34004e7204a8fef62b?s=96&d=mm&r=g\",\"contentUrl\":\"https:\\\/\\\/secure.gravatar.com\\\/avatar\\\/5607fdabdf1b548b6095cc3d43079829bc1497403e70dd34004e7204a8fef62b?s=96&d=mm&r=g\",\"caption\":\"- Instituto Mediterr\u00e1neo Sol\"},\"url\":\"https:\\\/\\\/www.inmsol.com\\\/fr\\\/author\\\/laura\\\/\"}]}<\/script>\n<!-- \/ Yoast SEO plugin. -->","yoast_head_json":{"title":"Le Cuarto Real de Santo Domingo ouvre ses portes apr\u00e8s 25 ans","description":"Apr\u00e8s 25 ans ferm\u00e9, lundi pass\u00e9 le 11 mai, le Cuarto Real de Santo Domingo de Granada a ouvert ses portes montrant un patrimoine culturel du XIII si\u00e8cle consid\u00e9r\u00e9 comme un pr\u00e9c\u00e9dent \u00e0 celui de l\u2019Alhambra. L\u2019ouverture du palais coincide avec l\u2019inauguration du Festival International de Po\u00e9sie de Grenade et cet \u00e9v\u00e8nement, ensemble \u00e0 l\u2019exposition Vida en el Cuarto Real par Juan Vida contribuent \u00e0 enrichir le panorama culturel de Grenade.","robots":{"index":"index","follow":"follow","max-snippet":"max-snippet:-1","max-image-preview":"max-image-preview:large","max-video-preview":"max-video-preview:-1"},"canonical":"https:\/\/www.inmsol.com\/fr\/blog-fr-fr\/le-cuarto-real-de-santo-domingo-ouvre-ses-portes-apres-25-ans\/","og_locale":"fr_FR","og_type":"article","og_title":"Le Cuarto Real de Santo Domingo ouvre ses portes apr\u00e8s 25 ans","og_description":"Apr\u00e8s 25 ans ferm\u00e9, lundi pass\u00e9 le 11 mai, le Cuarto Real de Santo Domingo de Granada a ouvert ses portes montrant un patrimoine culturel du XIII si\u00e8cle consid\u00e9r\u00e9 comme un pr\u00e9c\u00e9dent \u00e0 celui de l\u2019Alhambra. L\u2019ouverture du palais coincide avec l\u2019inauguration du Festival International de Po\u00e9sie de Grenade et cet \u00e9v\u00e8nement, ensemble \u00e0 l\u2019exposition Vida en el Cuarto Real par Juan Vida contribuent \u00e0 enrichir le panorama culturel de Grenade.","og_url":"https:\/\/www.inmsol.com\/fr\/blog-fr-fr\/le-cuarto-real-de-santo-domingo-ouvre-ses-portes-apres-25-ans\/","og_site_name":"iNMSOL","article_publisher":"https:\/\/www.facebook.com\/spanishcourses","article_published_time":"2015-05-12T10:36:33+00:00","article_modified_time":"2015-05-12T10:48:52+00:00","og_image":[{"width":1500,"height":1004,"url":"https:\/\/www.inmsol.com\/wp-content\/uploads\/2015\/05\/Cuarto-Real-de-Santo-Domingo.jpg","type":"image\/jpeg"}],"author":"- Instituto Mediterr\u00e1neo Sol","twitter_misc":{"\u00c9crit par":"- Instituto Mediterr\u00e1neo Sol","Dur\u00e9e de lecture estim\u00e9e":"1 minute"},"schema":{"@context":"https:\/\/schema.org","@graph":[{"@type":"Article","@id":"https:\/\/www.inmsol.com\/fr\/blog-fr-fr\/le-cuarto-real-de-santo-domingo-ouvre-ses-portes-apres-25-ans\/#article","isPartOf":{"@id":"https:\/\/www.inmsol.com\/fr\/blog-fr-fr\/le-cuarto-real-de-santo-domingo-ouvre-ses-portes-apres-25-ans\/"},"author":{"name":"- Instituto Mediterr\u00e1neo Sol","@id":"https:\/\/www.inmsol.com\/fr\/#\/schema\/person\/94a7a01d14a56d1fbc49c841ffc57fe9"},"headline":"Le Cuarto Real de Santo Domingo ouvre ses portes apr\u00e8s 25 ans","datePublished":"2015-05-12T10:36:33+00:00","dateModified":"2015-05-12T10:48:52+00:00","mainEntityOfPage":{"@id":"https:\/\/www.inmsol.com\/fr\/blog-fr-fr\/le-cuarto-real-de-santo-domingo-ouvre-ses-portes-apres-25-ans\/"},"wordCount":288,"publisher":{"@id":"https:\/\/www.inmsol.com\/fr\/#organization"},"image":{"@id":"https:\/\/www.inmsol.com\/fr\/blog-fr-fr\/le-cuarto-real-de-santo-domingo-ouvre-ses-portes-apres-25-ans\/#primaryimage"},"thumbnailUrl":"https:\/\/www.inmsol.com\/wp-content\/uploads\/2015\/05\/Cuarto-Real-de-Santo-Domingo.jpg","articleSection":["Blog"],"inLanguage":"fr-FR"},{"@type":"WebPage","@id":"https:\/\/www.inmsol.com\/fr\/blog-fr-fr\/le-cuarto-real-de-santo-domingo-ouvre-ses-portes-apres-25-ans\/","url":"https:\/\/www.inmsol.com\/fr\/blog-fr-fr\/le-cuarto-real-de-santo-domingo-ouvre-ses-portes-apres-25-ans\/","name":"Le Cuarto Real de Santo Domingo ouvre ses portes apr\u00e8s 25 ans","isPartOf":{"@id":"https:\/\/www.inmsol.com\/fr\/#website"},"primaryImageOfPage":{"@id":"https:\/\/www.inmsol.com\/fr\/blog-fr-fr\/le-cuarto-real-de-santo-domingo-ouvre-ses-portes-apres-25-ans\/#primaryimage"},"image":{"@id":"https:\/\/www.inmsol.com\/fr\/blog-fr-fr\/le-cuarto-real-de-santo-domingo-ouvre-ses-portes-apres-25-ans\/#primaryimage"},"thumbnailUrl":"https:\/\/www.inmsol.com\/wp-content\/uploads\/2015\/05\/Cuarto-Real-de-Santo-Domingo.jpg","datePublished":"2015-05-12T10:36:33+00:00","dateModified":"2015-05-12T10:48:52+00:00","description":"Apr\u00e8s 25 ans ferm\u00e9, lundi pass\u00e9 le 11 mai, le Cuarto Real de Santo Domingo de Granada a ouvert ses portes montrant un patrimoine culturel du XIII si\u00e8cle consid\u00e9r\u00e9 comme un pr\u00e9c\u00e9dent \u00e0 celui de l\u2019Alhambra. L\u2019ouverture du palais coincide avec l\u2019inauguration du Festival International de Po\u00e9sie de Grenade et cet \u00e9v\u00e8nement, ensemble \u00e0 l\u2019exposition Vida en el Cuarto Real par Juan Vida contribuent \u00e0 enrichir le panorama culturel de Grenade.","breadcrumb":{"@id":"https:\/\/www.inmsol.com\/fr\/blog-fr-fr\/le-cuarto-real-de-santo-domingo-ouvre-ses-portes-apres-25-ans\/#breadcrumb"},"inLanguage":"fr-FR","potentialAction":[{"@type":"ReadAction","target":["https:\/\/www.inmsol.com\/fr\/blog-fr-fr\/le-cuarto-real-de-santo-domingo-ouvre-ses-portes-apres-25-ans\/"]}]},{"@type":"ImageObject","inLanguage":"fr-FR","@id":"https:\/\/www.inmsol.com\/fr\/blog-fr-fr\/le-cuarto-real-de-santo-domingo-ouvre-ses-portes-apres-25-ans\/#primaryimage","url":"https:\/\/www.inmsol.com\/wp-content\/uploads\/2015\/05\/Cuarto-Real-de-Santo-Domingo.jpg","contentUrl":"https:\/\/www.inmsol.com\/wp-content\/uploads\/2015\/05\/Cuarto-Real-de-Santo-Domingo.jpg","width":1500,"height":1004,"caption":"DCIM100GOPRO"},{"@type":"BreadcrumbList","@id":"https:\/\/www.inmsol.com\/fr\/blog-fr-fr\/le-cuarto-real-de-santo-domingo-ouvre-ses-portes-apres-25-ans\/#breadcrumb","itemListElement":[{"@type":"ListItem","position":1,"name":"Accredited Center by Instituto Cervantes","item":"https:\/\/www.inmsol.com\/fr\/pagina-ejemplo\/"},{"@type":"ListItem","position":2,"name":"Blog","item":"https:\/\/www.inmsol.com\/fr\/category\/blog-fr-fr\/"},{"@type":"ListItem","position":3,"name":"Le Cuarto Real de Santo Domingo ouvre ses portes apr\u00e8s 25 ans"}]},{"@type":"WebSite","@id":"https:\/\/www.inmsol.com\/fr\/#website","url":"https:\/\/www.inmsol.com\/fr\/","name":"iNMSOL","description":"Apprenez l'espagnol avec nous - Centre de formation affili\u00e9 \u00e0 l'Institute Cervantes","publisher":{"@id":"https:\/\/www.inmsol.com\/fr\/#organization"},"potentialAction":[{"@type":"SearchAction","target":{"@type":"EntryPoint","urlTemplate":"https:\/\/www.inmsol.com\/fr\/?s={search_term_string}"},"query-input":{"@type":"PropertyValueSpecification","valueRequired":true,"valueName":"search_term_string"}}],"inLanguage":"fr-FR"},{"@type":"Organization","@id":"https:\/\/www.inmsol.com\/fr\/#organization","name":"Instituto Mediterr\u00e1neo Sol","url":"https:\/\/www.inmsol.com\/fr\/","logo":{"@type":"ImageObject","inLanguage":"fr-FR","@id":"https:\/\/www.inmsol.com\/fr\/#\/schema\/logo\/image\/","url":"https:\/\/www.inmsol.com\/wp-content\/uploads\/2023\/06\/logo-inmsol-1.png","contentUrl":"https:\/\/www.inmsol.com\/wp-content\/uploads\/2023\/06\/logo-inmsol-1.png","width":136,"height":73,"caption":"Instituto Mediterr\u00e1neo Sol"},"image":{"@id":"https:\/\/www.inmsol.com\/fr\/#\/schema\/logo\/image\/"},"sameAs":["https:\/\/www.facebook.com\/spanishcourses","https:\/\/x.com\/StudyInGranada","http:\/\/instagram.com\/imsolgranada","https:\/\/es.linkedin.com\/company\/imsol-granada","https:\/\/www.pinterest.es\/inmsol\/","https:\/\/www.youtube.com\/channel\/UChz-Qn_7coFMosY85iYMO4g"]},{"@type":"Person","@id":"https:\/\/www.inmsol.com\/fr\/#\/schema\/person\/94a7a01d14a56d1fbc49c841ffc57fe9","name":"- Instituto Mediterr\u00e1neo Sol","image":{"@type":"ImageObject","inLanguage":"fr-FR","@id":"https:\/\/secure.gravatar.com\/avatar\/5607fdabdf1b548b6095cc3d43079829bc1497403e70dd34004e7204a8fef62b?s=96&d=mm&r=g","url":"https:\/\/secure.gravatar.com\/avatar\/5607fdabdf1b548b6095cc3d43079829bc1497403e70dd34004e7204a8fef62b?s=96&d=mm&r=g","contentUrl":"https:\/\/secure.gravatar.com\/avatar\/5607fdabdf1b548b6095cc3d43079829bc1497403e70dd34004e7204a8fef62b?s=96&d=mm&r=g","caption":"- Instituto Mediterr\u00e1neo Sol"},"url":"https:\/\/www.inmsol.com\/fr\/author\/laura\/"}]}},"_links":{"self":[{"href":"https:\/\/www.inmsol.com\/fr\/wp-json\/wp\/v2\/posts\/15450","targetHints":{"allow":["GET"]}}],"collection":[{"href":"https:\/\/www.inmsol.com\/fr\/wp-json\/wp\/v2\/posts"}],"about":[{"href":"https:\/\/www.inmsol.com\/fr\/wp-json\/wp\/v2\/types\/post"}],"author":[{"embeddable":true,"href":"https:\/\/www.inmsol.com\/fr\/wp-json\/wp\/v2\/users\/3"}],"replies":[{"embeddable":true,"href":"https:\/\/www.inmsol.com\/fr\/wp-json\/wp\/v2\/comments?post=15450"}],"version-history":[{"count":0,"href":"https:\/\/www.inmsol.com\/fr\/wp-json\/wp\/v2\/posts\/15450\/revisions"}],"wp:featuredmedia":[{"embeddable":true,"href":"https:\/\/www.inmsol.com\/fr\/wp-json\/wp\/v2\/media\/15437"}],"wp:attachment":[{"href":"https:\/\/www.inmsol.com\/fr\/wp-json\/wp\/v2\/media?parent=15450"}],"wp:term":[{"taxonomy":"category","embeddable":true,"href":"https:\/\/www.inmsol.com\/fr\/wp-json\/wp\/v2\/categories?post=15450"},{"taxonomy":"post_tag","embeddable":true,"href":"https:\/\/www.inmsol.com\/fr\/wp-json\/wp\/v2\/tags?post=15450"}],"curies":[{"name":"wp","href":"https:\/\/api.w.org\/{rel}","templated":true}]}}