{"id":16652,"date":"2015-07-17T12:32:46","date_gmt":"2015-07-17T10:32:46","guid":{"rendered":"https:\/\/www.inmsol.com\/?p=16652"},"modified":"2021-09-29T09:55:59","modified_gmt":"2021-09-29T07:55:59","slug":"la-visite-au-parque-de-las-ciencias-de-grenade","status":"publish","type":"post","link":"https:\/\/www.inmsol.com\/fr\/blog-fr-fr\/la-visite-au-parque-de-las-ciencias-de-grenade\/","title":{"rendered":"La visite au Parque de las Ciencias de Grenade"},"content":{"rendered":"<p>Hier apr\u00e8s-midi il y avait le voyage vers le <strong><a href=\"https:\/\/www.parqueciencias.com\/\" target=\"_blank\" rel=\"noopener noreferrer\">Parque de las Ciencias<\/a><\/strong> de Grenade, dans le cadre du <strong><a href=\"https:\/\/www.inmsol.com\/fr\/activites-et-excursions\/\" target=\"_blank\" rel=\"noopener noreferrer\">programme d&rsquo;activit\u00e9s<\/a><\/strong> hebdomadaires d\u2019<strong><a href=\"https:\/\/www.inmsol.com\/fr\/\" target=\"_blank\" rel=\"noopener noreferrer\">Instituto Mediterr\u00e1neo Sol<\/a><\/strong>. Certains de nos \u00e9tudiants ont contest\u00e9 aux temp\u00e9ratures \u00e9lev\u00e9es et sont venus \u00e0 ce mus\u00e9e interactif, le plus visit\u00e9 de l&rsquo;Andalousie et consid\u00e9r\u00e9 comme un <em>must<\/em> pour tous les touristes passant par <strong><a href=\"https:\/\/www.inmsol.com\/fr\/granada\/\" target=\"_blank\" rel=\"noopener noreferrer\">Grenade<\/a><\/strong>.<\/p>\n<p><iframe title=\"PPEM-19. PROMOCIONAL: Parque de las Ciencias\" width=\"1060\" height=\"596\" src=\"https:\/\/www.youtube.com\/embed\/b8oNKRAlWds?feature=oembed\" frameborder=\"0\" allow=\"accelerometer; autoplay; clipboard-write; encrypted-media; gyroscope; picture-in-picture; web-share\" referrerpolicy=\"strict-origin-when-cross-origin\" allowfullscreen><\/iframe><\/p>\n<p>Le parc scientifique est surtout connu pour son plan\u00e9tarium et observatoire, dans lequel plus de 7000 \u00e9toiles sont reproduites, avec une attraction permanente dans le mus\u00e9e.<\/p>\n<div id=\"attachment_16564\" style=\"width: 470px\" class=\"wp-caption aligncenter\"><img fetchpriority=\"high\" decoding=\"async\" aria-describedby=\"caption-attachment-16564\" class=\"size-medium wp-image-16564\" src=\"https:\/\/www.inmsol.com\/wp-content\/uploads\/2015\/07\/20150715_163820-460x276.jpg\" alt=\"\u00c9tudiante iNMSOL\" width=\"460\" height=\"276\" srcset=\"https:\/\/www.inmsol.com\/wp-content\/uploads\/2015\/07\/20150715_163820-460x276.jpg 460w, https:\/\/www.inmsol.com\/wp-content\/uploads\/2015\/07\/20150715_163820-800x480.jpg 800w, https:\/\/www.inmsol.com\/wp-content\/uploads\/2015\/07\/20150715_163820-64x38.jpg 64w, https:\/\/www.inmsol.com\/wp-content\/uploads\/2015\/07\/20150715_163820-1024x614.jpg 1024w, https:\/\/www.inmsol.com\/wp-content\/uploads\/2015\/07\/20150715_163820-250x150.jpg 250w, https:\/\/www.inmsol.com\/wp-content\/uploads\/2015\/07\/20150715_163820-600x360.jpg 600w, https:\/\/www.inmsol.com\/wp-content\/uploads\/2015\/07\/20150715_163820.jpg 1500w\" sizes=\"(max-width: 460px) 100vw, 460px\" \/><p id=\"caption-attachment-16564\" class=\"wp-caption-text\">\u00c9tudiante au Parque de las Ciencias<\/p><\/div>\n<p>Ces installations ont des expositions temporaires avec laquelle le parc est renouvel\u00e9 activit\u00e9, et parmi lesquels comprennent l&rsquo;exposition \u00ab\u00a0<strong>Titanic: la reconstruction<\/strong>\u00a0\u00bb ou \u00ab\u00a0<strong>Momies: t\u00e9moins du pass\u00e9<\/strong>.\u00a0\u00bb Il accueille \u00e9galement des \u00e9v\u00e9nements internationaux tels que le dernier \u00ab\u00a0<strong>Talking About Twitter 2015<\/strong>\u00bb.<\/p>\n<p><strong>Nos \u00e9l\u00e8ves ont appr\u00e9ci\u00e9 et ont appris beaucoup, donc nous pr\u00e9parons d\u00e9j\u00e0 la prochaine visite!<\/strong><\/p>\n","protected":false},"excerpt":{"rendered":"<p>Hier apr\u00e8s-midi il y avait le voyage vers le Parque de las Ciencias de Grenade, dans le cadre du programme d&rsquo;activit\u00e9s hebdomadaires d\u2019Instituto Mediterr\u00e1neo Sol. Certains de nos \u00e9tudiants ont contest\u00e9 aux temp\u00e9ratures \u00e9lev\u00e9es et sont venus \u00e0 ce mus\u00e9e interactif, le plus visit\u00e9 de&#8230;<\/p>\n","protected":false},"author":3,"featured_media":16594,"comment_status":"closed","ping_status":"closed","sticky":false,"template":"","format":"standard","meta":{"_acf_changed":false,"footnotes":""},"categories":[4],"tags":[],"class_list":["post-16652","post","type-post","status-publish","format-standard","has-post-thumbnail","hentry","category-blog-fr-fr"],"acf":[],"yoast_head":"<!-- This site is optimized with the Yoast SEO plugin v27.5 - https:\/\/yoast.com\/product\/yoast-seo-wordpress\/ -->\n<title>La visite au Parque de las Ciencias de Grenade<\/title>\n<meta name=\"description\" content=\"Hier apr\u00e8s-midi il y avait le voyage vers le Parque de las Ciencias de Grenade,\" \/>\n<meta name=\"robots\" content=\"index, follow, max-snippet:-1, max-image-preview:large, max-video-preview:-1\" \/>\n<link rel=\"canonical\" href=\"https:\/\/www.inmsol.com\/fr\/blog-fr-fr\/la-visite-au-parque-de-las-ciencias-de-grenade\/\" \/>\n<meta property=\"og:locale\" content=\"fr_FR\" \/>\n<meta property=\"og:type\" content=\"article\" \/>\n<meta property=\"og:title\" content=\"La visite au Parque de las Ciencias de Grenade\" \/>\n<meta property=\"og:description\" content=\"Hier apr\u00e8s-midi il y avait le voyage vers le Parque de las Ciencias de Grenade,\" \/>\n<meta property=\"og:url\" content=\"https:\/\/www.inmsol.com\/fr\/blog-fr-fr\/la-visite-au-parque-de-las-ciencias-de-grenade\/\" \/>\n<meta property=\"og:site_name\" content=\"iNMSOL\" \/>\n<meta property=\"article:publisher\" content=\"https:\/\/www.facebook.com\/spanishcourses\" \/>\n<meta property=\"article:published_time\" content=\"2015-07-17T10:32:46+00:00\" \/>\n<meta property=\"article:modified_time\" content=\"2021-09-29T07:55:59+00:00\" \/>\n<meta property=\"og:image\" content=\"https:\/\/www.inmsol.com\/wp-content\/uploads\/2015\/07\/Granada-Parque-de-las-Ciencias.jpg\" \/>\n\t<meta property=\"og:image:width\" content=\"640\" \/>\n\t<meta property=\"og:image:height\" content=\"480\" \/>\n\t<meta property=\"og:image:type\" content=\"image\/jpeg\" \/>\n<meta name=\"author\" content=\"- Instituto Mediterr\u00e1neo Sol\" \/>\n<meta name=\"twitter:label1\" content=\"\u00c9crit par\" \/>\n\t<meta name=\"twitter:data1\" content=\"- Instituto Mediterr\u00e1neo Sol\" \/>\n\t<meta name=\"twitter:label2\" content=\"Dur\u00e9e de lecture estim\u00e9e\" \/>\n\t<meta name=\"twitter:data2\" content=\"1 minute\" \/>\n<script type=\"application\/ld+json\" class=\"yoast-schema-graph\">{\"@context\":\"https:\\\/\\\/schema.org\",\"@graph\":[{\"@type\":\"Article\",\"@id\":\"https:\\\/\\\/www.inmsol.com\\\/fr\\\/blog-fr-fr\\\/la-visite-au-parque-de-las-ciencias-de-grenade\\\/#article\",\"isPartOf\":{\"@id\":\"https:\\\/\\\/www.inmsol.com\\\/fr\\\/blog-fr-fr\\\/la-visite-au-parque-de-las-ciencias-de-grenade\\\/\"},\"author\":{\"name\":\"- Instituto Mediterr\u00e1neo Sol\",\"@id\":\"https:\\\/\\\/www.inmsol.com\\\/fr\\\/#\\\/schema\\\/person\\\/94a7a01d14a56d1fbc49c841ffc57fe9\"},\"headline\":\"La visite au Parque de las Ciencias de Grenade\",\"datePublished\":\"2015-07-17T10:32:46+00:00\",\"dateModified\":\"2021-09-29T07:55:59+00:00\",\"mainEntityOfPage\":{\"@id\":\"https:\\\/\\\/www.inmsol.com\\\/fr\\\/blog-fr-fr\\\/la-visite-au-parque-de-las-ciencias-de-grenade\\\/\"},\"wordCount\":184,\"publisher\":{\"@id\":\"https:\\\/\\\/www.inmsol.com\\\/fr\\\/#organization\"},\"image\":{\"@id\":\"https:\\\/\\\/www.inmsol.com\\\/fr\\\/blog-fr-fr\\\/la-visite-au-parque-de-las-ciencias-de-grenade\\\/#primaryimage\"},\"thumbnailUrl\":\"https:\\\/\\\/www.inmsol.com\\\/wp-content\\\/uploads\\\/2015\\\/07\\\/Granada-Parque-de-las-Ciencias.jpg\",\"articleSection\":[\"Blog\"],\"inLanguage\":\"fr-FR\"},{\"@type\":\"WebPage\",\"@id\":\"https:\\\/\\\/www.inmsol.com\\\/fr\\\/blog-fr-fr\\\/la-visite-au-parque-de-las-ciencias-de-grenade\\\/\",\"url\":\"https:\\\/\\\/www.inmsol.com\\\/fr\\\/blog-fr-fr\\\/la-visite-au-parque-de-las-ciencias-de-grenade\\\/\",\"name\":\"La visite au Parque de las Ciencias de Grenade\",\"isPartOf\":{\"@id\":\"https:\\\/\\\/www.inmsol.com\\\/fr\\\/#website\"},\"primaryImageOfPage\":{\"@id\":\"https:\\\/\\\/www.inmsol.com\\\/fr\\\/blog-fr-fr\\\/la-visite-au-parque-de-las-ciencias-de-grenade\\\/#primaryimage\"},\"image\":{\"@id\":\"https:\\\/\\\/www.inmsol.com\\\/fr\\\/blog-fr-fr\\\/la-visite-au-parque-de-las-ciencias-de-grenade\\\/#primaryimage\"},\"thumbnailUrl\":\"https:\\\/\\\/www.inmsol.com\\\/wp-content\\\/uploads\\\/2015\\\/07\\\/Granada-Parque-de-las-Ciencias.jpg\",\"datePublished\":\"2015-07-17T10:32:46+00:00\",\"dateModified\":\"2021-09-29T07:55:59+00:00\",\"description\":\"Hier apr\u00e8s-midi il y avait le voyage vers le Parque de las Ciencias de Grenade,\",\"breadcrumb\":{\"@id\":\"https:\\\/\\\/www.inmsol.com\\\/fr\\\/blog-fr-fr\\\/la-visite-au-parque-de-las-ciencias-de-grenade\\\/#breadcrumb\"},\"inLanguage\":\"fr-FR\",\"potentialAction\":[{\"@type\":\"ReadAction\",\"target\":[\"https:\\\/\\\/www.inmsol.com\\\/fr\\\/blog-fr-fr\\\/la-visite-au-parque-de-las-ciencias-de-grenade\\\/\"]}]},{\"@type\":\"ImageObject\",\"inLanguage\":\"fr-FR\",\"@id\":\"https:\\\/\\\/www.inmsol.com\\\/fr\\\/blog-fr-fr\\\/la-visite-au-parque-de-las-ciencias-de-grenade\\\/#primaryimage\",\"url\":\"https:\\\/\\\/www.inmsol.com\\\/wp-content\\\/uploads\\\/2015\\\/07\\\/Granada-Parque-de-las-Ciencias.jpg\",\"contentUrl\":\"https:\\\/\\\/www.inmsol.com\\\/wp-content\\\/uploads\\\/2015\\\/07\\\/Granada-Parque-de-las-Ciencias.jpg\",\"width\":640,\"height\":480,\"caption\":\"Parque de las Ciencias\"},{\"@type\":\"BreadcrumbList\",\"@id\":\"https:\\\/\\\/www.inmsol.com\\\/fr\\\/blog-fr-fr\\\/la-visite-au-parque-de-las-ciencias-de-grenade\\\/#breadcrumb\",\"itemListElement\":[{\"@type\":\"ListItem\",\"position\":1,\"name\":\"Accredited Center by Instituto Cervantes\",\"item\":\"https:\\\/\\\/www.inmsol.com\\\/fr\\\/pagina-ejemplo\\\/\"},{\"@type\":\"ListItem\",\"position\":2,\"name\":\"Blog\",\"item\":\"https:\\\/\\\/www.inmsol.com\\\/fr\\\/category\\\/blog-fr-fr\\\/\"},{\"@type\":\"ListItem\",\"position\":3,\"name\":\"La visite au Parque de las Ciencias de Grenade\"}]},{\"@type\":\"WebSite\",\"@id\":\"https:\\\/\\\/www.inmsol.com\\\/fr\\\/#website\",\"url\":\"https:\\\/\\\/www.inmsol.com\\\/fr\\\/\",\"name\":\"iNMSOL\",\"description\":\"Apprenez l'espagnol avec nous - Centre de formation affili\u00e9 \u00e0 l'Institute Cervantes\",\"publisher\":{\"@id\":\"https:\\\/\\\/www.inmsol.com\\\/fr\\\/#organization\"},\"potentialAction\":[{\"@type\":\"SearchAction\",\"target\":{\"@type\":\"EntryPoint\",\"urlTemplate\":\"https:\\\/\\\/www.inmsol.com\\\/fr\\\/?s={search_term_string}\"},\"query-input\":{\"@type\":\"PropertyValueSpecification\",\"valueRequired\":true,\"valueName\":\"search_term_string\"}}],\"inLanguage\":\"fr-FR\"},{\"@type\":\"Organization\",\"@id\":\"https:\\\/\\\/www.inmsol.com\\\/fr\\\/#organization\",\"name\":\"Instituto Mediterr\u00e1neo Sol\",\"url\":\"https:\\\/\\\/www.inmsol.com\\\/fr\\\/\",\"logo\":{\"@type\":\"ImageObject\",\"inLanguage\":\"fr-FR\",\"@id\":\"https:\\\/\\\/www.inmsol.com\\\/fr\\\/#\\\/schema\\\/logo\\\/image\\\/\",\"url\":\"https:\\\/\\\/www.inmsol.com\\\/wp-content\\\/uploads\\\/2023\\\/06\\\/logo-inmsol-1.png\",\"contentUrl\":\"https:\\\/\\\/www.inmsol.com\\\/wp-content\\\/uploads\\\/2023\\\/06\\\/logo-inmsol-1.png\",\"width\":136,\"height\":73,\"caption\":\"Instituto Mediterr\u00e1neo Sol\"},\"image\":{\"@id\":\"https:\\\/\\\/www.inmsol.com\\\/fr\\\/#\\\/schema\\\/logo\\\/image\\\/\"},\"sameAs\":[\"https:\\\/\\\/www.facebook.com\\\/spanishcourses\",\"https:\\\/\\\/x.com\\\/StudyInGranada\",\"http:\\\/\\\/instagram.com\\\/imsolgranada\",\"https:\\\/\\\/es.linkedin.com\\\/company\\\/imsol-granada\",\"https:\\\/\\\/www.pinterest.es\\\/inmsol\\\/\",\"https:\\\/\\\/www.youtube.com\\\/channel\\\/UChz-Qn_7coFMosY85iYMO4g\"]},{\"@type\":\"Person\",\"@id\":\"https:\\\/\\\/www.inmsol.com\\\/fr\\\/#\\\/schema\\\/person\\\/94a7a01d14a56d1fbc49c841ffc57fe9\",\"name\":\"- Instituto Mediterr\u00e1neo Sol\",\"image\":{\"@type\":\"ImageObject\",\"inLanguage\":\"fr-FR\",\"@id\":\"https:\\\/\\\/secure.gravatar.com\\\/avatar\\\/5607fdabdf1b548b6095cc3d43079829bc1497403e70dd34004e7204a8fef62b?s=96&d=mm&r=g\",\"url\":\"https:\\\/\\\/secure.gravatar.com\\\/avatar\\\/5607fdabdf1b548b6095cc3d43079829bc1497403e70dd34004e7204a8fef62b?s=96&d=mm&r=g\",\"contentUrl\":\"https:\\\/\\\/secure.gravatar.com\\\/avatar\\\/5607fdabdf1b548b6095cc3d43079829bc1497403e70dd34004e7204a8fef62b?s=96&d=mm&r=g\",\"caption\":\"- Instituto Mediterr\u00e1neo Sol\"},\"url\":\"https:\\\/\\\/www.inmsol.com\\\/fr\\\/author\\\/laura\\\/\"}]}<\/script>\n<!-- \/ Yoast SEO plugin. -->","yoast_head_json":{"title":"La visite au Parque de las Ciencias de Grenade","description":"Hier apr\u00e8s-midi il y avait le voyage vers le Parque de las Ciencias de Grenade,","robots":{"index":"index","follow":"follow","max-snippet":"max-snippet:-1","max-image-preview":"max-image-preview:large","max-video-preview":"max-video-preview:-1"},"canonical":"https:\/\/www.inmsol.com\/fr\/blog-fr-fr\/la-visite-au-parque-de-las-ciencias-de-grenade\/","og_locale":"fr_FR","og_type":"article","og_title":"La visite au Parque de las Ciencias de Grenade","og_description":"Hier apr\u00e8s-midi il y avait le voyage vers le Parque de las Ciencias de Grenade,","og_url":"https:\/\/www.inmsol.com\/fr\/blog-fr-fr\/la-visite-au-parque-de-las-ciencias-de-grenade\/","og_site_name":"iNMSOL","article_publisher":"https:\/\/www.facebook.com\/spanishcourses","article_published_time":"2015-07-17T10:32:46+00:00","article_modified_time":"2021-09-29T07:55:59+00:00","og_image":[{"width":640,"height":480,"url":"https:\/\/www.inmsol.com\/wp-content\/uploads\/2015\/07\/Granada-Parque-de-las-Ciencias.jpg","type":"image\/jpeg"}],"author":"- Instituto Mediterr\u00e1neo Sol","twitter_misc":{"\u00c9crit par":"- Instituto Mediterr\u00e1neo Sol","Dur\u00e9e de lecture estim\u00e9e":"1 minute"},"schema":{"@context":"https:\/\/schema.org","@graph":[{"@type":"Article","@id":"https:\/\/www.inmsol.com\/fr\/blog-fr-fr\/la-visite-au-parque-de-las-ciencias-de-grenade\/#article","isPartOf":{"@id":"https:\/\/www.inmsol.com\/fr\/blog-fr-fr\/la-visite-au-parque-de-las-ciencias-de-grenade\/"},"author":{"name":"- Instituto Mediterr\u00e1neo Sol","@id":"https:\/\/www.inmsol.com\/fr\/#\/schema\/person\/94a7a01d14a56d1fbc49c841ffc57fe9"},"headline":"La visite au Parque de las Ciencias de Grenade","datePublished":"2015-07-17T10:32:46+00:00","dateModified":"2021-09-29T07:55:59+00:00","mainEntityOfPage":{"@id":"https:\/\/www.inmsol.com\/fr\/blog-fr-fr\/la-visite-au-parque-de-las-ciencias-de-grenade\/"},"wordCount":184,"publisher":{"@id":"https:\/\/www.inmsol.com\/fr\/#organization"},"image":{"@id":"https:\/\/www.inmsol.com\/fr\/blog-fr-fr\/la-visite-au-parque-de-las-ciencias-de-grenade\/#primaryimage"},"thumbnailUrl":"https:\/\/www.inmsol.com\/wp-content\/uploads\/2015\/07\/Granada-Parque-de-las-Ciencias.jpg","articleSection":["Blog"],"inLanguage":"fr-FR"},{"@type":"WebPage","@id":"https:\/\/www.inmsol.com\/fr\/blog-fr-fr\/la-visite-au-parque-de-las-ciencias-de-grenade\/","url":"https:\/\/www.inmsol.com\/fr\/blog-fr-fr\/la-visite-au-parque-de-las-ciencias-de-grenade\/","name":"La visite au Parque de las Ciencias de Grenade","isPartOf":{"@id":"https:\/\/www.inmsol.com\/fr\/#website"},"primaryImageOfPage":{"@id":"https:\/\/www.inmsol.com\/fr\/blog-fr-fr\/la-visite-au-parque-de-las-ciencias-de-grenade\/#primaryimage"},"image":{"@id":"https:\/\/www.inmsol.com\/fr\/blog-fr-fr\/la-visite-au-parque-de-las-ciencias-de-grenade\/#primaryimage"},"thumbnailUrl":"https:\/\/www.inmsol.com\/wp-content\/uploads\/2015\/07\/Granada-Parque-de-las-Ciencias.jpg","datePublished":"2015-07-17T10:32:46+00:00","dateModified":"2021-09-29T07:55:59+00:00","description":"Hier apr\u00e8s-midi il y avait le voyage vers le Parque de las Ciencias de Grenade,","breadcrumb":{"@id":"https:\/\/www.inmsol.com\/fr\/blog-fr-fr\/la-visite-au-parque-de-las-ciencias-de-grenade\/#breadcrumb"},"inLanguage":"fr-FR","potentialAction":[{"@type":"ReadAction","target":["https:\/\/www.inmsol.com\/fr\/blog-fr-fr\/la-visite-au-parque-de-las-ciencias-de-grenade\/"]}]},{"@type":"ImageObject","inLanguage":"fr-FR","@id":"https:\/\/www.inmsol.com\/fr\/blog-fr-fr\/la-visite-au-parque-de-las-ciencias-de-grenade\/#primaryimage","url":"https:\/\/www.inmsol.com\/wp-content\/uploads\/2015\/07\/Granada-Parque-de-las-Ciencias.jpg","contentUrl":"https:\/\/www.inmsol.com\/wp-content\/uploads\/2015\/07\/Granada-Parque-de-las-Ciencias.jpg","width":640,"height":480,"caption":"Parque de las Ciencias"},{"@type":"BreadcrumbList","@id":"https:\/\/www.inmsol.com\/fr\/blog-fr-fr\/la-visite-au-parque-de-las-ciencias-de-grenade\/#breadcrumb","itemListElement":[{"@type":"ListItem","position":1,"name":"Accredited Center by Instituto Cervantes","item":"https:\/\/www.inmsol.com\/fr\/pagina-ejemplo\/"},{"@type":"ListItem","position":2,"name":"Blog","item":"https:\/\/www.inmsol.com\/fr\/category\/blog-fr-fr\/"},{"@type":"ListItem","position":3,"name":"La visite au Parque de las Ciencias de Grenade"}]},{"@type":"WebSite","@id":"https:\/\/www.inmsol.com\/fr\/#website","url":"https:\/\/www.inmsol.com\/fr\/","name":"iNMSOL","description":"Apprenez l'espagnol avec nous - Centre de formation affili\u00e9 \u00e0 l'Institute Cervantes","publisher":{"@id":"https:\/\/www.inmsol.com\/fr\/#organization"},"potentialAction":[{"@type":"SearchAction","target":{"@type":"EntryPoint","urlTemplate":"https:\/\/www.inmsol.com\/fr\/?s={search_term_string}"},"query-input":{"@type":"PropertyValueSpecification","valueRequired":true,"valueName":"search_term_string"}}],"inLanguage":"fr-FR"},{"@type":"Organization","@id":"https:\/\/www.inmsol.com\/fr\/#organization","name":"Instituto Mediterr\u00e1neo Sol","url":"https:\/\/www.inmsol.com\/fr\/","logo":{"@type":"ImageObject","inLanguage":"fr-FR","@id":"https:\/\/www.inmsol.com\/fr\/#\/schema\/logo\/image\/","url":"https:\/\/www.inmsol.com\/wp-content\/uploads\/2023\/06\/logo-inmsol-1.png","contentUrl":"https:\/\/www.inmsol.com\/wp-content\/uploads\/2023\/06\/logo-inmsol-1.png","width":136,"height":73,"caption":"Instituto Mediterr\u00e1neo Sol"},"image":{"@id":"https:\/\/www.inmsol.com\/fr\/#\/schema\/logo\/image\/"},"sameAs":["https:\/\/www.facebook.com\/spanishcourses","https:\/\/x.com\/StudyInGranada","http:\/\/instagram.com\/imsolgranada","https:\/\/es.linkedin.com\/company\/imsol-granada","https:\/\/www.pinterest.es\/inmsol\/","https:\/\/www.youtube.com\/channel\/UChz-Qn_7coFMosY85iYMO4g"]},{"@type":"Person","@id":"https:\/\/www.inmsol.com\/fr\/#\/schema\/person\/94a7a01d14a56d1fbc49c841ffc57fe9","name":"- Instituto Mediterr\u00e1neo Sol","image":{"@type":"ImageObject","inLanguage":"fr-FR","@id":"https:\/\/secure.gravatar.com\/avatar\/5607fdabdf1b548b6095cc3d43079829bc1497403e70dd34004e7204a8fef62b?s=96&d=mm&r=g","url":"https:\/\/secure.gravatar.com\/avatar\/5607fdabdf1b548b6095cc3d43079829bc1497403e70dd34004e7204a8fef62b?s=96&d=mm&r=g","contentUrl":"https:\/\/secure.gravatar.com\/avatar\/5607fdabdf1b548b6095cc3d43079829bc1497403e70dd34004e7204a8fef62b?s=96&d=mm&r=g","caption":"- Instituto Mediterr\u00e1neo Sol"},"url":"https:\/\/www.inmsol.com\/fr\/author\/laura\/"}]}},"_links":{"self":[{"href":"https:\/\/www.inmsol.com\/fr\/wp-json\/wp\/v2\/posts\/16652","targetHints":{"allow":["GET"]}}],"collection":[{"href":"https:\/\/www.inmsol.com\/fr\/wp-json\/wp\/v2\/posts"}],"about":[{"href":"https:\/\/www.inmsol.com\/fr\/wp-json\/wp\/v2\/types\/post"}],"author":[{"embeddable":true,"href":"https:\/\/www.inmsol.com\/fr\/wp-json\/wp\/v2\/users\/3"}],"replies":[{"embeddable":true,"href":"https:\/\/www.inmsol.com\/fr\/wp-json\/wp\/v2\/comments?post=16652"}],"version-history":[{"count":0,"href":"https:\/\/www.inmsol.com\/fr\/wp-json\/wp\/v2\/posts\/16652\/revisions"}],"wp:featuredmedia":[{"embeddable":true,"href":"https:\/\/www.inmsol.com\/fr\/wp-json\/wp\/v2\/media\/16594"}],"wp:attachment":[{"href":"https:\/\/www.inmsol.com\/fr\/wp-json\/wp\/v2\/media?parent=16652"}],"wp:term":[{"taxonomy":"category","embeddable":true,"href":"https:\/\/www.inmsol.com\/fr\/wp-json\/wp\/v2\/categories?post=16652"},{"taxonomy":"post_tag","embeddable":true,"href":"https:\/\/www.inmsol.com\/fr\/wp-json\/wp\/v2\/tags?post=16652"}],"curies":[{"name":"wp","href":"https:\/\/api.w.org\/{rel}","templated":true}]}}