{"id":21514,"date":"2015-12-18T17:14:47","date_gmt":"2015-12-18T16:14:47","guid":{"rendered":"https:\/\/www.inmsol.com\/?p=21514"},"modified":"2020-11-30T09:41:10","modified_gmt":"2020-11-30T08:41:10","slug":"tour-graffiti","status":"publish","type":"post","link":"https:\/\/www.inmsol.com\/fr\/blog-fr-fr\/tour-graffiti\/","title":{"rendered":"Tour Graffiti"},"content":{"rendered":"<p>Hier, des <strong>\u00e9tudiants<\/strong> de l&rsquo;<strong><a href=\"https:\/\/www.inmsol.com\/fr\/\" target=\"_blank\" rel=\"noopener noreferrer\">Instituto Mediterr\u00e1neo Sol<\/a><\/strong> sont all\u00e9s pour une promenade guid\u00e9e autour du Realejo, dans le cadre du Tour Graffiti inclus dans <strong><a href=\"https:\/\/www.inmsol.com\/fr\/activites-et-excursions\/\" target=\"_blank\" rel=\"noopener noreferrer\">notre programme social<\/a><\/strong> pour cette semaine. Ils ont profit\u00e9 de la m\u00e9t\u00e9o incroyable de ces jours \u00e0 <strong><a href=\"https:\/\/www.inmsol.com\/fr\/granada\/\" target=\"_blank\" rel=\"noopener noreferrer\">Grenade<\/a><\/strong>, et ont d\u00e9couvert quelques-uns des plus c\u00e9l\u00e8bres graffitis de la ville.<\/p>\n<p><img fetchpriority=\"high\" decoding=\"async\" class=\"size-medium wp-image-21498 aligncenter\" src=\"https:\/\/www.inmsol.com\/wp-content\/uploads\/2015\/12\/Paseo-grafitis-diciembre-2015-460x273.jpg\" alt=\"Paseo grafitis diciembre 2015\" width=\"460\" height=\"273\" srcset=\"https:\/\/www.inmsol.com\/wp-content\/uploads\/2015\/12\/Paseo-grafitis-diciembre-2015-460x273.jpg 460w, https:\/\/www.inmsol.com\/wp-content\/uploads\/2015\/12\/Paseo-grafitis-diciembre-2015-800x475.jpg 800w, https:\/\/www.inmsol.com\/wp-content\/uploads\/2015\/12\/Paseo-grafitis-diciembre-2015-64x38.jpg 64w, https:\/\/www.inmsol.com\/wp-content\/uploads\/2015\/12\/Paseo-grafitis-diciembre-2015-1024x608.jpg 1024w, https:\/\/www.inmsol.com\/wp-content\/uploads\/2015\/12\/Paseo-grafitis-diciembre-2015-250x148.jpg 250w, https:\/\/www.inmsol.com\/wp-content\/uploads\/2015\/12\/Paseo-grafitis-diciembre-2015-600x356.jpg 600w, https:\/\/www.inmsol.com\/wp-content\/uploads\/2015\/12\/Paseo-grafitis-diciembre-2015.jpg 1500w\" sizes=\"(max-width: 460px) 100vw, 460px\" \/><\/p>\n<p>Il y a tellement d&rsquo;artistes qui utilisent les murs pour s\u2019exprimer. La plupart de ces \u0153uvres d&rsquo;art sont un tr\u00e8s bon moyen d\u2019expression des probl\u00e8mes sociaux de nos jours, c&rsquo;est pour \u00e7a qu&rsquo;ils sont tellement respect\u00e9s par les citoyens.<\/p>\n<p><strong>Les \u00e9l\u00e8ves \u00e9taient ravis, et nous aussi!<\/strong><\/p>\n","protected":false},"excerpt":{"rendered":"<p>Hier, des \u00e9tudiants de l&rsquo;Instituto Mediterr\u00e1neo Sol sont all\u00e9s pour une promenade guid\u00e9e autour du Realejo, dans le cadre du Tour Graffiti inclus dans notre programme social pour cette semaine. Ils ont profit\u00e9 de la m\u00e9t\u00e9o incroyable de ces jours \u00e0 Grenade, et ont d\u00e9couvert&#8230;<\/p>\n","protected":false},"author":3,"featured_media":21482,"comment_status":"closed","ping_status":"closed","sticky":false,"template":"","format":"standard","meta":{"_acf_changed":false,"footnotes":""},"categories":[4],"tags":[],"class_list":["post-21514","post","type-post","status-publish","format-standard","has-post-thumbnail","hentry","category-blog-fr-fr"],"acf":[],"yoast_head":"<!-- This site is optimized with the Yoast SEO plugin v27.5 - https:\/\/yoast.com\/product\/yoast-seo-wordpress\/ -->\n<title>Tour Graffiti<\/title>\n<meta name=\"description\" content=\"Hier, des \u00e9tudiants de l&#039;Instituto Mediterr\u00e1neo Sol sont all\u00e9s pour une promenade guid\u00e9e autour du Realejo, dans le cadre du Tour Graffiti inclus dans notre programme social pour cette semaine. Ils ont profit\u00e9 de la m\u00e9t\u00e9o incroyable de ces jours \u00e0 Grenade, et ont d\u00e9couvert quelques-uns des plus c\u00e9l\u00e8bres graffitis de la ville.\" \/>\n<meta name=\"robots\" content=\"index, follow, max-snippet:-1, max-image-preview:large, max-video-preview:-1\" \/>\n<link rel=\"canonical\" href=\"https:\/\/www.inmsol.com\/fr\/blog-fr-fr\/tour-graffiti\/\" \/>\n<meta property=\"og:locale\" content=\"fr_FR\" \/>\n<meta property=\"og:type\" content=\"article\" \/>\n<meta property=\"og:title\" content=\"Tour Graffiti\" \/>\n<meta property=\"og:description\" content=\"Hier, des \u00e9tudiants de l&#039;Instituto Mediterr\u00e1neo Sol sont all\u00e9s pour une promenade guid\u00e9e autour du Realejo, dans le cadre du Tour Graffiti inclus dans notre programme social pour cette semaine. Ils ont profit\u00e9 de la m\u00e9t\u00e9o incroyable de ces jours \u00e0 Grenade, et ont d\u00e9couvert quelques-uns des plus c\u00e9l\u00e8bres graffitis de la ville.\" \/>\n<meta property=\"og:url\" content=\"https:\/\/www.inmsol.com\/fr\/blog-fr-fr\/tour-graffiti\/\" \/>\n<meta property=\"og:site_name\" content=\"iNMSOL\" \/>\n<meta property=\"article:publisher\" content=\"https:\/\/www.facebook.com\/spanishcourses\" \/>\n<meta property=\"article:published_time\" content=\"2015-12-18T16:14:47+00:00\" \/>\n<meta property=\"article:modified_time\" content=\"2020-11-30T08:41:10+00:00\" \/>\n<meta property=\"og:image\" content=\"https:\/\/www.inmsol.com\/wp-content\/uploads\/2015\/12\/Foto-frafitis-portada.jpg\" \/>\n\t<meta property=\"og:image:width\" content=\"419\" \/>\n\t<meta property=\"og:image:height\" content=\"399\" \/>\n\t<meta property=\"og:image:type\" content=\"image\/jpeg\" \/>\n<meta name=\"author\" content=\"- Instituto Mediterr\u00e1neo Sol\" \/>\n<meta name=\"twitter:label1\" content=\"\u00c9crit par\" \/>\n\t<meta name=\"twitter:data1\" content=\"- Instituto Mediterr\u00e1neo Sol\" \/>\n\t<meta name=\"twitter:label2\" content=\"Dur\u00e9e de lecture estim\u00e9e\" \/>\n\t<meta name=\"twitter:data2\" content=\"1 minute\" \/>\n<script type=\"application\/ld+json\" class=\"yoast-schema-graph\">{\"@context\":\"https:\\\/\\\/schema.org\",\"@graph\":[{\"@type\":\"Article\",\"@id\":\"https:\\\/\\\/www.inmsol.com\\\/fr\\\/blog-fr-fr\\\/tour-graffiti\\\/#article\",\"isPartOf\":{\"@id\":\"https:\\\/\\\/www.inmsol.com\\\/fr\\\/blog-fr-fr\\\/tour-graffiti\\\/\"},\"author\":{\"name\":\"- Instituto Mediterr\u00e1neo Sol\",\"@id\":\"https:\\\/\\\/www.inmsol.com\\\/fr\\\/#\\\/schema\\\/person\\\/94a7a01d14a56d1fbc49c841ffc57fe9\"},\"headline\":\"Tour Graffiti\",\"datePublished\":\"2015-12-18T16:14:47+00:00\",\"dateModified\":\"2020-11-30T08:41:10+00:00\",\"mainEntityOfPage\":{\"@id\":\"https:\\\/\\\/www.inmsol.com\\\/fr\\\/blog-fr-fr\\\/tour-graffiti\\\/\"},\"wordCount\":119,\"publisher\":{\"@id\":\"https:\\\/\\\/www.inmsol.com\\\/fr\\\/#organization\"},\"image\":{\"@id\":\"https:\\\/\\\/www.inmsol.com\\\/fr\\\/blog-fr-fr\\\/tour-graffiti\\\/#primaryimage\"},\"thumbnailUrl\":\"https:\\\/\\\/www.inmsol.com\\\/wp-content\\\/uploads\\\/2015\\\/12\\\/Foto-frafitis-portada.jpg\",\"articleSection\":[\"Blog\"],\"inLanguage\":\"fr-FR\"},{\"@type\":\"WebPage\",\"@id\":\"https:\\\/\\\/www.inmsol.com\\\/fr\\\/blog-fr-fr\\\/tour-graffiti\\\/\",\"url\":\"https:\\\/\\\/www.inmsol.com\\\/fr\\\/blog-fr-fr\\\/tour-graffiti\\\/\",\"name\":\"Tour Graffiti\",\"isPartOf\":{\"@id\":\"https:\\\/\\\/www.inmsol.com\\\/fr\\\/#website\"},\"primaryImageOfPage\":{\"@id\":\"https:\\\/\\\/www.inmsol.com\\\/fr\\\/blog-fr-fr\\\/tour-graffiti\\\/#primaryimage\"},\"image\":{\"@id\":\"https:\\\/\\\/www.inmsol.com\\\/fr\\\/blog-fr-fr\\\/tour-graffiti\\\/#primaryimage\"},\"thumbnailUrl\":\"https:\\\/\\\/www.inmsol.com\\\/wp-content\\\/uploads\\\/2015\\\/12\\\/Foto-frafitis-portada.jpg\",\"datePublished\":\"2015-12-18T16:14:47+00:00\",\"dateModified\":\"2020-11-30T08:41:10+00:00\",\"description\":\"Hier, des \u00e9tudiants de l'Instituto Mediterr\u00e1neo Sol sont all\u00e9s pour une promenade guid\u00e9e autour du Realejo, dans le cadre du Tour Graffiti inclus dans notre programme social pour cette semaine. Ils ont profit\u00e9 de la m\u00e9t\u00e9o incroyable de ces jours \u00e0 Grenade, et ont d\u00e9couvert quelques-uns des plus c\u00e9l\u00e8bres graffitis de la ville.\",\"breadcrumb\":{\"@id\":\"https:\\\/\\\/www.inmsol.com\\\/fr\\\/blog-fr-fr\\\/tour-graffiti\\\/#breadcrumb\"},\"inLanguage\":\"fr-FR\",\"potentialAction\":[{\"@type\":\"ReadAction\",\"target\":[\"https:\\\/\\\/www.inmsol.com\\\/fr\\\/blog-fr-fr\\\/tour-graffiti\\\/\"]}]},{\"@type\":\"ImageObject\",\"inLanguage\":\"fr-FR\",\"@id\":\"https:\\\/\\\/www.inmsol.com\\\/fr\\\/blog-fr-fr\\\/tour-graffiti\\\/#primaryimage\",\"url\":\"https:\\\/\\\/www.inmsol.com\\\/wp-content\\\/uploads\\\/2015\\\/12\\\/Foto-frafitis-portada.jpg\",\"contentUrl\":\"https:\\\/\\\/www.inmsol.com\\\/wp-content\\\/uploads\\\/2015\\\/12\\\/Foto-frafitis-portada.jpg\",\"width\":419,\"height\":399},{\"@type\":\"BreadcrumbList\",\"@id\":\"https:\\\/\\\/www.inmsol.com\\\/fr\\\/blog-fr-fr\\\/tour-graffiti\\\/#breadcrumb\",\"itemListElement\":[{\"@type\":\"ListItem\",\"position\":1,\"name\":\"Accredited Center by Instituto Cervantes\",\"item\":\"https:\\\/\\\/www.inmsol.com\\\/fr\\\/pagina-ejemplo\\\/\"},{\"@type\":\"ListItem\",\"position\":2,\"name\":\"Blog\",\"item\":\"https:\\\/\\\/www.inmsol.com\\\/fr\\\/category\\\/blog-fr-fr\\\/\"},{\"@type\":\"ListItem\",\"position\":3,\"name\":\"Tour Graffiti\"}]},{\"@type\":\"WebSite\",\"@id\":\"https:\\\/\\\/www.inmsol.com\\\/fr\\\/#website\",\"url\":\"https:\\\/\\\/www.inmsol.com\\\/fr\\\/\",\"name\":\"iNMSOL\",\"description\":\"Apprenez l'espagnol avec nous - Centre de formation affili\u00e9 \u00e0 l'Institute Cervantes\",\"publisher\":{\"@id\":\"https:\\\/\\\/www.inmsol.com\\\/fr\\\/#organization\"},\"potentialAction\":[{\"@type\":\"SearchAction\",\"target\":{\"@type\":\"EntryPoint\",\"urlTemplate\":\"https:\\\/\\\/www.inmsol.com\\\/fr\\\/?s={search_term_string}\"},\"query-input\":{\"@type\":\"PropertyValueSpecification\",\"valueRequired\":true,\"valueName\":\"search_term_string\"}}],\"inLanguage\":\"fr-FR\"},{\"@type\":\"Organization\",\"@id\":\"https:\\\/\\\/www.inmsol.com\\\/fr\\\/#organization\",\"name\":\"Instituto Mediterr\u00e1neo Sol\",\"url\":\"https:\\\/\\\/www.inmsol.com\\\/fr\\\/\",\"logo\":{\"@type\":\"ImageObject\",\"inLanguage\":\"fr-FR\",\"@id\":\"https:\\\/\\\/www.inmsol.com\\\/fr\\\/#\\\/schema\\\/logo\\\/image\\\/\",\"url\":\"https:\\\/\\\/www.inmsol.com\\\/wp-content\\\/uploads\\\/2023\\\/06\\\/logo-inmsol-1.png\",\"contentUrl\":\"https:\\\/\\\/www.inmsol.com\\\/wp-content\\\/uploads\\\/2023\\\/06\\\/logo-inmsol-1.png\",\"width\":136,\"height\":73,\"caption\":\"Instituto Mediterr\u00e1neo Sol\"},\"image\":{\"@id\":\"https:\\\/\\\/www.inmsol.com\\\/fr\\\/#\\\/schema\\\/logo\\\/image\\\/\"},\"sameAs\":[\"https:\\\/\\\/www.facebook.com\\\/spanishcourses\",\"https:\\\/\\\/x.com\\\/StudyInGranada\",\"http:\\\/\\\/instagram.com\\\/imsolgranada\",\"https:\\\/\\\/es.linkedin.com\\\/company\\\/imsol-granada\",\"https:\\\/\\\/www.pinterest.es\\\/inmsol\\\/\",\"https:\\\/\\\/www.youtube.com\\\/channel\\\/UChz-Qn_7coFMosY85iYMO4g\"]},{\"@type\":\"Person\",\"@id\":\"https:\\\/\\\/www.inmsol.com\\\/fr\\\/#\\\/schema\\\/person\\\/94a7a01d14a56d1fbc49c841ffc57fe9\",\"name\":\"- Instituto Mediterr\u00e1neo Sol\",\"image\":{\"@type\":\"ImageObject\",\"inLanguage\":\"fr-FR\",\"@id\":\"https:\\\/\\\/secure.gravatar.com\\\/avatar\\\/5607fdabdf1b548b6095cc3d43079829bc1497403e70dd34004e7204a8fef62b?s=96&d=mm&r=g\",\"url\":\"https:\\\/\\\/secure.gravatar.com\\\/avatar\\\/5607fdabdf1b548b6095cc3d43079829bc1497403e70dd34004e7204a8fef62b?s=96&d=mm&r=g\",\"contentUrl\":\"https:\\\/\\\/secure.gravatar.com\\\/avatar\\\/5607fdabdf1b548b6095cc3d43079829bc1497403e70dd34004e7204a8fef62b?s=96&d=mm&r=g\",\"caption\":\"- Instituto Mediterr\u00e1neo Sol\"},\"url\":\"https:\\\/\\\/www.inmsol.com\\\/fr\\\/author\\\/laura\\\/\"}]}<\/script>\n<!-- \/ Yoast SEO plugin. -->","yoast_head_json":{"title":"Tour Graffiti","description":"Hier, des \u00e9tudiants de l'Instituto Mediterr\u00e1neo Sol sont all\u00e9s pour une promenade guid\u00e9e autour du Realejo, dans le cadre du Tour Graffiti inclus dans notre programme social pour cette semaine. Ils ont profit\u00e9 de la m\u00e9t\u00e9o incroyable de ces jours \u00e0 Grenade, et ont d\u00e9couvert quelques-uns des plus c\u00e9l\u00e8bres graffitis de la ville.","robots":{"index":"index","follow":"follow","max-snippet":"max-snippet:-1","max-image-preview":"max-image-preview:large","max-video-preview":"max-video-preview:-1"},"canonical":"https:\/\/www.inmsol.com\/fr\/blog-fr-fr\/tour-graffiti\/","og_locale":"fr_FR","og_type":"article","og_title":"Tour Graffiti","og_description":"Hier, des \u00e9tudiants de l'Instituto Mediterr\u00e1neo Sol sont all\u00e9s pour une promenade guid\u00e9e autour du Realejo, dans le cadre du Tour Graffiti inclus dans notre programme social pour cette semaine. Ils ont profit\u00e9 de la m\u00e9t\u00e9o incroyable de ces jours \u00e0 Grenade, et ont d\u00e9couvert quelques-uns des plus c\u00e9l\u00e8bres graffitis de la ville.","og_url":"https:\/\/www.inmsol.com\/fr\/blog-fr-fr\/tour-graffiti\/","og_site_name":"iNMSOL","article_publisher":"https:\/\/www.facebook.com\/spanishcourses","article_published_time":"2015-12-18T16:14:47+00:00","article_modified_time":"2020-11-30T08:41:10+00:00","og_image":[{"width":419,"height":399,"url":"https:\/\/www.inmsol.com\/wp-content\/uploads\/2015\/12\/Foto-frafitis-portada.jpg","type":"image\/jpeg"}],"author":"- Instituto Mediterr\u00e1neo Sol","twitter_misc":{"\u00c9crit par":"- Instituto Mediterr\u00e1neo Sol","Dur\u00e9e de lecture estim\u00e9e":"1 minute"},"schema":{"@context":"https:\/\/schema.org","@graph":[{"@type":"Article","@id":"https:\/\/www.inmsol.com\/fr\/blog-fr-fr\/tour-graffiti\/#article","isPartOf":{"@id":"https:\/\/www.inmsol.com\/fr\/blog-fr-fr\/tour-graffiti\/"},"author":{"name":"- Instituto Mediterr\u00e1neo Sol","@id":"https:\/\/www.inmsol.com\/fr\/#\/schema\/person\/94a7a01d14a56d1fbc49c841ffc57fe9"},"headline":"Tour Graffiti","datePublished":"2015-12-18T16:14:47+00:00","dateModified":"2020-11-30T08:41:10+00:00","mainEntityOfPage":{"@id":"https:\/\/www.inmsol.com\/fr\/blog-fr-fr\/tour-graffiti\/"},"wordCount":119,"publisher":{"@id":"https:\/\/www.inmsol.com\/fr\/#organization"},"image":{"@id":"https:\/\/www.inmsol.com\/fr\/blog-fr-fr\/tour-graffiti\/#primaryimage"},"thumbnailUrl":"https:\/\/www.inmsol.com\/wp-content\/uploads\/2015\/12\/Foto-frafitis-portada.jpg","articleSection":["Blog"],"inLanguage":"fr-FR"},{"@type":"WebPage","@id":"https:\/\/www.inmsol.com\/fr\/blog-fr-fr\/tour-graffiti\/","url":"https:\/\/www.inmsol.com\/fr\/blog-fr-fr\/tour-graffiti\/","name":"Tour Graffiti","isPartOf":{"@id":"https:\/\/www.inmsol.com\/fr\/#website"},"primaryImageOfPage":{"@id":"https:\/\/www.inmsol.com\/fr\/blog-fr-fr\/tour-graffiti\/#primaryimage"},"image":{"@id":"https:\/\/www.inmsol.com\/fr\/blog-fr-fr\/tour-graffiti\/#primaryimage"},"thumbnailUrl":"https:\/\/www.inmsol.com\/wp-content\/uploads\/2015\/12\/Foto-frafitis-portada.jpg","datePublished":"2015-12-18T16:14:47+00:00","dateModified":"2020-11-30T08:41:10+00:00","description":"Hier, des \u00e9tudiants de l'Instituto Mediterr\u00e1neo Sol sont all\u00e9s pour une promenade guid\u00e9e autour du Realejo, dans le cadre du Tour Graffiti inclus dans notre programme social pour cette semaine. Ils ont profit\u00e9 de la m\u00e9t\u00e9o incroyable de ces jours \u00e0 Grenade, et ont d\u00e9couvert quelques-uns des plus c\u00e9l\u00e8bres graffitis de la ville.","breadcrumb":{"@id":"https:\/\/www.inmsol.com\/fr\/blog-fr-fr\/tour-graffiti\/#breadcrumb"},"inLanguage":"fr-FR","potentialAction":[{"@type":"ReadAction","target":["https:\/\/www.inmsol.com\/fr\/blog-fr-fr\/tour-graffiti\/"]}]},{"@type":"ImageObject","inLanguage":"fr-FR","@id":"https:\/\/www.inmsol.com\/fr\/blog-fr-fr\/tour-graffiti\/#primaryimage","url":"https:\/\/www.inmsol.com\/wp-content\/uploads\/2015\/12\/Foto-frafitis-portada.jpg","contentUrl":"https:\/\/www.inmsol.com\/wp-content\/uploads\/2015\/12\/Foto-frafitis-portada.jpg","width":419,"height":399},{"@type":"BreadcrumbList","@id":"https:\/\/www.inmsol.com\/fr\/blog-fr-fr\/tour-graffiti\/#breadcrumb","itemListElement":[{"@type":"ListItem","position":1,"name":"Accredited Center by Instituto Cervantes","item":"https:\/\/www.inmsol.com\/fr\/pagina-ejemplo\/"},{"@type":"ListItem","position":2,"name":"Blog","item":"https:\/\/www.inmsol.com\/fr\/category\/blog-fr-fr\/"},{"@type":"ListItem","position":3,"name":"Tour Graffiti"}]},{"@type":"WebSite","@id":"https:\/\/www.inmsol.com\/fr\/#website","url":"https:\/\/www.inmsol.com\/fr\/","name":"iNMSOL","description":"Apprenez l'espagnol avec nous - Centre de formation affili\u00e9 \u00e0 l'Institute Cervantes","publisher":{"@id":"https:\/\/www.inmsol.com\/fr\/#organization"},"potentialAction":[{"@type":"SearchAction","target":{"@type":"EntryPoint","urlTemplate":"https:\/\/www.inmsol.com\/fr\/?s={search_term_string}"},"query-input":{"@type":"PropertyValueSpecification","valueRequired":true,"valueName":"search_term_string"}}],"inLanguage":"fr-FR"},{"@type":"Organization","@id":"https:\/\/www.inmsol.com\/fr\/#organization","name":"Instituto Mediterr\u00e1neo Sol","url":"https:\/\/www.inmsol.com\/fr\/","logo":{"@type":"ImageObject","inLanguage":"fr-FR","@id":"https:\/\/www.inmsol.com\/fr\/#\/schema\/logo\/image\/","url":"https:\/\/www.inmsol.com\/wp-content\/uploads\/2023\/06\/logo-inmsol-1.png","contentUrl":"https:\/\/www.inmsol.com\/wp-content\/uploads\/2023\/06\/logo-inmsol-1.png","width":136,"height":73,"caption":"Instituto Mediterr\u00e1neo Sol"},"image":{"@id":"https:\/\/www.inmsol.com\/fr\/#\/schema\/logo\/image\/"},"sameAs":["https:\/\/www.facebook.com\/spanishcourses","https:\/\/x.com\/StudyInGranada","http:\/\/instagram.com\/imsolgranada","https:\/\/es.linkedin.com\/company\/imsol-granada","https:\/\/www.pinterest.es\/inmsol\/","https:\/\/www.youtube.com\/channel\/UChz-Qn_7coFMosY85iYMO4g"]},{"@type":"Person","@id":"https:\/\/www.inmsol.com\/fr\/#\/schema\/person\/94a7a01d14a56d1fbc49c841ffc57fe9","name":"- Instituto Mediterr\u00e1neo Sol","image":{"@type":"ImageObject","inLanguage":"fr-FR","@id":"https:\/\/secure.gravatar.com\/avatar\/5607fdabdf1b548b6095cc3d43079829bc1497403e70dd34004e7204a8fef62b?s=96&d=mm&r=g","url":"https:\/\/secure.gravatar.com\/avatar\/5607fdabdf1b548b6095cc3d43079829bc1497403e70dd34004e7204a8fef62b?s=96&d=mm&r=g","contentUrl":"https:\/\/secure.gravatar.com\/avatar\/5607fdabdf1b548b6095cc3d43079829bc1497403e70dd34004e7204a8fef62b?s=96&d=mm&r=g","caption":"- Instituto Mediterr\u00e1neo Sol"},"url":"https:\/\/www.inmsol.com\/fr\/author\/laura\/"}]}},"_links":{"self":[{"href":"https:\/\/www.inmsol.com\/fr\/wp-json\/wp\/v2\/posts\/21514","targetHints":{"allow":["GET"]}}],"collection":[{"href":"https:\/\/www.inmsol.com\/fr\/wp-json\/wp\/v2\/posts"}],"about":[{"href":"https:\/\/www.inmsol.com\/fr\/wp-json\/wp\/v2\/types\/post"}],"author":[{"embeddable":true,"href":"https:\/\/www.inmsol.com\/fr\/wp-json\/wp\/v2\/users\/3"}],"replies":[{"embeddable":true,"href":"https:\/\/www.inmsol.com\/fr\/wp-json\/wp\/v2\/comments?post=21514"}],"version-history":[{"count":0,"href":"https:\/\/www.inmsol.com\/fr\/wp-json\/wp\/v2\/posts\/21514\/revisions"}],"wp:featuredmedia":[{"embeddable":true,"href":"https:\/\/www.inmsol.com\/fr\/wp-json\/wp\/v2\/media\/21482"}],"wp:attachment":[{"href":"https:\/\/www.inmsol.com\/fr\/wp-json\/wp\/v2\/media?parent=21514"}],"wp:term":[{"taxonomy":"category","embeddable":true,"href":"https:\/\/www.inmsol.com\/fr\/wp-json\/wp\/v2\/categories?post=21514"},{"taxonomy":"post_tag","embeddable":true,"href":"https:\/\/www.inmsol.com\/fr\/wp-json\/wp\/v2\/tags?post=21514"}],"curies":[{"name":"wp","href":"https:\/\/api.w.org\/{rel}","templated":true}]}}