{"id":298,"date":"2010-06-22T13:51:43","date_gmt":"2010-06-22T13:51:43","guid":{"rendered":"https:\/\/www.inmsol.com\/"},"modified":"2013-05-19T17:23:52","modified_gmt":"2013-05-19T17:23:52","slug":"la-semaine-sainte","status":"publish","type":"post","link":"https:\/\/www.inmsol.com\/fr\/blog-fr-fr\/la-semaine-sainte\/","title":{"rendered":"La semaine Sainte"},"content":{"rendered":"<p>La Semaine Sainte en Espagne est un des \u00e9v\u00e9nements les plus attendus par les espagnols et les touristes \u00e9trangers. F\u00eate traditionnelle, elle est c\u00e9l\u00e9br\u00e9e dans toutes les villes d\u2019Espagne et r\u00e9unit les espagnols dans leur ferveur religieuse et les touristes qui viennent admirer les processions et prendre part aux festivit\u00e9s.<br \/>\n\tLa Semaine Sainte est donc un \u00e9v\u00e9nement important pour le tourisme espagnol et plusieurs de ses c\u00e9l\u00e9brations religieuses ont \u00e9t\u00e9 d\u00e9clar\u00e9es de grand int\u00e9r\u00eat touristique national.<br \/>\n\tApr\u00e8s les f\u00eates de No\u00ebl, le carnaval et les 40 jours du Car\u00eame la Semaine Sainte va permettre aux fid\u00e8les de comm\u00e9morer la passion, la mort et la r\u00e9surrection de J\u00e9sus lors de processions religieuses qui vont d\u00e9filer dans les rues des villes espagnoles, devant ce d\u00e9ploiement artistique \u00e9blouissant.<br \/>\n\tDurant le Car\u00eame les diff\u00e9rentes confr\u00e9ries se pr\u00e9parent, soucieuses d\u2019offrir aux yeux de tous la procession la plus belle quand les participants devront parcourir le circuit traditionnel qui passe par les monuments les plus importants de la ville, transmettant au public les sensations les plus repr\u00e9sentatives de l\u2019\u00e9v\u00e9nement, la r\u00e9flexion, la p\u00e9nitence et la joie.<br \/>\n\tLa Semaine Sainte se compose de deux parties : la fin du Car\u00eame (du Dimanche des Rameaux au Mercredi Saint) et les trois jours des f\u00eates pascales (du Jeudi apr\u00e8s-midi au Dimanche apr\u00e8s-midi) qui c\u00e9l\u00e8brent la passion, la mort et la r\u00e9surrection de J\u00e9sus-Christ.<br \/>\n\tSi la Semaine Sainte est c\u00e9l\u00e9br\u00e9e dans tout le pays elle est c\u00e9l\u00e9br\u00e9e diff\u00e9remment selon les traditions de chacune des r\u00e9gions. On sera \u00e9tonn\u00e9 par le contraste entre l\u2019aust\u00e9rit\u00e9 et le silence des c\u00e9l\u00e9brations dans les villages de Castille par rapport aux d\u00e9bordement de lumi\u00e8re et de couleurs qui entourent les processions en Andalousie.<br \/>\n\tCes processions vont commencer le Dimanche des Rameaux pour c\u00e9l\u00e9brer l\u2019arriv\u00e9e de J\u00e9sus \u00e0 J\u00e9rusalem. On c\u00e9l\u00e8bre alors le Christ Roi.<br \/>\n\tLe Jeudi Saint commence avec la messe de l\u2019apr\u00e8s-midi durant laquelle on c\u00e9l\u00e8bre la C\u00e8ne. C\u2019est le jour de r\u00e9conciliation et on se souvient du dernier repas de J\u00e9sus avec les ap\u00f4tres.<br \/>\n\tLe Vendredi Saint la c\u00e9l\u00e9bration de la Mort de J\u00e9sus sur la Croix se fait dans le silence et l\u2019aust\u00e9rit\u00e9 pour respecter la douleurs des chr\u00e9tiens.<br \/>\n\tLe Samedi Saint est le jour de l\u2019enterrement de J\u00e9sus et de sa descente parmi les morts. La nuit va \u00eatre la plus longue et la plus sainte de l\u2019ann\u00e9e, les p\u00e9nitents encagoul\u00e9s \u00e9tant dans l\u2019attente de sa r\u00e9surrection, d\u00e9filant lors des \u201cpasos\u201d, les processions nocturnes.<br \/>\n\tLe Dimanche de P\u00e2ques est un jour de joie avec la c\u00e9l\u00e9bration de la r\u00e9surrection du Christ.<br \/>\n\tLa plupart des confr\u00e9ries repr\u00e9sentent des secteurs sociaux et professionnels de la ville remontant \u00e0 l\u2019\u00e9poque m\u00e9di\u00e9vale. Ils vont s\u2019atteler \u00e0 d\u00e9corer avec toute leur passion les deux chars symbolisant le Christ et la Vierge Marie.<br \/>\n\tCes chars vont \u00eatre port\u00e9s en cort\u00e8ge par une quarantaine d\u2019hommes au cours d\u2019une procession tr\u00e8s lente qui vous permettra d\u2019admirer les d\u00e9corations, de v\u00e9ritables chef d\u2019\u0153uvres artistiques.<br \/>\n\tLes processions sont accompagn\u00e9e par des fanfares et suivis par les nazarenos, c\u2019est \u00e0 dire les p\u00e9nitents encagoul\u00e9s qui sont charg\u00e9s de ch\u00e2tier le Christ, se voilant la face pour ne pas montrer leur honte.<br \/>\n\tSi toutes les villes d\u2019Espagne c\u00e9l\u00e8brent la Semaine Sainte, les festivit\u00e9s et les plus belles processions se d\u00e9roulent \u00e0 S\u00e9ville, Malaga et Grenade en Andalousie, \u00e0 Zamora, Valladolid et Tol\u00e8de en Castille.<\/p>\n<p>Source: <a href=\"http:\/\/www.americas-fr.com\/tourisme\/sejours\/semaine-sainte-en-espagne-1638.html\" target=\"_blank\"><span style=\"text-decoration: underline;\"><span style=\"font-weight: bold;\">http:\/\/www.americas-fr.com\/tourisme\/sejours\/semaine-sainte-en-espagne-1638.html<\/span><\/span><\/a><\/p>\n","protected":false},"excerpt":{"rendered":"<p>La Semaine Sainte en Espagne est un des \u00e9v\u00e9nements les plus attendus par les espagnols et les touristes \u00e9trangers. F\u00eate traditionnelle, elle est c\u00e9l\u00e9br\u00e9e dans toutes les villes d\u2019Espagne et r\u00e9unit les espagnols dans leur ferveur religieuse et les touristes qui viennent admirer les processions&#8230;<\/p>\n","protected":false},"author":2,"featured_media":0,"comment_status":"closed","ping_status":"closed","sticky":false,"template":"","format":"standard","meta":{"_acf_changed":false,"footnotes":""},"categories":[4],"tags":[],"class_list":["post-298","post","type-post","status-publish","format-standard","hentry","category-blog-fr-fr"],"acf":[],"yoast_head":"<!-- This site is optimized with the Yoast SEO plugin v27.5 - https:\/\/yoast.com\/product\/yoast-seo-wordpress\/ -->\n<title>Semaine Sainte|religieu, festivit\u00e9s, careme, jesus, Vendredi, Samedi, Dimanche, Saint, Rameaux | INMSOL<\/title>\n<meta name=\"description\" content=\"La Semaine Sainte en Espagne est un des \u00e9v\u00e9nements les plus attendus par les espagnols et les touristes \u00e9trangers. F\u00eate traditionnelle, elle est c\u00e9l\u00e9br\u00e9e dans toutes les villes d\u2019Espagne et r\u00e9unit les espagnols dans leur ferveur religieuse et les touriste\" \/>\n<meta name=\"robots\" content=\"index, follow, max-snippet:-1, max-image-preview:large, max-video-preview:-1\" \/>\n<link rel=\"canonical\" href=\"https:\/\/www.inmsol.com\/fr\/blog-fr-fr\/la-semaine-sainte\/\" \/>\n<meta property=\"og:locale\" content=\"fr_FR\" \/>\n<meta property=\"og:type\" content=\"article\" \/>\n<meta property=\"og:title\" content=\"Semaine Sainte|religieu, festivit\u00e9s, careme, jesus, Vendredi, Samedi, Dimanche, Saint, Rameaux | INMSOL\" \/>\n<meta property=\"og:description\" content=\"La Semaine Sainte en Espagne est un des \u00e9v\u00e9nements les plus attendus par les espagnols et les touristes \u00e9trangers. F\u00eate traditionnelle, elle est c\u00e9l\u00e9br\u00e9e dans toutes les villes d\u2019Espagne et r\u00e9unit les espagnols dans leur ferveur religieuse et les touriste\" \/>\n<meta property=\"og:url\" content=\"https:\/\/www.inmsol.com\/fr\/blog-fr-fr\/la-semaine-sainte\/\" \/>\n<meta property=\"og:site_name\" content=\"iNMSOL\" \/>\n<meta property=\"article:publisher\" content=\"https:\/\/www.facebook.com\/spanishcourses\" \/>\n<meta property=\"article:published_time\" content=\"2010-06-22T13:51:43+00:00\" \/>\n<meta property=\"article:modified_time\" content=\"2013-05-19T17:23:52+00:00\" \/>\n<meta property=\"og:image\" content=\"https:\/\/www.inmsol.com\/wp-content\/uploads\/2019\/08\/logo-inmsol.png\" \/>\n\t<meta property=\"og:image:width\" content=\"320\" \/>\n\t<meta property=\"og:image:height\" content=\"154\" \/>\n\t<meta property=\"og:image:type\" content=\"image\/png\" \/>\n<meta name=\"author\" content=\"Javier Torres\" \/>\n<meta name=\"twitter:label1\" content=\"\u00c9crit par\" \/>\n\t<meta name=\"twitter:data1\" content=\"Javier Torres\" \/>\n\t<meta name=\"twitter:label2\" content=\"Dur\u00e9e de lecture estim\u00e9e\" \/>\n\t<meta name=\"twitter:data2\" content=\"3 minutes\" \/>\n<script type=\"application\/ld+json\" class=\"yoast-schema-graph\">{\"@context\":\"https:\\\/\\\/schema.org\",\"@graph\":[{\"@type\":\"Article\",\"@id\":\"https:\\\/\\\/www.inmsol.com\\\/fr\\\/blog-fr-fr\\\/la-semaine-sainte\\\/#article\",\"isPartOf\":{\"@id\":\"https:\\\/\\\/www.inmsol.com\\\/fr\\\/blog-fr-fr\\\/la-semaine-sainte\\\/\"},\"author\":{\"name\":\"Javier Torres\",\"@id\":\"https:\\\/\\\/www.inmsol.com\\\/fr\\\/#\\\/schema\\\/person\\\/18f18acd0397ef441e373e79ec3eb6ea\"},\"headline\":\"La semaine Sainte\",\"datePublished\":\"2010-06-22T13:51:43+00:00\",\"dateModified\":\"2013-05-19T17:23:52+00:00\",\"mainEntityOfPage\":{\"@id\":\"https:\\\/\\\/www.inmsol.com\\\/fr\\\/blog-fr-fr\\\/la-semaine-sainte\\\/\"},\"wordCount\":677,\"publisher\":{\"@id\":\"https:\\\/\\\/www.inmsol.com\\\/fr\\\/#organization\"},\"articleSection\":[\"Blog\"],\"inLanguage\":\"fr-FR\"},{\"@type\":\"WebPage\",\"@id\":\"https:\\\/\\\/www.inmsol.com\\\/fr\\\/blog-fr-fr\\\/la-semaine-sainte\\\/\",\"url\":\"https:\\\/\\\/www.inmsol.com\\\/fr\\\/blog-fr-fr\\\/la-semaine-sainte\\\/\",\"name\":\"Semaine Sainte|religieu, festivit\u00e9s, careme, jesus, Vendredi, Samedi, Dimanche, Saint, Rameaux | INMSOL\",\"isPartOf\":{\"@id\":\"https:\\\/\\\/www.inmsol.com\\\/fr\\\/#website\"},\"datePublished\":\"2010-06-22T13:51:43+00:00\",\"dateModified\":\"2013-05-19T17:23:52+00:00\",\"description\":\"La Semaine Sainte en Espagne est un des \u00e9v\u00e9nements les plus attendus par les espagnols et les touristes \u00e9trangers. F\u00eate traditionnelle, elle est c\u00e9l\u00e9br\u00e9e dans toutes les villes d\u2019Espagne et r\u00e9unit les espagnols dans leur ferveur religieuse et les touriste\",\"breadcrumb\":{\"@id\":\"https:\\\/\\\/www.inmsol.com\\\/fr\\\/blog-fr-fr\\\/la-semaine-sainte\\\/#breadcrumb\"},\"inLanguage\":\"fr-FR\",\"potentialAction\":[{\"@type\":\"ReadAction\",\"target\":[\"https:\\\/\\\/www.inmsol.com\\\/fr\\\/blog-fr-fr\\\/la-semaine-sainte\\\/\"]}]},{\"@type\":\"BreadcrumbList\",\"@id\":\"https:\\\/\\\/www.inmsol.com\\\/fr\\\/blog-fr-fr\\\/la-semaine-sainte\\\/#breadcrumb\",\"itemListElement\":[{\"@type\":\"ListItem\",\"position\":1,\"name\":\"Accredited Center by Instituto Cervantes\",\"item\":\"https:\\\/\\\/www.inmsol.com\\\/fr\\\/pagina-ejemplo\\\/\"},{\"@type\":\"ListItem\",\"position\":2,\"name\":\"Blog\",\"item\":\"https:\\\/\\\/www.inmsol.com\\\/fr\\\/category\\\/blog-fr-fr\\\/\"},{\"@type\":\"ListItem\",\"position\":3,\"name\":\"La semaine Sainte\"}]},{\"@type\":\"WebSite\",\"@id\":\"https:\\\/\\\/www.inmsol.com\\\/fr\\\/#website\",\"url\":\"https:\\\/\\\/www.inmsol.com\\\/fr\\\/\",\"name\":\"iNMSOL\",\"description\":\"Apprenez l'espagnol avec nous - Centre de formation affili\u00e9 \u00e0 l'Institute Cervantes\",\"publisher\":{\"@id\":\"https:\\\/\\\/www.inmsol.com\\\/fr\\\/#organization\"},\"potentialAction\":[{\"@type\":\"SearchAction\",\"target\":{\"@type\":\"EntryPoint\",\"urlTemplate\":\"https:\\\/\\\/www.inmsol.com\\\/fr\\\/?s={search_term_string}\"},\"query-input\":{\"@type\":\"PropertyValueSpecification\",\"valueRequired\":true,\"valueName\":\"search_term_string\"}}],\"inLanguage\":\"fr-FR\"},{\"@type\":\"Organization\",\"@id\":\"https:\\\/\\\/www.inmsol.com\\\/fr\\\/#organization\",\"name\":\"Instituto Mediterr\u00e1neo Sol\",\"url\":\"https:\\\/\\\/www.inmsol.com\\\/fr\\\/\",\"logo\":{\"@type\":\"ImageObject\",\"inLanguage\":\"fr-FR\",\"@id\":\"https:\\\/\\\/www.inmsol.com\\\/fr\\\/#\\\/schema\\\/logo\\\/image\\\/\",\"url\":\"https:\\\/\\\/www.inmsol.com\\\/wp-content\\\/uploads\\\/2023\\\/06\\\/logo-inmsol-1.png\",\"contentUrl\":\"https:\\\/\\\/www.inmsol.com\\\/wp-content\\\/uploads\\\/2023\\\/06\\\/logo-inmsol-1.png\",\"width\":136,\"height\":73,\"caption\":\"Instituto Mediterr\u00e1neo Sol\"},\"image\":{\"@id\":\"https:\\\/\\\/www.inmsol.com\\\/fr\\\/#\\\/schema\\\/logo\\\/image\\\/\"},\"sameAs\":[\"https:\\\/\\\/www.facebook.com\\\/spanishcourses\",\"https:\\\/\\\/x.com\\\/StudyInGranada\",\"http:\\\/\\\/instagram.com\\\/imsolgranada\",\"https:\\\/\\\/es.linkedin.com\\\/company\\\/imsol-granada\",\"https:\\\/\\\/www.pinterest.es\\\/inmsol\\\/\",\"https:\\\/\\\/www.youtube.com\\\/channel\\\/UChz-Qn_7coFMosY85iYMO4g\"]},{\"@type\":\"Person\",\"@id\":\"https:\\\/\\\/www.inmsol.com\\\/fr\\\/#\\\/schema\\\/person\\\/18f18acd0397ef441e373e79ec3eb6ea\",\"name\":\"Javier Torres\",\"image\":{\"@type\":\"ImageObject\",\"inLanguage\":\"fr-FR\",\"@id\":\"https:\\\/\\\/secure.gravatar.com\\\/avatar\\\/90afa2d6499550218d247408758082af566e5ec3641e1b8eac0d7bb889344a55?s=96&d=mm&r=g\",\"url\":\"https:\\\/\\\/secure.gravatar.com\\\/avatar\\\/90afa2d6499550218d247408758082af566e5ec3641e1b8eac0d7bb889344a55?s=96&d=mm&r=g\",\"contentUrl\":\"https:\\\/\\\/secure.gravatar.com\\\/avatar\\\/90afa2d6499550218d247408758082af566e5ec3641e1b8eac0d7bb889344a55?s=96&d=mm&r=g\",\"caption\":\"Javier Torres\"},\"url\":\"https:\\\/\\\/www.inmsol.com\\\/fr\\\/author\\\/javier\\\/\"}]}<\/script>\n<!-- \/ Yoast SEO plugin. -->","yoast_head_json":{"title":"Semaine Sainte|religieu, festivit\u00e9s, careme, jesus, Vendredi, Samedi, Dimanche, Saint, Rameaux | INMSOL","description":"La Semaine Sainte en Espagne est un des \u00e9v\u00e9nements les plus attendus par les espagnols et les touristes \u00e9trangers. F\u00eate traditionnelle, elle est c\u00e9l\u00e9br\u00e9e dans toutes les villes d\u2019Espagne et r\u00e9unit les espagnols dans leur ferveur religieuse et les touriste","robots":{"index":"index","follow":"follow","max-snippet":"max-snippet:-1","max-image-preview":"max-image-preview:large","max-video-preview":"max-video-preview:-1"},"canonical":"https:\/\/www.inmsol.com\/fr\/blog-fr-fr\/la-semaine-sainte\/","og_locale":"fr_FR","og_type":"article","og_title":"Semaine Sainte|religieu, festivit\u00e9s, careme, jesus, Vendredi, Samedi, Dimanche, Saint, Rameaux | INMSOL","og_description":"La Semaine Sainte en Espagne est un des \u00e9v\u00e9nements les plus attendus par les espagnols et les touristes \u00e9trangers. F\u00eate traditionnelle, elle est c\u00e9l\u00e9br\u00e9e dans toutes les villes d\u2019Espagne et r\u00e9unit les espagnols dans leur ferveur religieuse et les touriste","og_url":"https:\/\/www.inmsol.com\/fr\/blog-fr-fr\/la-semaine-sainte\/","og_site_name":"iNMSOL","article_publisher":"https:\/\/www.facebook.com\/spanishcourses","article_published_time":"2010-06-22T13:51:43+00:00","article_modified_time":"2013-05-19T17:23:52+00:00","og_image":[{"width":320,"height":154,"url":"https:\/\/www.inmsol.com\/wp-content\/uploads\/2019\/08\/logo-inmsol.png","type":"image\/png"}],"author":"Javier Torres","twitter_misc":{"\u00c9crit par":"Javier Torres","Dur\u00e9e de lecture estim\u00e9e":"3 minutes"},"schema":{"@context":"https:\/\/schema.org","@graph":[{"@type":"Article","@id":"https:\/\/www.inmsol.com\/fr\/blog-fr-fr\/la-semaine-sainte\/#article","isPartOf":{"@id":"https:\/\/www.inmsol.com\/fr\/blog-fr-fr\/la-semaine-sainte\/"},"author":{"name":"Javier Torres","@id":"https:\/\/www.inmsol.com\/fr\/#\/schema\/person\/18f18acd0397ef441e373e79ec3eb6ea"},"headline":"La semaine Sainte","datePublished":"2010-06-22T13:51:43+00:00","dateModified":"2013-05-19T17:23:52+00:00","mainEntityOfPage":{"@id":"https:\/\/www.inmsol.com\/fr\/blog-fr-fr\/la-semaine-sainte\/"},"wordCount":677,"publisher":{"@id":"https:\/\/www.inmsol.com\/fr\/#organization"},"articleSection":["Blog"],"inLanguage":"fr-FR"},{"@type":"WebPage","@id":"https:\/\/www.inmsol.com\/fr\/blog-fr-fr\/la-semaine-sainte\/","url":"https:\/\/www.inmsol.com\/fr\/blog-fr-fr\/la-semaine-sainte\/","name":"Semaine Sainte|religieu, festivit\u00e9s, careme, jesus, Vendredi, Samedi, Dimanche, Saint, Rameaux | INMSOL","isPartOf":{"@id":"https:\/\/www.inmsol.com\/fr\/#website"},"datePublished":"2010-06-22T13:51:43+00:00","dateModified":"2013-05-19T17:23:52+00:00","description":"La Semaine Sainte en Espagne est un des \u00e9v\u00e9nements les plus attendus par les espagnols et les touristes \u00e9trangers. F\u00eate traditionnelle, elle est c\u00e9l\u00e9br\u00e9e dans toutes les villes d\u2019Espagne et r\u00e9unit les espagnols dans leur ferveur religieuse et les touriste","breadcrumb":{"@id":"https:\/\/www.inmsol.com\/fr\/blog-fr-fr\/la-semaine-sainte\/#breadcrumb"},"inLanguage":"fr-FR","potentialAction":[{"@type":"ReadAction","target":["https:\/\/www.inmsol.com\/fr\/blog-fr-fr\/la-semaine-sainte\/"]}]},{"@type":"BreadcrumbList","@id":"https:\/\/www.inmsol.com\/fr\/blog-fr-fr\/la-semaine-sainte\/#breadcrumb","itemListElement":[{"@type":"ListItem","position":1,"name":"Accredited Center by Instituto Cervantes","item":"https:\/\/www.inmsol.com\/fr\/pagina-ejemplo\/"},{"@type":"ListItem","position":2,"name":"Blog","item":"https:\/\/www.inmsol.com\/fr\/category\/blog-fr-fr\/"},{"@type":"ListItem","position":3,"name":"La semaine Sainte"}]},{"@type":"WebSite","@id":"https:\/\/www.inmsol.com\/fr\/#website","url":"https:\/\/www.inmsol.com\/fr\/","name":"iNMSOL","description":"Apprenez l'espagnol avec nous - Centre de formation affili\u00e9 \u00e0 l'Institute Cervantes","publisher":{"@id":"https:\/\/www.inmsol.com\/fr\/#organization"},"potentialAction":[{"@type":"SearchAction","target":{"@type":"EntryPoint","urlTemplate":"https:\/\/www.inmsol.com\/fr\/?s={search_term_string}"},"query-input":{"@type":"PropertyValueSpecification","valueRequired":true,"valueName":"search_term_string"}}],"inLanguage":"fr-FR"},{"@type":"Organization","@id":"https:\/\/www.inmsol.com\/fr\/#organization","name":"Instituto Mediterr\u00e1neo Sol","url":"https:\/\/www.inmsol.com\/fr\/","logo":{"@type":"ImageObject","inLanguage":"fr-FR","@id":"https:\/\/www.inmsol.com\/fr\/#\/schema\/logo\/image\/","url":"https:\/\/www.inmsol.com\/wp-content\/uploads\/2023\/06\/logo-inmsol-1.png","contentUrl":"https:\/\/www.inmsol.com\/wp-content\/uploads\/2023\/06\/logo-inmsol-1.png","width":136,"height":73,"caption":"Instituto Mediterr\u00e1neo Sol"},"image":{"@id":"https:\/\/www.inmsol.com\/fr\/#\/schema\/logo\/image\/"},"sameAs":["https:\/\/www.facebook.com\/spanishcourses","https:\/\/x.com\/StudyInGranada","http:\/\/instagram.com\/imsolgranada","https:\/\/es.linkedin.com\/company\/imsol-granada","https:\/\/www.pinterest.es\/inmsol\/","https:\/\/www.youtube.com\/channel\/UChz-Qn_7coFMosY85iYMO4g"]},{"@type":"Person","@id":"https:\/\/www.inmsol.com\/fr\/#\/schema\/person\/18f18acd0397ef441e373e79ec3eb6ea","name":"Javier Torres","image":{"@type":"ImageObject","inLanguage":"fr-FR","@id":"https:\/\/secure.gravatar.com\/avatar\/90afa2d6499550218d247408758082af566e5ec3641e1b8eac0d7bb889344a55?s=96&d=mm&r=g","url":"https:\/\/secure.gravatar.com\/avatar\/90afa2d6499550218d247408758082af566e5ec3641e1b8eac0d7bb889344a55?s=96&d=mm&r=g","contentUrl":"https:\/\/secure.gravatar.com\/avatar\/90afa2d6499550218d247408758082af566e5ec3641e1b8eac0d7bb889344a55?s=96&d=mm&r=g","caption":"Javier Torres"},"url":"https:\/\/www.inmsol.com\/fr\/author\/javier\/"}]}},"_links":{"self":[{"href":"https:\/\/www.inmsol.com\/fr\/wp-json\/wp\/v2\/posts\/298","targetHints":{"allow":["GET"]}}],"collection":[{"href":"https:\/\/www.inmsol.com\/fr\/wp-json\/wp\/v2\/posts"}],"about":[{"href":"https:\/\/www.inmsol.com\/fr\/wp-json\/wp\/v2\/types\/post"}],"author":[{"embeddable":true,"href":"https:\/\/www.inmsol.com\/fr\/wp-json\/wp\/v2\/users\/2"}],"replies":[{"embeddable":true,"href":"https:\/\/www.inmsol.com\/fr\/wp-json\/wp\/v2\/comments?post=298"}],"version-history":[{"count":0,"href":"https:\/\/www.inmsol.com\/fr\/wp-json\/wp\/v2\/posts\/298\/revisions"}],"wp:attachment":[{"href":"https:\/\/www.inmsol.com\/fr\/wp-json\/wp\/v2\/media?parent=298"}],"wp:term":[{"taxonomy":"category","embeddable":true,"href":"https:\/\/www.inmsol.com\/fr\/wp-json\/wp\/v2\/categories?post=298"},{"taxonomy":"post_tag","embeddable":true,"href":"https:\/\/www.inmsol.com\/fr\/wp-json\/wp\/v2\/tags?post=298"}],"curies":[{"name":"wp","href":"https:\/\/api.w.org\/{rel}","templated":true}]}}