{"id":32439,"date":"2017-06-26T13:23:24","date_gmt":"2017-06-26T11:23:24","guid":{"rendered":"https:\/\/www.inmsol.com\/blog-fr-fr\/les-cours-pour-adolescents-ont-commence\/"},"modified":"2020-11-30T09:41:11","modified_gmt":"2020-11-30T08:41:11","slug":"les-cours-pour-adolescents-ont-commence","status":"publish","type":"post","link":"https:\/\/www.inmsol.com\/fr\/blog-fr-fr\/news-fr-tr-fr\/les-cours-pour-adolescents-ont-commence\/","title":{"rendered":"Les cours pour adolescents ont commenc\u00e9"},"content":{"rendered":"<p><img fetchpriority=\"high\" decoding=\"async\" class=\"alignleft size-medium wp-image-54019\" src=\"https:\/\/www.inmsol.com\/wp-content\/uploads\/2017\/06\/dsc_0377-447x300.jpg\" alt=\"\" width=\"447\" height=\"300\" srcset=\"https:\/\/www.inmsol.com\/wp-content\/uploads\/2017\/06\/dsc_0377-447x300.jpg 447w, https:\/\/www.inmsol.com\/wp-content\/uploads\/2017\/06\/dsc_0377-800x537.jpg 800w, https:\/\/www.inmsol.com\/wp-content\/uploads\/2017\/06\/dsc_0377-64x43.jpg 64w, https:\/\/www.inmsol.com\/wp-content\/uploads\/2017\/06\/dsc_0377-768x516.jpg 768w, https:\/\/www.inmsol.com\/wp-content\/uploads\/2017\/06\/dsc_0377-1024x687.jpg 1024w, https:\/\/www.inmsol.com\/wp-content\/uploads\/2017\/06\/dsc_0377-250x168.jpg 250w, https:\/\/www.inmsol.com\/wp-content\/uploads\/2017\/06\/dsc_0377-596x400.jpg 596w, https:\/\/www.inmsol.com\/wp-content\/uploads\/2017\/06\/dsc_0377.jpg 1500w\" sizes=\"(max-width: 447px) 100vw, 447px\" \/><\/p>\n<p><strong>La semaine derni\u00e8re nous avons accueilli le premier groupe d\u2019adolescents de cet \u00e9t\u00e9 \u00a0dans notre<a href=\"https:\/\/www.inmsol.com\/fr\/ecole-despagnol-grenade\/\"> \u00e9cole d\u2019espagnol<\/a> Instituto Mediterr\u00e1neo Sol \u00e0 <a href=\"https:\/\/www.inmsol.com\/fr\/granada\/\">Grenade<\/a>. Huit \u00e9tudiants de diff\u00e9rentes nationalit\u00e9s (Irlandais, am\u00e9ricains, turques, canadiens\u2026) sont venus \u00e0 iNMSOL pour apprendre l\u2019espagnol pendant leur s\u00e9jour d\u2019un minimum de 2 semaines. <\/strong><\/p>\n<p>Le lundi de la semaine derni\u00e8re a commenc\u00e9 \u00a0notre premier <a href=\"https:\/\/www.inmsol.com\/fr\/cours-despagnol-espagne\/cours-pour-adolescents\/\">cours pour adolescents<\/a> de cette ann\u00e9e. Nos nouveaux \u00e9tudiants, \u00e2g\u00e9s entre 13 et 17 ans, sont arriv\u00e9s la veille chez leurs familles d\u2019accueil espagnoles, o\u00f9 ils se logeront pendant leur s\u00e9jour et o\u00f9 ils auront la possibilit\u00e9 de se plonger compl\u00e8tement dans la langue et culture espagnole. Le jour suivant, les cours ont d\u00e9j\u00e0 commenc\u00e9\u00a0: r\u00e9partis \u00e0 plusieurs groupes, selon leur niveau d\u2019espagnol, nos \u00e9tudiants suivent un cours de 4 heures par jour afin d\u2019am\u00e9liorer leurs connaissances grammaticales, lexicales et communicatives.<\/p>\n<p>Mais, bien-s\u00fbr ils ne bossent pas tout le jour\u00a0! Chez iNMSOL, nous attachons une grande importance au <a href=\"https:\/\/www.inmsol.com\/fr\/activites-et-excursions\/\">programme des activit\u00e9s<\/a> extrascolaires, vu qu\u2019elles repr\u00e9sentent une formidable possibilit\u00e9 pour apprendre et pratiquer l\u2019espagnol dans un contexte plus dynamique et interactif avec les autres \u00e9tudiants.<\/p>\n<p>Le premier jour chez <a href=\"https:\/\/www.inmsol.com\/fr\/\">iNMSOL<\/a>, les \u00e9tudiants ont eu la possibilit\u00e9 de d\u00e9couvrir la ville pendant une <strong>visite guid\u00e9e dans le centre<\/strong>, et c\u2019\u00e9tait bien-s\u00fbr aussi une bonne occasion pour conna\u00eetre mieux les autres \u00e9tudiants. <strong>L\u2019atelier des jeux<\/strong> du mardi permettait aux \u00e9tudiants de pratiquer leur espagnol dans une atmosph\u00e8re plus amusante et anim\u00e9e. Le mercredi il y avait la <strong>\u00ab\u00a0Route des graffiti\u00a0\u00bb<\/strong>\u00a0: une petite balade dans le quartier \u00ab\u00a0Realejo\u00a0\u00bb, o\u00f9 est situ\u00e9e notre \u00e9cole, en qu\u00eate des graffiti de l\u2019artiste \u00ab\u00a0Ni\u00f1o de las Pinturas\u00a0\u00bb, connu \u00e0 toute Grenade pour ses dessins extraordinaires. \u00a0Le vendredi nous avons pu d\u00e9couvrir le monde des sciences en espagnol\u00a0pendant une <strong>visite du Parc des Sciences de Grenade<\/strong>. L\u2019excursion nous a plu \u00e0 tous et observer les \u00e9toiles et constellations dans le plan\u00e9tarium est surement un souvenir que nous n\u2019oublierons pas aussi vite. \u00a0Nous nous sommes aussi bien amus\u00e9s pendant<strong> l\u2019excursion aux Alpujarras<\/strong> le samedi\u00a0: visite de plusieurs villages de montagne, d\u00e9gustation de vins et charcuterie, visite du mus\u00e9e de Pampaneira et d\u2019un s\u00e9choir typique de jambon \u00e0 Trev\u00e9lez\u2026 Quelle belle journ\u00e9e avec une immersion dans la culture espagnole plus profonde\u00a0!<\/p>\n<p><img decoding=\"async\" class=\"alignleft size-medium wp-image-54021\" src=\"https:\/\/www.inmsol.com\/wp-content\/uploads\/2017\/06\/dsc_0421-447x300.jpg\" alt=\"\" width=\"447\" height=\"300\" srcset=\"https:\/\/www.inmsol.com\/wp-content\/uploads\/2017\/06\/dsc_0421-447x300.jpg 447w, https:\/\/www.inmsol.com\/wp-content\/uploads\/2017\/06\/dsc_0421-800x537.jpg 800w, https:\/\/www.inmsol.com\/wp-content\/uploads\/2017\/06\/dsc_0421-64x43.jpg 64w, https:\/\/www.inmsol.com\/wp-content\/uploads\/2017\/06\/dsc_0421-768x516.jpg 768w, https:\/\/www.inmsol.com\/wp-content\/uploads\/2017\/06\/dsc_0421-1024x687.jpg 1024w, https:\/\/www.inmsol.com\/wp-content\/uploads\/2017\/06\/dsc_0421-250x168.jpg 250w, https:\/\/www.inmsol.com\/wp-content\/uploads\/2017\/06\/dsc_0421-596x400.jpg 596w, https:\/\/www.inmsol.com\/wp-content\/uploads\/2017\/06\/dsc_0421.jpg 1500w\" sizes=\"(max-width: 447px) 100vw, 447px\" \/><\/p>\n<p>Cette semaine nous l\u2019avons commenc\u00e9e avec une <strong>balade\u00a0 dans le quartier embl\u00e9matique de l\u2019Albaic\u00edn et le Sacromonte<\/strong>. En se baladant dans les rues \u00e9troites entre les maisons blanches du quartier arabe et en montant \u00e0 la colline connue pour ses maisons-cavernes typiques des gitans, nos \u00e9tudiants ont pu exp\u00e9rimenter le charme sp\u00e9cial de Grenade. La semaine continuait sur les pas du pass\u00e9 arabe de notre ville qui la transforme dans un endroit si particulier. Nous avons visit\u00e9 donc <strong>la fameuse Alhambra<\/strong>, la forteresse arabe qui tr\u00f4ne sur la ville, avec ses palais d\u00e9cor\u00e9s, ses jardins pr\u00e9cieux et une vue magnifique. Un endroit plein d\u2019histoire et aussi, on ne le peut pas nier, avec une magie unique. Le jeudi nous avons termin\u00e9 notre \u00ab\u00a0Route arabe\u00a0\u00bb avec une <strong>visite du Carmen de los M\u00e1rtires<\/strong>, un parc avec des jolis jardins \u00e0 c\u00f4t\u00e9 de l\u2019Alhambra. Le vendredi nous avons termin\u00e9 la semaine plus tranquillement, avec un <strong>film dans notre \u00e9cole<\/strong>. Le samedi il y avait une <strong>excursion \u00e0 Cordoba<\/strong> pour ces \u00e9tudiants qui restent encore un peu chez nous.<\/p>\n<p><img decoding=\"async\" class=\"alignleft size-medium wp-image-54022\" src=\"https:\/\/www.inmsol.com\/wp-content\/uploads\/2017\/06\/dsc_0453-447x300.jpg\" alt=\"\" width=\"447\" height=\"300\" srcset=\"https:\/\/www.inmsol.com\/wp-content\/uploads\/2017\/06\/dsc_0453-447x300.jpg 447w, https:\/\/www.inmsol.com\/wp-content\/uploads\/2017\/06\/dsc_0453-800x537.jpg 800w, https:\/\/www.inmsol.com\/wp-content\/uploads\/2017\/06\/dsc_0453-64x43.jpg 64w, https:\/\/www.inmsol.com\/wp-content\/uploads\/2017\/06\/dsc_0453-768x516.jpg 768w, https:\/\/www.inmsol.com\/wp-content\/uploads\/2017\/06\/dsc_0453-1024x687.jpg 1024w, https:\/\/www.inmsol.com\/wp-content\/uploads\/2017\/06\/dsc_0453-250x168.jpg 250w, https:\/\/www.inmsol.com\/wp-content\/uploads\/2017\/06\/dsc_0453-596x400.jpg 596w, https:\/\/www.inmsol.com\/wp-content\/uploads\/2017\/06\/dsc_0453.jpg 1500w\" sizes=\"(max-width: 447px) 100vw, 447px\" \/><\/p>\n<p><strong>Nous nous sommes bien amus\u00e9s avec notre premier groupe d\u2019adolescents et nous esp\u00e9rons qu\u2019ils reviendront bient\u00f4t\u00a0!<\/strong><\/p>\n<p><strong>Et nous avons bien-s\u00fbr d\u00e9j\u00e0 beaucoup d\u2019envie de conna\u00eetre \u00e0 nos nouveaux \u00e9tudiants qui arrivent cette semaine\u00a0!<\/strong><\/p>\n","protected":false},"excerpt":{"rendered":"<p>La semaine derni\u00e8re nous avons accueilli le premier groupe d\u2019adolescents de cet \u00e9t\u00e9 \u00a0dans notre \u00e9cole d\u2019espagnol Instituto Mediterr\u00e1neo Sol \u00e0 Grenade. Huit \u00e9tudiants de diff\u00e9rentes nationalit\u00e9s (Irlandais, am\u00e9ricains, turques, canadiens\u2026) sont venus \u00e0 iNMSOL pour apprendre l\u2019espagnol pendant leur s\u00e9jour d\u2019un minimum de 2&#8230;<\/p>\n","protected":false},"author":3,"featured_media":32430,"comment_status":"closed","ping_status":"closed","sticky":false,"template":"","format":"standard","meta":{"_acf_changed":false,"footnotes":""},"categories":[98],"tags":[],"class_list":["post-32439","post","type-post","status-publish","format-standard","has-post-thumbnail","hentry","category-news-fr-tr-fr"],"acf":[],"yoast_head":"<!-- This site is optimized with the Yoast SEO plugin v27.5 - https:\/\/yoast.com\/product\/yoast-seo-wordpress\/ -->\n<title>Les cours pour adolescents ont commenc\u00e9 | Blog iNMSOL<\/title>\n<meta name=\"description\" content=\"La semaine derni\u00e8re nous avons accueilli le premier groupe d\u2019adolescents de cet \u00e9t\u00e9 dans notre \u00e9cole d\u2019espagnol Instituto Mediterr\u00e1neo Sol \u00e0 Grenade.\" \/>\n<meta name=\"robots\" content=\"index, follow, max-snippet:-1, max-image-preview:large, max-video-preview:-1\" \/>\n<link rel=\"canonical\" href=\"https:\/\/www.inmsol.com\/fr\/blog-fr-fr\/news-fr-tr-fr\/les-cours-pour-adolescents-ont-commence\/\" \/>\n<meta property=\"og:locale\" content=\"fr_FR\" \/>\n<meta property=\"og:type\" content=\"article\" \/>\n<meta property=\"og:title\" content=\"Les cours pour adolescents ont commenc\u00e9 | Blog iNMSOL\" \/>\n<meta property=\"og:description\" content=\"La semaine derni\u00e8re nous avons accueilli le premier groupe d\u2019adolescents de cet \u00e9t\u00e9 dans notre \u00e9cole d\u2019espagnol Instituto Mediterr\u00e1neo Sol \u00e0 Grenade.\" \/>\n<meta property=\"og:url\" content=\"https:\/\/www.inmsol.com\/fr\/blog-fr-fr\/news-fr-tr-fr\/les-cours-pour-adolescents-ont-commence\/\" \/>\n<meta property=\"og:site_name\" content=\"iNMSOL\" \/>\n<meta property=\"article:publisher\" content=\"https:\/\/www.facebook.com\/spanishcourses\" \/>\n<meta property=\"article:published_time\" content=\"2017-06-26T11:23:24+00:00\" \/>\n<meta property=\"article:modified_time\" content=\"2020-11-30T08:41:11+00:00\" \/>\n<meta property=\"og:image\" content=\"https:\/\/www.inmsol.com\/wp-content\/uploads\/2017\/06\/dsc_0444.jpg\" \/>\n\t<meta property=\"og:image:width\" content=\"1500\" \/>\n\t<meta property=\"og:image:height\" content=\"1007\" \/>\n\t<meta property=\"og:image:type\" content=\"image\/jpeg\" \/>\n<meta name=\"author\" content=\"- Instituto Mediterr\u00e1neo Sol\" \/>\n<meta name=\"twitter:label1\" content=\"\u00c9crit par\" \/>\n\t<meta name=\"twitter:data1\" content=\"- Instituto Mediterr\u00e1neo Sol\" \/>\n\t<meta name=\"twitter:label2\" content=\"Dur\u00e9e de lecture estim\u00e9e\" \/>\n\t<meta name=\"twitter:data2\" content=\"3 minutes\" \/>\n<script type=\"application\/ld+json\" class=\"yoast-schema-graph\">{\"@context\":\"https:\\\/\\\/schema.org\",\"@graph\":[{\"@type\":\"Article\",\"@id\":\"https:\\\/\\\/www.inmsol.com\\\/fr\\\/blog-fr-fr\\\/news-fr-tr-fr\\\/les-cours-pour-adolescents-ont-commence\\\/#article\",\"isPartOf\":{\"@id\":\"https:\\\/\\\/www.inmsol.com\\\/fr\\\/blog-fr-fr\\\/news-fr-tr-fr\\\/les-cours-pour-adolescents-ont-commence\\\/\"},\"author\":{\"name\":\"- Instituto Mediterr\u00e1neo Sol\",\"@id\":\"https:\\\/\\\/www.inmsol.com\\\/fr\\\/#\\\/schema\\\/person\\\/94a7a01d14a56d1fbc49c841ffc57fe9\"},\"headline\":\"Les cours pour adolescents ont commenc\u00e9\",\"datePublished\":\"2017-06-26T11:23:24+00:00\",\"dateModified\":\"2020-11-30T08:41:11+00:00\",\"mainEntityOfPage\":{\"@id\":\"https:\\\/\\\/www.inmsol.com\\\/fr\\\/blog-fr-fr\\\/news-fr-tr-fr\\\/les-cours-pour-adolescents-ont-commence\\\/\"},\"wordCount\":643,\"publisher\":{\"@id\":\"https:\\\/\\\/www.inmsol.com\\\/fr\\\/#organization\"},\"image\":{\"@id\":\"https:\\\/\\\/www.inmsol.com\\\/fr\\\/blog-fr-fr\\\/news-fr-tr-fr\\\/les-cours-pour-adolescents-ont-commence\\\/#primaryimage\"},\"thumbnailUrl\":\"https:\\\/\\\/www.inmsol.com\\\/wp-content\\\/uploads\\\/2017\\\/06\\\/dsc_0444.jpg\",\"articleSection\":[\"News-Actualit\u00e9\"],\"inLanguage\":\"fr-FR\"},{\"@type\":\"WebPage\",\"@id\":\"https:\\\/\\\/www.inmsol.com\\\/fr\\\/blog-fr-fr\\\/news-fr-tr-fr\\\/les-cours-pour-adolescents-ont-commence\\\/\",\"url\":\"https:\\\/\\\/www.inmsol.com\\\/fr\\\/blog-fr-fr\\\/news-fr-tr-fr\\\/les-cours-pour-adolescents-ont-commence\\\/\",\"name\":\"Les cours pour adolescents ont commenc\u00e9 | Blog iNMSOL\",\"isPartOf\":{\"@id\":\"https:\\\/\\\/www.inmsol.com\\\/fr\\\/#website\"},\"primaryImageOfPage\":{\"@id\":\"https:\\\/\\\/www.inmsol.com\\\/fr\\\/blog-fr-fr\\\/news-fr-tr-fr\\\/les-cours-pour-adolescents-ont-commence\\\/#primaryimage\"},\"image\":{\"@id\":\"https:\\\/\\\/www.inmsol.com\\\/fr\\\/blog-fr-fr\\\/news-fr-tr-fr\\\/les-cours-pour-adolescents-ont-commence\\\/#primaryimage\"},\"thumbnailUrl\":\"https:\\\/\\\/www.inmsol.com\\\/wp-content\\\/uploads\\\/2017\\\/06\\\/dsc_0444.jpg\",\"datePublished\":\"2017-06-26T11:23:24+00:00\",\"dateModified\":\"2020-11-30T08:41:11+00:00\",\"description\":\"La semaine derni\u00e8re nous avons accueilli le premier groupe d\u2019adolescents de cet \u00e9t\u00e9 dans notre \u00e9cole d\u2019espagnol Instituto Mediterr\u00e1neo Sol \u00e0 Grenade.\",\"breadcrumb\":{\"@id\":\"https:\\\/\\\/www.inmsol.com\\\/fr\\\/blog-fr-fr\\\/news-fr-tr-fr\\\/les-cours-pour-adolescents-ont-commence\\\/#breadcrumb\"},\"inLanguage\":\"fr-FR\",\"potentialAction\":[{\"@type\":\"ReadAction\",\"target\":[\"https:\\\/\\\/www.inmsol.com\\\/fr\\\/blog-fr-fr\\\/news-fr-tr-fr\\\/les-cours-pour-adolescents-ont-commence\\\/\"]}]},{\"@type\":\"ImageObject\",\"inLanguage\":\"fr-FR\",\"@id\":\"https:\\\/\\\/www.inmsol.com\\\/fr\\\/blog-fr-fr\\\/news-fr-tr-fr\\\/les-cours-pour-adolescents-ont-commence\\\/#primaryimage\",\"url\":\"https:\\\/\\\/www.inmsol.com\\\/wp-content\\\/uploads\\\/2017\\\/06\\\/dsc_0444.jpg\",\"contentUrl\":\"https:\\\/\\\/www.inmsol.com\\\/wp-content\\\/uploads\\\/2017\\\/06\\\/dsc_0444.jpg\",\"width\":1500,\"height\":1007},{\"@type\":\"BreadcrumbList\",\"@id\":\"https:\\\/\\\/www.inmsol.com\\\/fr\\\/blog-fr-fr\\\/news-fr-tr-fr\\\/les-cours-pour-adolescents-ont-commence\\\/#breadcrumb\",\"itemListElement\":[{\"@type\":\"ListItem\",\"position\":1,\"name\":\"Accredited Center by Instituto Cervantes\",\"item\":\"https:\\\/\\\/www.inmsol.com\\\/fr\\\/pagina-ejemplo\\\/\"},{\"@type\":\"ListItem\",\"position\":2,\"name\":\"Blog\",\"item\":\"https:\\\/\\\/www.inmsol.com\\\/fr\\\/category\\\/blog-fr-fr\\\/\"},{\"@type\":\"ListItem\",\"position\":3,\"name\":\"News-Actualit\u00e9\",\"item\":\"https:\\\/\\\/www.inmsol.com\\\/fr\\\/category\\\/blog-fr-fr\\\/news-fr-tr-fr\\\/\"},{\"@type\":\"ListItem\",\"position\":4,\"name\":\"Les cours pour adolescents ont commenc\u00e9\"}]},{\"@type\":\"WebSite\",\"@id\":\"https:\\\/\\\/www.inmsol.com\\\/fr\\\/#website\",\"url\":\"https:\\\/\\\/www.inmsol.com\\\/fr\\\/\",\"name\":\"iNMSOL\",\"description\":\"Apprenez l'espagnol avec nous - Centre de formation affili\u00e9 \u00e0 l'Institute Cervantes\",\"publisher\":{\"@id\":\"https:\\\/\\\/www.inmsol.com\\\/fr\\\/#organization\"},\"potentialAction\":[{\"@type\":\"SearchAction\",\"target\":{\"@type\":\"EntryPoint\",\"urlTemplate\":\"https:\\\/\\\/www.inmsol.com\\\/fr\\\/?s={search_term_string}\"},\"query-input\":{\"@type\":\"PropertyValueSpecification\",\"valueRequired\":true,\"valueName\":\"search_term_string\"}}],\"inLanguage\":\"fr-FR\"},{\"@type\":\"Organization\",\"@id\":\"https:\\\/\\\/www.inmsol.com\\\/fr\\\/#organization\",\"name\":\"Instituto Mediterr\u00e1neo Sol\",\"url\":\"https:\\\/\\\/www.inmsol.com\\\/fr\\\/\",\"logo\":{\"@type\":\"ImageObject\",\"inLanguage\":\"fr-FR\",\"@id\":\"https:\\\/\\\/www.inmsol.com\\\/fr\\\/#\\\/schema\\\/logo\\\/image\\\/\",\"url\":\"https:\\\/\\\/www.inmsol.com\\\/wp-content\\\/uploads\\\/2023\\\/06\\\/logo-inmsol-1.png\",\"contentUrl\":\"https:\\\/\\\/www.inmsol.com\\\/wp-content\\\/uploads\\\/2023\\\/06\\\/logo-inmsol-1.png\",\"width\":136,\"height\":73,\"caption\":\"Instituto Mediterr\u00e1neo Sol\"},\"image\":{\"@id\":\"https:\\\/\\\/www.inmsol.com\\\/fr\\\/#\\\/schema\\\/logo\\\/image\\\/\"},\"sameAs\":[\"https:\\\/\\\/www.facebook.com\\\/spanishcourses\",\"https:\\\/\\\/x.com\\\/StudyInGranada\",\"http:\\\/\\\/instagram.com\\\/imsolgranada\",\"https:\\\/\\\/es.linkedin.com\\\/company\\\/imsol-granada\",\"https:\\\/\\\/www.pinterest.es\\\/inmsol\\\/\",\"https:\\\/\\\/www.youtube.com\\\/channel\\\/UChz-Qn_7coFMosY85iYMO4g\"]},{\"@type\":\"Person\",\"@id\":\"https:\\\/\\\/www.inmsol.com\\\/fr\\\/#\\\/schema\\\/person\\\/94a7a01d14a56d1fbc49c841ffc57fe9\",\"name\":\"- Instituto Mediterr\u00e1neo Sol\",\"image\":{\"@type\":\"ImageObject\",\"inLanguage\":\"fr-FR\",\"@id\":\"https:\\\/\\\/secure.gravatar.com\\\/avatar\\\/5607fdabdf1b548b6095cc3d43079829bc1497403e70dd34004e7204a8fef62b?s=96&d=mm&r=g\",\"url\":\"https:\\\/\\\/secure.gravatar.com\\\/avatar\\\/5607fdabdf1b548b6095cc3d43079829bc1497403e70dd34004e7204a8fef62b?s=96&d=mm&r=g\",\"contentUrl\":\"https:\\\/\\\/secure.gravatar.com\\\/avatar\\\/5607fdabdf1b548b6095cc3d43079829bc1497403e70dd34004e7204a8fef62b?s=96&d=mm&r=g\",\"caption\":\"- Instituto Mediterr\u00e1neo Sol\"},\"url\":\"https:\\\/\\\/www.inmsol.com\\\/fr\\\/author\\\/laura\\\/\"}]}<\/script>\n<!-- \/ Yoast SEO plugin. -->","yoast_head_json":{"title":"Les cours pour adolescents ont commenc\u00e9 | Blog iNMSOL","description":"La semaine derni\u00e8re nous avons accueilli le premier groupe d\u2019adolescents de cet \u00e9t\u00e9 dans notre \u00e9cole d\u2019espagnol Instituto Mediterr\u00e1neo Sol \u00e0 Grenade.","robots":{"index":"index","follow":"follow","max-snippet":"max-snippet:-1","max-image-preview":"max-image-preview:large","max-video-preview":"max-video-preview:-1"},"canonical":"https:\/\/www.inmsol.com\/fr\/blog-fr-fr\/news-fr-tr-fr\/les-cours-pour-adolescents-ont-commence\/","og_locale":"fr_FR","og_type":"article","og_title":"Les cours pour adolescents ont commenc\u00e9 | Blog iNMSOL","og_description":"La semaine derni\u00e8re nous avons accueilli le premier groupe d\u2019adolescents de cet \u00e9t\u00e9 dans notre \u00e9cole d\u2019espagnol Instituto Mediterr\u00e1neo Sol \u00e0 Grenade.","og_url":"https:\/\/www.inmsol.com\/fr\/blog-fr-fr\/news-fr-tr-fr\/les-cours-pour-adolescents-ont-commence\/","og_site_name":"iNMSOL","article_publisher":"https:\/\/www.facebook.com\/spanishcourses","article_published_time":"2017-06-26T11:23:24+00:00","article_modified_time":"2020-11-30T08:41:11+00:00","og_image":[{"width":1500,"height":1007,"url":"https:\/\/www.inmsol.com\/wp-content\/uploads\/2017\/06\/dsc_0444.jpg","type":"image\/jpeg"}],"author":"- Instituto Mediterr\u00e1neo Sol","twitter_misc":{"\u00c9crit par":"- Instituto Mediterr\u00e1neo Sol","Dur\u00e9e de lecture estim\u00e9e":"3 minutes"},"schema":{"@context":"https:\/\/schema.org","@graph":[{"@type":"Article","@id":"https:\/\/www.inmsol.com\/fr\/blog-fr-fr\/news-fr-tr-fr\/les-cours-pour-adolescents-ont-commence\/#article","isPartOf":{"@id":"https:\/\/www.inmsol.com\/fr\/blog-fr-fr\/news-fr-tr-fr\/les-cours-pour-adolescents-ont-commence\/"},"author":{"name":"- Instituto Mediterr\u00e1neo Sol","@id":"https:\/\/www.inmsol.com\/fr\/#\/schema\/person\/94a7a01d14a56d1fbc49c841ffc57fe9"},"headline":"Les cours pour adolescents ont commenc\u00e9","datePublished":"2017-06-26T11:23:24+00:00","dateModified":"2020-11-30T08:41:11+00:00","mainEntityOfPage":{"@id":"https:\/\/www.inmsol.com\/fr\/blog-fr-fr\/news-fr-tr-fr\/les-cours-pour-adolescents-ont-commence\/"},"wordCount":643,"publisher":{"@id":"https:\/\/www.inmsol.com\/fr\/#organization"},"image":{"@id":"https:\/\/www.inmsol.com\/fr\/blog-fr-fr\/news-fr-tr-fr\/les-cours-pour-adolescents-ont-commence\/#primaryimage"},"thumbnailUrl":"https:\/\/www.inmsol.com\/wp-content\/uploads\/2017\/06\/dsc_0444.jpg","articleSection":["News-Actualit\u00e9"],"inLanguage":"fr-FR"},{"@type":"WebPage","@id":"https:\/\/www.inmsol.com\/fr\/blog-fr-fr\/news-fr-tr-fr\/les-cours-pour-adolescents-ont-commence\/","url":"https:\/\/www.inmsol.com\/fr\/blog-fr-fr\/news-fr-tr-fr\/les-cours-pour-adolescents-ont-commence\/","name":"Les cours pour adolescents ont commenc\u00e9 | Blog iNMSOL","isPartOf":{"@id":"https:\/\/www.inmsol.com\/fr\/#website"},"primaryImageOfPage":{"@id":"https:\/\/www.inmsol.com\/fr\/blog-fr-fr\/news-fr-tr-fr\/les-cours-pour-adolescents-ont-commence\/#primaryimage"},"image":{"@id":"https:\/\/www.inmsol.com\/fr\/blog-fr-fr\/news-fr-tr-fr\/les-cours-pour-adolescents-ont-commence\/#primaryimage"},"thumbnailUrl":"https:\/\/www.inmsol.com\/wp-content\/uploads\/2017\/06\/dsc_0444.jpg","datePublished":"2017-06-26T11:23:24+00:00","dateModified":"2020-11-30T08:41:11+00:00","description":"La semaine derni\u00e8re nous avons accueilli le premier groupe d\u2019adolescents de cet \u00e9t\u00e9 dans notre \u00e9cole d\u2019espagnol Instituto Mediterr\u00e1neo Sol \u00e0 Grenade.","breadcrumb":{"@id":"https:\/\/www.inmsol.com\/fr\/blog-fr-fr\/news-fr-tr-fr\/les-cours-pour-adolescents-ont-commence\/#breadcrumb"},"inLanguage":"fr-FR","potentialAction":[{"@type":"ReadAction","target":["https:\/\/www.inmsol.com\/fr\/blog-fr-fr\/news-fr-tr-fr\/les-cours-pour-adolescents-ont-commence\/"]}]},{"@type":"ImageObject","inLanguage":"fr-FR","@id":"https:\/\/www.inmsol.com\/fr\/blog-fr-fr\/news-fr-tr-fr\/les-cours-pour-adolescents-ont-commence\/#primaryimage","url":"https:\/\/www.inmsol.com\/wp-content\/uploads\/2017\/06\/dsc_0444.jpg","contentUrl":"https:\/\/www.inmsol.com\/wp-content\/uploads\/2017\/06\/dsc_0444.jpg","width":1500,"height":1007},{"@type":"BreadcrumbList","@id":"https:\/\/www.inmsol.com\/fr\/blog-fr-fr\/news-fr-tr-fr\/les-cours-pour-adolescents-ont-commence\/#breadcrumb","itemListElement":[{"@type":"ListItem","position":1,"name":"Accredited Center by Instituto Cervantes","item":"https:\/\/www.inmsol.com\/fr\/pagina-ejemplo\/"},{"@type":"ListItem","position":2,"name":"Blog","item":"https:\/\/www.inmsol.com\/fr\/category\/blog-fr-fr\/"},{"@type":"ListItem","position":3,"name":"News-Actualit\u00e9","item":"https:\/\/www.inmsol.com\/fr\/category\/blog-fr-fr\/news-fr-tr-fr\/"},{"@type":"ListItem","position":4,"name":"Les cours pour adolescents ont commenc\u00e9"}]},{"@type":"WebSite","@id":"https:\/\/www.inmsol.com\/fr\/#website","url":"https:\/\/www.inmsol.com\/fr\/","name":"iNMSOL","description":"Apprenez l'espagnol avec nous - Centre de formation affili\u00e9 \u00e0 l'Institute Cervantes","publisher":{"@id":"https:\/\/www.inmsol.com\/fr\/#organization"},"potentialAction":[{"@type":"SearchAction","target":{"@type":"EntryPoint","urlTemplate":"https:\/\/www.inmsol.com\/fr\/?s={search_term_string}"},"query-input":{"@type":"PropertyValueSpecification","valueRequired":true,"valueName":"search_term_string"}}],"inLanguage":"fr-FR"},{"@type":"Organization","@id":"https:\/\/www.inmsol.com\/fr\/#organization","name":"Instituto Mediterr\u00e1neo Sol","url":"https:\/\/www.inmsol.com\/fr\/","logo":{"@type":"ImageObject","inLanguage":"fr-FR","@id":"https:\/\/www.inmsol.com\/fr\/#\/schema\/logo\/image\/","url":"https:\/\/www.inmsol.com\/wp-content\/uploads\/2023\/06\/logo-inmsol-1.png","contentUrl":"https:\/\/www.inmsol.com\/wp-content\/uploads\/2023\/06\/logo-inmsol-1.png","width":136,"height":73,"caption":"Instituto Mediterr\u00e1neo Sol"},"image":{"@id":"https:\/\/www.inmsol.com\/fr\/#\/schema\/logo\/image\/"},"sameAs":["https:\/\/www.facebook.com\/spanishcourses","https:\/\/x.com\/StudyInGranada","http:\/\/instagram.com\/imsolgranada","https:\/\/es.linkedin.com\/company\/imsol-granada","https:\/\/www.pinterest.es\/inmsol\/","https:\/\/www.youtube.com\/channel\/UChz-Qn_7coFMosY85iYMO4g"]},{"@type":"Person","@id":"https:\/\/www.inmsol.com\/fr\/#\/schema\/person\/94a7a01d14a56d1fbc49c841ffc57fe9","name":"- Instituto Mediterr\u00e1neo Sol","image":{"@type":"ImageObject","inLanguage":"fr-FR","@id":"https:\/\/secure.gravatar.com\/avatar\/5607fdabdf1b548b6095cc3d43079829bc1497403e70dd34004e7204a8fef62b?s=96&d=mm&r=g","url":"https:\/\/secure.gravatar.com\/avatar\/5607fdabdf1b548b6095cc3d43079829bc1497403e70dd34004e7204a8fef62b?s=96&d=mm&r=g","contentUrl":"https:\/\/secure.gravatar.com\/avatar\/5607fdabdf1b548b6095cc3d43079829bc1497403e70dd34004e7204a8fef62b?s=96&d=mm&r=g","caption":"- Instituto Mediterr\u00e1neo Sol"},"url":"https:\/\/www.inmsol.com\/fr\/author\/laura\/"}]}},"_links":{"self":[{"href":"https:\/\/www.inmsol.com\/fr\/wp-json\/wp\/v2\/posts\/32439","targetHints":{"allow":["GET"]}}],"collection":[{"href":"https:\/\/www.inmsol.com\/fr\/wp-json\/wp\/v2\/posts"}],"about":[{"href":"https:\/\/www.inmsol.com\/fr\/wp-json\/wp\/v2\/types\/post"}],"author":[{"embeddable":true,"href":"https:\/\/www.inmsol.com\/fr\/wp-json\/wp\/v2\/users\/3"}],"replies":[{"embeddable":true,"href":"https:\/\/www.inmsol.com\/fr\/wp-json\/wp\/v2\/comments?post=32439"}],"version-history":[{"count":0,"href":"https:\/\/www.inmsol.com\/fr\/wp-json\/wp\/v2\/posts\/32439\/revisions"}],"wp:featuredmedia":[{"embeddable":true,"href":"https:\/\/www.inmsol.com\/fr\/wp-json\/wp\/v2\/media\/32430"}],"wp:attachment":[{"href":"https:\/\/www.inmsol.com\/fr\/wp-json\/wp\/v2\/media?parent=32439"}],"wp:term":[{"taxonomy":"category","embeddable":true,"href":"https:\/\/www.inmsol.com\/fr\/wp-json\/wp\/v2\/categories?post=32439"},{"taxonomy":"post_tag","embeddable":true,"href":"https:\/\/www.inmsol.com\/fr\/wp-json\/wp\/v2\/tags?post=32439"}],"curies":[{"name":"wp","href":"https:\/\/api.w.org\/{rel}","templated":true}]}}