{"id":32571,"date":"2017-07-11T10:52:46","date_gmt":"2017-07-11T08:52:46","guid":{"rendered":"https:\/\/www.inmsol.com\/blog-fr-fr\/une-semaine-geniale-avec-notre-groupe-ditalie\/"},"modified":"2020-11-30T09:41:12","modified_gmt":"2020-11-30T08:41:12","slug":"une-semaine-geniale-avec-notre-groupe-ditalie","status":"publish","type":"post","link":"https:\/\/www.inmsol.com\/fr\/blog-fr-fr\/une-semaine-geniale-avec-notre-groupe-ditalie\/","title":{"rendered":"Une semaine g\u00e9niale avec notre groupe d\u2019Italie"},"content":{"rendered":"<h3><strong>La semaine derni\u00e8re nous avons accueilli un groupe d\u2019adolescents italiens de la Toscane dans notre <a href=\"https:\/\/www.inmsol.com\/fr\/ecole-despagnol-grenade\/\">\u00e9cole d\u2019espagnol<\/a> \u00e0 Grenade. Ici, les 6 \u00e9tudiants ont pu am\u00e9liorer leurs connaissances d\u2019espagnol et d\u00e9couvrir <a href=\"https:\/\/www.inmsol.com\/fr\/granada\/\">notre jolie ville<\/a> et la r\u00e9gion.<\/strong><\/h3>\n<p>&nbsp;<\/p>\n<p>Nous venons de passer une semaine tr\u00e8s agr\u00e9able avec notre groupe d\u2019\u00e9tudiants italiens \u00e0 <a href=\"https:\/\/www.inmsol.com\/fr\/\">iNMSOL<\/a>. Les matins, les adolescents, \u00e2g\u00e9s entre 14 y 15 ans, avaient 4 le\u00e7ons d\u2019espagnol, pendant lesquelles ils ont travaill\u00e9 toutes les habilet\u00e9s linguistiques comme \u00e9couter, parler, lire et \u00e9crire. Les apr\u00e8s-midis, il y avait un <a href=\"https:\/\/www.inmsol.com\/fr\/activites-et-excursions\/\">programme d\u2019activit\u00e9s<\/a>, \u00e9labor\u00e9 par nous en collaboration avec le professeur italien qui accompagnait les \u00e9tudiants.<\/p>\n<p>Le lundi nous avons fait une <strong>petite balade dans le centre-ville<\/strong> et le quartier \u00ab\u00a0<strong>Realejo<\/strong>\u00a0\u00bb, o\u00f9 notre \u00e9cole est situ\u00e9e, pour faire visiter nos \u00e9tudiants les endroits les plus embl\u00e9matiques de ces zones, comme par exemple la <strong><em>Cath\u00e9drale<\/em><\/strong>, <strong><em>la Plaza de la Trinidad, Puerta Real<\/em><\/strong> et <strong><em>Campo del Pr\u00edncipe<\/em><\/strong>.<\/p>\n<p>Le jour suivant, il y avait une visite guid\u00e9e par le <strong>Cuarto Real de Santo Domingo, <\/strong>ancien palais arabe o\u00f9 les rois musulmans passaient les jours du Ramadan.<\/p>\n<p>&nbsp;<\/p>\n<p><img fetchpriority=\"high\" decoding=\"async\" class=\"alignleft wp-image-54033 size-medium\" src=\"https:\/\/www.inmsol.com\/wp-content\/uploads\/2017\/07\/20170705_190435-2-1-376x300.jpg\" alt=\"\" width=\"376\" height=\"300\" srcset=\"https:\/\/www.inmsol.com\/wp-content\/uploads\/2017\/07\/20170705_190435-2-1-376x300.jpg 376w, https:\/\/www.inmsol.com\/wp-content\/uploads\/2017\/07\/20170705_190435-2-1-800x639.jpg 800w, https:\/\/www.inmsol.com\/wp-content\/uploads\/2017\/07\/20170705_190435-2-1-64x51.jpg 64w, https:\/\/www.inmsol.com\/wp-content\/uploads\/2017\/07\/20170705_190435-2-1-768x613.jpg 768w, https:\/\/www.inmsol.com\/wp-content\/uploads\/2017\/07\/20170705_190435-2-1-1024x818.jpg 1024w, https:\/\/www.inmsol.com\/wp-content\/uploads\/2017\/07\/20170705_190435-2-1-250x200.jpg 250w, https:\/\/www.inmsol.com\/wp-content\/uploads\/2017\/07\/20170705_190435-2-1-501x400.jpg 501w, https:\/\/www.inmsol.com\/wp-content\/uploads\/2017\/07\/20170705_190435-2-1.jpg 1500w\" sizes=\"(max-width: 376px) 100vw, 376px\" \/><\/p>\n<p>Pendant notre visite du quartier <strong>Albaic\u00edn et Sacromonte<\/strong>, nos \u00e9tudiants ont pu d\u00e9couvrir le <strong>charme sp\u00e9cial<\/strong> <strong>de Grenade<\/strong>, marcher dans les petites ruelles entre les maisons blanches du quartier arabe, profiter des <strong>vues magnifiques<\/strong> sur la ville et l\u2019Alhambra qui se donnent dans plusieurs endroits dans ce quartier et monter \u00e0 la colline, connue pour ses maisons-cavernes typiques des gitans.<\/p>\n<p>La semaine continuait sur les pas du pass\u00e9 arabe de notre ville qui la transforme dans un endroit si particulier. Le jeudi, nous avons visit\u00e9 donc <strong>la fameuse Alhambra<\/strong>, <strong>patrimoine mondial de l\u2019UNESCO<\/strong>. Cette forteresse arabe qui tr\u00f4ne sur la ville, avec ses palais d\u00e9cor\u00e9s, ses jardins pr\u00e9cieux et une vue magnifique est vraiment un endroit plein d\u2019histoire et aussi, on ne le peut pas nier, avec une magie unique.<\/p>\n<p>Le vendredi nos \u00e9tudiants ont eu l\u2019apr\u00e8s-midi libre et ont pu explorer la ville de leur propre initiative.<\/p>\n<p>Pour leur dernier jour \u00e0 Grenade nous avions quelque chose de sp\u00e9cial sur le programme\u00a0: <strong>une excursion aux Alpujarras<\/strong>. Nous nous sommes bien amus\u00e9s pendant la visite de plusieurs villages de montagne, la d\u00e9gustation de vins et charcuterie, la visite du mus\u00e9e de Pampaneira et d\u2019un s\u00e9choir typique de jambon \u00e0 Trev\u00e9lez\u2026 Quelle belle journ\u00e9e avec une immersion dans la culture espagnole plus profonde et une fin parfaite de leur s\u00e9jour en Espagne\u00a0!<\/p>\n<p>&nbsp;<\/p>\n<p><img decoding=\"async\" class=\"alignleft size-medium wp-image-54034\" src=\"https:\/\/www.inmsol.com\/wp-content\/uploads\/2017\/07\/dsc_0376-1-447x300.jpg\" alt=\"\" width=\"447\" height=\"300\" srcset=\"https:\/\/www.inmsol.com\/wp-content\/uploads\/2017\/07\/dsc_0376-1-447x300.jpg 447w, https:\/\/www.inmsol.com\/wp-content\/uploads\/2017\/07\/dsc_0376-1-800x537.jpg 800w, https:\/\/www.inmsol.com\/wp-content\/uploads\/2017\/07\/dsc_0376-1-64x43.jpg 64w, https:\/\/www.inmsol.com\/wp-content\/uploads\/2017\/07\/dsc_0376-1-768x516.jpg 768w, https:\/\/www.inmsol.com\/wp-content\/uploads\/2017\/07\/dsc_0376-1-1024x687.jpg 1024w, https:\/\/www.inmsol.com\/wp-content\/uploads\/2017\/07\/dsc_0376-1-250x168.jpg 250w, https:\/\/www.inmsol.com\/wp-content\/uploads\/2017\/07\/dsc_0376-1-596x400.jpg 596w, https:\/\/www.inmsol.com\/wp-content\/uploads\/2017\/07\/dsc_0376-1.jpg 1500w\" sizes=\"(max-width: 447px) 100vw, 447px\" \/><\/p>\n<p><strong>Nous nous sommes bien amus\u00e9s avec groupe d\u2019Italie et nous esp\u00e9rons qu\u2019ils reviendront bient\u00f4t\u00a0!<\/strong><\/p>\n<p><strong>Si vous voulez maintenant aussi venir avec <a href=\"https:\/\/www.inmsol.com\/fr\/cours-despagnol-espagne\/cours-pour-groupes\/\">un groupe d\u2019\u00e9tudiants<\/a> (peut-\u00eatre votre classe du coll\u00e8ge\/lyc\u00e9e\u00a0?\u00a0;)) pour apprendre l\u2019espagnol avec efficacit\u00e9 et dans un environnement pr\u00e9cieux et magique, iNMSOL \u00e0 Grenade est le lieu parfait pour vous\u00a0!\u00a0<\/strong><\/p>\n<p><strong>Nous serons enchant\u00e9s de vous accueillir chez nous\u00a0!<\/strong><\/p>\n","protected":false},"excerpt":{"rendered":"<p>La semaine derni\u00e8re nous avons accueilli un groupe d\u2019adolescents italiens de la Toscane dans notre \u00e9cole d\u2019espagnol \u00e0 Grenade. Ici, les 6 \u00e9tudiants ont pu am\u00e9liorer leurs connaissances d\u2019espagnol et d\u00e9couvrir notre jolie ville et la r\u00e9gion. &nbsp; Nous venons de passer une semaine tr\u00e8s&#8230;<\/p>\n","protected":false},"author":3,"featured_media":32554,"comment_status":"closed","ping_status":"closed","sticky":false,"template":"","format":"standard","meta":{"_acf_changed":false,"footnotes":""},"categories":[4],"tags":[],"class_list":["post-32571","post","type-post","status-publish","format-standard","has-post-thumbnail","hentry","category-blog-fr-fr"],"acf":[],"yoast_head":"<!-- This site is optimized with the Yoast SEO plugin v27.5 - https:\/\/yoast.com\/product\/yoast-seo-wordpress\/ -->\n<title>Une semaine g\u00e9niale avec notre groupe d\u2019Italie | Blog iNMSOL<\/title>\n<meta name=\"description\" content=\"La semaine derni\u00e8re nous avons accueilli un groupe d\u2019adolescents italiens de la Toscane dans notre \u00e9cole d\u2019espagnol \u00e0 Grenade.\" \/>\n<meta name=\"robots\" content=\"index, follow, max-snippet:-1, max-image-preview:large, max-video-preview:-1\" \/>\n<link rel=\"canonical\" href=\"https:\/\/www.inmsol.com\/fr\/blog-fr-fr\/une-semaine-geniale-avec-notre-groupe-ditalie\/\" \/>\n<meta property=\"og:locale\" content=\"fr_FR\" \/>\n<meta property=\"og:type\" content=\"article\" \/>\n<meta property=\"og:title\" content=\"Une semaine g\u00e9niale avec notre groupe d\u2019Italie | Blog iNMSOL\" \/>\n<meta property=\"og:description\" content=\"La semaine derni\u00e8re nous avons accueilli un groupe d\u2019adolescents italiens de la Toscane dans notre \u00e9cole d\u2019espagnol \u00e0 Grenade.\" \/>\n<meta property=\"og:url\" content=\"https:\/\/www.inmsol.com\/fr\/blog-fr-fr\/une-semaine-geniale-avec-notre-groupe-ditalie\/\" \/>\n<meta property=\"og:site_name\" content=\"iNMSOL\" \/>\n<meta property=\"article:publisher\" content=\"https:\/\/www.facebook.com\/spanishcourses\" \/>\n<meta property=\"article:published_time\" content=\"2017-07-11T08:52:46+00:00\" \/>\n<meta property=\"article:modified_time\" content=\"2020-11-30T08:41:12+00:00\" \/>\n<meta property=\"og:image\" content=\"https:\/\/www.inmsol.com\/wp-content\/uploads\/2017\/07\/20170705_190435-2-1.jpg\" \/>\n\t<meta property=\"og:image:width\" content=\"1500\" \/>\n\t<meta property=\"og:image:height\" content=\"1198\" \/>\n\t<meta property=\"og:image:type\" content=\"image\/jpeg\" \/>\n<meta name=\"author\" content=\"- Instituto Mediterr\u00e1neo Sol\" \/>\n<meta name=\"twitter:label1\" content=\"\u00c9crit par\" \/>\n\t<meta name=\"twitter:data1\" content=\"- Instituto Mediterr\u00e1neo Sol\" \/>\n\t<meta name=\"twitter:label2\" content=\"Dur\u00e9e de lecture estim\u00e9e\" \/>\n\t<meta name=\"twitter:data2\" content=\"3 minutes\" \/>\n<script type=\"application\/ld+json\" class=\"yoast-schema-graph\">{\"@context\":\"https:\\\/\\\/schema.org\",\"@graph\":[{\"@type\":\"Article\",\"@id\":\"https:\\\/\\\/www.inmsol.com\\\/fr\\\/blog-fr-fr\\\/une-semaine-geniale-avec-notre-groupe-ditalie\\\/#article\",\"isPartOf\":{\"@id\":\"https:\\\/\\\/www.inmsol.com\\\/fr\\\/blog-fr-fr\\\/une-semaine-geniale-avec-notre-groupe-ditalie\\\/\"},\"author\":{\"name\":\"- Instituto Mediterr\u00e1neo Sol\",\"@id\":\"https:\\\/\\\/www.inmsol.com\\\/fr\\\/#\\\/schema\\\/person\\\/94a7a01d14a56d1fbc49c841ffc57fe9\"},\"headline\":\"Une semaine g\u00e9niale avec notre groupe d\u2019Italie\",\"datePublished\":\"2017-07-11T08:52:46+00:00\",\"dateModified\":\"2020-11-30T08:41:12+00:00\",\"mainEntityOfPage\":{\"@id\":\"https:\\\/\\\/www.inmsol.com\\\/fr\\\/blog-fr-fr\\\/une-semaine-geniale-avec-notre-groupe-ditalie\\\/\"},\"wordCount\":516,\"publisher\":{\"@id\":\"https:\\\/\\\/www.inmsol.com\\\/fr\\\/#organization\"},\"image\":{\"@id\":\"https:\\\/\\\/www.inmsol.com\\\/fr\\\/blog-fr-fr\\\/une-semaine-geniale-avec-notre-groupe-ditalie\\\/#primaryimage\"},\"thumbnailUrl\":\"https:\\\/\\\/www.inmsol.com\\\/wp-content\\\/uploads\\\/2017\\\/07\\\/20170705_190435-2-1.jpg\",\"articleSection\":[\"Blog\"],\"inLanguage\":\"fr-FR\"},{\"@type\":\"WebPage\",\"@id\":\"https:\\\/\\\/www.inmsol.com\\\/fr\\\/blog-fr-fr\\\/une-semaine-geniale-avec-notre-groupe-ditalie\\\/\",\"url\":\"https:\\\/\\\/www.inmsol.com\\\/fr\\\/blog-fr-fr\\\/une-semaine-geniale-avec-notre-groupe-ditalie\\\/\",\"name\":\"Une semaine g\u00e9niale avec notre groupe d\u2019Italie | Blog iNMSOL\",\"isPartOf\":{\"@id\":\"https:\\\/\\\/www.inmsol.com\\\/fr\\\/#website\"},\"primaryImageOfPage\":{\"@id\":\"https:\\\/\\\/www.inmsol.com\\\/fr\\\/blog-fr-fr\\\/une-semaine-geniale-avec-notre-groupe-ditalie\\\/#primaryimage\"},\"image\":{\"@id\":\"https:\\\/\\\/www.inmsol.com\\\/fr\\\/blog-fr-fr\\\/une-semaine-geniale-avec-notre-groupe-ditalie\\\/#primaryimage\"},\"thumbnailUrl\":\"https:\\\/\\\/www.inmsol.com\\\/wp-content\\\/uploads\\\/2017\\\/07\\\/20170705_190435-2-1.jpg\",\"datePublished\":\"2017-07-11T08:52:46+00:00\",\"dateModified\":\"2020-11-30T08:41:12+00:00\",\"description\":\"La semaine derni\u00e8re nous avons accueilli un groupe d\u2019adolescents italiens de la Toscane dans notre \u00e9cole d\u2019espagnol \u00e0 Grenade.\",\"breadcrumb\":{\"@id\":\"https:\\\/\\\/www.inmsol.com\\\/fr\\\/blog-fr-fr\\\/une-semaine-geniale-avec-notre-groupe-ditalie\\\/#breadcrumb\"},\"inLanguage\":\"fr-FR\",\"potentialAction\":[{\"@type\":\"ReadAction\",\"target\":[\"https:\\\/\\\/www.inmsol.com\\\/fr\\\/blog-fr-fr\\\/une-semaine-geniale-avec-notre-groupe-ditalie\\\/\"]}]},{\"@type\":\"ImageObject\",\"inLanguage\":\"fr-FR\",\"@id\":\"https:\\\/\\\/www.inmsol.com\\\/fr\\\/blog-fr-fr\\\/une-semaine-geniale-avec-notre-groupe-ditalie\\\/#primaryimage\",\"url\":\"https:\\\/\\\/www.inmsol.com\\\/wp-content\\\/uploads\\\/2017\\\/07\\\/20170705_190435-2-1.jpg\",\"contentUrl\":\"https:\\\/\\\/www.inmsol.com\\\/wp-content\\\/uploads\\\/2017\\\/07\\\/20170705_190435-2-1.jpg\",\"width\":1500,\"height\":1198},{\"@type\":\"BreadcrumbList\",\"@id\":\"https:\\\/\\\/www.inmsol.com\\\/fr\\\/blog-fr-fr\\\/une-semaine-geniale-avec-notre-groupe-ditalie\\\/#breadcrumb\",\"itemListElement\":[{\"@type\":\"ListItem\",\"position\":1,\"name\":\"Accredited Center by Instituto Cervantes\",\"item\":\"https:\\\/\\\/www.inmsol.com\\\/fr\\\/pagina-ejemplo\\\/\"},{\"@type\":\"ListItem\",\"position\":2,\"name\":\"Blog\",\"item\":\"https:\\\/\\\/www.inmsol.com\\\/fr\\\/category\\\/blog-fr-fr\\\/\"},{\"@type\":\"ListItem\",\"position\":3,\"name\":\"Une semaine g\u00e9niale avec notre groupe d\u2019Italie\"}]},{\"@type\":\"WebSite\",\"@id\":\"https:\\\/\\\/www.inmsol.com\\\/fr\\\/#website\",\"url\":\"https:\\\/\\\/www.inmsol.com\\\/fr\\\/\",\"name\":\"iNMSOL\",\"description\":\"Apprenez l'espagnol avec nous - Centre de formation affili\u00e9 \u00e0 l'Institute Cervantes\",\"publisher\":{\"@id\":\"https:\\\/\\\/www.inmsol.com\\\/fr\\\/#organization\"},\"potentialAction\":[{\"@type\":\"SearchAction\",\"target\":{\"@type\":\"EntryPoint\",\"urlTemplate\":\"https:\\\/\\\/www.inmsol.com\\\/fr\\\/?s={search_term_string}\"},\"query-input\":{\"@type\":\"PropertyValueSpecification\",\"valueRequired\":true,\"valueName\":\"search_term_string\"}}],\"inLanguage\":\"fr-FR\"},{\"@type\":\"Organization\",\"@id\":\"https:\\\/\\\/www.inmsol.com\\\/fr\\\/#organization\",\"name\":\"Instituto Mediterr\u00e1neo Sol\",\"url\":\"https:\\\/\\\/www.inmsol.com\\\/fr\\\/\",\"logo\":{\"@type\":\"ImageObject\",\"inLanguage\":\"fr-FR\",\"@id\":\"https:\\\/\\\/www.inmsol.com\\\/fr\\\/#\\\/schema\\\/logo\\\/image\\\/\",\"url\":\"https:\\\/\\\/www.inmsol.com\\\/wp-content\\\/uploads\\\/2023\\\/06\\\/logo-inmsol-1.png\",\"contentUrl\":\"https:\\\/\\\/www.inmsol.com\\\/wp-content\\\/uploads\\\/2023\\\/06\\\/logo-inmsol-1.png\",\"width\":136,\"height\":73,\"caption\":\"Instituto Mediterr\u00e1neo Sol\"},\"image\":{\"@id\":\"https:\\\/\\\/www.inmsol.com\\\/fr\\\/#\\\/schema\\\/logo\\\/image\\\/\"},\"sameAs\":[\"https:\\\/\\\/www.facebook.com\\\/spanishcourses\",\"https:\\\/\\\/x.com\\\/StudyInGranada\",\"http:\\\/\\\/instagram.com\\\/imsolgranada\",\"https:\\\/\\\/es.linkedin.com\\\/company\\\/imsol-granada\",\"https:\\\/\\\/www.pinterest.es\\\/inmsol\\\/\",\"https:\\\/\\\/www.youtube.com\\\/channel\\\/UChz-Qn_7coFMosY85iYMO4g\"]},{\"@type\":\"Person\",\"@id\":\"https:\\\/\\\/www.inmsol.com\\\/fr\\\/#\\\/schema\\\/person\\\/94a7a01d14a56d1fbc49c841ffc57fe9\",\"name\":\"- Instituto Mediterr\u00e1neo Sol\",\"image\":{\"@type\":\"ImageObject\",\"inLanguage\":\"fr-FR\",\"@id\":\"https:\\\/\\\/secure.gravatar.com\\\/avatar\\\/5607fdabdf1b548b6095cc3d43079829bc1497403e70dd34004e7204a8fef62b?s=96&d=mm&r=g\",\"url\":\"https:\\\/\\\/secure.gravatar.com\\\/avatar\\\/5607fdabdf1b548b6095cc3d43079829bc1497403e70dd34004e7204a8fef62b?s=96&d=mm&r=g\",\"contentUrl\":\"https:\\\/\\\/secure.gravatar.com\\\/avatar\\\/5607fdabdf1b548b6095cc3d43079829bc1497403e70dd34004e7204a8fef62b?s=96&d=mm&r=g\",\"caption\":\"- Instituto Mediterr\u00e1neo Sol\"},\"url\":\"https:\\\/\\\/www.inmsol.com\\\/fr\\\/author\\\/laura\\\/\"}]}<\/script>\n<!-- \/ Yoast SEO plugin. -->","yoast_head_json":{"title":"Une semaine g\u00e9niale avec notre groupe d\u2019Italie | Blog iNMSOL","description":"La semaine derni\u00e8re nous avons accueilli un groupe d\u2019adolescents italiens de la Toscane dans notre \u00e9cole d\u2019espagnol \u00e0 Grenade.","robots":{"index":"index","follow":"follow","max-snippet":"max-snippet:-1","max-image-preview":"max-image-preview:large","max-video-preview":"max-video-preview:-1"},"canonical":"https:\/\/www.inmsol.com\/fr\/blog-fr-fr\/une-semaine-geniale-avec-notre-groupe-ditalie\/","og_locale":"fr_FR","og_type":"article","og_title":"Une semaine g\u00e9niale avec notre groupe d\u2019Italie | Blog iNMSOL","og_description":"La semaine derni\u00e8re nous avons accueilli un groupe d\u2019adolescents italiens de la Toscane dans notre \u00e9cole d\u2019espagnol \u00e0 Grenade.","og_url":"https:\/\/www.inmsol.com\/fr\/blog-fr-fr\/une-semaine-geniale-avec-notre-groupe-ditalie\/","og_site_name":"iNMSOL","article_publisher":"https:\/\/www.facebook.com\/spanishcourses","article_published_time":"2017-07-11T08:52:46+00:00","article_modified_time":"2020-11-30T08:41:12+00:00","og_image":[{"width":1500,"height":1198,"url":"https:\/\/www.inmsol.com\/wp-content\/uploads\/2017\/07\/20170705_190435-2-1.jpg","type":"image\/jpeg"}],"author":"- Instituto Mediterr\u00e1neo Sol","twitter_misc":{"\u00c9crit par":"- Instituto Mediterr\u00e1neo Sol","Dur\u00e9e de lecture estim\u00e9e":"3 minutes"},"schema":{"@context":"https:\/\/schema.org","@graph":[{"@type":"Article","@id":"https:\/\/www.inmsol.com\/fr\/blog-fr-fr\/une-semaine-geniale-avec-notre-groupe-ditalie\/#article","isPartOf":{"@id":"https:\/\/www.inmsol.com\/fr\/blog-fr-fr\/une-semaine-geniale-avec-notre-groupe-ditalie\/"},"author":{"name":"- Instituto Mediterr\u00e1neo Sol","@id":"https:\/\/www.inmsol.com\/fr\/#\/schema\/person\/94a7a01d14a56d1fbc49c841ffc57fe9"},"headline":"Une semaine g\u00e9niale avec notre groupe d\u2019Italie","datePublished":"2017-07-11T08:52:46+00:00","dateModified":"2020-11-30T08:41:12+00:00","mainEntityOfPage":{"@id":"https:\/\/www.inmsol.com\/fr\/blog-fr-fr\/une-semaine-geniale-avec-notre-groupe-ditalie\/"},"wordCount":516,"publisher":{"@id":"https:\/\/www.inmsol.com\/fr\/#organization"},"image":{"@id":"https:\/\/www.inmsol.com\/fr\/blog-fr-fr\/une-semaine-geniale-avec-notre-groupe-ditalie\/#primaryimage"},"thumbnailUrl":"https:\/\/www.inmsol.com\/wp-content\/uploads\/2017\/07\/20170705_190435-2-1.jpg","articleSection":["Blog"],"inLanguage":"fr-FR"},{"@type":"WebPage","@id":"https:\/\/www.inmsol.com\/fr\/blog-fr-fr\/une-semaine-geniale-avec-notre-groupe-ditalie\/","url":"https:\/\/www.inmsol.com\/fr\/blog-fr-fr\/une-semaine-geniale-avec-notre-groupe-ditalie\/","name":"Une semaine g\u00e9niale avec notre groupe d\u2019Italie | Blog iNMSOL","isPartOf":{"@id":"https:\/\/www.inmsol.com\/fr\/#website"},"primaryImageOfPage":{"@id":"https:\/\/www.inmsol.com\/fr\/blog-fr-fr\/une-semaine-geniale-avec-notre-groupe-ditalie\/#primaryimage"},"image":{"@id":"https:\/\/www.inmsol.com\/fr\/blog-fr-fr\/une-semaine-geniale-avec-notre-groupe-ditalie\/#primaryimage"},"thumbnailUrl":"https:\/\/www.inmsol.com\/wp-content\/uploads\/2017\/07\/20170705_190435-2-1.jpg","datePublished":"2017-07-11T08:52:46+00:00","dateModified":"2020-11-30T08:41:12+00:00","description":"La semaine derni\u00e8re nous avons accueilli un groupe d\u2019adolescents italiens de la Toscane dans notre \u00e9cole d\u2019espagnol \u00e0 Grenade.","breadcrumb":{"@id":"https:\/\/www.inmsol.com\/fr\/blog-fr-fr\/une-semaine-geniale-avec-notre-groupe-ditalie\/#breadcrumb"},"inLanguage":"fr-FR","potentialAction":[{"@type":"ReadAction","target":["https:\/\/www.inmsol.com\/fr\/blog-fr-fr\/une-semaine-geniale-avec-notre-groupe-ditalie\/"]}]},{"@type":"ImageObject","inLanguage":"fr-FR","@id":"https:\/\/www.inmsol.com\/fr\/blog-fr-fr\/une-semaine-geniale-avec-notre-groupe-ditalie\/#primaryimage","url":"https:\/\/www.inmsol.com\/wp-content\/uploads\/2017\/07\/20170705_190435-2-1.jpg","contentUrl":"https:\/\/www.inmsol.com\/wp-content\/uploads\/2017\/07\/20170705_190435-2-1.jpg","width":1500,"height":1198},{"@type":"BreadcrumbList","@id":"https:\/\/www.inmsol.com\/fr\/blog-fr-fr\/une-semaine-geniale-avec-notre-groupe-ditalie\/#breadcrumb","itemListElement":[{"@type":"ListItem","position":1,"name":"Accredited Center by Instituto Cervantes","item":"https:\/\/www.inmsol.com\/fr\/pagina-ejemplo\/"},{"@type":"ListItem","position":2,"name":"Blog","item":"https:\/\/www.inmsol.com\/fr\/category\/blog-fr-fr\/"},{"@type":"ListItem","position":3,"name":"Une semaine g\u00e9niale avec notre groupe d\u2019Italie"}]},{"@type":"WebSite","@id":"https:\/\/www.inmsol.com\/fr\/#website","url":"https:\/\/www.inmsol.com\/fr\/","name":"iNMSOL","description":"Apprenez l'espagnol avec nous - Centre de formation affili\u00e9 \u00e0 l'Institute Cervantes","publisher":{"@id":"https:\/\/www.inmsol.com\/fr\/#organization"},"potentialAction":[{"@type":"SearchAction","target":{"@type":"EntryPoint","urlTemplate":"https:\/\/www.inmsol.com\/fr\/?s={search_term_string}"},"query-input":{"@type":"PropertyValueSpecification","valueRequired":true,"valueName":"search_term_string"}}],"inLanguage":"fr-FR"},{"@type":"Organization","@id":"https:\/\/www.inmsol.com\/fr\/#organization","name":"Instituto Mediterr\u00e1neo Sol","url":"https:\/\/www.inmsol.com\/fr\/","logo":{"@type":"ImageObject","inLanguage":"fr-FR","@id":"https:\/\/www.inmsol.com\/fr\/#\/schema\/logo\/image\/","url":"https:\/\/www.inmsol.com\/wp-content\/uploads\/2023\/06\/logo-inmsol-1.png","contentUrl":"https:\/\/www.inmsol.com\/wp-content\/uploads\/2023\/06\/logo-inmsol-1.png","width":136,"height":73,"caption":"Instituto Mediterr\u00e1neo Sol"},"image":{"@id":"https:\/\/www.inmsol.com\/fr\/#\/schema\/logo\/image\/"},"sameAs":["https:\/\/www.facebook.com\/spanishcourses","https:\/\/x.com\/StudyInGranada","http:\/\/instagram.com\/imsolgranada","https:\/\/es.linkedin.com\/company\/imsol-granada","https:\/\/www.pinterest.es\/inmsol\/","https:\/\/www.youtube.com\/channel\/UChz-Qn_7coFMosY85iYMO4g"]},{"@type":"Person","@id":"https:\/\/www.inmsol.com\/fr\/#\/schema\/person\/94a7a01d14a56d1fbc49c841ffc57fe9","name":"- Instituto Mediterr\u00e1neo Sol","image":{"@type":"ImageObject","inLanguage":"fr-FR","@id":"https:\/\/secure.gravatar.com\/avatar\/5607fdabdf1b548b6095cc3d43079829bc1497403e70dd34004e7204a8fef62b?s=96&d=mm&r=g","url":"https:\/\/secure.gravatar.com\/avatar\/5607fdabdf1b548b6095cc3d43079829bc1497403e70dd34004e7204a8fef62b?s=96&d=mm&r=g","contentUrl":"https:\/\/secure.gravatar.com\/avatar\/5607fdabdf1b548b6095cc3d43079829bc1497403e70dd34004e7204a8fef62b?s=96&d=mm&r=g","caption":"- Instituto Mediterr\u00e1neo Sol"},"url":"https:\/\/www.inmsol.com\/fr\/author\/laura\/"}]}},"_links":{"self":[{"href":"https:\/\/www.inmsol.com\/fr\/wp-json\/wp\/v2\/posts\/32571","targetHints":{"allow":["GET"]}}],"collection":[{"href":"https:\/\/www.inmsol.com\/fr\/wp-json\/wp\/v2\/posts"}],"about":[{"href":"https:\/\/www.inmsol.com\/fr\/wp-json\/wp\/v2\/types\/post"}],"author":[{"embeddable":true,"href":"https:\/\/www.inmsol.com\/fr\/wp-json\/wp\/v2\/users\/3"}],"replies":[{"embeddable":true,"href":"https:\/\/www.inmsol.com\/fr\/wp-json\/wp\/v2\/comments?post=32571"}],"version-history":[{"count":0,"href":"https:\/\/www.inmsol.com\/fr\/wp-json\/wp\/v2\/posts\/32571\/revisions"}],"wp:featuredmedia":[{"embeddable":true,"href":"https:\/\/www.inmsol.com\/fr\/wp-json\/wp\/v2\/media\/32554"}],"wp:attachment":[{"href":"https:\/\/www.inmsol.com\/fr\/wp-json\/wp\/v2\/media?parent=32571"}],"wp:term":[{"taxonomy":"category","embeddable":true,"href":"https:\/\/www.inmsol.com\/fr\/wp-json\/wp\/v2\/categories?post=32571"},{"taxonomy":"post_tag","embeddable":true,"href":"https:\/\/www.inmsol.com\/fr\/wp-json\/wp\/v2\/tags?post=32571"}],"curies":[{"name":"wp","href":"https:\/\/api.w.org\/{rel}","templated":true}]}}