{"id":32686,"date":"2017-08-04T10:15:11","date_gmt":"2017-08-04T08:15:11","guid":{"rendered":"https:\/\/www.inmsol.com\/blog-fr-fr\/nous-disons-au-revoir-a-notre-groupe-ditalie\/"},"modified":"2020-11-30T09:41:13","modified_gmt":"2020-11-30T08:41:13","slug":"nous-disons-au-revoir-a-notre-groupe-ditalie","status":"publish","type":"post","link":"https:\/\/www.inmsol.com\/fr\/blog-fr-fr\/nous-disons-au-revoir-a-notre-groupe-ditalie\/","title":{"rendered":"Nous disons au revoir \u00e0 notre groupe d\u2019Italie"},"content":{"rendered":"<h3><strong>Nous venons de passer deux semaines tr\u00e8s agr\u00e9ables avec notre groupe d\u2019\u00e9tudiants italiens qui sont venus \u00e0 <a href=\"https:\/\/www.inmsol.com\/fr\/granada\/\">Grenade <\/a>afin de s\u2019immerger dans la langue et culture espagnole et connaitre notre jolie ville.<\/strong><\/h3>\n<p>&nbsp;<\/p>\n<p><img decoding=\"async\" class=\"alignleft\" src=\"https:\/\/www.inmsol.com\/wp-content\/uploads\/2017\/08\/dsc_0374-447x300.jpg\" \/><\/p>\n<p>&nbsp;<\/p>\n<p>Ces deux derni\u00e8res semaines nous avons eu le plaisir d\u2019accueillir un groupe de 12 \u00e9tudiants et ses deux professeurs d\u2019Italie \u00e0 notre <a href=\"https:\/\/www.inmsol.com\/fr\/ecole-despagnol-grenade\/\">\u00e9cole d\u2019espagnol iNMSOL<\/a> \u00e0 Grenade.<\/p>\n<p>Les matins les adolescents avaient <strong>cours d\u2019espagnol<\/strong>, r\u00e9partis entre plusieurs groupes selon leur <a href=\"https:\/\/www.inmsol.com\/fr\/niveaux\/\">niveau<\/a>, afin d\u2019am\u00e9liorer leurs connaissances grammaticales, lexicales et communicatifs. Les apr\u00e8s-midis ils avaient un <a href=\"https:\/\/www.inmsol.com\/fr\/activites-et-excursions\/\">programme d\u2019activit\u00e9s<\/a>, organis\u00e9 par nous en collaboration avec les professeurs italiennes.<\/p>\n<p>&nbsp;<\/p>\n<p>&nbsp;<\/p>\n<p>Nos \u00e9tudiants ont commenc\u00e9 leur s\u00e9jour avec une <strong>visite guid\u00e9e par le centre de Grenade<\/strong> et le <strong>Realejo<\/strong>, ancien quartier juif o\u00f9 est situ\u00e9e notre \u00e9cole. Nous les avons fait visiter les endroits les plus embl\u00e9matiques de ces zones, comme par exemple la <strong><em>Cath\u00e9drale<\/em><\/strong>, <strong><em>la Plaza de la Trinidad, Puerta Real<\/em><\/strong> et <strong><em>Campo del Pr\u00edncipe<\/em><\/strong>.<\/p>\n<p>&nbsp;<\/p>\n<p>Le jour suivant, il y avait une visite guid\u00e9e par le <strong>Cuarto Real de Santo Domingo, <\/strong>ancien palais arabe o\u00f9 les rois musulmans passaient les jours du Ramadan.<\/p>\n<p><img decoding=\"async\" class=\"alignright\" src=\"https:\/\/www.inmsol.com\/wp-content\/uploads\/2017\/08\/albaicin-460x287.jpg\" \/><\/p>\n<p>Pendant notre<strong> visite du quartier Albaic\u00edn <\/strong>le mercredi, nos \u00e9tudiants ont pu d\u00e9couvrir le <strong>charme sp\u00e9cial de Grenade<\/strong>, marcher dans les petites ruelles entre les maisons blanches du quartier arabe et profiter des <strong>vues magnifiques<\/strong> sur la ville et l\u2019Alhambra qui se donnent dans plusieurs endroits dans ce quartier.<\/p>\n<p>&nbsp;<\/p>\n<p>Le jour suivant, il y avait la <strong><em>\u00ab\u00a0Route de Graffiti\u00a0\u00bb<\/em><\/strong>\u00a0: accompagn\u00e9s d\u2019un professeur d\u2019iNMSOL, les \u00e9tudiants sont all\u00e9s explorer le quartier en qu\u00eate des graffiti de l\u2019artiste <em>\u00ab\u00a0Ni\u00f1o de las Pinturas\u00a0\u00bb<\/em>, connu \u00e0 toute Grenade pour ses dessins extraordinaires.<\/p>\n<p>&nbsp;<\/p>\n<p>Le vendredi nos \u00e9tudiants ont pu d\u00e9couvrir le monde des sciences en espagnol\u00a0pendant une visite du Parc des Sciences de Grenade. L\u2019excursion nous a plu \u00e0 tous et observer les \u00e9toiles et constellations dans le plan\u00e9tarium est surement un souvenir que nous n\u2019oublierons pas aussi vite.<\/p>\n<p><img decoding=\"async\" class=\"aligncenter\" src=\"https:\/\/www.inmsol.com\/wp-content\/uploads\/2017\/08\/alhambra_de_granada_parque_ciencias_3_visitar_granada-460x145.jpg\" \/><\/p>\n<p>&nbsp;<\/p>\n<p>Le samedi on avait quelque chose de sp\u00e9cial sur le programme\u00a0: une <strong>excursion \u00e0 S\u00e9ville<\/strong>. Les adolescents italiens ont visit\u00e9 la capitale andalouse et tous les lieux les plus importants comme le <strong><em>Real Alc\u00e1zar, la Giralda, la fameuse Place d\u2019Espagne et le Parc Mar\u00eda Luisa<\/em><\/strong>.<\/p>\n<p><img fetchpriority=\"high\" decoding=\"async\" class=\"alignleft\" src=\"https:\/\/www.inmsol.com\/wp-content\/uploads\/2017\/08\/turismo-halal-460x226.jpg\" width=\"454\" height=\"224\" \/><\/p>\n<p><img decoding=\"async\" class=\"aligncenter\" src=\"https:\/\/www.inmsol.com\/wp-content\/uploads\/2017\/08\/alcazar-sevilla-450x300.jpg\" width=\"338\" height=\"225\" \/><\/p>\n<p>&nbsp;<\/p>\n<p>&nbsp;<\/p>\n<p>Nous avons commenc\u00e9 la seconde semaine avec une visite guid\u00e9e du <strong>Sacromonte, <\/strong>la colline qui s\u2019\u00e9l\u00e8ve derri\u00e8re l\u2019Albaic\u00edn et qui est connue pour ses typiques maisons-cavernes des gitans.<\/p>\n<p>&nbsp;<\/p>\n<p>Le mardi nous avons fait une petite balade en direction de l\u2019Avenue de la Constitution, o\u00f9 on trouve des statues de personnages historiques ou importants de Grenade. Pendant cette \u00ab\u00a0<strong>Route des Statues<\/strong>\u00a0\u00bb, les \u00e9tudiants ont appris sur la vie de quelques de ces personnages fameux, comme par exemple le po\u00e8te grenadien <em>Federico Garc\u00eda Lorca.<\/em><\/p>\n<p>&nbsp;<\/p>\n<p>Le jour suivant nous sommes all\u00e9s visiter <strong>la fameuse Alhambra<\/strong>, <strong>patrimoine mondial de l\u2019UNESCO<\/strong>.<\/p>\n<p><img decoding=\"async\" class=\"alignleft\" src=\"https:\/\/www.inmsol.com\/wp-content\/uploads\/2017\/03\/Alhambra-de-Granada.-450x300.jpg\" \/><\/p>\n<p>On ne peut pas s\u00e9journer \u00e0 Grenade sans avoir visit\u00e9 cette forteresse arabe qui tr\u00f4ne sur la ville. Avec ses palais d\u00e9cor\u00e9s, ses jardins pr\u00e9cieux et une vue magnifique elle est vraiment un endroit plein d\u2019histoire et aussi, on ne le peut pas nier, avec une magie unique.<\/p>\n<p>Les autres jours les \u00e9tudiants avaient l\u2019apr\u00e8s midi libre et pouvaient explorer la ville \u00e0 leur rythme\u00a0 et profiter de <strong>l\u2019ambiance sp\u00e9ciale de Grenade<\/strong>, une petite ville qui est \u00e0 la fois une ville internationale, une ville moderne et pleine d\u2019histoire, une ville multiculturelle et de culture andalouse profonde, une ville avec de la montagne et de la mer, <strong>une ville pleine des contrastes et avec un charme unique dans le monde<\/strong>.<\/p>\n<p>&nbsp;<\/p>\n<p>&nbsp;<\/p>\n<p><strong>Nous nous sommes bien amus\u00e9s avec groupe d\u2019Italie et nous esp\u00e9rons qu\u2019ils reviendront bient\u00f4t\u00a0!<\/strong><\/p>\n<p><strong>Si vous voulez maintenant aussi venir avec un <a href=\"https:\/\/www.inmsol.com\/fr\/cours-despagnol-espagne\/cours-pour-groupes\/\">groupe d\u2019\u00e9tudiants<\/a> (peut-\u00eatre votre classe du coll\u00e8ge\/lyc\u00e9e\u00a0?\u00a0;)) pour apprendre l\u2019espagnol avec efficacit\u00e9 et dans un environnement pr\u00e9cieux et magique, iNMSOL \u00e0 Grenade est le lieu parfait pour vous\u00a0!\u00a0<\/strong><\/p>\n<p><strong>Nous serons enchant\u00e9s de vous accueillir chez nous\u00a0! \ud83d\ude09<\/strong><\/p>\n","protected":false},"excerpt":{"rendered":"<p>Nous venons de passer deux semaines tr\u00e8s agr\u00e9ables avec notre groupe d\u2019\u00e9tudiants italiens qui sont venus \u00e0 Grenade afin de s\u2019immerger dans la langue et culture espagnole et connaitre notre jolie ville. &nbsp; &nbsp; Ces deux derni\u00e8res semaines nous avons eu le plaisir d\u2019accueillir un&#8230;<\/p>\n","protected":false},"author":3,"featured_media":32654,"comment_status":"closed","ping_status":"closed","sticky":false,"template":"","format":"standard","meta":{"_acf_changed":false,"footnotes":""},"categories":[4],"tags":[],"class_list":["post-32686","post","type-post","status-publish","format-standard","has-post-thumbnail","hentry","category-blog-fr-fr"],"acf":[],"yoast_head":"<!-- This site is optimized with the Yoast SEO plugin v27.5 - https:\/\/yoast.com\/product\/yoast-seo-wordpress\/ -->\n<title>Nous disons au revoir \u00e0 notre groupe d\u2019Italie | \u00e9cole d&#039;espagnol iNMSOL<\/title>\n<meta name=\"description\" content=\"Ces deux derni\u00e8res semaines nous avons eu le plaisir d\u2019accueillir un groupe de 12 \u00e9tudiants et ses deux professeurs d\u2019Italie \u00e0 notre \u00e9cole d\u2019espagnol iNMSOL.\" \/>\n<meta name=\"robots\" content=\"index, follow, max-snippet:-1, max-image-preview:large, max-video-preview:-1\" \/>\n<link rel=\"canonical\" href=\"https:\/\/www.inmsol.com\/fr\/blog-fr-fr\/nous-disons-au-revoir-a-notre-groupe-ditalie\/\" \/>\n<meta property=\"og:locale\" content=\"fr_FR\" \/>\n<meta property=\"og:type\" content=\"article\" \/>\n<meta property=\"og:title\" content=\"Nous disons au revoir \u00e0 notre groupe d\u2019Italie | \u00e9cole d&#039;espagnol iNMSOL\" \/>\n<meta property=\"og:description\" content=\"Ces deux derni\u00e8res semaines nous avons eu le plaisir d\u2019accueillir un groupe de 12 \u00e9tudiants et ses deux professeurs d\u2019Italie \u00e0 notre \u00e9cole d\u2019espagnol iNMSOL.\" \/>\n<meta property=\"og:url\" content=\"https:\/\/www.inmsol.com\/fr\/blog-fr-fr\/nous-disons-au-revoir-a-notre-groupe-ditalie\/\" \/>\n<meta property=\"og:site_name\" content=\"iNMSOL\" \/>\n<meta property=\"article:publisher\" content=\"https:\/\/www.facebook.com\/spanishcourses\" \/>\n<meta property=\"article:published_time\" content=\"2017-08-04T08:15:11+00:00\" \/>\n<meta property=\"article:modified_time\" content=\"2020-11-30T08:41:13+00:00\" \/>\n<meta property=\"og:image\" content=\"https:\/\/www.inmsol.com\/wp-content\/uploads\/2017\/08\/dsc_0375.jpg\" \/>\n\t<meta property=\"og:image:width\" content=\"1500\" \/>\n\t<meta property=\"og:image:height\" content=\"1007\" \/>\n\t<meta property=\"og:image:type\" content=\"image\/jpeg\" \/>\n<meta name=\"author\" content=\"- Instituto Mediterr\u00e1neo Sol\" \/>\n<meta name=\"twitter:label1\" content=\"\u00c9crit par\" \/>\n\t<meta name=\"twitter:data1\" content=\"- Instituto Mediterr\u00e1neo Sol\" \/>\n\t<meta name=\"twitter:label2\" content=\"Dur\u00e9e de lecture estim\u00e9e\" \/>\n\t<meta name=\"twitter:data2\" content=\"4 minutes\" \/>\n<script type=\"application\/ld+json\" class=\"yoast-schema-graph\">{\"@context\":\"https:\\\/\\\/schema.org\",\"@graph\":[{\"@type\":\"Article\",\"@id\":\"https:\\\/\\\/www.inmsol.com\\\/fr\\\/blog-fr-fr\\\/nous-disons-au-revoir-a-notre-groupe-ditalie\\\/#article\",\"isPartOf\":{\"@id\":\"https:\\\/\\\/www.inmsol.com\\\/fr\\\/blog-fr-fr\\\/nous-disons-au-revoir-a-notre-groupe-ditalie\\\/\"},\"author\":{\"name\":\"- Instituto Mediterr\u00e1neo Sol\",\"@id\":\"https:\\\/\\\/www.inmsol.com\\\/fr\\\/#\\\/schema\\\/person\\\/94a7a01d14a56d1fbc49c841ffc57fe9\"},\"headline\":\"Nous disons au revoir \u00e0 notre groupe d\u2019Italie\",\"datePublished\":\"2017-08-04T08:15:11+00:00\",\"dateModified\":\"2020-11-30T08:41:13+00:00\",\"mainEntityOfPage\":{\"@id\":\"https:\\\/\\\/www.inmsol.com\\\/fr\\\/blog-fr-fr\\\/nous-disons-au-revoir-a-notre-groupe-ditalie\\\/\"},\"wordCount\":722,\"publisher\":{\"@id\":\"https:\\\/\\\/www.inmsol.com\\\/fr\\\/#organization\"},\"image\":{\"@id\":\"https:\\\/\\\/www.inmsol.com\\\/fr\\\/blog-fr-fr\\\/nous-disons-au-revoir-a-notre-groupe-ditalie\\\/#primaryimage\"},\"thumbnailUrl\":\"https:\\\/\\\/www.inmsol.com\\\/wp-content\\\/uploads\\\/2017\\\/08\\\/dsc_0375.jpg\",\"articleSection\":[\"Blog\"],\"inLanguage\":\"fr-FR\"},{\"@type\":\"WebPage\",\"@id\":\"https:\\\/\\\/www.inmsol.com\\\/fr\\\/blog-fr-fr\\\/nous-disons-au-revoir-a-notre-groupe-ditalie\\\/\",\"url\":\"https:\\\/\\\/www.inmsol.com\\\/fr\\\/blog-fr-fr\\\/nous-disons-au-revoir-a-notre-groupe-ditalie\\\/\",\"name\":\"Nous disons au revoir \u00e0 notre groupe d\u2019Italie | \u00e9cole d'espagnol iNMSOL\",\"isPartOf\":{\"@id\":\"https:\\\/\\\/www.inmsol.com\\\/fr\\\/#website\"},\"primaryImageOfPage\":{\"@id\":\"https:\\\/\\\/www.inmsol.com\\\/fr\\\/blog-fr-fr\\\/nous-disons-au-revoir-a-notre-groupe-ditalie\\\/#primaryimage\"},\"image\":{\"@id\":\"https:\\\/\\\/www.inmsol.com\\\/fr\\\/blog-fr-fr\\\/nous-disons-au-revoir-a-notre-groupe-ditalie\\\/#primaryimage\"},\"thumbnailUrl\":\"https:\\\/\\\/www.inmsol.com\\\/wp-content\\\/uploads\\\/2017\\\/08\\\/dsc_0375.jpg\",\"datePublished\":\"2017-08-04T08:15:11+00:00\",\"dateModified\":\"2020-11-30T08:41:13+00:00\",\"description\":\"Ces deux derni\u00e8res semaines nous avons eu le plaisir d\u2019accueillir un groupe de 12 \u00e9tudiants et ses deux professeurs d\u2019Italie \u00e0 notre \u00e9cole d\u2019espagnol iNMSOL.\",\"breadcrumb\":{\"@id\":\"https:\\\/\\\/www.inmsol.com\\\/fr\\\/blog-fr-fr\\\/nous-disons-au-revoir-a-notre-groupe-ditalie\\\/#breadcrumb\"},\"inLanguage\":\"fr-FR\",\"potentialAction\":[{\"@type\":\"ReadAction\",\"target\":[\"https:\\\/\\\/www.inmsol.com\\\/fr\\\/blog-fr-fr\\\/nous-disons-au-revoir-a-notre-groupe-ditalie\\\/\"]}]},{\"@type\":\"ImageObject\",\"inLanguage\":\"fr-FR\",\"@id\":\"https:\\\/\\\/www.inmsol.com\\\/fr\\\/blog-fr-fr\\\/nous-disons-au-revoir-a-notre-groupe-ditalie\\\/#primaryimage\",\"url\":\"https:\\\/\\\/www.inmsol.com\\\/wp-content\\\/uploads\\\/2017\\\/08\\\/dsc_0375.jpg\",\"contentUrl\":\"https:\\\/\\\/www.inmsol.com\\\/wp-content\\\/uploads\\\/2017\\\/08\\\/dsc_0375.jpg\",\"width\":1500,\"height\":1007},{\"@type\":\"BreadcrumbList\",\"@id\":\"https:\\\/\\\/www.inmsol.com\\\/fr\\\/blog-fr-fr\\\/nous-disons-au-revoir-a-notre-groupe-ditalie\\\/#breadcrumb\",\"itemListElement\":[{\"@type\":\"ListItem\",\"position\":1,\"name\":\"Accredited Center by Instituto Cervantes\",\"item\":\"https:\\\/\\\/www.inmsol.com\\\/fr\\\/pagina-ejemplo\\\/\"},{\"@type\":\"ListItem\",\"position\":2,\"name\":\"Blog\",\"item\":\"https:\\\/\\\/www.inmsol.com\\\/fr\\\/category\\\/blog-fr-fr\\\/\"},{\"@type\":\"ListItem\",\"position\":3,\"name\":\"Nous disons au revoir \u00e0 notre groupe d\u2019Italie\"}]},{\"@type\":\"WebSite\",\"@id\":\"https:\\\/\\\/www.inmsol.com\\\/fr\\\/#website\",\"url\":\"https:\\\/\\\/www.inmsol.com\\\/fr\\\/\",\"name\":\"iNMSOL\",\"description\":\"Apprenez l'espagnol avec nous - Centre de formation affili\u00e9 \u00e0 l'Institute Cervantes\",\"publisher\":{\"@id\":\"https:\\\/\\\/www.inmsol.com\\\/fr\\\/#organization\"},\"potentialAction\":[{\"@type\":\"SearchAction\",\"target\":{\"@type\":\"EntryPoint\",\"urlTemplate\":\"https:\\\/\\\/www.inmsol.com\\\/fr\\\/?s={search_term_string}\"},\"query-input\":{\"@type\":\"PropertyValueSpecification\",\"valueRequired\":true,\"valueName\":\"search_term_string\"}}],\"inLanguage\":\"fr-FR\"},{\"@type\":\"Organization\",\"@id\":\"https:\\\/\\\/www.inmsol.com\\\/fr\\\/#organization\",\"name\":\"Instituto Mediterr\u00e1neo Sol\",\"url\":\"https:\\\/\\\/www.inmsol.com\\\/fr\\\/\",\"logo\":{\"@type\":\"ImageObject\",\"inLanguage\":\"fr-FR\",\"@id\":\"https:\\\/\\\/www.inmsol.com\\\/fr\\\/#\\\/schema\\\/logo\\\/image\\\/\",\"url\":\"https:\\\/\\\/www.inmsol.com\\\/wp-content\\\/uploads\\\/2023\\\/06\\\/logo-inmsol-1.png\",\"contentUrl\":\"https:\\\/\\\/www.inmsol.com\\\/wp-content\\\/uploads\\\/2023\\\/06\\\/logo-inmsol-1.png\",\"width\":136,\"height\":73,\"caption\":\"Instituto Mediterr\u00e1neo Sol\"},\"image\":{\"@id\":\"https:\\\/\\\/www.inmsol.com\\\/fr\\\/#\\\/schema\\\/logo\\\/image\\\/\"},\"sameAs\":[\"https:\\\/\\\/www.facebook.com\\\/spanishcourses\",\"https:\\\/\\\/x.com\\\/StudyInGranada\",\"http:\\\/\\\/instagram.com\\\/imsolgranada\",\"https:\\\/\\\/es.linkedin.com\\\/company\\\/imsol-granada\",\"https:\\\/\\\/www.pinterest.es\\\/inmsol\\\/\",\"https:\\\/\\\/www.youtube.com\\\/channel\\\/UChz-Qn_7coFMosY85iYMO4g\"]},{\"@type\":\"Person\",\"@id\":\"https:\\\/\\\/www.inmsol.com\\\/fr\\\/#\\\/schema\\\/person\\\/94a7a01d14a56d1fbc49c841ffc57fe9\",\"name\":\"- Instituto Mediterr\u00e1neo Sol\",\"image\":{\"@type\":\"ImageObject\",\"inLanguage\":\"fr-FR\",\"@id\":\"https:\\\/\\\/secure.gravatar.com\\\/avatar\\\/5607fdabdf1b548b6095cc3d43079829bc1497403e70dd34004e7204a8fef62b?s=96&d=mm&r=g\",\"url\":\"https:\\\/\\\/secure.gravatar.com\\\/avatar\\\/5607fdabdf1b548b6095cc3d43079829bc1497403e70dd34004e7204a8fef62b?s=96&d=mm&r=g\",\"contentUrl\":\"https:\\\/\\\/secure.gravatar.com\\\/avatar\\\/5607fdabdf1b548b6095cc3d43079829bc1497403e70dd34004e7204a8fef62b?s=96&d=mm&r=g\",\"caption\":\"- Instituto Mediterr\u00e1neo Sol\"},\"url\":\"https:\\\/\\\/www.inmsol.com\\\/fr\\\/author\\\/laura\\\/\"}]}<\/script>\n<!-- \/ Yoast SEO plugin. -->","yoast_head_json":{"title":"Nous disons au revoir \u00e0 notre groupe d\u2019Italie | \u00e9cole d'espagnol iNMSOL","description":"Ces deux derni\u00e8res semaines nous avons eu le plaisir d\u2019accueillir un groupe de 12 \u00e9tudiants et ses deux professeurs d\u2019Italie \u00e0 notre \u00e9cole d\u2019espagnol iNMSOL.","robots":{"index":"index","follow":"follow","max-snippet":"max-snippet:-1","max-image-preview":"max-image-preview:large","max-video-preview":"max-video-preview:-1"},"canonical":"https:\/\/www.inmsol.com\/fr\/blog-fr-fr\/nous-disons-au-revoir-a-notre-groupe-ditalie\/","og_locale":"fr_FR","og_type":"article","og_title":"Nous disons au revoir \u00e0 notre groupe d\u2019Italie | \u00e9cole d'espagnol iNMSOL","og_description":"Ces deux derni\u00e8res semaines nous avons eu le plaisir d\u2019accueillir un groupe de 12 \u00e9tudiants et ses deux professeurs d\u2019Italie \u00e0 notre \u00e9cole d\u2019espagnol iNMSOL.","og_url":"https:\/\/www.inmsol.com\/fr\/blog-fr-fr\/nous-disons-au-revoir-a-notre-groupe-ditalie\/","og_site_name":"iNMSOL","article_publisher":"https:\/\/www.facebook.com\/spanishcourses","article_published_time":"2017-08-04T08:15:11+00:00","article_modified_time":"2020-11-30T08:41:13+00:00","og_image":[{"width":1500,"height":1007,"url":"https:\/\/www.inmsol.com\/wp-content\/uploads\/2017\/08\/dsc_0375.jpg","type":"image\/jpeg"}],"author":"- Instituto Mediterr\u00e1neo Sol","twitter_misc":{"\u00c9crit par":"- Instituto Mediterr\u00e1neo Sol","Dur\u00e9e de lecture estim\u00e9e":"4 minutes"},"schema":{"@context":"https:\/\/schema.org","@graph":[{"@type":"Article","@id":"https:\/\/www.inmsol.com\/fr\/blog-fr-fr\/nous-disons-au-revoir-a-notre-groupe-ditalie\/#article","isPartOf":{"@id":"https:\/\/www.inmsol.com\/fr\/blog-fr-fr\/nous-disons-au-revoir-a-notre-groupe-ditalie\/"},"author":{"name":"- Instituto Mediterr\u00e1neo Sol","@id":"https:\/\/www.inmsol.com\/fr\/#\/schema\/person\/94a7a01d14a56d1fbc49c841ffc57fe9"},"headline":"Nous disons au revoir \u00e0 notre groupe d\u2019Italie","datePublished":"2017-08-04T08:15:11+00:00","dateModified":"2020-11-30T08:41:13+00:00","mainEntityOfPage":{"@id":"https:\/\/www.inmsol.com\/fr\/blog-fr-fr\/nous-disons-au-revoir-a-notre-groupe-ditalie\/"},"wordCount":722,"publisher":{"@id":"https:\/\/www.inmsol.com\/fr\/#organization"},"image":{"@id":"https:\/\/www.inmsol.com\/fr\/blog-fr-fr\/nous-disons-au-revoir-a-notre-groupe-ditalie\/#primaryimage"},"thumbnailUrl":"https:\/\/www.inmsol.com\/wp-content\/uploads\/2017\/08\/dsc_0375.jpg","articleSection":["Blog"],"inLanguage":"fr-FR"},{"@type":"WebPage","@id":"https:\/\/www.inmsol.com\/fr\/blog-fr-fr\/nous-disons-au-revoir-a-notre-groupe-ditalie\/","url":"https:\/\/www.inmsol.com\/fr\/blog-fr-fr\/nous-disons-au-revoir-a-notre-groupe-ditalie\/","name":"Nous disons au revoir \u00e0 notre groupe d\u2019Italie | \u00e9cole d'espagnol iNMSOL","isPartOf":{"@id":"https:\/\/www.inmsol.com\/fr\/#website"},"primaryImageOfPage":{"@id":"https:\/\/www.inmsol.com\/fr\/blog-fr-fr\/nous-disons-au-revoir-a-notre-groupe-ditalie\/#primaryimage"},"image":{"@id":"https:\/\/www.inmsol.com\/fr\/blog-fr-fr\/nous-disons-au-revoir-a-notre-groupe-ditalie\/#primaryimage"},"thumbnailUrl":"https:\/\/www.inmsol.com\/wp-content\/uploads\/2017\/08\/dsc_0375.jpg","datePublished":"2017-08-04T08:15:11+00:00","dateModified":"2020-11-30T08:41:13+00:00","description":"Ces deux derni\u00e8res semaines nous avons eu le plaisir d\u2019accueillir un groupe de 12 \u00e9tudiants et ses deux professeurs d\u2019Italie \u00e0 notre \u00e9cole d\u2019espagnol iNMSOL.","breadcrumb":{"@id":"https:\/\/www.inmsol.com\/fr\/blog-fr-fr\/nous-disons-au-revoir-a-notre-groupe-ditalie\/#breadcrumb"},"inLanguage":"fr-FR","potentialAction":[{"@type":"ReadAction","target":["https:\/\/www.inmsol.com\/fr\/blog-fr-fr\/nous-disons-au-revoir-a-notre-groupe-ditalie\/"]}]},{"@type":"ImageObject","inLanguage":"fr-FR","@id":"https:\/\/www.inmsol.com\/fr\/blog-fr-fr\/nous-disons-au-revoir-a-notre-groupe-ditalie\/#primaryimage","url":"https:\/\/www.inmsol.com\/wp-content\/uploads\/2017\/08\/dsc_0375.jpg","contentUrl":"https:\/\/www.inmsol.com\/wp-content\/uploads\/2017\/08\/dsc_0375.jpg","width":1500,"height":1007},{"@type":"BreadcrumbList","@id":"https:\/\/www.inmsol.com\/fr\/blog-fr-fr\/nous-disons-au-revoir-a-notre-groupe-ditalie\/#breadcrumb","itemListElement":[{"@type":"ListItem","position":1,"name":"Accredited Center by Instituto Cervantes","item":"https:\/\/www.inmsol.com\/fr\/pagina-ejemplo\/"},{"@type":"ListItem","position":2,"name":"Blog","item":"https:\/\/www.inmsol.com\/fr\/category\/blog-fr-fr\/"},{"@type":"ListItem","position":3,"name":"Nous disons au revoir \u00e0 notre groupe d\u2019Italie"}]},{"@type":"WebSite","@id":"https:\/\/www.inmsol.com\/fr\/#website","url":"https:\/\/www.inmsol.com\/fr\/","name":"iNMSOL","description":"Apprenez l'espagnol avec nous - Centre de formation affili\u00e9 \u00e0 l'Institute Cervantes","publisher":{"@id":"https:\/\/www.inmsol.com\/fr\/#organization"},"potentialAction":[{"@type":"SearchAction","target":{"@type":"EntryPoint","urlTemplate":"https:\/\/www.inmsol.com\/fr\/?s={search_term_string}"},"query-input":{"@type":"PropertyValueSpecification","valueRequired":true,"valueName":"search_term_string"}}],"inLanguage":"fr-FR"},{"@type":"Organization","@id":"https:\/\/www.inmsol.com\/fr\/#organization","name":"Instituto Mediterr\u00e1neo Sol","url":"https:\/\/www.inmsol.com\/fr\/","logo":{"@type":"ImageObject","inLanguage":"fr-FR","@id":"https:\/\/www.inmsol.com\/fr\/#\/schema\/logo\/image\/","url":"https:\/\/www.inmsol.com\/wp-content\/uploads\/2023\/06\/logo-inmsol-1.png","contentUrl":"https:\/\/www.inmsol.com\/wp-content\/uploads\/2023\/06\/logo-inmsol-1.png","width":136,"height":73,"caption":"Instituto Mediterr\u00e1neo Sol"},"image":{"@id":"https:\/\/www.inmsol.com\/fr\/#\/schema\/logo\/image\/"},"sameAs":["https:\/\/www.facebook.com\/spanishcourses","https:\/\/x.com\/StudyInGranada","http:\/\/instagram.com\/imsolgranada","https:\/\/es.linkedin.com\/company\/imsol-granada","https:\/\/www.pinterest.es\/inmsol\/","https:\/\/www.youtube.com\/channel\/UChz-Qn_7coFMosY85iYMO4g"]},{"@type":"Person","@id":"https:\/\/www.inmsol.com\/fr\/#\/schema\/person\/94a7a01d14a56d1fbc49c841ffc57fe9","name":"- Instituto Mediterr\u00e1neo Sol","image":{"@type":"ImageObject","inLanguage":"fr-FR","@id":"https:\/\/secure.gravatar.com\/avatar\/5607fdabdf1b548b6095cc3d43079829bc1497403e70dd34004e7204a8fef62b?s=96&d=mm&r=g","url":"https:\/\/secure.gravatar.com\/avatar\/5607fdabdf1b548b6095cc3d43079829bc1497403e70dd34004e7204a8fef62b?s=96&d=mm&r=g","contentUrl":"https:\/\/secure.gravatar.com\/avatar\/5607fdabdf1b548b6095cc3d43079829bc1497403e70dd34004e7204a8fef62b?s=96&d=mm&r=g","caption":"- Instituto Mediterr\u00e1neo Sol"},"url":"https:\/\/www.inmsol.com\/fr\/author\/laura\/"}]}},"_links":{"self":[{"href":"https:\/\/www.inmsol.com\/fr\/wp-json\/wp\/v2\/posts\/32686","targetHints":{"allow":["GET"]}}],"collection":[{"href":"https:\/\/www.inmsol.com\/fr\/wp-json\/wp\/v2\/posts"}],"about":[{"href":"https:\/\/www.inmsol.com\/fr\/wp-json\/wp\/v2\/types\/post"}],"author":[{"embeddable":true,"href":"https:\/\/www.inmsol.com\/fr\/wp-json\/wp\/v2\/users\/3"}],"replies":[{"embeddable":true,"href":"https:\/\/www.inmsol.com\/fr\/wp-json\/wp\/v2\/comments?post=32686"}],"version-history":[{"count":0,"href":"https:\/\/www.inmsol.com\/fr\/wp-json\/wp\/v2\/posts\/32686\/revisions"}],"wp:featuredmedia":[{"embeddable":true,"href":"https:\/\/www.inmsol.com\/fr\/wp-json\/wp\/v2\/media\/32654"}],"wp:attachment":[{"href":"https:\/\/www.inmsol.com\/fr\/wp-json\/wp\/v2\/media?parent=32686"}],"wp:term":[{"taxonomy":"category","embeddable":true,"href":"https:\/\/www.inmsol.com\/fr\/wp-json\/wp\/v2\/categories?post=32686"},{"taxonomy":"post_tag","embeddable":true,"href":"https:\/\/www.inmsol.com\/fr\/wp-json\/wp\/v2\/tags?post=32686"}],"curies":[{"name":"wp","href":"https:\/\/api.w.org\/{rel}","templated":true}]}}