{"id":34754,"date":"2018-03-27T14:17:30","date_gmt":"2018-03-27T12:17:30","guid":{"rendered":"https:\/\/www.inmsol.com\/blog-fr-fr\/la-norvege-decouvre-granada-graces-a-imsol\/"},"modified":"2020-11-30T09:41:16","modified_gmt":"2020-11-30T08:41:16","slug":"la-norvege-decouvre-granada-graces-a-inmsol","status":"publish","type":"post","link":"https:\/\/www.inmsol.com\/fr\/blog-fr-fr\/espagnol-pour-les-groupes\/la-norvege-decouvre-granada-graces-a-inmsol\/","title":{"rendered":"La Norv\u00e8ge d\u00e9couvre Grenade gr\u00e2ces \u00e0 iNMSOL"},"content":{"rendered":"<p>Comme chaque ann\u00e9e, notre institut re\u00e7oit nombreux \u00e9tudiants du monde entier, la semaine pass\u00e9e ceci a eu lieu encore une fois avec un group d\u2019\u00e9tudiants venant de la Norv\u00e8ge afin de d\u00e9couvrir Grenade avec <a href=\"https:\/\/www.inmsol.com\/fr\/\">iNMSOL<\/a> de 10 \u00e0 16 mars.<\/p>\n<p>Les jeunes \u00e9tudiants pendant une semaine ont eu des cours d\u2019espagnol chez iNMSOL le matin et lors de l\u2019apr\u00e8s-midi ils ont profit\u00e9 de nombreuses <a href=\"https:\/\/www.inmsol.com\/fr\/activites-et-excursions\/\">activit\u00e9s<\/a> culturelles et plusieurs loisirs que nous l\u2019offrons.<\/p>\n<h2>\u00a0 \u00a0 \u00a0 \u00a0 \u00a0 \u00a0 \u00a0 \u00a0 \u00a0 \u00a0 \u00a0 \u00a0 \u00a0 \u00a0 \u00a0 \u00a0 Excursion \u00e0 Costa Tropical<\/h2>\n<p><img fetchpriority=\"high\" decoding=\"async\" class=\"alignnone size-medium wp-image-54056\" src=\"https:\/\/www.inmsol.com\/wp-content\/uploads\/2018\/03\/photo-copia-400x300.jpg\" alt=\"\" width=\"400\" height=\"300\" srcset=\"https:\/\/www.inmsol.com\/wp-content\/uploads\/2018\/03\/photo-copia-400x300.jpg 400w, https:\/\/www.inmsol.com\/wp-content\/uploads\/2018\/03\/photo-copia-800x600.jpg 800w, https:\/\/www.inmsol.com\/wp-content\/uploads\/2018\/03\/photo-copia-64x48.jpg 64w, https:\/\/www.inmsol.com\/wp-content\/uploads\/2018\/03\/photo-copia-768x576.jpg 768w, https:\/\/www.inmsol.com\/wp-content\/uploads\/2018\/03\/photo-copia-250x188.jpg 250w, https:\/\/www.inmsol.com\/wp-content\/uploads\/2018\/03\/photo-copia-533x400.jpg 533w, https:\/\/www.inmsol.com\/wp-content\/uploads\/2018\/03\/photo-copia.jpg 960w\" sizes=\"(max-width: 400px) 100vw, 400px\" \/><\/p>\n<p>Excursion \u00e0 La Costa Tropical, suite l\u2019arriv\u00e9 \u00e0 Grenade et apr\u00e8s avoir log\u00e9 dans un h\u00f4tel au centre-ville c\u2019\u00e9tait l\u2019heure d\u2019effectuer la premi\u00e8re excursion. Dimanche matin les \u00e9l\u00e8ves ont visit\u00e9 la <strong>Costa Tropical<\/strong>, une petite r\u00e9gion situ\u00e9e dans le sud de Grenade, pour profiter d\u2019une belle journ\u00e9e \u00e0 la plage.<\/p>\n<p>Les jours suivants de 9 heures \u00e0 12 heures 30 les jeunes Norv\u00e9giens ont eu des cours d\u2019espagnol chez iNMSOL avec nos professeurs. Puis l\u2019apr\u00e8s-midi ils ont r\u00e9alis\u00e9 divers activit\u00e9s, les<strong> ateliers de c\u00e9ramique<\/strong>, <strong>danse<\/strong> et<strong> cuisine<\/strong>. Parmi ceux-ci ils ont particip\u00e9 \u00e0 une <strong>d\u00e9gustation gastronomique<\/strong> pour d\u00e9guster les produits typiques d\u2019Espagne et en particulier les tapas traditionnels de Grenade.<\/p>\n<p><img decoding=\"async\" class=\"alignnone wp-image-54052\" src=\"https:\/\/www.inmsol.com\/wp-content\/uploads\/2018\/03\/1-447x300.jpg\" alt=\"\" width=\"450\" height=\"302\" srcset=\"https:\/\/www.inmsol.com\/wp-content\/uploads\/2018\/03\/1-447x300.jpg 447w, https:\/\/www.inmsol.com\/wp-content\/uploads\/2018\/03\/1-800x537.jpg 800w, https:\/\/www.inmsol.com\/wp-content\/uploads\/2018\/03\/1-64x43.jpg 64w, https:\/\/www.inmsol.com\/wp-content\/uploads\/2018\/03\/1-768x516.jpg 768w, https:\/\/www.inmsol.com\/wp-content\/uploads\/2018\/03\/1-1024x687.jpg 1024w, https:\/\/www.inmsol.com\/wp-content\/uploads\/2018\/03\/1-250x168.jpg 250w, https:\/\/www.inmsol.com\/wp-content\/uploads\/2018\/03\/1-596x400.jpg 596w, https:\/\/www.inmsol.com\/wp-content\/uploads\/2018\/03\/1.jpg 1500w\" sizes=\"(max-width: 450px) 100vw, 450px\" \/><\/p>\n<p><strong>Visite \u00e0 Albaic\u00edn et Sacromonte<\/strong><\/p>\n<p>Mercredi lors de l\u2019apr\u00e8s-midi le groupe a r\u00e9alis\u00e9 une visite guid\u00e9e dans les rues d\u2019<strong>Albaic\u00edn<\/strong> et <strong>Sacromonte<\/strong>, deux anciens quartiers arabes qui poss\u00e8dent une\u00a0 magnifique vue de L\u2019Alhambra et toute la ville.<\/p>\n<p><strong>Visite \u00e0 L\u2019Alhambra<\/strong><\/p>\n<p>Si vous venez visiter Grenade il faut absolument voir le symbole de ville, c\u2019est <strong>l\u2019Alhambra<\/strong> bien \u00a0\u00e9videmment. C\u2019est ainsi que Jeudi apr\u00e8s les cours l\u2019ensemble d\u2019\u00e9tudiants norv\u00e9giens sont parti voir ce sublime monument, d\u2019autres endroits ont aussi suscit\u00e9 un grand int\u00e9r\u00eat aupr\u00e8s les jeunes notamment le palais Nazar\u00edes et les jardins de Generalife. De plus ils ont eu le v\u00e9ritable plaisir d\u2019admirer le coucher de soleil de la ville d\u00e8s L\u2019Alcazaba.<\/p>\n<p><img decoding=\"async\" class=\"size-medium wp-image-54053 alignright\" src=\"https:\/\/www.inmsol.com\/wp-content\/uploads\/2018\/03\/2-447x300.jpg\" alt=\"\" width=\"447\" height=\"300\" srcset=\"https:\/\/www.inmsol.com\/wp-content\/uploads\/2018\/03\/2-447x300.jpg 447w, https:\/\/www.inmsol.com\/wp-content\/uploads\/2018\/03\/2-800x537.jpg 800w, https:\/\/www.inmsol.com\/wp-content\/uploads\/2018\/03\/2-64x43.jpg 64w, https:\/\/www.inmsol.com\/wp-content\/uploads\/2018\/03\/2-768x516.jpg 768w, https:\/\/www.inmsol.com\/wp-content\/uploads\/2018\/03\/2-1024x687.jpg 1024w, https:\/\/www.inmsol.com\/wp-content\/uploads\/2018\/03\/2-250x168.jpg 250w, https:\/\/www.inmsol.com\/wp-content\/uploads\/2018\/03\/2-596x400.jpg 596w, https:\/\/www.inmsol.com\/wp-content\/uploads\/2018\/03\/2.jpg 1500w\" sizes=\"(max-width: 447px) 100vw, 447px\" \/><\/p>\n<p>Vendredi les \u00e9tudiants ont eu leur derni\u00e8re classe d\u2019Espagnol dans notre \u00e9cole et pendant l\u2019apr\u00e8s-midi, ils ont dit adieu \u00e0 leurs professeurs et quitt\u00e9 <a href=\"https:\/\/www.inmsol.com\/fr\/granada\/\">Grenade<\/a> afin de rentrer en Norv\u00e8ge.<img loading=\"lazy\" decoding=\"async\" class=\"size-medium wp-image-54054 alignright\" src=\"https:\/\/www.inmsol.com\/wp-content\/uploads\/2018\/03\/3-447x300.jpg\" alt=\"\" width=\"447\" height=\"300\" srcset=\"https:\/\/www.inmsol.com\/wp-content\/uploads\/2018\/03\/3-447x300.jpg 447w, https:\/\/www.inmsol.com\/wp-content\/uploads\/2018\/03\/3-800x537.jpg 800w, https:\/\/www.inmsol.com\/wp-content\/uploads\/2018\/03\/3-64x43.jpg 64w, https:\/\/www.inmsol.com\/wp-content\/uploads\/2018\/03\/3-768x516.jpg 768w, https:\/\/www.inmsol.com\/wp-content\/uploads\/2018\/03\/3-1024x687.jpg 1024w, https:\/\/www.inmsol.com\/wp-content\/uploads\/2018\/03\/3-250x168.jpg 250w, https:\/\/www.inmsol.com\/wp-content\/uploads\/2018\/03\/3-596x400.jpg 596w, https:\/\/www.inmsol.com\/wp-content\/uploads\/2018\/03\/3.jpg 1500w\" sizes=\"(max-width: 447px) 100vw, 447px\" \/><\/p>\n<p>&nbsp;<\/p>\n<p>&nbsp;<\/p>\n<p>&nbsp;<\/p>\n<p>&nbsp;<\/p>\n<h3><\/h3>\n<h3><\/h3>\n<h3><\/h3>\n<h3><\/h3>\n<h3><\/h3>\n<h3><\/h3>\n<h3><\/h3>\n<h3><\/h3>\n<h3><\/h3>\n<h3>Nous avons pass\u00e9 une tr\u00e8s bonne semaine avec ces \u00e9l\u00e8ves y nous remercions d\u2019avoir \u00e9tudi\u00e9 \u00e0 iNMSOL , nous esp\u00e9rons bien que vous reviendrez \u00e0 Grenade bient\u00f4t, pourquoi pas l\u2019ann\u00e9e prochaine !<\/h3>\n","protected":false},"excerpt":{"rendered":"<p>Comme chaque ann\u00e9e, notre institut re\u00e7oit nombreux \u00e9tudiants du monde entier, la semaine pass\u00e9e ceci a eu lieu encore une fois avec un group d\u2019\u00e9tudiants venant de la Norv\u00e8ge afin de d\u00e9couvrir Granada avec iNMSOL de 10 \u00e0 16 mars.<\/p>\n","protected":false},"author":3,"featured_media":35675,"comment_status":"closed","ping_status":"closed","sticky":false,"template":"","format":"standard","meta":{"_acf_changed":false,"footnotes":""},"categories":[390],"tags":[],"class_list":["post-34754","post","type-post","status-publish","format-standard","has-post-thumbnail","hentry","category-espagnol-pour-les-groupes"],"acf":[],"yoast_head":"<!-- This site is optimized with the Yoast SEO plugin v27.5 - https:\/\/yoast.com\/product\/yoast-seo-wordpress\/ -->\n<title>La Norv\u00e8ge d\u00e9couvre Grenade gr\u00e2ces \u00e0 iNMSOL<\/title>\n<meta name=\"description\" content=\"Comme chaque ann\u00e9e, notre institut re\u00e7oit nombreux \u00e9tudiants du monde entier, la semaine pass\u00e9e ceci a eu lieu encore une fois avec un group d\u2019\u00e9tudiants venant de la Norv\u00e8ge afin de d\u00e9couvrir Granada avec iNMSOL de 10 \u00e0 16 mars.\" \/>\n<meta name=\"robots\" content=\"index, follow, max-snippet:-1, max-image-preview:large, max-video-preview:-1\" \/>\n<link rel=\"canonical\" href=\"https:\/\/www.inmsol.com\/fr\/blog-fr-fr\/espagnol-pour-les-groupes\/la-norvege-decouvre-granada-graces-a-inmsol\/\" \/>\n<meta property=\"og:locale\" content=\"fr_FR\" \/>\n<meta property=\"og:type\" content=\"article\" \/>\n<meta property=\"og:title\" content=\"La Norv\u00e8ge d\u00e9couvre Grenade gr\u00e2ces \u00e0 iNMSOL\" \/>\n<meta property=\"og:description\" content=\"Comme chaque ann\u00e9e, notre institut re\u00e7oit nombreux \u00e9tudiants du monde entier, la semaine pass\u00e9e ceci a eu lieu encore une fois avec un group d\u2019\u00e9tudiants venant de la Norv\u00e8ge afin de d\u00e9couvrir Granada avec iNMSOL de 10 \u00e0 16 mars.\" \/>\n<meta property=\"og:url\" content=\"https:\/\/www.inmsol.com\/fr\/blog-fr-fr\/espagnol-pour-les-groupes\/la-norvege-decouvre-granada-graces-a-inmsol\/\" \/>\n<meta property=\"og:site_name\" content=\"iNMSOL\" \/>\n<meta property=\"article:publisher\" content=\"https:\/\/www.facebook.com\/spanishcourses\" \/>\n<meta property=\"article:published_time\" content=\"2018-03-27T12:17:30+00:00\" \/>\n<meta property=\"article:modified_time\" content=\"2020-11-30T08:41:16+00:00\" \/>\n<meta property=\"og:image\" content=\"https:\/\/www.inmsol.com\/wp-content\/uploads\/2018\/03\/photo-4-copia-150x150-1.jpg\" \/>\n\t<meta property=\"og:image:width\" content=\"150\" \/>\n\t<meta property=\"og:image:height\" content=\"150\" \/>\n\t<meta property=\"og:image:type\" content=\"image\/jpeg\" \/>\n<meta name=\"author\" content=\"- Instituto Mediterr\u00e1neo Sol\" \/>\n<meta name=\"twitter:label1\" content=\"\u00c9crit par\" \/>\n\t<meta name=\"twitter:data1\" content=\"- Instituto Mediterr\u00e1neo Sol\" \/>\n\t<meta name=\"twitter:label2\" content=\"Dur\u00e9e de lecture estim\u00e9e\" \/>\n\t<meta name=\"twitter:data2\" content=\"2 minutes\" \/>\n<script type=\"application\/ld+json\" class=\"yoast-schema-graph\">{\"@context\":\"https:\\\/\\\/schema.org\",\"@graph\":[{\"@type\":\"Article\",\"@id\":\"https:\\\/\\\/www.inmsol.com\\\/fr\\\/blog-fr-fr\\\/espagnol-pour-les-groupes\\\/la-norvege-decouvre-granada-graces-a-inmsol\\\/#article\",\"isPartOf\":{\"@id\":\"https:\\\/\\\/www.inmsol.com\\\/fr\\\/blog-fr-fr\\\/espagnol-pour-les-groupes\\\/la-norvege-decouvre-granada-graces-a-inmsol\\\/\"},\"author\":{\"name\":\"- Instituto Mediterr\u00e1neo Sol\",\"@id\":\"https:\\\/\\\/www.inmsol.com\\\/fr\\\/#\\\/schema\\\/person\\\/94a7a01d14a56d1fbc49c841ffc57fe9\"},\"headline\":\"La Norv\u00e8ge d\u00e9couvre Grenade gr\u00e2ces \u00e0 iNMSOL\",\"datePublished\":\"2018-03-27T12:17:30+00:00\",\"dateModified\":\"2020-11-30T08:41:16+00:00\",\"mainEntityOfPage\":{\"@id\":\"https:\\\/\\\/www.inmsol.com\\\/fr\\\/blog-fr-fr\\\/espagnol-pour-les-groupes\\\/la-norvege-decouvre-granada-graces-a-inmsol\\\/\"},\"wordCount\":424,\"publisher\":{\"@id\":\"https:\\\/\\\/www.inmsol.com\\\/fr\\\/#organization\"},\"image\":{\"@id\":\"https:\\\/\\\/www.inmsol.com\\\/fr\\\/blog-fr-fr\\\/espagnol-pour-les-groupes\\\/la-norvege-decouvre-granada-graces-a-inmsol\\\/#primaryimage\"},\"thumbnailUrl\":\"https:\\\/\\\/www.inmsol.com\\\/wp-content\\\/uploads\\\/2018\\\/03\\\/photo-4-copia-150x150-1.jpg\",\"articleSection\":[\"Espagnol pour les Groupes\"],\"inLanguage\":\"fr-FR\"},{\"@type\":\"WebPage\",\"@id\":\"https:\\\/\\\/www.inmsol.com\\\/fr\\\/blog-fr-fr\\\/espagnol-pour-les-groupes\\\/la-norvege-decouvre-granada-graces-a-inmsol\\\/\",\"url\":\"https:\\\/\\\/www.inmsol.com\\\/fr\\\/blog-fr-fr\\\/espagnol-pour-les-groupes\\\/la-norvege-decouvre-granada-graces-a-inmsol\\\/\",\"name\":\"La Norv\u00e8ge d\u00e9couvre Grenade gr\u00e2ces \u00e0 iNMSOL\",\"isPartOf\":{\"@id\":\"https:\\\/\\\/www.inmsol.com\\\/fr\\\/#website\"},\"primaryImageOfPage\":{\"@id\":\"https:\\\/\\\/www.inmsol.com\\\/fr\\\/blog-fr-fr\\\/espagnol-pour-les-groupes\\\/la-norvege-decouvre-granada-graces-a-inmsol\\\/#primaryimage\"},\"image\":{\"@id\":\"https:\\\/\\\/www.inmsol.com\\\/fr\\\/blog-fr-fr\\\/espagnol-pour-les-groupes\\\/la-norvege-decouvre-granada-graces-a-inmsol\\\/#primaryimage\"},\"thumbnailUrl\":\"https:\\\/\\\/www.inmsol.com\\\/wp-content\\\/uploads\\\/2018\\\/03\\\/photo-4-copia-150x150-1.jpg\",\"datePublished\":\"2018-03-27T12:17:30+00:00\",\"dateModified\":\"2020-11-30T08:41:16+00:00\",\"description\":\"Comme chaque ann\u00e9e, notre institut re\u00e7oit nombreux \u00e9tudiants du monde entier, la semaine pass\u00e9e ceci a eu lieu encore une fois avec un group d\u2019\u00e9tudiants venant de la Norv\u00e8ge afin de d\u00e9couvrir Granada avec iNMSOL de 10 \u00e0 16 mars.\",\"breadcrumb\":{\"@id\":\"https:\\\/\\\/www.inmsol.com\\\/fr\\\/blog-fr-fr\\\/espagnol-pour-les-groupes\\\/la-norvege-decouvre-granada-graces-a-inmsol\\\/#breadcrumb\"},\"inLanguage\":\"fr-FR\",\"potentialAction\":[{\"@type\":\"ReadAction\",\"target\":[\"https:\\\/\\\/www.inmsol.com\\\/fr\\\/blog-fr-fr\\\/espagnol-pour-les-groupes\\\/la-norvege-decouvre-granada-graces-a-inmsol\\\/\"]}]},{\"@type\":\"ImageObject\",\"inLanguage\":\"fr-FR\",\"@id\":\"https:\\\/\\\/www.inmsol.com\\\/fr\\\/blog-fr-fr\\\/espagnol-pour-les-groupes\\\/la-norvege-decouvre-granada-graces-a-inmsol\\\/#primaryimage\",\"url\":\"https:\\\/\\\/www.inmsol.com\\\/wp-content\\\/uploads\\\/2018\\\/03\\\/photo-4-copia-150x150-1.jpg\",\"contentUrl\":\"https:\\\/\\\/www.inmsol.com\\\/wp-content\\\/uploads\\\/2018\\\/03\\\/photo-4-copia-150x150-1.jpg\",\"width\":150,\"height\":150},{\"@type\":\"BreadcrumbList\",\"@id\":\"https:\\\/\\\/www.inmsol.com\\\/fr\\\/blog-fr-fr\\\/espagnol-pour-les-groupes\\\/la-norvege-decouvre-granada-graces-a-inmsol\\\/#breadcrumb\",\"itemListElement\":[{\"@type\":\"ListItem\",\"position\":1,\"name\":\"Accredited Center by Instituto Cervantes\",\"item\":\"https:\\\/\\\/www.inmsol.com\\\/fr\\\/pagina-ejemplo\\\/\"},{\"@type\":\"ListItem\",\"position\":2,\"name\":\"Blog\",\"item\":\"https:\\\/\\\/www.inmsol.com\\\/fr\\\/category\\\/blog-fr-fr\\\/\"},{\"@type\":\"ListItem\",\"position\":3,\"name\":\"Espagnol pour les Groupes\",\"item\":\"https:\\\/\\\/www.inmsol.com\\\/fr\\\/category\\\/blog-fr-fr\\\/espagnol-pour-les-groupes\\\/\"},{\"@type\":\"ListItem\",\"position\":4,\"name\":\"La Norv\u00e8ge d\u00e9couvre Grenade gr\u00e2ces \u00e0 iNMSOL\"}]},{\"@type\":\"WebSite\",\"@id\":\"https:\\\/\\\/www.inmsol.com\\\/fr\\\/#website\",\"url\":\"https:\\\/\\\/www.inmsol.com\\\/fr\\\/\",\"name\":\"iNMSOL\",\"description\":\"Apprenez l'espagnol avec nous - Centre de formation affili\u00e9 \u00e0 l'Institute Cervantes\",\"publisher\":{\"@id\":\"https:\\\/\\\/www.inmsol.com\\\/fr\\\/#organization\"},\"potentialAction\":[{\"@type\":\"SearchAction\",\"target\":{\"@type\":\"EntryPoint\",\"urlTemplate\":\"https:\\\/\\\/www.inmsol.com\\\/fr\\\/?s={search_term_string}\"},\"query-input\":{\"@type\":\"PropertyValueSpecification\",\"valueRequired\":true,\"valueName\":\"search_term_string\"}}],\"inLanguage\":\"fr-FR\"},{\"@type\":\"Organization\",\"@id\":\"https:\\\/\\\/www.inmsol.com\\\/fr\\\/#organization\",\"name\":\"Instituto Mediterr\u00e1neo Sol\",\"url\":\"https:\\\/\\\/www.inmsol.com\\\/fr\\\/\",\"logo\":{\"@type\":\"ImageObject\",\"inLanguage\":\"fr-FR\",\"@id\":\"https:\\\/\\\/www.inmsol.com\\\/fr\\\/#\\\/schema\\\/logo\\\/image\\\/\",\"url\":\"https:\\\/\\\/www.inmsol.com\\\/wp-content\\\/uploads\\\/2023\\\/06\\\/logo-inmsol-1.png\",\"contentUrl\":\"https:\\\/\\\/www.inmsol.com\\\/wp-content\\\/uploads\\\/2023\\\/06\\\/logo-inmsol-1.png\",\"width\":136,\"height\":73,\"caption\":\"Instituto Mediterr\u00e1neo Sol\"},\"image\":{\"@id\":\"https:\\\/\\\/www.inmsol.com\\\/fr\\\/#\\\/schema\\\/logo\\\/image\\\/\"},\"sameAs\":[\"https:\\\/\\\/www.facebook.com\\\/spanishcourses\",\"https:\\\/\\\/x.com\\\/StudyInGranada\",\"http:\\\/\\\/instagram.com\\\/imsolgranada\",\"https:\\\/\\\/es.linkedin.com\\\/company\\\/imsol-granada\",\"https:\\\/\\\/www.pinterest.es\\\/inmsol\\\/\",\"https:\\\/\\\/www.youtube.com\\\/channel\\\/UChz-Qn_7coFMosY85iYMO4g\"]},{\"@type\":\"Person\",\"@id\":\"https:\\\/\\\/www.inmsol.com\\\/fr\\\/#\\\/schema\\\/person\\\/94a7a01d14a56d1fbc49c841ffc57fe9\",\"name\":\"- Instituto Mediterr\u00e1neo Sol\",\"image\":{\"@type\":\"ImageObject\",\"inLanguage\":\"fr-FR\",\"@id\":\"https:\\\/\\\/secure.gravatar.com\\\/avatar\\\/5607fdabdf1b548b6095cc3d43079829bc1497403e70dd34004e7204a8fef62b?s=96&d=mm&r=g\",\"url\":\"https:\\\/\\\/secure.gravatar.com\\\/avatar\\\/5607fdabdf1b548b6095cc3d43079829bc1497403e70dd34004e7204a8fef62b?s=96&d=mm&r=g\",\"contentUrl\":\"https:\\\/\\\/secure.gravatar.com\\\/avatar\\\/5607fdabdf1b548b6095cc3d43079829bc1497403e70dd34004e7204a8fef62b?s=96&d=mm&r=g\",\"caption\":\"- Instituto Mediterr\u00e1neo Sol\"},\"url\":\"https:\\\/\\\/www.inmsol.com\\\/fr\\\/author\\\/laura\\\/\"}]}<\/script>\n<!-- \/ Yoast SEO plugin. -->","yoast_head_json":{"title":"La Norv\u00e8ge d\u00e9couvre Grenade gr\u00e2ces \u00e0 iNMSOL","description":"Comme chaque ann\u00e9e, notre institut re\u00e7oit nombreux \u00e9tudiants du monde entier, la semaine pass\u00e9e ceci a eu lieu encore une fois avec un group d\u2019\u00e9tudiants venant de la Norv\u00e8ge afin de d\u00e9couvrir Granada avec iNMSOL de 10 \u00e0 16 mars.","robots":{"index":"index","follow":"follow","max-snippet":"max-snippet:-1","max-image-preview":"max-image-preview:large","max-video-preview":"max-video-preview:-1"},"canonical":"https:\/\/www.inmsol.com\/fr\/blog-fr-fr\/espagnol-pour-les-groupes\/la-norvege-decouvre-granada-graces-a-inmsol\/","og_locale":"fr_FR","og_type":"article","og_title":"La Norv\u00e8ge d\u00e9couvre Grenade gr\u00e2ces \u00e0 iNMSOL","og_description":"Comme chaque ann\u00e9e, notre institut re\u00e7oit nombreux \u00e9tudiants du monde entier, la semaine pass\u00e9e ceci a eu lieu encore une fois avec un group d\u2019\u00e9tudiants venant de la Norv\u00e8ge afin de d\u00e9couvrir Granada avec iNMSOL de 10 \u00e0 16 mars.","og_url":"https:\/\/www.inmsol.com\/fr\/blog-fr-fr\/espagnol-pour-les-groupes\/la-norvege-decouvre-granada-graces-a-inmsol\/","og_site_name":"iNMSOL","article_publisher":"https:\/\/www.facebook.com\/spanishcourses","article_published_time":"2018-03-27T12:17:30+00:00","article_modified_time":"2020-11-30T08:41:16+00:00","og_image":[{"width":150,"height":150,"url":"https:\/\/www.inmsol.com\/wp-content\/uploads\/2018\/03\/photo-4-copia-150x150-1.jpg","type":"image\/jpeg"}],"author":"- Instituto Mediterr\u00e1neo Sol","twitter_misc":{"\u00c9crit par":"- Instituto Mediterr\u00e1neo Sol","Dur\u00e9e de lecture estim\u00e9e":"2 minutes"},"schema":{"@context":"https:\/\/schema.org","@graph":[{"@type":"Article","@id":"https:\/\/www.inmsol.com\/fr\/blog-fr-fr\/espagnol-pour-les-groupes\/la-norvege-decouvre-granada-graces-a-inmsol\/#article","isPartOf":{"@id":"https:\/\/www.inmsol.com\/fr\/blog-fr-fr\/espagnol-pour-les-groupes\/la-norvege-decouvre-granada-graces-a-inmsol\/"},"author":{"name":"- Instituto Mediterr\u00e1neo Sol","@id":"https:\/\/www.inmsol.com\/fr\/#\/schema\/person\/94a7a01d14a56d1fbc49c841ffc57fe9"},"headline":"La Norv\u00e8ge d\u00e9couvre Grenade gr\u00e2ces \u00e0 iNMSOL","datePublished":"2018-03-27T12:17:30+00:00","dateModified":"2020-11-30T08:41:16+00:00","mainEntityOfPage":{"@id":"https:\/\/www.inmsol.com\/fr\/blog-fr-fr\/espagnol-pour-les-groupes\/la-norvege-decouvre-granada-graces-a-inmsol\/"},"wordCount":424,"publisher":{"@id":"https:\/\/www.inmsol.com\/fr\/#organization"},"image":{"@id":"https:\/\/www.inmsol.com\/fr\/blog-fr-fr\/espagnol-pour-les-groupes\/la-norvege-decouvre-granada-graces-a-inmsol\/#primaryimage"},"thumbnailUrl":"https:\/\/www.inmsol.com\/wp-content\/uploads\/2018\/03\/photo-4-copia-150x150-1.jpg","articleSection":["Espagnol pour les Groupes"],"inLanguage":"fr-FR"},{"@type":"WebPage","@id":"https:\/\/www.inmsol.com\/fr\/blog-fr-fr\/espagnol-pour-les-groupes\/la-norvege-decouvre-granada-graces-a-inmsol\/","url":"https:\/\/www.inmsol.com\/fr\/blog-fr-fr\/espagnol-pour-les-groupes\/la-norvege-decouvre-granada-graces-a-inmsol\/","name":"La Norv\u00e8ge d\u00e9couvre Grenade gr\u00e2ces \u00e0 iNMSOL","isPartOf":{"@id":"https:\/\/www.inmsol.com\/fr\/#website"},"primaryImageOfPage":{"@id":"https:\/\/www.inmsol.com\/fr\/blog-fr-fr\/espagnol-pour-les-groupes\/la-norvege-decouvre-granada-graces-a-inmsol\/#primaryimage"},"image":{"@id":"https:\/\/www.inmsol.com\/fr\/blog-fr-fr\/espagnol-pour-les-groupes\/la-norvege-decouvre-granada-graces-a-inmsol\/#primaryimage"},"thumbnailUrl":"https:\/\/www.inmsol.com\/wp-content\/uploads\/2018\/03\/photo-4-copia-150x150-1.jpg","datePublished":"2018-03-27T12:17:30+00:00","dateModified":"2020-11-30T08:41:16+00:00","description":"Comme chaque ann\u00e9e, notre institut re\u00e7oit nombreux \u00e9tudiants du monde entier, la semaine pass\u00e9e ceci a eu lieu encore une fois avec un group d\u2019\u00e9tudiants venant de la Norv\u00e8ge afin de d\u00e9couvrir Granada avec iNMSOL de 10 \u00e0 16 mars.","breadcrumb":{"@id":"https:\/\/www.inmsol.com\/fr\/blog-fr-fr\/espagnol-pour-les-groupes\/la-norvege-decouvre-granada-graces-a-inmsol\/#breadcrumb"},"inLanguage":"fr-FR","potentialAction":[{"@type":"ReadAction","target":["https:\/\/www.inmsol.com\/fr\/blog-fr-fr\/espagnol-pour-les-groupes\/la-norvege-decouvre-granada-graces-a-inmsol\/"]}]},{"@type":"ImageObject","inLanguage":"fr-FR","@id":"https:\/\/www.inmsol.com\/fr\/blog-fr-fr\/espagnol-pour-les-groupes\/la-norvege-decouvre-granada-graces-a-inmsol\/#primaryimage","url":"https:\/\/www.inmsol.com\/wp-content\/uploads\/2018\/03\/photo-4-copia-150x150-1.jpg","contentUrl":"https:\/\/www.inmsol.com\/wp-content\/uploads\/2018\/03\/photo-4-copia-150x150-1.jpg","width":150,"height":150},{"@type":"BreadcrumbList","@id":"https:\/\/www.inmsol.com\/fr\/blog-fr-fr\/espagnol-pour-les-groupes\/la-norvege-decouvre-granada-graces-a-inmsol\/#breadcrumb","itemListElement":[{"@type":"ListItem","position":1,"name":"Accredited Center by Instituto Cervantes","item":"https:\/\/www.inmsol.com\/fr\/pagina-ejemplo\/"},{"@type":"ListItem","position":2,"name":"Blog","item":"https:\/\/www.inmsol.com\/fr\/category\/blog-fr-fr\/"},{"@type":"ListItem","position":3,"name":"Espagnol pour les Groupes","item":"https:\/\/www.inmsol.com\/fr\/category\/blog-fr-fr\/espagnol-pour-les-groupes\/"},{"@type":"ListItem","position":4,"name":"La Norv\u00e8ge d\u00e9couvre Grenade gr\u00e2ces \u00e0 iNMSOL"}]},{"@type":"WebSite","@id":"https:\/\/www.inmsol.com\/fr\/#website","url":"https:\/\/www.inmsol.com\/fr\/","name":"iNMSOL","description":"Apprenez l'espagnol avec nous - Centre de formation affili\u00e9 \u00e0 l'Institute Cervantes","publisher":{"@id":"https:\/\/www.inmsol.com\/fr\/#organization"},"potentialAction":[{"@type":"SearchAction","target":{"@type":"EntryPoint","urlTemplate":"https:\/\/www.inmsol.com\/fr\/?s={search_term_string}"},"query-input":{"@type":"PropertyValueSpecification","valueRequired":true,"valueName":"search_term_string"}}],"inLanguage":"fr-FR"},{"@type":"Organization","@id":"https:\/\/www.inmsol.com\/fr\/#organization","name":"Instituto Mediterr\u00e1neo Sol","url":"https:\/\/www.inmsol.com\/fr\/","logo":{"@type":"ImageObject","inLanguage":"fr-FR","@id":"https:\/\/www.inmsol.com\/fr\/#\/schema\/logo\/image\/","url":"https:\/\/www.inmsol.com\/wp-content\/uploads\/2023\/06\/logo-inmsol-1.png","contentUrl":"https:\/\/www.inmsol.com\/wp-content\/uploads\/2023\/06\/logo-inmsol-1.png","width":136,"height":73,"caption":"Instituto Mediterr\u00e1neo Sol"},"image":{"@id":"https:\/\/www.inmsol.com\/fr\/#\/schema\/logo\/image\/"},"sameAs":["https:\/\/www.facebook.com\/spanishcourses","https:\/\/x.com\/StudyInGranada","http:\/\/instagram.com\/imsolgranada","https:\/\/es.linkedin.com\/company\/imsol-granada","https:\/\/www.pinterest.es\/inmsol\/","https:\/\/www.youtube.com\/channel\/UChz-Qn_7coFMosY85iYMO4g"]},{"@type":"Person","@id":"https:\/\/www.inmsol.com\/fr\/#\/schema\/person\/94a7a01d14a56d1fbc49c841ffc57fe9","name":"- Instituto Mediterr\u00e1neo Sol","image":{"@type":"ImageObject","inLanguage":"fr-FR","@id":"https:\/\/secure.gravatar.com\/avatar\/5607fdabdf1b548b6095cc3d43079829bc1497403e70dd34004e7204a8fef62b?s=96&d=mm&r=g","url":"https:\/\/secure.gravatar.com\/avatar\/5607fdabdf1b548b6095cc3d43079829bc1497403e70dd34004e7204a8fef62b?s=96&d=mm&r=g","contentUrl":"https:\/\/secure.gravatar.com\/avatar\/5607fdabdf1b548b6095cc3d43079829bc1497403e70dd34004e7204a8fef62b?s=96&d=mm&r=g","caption":"- Instituto Mediterr\u00e1neo Sol"},"url":"https:\/\/www.inmsol.com\/fr\/author\/laura\/"}]}},"_links":{"self":[{"href":"https:\/\/www.inmsol.com\/fr\/wp-json\/wp\/v2\/posts\/34754","targetHints":{"allow":["GET"]}}],"collection":[{"href":"https:\/\/www.inmsol.com\/fr\/wp-json\/wp\/v2\/posts"}],"about":[{"href":"https:\/\/www.inmsol.com\/fr\/wp-json\/wp\/v2\/types\/post"}],"author":[{"embeddable":true,"href":"https:\/\/www.inmsol.com\/fr\/wp-json\/wp\/v2\/users\/3"}],"replies":[{"embeddable":true,"href":"https:\/\/www.inmsol.com\/fr\/wp-json\/wp\/v2\/comments?post=34754"}],"version-history":[{"count":0,"href":"https:\/\/www.inmsol.com\/fr\/wp-json\/wp\/v2\/posts\/34754\/revisions"}],"wp:featuredmedia":[{"embeddable":true,"href":"https:\/\/www.inmsol.com\/fr\/wp-json\/wp\/v2\/media\/35675"}],"wp:attachment":[{"href":"https:\/\/www.inmsol.com\/fr\/wp-json\/wp\/v2\/media?parent=34754"}],"wp:term":[{"taxonomy":"category","embeddable":true,"href":"https:\/\/www.inmsol.com\/fr\/wp-json\/wp\/v2\/categories?post=34754"},{"taxonomy":"post_tag","embeddable":true,"href":"https:\/\/www.inmsol.com\/fr\/wp-json\/wp\/v2\/tags?post=34754"}],"curies":[{"name":"wp","href":"https:\/\/api.w.org\/{rel}","templated":true}]}}