{"id":35274,"date":"2018-04-23T17:38:33","date_gmt":"2018-04-23T15:38:33","guid":{"rendered":"https:\/\/www.inmsol.com\/blog-fr-fr\/joyeuse-journee-mondiale-du-livre-2018\/"},"modified":"2021-09-29T09:44:53","modified_gmt":"2021-09-29T07:44:53","slug":"joyeuse-journee-mondiale-du-livre-2018","status":"publish","type":"post","link":"https:\/\/www.inmsol.com\/fr\/blog-fr-fr\/events-in-granada-fr-fr-fr\/joyeuse-journee-mondiale-du-livre-2018\/","title":{"rendered":"Joyeuse Journ\u00e9e mondiale du livre 2018"},"content":{"rendered":"<p>Lundi 23 Avril dans le monde entier c\u2019est la journ\u00e9e internationale du Livre et du droit de L\u2019auteur, bien \u00e9videment Grenade sera pr\u00eate \u00e0 se plonger dans l\u2019esprit de cette journ\u00e9e culturelle en proposant un programme dont le protagoniste est le moyen de communication par excellence.<\/p>\n<h3>Origine de la Journ\u00e9e du Livre et le Droit de L&rsquo;Auteur<\/h3>\n<p><img fetchpriority=\"high\" decoding=\"async\" class=\"alignnone size-full wp-image-35263\" src=\"https:\/\/www.inmsol.com\/wp-content\/uploads\/2018\/04\/23-abril-b.jpg\" alt=\"\" width=\"550\" height=\"367\" srcset=\"https:\/\/www.inmsol.com\/wp-content\/uploads\/2018\/04\/23-abril-b.jpg 550w, https:\/\/www.inmsol.com\/wp-content\/uploads\/2018\/04\/23-abril-b-64x43.jpg 64w, https:\/\/www.inmsol.com\/wp-content\/uploads\/2018\/04\/23-abril-b-450x300.jpg 450w, https:\/\/www.inmsol.com\/wp-content\/uploads\/2018\/04\/23-abril-b-250x167.jpg 250w\" sizes=\"(max-width: 550px) 100vw, 550px\" \/><\/p>\n<p><a href=\"https:\/\/www.diadellibro.eu\/origenes-dia-del-libro.html\">L&rsquo;Origine de la journ\u00e9e du Livre<\/a> remonte \u00e0 6 F\u00e9vrier 1926, lorsque le roi Afonso XIII D\u2019Espagne a sign\u00e9 le D\u00e9cret Royale de la journ\u00e9e du livre, \u00e9crit par l\u2019\u00e9crivain valencien <a href=\"https:\/\/www.diadellibro.eu\/vicente-clavel.html\">Vicente Clavel Andr\u00e9s en Catalogne<\/a>.<\/p>\n<p>M\u00eame sachant que lors de cette ann\u00e9e et les suivants cet \u00e9v\u00e8nement culturel ait c\u00e9l\u00e9br\u00e9 le 7 Octobre, \u00e0 partir de 1930 le 23 Avril a \u00e9t\u00e9 d\u00e9finitivement choisie comme la Journ\u00e9e mondiale du Livre. Jour de <a href=\"https:\/\/www.diadellibro.eu\/sant-jordi\/\">Saint Jordi<\/a> (patron de Catalogne et d\u2019autres pays comme Angleterre et Portugal) jour du d\u00e9c\u00e8s des \u00e9crivains Miguel de Cervantes, william Shakespeare et Inca Garcilaso de la Vega en 1616.<\/p>\n<p>Pour cela en 1995 suite \u00e0 la proposition de l\u2019UTE et du gouvernement espagnol, l\u2019UNESCO a fix\u00e9 cette date symbolique de la litt\u00e9rature comme date officielle pour c\u00e9l\u00e9brer la Journ\u00e9e du livre et du droit d\u2019auteur, afin de rendre hommage au livres et les auteurs dans le monde entier , du surcro\u00eet souligner l\u2019importance de la lecture surtout pour les jeunes.<\/p>\n<p>&nbsp;<\/p>\n<p>Selon la tradition, dans ce jour sp\u00e9cial en particulier dans les villes catalanes comme Barcelone, les amoureux et les amis proches \u00e9changent des livres et des roses rouges. Pour cette raison, souvent ce jour est aussi connu comme le jour du livre et de la rose.<\/p>\n<h3>La 37<sup>\u00e8me<\/sup> Foire du Livre de Grenade<\/h3>\n<p><img decoding=\"async\" class=\"alignnone size-full wp-image-54064\" src=\"https:\/\/www.inmsol.com\/wp-content\/uploads\/2018\/04\/flg_docu-624x316.jpg\" alt=\"\" width=\"624\" height=\"316\" srcset=\"https:\/\/www.inmsol.com\/wp-content\/uploads\/2018\/04\/flg_docu-624x316.jpg 624w, https:\/\/www.inmsol.com\/wp-content\/uploads\/2018\/04\/flg_docu-624x316-64x32.jpg 64w, https:\/\/www.inmsol.com\/wp-content\/uploads\/2018\/04\/flg_docu-624x316-600x304.jpg 600w, https:\/\/www.inmsol.com\/wp-content\/uploads\/2018\/04\/flg_docu-624x316-460x233.jpg 460w, https:\/\/www.inmsol.com\/wp-content\/uploads\/2018\/04\/flg_docu-624x316-250x127.jpg 250w\" sizes=\"(max-width: 624px) 100vw, 624px\" \/><\/p>\n<p>La <a href=\"http:\/\/www.ferialibrogranada.org\/\">37<sup>\u00e8me<\/sup> foire du livre de Grenade<\/a> a commenc\u00e9 le 20 avril et aura lieu jusqu\u2019au 29 Avril, avec des expositions, activit\u00e9s et plus de 250 actes sur le th\u00e8me \u00ab Personnages fictifs\u00a0\u00bb qui seront protagonistes de l\u2019\u00e9dition de cette ann\u00e9e qui compte environ 150 auteurs impliqu\u00e9s dans des pr\u00e9sentations, des conf\u00e9rences et des lecteurs publiques.<\/p>\n<p>En parcourant la Carrera de la Virgen, de la Fuente de las Batallas \u00e0 la Fuente de las Granadas, vous trouverez des exposants qui seront ouverts du Lundi au Jeudi de 11h 00 \u00e0 14h30 et de 17h30 \u00e0 21h30. Les vendredis de 11h00 \u00e0 14h300 et de 17h30 \u00e0 22h00, pour samedi et Dimanche de 11h00 \u00e0\u00a0 15h00 et de 17h30 jusqu\u2019\u00e0 22h00.<\/p>\n<p>D\u2019ailleurs \u00e0 travers le site officiel de la Foire vous pouvez acc\u00e9der \u00e0 des informations utiles sur la programmation sp\u00e9cifique des cycles organis\u00e9s, tels que Lorca, Mort d\u2019un po\u00e8te, Grenade Inspira, l\u2019exposition Ast\u00e9rix et Ob\u00e9lix, promenades litt\u00e9raires et un programme pour enfants.<\/p>\n<p>Il faut avoir en compte qu\u2019\u00e0 propos du cycle culture des Livres, suit l\u2019achat d\u2019un livre d\u2019une valeur sup\u00e9rieure \u00e0 12 euros) dans n\u2019importe quel stand de la #FLG2018, l\u2019acheteur pourras obtenir des billets pour des spectacles et des lieux touristiques. Pour en savoir plus sur la programmation, cliquez ici.<\/p>\n<p>Quoi qu\u2019il en soit, participez au concours de selfie de fiction pour gagner un lot de livres.<\/p>\n<p>Si jamais vous \u00e9tudiez \u00e0 <a href=\"https:\/\/www.inmsol.com\/fr\/granada\/\">Grenade<\/a> en ce moment ou si vous \u00eates passionn\u00e9 de livres et litt\u00e9rature, ne manquez pas cet \u00e9v\u00e9nement afin de profiter d\u2019une des semaines Grenadines consacr\u00e9s \u00e0 la culture plus importantes de toute l\u2019ann\u00e9e!<\/p>\n","protected":false},"excerpt":{"rendered":"<p>Du 20 au 29 Avril, Grenade c\u00e9l\u00e8bre la Journ\u00e9e du livre et du droit de l\u2019auteur 2018 avec un programme consacr\u00e9 aux livres, \u00e9crivains et \u00e0 litt\u00e9rature. <\/p>\n","protected":false},"author":3,"featured_media":35538,"comment_status":"closed","ping_status":"closed","sticky":false,"template":"","format":"standard","meta":{"_acf_changed":false,"footnotes":""},"categories":[99],"tags":[],"class_list":["post-35274","post","type-post","status-publish","format-standard","has-post-thumbnail","hentry","category-events-in-granada-fr-fr-fr"],"acf":[],"yoast_head":"<!-- This site is optimized with the Yoast SEO plugin v27.5 - https:\/\/yoast.com\/product\/yoast-seo-wordpress\/ -->\n<title>Joyeuse Journ\u00e9e mondiale du livre 2018 &#8226; iNMSOL<\/title>\n<meta name=\"robots\" content=\"index, follow, max-snippet:-1, max-image-preview:large, max-video-preview:-1\" \/>\n<link rel=\"canonical\" href=\"https:\/\/www.inmsol.com\/fr\/blog-fr-fr\/events-in-granada-fr-fr-fr\/joyeuse-journee-mondiale-du-livre-2018\/\" \/>\n<meta property=\"og:locale\" content=\"fr_FR\" \/>\n<meta property=\"og:type\" content=\"article\" \/>\n<meta property=\"og:title\" content=\"Joyeuse Journ\u00e9e mondiale du livre 2018 &#8226; iNMSOL\" \/>\n<meta property=\"og:description\" content=\"Du 20 au 29 Avril, Grenade c\u00e9l\u00e8bre la Journ\u00e9e du livre et du droit de l\u2019auteur 2018 avec un programme consacr\u00e9 aux livres, \u00e9crivains et \u00e0 litt\u00e9rature.\" \/>\n<meta property=\"og:url\" content=\"https:\/\/www.inmsol.com\/fr\/blog-fr-fr\/events-in-granada-fr-fr-fr\/joyeuse-journee-mondiale-du-livre-2018\/\" \/>\n<meta property=\"og:site_name\" content=\"iNMSOL\" \/>\n<meta property=\"article:publisher\" content=\"https:\/\/www.facebook.com\/spanishcourses\" \/>\n<meta property=\"article:published_time\" content=\"2018-04-23T15:38:33+00:00\" \/>\n<meta property=\"article:modified_time\" content=\"2021-09-29T07:44:53+00:00\" \/>\n<meta property=\"og:image\" content=\"https:\/\/www.inmsol.com\/wp-content\/uploads\/2018\/04\/30742968_10155398068937823_7217452005579554816_n-150x150-1.jpg\" \/>\n\t<meta property=\"og:image:width\" content=\"150\" \/>\n\t<meta property=\"og:image:height\" content=\"150\" \/>\n\t<meta property=\"og:image:type\" content=\"image\/jpeg\" \/>\n<meta name=\"author\" content=\"- Instituto Mediterr\u00e1neo Sol\" \/>\n<meta name=\"twitter:label1\" content=\"\u00c9crit par\" \/>\n\t<meta name=\"twitter:data1\" content=\"- Instituto Mediterr\u00e1neo Sol\" \/>\n\t<meta name=\"twitter:label2\" content=\"Dur\u00e9e de lecture estim\u00e9e\" \/>\n\t<meta name=\"twitter:data2\" content=\"3 minutes\" \/>\n<script type=\"application\/ld+json\" class=\"yoast-schema-graph\">{\"@context\":\"https:\\\/\\\/schema.org\",\"@graph\":[{\"@type\":\"Article\",\"@id\":\"https:\\\/\\\/www.inmsol.com\\\/fr\\\/blog-fr-fr\\\/events-in-granada-fr-fr-fr\\\/joyeuse-journee-mondiale-du-livre-2018\\\/#article\",\"isPartOf\":{\"@id\":\"https:\\\/\\\/www.inmsol.com\\\/fr\\\/blog-fr-fr\\\/events-in-granada-fr-fr-fr\\\/joyeuse-journee-mondiale-du-livre-2018\\\/\"},\"author\":{\"name\":\"- Instituto Mediterr\u00e1neo Sol\",\"@id\":\"https:\\\/\\\/www.inmsol.com\\\/fr\\\/#\\\/schema\\\/person\\\/94a7a01d14a56d1fbc49c841ffc57fe9\"},\"headline\":\"Joyeuse Journ\u00e9e mondiale du livre 2018\",\"datePublished\":\"2018-04-23T15:38:33+00:00\",\"dateModified\":\"2021-09-29T07:44:53+00:00\",\"mainEntityOfPage\":{\"@id\":\"https:\\\/\\\/www.inmsol.com\\\/fr\\\/blog-fr-fr\\\/events-in-granada-fr-fr-fr\\\/joyeuse-journee-mondiale-du-livre-2018\\\/\"},\"wordCount\":585,\"publisher\":{\"@id\":\"https:\\\/\\\/www.inmsol.com\\\/fr\\\/#organization\"},\"image\":{\"@id\":\"https:\\\/\\\/www.inmsol.com\\\/fr\\\/blog-fr-fr\\\/events-in-granada-fr-fr-fr\\\/joyeuse-journee-mondiale-du-livre-2018\\\/#primaryimage\"},\"thumbnailUrl\":\"https:\\\/\\\/www.inmsol.com\\\/wp-content\\\/uploads\\\/2018\\\/04\\\/30742968_10155398068937823_7217452005579554816_n-150x150-1.jpg\",\"articleSection\":[\"\u00c9v\u00e9nements \u00e0 Grenade\"],\"inLanguage\":\"fr-FR\"},{\"@type\":\"WebPage\",\"@id\":\"https:\\\/\\\/www.inmsol.com\\\/fr\\\/blog-fr-fr\\\/events-in-granada-fr-fr-fr\\\/joyeuse-journee-mondiale-du-livre-2018\\\/\",\"url\":\"https:\\\/\\\/www.inmsol.com\\\/fr\\\/blog-fr-fr\\\/events-in-granada-fr-fr-fr\\\/joyeuse-journee-mondiale-du-livre-2018\\\/\",\"name\":\"Joyeuse Journ\u00e9e mondiale du livre 2018 &#8226; iNMSOL\",\"isPartOf\":{\"@id\":\"https:\\\/\\\/www.inmsol.com\\\/fr\\\/#website\"},\"primaryImageOfPage\":{\"@id\":\"https:\\\/\\\/www.inmsol.com\\\/fr\\\/blog-fr-fr\\\/events-in-granada-fr-fr-fr\\\/joyeuse-journee-mondiale-du-livre-2018\\\/#primaryimage\"},\"image\":{\"@id\":\"https:\\\/\\\/www.inmsol.com\\\/fr\\\/blog-fr-fr\\\/events-in-granada-fr-fr-fr\\\/joyeuse-journee-mondiale-du-livre-2018\\\/#primaryimage\"},\"thumbnailUrl\":\"https:\\\/\\\/www.inmsol.com\\\/wp-content\\\/uploads\\\/2018\\\/04\\\/30742968_10155398068937823_7217452005579554816_n-150x150-1.jpg\",\"datePublished\":\"2018-04-23T15:38:33+00:00\",\"dateModified\":\"2021-09-29T07:44:53+00:00\",\"breadcrumb\":{\"@id\":\"https:\\\/\\\/www.inmsol.com\\\/fr\\\/blog-fr-fr\\\/events-in-granada-fr-fr-fr\\\/joyeuse-journee-mondiale-du-livre-2018\\\/#breadcrumb\"},\"inLanguage\":\"fr-FR\",\"potentialAction\":[{\"@type\":\"ReadAction\",\"target\":[\"https:\\\/\\\/www.inmsol.com\\\/fr\\\/blog-fr-fr\\\/events-in-granada-fr-fr-fr\\\/joyeuse-journee-mondiale-du-livre-2018\\\/\"]}]},{\"@type\":\"ImageObject\",\"inLanguage\":\"fr-FR\",\"@id\":\"https:\\\/\\\/www.inmsol.com\\\/fr\\\/blog-fr-fr\\\/events-in-granada-fr-fr-fr\\\/joyeuse-journee-mondiale-du-livre-2018\\\/#primaryimage\",\"url\":\"https:\\\/\\\/www.inmsol.com\\\/wp-content\\\/uploads\\\/2018\\\/04\\\/30742968_10155398068937823_7217452005579554816_n-150x150-1.jpg\",\"contentUrl\":\"https:\\\/\\\/www.inmsol.com\\\/wp-content\\\/uploads\\\/2018\\\/04\\\/30742968_10155398068937823_7217452005579554816_n-150x150-1.jpg\",\"width\":150,\"height\":150},{\"@type\":\"BreadcrumbList\",\"@id\":\"https:\\\/\\\/www.inmsol.com\\\/fr\\\/blog-fr-fr\\\/events-in-granada-fr-fr-fr\\\/joyeuse-journee-mondiale-du-livre-2018\\\/#breadcrumb\",\"itemListElement\":[{\"@type\":\"ListItem\",\"position\":1,\"name\":\"Accredited Center by Instituto Cervantes\",\"item\":\"https:\\\/\\\/www.inmsol.com\\\/fr\\\/pagina-ejemplo\\\/\"},{\"@type\":\"ListItem\",\"position\":2,\"name\":\"Blog\",\"item\":\"https:\\\/\\\/www.inmsol.com\\\/fr\\\/category\\\/blog-fr-fr\\\/\"},{\"@type\":\"ListItem\",\"position\":3,\"name\":\"\u00c9v\u00e9nements \u00e0 Grenade\",\"item\":\"https:\\\/\\\/www.inmsol.com\\\/fr\\\/category\\\/blog-fr-fr\\\/events-in-granada-fr-fr-fr\\\/\"},{\"@type\":\"ListItem\",\"position\":4,\"name\":\"Joyeuse Journ\u00e9e mondiale du livre 2018\"}]},{\"@type\":\"WebSite\",\"@id\":\"https:\\\/\\\/www.inmsol.com\\\/fr\\\/#website\",\"url\":\"https:\\\/\\\/www.inmsol.com\\\/fr\\\/\",\"name\":\"iNMSOL\",\"description\":\"Apprenez l'espagnol avec nous - Centre de formation affili\u00e9 \u00e0 l'Institute Cervantes\",\"publisher\":{\"@id\":\"https:\\\/\\\/www.inmsol.com\\\/fr\\\/#organization\"},\"potentialAction\":[{\"@type\":\"SearchAction\",\"target\":{\"@type\":\"EntryPoint\",\"urlTemplate\":\"https:\\\/\\\/www.inmsol.com\\\/fr\\\/?s={search_term_string}\"},\"query-input\":{\"@type\":\"PropertyValueSpecification\",\"valueRequired\":true,\"valueName\":\"search_term_string\"}}],\"inLanguage\":\"fr-FR\"},{\"@type\":\"Organization\",\"@id\":\"https:\\\/\\\/www.inmsol.com\\\/fr\\\/#organization\",\"name\":\"Instituto Mediterr\u00e1neo Sol\",\"url\":\"https:\\\/\\\/www.inmsol.com\\\/fr\\\/\",\"logo\":{\"@type\":\"ImageObject\",\"inLanguage\":\"fr-FR\",\"@id\":\"https:\\\/\\\/www.inmsol.com\\\/fr\\\/#\\\/schema\\\/logo\\\/image\\\/\",\"url\":\"https:\\\/\\\/www.inmsol.com\\\/wp-content\\\/uploads\\\/2023\\\/06\\\/logo-inmsol-1.png\",\"contentUrl\":\"https:\\\/\\\/www.inmsol.com\\\/wp-content\\\/uploads\\\/2023\\\/06\\\/logo-inmsol-1.png\",\"width\":136,\"height\":73,\"caption\":\"Instituto Mediterr\u00e1neo Sol\"},\"image\":{\"@id\":\"https:\\\/\\\/www.inmsol.com\\\/fr\\\/#\\\/schema\\\/logo\\\/image\\\/\"},\"sameAs\":[\"https:\\\/\\\/www.facebook.com\\\/spanishcourses\",\"https:\\\/\\\/x.com\\\/StudyInGranada\",\"http:\\\/\\\/instagram.com\\\/imsolgranada\",\"https:\\\/\\\/es.linkedin.com\\\/company\\\/imsol-granada\",\"https:\\\/\\\/www.pinterest.es\\\/inmsol\\\/\",\"https:\\\/\\\/www.youtube.com\\\/channel\\\/UChz-Qn_7coFMosY85iYMO4g\"]},{\"@type\":\"Person\",\"@id\":\"https:\\\/\\\/www.inmsol.com\\\/fr\\\/#\\\/schema\\\/person\\\/94a7a01d14a56d1fbc49c841ffc57fe9\",\"name\":\"- Instituto Mediterr\u00e1neo Sol\",\"image\":{\"@type\":\"ImageObject\",\"inLanguage\":\"fr-FR\",\"@id\":\"https:\\\/\\\/secure.gravatar.com\\\/avatar\\\/5607fdabdf1b548b6095cc3d43079829bc1497403e70dd34004e7204a8fef62b?s=96&d=mm&r=g\",\"url\":\"https:\\\/\\\/secure.gravatar.com\\\/avatar\\\/5607fdabdf1b548b6095cc3d43079829bc1497403e70dd34004e7204a8fef62b?s=96&d=mm&r=g\",\"contentUrl\":\"https:\\\/\\\/secure.gravatar.com\\\/avatar\\\/5607fdabdf1b548b6095cc3d43079829bc1497403e70dd34004e7204a8fef62b?s=96&d=mm&r=g\",\"caption\":\"- Instituto Mediterr\u00e1neo Sol\"},\"url\":\"https:\\\/\\\/www.inmsol.com\\\/fr\\\/author\\\/laura\\\/\"}]}<\/script>\n<!-- \/ Yoast SEO plugin. -->","yoast_head_json":{"title":"Joyeuse Journ\u00e9e mondiale du livre 2018 &#8226; iNMSOL","robots":{"index":"index","follow":"follow","max-snippet":"max-snippet:-1","max-image-preview":"max-image-preview:large","max-video-preview":"max-video-preview:-1"},"canonical":"https:\/\/www.inmsol.com\/fr\/blog-fr-fr\/events-in-granada-fr-fr-fr\/joyeuse-journee-mondiale-du-livre-2018\/","og_locale":"fr_FR","og_type":"article","og_title":"Joyeuse Journ\u00e9e mondiale du livre 2018 &#8226; iNMSOL","og_description":"Du 20 au 29 Avril, Grenade c\u00e9l\u00e8bre la Journ\u00e9e du livre et du droit de l\u2019auteur 2018 avec un programme consacr\u00e9 aux livres, \u00e9crivains et \u00e0 litt\u00e9rature.","og_url":"https:\/\/www.inmsol.com\/fr\/blog-fr-fr\/events-in-granada-fr-fr-fr\/joyeuse-journee-mondiale-du-livre-2018\/","og_site_name":"iNMSOL","article_publisher":"https:\/\/www.facebook.com\/spanishcourses","article_published_time":"2018-04-23T15:38:33+00:00","article_modified_time":"2021-09-29T07:44:53+00:00","og_image":[{"width":150,"height":150,"url":"https:\/\/www.inmsol.com\/wp-content\/uploads\/2018\/04\/30742968_10155398068937823_7217452005579554816_n-150x150-1.jpg","type":"image\/jpeg"}],"author":"- Instituto Mediterr\u00e1neo Sol","twitter_misc":{"\u00c9crit par":"- Instituto Mediterr\u00e1neo Sol","Dur\u00e9e de lecture estim\u00e9e":"3 minutes"},"schema":{"@context":"https:\/\/schema.org","@graph":[{"@type":"Article","@id":"https:\/\/www.inmsol.com\/fr\/blog-fr-fr\/events-in-granada-fr-fr-fr\/joyeuse-journee-mondiale-du-livre-2018\/#article","isPartOf":{"@id":"https:\/\/www.inmsol.com\/fr\/blog-fr-fr\/events-in-granada-fr-fr-fr\/joyeuse-journee-mondiale-du-livre-2018\/"},"author":{"name":"- Instituto Mediterr\u00e1neo Sol","@id":"https:\/\/www.inmsol.com\/fr\/#\/schema\/person\/94a7a01d14a56d1fbc49c841ffc57fe9"},"headline":"Joyeuse Journ\u00e9e mondiale du livre 2018","datePublished":"2018-04-23T15:38:33+00:00","dateModified":"2021-09-29T07:44:53+00:00","mainEntityOfPage":{"@id":"https:\/\/www.inmsol.com\/fr\/blog-fr-fr\/events-in-granada-fr-fr-fr\/joyeuse-journee-mondiale-du-livre-2018\/"},"wordCount":585,"publisher":{"@id":"https:\/\/www.inmsol.com\/fr\/#organization"},"image":{"@id":"https:\/\/www.inmsol.com\/fr\/blog-fr-fr\/events-in-granada-fr-fr-fr\/joyeuse-journee-mondiale-du-livre-2018\/#primaryimage"},"thumbnailUrl":"https:\/\/www.inmsol.com\/wp-content\/uploads\/2018\/04\/30742968_10155398068937823_7217452005579554816_n-150x150-1.jpg","articleSection":["\u00c9v\u00e9nements \u00e0 Grenade"],"inLanguage":"fr-FR"},{"@type":"WebPage","@id":"https:\/\/www.inmsol.com\/fr\/blog-fr-fr\/events-in-granada-fr-fr-fr\/joyeuse-journee-mondiale-du-livre-2018\/","url":"https:\/\/www.inmsol.com\/fr\/blog-fr-fr\/events-in-granada-fr-fr-fr\/joyeuse-journee-mondiale-du-livre-2018\/","name":"Joyeuse Journ\u00e9e mondiale du livre 2018 &#8226; iNMSOL","isPartOf":{"@id":"https:\/\/www.inmsol.com\/fr\/#website"},"primaryImageOfPage":{"@id":"https:\/\/www.inmsol.com\/fr\/blog-fr-fr\/events-in-granada-fr-fr-fr\/joyeuse-journee-mondiale-du-livre-2018\/#primaryimage"},"image":{"@id":"https:\/\/www.inmsol.com\/fr\/blog-fr-fr\/events-in-granada-fr-fr-fr\/joyeuse-journee-mondiale-du-livre-2018\/#primaryimage"},"thumbnailUrl":"https:\/\/www.inmsol.com\/wp-content\/uploads\/2018\/04\/30742968_10155398068937823_7217452005579554816_n-150x150-1.jpg","datePublished":"2018-04-23T15:38:33+00:00","dateModified":"2021-09-29T07:44:53+00:00","breadcrumb":{"@id":"https:\/\/www.inmsol.com\/fr\/blog-fr-fr\/events-in-granada-fr-fr-fr\/joyeuse-journee-mondiale-du-livre-2018\/#breadcrumb"},"inLanguage":"fr-FR","potentialAction":[{"@type":"ReadAction","target":["https:\/\/www.inmsol.com\/fr\/blog-fr-fr\/events-in-granada-fr-fr-fr\/joyeuse-journee-mondiale-du-livre-2018\/"]}]},{"@type":"ImageObject","inLanguage":"fr-FR","@id":"https:\/\/www.inmsol.com\/fr\/blog-fr-fr\/events-in-granada-fr-fr-fr\/joyeuse-journee-mondiale-du-livre-2018\/#primaryimage","url":"https:\/\/www.inmsol.com\/wp-content\/uploads\/2018\/04\/30742968_10155398068937823_7217452005579554816_n-150x150-1.jpg","contentUrl":"https:\/\/www.inmsol.com\/wp-content\/uploads\/2018\/04\/30742968_10155398068937823_7217452005579554816_n-150x150-1.jpg","width":150,"height":150},{"@type":"BreadcrumbList","@id":"https:\/\/www.inmsol.com\/fr\/blog-fr-fr\/events-in-granada-fr-fr-fr\/joyeuse-journee-mondiale-du-livre-2018\/#breadcrumb","itemListElement":[{"@type":"ListItem","position":1,"name":"Accredited Center by Instituto Cervantes","item":"https:\/\/www.inmsol.com\/fr\/pagina-ejemplo\/"},{"@type":"ListItem","position":2,"name":"Blog","item":"https:\/\/www.inmsol.com\/fr\/category\/blog-fr-fr\/"},{"@type":"ListItem","position":3,"name":"\u00c9v\u00e9nements \u00e0 Grenade","item":"https:\/\/www.inmsol.com\/fr\/category\/blog-fr-fr\/events-in-granada-fr-fr-fr\/"},{"@type":"ListItem","position":4,"name":"Joyeuse Journ\u00e9e mondiale du livre 2018"}]},{"@type":"WebSite","@id":"https:\/\/www.inmsol.com\/fr\/#website","url":"https:\/\/www.inmsol.com\/fr\/","name":"iNMSOL","description":"Apprenez l'espagnol avec nous - Centre de formation affili\u00e9 \u00e0 l'Institute Cervantes","publisher":{"@id":"https:\/\/www.inmsol.com\/fr\/#organization"},"potentialAction":[{"@type":"SearchAction","target":{"@type":"EntryPoint","urlTemplate":"https:\/\/www.inmsol.com\/fr\/?s={search_term_string}"},"query-input":{"@type":"PropertyValueSpecification","valueRequired":true,"valueName":"search_term_string"}}],"inLanguage":"fr-FR"},{"@type":"Organization","@id":"https:\/\/www.inmsol.com\/fr\/#organization","name":"Instituto Mediterr\u00e1neo Sol","url":"https:\/\/www.inmsol.com\/fr\/","logo":{"@type":"ImageObject","inLanguage":"fr-FR","@id":"https:\/\/www.inmsol.com\/fr\/#\/schema\/logo\/image\/","url":"https:\/\/www.inmsol.com\/wp-content\/uploads\/2023\/06\/logo-inmsol-1.png","contentUrl":"https:\/\/www.inmsol.com\/wp-content\/uploads\/2023\/06\/logo-inmsol-1.png","width":136,"height":73,"caption":"Instituto Mediterr\u00e1neo Sol"},"image":{"@id":"https:\/\/www.inmsol.com\/fr\/#\/schema\/logo\/image\/"},"sameAs":["https:\/\/www.facebook.com\/spanishcourses","https:\/\/x.com\/StudyInGranada","http:\/\/instagram.com\/imsolgranada","https:\/\/es.linkedin.com\/company\/imsol-granada","https:\/\/www.pinterest.es\/inmsol\/","https:\/\/www.youtube.com\/channel\/UChz-Qn_7coFMosY85iYMO4g"]},{"@type":"Person","@id":"https:\/\/www.inmsol.com\/fr\/#\/schema\/person\/94a7a01d14a56d1fbc49c841ffc57fe9","name":"- Instituto Mediterr\u00e1neo Sol","image":{"@type":"ImageObject","inLanguage":"fr-FR","@id":"https:\/\/secure.gravatar.com\/avatar\/5607fdabdf1b548b6095cc3d43079829bc1497403e70dd34004e7204a8fef62b?s=96&d=mm&r=g","url":"https:\/\/secure.gravatar.com\/avatar\/5607fdabdf1b548b6095cc3d43079829bc1497403e70dd34004e7204a8fef62b?s=96&d=mm&r=g","contentUrl":"https:\/\/secure.gravatar.com\/avatar\/5607fdabdf1b548b6095cc3d43079829bc1497403e70dd34004e7204a8fef62b?s=96&d=mm&r=g","caption":"- Instituto Mediterr\u00e1neo Sol"},"url":"https:\/\/www.inmsol.com\/fr\/author\/laura\/"}]}},"_links":{"self":[{"href":"https:\/\/www.inmsol.com\/fr\/wp-json\/wp\/v2\/posts\/35274","targetHints":{"allow":["GET"]}}],"collection":[{"href":"https:\/\/www.inmsol.com\/fr\/wp-json\/wp\/v2\/posts"}],"about":[{"href":"https:\/\/www.inmsol.com\/fr\/wp-json\/wp\/v2\/types\/post"}],"author":[{"embeddable":true,"href":"https:\/\/www.inmsol.com\/fr\/wp-json\/wp\/v2\/users\/3"}],"replies":[{"embeddable":true,"href":"https:\/\/www.inmsol.com\/fr\/wp-json\/wp\/v2\/comments?post=35274"}],"version-history":[{"count":0,"href":"https:\/\/www.inmsol.com\/fr\/wp-json\/wp\/v2\/posts\/35274\/revisions"}],"wp:featuredmedia":[{"embeddable":true,"href":"https:\/\/www.inmsol.com\/fr\/wp-json\/wp\/v2\/media\/35538"}],"wp:attachment":[{"href":"https:\/\/www.inmsol.com\/fr\/wp-json\/wp\/v2\/media?parent=35274"}],"wp:term":[{"taxonomy":"category","embeddable":true,"href":"https:\/\/www.inmsol.com\/fr\/wp-json\/wp\/v2\/categories?post=35274"},{"taxonomy":"post_tag","embeddable":true,"href":"https:\/\/www.inmsol.com\/fr\/wp-json\/wp\/v2\/tags?post=35274"}],"curies":[{"name":"wp","href":"https:\/\/api.w.org\/{rel}","templated":true}]}}