{"id":42744,"date":"2019-05-13T12:24:57","date_gmt":"2019-05-13T10:24:57","guid":{"rendered":"https:\/\/www.inmsol.com\/blog-fr-fr\/foire-du-livre-grenade\/"},"modified":"2021-09-29T09:53:37","modified_gmt":"2021-09-29T07:53:37","slug":"foire-du-livre-grenade","status":"publish","type":"post","link":"https:\/\/www.inmsol.com\/fr\/blog-fr-fr\/events-in-granada-fr-fr-fr\/foire-du-livre-grenade\/","title":{"rendered":"Foire du Livre 2019"},"content":{"rendered":"<p>La 38\u00e8me \u00e9dition de la Foire du Livre aura lieu \u00e0 <a href=\"https:\/\/www.inmsol.com\/fr\/granada\/\" target=\"_blank\" rel=\"noopener noreferrer\">Grenade<\/a> du 10 au 19 mai. Cette ann\u00e9e on peut le visiter entre <em>Fuente de las Batallas<\/em>, <em>Carrera de la Virgen<\/em> et <em>Plaza del Humilladero<\/em>. Avec la <a href=\"https:\/\/www.inmsol.com\/fr\/blog-fr-fr\/events-in-granada-fr-fr-fr\/joyeuse-journee-mondiale-du-livre-2018\/\" target=\"_blank\" rel=\"noopener noreferrer\">derni\u00e8re \u00e9dition<\/a>, le record de participation a \u00e9t\u00e9 battu avec un total de 62 entreprises divis\u00e9es en 80 stands, ce qui a forc\u00e9 l\u2019extension de la zone FLG, raison pour laquelle le salon est consid\u00e9r\u00e9 comme l\u2019un des plus importants d\u2019Espagne.<\/p>\n<p><img fetchpriority=\"high\" decoding=\"async\" class=\"wp-image-42679 aligncenter\" src=\"https:\/\/www.inmsol.com\/wp-content\/uploads\/2019\/05\/feria-libro-granada-w.jpg\" alt=\"\" width=\"449\" height=\"253\" srcset=\"https:\/\/www.inmsol.com\/wp-content\/uploads\/2019\/05\/feria-libro-granada-w.jpg 667w, https:\/\/www.inmsol.com\/wp-content\/uploads\/2019\/05\/feria-libro-granada-w-64x36.jpg 64w, https:\/\/www.inmsol.com\/wp-content\/uploads\/2019\/05\/feria-libro-granada-w-600x337.jpg 600w, https:\/\/www.inmsol.com\/wp-content\/uploads\/2019\/05\/feria-libro-granada-w-460x259.jpg 460w, https:\/\/www.inmsol.com\/wp-content\/uploads\/2019\/05\/feria-libro-granada-w-250x141.jpg 250w\" sizes=\"(max-width: 449px) 100vw, 449px\" \/><\/p>\n<p>Parmi les innovations organisationnelles de cette ann\u00e9e, il y a l&rsquo;inversion du parcours habituel de la foire afin de rendre plus dynamique le flux de visiteurs qui parcourt <em>Carrera de la Virgen<\/em>, permettant ainsi une croissance globale et lin\u00e9aire de la r\u00e9gion. Le slogan choisi pour cette \u00e9dition sera \u00ab\u00a0Pedro Antonio de Alarc\u00f3n et la Grenade du XIX si\u00e8cle\u00a0\u00bb, co\u00efncidant avec le centenaire du ballet \u00ab\u00a0El sombrero de tres picos\u00a0\u00bb de Manuel de Falla \u00e0 Londres, inspir\u00e9 du roman de l&rsquo;auteur de Guadix.<\/p>\n<p>La Foire du livre de Grenade soutient depuis quelques ann\u00e9es une croissance soutenue en termes de chiffre d\u2019affaires, d\u2019audience, de nombre d\u2019exposants et, surtout, d\u2019activit\u00e9s culturelles. Il est maintenant devenu un \u00e9v\u00e9nement urbain important, avec des milliers de personnes qui remplissent tous les espaces de la Foire chaque ann\u00e9e. Dans cette \u00e9dition, on fait face \u00e0 un nouveau et stimulant processus d&rsquo;internationalisation, d\u00fb au fait que Grenade a \u00e9t\u00e9 choisie comme ville cr\u00e9ative par l&rsquo;UNESCO.<\/p>\n<p>Les institutions participant \u00e0 la Commission du Salon du livre ont d\u00e9cid\u00e9 d\u2019introduire une nouvelle figure, celle de la <strong>Ville Invit\u00e9e de l\u2019Unesco<\/strong>. Ainsi, la Foire du Livre de Grenade d\u00e9signera chaque ann\u00e9e une des villes UNESCO de la litt\u00e9rature en tant qu&rsquo;invit\u00e9 sp\u00e9cial, ce qui permettra la mise en \u0153uvre d&rsquo;une programmation internationale riche et diversifi\u00e9e et de nouvelles possibilit\u00e9s de connaissance des auteurs et des cultures. La premi\u00e8re ville UNESCO invit\u00e9e \u00e0 la Foire du livre de Grenade est <strong>la ville anglaise de Nottingham<\/strong>. La ville de Lord Byron et D. H. Lawrence est \u00e9galement tr\u00e8s connue pour servir de cadre au c\u00e9l\u00e8bre roman de Walter Scott, <em>\u00ab\u00a0Ivanhoe\u00a0\u00bb<\/em> dans lequel se trouve Robin Hood. Grenade et Nottingham pr\u00e9parent un programme sp\u00e9cial d\u2019auteurs anglais qui participeront \u00e0 la Foire du Livre. Le programme d&rsquo;activit\u00e9s que Nottingham propose \u00e0 Grenade commencera par la participation de Sandeep Mahal, directrice de la Ville de litt\u00e9rature de l&rsquo;UNESCO \u00e0 Nottingham, aux discours d&rsquo;ouverture de la Foire, demain, le 10 mai.<\/p>\n<p>Une autre nouveaut\u00e9 est la cr\u00e9ation de <strong>l&rsquo;Espace ind\u00e9pendant<\/strong>s. Pour assurer la participation des \u00e9ditoriaux aux catalogues moins visibles, le FLG propose un espace qui sera transform\u00e9 en une biblioth\u00e8que, dans laquelle il sera possible de circuler \u00e0 l&rsquo;int\u00e9rieur. Ces \u00e9ditoriaux maintiennent l&rsquo;exp\u00e9rience de lecture en tant que rituel, mat\u00e9riel et corporel, transformant chaque livre en objet vivant et en transformation. Un espace pour ceux qui continuent de parier sur ce qui est unique et difficile et transforment la litt\u00e9rature en compositions uniques et vitales. On a trouv\u00e9 un moyen pour rendre pr\u00e9sent l&rsquo;univers d&rsquo;\u00e9dition ind\u00e9pendante dans un environnement qui refl\u00e8te sa richesse et son caract\u00e8re unique.<\/p>\n<p><img decoding=\"async\" class=\" wp-image-42693 alignleft\" src=\"https:\/\/www.inmsol.com\/wp-content\/uploads\/2019\/05\/mariu_marn_irenetarraga_taller_infantil_jpg.jpg\" alt=\"\" width=\"235\" height=\"312\" srcset=\"https:\/\/www.inmsol.com\/wp-content\/uploads\/2019\/05\/mariu_marn_irenetarraga_taller_infantil_jpg.jpg 350w, https:\/\/www.inmsol.com\/wp-content\/uploads\/2019\/05\/mariu_marn_irenetarraga_taller_infantil_jpg-64x85.jpg 64w, https:\/\/www.inmsol.com\/wp-content\/uploads\/2019\/05\/mariu_marn_irenetarraga_taller_infantil_jpg-226x300.jpg 226w, https:\/\/www.inmsol.com\/wp-content\/uploads\/2019\/05\/mariu_marn_irenetarraga_taller_infantil_jpg-151x200.jpg 151w, https:\/\/www.inmsol.com\/wp-content\/uploads\/2019\/05\/mariu_marn_irenetarraga_taller_infantil_jpg-301x400.jpg 301w\" sizes=\"(max-width: 235px) 100vw, 235px\" \/>L&rsquo;objectif de ce FLG2019 est \u00e9galement <strong>d&rsquo;attirer des <a href=\"https:\/\/www.inmsol.com\/fr\/cours-despagnol-espagne\/cours-pour-adolescents\/\" target=\"_blank\" rel=\"noopener noreferrer\">adolescents<\/a><\/strong> avec des propositions bien con\u00e7ues et de coordonner l&rsquo;offre enfant de diff\u00e9rents op\u00e9rateurs, cr\u00e9ant ainsi une exp\u00e9rience magnifique avec des chasses au tr\u00e9sor litt\u00e9raires et des propositions ludiques pour des personnes comme Robin Hood. Le <strong>programme familial<\/strong> comprend de grands moments tels que la rencontre avec l&rsquo;auteur de la litt\u00e9rature pour enfants Maite Carranza, plusieurs fois r\u00e9compens\u00e9e, ou la pr\u00e9sentation de l&rsquo;exposition associ\u00e9e au dernier projet \u00e9ditorial coordonn\u00e9 par Fernando Mar\u00edas destin\u00e9 au jeune public, qui pourra profiter du dialogue de groupe des passeurs SQUAD.<\/p>\n<p>En r\u00e9sum\u00e9, qu\u2019est-ce que \u00a0repr\u00e9sente la Foire du Livre? Une promenade au centre de la plus belle ville d&rsquo;Espagne, culture pure avec des livres, des histoires, des romans, histoire, musique, sciences&#8230; le meilleur programme pour profiter de la culture en compagnie de la famille. Pendant cette \u00e9dition, nous c\u00e9l\u00e9brerons \u00e9galement Grenade comme ville de la litt\u00e9rature et de l&rsquo;amiti\u00e9 de l&rsquo;enfance, en d\u00e9veloppant et en am\u00e9liorant les espaces d\u00e9di\u00e9s \u00e0 la jeunesse.<\/p>\n<p>En tant qu<em>&lsquo; <a href=\"https:\/\/www.inmsol.com\/fr\/\" target=\"_blank\" rel=\"noopener noreferrer\">Instituto Mediterr\u00e1neo Sol<\/a><\/em>, nous encourageons tous nos \u00e9tudiants \u00e0 visiter ce salon et \u00e0 participer \u00e0 ses activit\u00e9s. Ne manquez pas la chance de gagner certains des billets offerts pour divers spectacles dans la ville.<\/p>\n<p>Dans le lien suivant, vous trouverez le programme complet du salon et toutes les informations n\u00e9cessaires:<\/p>\n<p>http:\/\/www.ferialibrogranada.org\/wp-content\/uploads\/Programa-2019.pdf<\/p>\n<p>Nous esp\u00e9rons que vous l&rsquo;appr\u00e9cierez!<\/p>\n<p><img decoding=\"async\" class=\"wp-image-42707 aligncenter\" src=\"https:\/\/www.inmsol.com\/wp-content\/uploads\/2019\/05\/flg19.jpg\" alt=\"\" width=\"440\" height=\"80\" srcset=\"https:\/\/www.inmsol.com\/wp-content\/uploads\/2019\/05\/flg19.jpg 550w, https:\/\/www.inmsol.com\/wp-content\/uploads\/2019\/05\/flg19-64x12.jpg 64w, https:\/\/www.inmsol.com\/wp-content\/uploads\/2019\/05\/flg19-460x84.jpg 460w, https:\/\/www.inmsol.com\/wp-content\/uploads\/2019\/05\/flg19-250x45.jpg 250w\" sizes=\"(max-width: 440px) 100vw, 440px\" \/><\/p>\n","protected":false},"excerpt":{"rendered":"<p>La 38\u00e8me \u00e9dition de la Foire du Livre aura lieu \u00e0 Grenade du 10 au 19 mai. Cette ann\u00e9e on peut le visiter entre Fuente de las Batallas, Carrera de la Virgen et Plaza del Humilladero. Avec la derni\u00e8re \u00e9dition, le record de participation a&#8230;<\/p>\n","protected":false},"author":3,"featured_media":42679,"comment_status":"closed","ping_status":"closed","sticky":false,"template":"","format":"standard","meta":{"_acf_changed":false,"footnotes":""},"categories":[99],"tags":[],"class_list":["post-42744","post","type-post","status-publish","format-standard","has-post-thumbnail","hentry","category-events-in-granada-fr-fr-fr"],"acf":[],"yoast_head":"<!-- This site is optimized with the Yoast SEO plugin v27.5 - https:\/\/yoast.com\/product\/yoast-seo-wordpress\/ -->\n<title>Foire du Livre 2019 Granada Foire du Livre<\/title>\n<meta name=\"description\" content=\"La 38\u00e8me \u00e9dition de la Foire du Livre aura lieu \u00e0 Grenade du 10 au 19 mai. Le record de participation a \u00e9t\u00e9 battu la derni\u00e8re \u00e9dition le avec 80 stands.\" \/>\n<meta name=\"robots\" content=\"index, follow, max-snippet:-1, max-image-preview:large, max-video-preview:-1\" \/>\n<link rel=\"canonical\" href=\"https:\/\/www.inmsol.com\/fr\/blog-fr-fr\/events-in-granada-fr-fr-fr\/foire-du-livre-grenade\/\" \/>\n<meta property=\"og:locale\" content=\"fr_FR\" \/>\n<meta property=\"og:type\" content=\"article\" \/>\n<meta property=\"og:title\" content=\"Foire du Livre 2019 Granada Foire du Livre\" \/>\n<meta property=\"og:description\" content=\"La 38\u00e8me \u00e9dition de la Foire du Livre aura lieu \u00e0 Grenade du 10 au 19 mai. Le record de participation a \u00e9t\u00e9 battu la derni\u00e8re \u00e9dition le avec 80 stands.\" \/>\n<meta property=\"og:url\" content=\"https:\/\/www.inmsol.com\/fr\/blog-fr-fr\/events-in-granada-fr-fr-fr\/foire-du-livre-grenade\/\" \/>\n<meta property=\"og:site_name\" content=\"iNMSOL\" \/>\n<meta property=\"article:publisher\" content=\"https:\/\/www.facebook.com\/spanishcourses\" \/>\n<meta property=\"article:published_time\" content=\"2019-05-13T10:24:57+00:00\" \/>\n<meta property=\"article:modified_time\" content=\"2021-09-29T07:53:37+00:00\" \/>\n<meta property=\"og:image\" content=\"https:\/\/www.inmsol.com\/wp-content\/uploads\/2019\/05\/feria-libro-granada-w.jpg\" \/>\n\t<meta property=\"og:image:width\" content=\"667\" \/>\n\t<meta property=\"og:image:height\" content=\"375\" \/>\n\t<meta property=\"og:image:type\" content=\"image\/jpeg\" \/>\n<meta name=\"author\" content=\"- Instituto Mediterr\u00e1neo Sol\" \/>\n<meta name=\"twitter:label1\" content=\"\u00c9crit par\" \/>\n\t<meta name=\"twitter:data1\" content=\"- Instituto Mediterr\u00e1neo Sol\" \/>\n\t<meta name=\"twitter:label2\" content=\"Dur\u00e9e de lecture estim\u00e9e\" \/>\n\t<meta name=\"twitter:data2\" content=\"4 minutes\" \/>\n<script type=\"application\/ld+json\" class=\"yoast-schema-graph\">{\"@context\":\"https:\\\/\\\/schema.org\",\"@graph\":[{\"@type\":\"Article\",\"@id\":\"https:\\\/\\\/www.inmsol.com\\\/fr\\\/blog-fr-fr\\\/events-in-granada-fr-fr-fr\\\/foire-du-livre-grenade\\\/#article\",\"isPartOf\":{\"@id\":\"https:\\\/\\\/www.inmsol.com\\\/fr\\\/blog-fr-fr\\\/events-in-granada-fr-fr-fr\\\/foire-du-livre-grenade\\\/\"},\"author\":{\"name\":\"- Instituto Mediterr\u00e1neo Sol\",\"@id\":\"https:\\\/\\\/www.inmsol.com\\\/fr\\\/#\\\/schema\\\/person\\\/94a7a01d14a56d1fbc49c841ffc57fe9\"},\"headline\":\"Foire du Livre 2019\",\"datePublished\":\"2019-05-13T10:24:57+00:00\",\"dateModified\":\"2021-09-29T07:53:37+00:00\",\"mainEntityOfPage\":{\"@id\":\"https:\\\/\\\/www.inmsol.com\\\/fr\\\/blog-fr-fr\\\/events-in-granada-fr-fr-fr\\\/foire-du-livre-grenade\\\/\"},\"wordCount\":833,\"publisher\":{\"@id\":\"https:\\\/\\\/www.inmsol.com\\\/fr\\\/#organization\"},\"image\":{\"@id\":\"https:\\\/\\\/www.inmsol.com\\\/fr\\\/blog-fr-fr\\\/events-in-granada-fr-fr-fr\\\/foire-du-livre-grenade\\\/#primaryimage\"},\"thumbnailUrl\":\"https:\\\/\\\/www.inmsol.com\\\/wp-content\\\/uploads\\\/2019\\\/05\\\/feria-libro-granada-w.jpg\",\"articleSection\":[\"\u00c9v\u00e9nements \u00e0 Grenade\"],\"inLanguage\":\"fr-FR\"},{\"@type\":\"WebPage\",\"@id\":\"https:\\\/\\\/www.inmsol.com\\\/fr\\\/blog-fr-fr\\\/events-in-granada-fr-fr-fr\\\/foire-du-livre-grenade\\\/\",\"url\":\"https:\\\/\\\/www.inmsol.com\\\/fr\\\/blog-fr-fr\\\/events-in-granada-fr-fr-fr\\\/foire-du-livre-grenade\\\/\",\"name\":\"Foire du Livre 2019 Granada Foire du Livre\",\"isPartOf\":{\"@id\":\"https:\\\/\\\/www.inmsol.com\\\/fr\\\/#website\"},\"primaryImageOfPage\":{\"@id\":\"https:\\\/\\\/www.inmsol.com\\\/fr\\\/blog-fr-fr\\\/events-in-granada-fr-fr-fr\\\/foire-du-livre-grenade\\\/#primaryimage\"},\"image\":{\"@id\":\"https:\\\/\\\/www.inmsol.com\\\/fr\\\/blog-fr-fr\\\/events-in-granada-fr-fr-fr\\\/foire-du-livre-grenade\\\/#primaryimage\"},\"thumbnailUrl\":\"https:\\\/\\\/www.inmsol.com\\\/wp-content\\\/uploads\\\/2019\\\/05\\\/feria-libro-granada-w.jpg\",\"datePublished\":\"2019-05-13T10:24:57+00:00\",\"dateModified\":\"2021-09-29T07:53:37+00:00\",\"description\":\"La 38\u00e8me \u00e9dition de la Foire du Livre aura lieu \u00e0 Grenade du 10 au 19 mai. Le record de participation a \u00e9t\u00e9 battu la derni\u00e8re \u00e9dition le avec 80 stands.\",\"breadcrumb\":{\"@id\":\"https:\\\/\\\/www.inmsol.com\\\/fr\\\/blog-fr-fr\\\/events-in-granada-fr-fr-fr\\\/foire-du-livre-grenade\\\/#breadcrumb\"},\"inLanguage\":\"fr-FR\",\"potentialAction\":[{\"@type\":\"ReadAction\",\"target\":[\"https:\\\/\\\/www.inmsol.com\\\/fr\\\/blog-fr-fr\\\/events-in-granada-fr-fr-fr\\\/foire-du-livre-grenade\\\/\"]}]},{\"@type\":\"ImageObject\",\"inLanguage\":\"fr-FR\",\"@id\":\"https:\\\/\\\/www.inmsol.com\\\/fr\\\/blog-fr-fr\\\/events-in-granada-fr-fr-fr\\\/foire-du-livre-grenade\\\/#primaryimage\",\"url\":\"https:\\\/\\\/www.inmsol.com\\\/wp-content\\\/uploads\\\/2019\\\/05\\\/feria-libro-granada-w.jpg\",\"contentUrl\":\"https:\\\/\\\/www.inmsol.com\\\/wp-content\\\/uploads\\\/2019\\\/05\\\/feria-libro-granada-w.jpg\",\"width\":667,\"height\":375},{\"@type\":\"BreadcrumbList\",\"@id\":\"https:\\\/\\\/www.inmsol.com\\\/fr\\\/blog-fr-fr\\\/events-in-granada-fr-fr-fr\\\/foire-du-livre-grenade\\\/#breadcrumb\",\"itemListElement\":[{\"@type\":\"ListItem\",\"position\":1,\"name\":\"Accredited Center by Instituto Cervantes\",\"item\":\"https:\\\/\\\/www.inmsol.com\\\/fr\\\/pagina-ejemplo\\\/\"},{\"@type\":\"ListItem\",\"position\":2,\"name\":\"Blog\",\"item\":\"https:\\\/\\\/www.inmsol.com\\\/fr\\\/category\\\/blog-fr-fr\\\/\"},{\"@type\":\"ListItem\",\"position\":3,\"name\":\"\u00c9v\u00e9nements \u00e0 Grenade\",\"item\":\"https:\\\/\\\/www.inmsol.com\\\/fr\\\/category\\\/blog-fr-fr\\\/events-in-granada-fr-fr-fr\\\/\"},{\"@type\":\"ListItem\",\"position\":4,\"name\":\"Foire du Livre 2019\"}]},{\"@type\":\"WebSite\",\"@id\":\"https:\\\/\\\/www.inmsol.com\\\/fr\\\/#website\",\"url\":\"https:\\\/\\\/www.inmsol.com\\\/fr\\\/\",\"name\":\"iNMSOL\",\"description\":\"Apprenez l'espagnol avec nous - Centre de formation affili\u00e9 \u00e0 l'Institute Cervantes\",\"publisher\":{\"@id\":\"https:\\\/\\\/www.inmsol.com\\\/fr\\\/#organization\"},\"potentialAction\":[{\"@type\":\"SearchAction\",\"target\":{\"@type\":\"EntryPoint\",\"urlTemplate\":\"https:\\\/\\\/www.inmsol.com\\\/fr\\\/?s={search_term_string}\"},\"query-input\":{\"@type\":\"PropertyValueSpecification\",\"valueRequired\":true,\"valueName\":\"search_term_string\"}}],\"inLanguage\":\"fr-FR\"},{\"@type\":\"Organization\",\"@id\":\"https:\\\/\\\/www.inmsol.com\\\/fr\\\/#organization\",\"name\":\"Instituto Mediterr\u00e1neo Sol\",\"url\":\"https:\\\/\\\/www.inmsol.com\\\/fr\\\/\",\"logo\":{\"@type\":\"ImageObject\",\"inLanguage\":\"fr-FR\",\"@id\":\"https:\\\/\\\/www.inmsol.com\\\/fr\\\/#\\\/schema\\\/logo\\\/image\\\/\",\"url\":\"https:\\\/\\\/www.inmsol.com\\\/wp-content\\\/uploads\\\/2023\\\/06\\\/logo-inmsol-1.png\",\"contentUrl\":\"https:\\\/\\\/www.inmsol.com\\\/wp-content\\\/uploads\\\/2023\\\/06\\\/logo-inmsol-1.png\",\"width\":136,\"height\":73,\"caption\":\"Instituto Mediterr\u00e1neo Sol\"},\"image\":{\"@id\":\"https:\\\/\\\/www.inmsol.com\\\/fr\\\/#\\\/schema\\\/logo\\\/image\\\/\"},\"sameAs\":[\"https:\\\/\\\/www.facebook.com\\\/spanishcourses\",\"https:\\\/\\\/x.com\\\/StudyInGranada\",\"http:\\\/\\\/instagram.com\\\/imsolgranada\",\"https:\\\/\\\/es.linkedin.com\\\/company\\\/imsol-granada\",\"https:\\\/\\\/www.pinterest.es\\\/inmsol\\\/\",\"https:\\\/\\\/www.youtube.com\\\/channel\\\/UChz-Qn_7coFMosY85iYMO4g\"]},{\"@type\":\"Person\",\"@id\":\"https:\\\/\\\/www.inmsol.com\\\/fr\\\/#\\\/schema\\\/person\\\/94a7a01d14a56d1fbc49c841ffc57fe9\",\"name\":\"- Instituto Mediterr\u00e1neo Sol\",\"image\":{\"@type\":\"ImageObject\",\"inLanguage\":\"fr-FR\",\"@id\":\"https:\\\/\\\/secure.gravatar.com\\\/avatar\\\/5607fdabdf1b548b6095cc3d43079829bc1497403e70dd34004e7204a8fef62b?s=96&d=mm&r=g\",\"url\":\"https:\\\/\\\/secure.gravatar.com\\\/avatar\\\/5607fdabdf1b548b6095cc3d43079829bc1497403e70dd34004e7204a8fef62b?s=96&d=mm&r=g\",\"contentUrl\":\"https:\\\/\\\/secure.gravatar.com\\\/avatar\\\/5607fdabdf1b548b6095cc3d43079829bc1497403e70dd34004e7204a8fef62b?s=96&d=mm&r=g\",\"caption\":\"- Instituto Mediterr\u00e1neo Sol\"},\"url\":\"https:\\\/\\\/www.inmsol.com\\\/fr\\\/author\\\/laura\\\/\"}]}<\/script>\n<!-- \/ Yoast SEO plugin. -->","yoast_head_json":{"title":"Foire du Livre 2019 Granada Foire du Livre","description":"La 38\u00e8me \u00e9dition de la Foire du Livre aura lieu \u00e0 Grenade du 10 au 19 mai. Le record de participation a \u00e9t\u00e9 battu la derni\u00e8re \u00e9dition le avec 80 stands.","robots":{"index":"index","follow":"follow","max-snippet":"max-snippet:-1","max-image-preview":"max-image-preview:large","max-video-preview":"max-video-preview:-1"},"canonical":"https:\/\/www.inmsol.com\/fr\/blog-fr-fr\/events-in-granada-fr-fr-fr\/foire-du-livre-grenade\/","og_locale":"fr_FR","og_type":"article","og_title":"Foire du Livre 2019 Granada Foire du Livre","og_description":"La 38\u00e8me \u00e9dition de la Foire du Livre aura lieu \u00e0 Grenade du 10 au 19 mai. Le record de participation a \u00e9t\u00e9 battu la derni\u00e8re \u00e9dition le avec 80 stands.","og_url":"https:\/\/www.inmsol.com\/fr\/blog-fr-fr\/events-in-granada-fr-fr-fr\/foire-du-livre-grenade\/","og_site_name":"iNMSOL","article_publisher":"https:\/\/www.facebook.com\/spanishcourses","article_published_time":"2019-05-13T10:24:57+00:00","article_modified_time":"2021-09-29T07:53:37+00:00","og_image":[{"width":667,"height":375,"url":"https:\/\/www.inmsol.com\/wp-content\/uploads\/2019\/05\/feria-libro-granada-w.jpg","type":"image\/jpeg"}],"author":"- Instituto Mediterr\u00e1neo Sol","twitter_misc":{"\u00c9crit par":"- Instituto Mediterr\u00e1neo Sol","Dur\u00e9e de lecture estim\u00e9e":"4 minutes"},"schema":{"@context":"https:\/\/schema.org","@graph":[{"@type":"Article","@id":"https:\/\/www.inmsol.com\/fr\/blog-fr-fr\/events-in-granada-fr-fr-fr\/foire-du-livre-grenade\/#article","isPartOf":{"@id":"https:\/\/www.inmsol.com\/fr\/blog-fr-fr\/events-in-granada-fr-fr-fr\/foire-du-livre-grenade\/"},"author":{"name":"- Instituto Mediterr\u00e1neo Sol","@id":"https:\/\/www.inmsol.com\/fr\/#\/schema\/person\/94a7a01d14a56d1fbc49c841ffc57fe9"},"headline":"Foire du Livre 2019","datePublished":"2019-05-13T10:24:57+00:00","dateModified":"2021-09-29T07:53:37+00:00","mainEntityOfPage":{"@id":"https:\/\/www.inmsol.com\/fr\/blog-fr-fr\/events-in-granada-fr-fr-fr\/foire-du-livre-grenade\/"},"wordCount":833,"publisher":{"@id":"https:\/\/www.inmsol.com\/fr\/#organization"},"image":{"@id":"https:\/\/www.inmsol.com\/fr\/blog-fr-fr\/events-in-granada-fr-fr-fr\/foire-du-livre-grenade\/#primaryimage"},"thumbnailUrl":"https:\/\/www.inmsol.com\/wp-content\/uploads\/2019\/05\/feria-libro-granada-w.jpg","articleSection":["\u00c9v\u00e9nements \u00e0 Grenade"],"inLanguage":"fr-FR"},{"@type":"WebPage","@id":"https:\/\/www.inmsol.com\/fr\/blog-fr-fr\/events-in-granada-fr-fr-fr\/foire-du-livre-grenade\/","url":"https:\/\/www.inmsol.com\/fr\/blog-fr-fr\/events-in-granada-fr-fr-fr\/foire-du-livre-grenade\/","name":"Foire du Livre 2019 Granada Foire du Livre","isPartOf":{"@id":"https:\/\/www.inmsol.com\/fr\/#website"},"primaryImageOfPage":{"@id":"https:\/\/www.inmsol.com\/fr\/blog-fr-fr\/events-in-granada-fr-fr-fr\/foire-du-livre-grenade\/#primaryimage"},"image":{"@id":"https:\/\/www.inmsol.com\/fr\/blog-fr-fr\/events-in-granada-fr-fr-fr\/foire-du-livre-grenade\/#primaryimage"},"thumbnailUrl":"https:\/\/www.inmsol.com\/wp-content\/uploads\/2019\/05\/feria-libro-granada-w.jpg","datePublished":"2019-05-13T10:24:57+00:00","dateModified":"2021-09-29T07:53:37+00:00","description":"La 38\u00e8me \u00e9dition de la Foire du Livre aura lieu \u00e0 Grenade du 10 au 19 mai. Le record de participation a \u00e9t\u00e9 battu la derni\u00e8re \u00e9dition le avec 80 stands.","breadcrumb":{"@id":"https:\/\/www.inmsol.com\/fr\/blog-fr-fr\/events-in-granada-fr-fr-fr\/foire-du-livre-grenade\/#breadcrumb"},"inLanguage":"fr-FR","potentialAction":[{"@type":"ReadAction","target":["https:\/\/www.inmsol.com\/fr\/blog-fr-fr\/events-in-granada-fr-fr-fr\/foire-du-livre-grenade\/"]}]},{"@type":"ImageObject","inLanguage":"fr-FR","@id":"https:\/\/www.inmsol.com\/fr\/blog-fr-fr\/events-in-granada-fr-fr-fr\/foire-du-livre-grenade\/#primaryimage","url":"https:\/\/www.inmsol.com\/wp-content\/uploads\/2019\/05\/feria-libro-granada-w.jpg","contentUrl":"https:\/\/www.inmsol.com\/wp-content\/uploads\/2019\/05\/feria-libro-granada-w.jpg","width":667,"height":375},{"@type":"BreadcrumbList","@id":"https:\/\/www.inmsol.com\/fr\/blog-fr-fr\/events-in-granada-fr-fr-fr\/foire-du-livre-grenade\/#breadcrumb","itemListElement":[{"@type":"ListItem","position":1,"name":"Accredited Center by Instituto Cervantes","item":"https:\/\/www.inmsol.com\/fr\/pagina-ejemplo\/"},{"@type":"ListItem","position":2,"name":"Blog","item":"https:\/\/www.inmsol.com\/fr\/category\/blog-fr-fr\/"},{"@type":"ListItem","position":3,"name":"\u00c9v\u00e9nements \u00e0 Grenade","item":"https:\/\/www.inmsol.com\/fr\/category\/blog-fr-fr\/events-in-granada-fr-fr-fr\/"},{"@type":"ListItem","position":4,"name":"Foire du Livre 2019"}]},{"@type":"WebSite","@id":"https:\/\/www.inmsol.com\/fr\/#website","url":"https:\/\/www.inmsol.com\/fr\/","name":"iNMSOL","description":"Apprenez l'espagnol avec nous - Centre de formation affili\u00e9 \u00e0 l'Institute Cervantes","publisher":{"@id":"https:\/\/www.inmsol.com\/fr\/#organization"},"potentialAction":[{"@type":"SearchAction","target":{"@type":"EntryPoint","urlTemplate":"https:\/\/www.inmsol.com\/fr\/?s={search_term_string}"},"query-input":{"@type":"PropertyValueSpecification","valueRequired":true,"valueName":"search_term_string"}}],"inLanguage":"fr-FR"},{"@type":"Organization","@id":"https:\/\/www.inmsol.com\/fr\/#organization","name":"Instituto Mediterr\u00e1neo Sol","url":"https:\/\/www.inmsol.com\/fr\/","logo":{"@type":"ImageObject","inLanguage":"fr-FR","@id":"https:\/\/www.inmsol.com\/fr\/#\/schema\/logo\/image\/","url":"https:\/\/www.inmsol.com\/wp-content\/uploads\/2023\/06\/logo-inmsol-1.png","contentUrl":"https:\/\/www.inmsol.com\/wp-content\/uploads\/2023\/06\/logo-inmsol-1.png","width":136,"height":73,"caption":"Instituto Mediterr\u00e1neo Sol"},"image":{"@id":"https:\/\/www.inmsol.com\/fr\/#\/schema\/logo\/image\/"},"sameAs":["https:\/\/www.facebook.com\/spanishcourses","https:\/\/x.com\/StudyInGranada","http:\/\/instagram.com\/imsolgranada","https:\/\/es.linkedin.com\/company\/imsol-granada","https:\/\/www.pinterest.es\/inmsol\/","https:\/\/www.youtube.com\/channel\/UChz-Qn_7coFMosY85iYMO4g"]},{"@type":"Person","@id":"https:\/\/www.inmsol.com\/fr\/#\/schema\/person\/94a7a01d14a56d1fbc49c841ffc57fe9","name":"- Instituto Mediterr\u00e1neo Sol","image":{"@type":"ImageObject","inLanguage":"fr-FR","@id":"https:\/\/secure.gravatar.com\/avatar\/5607fdabdf1b548b6095cc3d43079829bc1497403e70dd34004e7204a8fef62b?s=96&d=mm&r=g","url":"https:\/\/secure.gravatar.com\/avatar\/5607fdabdf1b548b6095cc3d43079829bc1497403e70dd34004e7204a8fef62b?s=96&d=mm&r=g","contentUrl":"https:\/\/secure.gravatar.com\/avatar\/5607fdabdf1b548b6095cc3d43079829bc1497403e70dd34004e7204a8fef62b?s=96&d=mm&r=g","caption":"- Instituto Mediterr\u00e1neo Sol"},"url":"https:\/\/www.inmsol.com\/fr\/author\/laura\/"}]}},"_links":{"self":[{"href":"https:\/\/www.inmsol.com\/fr\/wp-json\/wp\/v2\/posts\/42744","targetHints":{"allow":["GET"]}}],"collection":[{"href":"https:\/\/www.inmsol.com\/fr\/wp-json\/wp\/v2\/posts"}],"about":[{"href":"https:\/\/www.inmsol.com\/fr\/wp-json\/wp\/v2\/types\/post"}],"author":[{"embeddable":true,"href":"https:\/\/www.inmsol.com\/fr\/wp-json\/wp\/v2\/users\/3"}],"replies":[{"embeddable":true,"href":"https:\/\/www.inmsol.com\/fr\/wp-json\/wp\/v2\/comments?post=42744"}],"version-history":[{"count":0,"href":"https:\/\/www.inmsol.com\/fr\/wp-json\/wp\/v2\/posts\/42744\/revisions"}],"wp:featuredmedia":[{"embeddable":true,"href":"https:\/\/www.inmsol.com\/fr\/wp-json\/wp\/v2\/media\/42679"}],"wp:attachment":[{"href":"https:\/\/www.inmsol.com\/fr\/wp-json\/wp\/v2\/media?parent=42744"}],"wp:term":[{"taxonomy":"category","embeddable":true,"href":"https:\/\/www.inmsol.com\/fr\/wp-json\/wp\/v2\/categories?post=42744"},{"taxonomy":"post_tag","embeddable":true,"href":"https:\/\/www.inmsol.com\/fr\/wp-json\/wp\/v2\/tags?post=42744"}],"curies":[{"name":"wp","href":"https:\/\/api.w.org\/{rel}","templated":true}]}}