{"id":45466,"date":"2019-08-13T13:10:13","date_gmt":"2019-08-13T11:10:13","guid":{"rendered":"https:\/\/www.inmsol.com\/blog-fr-fr\/mardi-13-un-jour-de-malchance\/"},"modified":"2019-08-13T13:13:58","modified_gmt":"2019-08-13T11:13:58","slug":"mardi-13-un-jour-de-malchance","status":"publish","type":"post","link":"https:\/\/www.inmsol.com\/fr\/blog-fr-fr\/spanish-and-latin-american-culture-literature-and-history-fr\/mardi-13-un-jour-de-malchance\/","title":{"rendered":"Mardi 13: un jour de malchance?"},"content":{"rendered":"<p><em>En martes, ni te cases, ni te embarques, ni de tu casa te apartes<\/em>. (Mardi, ne vous mariez pas, ne vous embarquez pas et ne quittez pas votre domicile).<\/p>\n<p>Ce vieux dicton espagnol refl\u00e8te en partie une superstition typique de l\u2019Espagne et des pays hispaniques (Cuba, Uruguay, Paraguay, Argentine, Chili, P\u00e9rou, Venezuela, Mexique, Colombie, \u00c9quateur), c\u2019est-\u00e0-dire mardi 13 comme un jour de malchance, badge et malheurs.<\/p>\n<p>Dans les cultures anglo-saxonnes, il est pass\u00e9 au vendredi 13, alors qu&rsquo;en Italie, le jour de mauvais augure est le vendredi 17.<\/p>\n<p>L&rsquo;association de mardi avec la malchance d\u00e9coule du fait que Mars \u00e9tait le dieu romain de la guerre. C&rsquo;est pourquoi la plan\u00e8te du m\u00eame nom est consid\u00e9r\u00e9e comme une terre de destruction, de sang et de violence.<\/p>\n<p>En ce qui concerne le nombre treize, il existe diff\u00e9rentes raisons pour lesquelles il est li\u00e9 \u00e0 la malchance. En fait, c&rsquo;est un chiffre qui appara\u00eet dans les l\u00e9gendes et les \u00e9v\u00e9nements tragiques.<\/p>\n<p>Par exemple, les personnes pr\u00e9sentes au dernier d\u00eener \u00e9taient treize (douze ap\u00f4tres plus J\u00e9sus). Il y avait aussi treize mauvais esprits selon la Kabbale juive et c&rsquo;est dans le treizi\u00e8me chapitre de l&rsquo;Apocalypse que l&rsquo;anti Christ est arriv\u00e9. Toujours dans le tarot, la carte associ\u00e9e au d\u00e9c\u00e8s porte le num\u00e9ro 13. Enfin, une l\u00e9gende raconte que le mardi 13 ao\u00fbt, il y a eu confusion des langues dans la tour de Babel.<\/p>\n<p>Cependant, le moment o\u00f9 le mardi 13 est devenu le jour du mauvais sort a probablement \u00e9t\u00e9 provoqu\u00e9 par la chute de l&rsquo;Empire romain \u00e0 Constantinople en mai 1453, un \u00e9v\u00e9nement fatal pour les chr\u00e9tiens qui s&rsquo;est produit le mardi 13.<\/p>\n<p>Malgr\u00e9 tous les \u00e9l\u00e9ments n\u00e9gatifs li\u00e9s \u00e0 cette date, ce serait un jour de chance pour certain, et ce jour-l\u00e0, ils ont pari\u00e9 sur ce nombre au jeu.<\/p>\n<p>\u00c0 propos, des \u00e9v\u00e9nements positifs se sont \u00e9galement produits ce jour-l\u00e0.<\/p>\n<p><a href=\"https:\/\/www.inmsol.com\/wp-content\/uploads\/2019\/08\/Martes-13-II.png\"><img fetchpriority=\"high\" decoding=\"async\" class=\"aligncenter wp-image-45454 size-full\" title=\"Mardi 13\" src=\"https:\/\/www.inmsol.com\/wp-content\/uploads\/2019\/08\/Martes-13-II.png\" alt=\"Mardi 13\" width=\"1000\" height=\"580\" srcset=\"https:\/\/www.inmsol.com\/wp-content\/uploads\/2019\/08\/Martes-13-II.png 1000w, https:\/\/www.inmsol.com\/wp-content\/uploads\/2019\/08\/Martes-13-II-800x464.png 800w, https:\/\/www.inmsol.com\/wp-content\/uploads\/2019\/08\/Martes-13-II-64x37.png 64w, https:\/\/www.inmsol.com\/wp-content\/uploads\/2019\/08\/Martes-13-II-460x267.png 460w, https:\/\/www.inmsol.com\/wp-content\/uploads\/2019\/08\/Martes-13-II-768x445.png 768w, https:\/\/www.inmsol.com\/wp-content\/uploads\/2019\/08\/Martes-13-II-250x145.png 250w, https:\/\/www.inmsol.com\/wp-content\/uploads\/2019\/08\/Martes-13-II-600x348.png 600w\" sizes=\"(max-width: 1000px) 100vw, 1000px\" \/><\/a><\/p>\n<p>Par exemple, il y a deux ans, le t\u00e9lescope Hubble a observ\u00e9 la renaissance des \u00e9toiles en un \u00e9clair, fournissant un aper\u00e7u plus profond de l&rsquo;\u00e9volution des \u00e9toiles centrales des n\u00e9buleuses plan\u00e9taires.<\/p>\n<p>Mardi 13 juillet 2016, la fi\u00e8vre jaune provoqu\u00e9e par plus de 200 d\u00e9c\u00e8s en Angola et en R\u00e9publique d\u00e9mocratique du Congo \u00e9tait \u00e9galement sous contr\u00f4le.<\/p>\n<p>Enfin, ce jour-l\u00e0, le dirigeant des FARC, Rodrigo Londo\u00f1o Echeverri \u00ab\u00a0Timochenko\u00a0\u00bb, est arriv\u00e9 en Colombie et a conclu un accord de paix avec le gouvernement, ce qui signifie une paix historique dans le pays.<\/p>\n<p>Alors, quelque chose de grand pourrait nous arriver aujourd&rsquo;hui, contre toute attente. La chance est toujours impr\u00e9visible et nous surprend dans les moments les plus inattendus.<\/p>\n<p><a href=\"https:\/\/www.inmsol.com\/fr\/\" target=\"_blank\" rel=\"noopener noreferrer\">iNMSOL<\/a> vous souhaite une bonne journ\u00e9e et des \u00e9v\u00e9nements fantastiques!<\/p>\n","protected":false},"excerpt":{"rendered":"<p>En martes, ni te cases, ni te embarques, ni de tu casa te apartes. (Mardi, ne vous mariez pas, ne vous embarquez pas et ne quittez pas votre domicile). Ce vieux dicton espagnol refl\u00e8te en partie une superstition typique de l\u2019Espagne et des pays hispaniques&#8230;<\/p>\n","protected":false},"author":3,"featured_media":45447,"comment_status":"closed","ping_status":"closed","sticky":false,"template":"","format":"standard","meta":{"_acf_changed":false,"footnotes":""},"categories":[452],"tags":[],"class_list":["post-45466","post","type-post","status-publish","format-standard","has-post-thumbnail","hentry","category-spanish-and-latin-american-culture-literature-and-history-fr"],"acf":[],"yoast_head":"<!-- This site is optimized with the Yoast SEO plugin v27.5 - https:\/\/yoast.com\/product\/yoast-seo-wordpress\/ -->\n<title>Mardi 13: un jour de malchance? Mardi 13<\/title>\n<meta name=\"description\" content=\"Espagne et les pays hispaniques pensent que mardi 13 es un jour de malchance. Il a probablement \u00e9t\u00e9 provoqu\u00e9 par la chute de l&#039;Empire romain.\" \/>\n<meta name=\"robots\" content=\"index, follow, max-snippet:-1, max-image-preview:large, max-video-preview:-1\" \/>\n<link rel=\"canonical\" href=\"https:\/\/www.inmsol.com\/fr\/blog-fr-fr\/spanish-and-latin-american-culture-literature-and-history-fr\/mardi-13-un-jour-de-malchance\/\" \/>\n<meta property=\"og:locale\" content=\"fr_FR\" \/>\n<meta property=\"og:type\" content=\"article\" \/>\n<meta property=\"og:title\" content=\"Mardi 13: un jour de malchance? Mardi 13\" \/>\n<meta property=\"og:description\" content=\"Espagne et les pays hispaniques pensent que mardi 13 es un jour de malchance. Il a probablement \u00e9t\u00e9 provoqu\u00e9 par la chute de l&#039;Empire romain.\" \/>\n<meta property=\"og:url\" content=\"https:\/\/www.inmsol.com\/fr\/blog-fr-fr\/spanish-and-latin-american-culture-literature-and-history-fr\/mardi-13-un-jour-de-malchance\/\" \/>\n<meta property=\"og:site_name\" content=\"iNMSOL\" \/>\n<meta property=\"article:publisher\" content=\"https:\/\/www.facebook.com\/spanishcourses\" \/>\n<meta property=\"article:published_time\" content=\"2019-08-13T11:10:13+00:00\" \/>\n<meta property=\"article:modified_time\" content=\"2019-08-13T11:13:58+00:00\" \/>\n<meta property=\"og:image\" content=\"https:\/\/www.inmsol.com\/wp-content\/uploads\/2019\/08\/Martes-13.jpg\" \/>\n\t<meta property=\"og:image:width\" content=\"1000\" \/>\n\t<meta property=\"og:image:height\" content=\"559\" \/>\n\t<meta property=\"og:image:type\" content=\"image\/jpeg\" \/>\n<meta name=\"author\" content=\"- Instituto Mediterr\u00e1neo Sol\" \/>\n<meta name=\"twitter:label1\" content=\"\u00c9crit par\" \/>\n\t<meta name=\"twitter:data1\" content=\"- Instituto Mediterr\u00e1neo Sol\" \/>\n\t<meta name=\"twitter:label2\" content=\"Dur\u00e9e de lecture estim\u00e9e\" \/>\n\t<meta name=\"twitter:data2\" content=\"2 minutes\" \/>\n<script type=\"application\/ld+json\" class=\"yoast-schema-graph\">{\"@context\":\"https:\\\/\\\/schema.org\",\"@graph\":[{\"@type\":\"Article\",\"@id\":\"https:\\\/\\\/www.inmsol.com\\\/fr\\\/blog-fr-fr\\\/spanish-and-latin-american-culture-literature-and-history-fr\\\/mardi-13-un-jour-de-malchance\\\/#article\",\"isPartOf\":{\"@id\":\"https:\\\/\\\/www.inmsol.com\\\/fr\\\/blog-fr-fr\\\/spanish-and-latin-american-culture-literature-and-history-fr\\\/mardi-13-un-jour-de-malchance\\\/\"},\"author\":{\"name\":\"- Instituto Mediterr\u00e1neo Sol\",\"@id\":\"https:\\\/\\\/www.inmsol.com\\\/fr\\\/#\\\/schema\\\/person\\\/94a7a01d14a56d1fbc49c841ffc57fe9\"},\"headline\":\"Mardi 13: un jour de malchance?\",\"datePublished\":\"2019-08-13T11:10:13+00:00\",\"dateModified\":\"2019-08-13T11:13:58+00:00\",\"mainEntityOfPage\":{\"@id\":\"https:\\\/\\\/www.inmsol.com\\\/fr\\\/blog-fr-fr\\\/spanish-and-latin-american-culture-literature-and-history-fr\\\/mardi-13-un-jour-de-malchance\\\/\"},\"wordCount\":484,\"publisher\":{\"@id\":\"https:\\\/\\\/www.inmsol.com\\\/fr\\\/#organization\"},\"image\":{\"@id\":\"https:\\\/\\\/www.inmsol.com\\\/fr\\\/blog-fr-fr\\\/spanish-and-latin-american-culture-literature-and-history-fr\\\/mardi-13-un-jour-de-malchance\\\/#primaryimage\"},\"thumbnailUrl\":\"https:\\\/\\\/www.inmsol.com\\\/wp-content\\\/uploads\\\/2019\\\/08\\\/Martes-13.jpg\",\"articleSection\":[\"Spanish and Latin-American Culture, Literature and History\"],\"inLanguage\":\"fr-FR\"},{\"@type\":\"WebPage\",\"@id\":\"https:\\\/\\\/www.inmsol.com\\\/fr\\\/blog-fr-fr\\\/spanish-and-latin-american-culture-literature-and-history-fr\\\/mardi-13-un-jour-de-malchance\\\/\",\"url\":\"https:\\\/\\\/www.inmsol.com\\\/fr\\\/blog-fr-fr\\\/spanish-and-latin-american-culture-literature-and-history-fr\\\/mardi-13-un-jour-de-malchance\\\/\",\"name\":\"Mardi 13: un jour de malchance? Mardi 13\",\"isPartOf\":{\"@id\":\"https:\\\/\\\/www.inmsol.com\\\/fr\\\/#website\"},\"primaryImageOfPage\":{\"@id\":\"https:\\\/\\\/www.inmsol.com\\\/fr\\\/blog-fr-fr\\\/spanish-and-latin-american-culture-literature-and-history-fr\\\/mardi-13-un-jour-de-malchance\\\/#primaryimage\"},\"image\":{\"@id\":\"https:\\\/\\\/www.inmsol.com\\\/fr\\\/blog-fr-fr\\\/spanish-and-latin-american-culture-literature-and-history-fr\\\/mardi-13-un-jour-de-malchance\\\/#primaryimage\"},\"thumbnailUrl\":\"https:\\\/\\\/www.inmsol.com\\\/wp-content\\\/uploads\\\/2019\\\/08\\\/Martes-13.jpg\",\"datePublished\":\"2019-08-13T11:10:13+00:00\",\"dateModified\":\"2019-08-13T11:13:58+00:00\",\"description\":\"Espagne et les pays hispaniques pensent que mardi 13 es un jour de malchance. Il a probablement \u00e9t\u00e9 provoqu\u00e9 par la chute de l'Empire romain.\",\"breadcrumb\":{\"@id\":\"https:\\\/\\\/www.inmsol.com\\\/fr\\\/blog-fr-fr\\\/spanish-and-latin-american-culture-literature-and-history-fr\\\/mardi-13-un-jour-de-malchance\\\/#breadcrumb\"},\"inLanguage\":\"fr-FR\",\"potentialAction\":[{\"@type\":\"ReadAction\",\"target\":[\"https:\\\/\\\/www.inmsol.com\\\/fr\\\/blog-fr-fr\\\/spanish-and-latin-american-culture-literature-and-history-fr\\\/mardi-13-un-jour-de-malchance\\\/\"]}]},{\"@type\":\"ImageObject\",\"inLanguage\":\"fr-FR\",\"@id\":\"https:\\\/\\\/www.inmsol.com\\\/fr\\\/blog-fr-fr\\\/spanish-and-latin-american-culture-literature-and-history-fr\\\/mardi-13-un-jour-de-malchance\\\/#primaryimage\",\"url\":\"https:\\\/\\\/www.inmsol.com\\\/wp-content\\\/uploads\\\/2019\\\/08\\\/Martes-13.jpg\",\"contentUrl\":\"https:\\\/\\\/www.inmsol.com\\\/wp-content\\\/uploads\\\/2019\\\/08\\\/Martes-13.jpg\",\"width\":1000,\"height\":559},{\"@type\":\"BreadcrumbList\",\"@id\":\"https:\\\/\\\/www.inmsol.com\\\/fr\\\/blog-fr-fr\\\/spanish-and-latin-american-culture-literature-and-history-fr\\\/mardi-13-un-jour-de-malchance\\\/#breadcrumb\",\"itemListElement\":[{\"@type\":\"ListItem\",\"position\":1,\"name\":\"Accredited Center by Instituto Cervantes\",\"item\":\"https:\\\/\\\/www.inmsol.com\\\/fr\\\/pagina-ejemplo\\\/\"},{\"@type\":\"ListItem\",\"position\":2,\"name\":\"Blog\",\"item\":\"https:\\\/\\\/www.inmsol.com\\\/fr\\\/category\\\/blog-fr-fr\\\/\"},{\"@type\":\"ListItem\",\"position\":3,\"name\":\"Spanish and Latin-American Culture, Literature and History\",\"item\":\"https:\\\/\\\/www.inmsol.com\\\/fr\\\/category\\\/blog-fr-fr\\\/spanish-and-latin-american-culture-literature-and-history-fr\\\/\"},{\"@type\":\"ListItem\",\"position\":4,\"name\":\"Mardi 13: un jour de malchance?\"}]},{\"@type\":\"WebSite\",\"@id\":\"https:\\\/\\\/www.inmsol.com\\\/fr\\\/#website\",\"url\":\"https:\\\/\\\/www.inmsol.com\\\/fr\\\/\",\"name\":\"iNMSOL\",\"description\":\"Apprenez l'espagnol avec nous - Centre de formation affili\u00e9 \u00e0 l'Institute Cervantes\",\"publisher\":{\"@id\":\"https:\\\/\\\/www.inmsol.com\\\/fr\\\/#organization\"},\"potentialAction\":[{\"@type\":\"SearchAction\",\"target\":{\"@type\":\"EntryPoint\",\"urlTemplate\":\"https:\\\/\\\/www.inmsol.com\\\/fr\\\/?s={search_term_string}\"},\"query-input\":{\"@type\":\"PropertyValueSpecification\",\"valueRequired\":true,\"valueName\":\"search_term_string\"}}],\"inLanguage\":\"fr-FR\"},{\"@type\":\"Organization\",\"@id\":\"https:\\\/\\\/www.inmsol.com\\\/fr\\\/#organization\",\"name\":\"Instituto Mediterr\u00e1neo Sol\",\"url\":\"https:\\\/\\\/www.inmsol.com\\\/fr\\\/\",\"logo\":{\"@type\":\"ImageObject\",\"inLanguage\":\"fr-FR\",\"@id\":\"https:\\\/\\\/www.inmsol.com\\\/fr\\\/#\\\/schema\\\/logo\\\/image\\\/\",\"url\":\"https:\\\/\\\/www.inmsol.com\\\/wp-content\\\/uploads\\\/2023\\\/06\\\/logo-inmsol-1.png\",\"contentUrl\":\"https:\\\/\\\/www.inmsol.com\\\/wp-content\\\/uploads\\\/2023\\\/06\\\/logo-inmsol-1.png\",\"width\":136,\"height\":73,\"caption\":\"Instituto Mediterr\u00e1neo Sol\"},\"image\":{\"@id\":\"https:\\\/\\\/www.inmsol.com\\\/fr\\\/#\\\/schema\\\/logo\\\/image\\\/\"},\"sameAs\":[\"https:\\\/\\\/www.facebook.com\\\/spanishcourses\",\"https:\\\/\\\/x.com\\\/StudyInGranada\",\"http:\\\/\\\/instagram.com\\\/imsolgranada\",\"https:\\\/\\\/es.linkedin.com\\\/company\\\/imsol-granada\",\"https:\\\/\\\/www.pinterest.es\\\/inmsol\\\/\",\"https:\\\/\\\/www.youtube.com\\\/channel\\\/UChz-Qn_7coFMosY85iYMO4g\"]},{\"@type\":\"Person\",\"@id\":\"https:\\\/\\\/www.inmsol.com\\\/fr\\\/#\\\/schema\\\/person\\\/94a7a01d14a56d1fbc49c841ffc57fe9\",\"name\":\"- Instituto Mediterr\u00e1neo Sol\",\"image\":{\"@type\":\"ImageObject\",\"inLanguage\":\"fr-FR\",\"@id\":\"https:\\\/\\\/secure.gravatar.com\\\/avatar\\\/5607fdabdf1b548b6095cc3d43079829bc1497403e70dd34004e7204a8fef62b?s=96&d=mm&r=g\",\"url\":\"https:\\\/\\\/secure.gravatar.com\\\/avatar\\\/5607fdabdf1b548b6095cc3d43079829bc1497403e70dd34004e7204a8fef62b?s=96&d=mm&r=g\",\"contentUrl\":\"https:\\\/\\\/secure.gravatar.com\\\/avatar\\\/5607fdabdf1b548b6095cc3d43079829bc1497403e70dd34004e7204a8fef62b?s=96&d=mm&r=g\",\"caption\":\"- Instituto Mediterr\u00e1neo Sol\"},\"url\":\"https:\\\/\\\/www.inmsol.com\\\/fr\\\/author\\\/laura\\\/\"}]}<\/script>\n<!-- \/ Yoast SEO plugin. -->","yoast_head_json":{"title":"Mardi 13: un jour de malchance? Mardi 13","description":"Espagne et les pays hispaniques pensent que mardi 13 es un jour de malchance. Il a probablement \u00e9t\u00e9 provoqu\u00e9 par la chute de l'Empire romain.","robots":{"index":"index","follow":"follow","max-snippet":"max-snippet:-1","max-image-preview":"max-image-preview:large","max-video-preview":"max-video-preview:-1"},"canonical":"https:\/\/www.inmsol.com\/fr\/blog-fr-fr\/spanish-and-latin-american-culture-literature-and-history-fr\/mardi-13-un-jour-de-malchance\/","og_locale":"fr_FR","og_type":"article","og_title":"Mardi 13: un jour de malchance? Mardi 13","og_description":"Espagne et les pays hispaniques pensent que mardi 13 es un jour de malchance. Il a probablement \u00e9t\u00e9 provoqu\u00e9 par la chute de l'Empire romain.","og_url":"https:\/\/www.inmsol.com\/fr\/blog-fr-fr\/spanish-and-latin-american-culture-literature-and-history-fr\/mardi-13-un-jour-de-malchance\/","og_site_name":"iNMSOL","article_publisher":"https:\/\/www.facebook.com\/spanishcourses","article_published_time":"2019-08-13T11:10:13+00:00","article_modified_time":"2019-08-13T11:13:58+00:00","og_image":[{"width":1000,"height":559,"url":"https:\/\/www.inmsol.com\/wp-content\/uploads\/2019\/08\/Martes-13.jpg","type":"image\/jpeg"}],"author":"- Instituto Mediterr\u00e1neo Sol","twitter_misc":{"\u00c9crit par":"- Instituto Mediterr\u00e1neo Sol","Dur\u00e9e de lecture estim\u00e9e":"2 minutes"},"schema":{"@context":"https:\/\/schema.org","@graph":[{"@type":"Article","@id":"https:\/\/www.inmsol.com\/fr\/blog-fr-fr\/spanish-and-latin-american-culture-literature-and-history-fr\/mardi-13-un-jour-de-malchance\/#article","isPartOf":{"@id":"https:\/\/www.inmsol.com\/fr\/blog-fr-fr\/spanish-and-latin-american-culture-literature-and-history-fr\/mardi-13-un-jour-de-malchance\/"},"author":{"name":"- Instituto Mediterr\u00e1neo Sol","@id":"https:\/\/www.inmsol.com\/fr\/#\/schema\/person\/94a7a01d14a56d1fbc49c841ffc57fe9"},"headline":"Mardi 13: un jour de malchance?","datePublished":"2019-08-13T11:10:13+00:00","dateModified":"2019-08-13T11:13:58+00:00","mainEntityOfPage":{"@id":"https:\/\/www.inmsol.com\/fr\/blog-fr-fr\/spanish-and-latin-american-culture-literature-and-history-fr\/mardi-13-un-jour-de-malchance\/"},"wordCount":484,"publisher":{"@id":"https:\/\/www.inmsol.com\/fr\/#organization"},"image":{"@id":"https:\/\/www.inmsol.com\/fr\/blog-fr-fr\/spanish-and-latin-american-culture-literature-and-history-fr\/mardi-13-un-jour-de-malchance\/#primaryimage"},"thumbnailUrl":"https:\/\/www.inmsol.com\/wp-content\/uploads\/2019\/08\/Martes-13.jpg","articleSection":["Spanish and Latin-American Culture, Literature and History"],"inLanguage":"fr-FR"},{"@type":"WebPage","@id":"https:\/\/www.inmsol.com\/fr\/blog-fr-fr\/spanish-and-latin-american-culture-literature-and-history-fr\/mardi-13-un-jour-de-malchance\/","url":"https:\/\/www.inmsol.com\/fr\/blog-fr-fr\/spanish-and-latin-american-culture-literature-and-history-fr\/mardi-13-un-jour-de-malchance\/","name":"Mardi 13: un jour de malchance? Mardi 13","isPartOf":{"@id":"https:\/\/www.inmsol.com\/fr\/#website"},"primaryImageOfPage":{"@id":"https:\/\/www.inmsol.com\/fr\/blog-fr-fr\/spanish-and-latin-american-culture-literature-and-history-fr\/mardi-13-un-jour-de-malchance\/#primaryimage"},"image":{"@id":"https:\/\/www.inmsol.com\/fr\/blog-fr-fr\/spanish-and-latin-american-culture-literature-and-history-fr\/mardi-13-un-jour-de-malchance\/#primaryimage"},"thumbnailUrl":"https:\/\/www.inmsol.com\/wp-content\/uploads\/2019\/08\/Martes-13.jpg","datePublished":"2019-08-13T11:10:13+00:00","dateModified":"2019-08-13T11:13:58+00:00","description":"Espagne et les pays hispaniques pensent que mardi 13 es un jour de malchance. Il a probablement \u00e9t\u00e9 provoqu\u00e9 par la chute de l'Empire romain.","breadcrumb":{"@id":"https:\/\/www.inmsol.com\/fr\/blog-fr-fr\/spanish-and-latin-american-culture-literature-and-history-fr\/mardi-13-un-jour-de-malchance\/#breadcrumb"},"inLanguage":"fr-FR","potentialAction":[{"@type":"ReadAction","target":["https:\/\/www.inmsol.com\/fr\/blog-fr-fr\/spanish-and-latin-american-culture-literature-and-history-fr\/mardi-13-un-jour-de-malchance\/"]}]},{"@type":"ImageObject","inLanguage":"fr-FR","@id":"https:\/\/www.inmsol.com\/fr\/blog-fr-fr\/spanish-and-latin-american-culture-literature-and-history-fr\/mardi-13-un-jour-de-malchance\/#primaryimage","url":"https:\/\/www.inmsol.com\/wp-content\/uploads\/2019\/08\/Martes-13.jpg","contentUrl":"https:\/\/www.inmsol.com\/wp-content\/uploads\/2019\/08\/Martes-13.jpg","width":1000,"height":559},{"@type":"BreadcrumbList","@id":"https:\/\/www.inmsol.com\/fr\/blog-fr-fr\/spanish-and-latin-american-culture-literature-and-history-fr\/mardi-13-un-jour-de-malchance\/#breadcrumb","itemListElement":[{"@type":"ListItem","position":1,"name":"Accredited Center by Instituto Cervantes","item":"https:\/\/www.inmsol.com\/fr\/pagina-ejemplo\/"},{"@type":"ListItem","position":2,"name":"Blog","item":"https:\/\/www.inmsol.com\/fr\/category\/blog-fr-fr\/"},{"@type":"ListItem","position":3,"name":"Spanish and Latin-American Culture, Literature and History","item":"https:\/\/www.inmsol.com\/fr\/category\/blog-fr-fr\/spanish-and-latin-american-culture-literature-and-history-fr\/"},{"@type":"ListItem","position":4,"name":"Mardi 13: un jour de malchance?"}]},{"@type":"WebSite","@id":"https:\/\/www.inmsol.com\/fr\/#website","url":"https:\/\/www.inmsol.com\/fr\/","name":"iNMSOL","description":"Apprenez l'espagnol avec nous - Centre de formation affili\u00e9 \u00e0 l'Institute Cervantes","publisher":{"@id":"https:\/\/www.inmsol.com\/fr\/#organization"},"potentialAction":[{"@type":"SearchAction","target":{"@type":"EntryPoint","urlTemplate":"https:\/\/www.inmsol.com\/fr\/?s={search_term_string}"},"query-input":{"@type":"PropertyValueSpecification","valueRequired":true,"valueName":"search_term_string"}}],"inLanguage":"fr-FR"},{"@type":"Organization","@id":"https:\/\/www.inmsol.com\/fr\/#organization","name":"Instituto Mediterr\u00e1neo Sol","url":"https:\/\/www.inmsol.com\/fr\/","logo":{"@type":"ImageObject","inLanguage":"fr-FR","@id":"https:\/\/www.inmsol.com\/fr\/#\/schema\/logo\/image\/","url":"https:\/\/www.inmsol.com\/wp-content\/uploads\/2023\/06\/logo-inmsol-1.png","contentUrl":"https:\/\/www.inmsol.com\/wp-content\/uploads\/2023\/06\/logo-inmsol-1.png","width":136,"height":73,"caption":"Instituto Mediterr\u00e1neo Sol"},"image":{"@id":"https:\/\/www.inmsol.com\/fr\/#\/schema\/logo\/image\/"},"sameAs":["https:\/\/www.facebook.com\/spanishcourses","https:\/\/x.com\/StudyInGranada","http:\/\/instagram.com\/imsolgranada","https:\/\/es.linkedin.com\/company\/imsol-granada","https:\/\/www.pinterest.es\/inmsol\/","https:\/\/www.youtube.com\/channel\/UChz-Qn_7coFMosY85iYMO4g"]},{"@type":"Person","@id":"https:\/\/www.inmsol.com\/fr\/#\/schema\/person\/94a7a01d14a56d1fbc49c841ffc57fe9","name":"- Instituto Mediterr\u00e1neo Sol","image":{"@type":"ImageObject","inLanguage":"fr-FR","@id":"https:\/\/secure.gravatar.com\/avatar\/5607fdabdf1b548b6095cc3d43079829bc1497403e70dd34004e7204a8fef62b?s=96&d=mm&r=g","url":"https:\/\/secure.gravatar.com\/avatar\/5607fdabdf1b548b6095cc3d43079829bc1497403e70dd34004e7204a8fef62b?s=96&d=mm&r=g","contentUrl":"https:\/\/secure.gravatar.com\/avatar\/5607fdabdf1b548b6095cc3d43079829bc1497403e70dd34004e7204a8fef62b?s=96&d=mm&r=g","caption":"- Instituto Mediterr\u00e1neo Sol"},"url":"https:\/\/www.inmsol.com\/fr\/author\/laura\/"}]}},"_links":{"self":[{"href":"https:\/\/www.inmsol.com\/fr\/wp-json\/wp\/v2\/posts\/45466","targetHints":{"allow":["GET"]}}],"collection":[{"href":"https:\/\/www.inmsol.com\/fr\/wp-json\/wp\/v2\/posts"}],"about":[{"href":"https:\/\/www.inmsol.com\/fr\/wp-json\/wp\/v2\/types\/post"}],"author":[{"embeddable":true,"href":"https:\/\/www.inmsol.com\/fr\/wp-json\/wp\/v2\/users\/3"}],"replies":[{"embeddable":true,"href":"https:\/\/www.inmsol.com\/fr\/wp-json\/wp\/v2\/comments?post=45466"}],"version-history":[{"count":0,"href":"https:\/\/www.inmsol.com\/fr\/wp-json\/wp\/v2\/posts\/45466\/revisions"}],"wp:featuredmedia":[{"embeddable":true,"href":"https:\/\/www.inmsol.com\/fr\/wp-json\/wp\/v2\/media\/45447"}],"wp:attachment":[{"href":"https:\/\/www.inmsol.com\/fr\/wp-json\/wp\/v2\/media?parent=45466"}],"wp:term":[{"taxonomy":"category","embeddable":true,"href":"https:\/\/www.inmsol.com\/fr\/wp-json\/wp\/v2\/categories?post=45466"},{"taxonomy":"post_tag","embeddable":true,"href":"https:\/\/www.inmsol.com\/fr\/wp-json\/wp\/v2\/tags?post=45466"}],"curies":[{"name":"wp","href":"https:\/\/api.w.org\/{rel}","templated":true}]}}