{"id":47584,"date":"2019-09-27T13:59:44","date_gmt":"2019-09-27T11:59:44","guid":{"rendered":"https:\/\/www.inmsol.com\/blog-fr-fr\/nuit-europeenne-des-chercheurs\/"},"modified":"2019-10-01T17:48:57","modified_gmt":"2019-10-01T15:48:57","slug":"nuit-europeenne-des-chercheurs","status":"publish","type":"post","link":"https:\/\/www.inmsol.com\/fr\/blog-fr-fr\/nuit-europeenne-des-chercheurs\/","title":{"rendered":"Nuit europ\u00e9enne des chercheurs"},"content":{"rendered":"<p>Aujourd&rsquo;hui vendredi 27 septembre est un grand jour pour notre ville et pour toute l&rsquo;Europe. Pr\u00e8s de 400 villes de 30 pays europ\u00e9ens c\u00e9l\u00e9breront la \u00ab\u00a0<a href=\"https:\/\/lanochedelosinvestigadores.fundaciondescubre.es\/granada\/\" target=\"_blank\" rel=\"noopener noreferrer\">Nuit europ\u00e9enne des chercheurs<\/a>\u00a0\u00bb pour la septi\u00e8me ann\u00e9e cons\u00e9cutive. Ce sera une nuit de loisirs et de culture o\u00f9 adultes et enfants d\u00e9couvriront comment les hommes et les femmes pratiquent la science. <a href=\"https:\/\/www.inmsol.com\/fr\/\" target=\"_blank\" rel=\"noopener noreferrer\">iNMSOL<\/a> expliquera ce que c&rsquo;est et ce qu&rsquo;il va faire.<\/p>\n<p>Ici \u00e0 Grenade, vous pourrez profiter de la nuit au Paseo del Sal\u00f3n, o\u00f9 de nombreuses activit\u00e9s, ateliers, d\u00e9monstrations et spectacles auront lieu. Les universit\u00e9s de Grenade, la Fondation andalouse pour le progr\u00e8s et la sant\u00e9, l\u2019Institut de parasitologie et de biom\u00e9decine Lopez-Neyra sont trois des organisations qui se d\u00e9marquent lors de cet \u00e9v\u00e9nement.<\/p>\n<p><a href=\"https:\/\/www.inmsol.com\/wp-content\/uploads\/2019\/09\/maxresdefault.jpg\"><img fetchpriority=\"high\" decoding=\"async\" class=\"aligncenter size-full wp-image-47562\" src=\"https:\/\/www.inmsol.com\/wp-content\/uploads\/2019\/09\/maxresdefault.jpg\" alt=\"\" width=\"1280\" height=\"720\" srcset=\"https:\/\/www.inmsol.com\/wp-content\/uploads\/2019\/09\/maxresdefault.jpg 1280w, https:\/\/www.inmsol.com\/wp-content\/uploads\/2019\/09\/maxresdefault-800x450.jpg 800w, https:\/\/www.inmsol.com\/wp-content\/uploads\/2019\/09\/maxresdefault-64x36.jpg 64w, https:\/\/www.inmsol.com\/wp-content\/uploads\/2019\/09\/maxresdefault-460x259.jpg 460w, https:\/\/www.inmsol.com\/wp-content\/uploads\/2019\/09\/maxresdefault-768x432.jpg 768w, https:\/\/www.inmsol.com\/wp-content\/uploads\/2019\/09\/maxresdefault-1024x576.jpg 1024w, https:\/\/www.inmsol.com\/wp-content\/uploads\/2019\/09\/maxresdefault-250x141.jpg 250w, https:\/\/www.inmsol.com\/wp-content\/uploads\/2019\/09\/maxresdefault-600x338.jpg 600w\" sizes=\"(max-width: 1280px) 100vw, 1280px\" \/><\/a><\/p>\n<p>Les sciences sociales, l\u2019histoire, les arts, l\u2019environnement, les sciences de la Terre, la philosophie, la m\u00e9decine, la biologie, l\u2019arch\u00e9ologie, les nouvelles technologies, la philologie, l\u2019ing\u00e9nierie, l\u2019architecture et autres, font partie des sujets abord\u00e9s. Ils peuvent \u00eatre accessible \u00e0 tous ceux qui sont int\u00e9ress\u00e9s.<\/p>\n<p>L\u2019objectif principal est de \u00abrapprocher la science et les personnes qui s\u2019int\u00e9ressent au grand public, de d\u00e9montrer de mani\u00e8re pratique et ludique la relation entre la recherche et la vie quotidienne et de diffuser les \u00e9tudes scientifiques parmi les jeunes.\u00bb<\/p>\n<p>Pour cette raison, il est conseill\u00e9 de participer aux activit\u00e9s qui vous plaisent et de profiter d\u2019une nuit diff\u00e9rente dans notre ville, l\u2019une des plus belles et des plus culturelles capitales andalouses.<\/p>\n","protected":false},"excerpt":{"rendered":"<p>Aujourd&rsquo;hui vendredi 27 septembre est un grand jour pour notre ville et pour toute l&rsquo;Europe. Pr\u00e8s de 400 villes de 30 pays europ\u00e9ens c\u00e9l\u00e9breront la \u00ab\u00a0Nuit europ\u00e9enne des chercheurs\u00a0\u00bb pour la septi\u00e8me ann\u00e9e cons\u00e9cutive. Ce sera une nuit de loisirs et de culture o\u00f9 adultes&#8230;<\/p>\n","protected":false},"author":3,"featured_media":47569,"comment_status":"closed","ping_status":"closed","sticky":false,"template":"","format":"standard","meta":{"_acf_changed":false,"footnotes":""},"categories":[4],"tags":[],"class_list":["post-47584","post","type-post","status-publish","format-standard","has-post-thumbnail","hentry","category-blog-fr-fr"],"acf":[],"yoast_head":"<!-- This site is optimized with the Yoast SEO plugin v27.5 - https:\/\/yoast.com\/product\/yoast-seo-wordpress\/ -->\n<title>Nuit europ\u00e9enne des chercheurs - Activit\u00e9es en Grenade<\/title>\n<meta name=\"description\" content=\"Aujourd&#039;hui vendredi 27 septembre est un grand jour pour notre ville et pour toute l&#039;Europe. NMSOL expliquera ce que c&#039;est et ce qu&#039;il va faire.\" \/>\n<meta name=\"robots\" content=\"index, follow, max-snippet:-1, max-image-preview:large, max-video-preview:-1\" \/>\n<link rel=\"canonical\" href=\"https:\/\/www.inmsol.com\/fr\/blog-fr-fr\/nuit-europeenne-des-chercheurs\/\" \/>\n<meta property=\"og:locale\" content=\"fr_FR\" \/>\n<meta property=\"og:type\" content=\"article\" \/>\n<meta property=\"og:title\" content=\"Nuit europ\u00e9enne des chercheurs - Activit\u00e9es en Grenade\" \/>\n<meta property=\"og:description\" content=\"Aujourd&#039;hui vendredi 27 septembre est un grand jour pour notre ville et pour toute l&#039;Europe. NMSOL expliquera ce que c&#039;est et ce qu&#039;il va faire.\" \/>\n<meta property=\"og:url\" content=\"https:\/\/www.inmsol.com\/fr\/blog-fr-fr\/nuit-europeenne-des-chercheurs\/\" \/>\n<meta property=\"og:site_name\" content=\"iNMSOL\" \/>\n<meta property=\"article:publisher\" content=\"https:\/\/www.facebook.com\/spanishcourses\" \/>\n<meta property=\"article:published_time\" content=\"2019-09-27T11:59:44+00:00\" \/>\n<meta property=\"article:modified_time\" content=\"2019-10-01T15:48:57+00:00\" \/>\n<meta property=\"og:image\" content=\"https:\/\/www.inmsol.com\/wp-content\/uploads\/2019\/09\/1c264aNOCHE-EUROPEA-DE-LOS-INVESTIGADORES.png\" \/>\n\t<meta property=\"og:image:width\" content=\"1280\" \/>\n\t<meta property=\"og:image:height\" content=\"481\" \/>\n\t<meta property=\"og:image:type\" content=\"image\/png\" \/>\n<meta name=\"author\" content=\"- Instituto Mediterr\u00e1neo Sol\" \/>\n<meta name=\"twitter:label1\" content=\"\u00c9crit par\" \/>\n\t<meta name=\"twitter:data1\" content=\"- Instituto Mediterr\u00e1neo Sol\" \/>\n\t<meta name=\"twitter:label2\" content=\"Dur\u00e9e de lecture estim\u00e9e\" \/>\n\t<meta name=\"twitter:data2\" content=\"1 minute\" \/>\n<script type=\"application\/ld+json\" class=\"yoast-schema-graph\">{\"@context\":\"https:\\\/\\\/schema.org\",\"@graph\":[{\"@type\":\"Article\",\"@id\":\"https:\\\/\\\/www.inmsol.com\\\/fr\\\/blog-fr-fr\\\/nuit-europeenne-des-chercheurs\\\/#article\",\"isPartOf\":{\"@id\":\"https:\\\/\\\/www.inmsol.com\\\/fr\\\/blog-fr-fr\\\/nuit-europeenne-des-chercheurs\\\/\"},\"author\":{\"name\":\"- Instituto Mediterr\u00e1neo Sol\",\"@id\":\"https:\\\/\\\/www.inmsol.com\\\/fr\\\/#\\\/schema\\\/person\\\/94a7a01d14a56d1fbc49c841ffc57fe9\"},\"headline\":\"Nuit europ\u00e9enne des chercheurs\",\"datePublished\":\"2019-09-27T11:59:44+00:00\",\"dateModified\":\"2019-10-01T15:48:57+00:00\",\"mainEntityOfPage\":{\"@id\":\"https:\\\/\\\/www.inmsol.com\\\/fr\\\/blog-fr-fr\\\/nuit-europeenne-des-chercheurs\\\/\"},\"wordCount\":278,\"publisher\":{\"@id\":\"https:\\\/\\\/www.inmsol.com\\\/fr\\\/#organization\"},\"image\":{\"@id\":\"https:\\\/\\\/www.inmsol.com\\\/fr\\\/blog-fr-fr\\\/nuit-europeenne-des-chercheurs\\\/#primaryimage\"},\"thumbnailUrl\":\"https:\\\/\\\/www.inmsol.com\\\/wp-content\\\/uploads\\\/2019\\\/09\\\/1c264aNOCHE-EUROPEA-DE-LOS-INVESTIGADORES.png\",\"articleSection\":[\"Blog\"],\"inLanguage\":\"fr-FR\"},{\"@type\":\"WebPage\",\"@id\":\"https:\\\/\\\/www.inmsol.com\\\/fr\\\/blog-fr-fr\\\/nuit-europeenne-des-chercheurs\\\/\",\"url\":\"https:\\\/\\\/www.inmsol.com\\\/fr\\\/blog-fr-fr\\\/nuit-europeenne-des-chercheurs\\\/\",\"name\":\"Nuit europ\u00e9enne des chercheurs - Activit\u00e9es en Grenade\",\"isPartOf\":{\"@id\":\"https:\\\/\\\/www.inmsol.com\\\/fr\\\/#website\"},\"primaryImageOfPage\":{\"@id\":\"https:\\\/\\\/www.inmsol.com\\\/fr\\\/blog-fr-fr\\\/nuit-europeenne-des-chercheurs\\\/#primaryimage\"},\"image\":{\"@id\":\"https:\\\/\\\/www.inmsol.com\\\/fr\\\/blog-fr-fr\\\/nuit-europeenne-des-chercheurs\\\/#primaryimage\"},\"thumbnailUrl\":\"https:\\\/\\\/www.inmsol.com\\\/wp-content\\\/uploads\\\/2019\\\/09\\\/1c264aNOCHE-EUROPEA-DE-LOS-INVESTIGADORES.png\",\"datePublished\":\"2019-09-27T11:59:44+00:00\",\"dateModified\":\"2019-10-01T15:48:57+00:00\",\"description\":\"Aujourd'hui vendredi 27 septembre est un grand jour pour notre ville et pour toute l'Europe. NMSOL expliquera ce que c'est et ce qu'il va faire.\",\"breadcrumb\":{\"@id\":\"https:\\\/\\\/www.inmsol.com\\\/fr\\\/blog-fr-fr\\\/nuit-europeenne-des-chercheurs\\\/#breadcrumb\"},\"inLanguage\":\"fr-FR\",\"potentialAction\":[{\"@type\":\"ReadAction\",\"target\":[\"https:\\\/\\\/www.inmsol.com\\\/fr\\\/blog-fr-fr\\\/nuit-europeenne-des-chercheurs\\\/\"]}]},{\"@type\":\"ImageObject\",\"inLanguage\":\"fr-FR\",\"@id\":\"https:\\\/\\\/www.inmsol.com\\\/fr\\\/blog-fr-fr\\\/nuit-europeenne-des-chercheurs\\\/#primaryimage\",\"url\":\"https:\\\/\\\/www.inmsol.com\\\/wp-content\\\/uploads\\\/2019\\\/09\\\/1c264aNOCHE-EUROPEA-DE-LOS-INVESTIGADORES.png\",\"contentUrl\":\"https:\\\/\\\/www.inmsol.com\\\/wp-content\\\/uploads\\\/2019\\\/09\\\/1c264aNOCHE-EUROPEA-DE-LOS-INVESTIGADORES.png\",\"width\":1280,\"height\":481,\"caption\":\"Noche Europea de los Investigadores Granada 2019\"},{\"@type\":\"BreadcrumbList\",\"@id\":\"https:\\\/\\\/www.inmsol.com\\\/fr\\\/blog-fr-fr\\\/nuit-europeenne-des-chercheurs\\\/#breadcrumb\",\"itemListElement\":[{\"@type\":\"ListItem\",\"position\":1,\"name\":\"Accredited Center by Instituto Cervantes\",\"item\":\"https:\\\/\\\/www.inmsol.com\\\/fr\\\/pagina-ejemplo\\\/\"},{\"@type\":\"ListItem\",\"position\":2,\"name\":\"Blog\",\"item\":\"https:\\\/\\\/www.inmsol.com\\\/fr\\\/category\\\/blog-fr-fr\\\/\"},{\"@type\":\"ListItem\",\"position\":3,\"name\":\"Nuit europ\u00e9enne des chercheurs\"}]},{\"@type\":\"WebSite\",\"@id\":\"https:\\\/\\\/www.inmsol.com\\\/fr\\\/#website\",\"url\":\"https:\\\/\\\/www.inmsol.com\\\/fr\\\/\",\"name\":\"iNMSOL\",\"description\":\"Apprenez l'espagnol avec nous - Centre de formation affili\u00e9 \u00e0 l'Institute Cervantes\",\"publisher\":{\"@id\":\"https:\\\/\\\/www.inmsol.com\\\/fr\\\/#organization\"},\"potentialAction\":[{\"@type\":\"SearchAction\",\"target\":{\"@type\":\"EntryPoint\",\"urlTemplate\":\"https:\\\/\\\/www.inmsol.com\\\/fr\\\/?s={search_term_string}\"},\"query-input\":{\"@type\":\"PropertyValueSpecification\",\"valueRequired\":true,\"valueName\":\"search_term_string\"}}],\"inLanguage\":\"fr-FR\"},{\"@type\":\"Organization\",\"@id\":\"https:\\\/\\\/www.inmsol.com\\\/fr\\\/#organization\",\"name\":\"Instituto Mediterr\u00e1neo Sol\",\"url\":\"https:\\\/\\\/www.inmsol.com\\\/fr\\\/\",\"logo\":{\"@type\":\"ImageObject\",\"inLanguage\":\"fr-FR\",\"@id\":\"https:\\\/\\\/www.inmsol.com\\\/fr\\\/#\\\/schema\\\/logo\\\/image\\\/\",\"url\":\"https:\\\/\\\/www.inmsol.com\\\/wp-content\\\/uploads\\\/2023\\\/06\\\/logo-inmsol-1.png\",\"contentUrl\":\"https:\\\/\\\/www.inmsol.com\\\/wp-content\\\/uploads\\\/2023\\\/06\\\/logo-inmsol-1.png\",\"width\":136,\"height\":73,\"caption\":\"Instituto Mediterr\u00e1neo Sol\"},\"image\":{\"@id\":\"https:\\\/\\\/www.inmsol.com\\\/fr\\\/#\\\/schema\\\/logo\\\/image\\\/\"},\"sameAs\":[\"https:\\\/\\\/www.facebook.com\\\/spanishcourses\",\"https:\\\/\\\/x.com\\\/StudyInGranada\",\"http:\\\/\\\/instagram.com\\\/imsolgranada\",\"https:\\\/\\\/es.linkedin.com\\\/company\\\/imsol-granada\",\"https:\\\/\\\/www.pinterest.es\\\/inmsol\\\/\",\"https:\\\/\\\/www.youtube.com\\\/channel\\\/UChz-Qn_7coFMosY85iYMO4g\"]},{\"@type\":\"Person\",\"@id\":\"https:\\\/\\\/www.inmsol.com\\\/fr\\\/#\\\/schema\\\/person\\\/94a7a01d14a56d1fbc49c841ffc57fe9\",\"name\":\"- Instituto Mediterr\u00e1neo Sol\",\"image\":{\"@type\":\"ImageObject\",\"inLanguage\":\"fr-FR\",\"@id\":\"https:\\\/\\\/secure.gravatar.com\\\/avatar\\\/5607fdabdf1b548b6095cc3d43079829bc1497403e70dd34004e7204a8fef62b?s=96&d=mm&r=g\",\"url\":\"https:\\\/\\\/secure.gravatar.com\\\/avatar\\\/5607fdabdf1b548b6095cc3d43079829bc1497403e70dd34004e7204a8fef62b?s=96&d=mm&r=g\",\"contentUrl\":\"https:\\\/\\\/secure.gravatar.com\\\/avatar\\\/5607fdabdf1b548b6095cc3d43079829bc1497403e70dd34004e7204a8fef62b?s=96&d=mm&r=g\",\"caption\":\"- Instituto Mediterr\u00e1neo Sol\"},\"url\":\"https:\\\/\\\/www.inmsol.com\\\/fr\\\/author\\\/laura\\\/\"}]}<\/script>\n<!-- \/ Yoast SEO plugin. -->","yoast_head_json":{"title":"Nuit europ\u00e9enne des chercheurs - Activit\u00e9es en Grenade","description":"Aujourd'hui vendredi 27 septembre est un grand jour pour notre ville et pour toute l'Europe. NMSOL expliquera ce que c'est et ce qu'il va faire.","robots":{"index":"index","follow":"follow","max-snippet":"max-snippet:-1","max-image-preview":"max-image-preview:large","max-video-preview":"max-video-preview:-1"},"canonical":"https:\/\/www.inmsol.com\/fr\/blog-fr-fr\/nuit-europeenne-des-chercheurs\/","og_locale":"fr_FR","og_type":"article","og_title":"Nuit europ\u00e9enne des chercheurs - Activit\u00e9es en Grenade","og_description":"Aujourd'hui vendredi 27 septembre est un grand jour pour notre ville et pour toute l'Europe. NMSOL expliquera ce que c'est et ce qu'il va faire.","og_url":"https:\/\/www.inmsol.com\/fr\/blog-fr-fr\/nuit-europeenne-des-chercheurs\/","og_site_name":"iNMSOL","article_publisher":"https:\/\/www.facebook.com\/spanishcourses","article_published_time":"2019-09-27T11:59:44+00:00","article_modified_time":"2019-10-01T15:48:57+00:00","og_image":[{"width":1280,"height":481,"url":"https:\/\/www.inmsol.com\/wp-content\/uploads\/2019\/09\/1c264aNOCHE-EUROPEA-DE-LOS-INVESTIGADORES.png","type":"image\/png"}],"author":"- Instituto Mediterr\u00e1neo Sol","twitter_misc":{"\u00c9crit par":"- Instituto Mediterr\u00e1neo Sol","Dur\u00e9e de lecture estim\u00e9e":"1 minute"},"schema":{"@context":"https:\/\/schema.org","@graph":[{"@type":"Article","@id":"https:\/\/www.inmsol.com\/fr\/blog-fr-fr\/nuit-europeenne-des-chercheurs\/#article","isPartOf":{"@id":"https:\/\/www.inmsol.com\/fr\/blog-fr-fr\/nuit-europeenne-des-chercheurs\/"},"author":{"name":"- Instituto Mediterr\u00e1neo Sol","@id":"https:\/\/www.inmsol.com\/fr\/#\/schema\/person\/94a7a01d14a56d1fbc49c841ffc57fe9"},"headline":"Nuit europ\u00e9enne des chercheurs","datePublished":"2019-09-27T11:59:44+00:00","dateModified":"2019-10-01T15:48:57+00:00","mainEntityOfPage":{"@id":"https:\/\/www.inmsol.com\/fr\/blog-fr-fr\/nuit-europeenne-des-chercheurs\/"},"wordCount":278,"publisher":{"@id":"https:\/\/www.inmsol.com\/fr\/#organization"},"image":{"@id":"https:\/\/www.inmsol.com\/fr\/blog-fr-fr\/nuit-europeenne-des-chercheurs\/#primaryimage"},"thumbnailUrl":"https:\/\/www.inmsol.com\/wp-content\/uploads\/2019\/09\/1c264aNOCHE-EUROPEA-DE-LOS-INVESTIGADORES.png","articleSection":["Blog"],"inLanguage":"fr-FR"},{"@type":"WebPage","@id":"https:\/\/www.inmsol.com\/fr\/blog-fr-fr\/nuit-europeenne-des-chercheurs\/","url":"https:\/\/www.inmsol.com\/fr\/blog-fr-fr\/nuit-europeenne-des-chercheurs\/","name":"Nuit europ\u00e9enne des chercheurs - Activit\u00e9es en Grenade","isPartOf":{"@id":"https:\/\/www.inmsol.com\/fr\/#website"},"primaryImageOfPage":{"@id":"https:\/\/www.inmsol.com\/fr\/blog-fr-fr\/nuit-europeenne-des-chercheurs\/#primaryimage"},"image":{"@id":"https:\/\/www.inmsol.com\/fr\/blog-fr-fr\/nuit-europeenne-des-chercheurs\/#primaryimage"},"thumbnailUrl":"https:\/\/www.inmsol.com\/wp-content\/uploads\/2019\/09\/1c264aNOCHE-EUROPEA-DE-LOS-INVESTIGADORES.png","datePublished":"2019-09-27T11:59:44+00:00","dateModified":"2019-10-01T15:48:57+00:00","description":"Aujourd'hui vendredi 27 septembre est un grand jour pour notre ville et pour toute l'Europe. NMSOL expliquera ce que c'est et ce qu'il va faire.","breadcrumb":{"@id":"https:\/\/www.inmsol.com\/fr\/blog-fr-fr\/nuit-europeenne-des-chercheurs\/#breadcrumb"},"inLanguage":"fr-FR","potentialAction":[{"@type":"ReadAction","target":["https:\/\/www.inmsol.com\/fr\/blog-fr-fr\/nuit-europeenne-des-chercheurs\/"]}]},{"@type":"ImageObject","inLanguage":"fr-FR","@id":"https:\/\/www.inmsol.com\/fr\/blog-fr-fr\/nuit-europeenne-des-chercheurs\/#primaryimage","url":"https:\/\/www.inmsol.com\/wp-content\/uploads\/2019\/09\/1c264aNOCHE-EUROPEA-DE-LOS-INVESTIGADORES.png","contentUrl":"https:\/\/www.inmsol.com\/wp-content\/uploads\/2019\/09\/1c264aNOCHE-EUROPEA-DE-LOS-INVESTIGADORES.png","width":1280,"height":481,"caption":"Noche Europea de los Investigadores Granada 2019"},{"@type":"BreadcrumbList","@id":"https:\/\/www.inmsol.com\/fr\/blog-fr-fr\/nuit-europeenne-des-chercheurs\/#breadcrumb","itemListElement":[{"@type":"ListItem","position":1,"name":"Accredited Center by Instituto Cervantes","item":"https:\/\/www.inmsol.com\/fr\/pagina-ejemplo\/"},{"@type":"ListItem","position":2,"name":"Blog","item":"https:\/\/www.inmsol.com\/fr\/category\/blog-fr-fr\/"},{"@type":"ListItem","position":3,"name":"Nuit europ\u00e9enne des chercheurs"}]},{"@type":"WebSite","@id":"https:\/\/www.inmsol.com\/fr\/#website","url":"https:\/\/www.inmsol.com\/fr\/","name":"iNMSOL","description":"Apprenez l'espagnol avec nous - Centre de formation affili\u00e9 \u00e0 l'Institute Cervantes","publisher":{"@id":"https:\/\/www.inmsol.com\/fr\/#organization"},"potentialAction":[{"@type":"SearchAction","target":{"@type":"EntryPoint","urlTemplate":"https:\/\/www.inmsol.com\/fr\/?s={search_term_string}"},"query-input":{"@type":"PropertyValueSpecification","valueRequired":true,"valueName":"search_term_string"}}],"inLanguage":"fr-FR"},{"@type":"Organization","@id":"https:\/\/www.inmsol.com\/fr\/#organization","name":"Instituto Mediterr\u00e1neo Sol","url":"https:\/\/www.inmsol.com\/fr\/","logo":{"@type":"ImageObject","inLanguage":"fr-FR","@id":"https:\/\/www.inmsol.com\/fr\/#\/schema\/logo\/image\/","url":"https:\/\/www.inmsol.com\/wp-content\/uploads\/2023\/06\/logo-inmsol-1.png","contentUrl":"https:\/\/www.inmsol.com\/wp-content\/uploads\/2023\/06\/logo-inmsol-1.png","width":136,"height":73,"caption":"Instituto Mediterr\u00e1neo Sol"},"image":{"@id":"https:\/\/www.inmsol.com\/fr\/#\/schema\/logo\/image\/"},"sameAs":["https:\/\/www.facebook.com\/spanishcourses","https:\/\/x.com\/StudyInGranada","http:\/\/instagram.com\/imsolgranada","https:\/\/es.linkedin.com\/company\/imsol-granada","https:\/\/www.pinterest.es\/inmsol\/","https:\/\/www.youtube.com\/channel\/UChz-Qn_7coFMosY85iYMO4g"]},{"@type":"Person","@id":"https:\/\/www.inmsol.com\/fr\/#\/schema\/person\/94a7a01d14a56d1fbc49c841ffc57fe9","name":"- Instituto Mediterr\u00e1neo Sol","image":{"@type":"ImageObject","inLanguage":"fr-FR","@id":"https:\/\/secure.gravatar.com\/avatar\/5607fdabdf1b548b6095cc3d43079829bc1497403e70dd34004e7204a8fef62b?s=96&d=mm&r=g","url":"https:\/\/secure.gravatar.com\/avatar\/5607fdabdf1b548b6095cc3d43079829bc1497403e70dd34004e7204a8fef62b?s=96&d=mm&r=g","contentUrl":"https:\/\/secure.gravatar.com\/avatar\/5607fdabdf1b548b6095cc3d43079829bc1497403e70dd34004e7204a8fef62b?s=96&d=mm&r=g","caption":"- Instituto Mediterr\u00e1neo Sol"},"url":"https:\/\/www.inmsol.com\/fr\/author\/laura\/"}]}},"_links":{"self":[{"href":"https:\/\/www.inmsol.com\/fr\/wp-json\/wp\/v2\/posts\/47584","targetHints":{"allow":["GET"]}}],"collection":[{"href":"https:\/\/www.inmsol.com\/fr\/wp-json\/wp\/v2\/posts"}],"about":[{"href":"https:\/\/www.inmsol.com\/fr\/wp-json\/wp\/v2\/types\/post"}],"author":[{"embeddable":true,"href":"https:\/\/www.inmsol.com\/fr\/wp-json\/wp\/v2\/users\/3"}],"replies":[{"embeddable":true,"href":"https:\/\/www.inmsol.com\/fr\/wp-json\/wp\/v2\/comments?post=47584"}],"version-history":[{"count":0,"href":"https:\/\/www.inmsol.com\/fr\/wp-json\/wp\/v2\/posts\/47584\/revisions"}],"wp:featuredmedia":[{"embeddable":true,"href":"https:\/\/www.inmsol.com\/fr\/wp-json\/wp\/v2\/media\/47569"}],"wp:attachment":[{"href":"https:\/\/www.inmsol.com\/fr\/wp-json\/wp\/v2\/media?parent=47584"}],"wp:term":[{"taxonomy":"category","embeddable":true,"href":"https:\/\/www.inmsol.com\/fr\/wp-json\/wp\/v2\/categories?post=47584"},{"taxonomy":"post_tag","embeddable":true,"href":"https:\/\/www.inmsol.com\/fr\/wp-json\/wp\/v2\/tags?post=47584"}],"curies":[{"name":"wp","href":"https:\/\/api.w.org\/{rel}","templated":true}]}}