{"id":86354,"date":"2025-01-03T18:38:36","date_gmt":"2025-01-03T17:38:36","guid":{"rendered":"https:\/\/www.inmsol.com\/blog-fr-fr\/celebration-three-kings-granada\/"},"modified":"2025-01-03T18:42:16","modified_gmt":"2025-01-03T17:42:16","slug":"celebration-three-kings-granada","status":"publish","type":"post","link":"https:\/\/www.inmsol.com\/fr\/blog-fr-fr\/celebration-three-kings-granada\/","title":{"rendered":"Celebration of the Three Kings in Granada"},"content":{"rendered":"<h4>The Three Kings in Granada: the most special day of the year is here!\u00a0 Here\u2019s everything you need to know about the celebration of the Three Kings&rsquo; Day.<\/h4>\n<p>In <a href=\"https:\/\/www.inmsol.com\/fr\/granada\/\" target=\"_blank\" rel=\"noopener\">Granada<\/a>, as in all of Spain, we celebrated it on January 6. Want to know how we celebrate it?<\/p>\n<p>&nbsp;<\/p>\n<h3>The Origin of the Celebration of the Three Kings<\/h3>\n<p><a href=\"https:\/\/www.inmsol.com\/blog\/spanish-culture-history-es\/three-magic-kings-day-celebration-in-spain\/\" target=\"_blank\" rel=\"noopener\">The celebration of the Three Kings<\/a>, also known as the Epiphany of the Lord, is celebrated in Spain every January 6. This Christian tradition describes the visit of three wise men from the East to the infant Jesus, guided by a star. These Kings offered gold, frankincense, and myrrh as symbols of his royalty, divinity, and humanity. Their names are Melchior, Caspar, and Balthazar.<\/p>\n<p>In Spain, Three Kings&rsquo; Day represents a moment of joy, generosity, and togetherness, marking the close of the Christmas celebrations.<\/p>\n<p><img fetchpriority=\"high\" decoding=\"async\" class=\"aligncenter size-full wp-image-86332\" src=\"https:\/\/www.inmsol.com\/wp-content\/uploads\/2025\/01\/Reyes-Magos.jpg\" alt=\"\" width=\"1202\" height=\"600\" srcset=\"https:\/\/www.inmsol.com\/wp-content\/uploads\/2025\/01\/Reyes-Magos.jpg 1202w, https:\/\/www.inmsol.com\/wp-content\/uploads\/2025\/01\/Reyes-Magos-460x230.jpg 460w, https:\/\/www.inmsol.com\/wp-content\/uploads\/2025\/01\/Reyes-Magos-1024x511.jpg 1024w, https:\/\/www.inmsol.com\/wp-content\/uploads\/2025\/01\/Reyes-Magos-150x75.jpg 150w, https:\/\/www.inmsol.com\/wp-content\/uploads\/2025\/01\/Reyes-Magos-768x383.jpg 768w, https:\/\/www.inmsol.com\/wp-content\/uploads\/2025\/01\/Reyes-Magos-1000x500.jpg 1000w, https:\/\/www.inmsol.com\/wp-content\/uploads\/2025\/01\/Reyes-Magos-700x349.jpg 700w, https:\/\/www.inmsol.com\/wp-content\/uploads\/2025\/01\/Reyes-Magos-800x399.jpg 800w, https:\/\/www.inmsol.com\/wp-content\/uploads\/2025\/01\/Reyes-Magos-64x32.jpg 64w\" sizes=\"(max-width: 1202px) 100vw, 1202px\" \/><\/p>\n<h3>Evolution of the Tradition: The Three Kings Parade<\/h3>\n<p>The custom of the Three Kings Parade, as it is known today, emerged in the 19th century. These parades take place on the streets of cities across Spain, symbolizing the arrival of the Three Kings to deliver gifts. It is common for the Kings to throw candies from their floats. Gifts are typically found under the tree on the morning of January 6.<\/p>\n<p>&nbsp;<\/p>\n<h3>Traditional Sweet: Rosc\u00f3n de Reyes<\/h3>\n<p>The <a href=\"https:\/\/www.inmsol.com\/blog\/rosca-de-reyes\/\" target=\"_blank\" rel=\"noopener\">Rosc\u00f3n de Reyes<\/a> is the traditional sweet enjoyed on this day. This ring-shaped cake, decorated with candied fruits, contains a small figurine (usually a king) and a dry bean hidden inside. According to tradition, whoever finds the figurine becomes \u00ab\u00a0the king of the house\u00a0\u00bb for the day, while the person who finds the bean must pay for the next rosc\u00f3n.<\/p>\n<p>&nbsp;<\/p>\n<h3>The Parade Celebration: the Three Kings in Granada<\/h3>\n<p>The city of Granada is preparing to celebrate Three Kings&rsquo; Day 2025 with various activities, highlighted by the traditional Three Kings Parade on Sunday, January 5.<\/p>\n<p><img decoding=\"async\" class=\"aligncenter size-full wp-image-86339\" src=\"https:\/\/www.inmsol.com\/wp-content\/uploads\/2025\/01\/Cabalgata.jpg\" alt=\"\" width=\"1202\" height=\"600\" srcset=\"https:\/\/www.inmsol.com\/wp-content\/uploads\/2025\/01\/Cabalgata.jpg 1202w, https:\/\/www.inmsol.com\/wp-content\/uploads\/2025\/01\/Cabalgata-460x230.jpg 460w, https:\/\/www.inmsol.com\/wp-content\/uploads\/2025\/01\/Cabalgata-1024x511.jpg 1024w, https:\/\/www.inmsol.com\/wp-content\/uploads\/2025\/01\/Cabalgata-150x75.jpg 150w, https:\/\/www.inmsol.com\/wp-content\/uploads\/2025\/01\/Cabalgata-768x383.jpg 768w, https:\/\/www.inmsol.com\/wp-content\/uploads\/2025\/01\/Cabalgata-1000x500.jpg 1000w, https:\/\/www.inmsol.com\/wp-content\/uploads\/2025\/01\/Cabalgata-700x349.jpg 700w, https:\/\/www.inmsol.com\/wp-content\/uploads\/2025\/01\/Cabalgata-800x399.jpg 800w, https:\/\/www.inmsol.com\/wp-content\/uploads\/2025\/01\/Cabalgata-64x32.jpg 64w\" sizes=\"(max-width: 1202px) 100vw, 1202px\" \/><\/p>\n<p><strong>Date and Time<\/strong>: Sunday, January 5, 2025, starting at 5:30 PM.<\/p>\n<p><strong>Route<\/strong>: The parade will begin at the Gran Capit\u00e1n Cultural Center and follow this route:<\/p>\n<ul>\n<li>San Juan de Dios<\/li>\n<li>Gran V\u00eda<\/li>\n<li>Reyes Cat\u00f3licos<\/li>\n<li>Puerta Real<\/li>\n<li>Acera del Darro<\/li>\n<li>Paseo del Viol\u00f3n<\/li>\n<li>Plaza Rotary<\/li>\n<li>Calle Profesor Tierno Galv\u00e1n<\/li>\n<li>Camino de la Zubia<\/li>\n<li>Fontiveros<\/li>\n<li>Andr\u00e9s Segovia<\/li>\n<li>Poeta Manuel de G\u00f3ngora<\/li>\n<li>Acera del Darro<\/li>\n<li>Puerta Real<\/li>\n<li>Reyes Cat\u00f3licos<\/li>\n<li>Conclusion at Plaza del Carmen around 8:30 PM.<\/li>\n<\/ul>\n<p>Despite the forecast for rain, the parade will proceed as planned, with no changes to the date or route.<\/p>\n<p>For mountain enthusiasts, the <a href=\"https:\/\/sierranevada.es\/en\/\" target=\"_blank\" rel=\"noopener\"><strong>Sierra Nevada ski resort<\/strong><\/a> has organized special activities, including a torchlit descent on January 5 at 7:00 PM in Borreguiles.<\/p>\n<p><img decoding=\"async\" class=\"aligncenter size-full wp-image-86346\" src=\"https:\/\/www.inmsol.com\/wp-content\/uploads\/2025\/01\/RM-Sierra-Nevada.jpg\" alt=\"\" width=\"1202\" height=\"600\" srcset=\"https:\/\/www.inmsol.com\/wp-content\/uploads\/2025\/01\/RM-Sierra-Nevada.jpg 1202w, https:\/\/www.inmsol.com\/wp-content\/uploads\/2025\/01\/RM-Sierra-Nevada-460x230.jpg 460w, https:\/\/www.inmsol.com\/wp-content\/uploads\/2025\/01\/RM-Sierra-Nevada-1024x511.jpg 1024w, https:\/\/www.inmsol.com\/wp-content\/uploads\/2025\/01\/RM-Sierra-Nevada-150x75.jpg 150w, https:\/\/www.inmsol.com\/wp-content\/uploads\/2025\/01\/RM-Sierra-Nevada-768x383.jpg 768w, https:\/\/www.inmsol.com\/wp-content\/uploads\/2025\/01\/RM-Sierra-Nevada-1000x500.jpg 1000w, https:\/\/www.inmsol.com\/wp-content\/uploads\/2025\/01\/RM-Sierra-Nevada-700x349.jpg 700w, https:\/\/www.inmsol.com\/wp-content\/uploads\/2025\/01\/RM-Sierra-Nevada-800x399.jpg 800w, https:\/\/www.inmsol.com\/wp-content\/uploads\/2025\/01\/RM-Sierra-Nevada-64x32.jpg 64w\" sizes=\"(max-width: 1202px) 100vw, 1202px\" \/><\/p>\n<blockquote>\n<h4 style=\"text-align: center;\">Don\u2019t miss this beautiful celebration! We hope the Three Kings bring you lots of gifts this year, greetings from <a href=\"https:\/\/www.inmsol.com\/fr\/\" target=\"_blank\" rel=\"noopener\">iNMSOL<\/a>!<\/h4>\n<\/blockquote>\n","protected":false},"excerpt":{"rendered":"<p>The most special day of the year is here! Here\u2019s everything you need to know about the celebration of the Three Kings in Granada.<\/p>\n","protected":false},"author":31,"featured_media":86333,"comment_status":"open","ping_status":"closed","sticky":false,"template":"","format":"standard","meta":{"_acf_changed":false,"footnotes":""},"categories":[4,1428],"tags":[],"class_list":["post-86354","post","type-post","status-publish","format-standard","has-post-thumbnail","hentry","category-blog-fr-fr","category-events-in-granada-fr"],"acf":[],"yoast_head":"<!-- This site is optimized with the Yoast SEO plugin v27.5 - https:\/\/yoast.com\/product\/yoast-seo-wordpress\/ -->\n<title>Celebration of the Three Kings in Granada &#8226; iNMSOL<\/title>\n<meta name=\"description\" content=\"The most special day of the year is here! Here\u2019s everything you need to know about the celebration of the Three Kings in Granada.\" \/>\n<meta name=\"robots\" content=\"index, follow, max-snippet:-1, max-image-preview:large, max-video-preview:-1\" \/>\n<link rel=\"canonical\" href=\"https:\/\/www.inmsol.com\/fr\/blog-fr-fr\/celebration-three-kings-granada\/\" \/>\n<meta property=\"og:locale\" content=\"fr_FR\" \/>\n<meta property=\"og:type\" content=\"article\" \/>\n<meta property=\"og:title\" content=\"Celebration of the Three Kings in Granada &#8226; iNMSOL\" \/>\n<meta property=\"og:description\" content=\"The most special day of the year is here! Here\u2019s everything you need to know about the celebration of the Three Kings in Granada.\" \/>\n<meta property=\"og:url\" content=\"https:\/\/www.inmsol.com\/fr\/blog-fr-fr\/celebration-three-kings-granada\/\" \/>\n<meta property=\"og:site_name\" content=\"iNMSOL\" \/>\n<meta property=\"article:publisher\" content=\"https:\/\/www.facebook.com\/spanishcourses\" \/>\n<meta property=\"article:published_time\" content=\"2025-01-03T17:38:36+00:00\" \/>\n<meta property=\"article:modified_time\" content=\"2025-01-03T17:42:16+00:00\" \/>\n<meta property=\"og:image\" content=\"https:\/\/www.inmsol.com\/wp-content\/uploads\/2025\/01\/Reyes-Magos.jpg\" \/>\n\t<meta property=\"og:image:width\" content=\"1202\" \/>\n\t<meta property=\"og:image:height\" content=\"600\" \/>\n\t<meta property=\"og:image:type\" content=\"image\/jpeg\" \/>\n<meta name=\"author\" content=\"Rocio Mart\u00ednez\" \/>\n<meta name=\"twitter:label1\" content=\"\u00c9crit par\" \/>\n\t<meta name=\"twitter:data1\" content=\"Rocio Mart\u00ednez\" \/>\n\t<meta name=\"twitter:label2\" content=\"Dur\u00e9e de lecture estim\u00e9e\" \/>\n\t<meta name=\"twitter:data2\" content=\"3 minutes\" \/>\n<script type=\"application\/ld+json\" class=\"yoast-schema-graph\">{\"@context\":\"https:\\\/\\\/schema.org\",\"@graph\":[{\"@type\":\"Article\",\"@id\":\"https:\\\/\\\/www.inmsol.com\\\/fr\\\/blog-fr-fr\\\/celebration-three-kings-granada\\\/#article\",\"isPartOf\":{\"@id\":\"https:\\\/\\\/www.inmsol.com\\\/fr\\\/blog-fr-fr\\\/celebration-three-kings-granada\\\/\"},\"author\":{\"name\":\"Rocio Mart\u00ednez\",\"@id\":\"https:\\\/\\\/www.inmsol.com\\\/fr\\\/#\\\/schema\\\/person\\\/d041a9956283741a6ed56e0530eb28b5\"},\"headline\":\"Celebration of the Three Kings in Granada\",\"datePublished\":\"2025-01-03T17:38:36+00:00\",\"dateModified\":\"2025-01-03T17:42:16+00:00\",\"mainEntityOfPage\":{\"@id\":\"https:\\\/\\\/www.inmsol.com\\\/fr\\\/blog-fr-fr\\\/celebration-three-kings-granada\\\/\"},\"wordCount\":461,\"commentCount\":0,\"publisher\":{\"@id\":\"https:\\\/\\\/www.inmsol.com\\\/fr\\\/#organization\"},\"image\":{\"@id\":\"https:\\\/\\\/www.inmsol.com\\\/fr\\\/blog-fr-fr\\\/celebration-three-kings-granada\\\/#primaryimage\"},\"thumbnailUrl\":\"https:\\\/\\\/www.inmsol.com\\\/wp-content\\\/uploads\\\/2025\\\/01\\\/Reyes-Magos.jpg\",\"articleSection\":[\"Blog\",\"Events in Granada\"],\"inLanguage\":\"fr-FR\",\"potentialAction\":[{\"@type\":\"CommentAction\",\"name\":\"Comment\",\"target\":[\"https:\\\/\\\/www.inmsol.com\\\/fr\\\/blog-fr-fr\\\/celebration-three-kings-granada\\\/#respond\"]}]},{\"@type\":\"WebPage\",\"@id\":\"https:\\\/\\\/www.inmsol.com\\\/fr\\\/blog-fr-fr\\\/celebration-three-kings-granada\\\/\",\"url\":\"https:\\\/\\\/www.inmsol.com\\\/fr\\\/blog-fr-fr\\\/celebration-three-kings-granada\\\/\",\"name\":\"Celebration of the Three Kings in Granada &#8226; iNMSOL\",\"isPartOf\":{\"@id\":\"https:\\\/\\\/www.inmsol.com\\\/fr\\\/#website\"},\"primaryImageOfPage\":{\"@id\":\"https:\\\/\\\/www.inmsol.com\\\/fr\\\/blog-fr-fr\\\/celebration-three-kings-granada\\\/#primaryimage\"},\"image\":{\"@id\":\"https:\\\/\\\/www.inmsol.com\\\/fr\\\/blog-fr-fr\\\/celebration-three-kings-granada\\\/#primaryimage\"},\"thumbnailUrl\":\"https:\\\/\\\/www.inmsol.com\\\/wp-content\\\/uploads\\\/2025\\\/01\\\/Reyes-Magos.jpg\",\"datePublished\":\"2025-01-03T17:38:36+00:00\",\"dateModified\":\"2025-01-03T17:42:16+00:00\",\"description\":\"The most special day of the year is here! Here\u2019s everything you need to know about the celebration of the Three Kings in Granada.\",\"breadcrumb\":{\"@id\":\"https:\\\/\\\/www.inmsol.com\\\/fr\\\/blog-fr-fr\\\/celebration-three-kings-granada\\\/#breadcrumb\"},\"inLanguage\":\"fr-FR\",\"potentialAction\":[{\"@type\":\"ReadAction\",\"target\":[\"https:\\\/\\\/www.inmsol.com\\\/fr\\\/blog-fr-fr\\\/celebration-three-kings-granada\\\/\"]}]},{\"@type\":\"ImageObject\",\"inLanguage\":\"fr-FR\",\"@id\":\"https:\\\/\\\/www.inmsol.com\\\/fr\\\/blog-fr-fr\\\/celebration-three-kings-granada\\\/#primaryimage\",\"url\":\"https:\\\/\\\/www.inmsol.com\\\/wp-content\\\/uploads\\\/2025\\\/01\\\/Reyes-Magos.jpg\",\"contentUrl\":\"https:\\\/\\\/www.inmsol.com\\\/wp-content\\\/uploads\\\/2025\\\/01\\\/Reyes-Magos.jpg\",\"width\":1202,\"height\":600},{\"@type\":\"BreadcrumbList\",\"@id\":\"https:\\\/\\\/www.inmsol.com\\\/fr\\\/blog-fr-fr\\\/celebration-three-kings-granada\\\/#breadcrumb\",\"itemListElement\":[{\"@type\":\"ListItem\",\"position\":1,\"name\":\"Accredited Center by Instituto Cervantes\",\"item\":\"https:\\\/\\\/www.inmsol.com\\\/fr\\\/pagina-ejemplo\\\/\"},{\"@type\":\"ListItem\",\"position\":2,\"name\":\"Blog\",\"item\":\"https:\\\/\\\/www.inmsol.com\\\/fr\\\/category\\\/blog-fr-fr\\\/\"},{\"@type\":\"ListItem\",\"position\":3,\"name\":\"Celebration of the Three Kings in Granada\"}]},{\"@type\":\"WebSite\",\"@id\":\"https:\\\/\\\/www.inmsol.com\\\/fr\\\/#website\",\"url\":\"https:\\\/\\\/www.inmsol.com\\\/fr\\\/\",\"name\":\"iNMSOL\",\"description\":\"Apprenez l'espagnol avec nous - Centre de formation affili\u00e9 \u00e0 l'Institute Cervantes\",\"publisher\":{\"@id\":\"https:\\\/\\\/www.inmsol.com\\\/fr\\\/#organization\"},\"potentialAction\":[{\"@type\":\"SearchAction\",\"target\":{\"@type\":\"EntryPoint\",\"urlTemplate\":\"https:\\\/\\\/www.inmsol.com\\\/fr\\\/?s={search_term_string}\"},\"query-input\":{\"@type\":\"PropertyValueSpecification\",\"valueRequired\":true,\"valueName\":\"search_term_string\"}}],\"inLanguage\":\"fr-FR\"},{\"@type\":\"Organization\",\"@id\":\"https:\\\/\\\/www.inmsol.com\\\/fr\\\/#organization\",\"name\":\"Instituto Mediterr\u00e1neo Sol\",\"url\":\"https:\\\/\\\/www.inmsol.com\\\/fr\\\/\",\"logo\":{\"@type\":\"ImageObject\",\"inLanguage\":\"fr-FR\",\"@id\":\"https:\\\/\\\/www.inmsol.com\\\/fr\\\/#\\\/schema\\\/logo\\\/image\\\/\",\"url\":\"https:\\\/\\\/www.inmsol.com\\\/wp-content\\\/uploads\\\/2023\\\/06\\\/logo-inmsol-1.png\",\"contentUrl\":\"https:\\\/\\\/www.inmsol.com\\\/wp-content\\\/uploads\\\/2023\\\/06\\\/logo-inmsol-1.png\",\"width\":136,\"height\":73,\"caption\":\"Instituto Mediterr\u00e1neo Sol\"},\"image\":{\"@id\":\"https:\\\/\\\/www.inmsol.com\\\/fr\\\/#\\\/schema\\\/logo\\\/image\\\/\"},\"sameAs\":[\"https:\\\/\\\/www.facebook.com\\\/spanishcourses\",\"https:\\\/\\\/x.com\\\/StudyInGranada\",\"http:\\\/\\\/instagram.com\\\/imsolgranada\",\"https:\\\/\\\/es.linkedin.com\\\/company\\\/imsol-granada\",\"https:\\\/\\\/www.pinterest.es\\\/inmsol\\\/\",\"https:\\\/\\\/www.youtube.com\\\/channel\\\/UChz-Qn_7coFMosY85iYMO4g\"]},{\"@type\":\"Person\",\"@id\":\"https:\\\/\\\/www.inmsol.com\\\/fr\\\/#\\\/schema\\\/person\\\/d041a9956283741a6ed56e0530eb28b5\",\"name\":\"Rocio Mart\u00ednez\",\"image\":{\"@type\":\"ImageObject\",\"inLanguage\":\"fr-FR\",\"@id\":\"https:\\\/\\\/secure.gravatar.com\\\/avatar\\\/95b9b0d999ef55a048952ade325bea9ee664237dc576277e59c3cc8fc6ea1123?s=96&d=mm&r=g\",\"url\":\"https:\\\/\\\/secure.gravatar.com\\\/avatar\\\/95b9b0d999ef55a048952ade325bea9ee664237dc576277e59c3cc8fc6ea1123?s=96&d=mm&r=g\",\"contentUrl\":\"https:\\\/\\\/secure.gravatar.com\\\/avatar\\\/95b9b0d999ef55a048952ade325bea9ee664237dc576277e59c3cc8fc6ea1123?s=96&d=mm&r=g\",\"caption\":\"Rocio Mart\u00ednez\"},\"url\":\"https:\\\/\\\/www.inmsol.com\\\/fr\\\/author\\\/secretaria\\\/\"}]}<\/script>\n<!-- \/ Yoast SEO plugin. -->","yoast_head_json":{"title":"Celebration of the Three Kings in Granada &#8226; iNMSOL","description":"The most special day of the year is here! Here\u2019s everything you need to know about the celebration of the Three Kings in Granada.","robots":{"index":"index","follow":"follow","max-snippet":"max-snippet:-1","max-image-preview":"max-image-preview:large","max-video-preview":"max-video-preview:-1"},"canonical":"https:\/\/www.inmsol.com\/fr\/blog-fr-fr\/celebration-three-kings-granada\/","og_locale":"fr_FR","og_type":"article","og_title":"Celebration of the Three Kings in Granada &#8226; iNMSOL","og_description":"The most special day of the year is here! Here\u2019s everything you need to know about the celebration of the Three Kings in Granada.","og_url":"https:\/\/www.inmsol.com\/fr\/blog-fr-fr\/celebration-three-kings-granada\/","og_site_name":"iNMSOL","article_publisher":"https:\/\/www.facebook.com\/spanishcourses","article_published_time":"2025-01-03T17:38:36+00:00","article_modified_time":"2025-01-03T17:42:16+00:00","og_image":[{"width":1202,"height":600,"url":"https:\/\/www.inmsol.com\/wp-content\/uploads\/2025\/01\/Reyes-Magos.jpg","type":"image\/jpeg"}],"author":"Rocio Mart\u00ednez","twitter_misc":{"\u00c9crit par":"Rocio Mart\u00ednez","Dur\u00e9e de lecture estim\u00e9e":"3 minutes"},"schema":{"@context":"https:\/\/schema.org","@graph":[{"@type":"Article","@id":"https:\/\/www.inmsol.com\/fr\/blog-fr-fr\/celebration-three-kings-granada\/#article","isPartOf":{"@id":"https:\/\/www.inmsol.com\/fr\/blog-fr-fr\/celebration-three-kings-granada\/"},"author":{"name":"Rocio Mart\u00ednez","@id":"https:\/\/www.inmsol.com\/fr\/#\/schema\/person\/d041a9956283741a6ed56e0530eb28b5"},"headline":"Celebration of the Three Kings in Granada","datePublished":"2025-01-03T17:38:36+00:00","dateModified":"2025-01-03T17:42:16+00:00","mainEntityOfPage":{"@id":"https:\/\/www.inmsol.com\/fr\/blog-fr-fr\/celebration-three-kings-granada\/"},"wordCount":461,"commentCount":0,"publisher":{"@id":"https:\/\/www.inmsol.com\/fr\/#organization"},"image":{"@id":"https:\/\/www.inmsol.com\/fr\/blog-fr-fr\/celebration-three-kings-granada\/#primaryimage"},"thumbnailUrl":"https:\/\/www.inmsol.com\/wp-content\/uploads\/2025\/01\/Reyes-Magos.jpg","articleSection":["Blog","Events in Granada"],"inLanguage":"fr-FR","potentialAction":[{"@type":"CommentAction","name":"Comment","target":["https:\/\/www.inmsol.com\/fr\/blog-fr-fr\/celebration-three-kings-granada\/#respond"]}]},{"@type":"WebPage","@id":"https:\/\/www.inmsol.com\/fr\/blog-fr-fr\/celebration-three-kings-granada\/","url":"https:\/\/www.inmsol.com\/fr\/blog-fr-fr\/celebration-three-kings-granada\/","name":"Celebration of the Three Kings in Granada &#8226; iNMSOL","isPartOf":{"@id":"https:\/\/www.inmsol.com\/fr\/#website"},"primaryImageOfPage":{"@id":"https:\/\/www.inmsol.com\/fr\/blog-fr-fr\/celebration-three-kings-granada\/#primaryimage"},"image":{"@id":"https:\/\/www.inmsol.com\/fr\/blog-fr-fr\/celebration-three-kings-granada\/#primaryimage"},"thumbnailUrl":"https:\/\/www.inmsol.com\/wp-content\/uploads\/2025\/01\/Reyes-Magos.jpg","datePublished":"2025-01-03T17:38:36+00:00","dateModified":"2025-01-03T17:42:16+00:00","description":"The most special day of the year is here! Here\u2019s everything you need to know about the celebration of the Three Kings in Granada.","breadcrumb":{"@id":"https:\/\/www.inmsol.com\/fr\/blog-fr-fr\/celebration-three-kings-granada\/#breadcrumb"},"inLanguage":"fr-FR","potentialAction":[{"@type":"ReadAction","target":["https:\/\/www.inmsol.com\/fr\/blog-fr-fr\/celebration-three-kings-granada\/"]}]},{"@type":"ImageObject","inLanguage":"fr-FR","@id":"https:\/\/www.inmsol.com\/fr\/blog-fr-fr\/celebration-three-kings-granada\/#primaryimage","url":"https:\/\/www.inmsol.com\/wp-content\/uploads\/2025\/01\/Reyes-Magos.jpg","contentUrl":"https:\/\/www.inmsol.com\/wp-content\/uploads\/2025\/01\/Reyes-Magos.jpg","width":1202,"height":600},{"@type":"BreadcrumbList","@id":"https:\/\/www.inmsol.com\/fr\/blog-fr-fr\/celebration-three-kings-granada\/#breadcrumb","itemListElement":[{"@type":"ListItem","position":1,"name":"Accredited Center by Instituto Cervantes","item":"https:\/\/www.inmsol.com\/fr\/pagina-ejemplo\/"},{"@type":"ListItem","position":2,"name":"Blog","item":"https:\/\/www.inmsol.com\/fr\/category\/blog-fr-fr\/"},{"@type":"ListItem","position":3,"name":"Celebration of the Three Kings in Granada"}]},{"@type":"WebSite","@id":"https:\/\/www.inmsol.com\/fr\/#website","url":"https:\/\/www.inmsol.com\/fr\/","name":"iNMSOL","description":"Apprenez l'espagnol avec nous - Centre de formation affili\u00e9 \u00e0 l'Institute Cervantes","publisher":{"@id":"https:\/\/www.inmsol.com\/fr\/#organization"},"potentialAction":[{"@type":"SearchAction","target":{"@type":"EntryPoint","urlTemplate":"https:\/\/www.inmsol.com\/fr\/?s={search_term_string}"},"query-input":{"@type":"PropertyValueSpecification","valueRequired":true,"valueName":"search_term_string"}}],"inLanguage":"fr-FR"},{"@type":"Organization","@id":"https:\/\/www.inmsol.com\/fr\/#organization","name":"Instituto Mediterr\u00e1neo Sol","url":"https:\/\/www.inmsol.com\/fr\/","logo":{"@type":"ImageObject","inLanguage":"fr-FR","@id":"https:\/\/www.inmsol.com\/fr\/#\/schema\/logo\/image\/","url":"https:\/\/www.inmsol.com\/wp-content\/uploads\/2023\/06\/logo-inmsol-1.png","contentUrl":"https:\/\/www.inmsol.com\/wp-content\/uploads\/2023\/06\/logo-inmsol-1.png","width":136,"height":73,"caption":"Instituto Mediterr\u00e1neo Sol"},"image":{"@id":"https:\/\/www.inmsol.com\/fr\/#\/schema\/logo\/image\/"},"sameAs":["https:\/\/www.facebook.com\/spanishcourses","https:\/\/x.com\/StudyInGranada","http:\/\/instagram.com\/imsolgranada","https:\/\/es.linkedin.com\/company\/imsol-granada","https:\/\/www.pinterest.es\/inmsol\/","https:\/\/www.youtube.com\/channel\/UChz-Qn_7coFMosY85iYMO4g"]},{"@type":"Person","@id":"https:\/\/www.inmsol.com\/fr\/#\/schema\/person\/d041a9956283741a6ed56e0530eb28b5","name":"Rocio Mart\u00ednez","image":{"@type":"ImageObject","inLanguage":"fr-FR","@id":"https:\/\/secure.gravatar.com\/avatar\/95b9b0d999ef55a048952ade325bea9ee664237dc576277e59c3cc8fc6ea1123?s=96&d=mm&r=g","url":"https:\/\/secure.gravatar.com\/avatar\/95b9b0d999ef55a048952ade325bea9ee664237dc576277e59c3cc8fc6ea1123?s=96&d=mm&r=g","contentUrl":"https:\/\/secure.gravatar.com\/avatar\/95b9b0d999ef55a048952ade325bea9ee664237dc576277e59c3cc8fc6ea1123?s=96&d=mm&r=g","caption":"Rocio Mart\u00ednez"},"url":"https:\/\/www.inmsol.com\/fr\/author\/secretaria\/"}]}},"_links":{"self":[{"href":"https:\/\/www.inmsol.com\/fr\/wp-json\/wp\/v2\/posts\/86354","targetHints":{"allow":["GET"]}}],"collection":[{"href":"https:\/\/www.inmsol.com\/fr\/wp-json\/wp\/v2\/posts"}],"about":[{"href":"https:\/\/www.inmsol.com\/fr\/wp-json\/wp\/v2\/types\/post"}],"author":[{"embeddable":true,"href":"https:\/\/www.inmsol.com\/fr\/wp-json\/wp\/v2\/users\/31"}],"replies":[{"embeddable":true,"href":"https:\/\/www.inmsol.com\/fr\/wp-json\/wp\/v2\/comments?post=86354"}],"version-history":[{"count":1,"href":"https:\/\/www.inmsol.com\/fr\/wp-json\/wp\/v2\/posts\/86354\/revisions"}],"predecessor-version":[{"id":86360,"href":"https:\/\/www.inmsol.com\/fr\/wp-json\/wp\/v2\/posts\/86354\/revisions\/86360"}],"wp:featuredmedia":[{"embeddable":true,"href":"https:\/\/www.inmsol.com\/fr\/wp-json\/wp\/v2\/media\/86333"}],"wp:attachment":[{"href":"https:\/\/www.inmsol.com\/fr\/wp-json\/wp\/v2\/media?parent=86354"}],"wp:term":[{"taxonomy":"category","embeddable":true,"href":"https:\/\/www.inmsol.com\/fr\/wp-json\/wp\/v2\/categories?post=86354"},{"taxonomy":"post_tag","embeddable":true,"href":"https:\/\/www.inmsol.com\/fr\/wp-json\/wp\/v2\/tags?post=86354"}],"curies":[{"name":"wp","href":"https:\/\/api.w.org\/{rel}","templated":true}]}}