{"id":86440,"date":"2025-01-22T17:19:14","date_gmt":"2025-01-22T16:19:14","guid":{"rendered":"https:\/\/www.inmsol.com\/?p=86440"},"modified":"2025-01-22T17:19:14","modified_gmt":"2025-01-22T16:19:14","slug":"2025-goya-awards-granada","status":"publish","type":"post","link":"https:\/\/www.inmsol.com\/fr\/blog-fr-fr\/2025-goya-awards-granada\/","title":{"rendered":"The 2025 Goya Awards in Granada!"},"content":{"rendered":"<h4>Did you know that the 2025 Goya Awards are being held in Granada? It\u2019s going to be a unique event\u2014you can\u2019t miss it!<\/h4>\n<p><iframe title=\"Spot Premios #Goya2025\" width=\"1060\" height=\"596\" src=\"https:\/\/www.youtube.com\/embed\/9XdREDoadR8?feature=oembed\" frameborder=\"0\" allow=\"accelerometer; autoplay; clipboard-write; encrypted-media; gyroscope; picture-in-picture; web-share\" referrerpolicy=\"strict-origin-when-cross-origin\" allowfullscreen><\/iframe><\/p>\n<p>&nbsp;<\/p>\n<p>The 39th edition of the Goya Awards will take place on February 8, 2025, at the <a href=\"https:\/\/www.pcgr.org\/\" target=\"_blank\" rel=\"noopener\">Palacio de Congresos in Granada<\/a>. Actors, directors, and musicians will gather in our city to celebrate the best of Spanish cinema.<\/p>\n<p><img fetchpriority=\"high\" decoding=\"async\" class=\"aligncenter size-full wp-image-86460\" src=\"https:\/\/www.inmsol.com\/wp-content\/uploads\/2025\/01\/Presentadoras-de-los-Goya.jpg\" alt=\"\" width=\"1202\" height=\"600\" srcset=\"https:\/\/www.inmsol.com\/wp-content\/uploads\/2025\/01\/Presentadoras-de-los-Goya.jpg 1202w, https:\/\/www.inmsol.com\/wp-content\/uploads\/2025\/01\/Presentadoras-de-los-Goya-460x230.jpg 460w, https:\/\/www.inmsol.com\/wp-content\/uploads\/2025\/01\/Presentadoras-de-los-Goya-1024x511.jpg 1024w, https:\/\/www.inmsol.com\/wp-content\/uploads\/2025\/01\/Presentadoras-de-los-Goya-150x75.jpg 150w, https:\/\/www.inmsol.com\/wp-content\/uploads\/2025\/01\/Presentadoras-de-los-Goya-768x383.jpg 768w, https:\/\/www.inmsol.com\/wp-content\/uploads\/2025\/01\/Presentadoras-de-los-Goya-1000x500.jpg 1000w, https:\/\/www.inmsol.com\/wp-content\/uploads\/2025\/01\/Presentadoras-de-los-Goya-700x349.jpg 700w, https:\/\/www.inmsol.com\/wp-content\/uploads\/2025\/01\/Presentadoras-de-los-Goya-800x399.jpg 800w, https:\/\/www.inmsol.com\/wp-content\/uploads\/2025\/01\/Presentadoras-de-los-Goya-64x32.jpg 64w\" sizes=\"(max-width: 1202px) 100vw, 1202px\" \/><\/p>\n<h3>What Are the Goya Awards?<\/h3>\n<p>We know you love Spanish, but do you also enjoy cinema? The Goya Awards are the highest honor in Spanish cinema, equivalent to the Oscars in Spain. These awards celebrate and recognize the most outstanding achievements in the national film industry every year.<\/p>\n<p><img decoding=\"async\" class=\"aligncenter size-full wp-image-86474\" src=\"https:\/\/www.inmsol.com\/wp-content\/uploads\/2025\/01\/Premiados-Goya.jpg\" alt=\"\" width=\"1202\" height=\"600\" srcset=\"https:\/\/www.inmsol.com\/wp-content\/uploads\/2025\/01\/Premiados-Goya.jpg 1202w, https:\/\/www.inmsol.com\/wp-content\/uploads\/2025\/01\/Premiados-Goya-460x230.jpg 460w, https:\/\/www.inmsol.com\/wp-content\/uploads\/2025\/01\/Premiados-Goya-1024x511.jpg 1024w, https:\/\/www.inmsol.com\/wp-content\/uploads\/2025\/01\/Premiados-Goya-150x75.jpg 150w, https:\/\/www.inmsol.com\/wp-content\/uploads\/2025\/01\/Premiados-Goya-768x383.jpg 768w, https:\/\/www.inmsol.com\/wp-content\/uploads\/2025\/01\/Premiados-Goya-1000x500.jpg 1000w, https:\/\/www.inmsol.com\/wp-content\/uploads\/2025\/01\/Premiados-Goya-700x349.jpg 700w, https:\/\/www.inmsol.com\/wp-content\/uploads\/2025\/01\/Premiados-Goya-800x399.jpg 800w, https:\/\/www.inmsol.com\/wp-content\/uploads\/2025\/01\/Premiados-Goya-64x32.jpg 64w\" sizes=\"(max-width: 1202px) 100vw, 1202px\" \/><\/p>\n<p>The Goya Awards were first held in 1987. They are named after the painter Francisco de Goya as a symbol of Spanish art and culture.<\/p>\n<p><img decoding=\"async\" class=\"aligncenter size-full wp-image-86453\" src=\"https:\/\/www.inmsol.com\/wp-content\/uploads\/2025\/01\/Goya-en-Granada.jpg\" alt=\"\" width=\"1202\" height=\"600\" srcset=\"https:\/\/www.inmsol.com\/wp-content\/uploads\/2025\/01\/Goya-en-Granada.jpg 1202w, https:\/\/www.inmsol.com\/wp-content\/uploads\/2025\/01\/Goya-en-Granada-460x230.jpg 460w, https:\/\/www.inmsol.com\/wp-content\/uploads\/2025\/01\/Goya-en-Granada-1024x511.jpg 1024w, https:\/\/www.inmsol.com\/wp-content\/uploads\/2025\/01\/Goya-en-Granada-150x75.jpg 150w, https:\/\/www.inmsol.com\/wp-content\/uploads\/2025\/01\/Goya-en-Granada-768x383.jpg 768w, https:\/\/www.inmsol.com\/wp-content\/uploads\/2025\/01\/Goya-en-Granada-1000x500.jpg 1000w, https:\/\/www.inmsol.com\/wp-content\/uploads\/2025\/01\/Goya-en-Granada-700x349.jpg 700w, https:\/\/www.inmsol.com\/wp-content\/uploads\/2025\/01\/Goya-en-Granada-800x399.jpg 800w, https:\/\/www.inmsol.com\/wp-content\/uploads\/2025\/01\/Goya-en-Granada-64x32.jpg 64w\" sizes=\"(max-width: 1202px) 100vw, 1202px\" \/><\/p>\n<p>Take Note of the Exhibitions and Events You Can Enjoy Until February 9.<\/p>\n<p>&nbsp;<\/p>\n<h3>Urban Exhibitions and Goya Replicas<\/h3>\n<ul>\n<li>Andaluc\u00eda at the Goyas: Highlights the presence of Andalusian talent in the history of these awards. Located on Avenida de la Constituci\u00f3n.<\/li>\n<li>The Emotion of the Goyas: A photographic exhibition capturing iconic moments from past editions. Displayed on Carrera de la Virgen.<\/li>\n<li>Giant Goyas: Large replicas of the Goya statuette have been installed in various parts of the city, such as Plaza Nueva and the Mirador de San Nicol\u00e1s.<\/li>\n<\/ul>\n<p><img loading=\"lazy\" decoding=\"async\" class=\"aligncenter size-full wp-image-86467\" src=\"https:\/\/www.inmsol.com\/wp-content\/uploads\/2025\/01\/Exposicion-Carrera-Virgen.jpg\" alt=\"\" width=\"1202\" height=\"600\" srcset=\"https:\/\/www.inmsol.com\/wp-content\/uploads\/2025\/01\/Exposicion-Carrera-Virgen.jpg 1202w, https:\/\/www.inmsol.com\/wp-content\/uploads\/2025\/01\/Exposicion-Carrera-Virgen-460x230.jpg 460w, https:\/\/www.inmsol.com\/wp-content\/uploads\/2025\/01\/Exposicion-Carrera-Virgen-1024x511.jpg 1024w, https:\/\/www.inmsol.com\/wp-content\/uploads\/2025\/01\/Exposicion-Carrera-Virgen-150x75.jpg 150w, https:\/\/www.inmsol.com\/wp-content\/uploads\/2025\/01\/Exposicion-Carrera-Virgen-768x383.jpg 768w, https:\/\/www.inmsol.com\/wp-content\/uploads\/2025\/01\/Exposicion-Carrera-Virgen-1000x500.jpg 1000w, https:\/\/www.inmsol.com\/wp-content\/uploads\/2025\/01\/Exposicion-Carrera-Virgen-700x349.jpg 700w, https:\/\/www.inmsol.com\/wp-content\/uploads\/2025\/01\/Exposicion-Carrera-Virgen-800x399.jpg 800w, https:\/\/www.inmsol.com\/wp-content\/uploads\/2025\/01\/Exposicion-Carrera-Virgen-64x32.jpg 64w\" sizes=\"(max-width: 1202px) 100vw, 1202px\" \/><\/p>\n<h3>Screenings and Meetings with Filmmakers<\/h3>\n<p>The Teatro Isabel la Cat\u00f3lica will host screenings of nominated films. After the screenings, there will be discussions with nominated directors, actors, and producers. Admission is free and can be reserved through the <a href=\"https:\/\/www.academiadecine.com\/actividades\/2025\/01\/22\/\" target=\"_blank\" rel=\"noopener\">Academia de Cine website<\/a>.<\/p>\n<p>&nbsp;<\/p>\n<h3>Photocall and Statuette at the City Hall<\/h3>\n<p>In the Patio del Ayuntamiento, a photocall and a replica of the statuette have been installed for the public to take pictures with. Opening hours are Tuesday to Saturday, 11:00 AM to 2:00 PM and 5:00 PM to 7:00 PM.<\/p>\n<p>&nbsp;<\/p>\n<h3>Special Events<\/h3>\n<ul>\n<li>Aitana S\u00e1nchez-Gij\u00f3n, recipient of the 2025 Honorary Goya, will participate in a public event the day before the awards ceremony.<\/li>\n<li>Best Original Song Nominees: Artists such as Alondra Bentley, La Tania, Mar\u00eda Arnal, and Valeria Castro will share their experiences at the Centro Garc\u00eda Lorca.<\/li>\n<\/ul>\n<p>&nbsp;<\/p>\n<p>It will be an exciting time for <a href=\"https:\/\/www.inmsol.com\/fr\/category\/blog-fr-fr\/lieux-incontournables-a-grenade\/\" target=\"_blank\" rel=\"noopener\">culture in Granada<\/a>, and at <a href=\"https:\/\/www.inmsol.com\/fr\/\" target=\"_blank\" rel=\"noopener\"><strong>iNMSOL<\/strong><\/a>, we invite all our students to take part in this Goya Awards celebration.<\/p>\n<p>&nbsp;<\/p>\n<blockquote>\n<h4>Long live cinema and culture!<\/h4>\n<\/blockquote>\n","protected":false},"excerpt":{"rendered":"<p>The Goya Awards in Granada will take place in less than 3 weeks, and it is going to be the biggest event in 2025 for our city!<\/p>\n","protected":false},"author":31,"featured_media":86483,"comment_status":"open","ping_status":"closed","sticky":false,"template":"","format":"standard","meta":{"_acf_changed":false,"footnotes":""},"categories":[4,1428],"tags":[],"class_list":["post-86440","post","type-post","status-publish","format-standard","has-post-thumbnail","hentry","category-blog-fr-fr","category-events-in-granada-fr"],"acf":[],"yoast_head":"<!-- This site is optimized with the Yoast SEO plugin v27.5 - https:\/\/yoast.com\/product\/yoast-seo-wordpress\/ -->\n<title>The 2025 Goya Awards in Granada! &#8226; iNMSOL<\/title>\n<meta name=\"robots\" content=\"index, follow, max-snippet:-1, max-image-preview:large, max-video-preview:-1\" \/>\n<link rel=\"canonical\" href=\"https:\/\/www.inmsol.com\/fr\/blog-fr-fr\/2025-goya-awards-granada\/\" \/>\n<meta property=\"og:locale\" content=\"fr_FR\" \/>\n<meta property=\"og:type\" content=\"article\" \/>\n<meta property=\"og:title\" content=\"The 2025 Goya Awards in Granada! &#8226; iNMSOL\" \/>\n<meta property=\"og:description\" content=\"The Goya Awards in Granada will take place in less than 3 weeks, and it is going to be the biggest event in 2025 for our city!\" \/>\n<meta property=\"og:url\" content=\"https:\/\/www.inmsol.com\/fr\/blog-fr-fr\/2025-goya-awards-granada\/\" \/>\n<meta property=\"og:site_name\" content=\"iNMSOL\" \/>\n<meta property=\"article:publisher\" content=\"https:\/\/www.facebook.com\/spanishcourses\" \/>\n<meta property=\"article:published_time\" content=\"2025-01-22T16:19:14+00:00\" \/>\n<meta property=\"og:image\" content=\"https:\/\/www.inmsol.com\/wp-content\/uploads\/2025\/01\/WhatsApp-Image-2025-01-22-at-16.08.11.jpeg\" \/>\n\t<meta property=\"og:image:width\" content=\"1536\" \/>\n\t<meta property=\"og:image:height\" content=\"2048\" \/>\n\t<meta property=\"og:image:type\" content=\"image\/jpeg\" \/>\n<meta name=\"author\" content=\"Rocio Mart\u00ednez\" \/>\n<meta name=\"twitter:label1\" content=\"\u00c9crit par\" \/>\n\t<meta name=\"twitter:data1\" content=\"Rocio Mart\u00ednez\" \/>\n\t<meta name=\"twitter:label2\" content=\"Dur\u00e9e de lecture estim\u00e9e\" \/>\n\t<meta name=\"twitter:data2\" content=\"2 minutes\" \/>\n<script type=\"application\/ld+json\" class=\"yoast-schema-graph\">{\"@context\":\"https:\\\/\\\/schema.org\",\"@graph\":[{\"@type\":\"Article\",\"@id\":\"https:\\\/\\\/www.inmsol.com\\\/fr\\\/blog-fr-fr\\\/2025-goya-awards-granada\\\/#article\",\"isPartOf\":{\"@id\":\"https:\\\/\\\/www.inmsol.com\\\/fr\\\/blog-fr-fr\\\/2025-goya-awards-granada\\\/\"},\"author\":{\"name\":\"Rocio Mart\u00ednez\",\"@id\":\"https:\\\/\\\/www.inmsol.com\\\/fr\\\/#\\\/schema\\\/person\\\/d041a9956283741a6ed56e0530eb28b5\"},\"headline\":\"The 2025 Goya Awards in Granada!\",\"datePublished\":\"2025-01-22T16:19:14+00:00\",\"mainEntityOfPage\":{\"@id\":\"https:\\\/\\\/www.inmsol.com\\\/fr\\\/blog-fr-fr\\\/2025-goya-awards-granada\\\/\"},\"wordCount\":405,\"commentCount\":0,\"publisher\":{\"@id\":\"https:\\\/\\\/www.inmsol.com\\\/fr\\\/#organization\"},\"image\":{\"@id\":\"https:\\\/\\\/www.inmsol.com\\\/fr\\\/blog-fr-fr\\\/2025-goya-awards-granada\\\/#primaryimage\"},\"thumbnailUrl\":\"https:\\\/\\\/www.inmsol.com\\\/wp-content\\\/uploads\\\/2025\\\/01\\\/WhatsApp-Image-2025-01-22-at-16.08.11.jpeg\",\"articleSection\":[\"Blog\",\"Events in Granada\"],\"inLanguage\":\"fr-FR\",\"potentialAction\":[{\"@type\":\"CommentAction\",\"name\":\"Comment\",\"target\":[\"https:\\\/\\\/www.inmsol.com\\\/fr\\\/blog-fr-fr\\\/2025-goya-awards-granada\\\/#respond\"]}]},{\"@type\":\"WebPage\",\"@id\":\"https:\\\/\\\/www.inmsol.com\\\/fr\\\/blog-fr-fr\\\/2025-goya-awards-granada\\\/\",\"url\":\"https:\\\/\\\/www.inmsol.com\\\/fr\\\/blog-fr-fr\\\/2025-goya-awards-granada\\\/\",\"name\":\"The 2025 Goya Awards in Granada! &#8226; iNMSOL\",\"isPartOf\":{\"@id\":\"https:\\\/\\\/www.inmsol.com\\\/fr\\\/#website\"},\"primaryImageOfPage\":{\"@id\":\"https:\\\/\\\/www.inmsol.com\\\/fr\\\/blog-fr-fr\\\/2025-goya-awards-granada\\\/#primaryimage\"},\"image\":{\"@id\":\"https:\\\/\\\/www.inmsol.com\\\/fr\\\/blog-fr-fr\\\/2025-goya-awards-granada\\\/#primaryimage\"},\"thumbnailUrl\":\"https:\\\/\\\/www.inmsol.com\\\/wp-content\\\/uploads\\\/2025\\\/01\\\/WhatsApp-Image-2025-01-22-at-16.08.11.jpeg\",\"datePublished\":\"2025-01-22T16:19:14+00:00\",\"breadcrumb\":{\"@id\":\"https:\\\/\\\/www.inmsol.com\\\/fr\\\/blog-fr-fr\\\/2025-goya-awards-granada\\\/#breadcrumb\"},\"inLanguage\":\"fr-FR\",\"potentialAction\":[{\"@type\":\"ReadAction\",\"target\":[\"https:\\\/\\\/www.inmsol.com\\\/fr\\\/blog-fr-fr\\\/2025-goya-awards-granada\\\/\"]}]},{\"@type\":\"ImageObject\",\"inLanguage\":\"fr-FR\",\"@id\":\"https:\\\/\\\/www.inmsol.com\\\/fr\\\/blog-fr-fr\\\/2025-goya-awards-granada\\\/#primaryimage\",\"url\":\"https:\\\/\\\/www.inmsol.com\\\/wp-content\\\/uploads\\\/2025\\\/01\\\/WhatsApp-Image-2025-01-22-at-16.08.11.jpeg\",\"contentUrl\":\"https:\\\/\\\/www.inmsol.com\\\/wp-content\\\/uploads\\\/2025\\\/01\\\/WhatsApp-Image-2025-01-22-at-16.08.11.jpeg\",\"width\":1536,\"height\":2048},{\"@type\":\"BreadcrumbList\",\"@id\":\"https:\\\/\\\/www.inmsol.com\\\/fr\\\/blog-fr-fr\\\/2025-goya-awards-granada\\\/#breadcrumb\",\"itemListElement\":[{\"@type\":\"ListItem\",\"position\":1,\"name\":\"Accredited Center by Instituto Cervantes\",\"item\":\"https:\\\/\\\/www.inmsol.com\\\/fr\\\/pagina-ejemplo\\\/\"},{\"@type\":\"ListItem\",\"position\":2,\"name\":\"Blog\",\"item\":\"https:\\\/\\\/www.inmsol.com\\\/fr\\\/category\\\/blog-fr-fr\\\/\"},{\"@type\":\"ListItem\",\"position\":3,\"name\":\"The 2025 Goya Awards in Granada!\"}]},{\"@type\":\"WebSite\",\"@id\":\"https:\\\/\\\/www.inmsol.com\\\/fr\\\/#website\",\"url\":\"https:\\\/\\\/www.inmsol.com\\\/fr\\\/\",\"name\":\"iNMSOL\",\"description\":\"Apprenez l'espagnol avec nous - Centre de formation affili\u00e9 \u00e0 l'Institute Cervantes\",\"publisher\":{\"@id\":\"https:\\\/\\\/www.inmsol.com\\\/fr\\\/#organization\"},\"potentialAction\":[{\"@type\":\"SearchAction\",\"target\":{\"@type\":\"EntryPoint\",\"urlTemplate\":\"https:\\\/\\\/www.inmsol.com\\\/fr\\\/?s={search_term_string}\"},\"query-input\":{\"@type\":\"PropertyValueSpecification\",\"valueRequired\":true,\"valueName\":\"search_term_string\"}}],\"inLanguage\":\"fr-FR\"},{\"@type\":\"Organization\",\"@id\":\"https:\\\/\\\/www.inmsol.com\\\/fr\\\/#organization\",\"name\":\"Instituto Mediterr\u00e1neo Sol\",\"url\":\"https:\\\/\\\/www.inmsol.com\\\/fr\\\/\",\"logo\":{\"@type\":\"ImageObject\",\"inLanguage\":\"fr-FR\",\"@id\":\"https:\\\/\\\/www.inmsol.com\\\/fr\\\/#\\\/schema\\\/logo\\\/image\\\/\",\"url\":\"https:\\\/\\\/www.inmsol.com\\\/wp-content\\\/uploads\\\/2023\\\/06\\\/logo-inmsol-1.png\",\"contentUrl\":\"https:\\\/\\\/www.inmsol.com\\\/wp-content\\\/uploads\\\/2023\\\/06\\\/logo-inmsol-1.png\",\"width\":136,\"height\":73,\"caption\":\"Instituto Mediterr\u00e1neo Sol\"},\"image\":{\"@id\":\"https:\\\/\\\/www.inmsol.com\\\/fr\\\/#\\\/schema\\\/logo\\\/image\\\/\"},\"sameAs\":[\"https:\\\/\\\/www.facebook.com\\\/spanishcourses\",\"https:\\\/\\\/x.com\\\/StudyInGranada\",\"http:\\\/\\\/instagram.com\\\/imsolgranada\",\"https:\\\/\\\/es.linkedin.com\\\/company\\\/imsol-granada\",\"https:\\\/\\\/www.pinterest.es\\\/inmsol\\\/\",\"https:\\\/\\\/www.youtube.com\\\/channel\\\/UChz-Qn_7coFMosY85iYMO4g\"]},{\"@type\":\"Person\",\"@id\":\"https:\\\/\\\/www.inmsol.com\\\/fr\\\/#\\\/schema\\\/person\\\/d041a9956283741a6ed56e0530eb28b5\",\"name\":\"Rocio Mart\u00ednez\",\"image\":{\"@type\":\"ImageObject\",\"inLanguage\":\"fr-FR\",\"@id\":\"https:\\\/\\\/secure.gravatar.com\\\/avatar\\\/95b9b0d999ef55a048952ade325bea9ee664237dc576277e59c3cc8fc6ea1123?s=96&d=mm&r=g\",\"url\":\"https:\\\/\\\/secure.gravatar.com\\\/avatar\\\/95b9b0d999ef55a048952ade325bea9ee664237dc576277e59c3cc8fc6ea1123?s=96&d=mm&r=g\",\"contentUrl\":\"https:\\\/\\\/secure.gravatar.com\\\/avatar\\\/95b9b0d999ef55a048952ade325bea9ee664237dc576277e59c3cc8fc6ea1123?s=96&d=mm&r=g\",\"caption\":\"Rocio Mart\u00ednez\"},\"url\":\"https:\\\/\\\/www.inmsol.com\\\/fr\\\/author\\\/secretaria\\\/\"}]}<\/script>\n<!-- \/ Yoast SEO plugin. -->","yoast_head_json":{"title":"The 2025 Goya Awards in Granada! &#8226; iNMSOL","robots":{"index":"index","follow":"follow","max-snippet":"max-snippet:-1","max-image-preview":"max-image-preview:large","max-video-preview":"max-video-preview:-1"},"canonical":"https:\/\/www.inmsol.com\/fr\/blog-fr-fr\/2025-goya-awards-granada\/","og_locale":"fr_FR","og_type":"article","og_title":"The 2025 Goya Awards in Granada! &#8226; iNMSOL","og_description":"The Goya Awards in Granada will take place in less than 3 weeks, and it is going to be the biggest event in 2025 for our city!","og_url":"https:\/\/www.inmsol.com\/fr\/blog-fr-fr\/2025-goya-awards-granada\/","og_site_name":"iNMSOL","article_publisher":"https:\/\/www.facebook.com\/spanishcourses","article_published_time":"2025-01-22T16:19:14+00:00","og_image":[{"width":1536,"height":2048,"url":"https:\/\/www.inmsol.com\/wp-content\/uploads\/2025\/01\/WhatsApp-Image-2025-01-22-at-16.08.11.jpeg","type":"image\/jpeg"}],"author":"Rocio Mart\u00ednez","twitter_misc":{"\u00c9crit par":"Rocio Mart\u00ednez","Dur\u00e9e de lecture estim\u00e9e":"2 minutes"},"schema":{"@context":"https:\/\/schema.org","@graph":[{"@type":"Article","@id":"https:\/\/www.inmsol.com\/fr\/blog-fr-fr\/2025-goya-awards-granada\/#article","isPartOf":{"@id":"https:\/\/www.inmsol.com\/fr\/blog-fr-fr\/2025-goya-awards-granada\/"},"author":{"name":"Rocio Mart\u00ednez","@id":"https:\/\/www.inmsol.com\/fr\/#\/schema\/person\/d041a9956283741a6ed56e0530eb28b5"},"headline":"The 2025 Goya Awards in Granada!","datePublished":"2025-01-22T16:19:14+00:00","mainEntityOfPage":{"@id":"https:\/\/www.inmsol.com\/fr\/blog-fr-fr\/2025-goya-awards-granada\/"},"wordCount":405,"commentCount":0,"publisher":{"@id":"https:\/\/www.inmsol.com\/fr\/#organization"},"image":{"@id":"https:\/\/www.inmsol.com\/fr\/blog-fr-fr\/2025-goya-awards-granada\/#primaryimage"},"thumbnailUrl":"https:\/\/www.inmsol.com\/wp-content\/uploads\/2025\/01\/WhatsApp-Image-2025-01-22-at-16.08.11.jpeg","articleSection":["Blog","Events in Granada"],"inLanguage":"fr-FR","potentialAction":[{"@type":"CommentAction","name":"Comment","target":["https:\/\/www.inmsol.com\/fr\/blog-fr-fr\/2025-goya-awards-granada\/#respond"]}]},{"@type":"WebPage","@id":"https:\/\/www.inmsol.com\/fr\/blog-fr-fr\/2025-goya-awards-granada\/","url":"https:\/\/www.inmsol.com\/fr\/blog-fr-fr\/2025-goya-awards-granada\/","name":"The 2025 Goya Awards in Granada! &#8226; iNMSOL","isPartOf":{"@id":"https:\/\/www.inmsol.com\/fr\/#website"},"primaryImageOfPage":{"@id":"https:\/\/www.inmsol.com\/fr\/blog-fr-fr\/2025-goya-awards-granada\/#primaryimage"},"image":{"@id":"https:\/\/www.inmsol.com\/fr\/blog-fr-fr\/2025-goya-awards-granada\/#primaryimage"},"thumbnailUrl":"https:\/\/www.inmsol.com\/wp-content\/uploads\/2025\/01\/WhatsApp-Image-2025-01-22-at-16.08.11.jpeg","datePublished":"2025-01-22T16:19:14+00:00","breadcrumb":{"@id":"https:\/\/www.inmsol.com\/fr\/blog-fr-fr\/2025-goya-awards-granada\/#breadcrumb"},"inLanguage":"fr-FR","potentialAction":[{"@type":"ReadAction","target":["https:\/\/www.inmsol.com\/fr\/blog-fr-fr\/2025-goya-awards-granada\/"]}]},{"@type":"ImageObject","inLanguage":"fr-FR","@id":"https:\/\/www.inmsol.com\/fr\/blog-fr-fr\/2025-goya-awards-granada\/#primaryimage","url":"https:\/\/www.inmsol.com\/wp-content\/uploads\/2025\/01\/WhatsApp-Image-2025-01-22-at-16.08.11.jpeg","contentUrl":"https:\/\/www.inmsol.com\/wp-content\/uploads\/2025\/01\/WhatsApp-Image-2025-01-22-at-16.08.11.jpeg","width":1536,"height":2048},{"@type":"BreadcrumbList","@id":"https:\/\/www.inmsol.com\/fr\/blog-fr-fr\/2025-goya-awards-granada\/#breadcrumb","itemListElement":[{"@type":"ListItem","position":1,"name":"Accredited Center by Instituto Cervantes","item":"https:\/\/www.inmsol.com\/fr\/pagina-ejemplo\/"},{"@type":"ListItem","position":2,"name":"Blog","item":"https:\/\/www.inmsol.com\/fr\/category\/blog-fr-fr\/"},{"@type":"ListItem","position":3,"name":"The 2025 Goya Awards in Granada!"}]},{"@type":"WebSite","@id":"https:\/\/www.inmsol.com\/fr\/#website","url":"https:\/\/www.inmsol.com\/fr\/","name":"iNMSOL","description":"Apprenez l'espagnol avec nous - Centre de formation affili\u00e9 \u00e0 l'Institute Cervantes","publisher":{"@id":"https:\/\/www.inmsol.com\/fr\/#organization"},"potentialAction":[{"@type":"SearchAction","target":{"@type":"EntryPoint","urlTemplate":"https:\/\/www.inmsol.com\/fr\/?s={search_term_string}"},"query-input":{"@type":"PropertyValueSpecification","valueRequired":true,"valueName":"search_term_string"}}],"inLanguage":"fr-FR"},{"@type":"Organization","@id":"https:\/\/www.inmsol.com\/fr\/#organization","name":"Instituto Mediterr\u00e1neo Sol","url":"https:\/\/www.inmsol.com\/fr\/","logo":{"@type":"ImageObject","inLanguage":"fr-FR","@id":"https:\/\/www.inmsol.com\/fr\/#\/schema\/logo\/image\/","url":"https:\/\/www.inmsol.com\/wp-content\/uploads\/2023\/06\/logo-inmsol-1.png","contentUrl":"https:\/\/www.inmsol.com\/wp-content\/uploads\/2023\/06\/logo-inmsol-1.png","width":136,"height":73,"caption":"Instituto Mediterr\u00e1neo Sol"},"image":{"@id":"https:\/\/www.inmsol.com\/fr\/#\/schema\/logo\/image\/"},"sameAs":["https:\/\/www.facebook.com\/spanishcourses","https:\/\/x.com\/StudyInGranada","http:\/\/instagram.com\/imsolgranada","https:\/\/es.linkedin.com\/company\/imsol-granada","https:\/\/www.pinterest.es\/inmsol\/","https:\/\/www.youtube.com\/channel\/UChz-Qn_7coFMosY85iYMO4g"]},{"@type":"Person","@id":"https:\/\/www.inmsol.com\/fr\/#\/schema\/person\/d041a9956283741a6ed56e0530eb28b5","name":"Rocio Mart\u00ednez","image":{"@type":"ImageObject","inLanguage":"fr-FR","@id":"https:\/\/secure.gravatar.com\/avatar\/95b9b0d999ef55a048952ade325bea9ee664237dc576277e59c3cc8fc6ea1123?s=96&d=mm&r=g","url":"https:\/\/secure.gravatar.com\/avatar\/95b9b0d999ef55a048952ade325bea9ee664237dc576277e59c3cc8fc6ea1123?s=96&d=mm&r=g","contentUrl":"https:\/\/secure.gravatar.com\/avatar\/95b9b0d999ef55a048952ade325bea9ee664237dc576277e59c3cc8fc6ea1123?s=96&d=mm&r=g","caption":"Rocio Mart\u00ednez"},"url":"https:\/\/www.inmsol.com\/fr\/author\/secretaria\/"}]}},"_links":{"self":[{"href":"https:\/\/www.inmsol.com\/fr\/wp-json\/wp\/v2\/posts\/86440","targetHints":{"allow":["GET"]}}],"collection":[{"href":"https:\/\/www.inmsol.com\/fr\/wp-json\/wp\/v2\/posts"}],"about":[{"href":"https:\/\/www.inmsol.com\/fr\/wp-json\/wp\/v2\/types\/post"}],"author":[{"embeddable":true,"href":"https:\/\/www.inmsol.com\/fr\/wp-json\/wp\/v2\/users\/31"}],"replies":[{"embeddable":true,"href":"https:\/\/www.inmsol.com\/fr\/wp-json\/wp\/v2\/comments?post=86440"}],"version-history":[{"count":3,"href":"https:\/\/www.inmsol.com\/fr\/wp-json\/wp\/v2\/posts\/86440\/revisions"}],"predecessor-version":[{"id":86496,"href":"https:\/\/www.inmsol.com\/fr\/wp-json\/wp\/v2\/posts\/86440\/revisions\/86496"}],"wp:featuredmedia":[{"embeddable":true,"href":"https:\/\/www.inmsol.com\/fr\/wp-json\/wp\/v2\/media\/86483"}],"wp:attachment":[{"href":"https:\/\/www.inmsol.com\/fr\/wp-json\/wp\/v2\/media?parent=86440"}],"wp:term":[{"taxonomy":"category","embeddable":true,"href":"https:\/\/www.inmsol.com\/fr\/wp-json\/wp\/v2\/categories?post=86440"},{"taxonomy":"post_tag","embeddable":true,"href":"https:\/\/www.inmsol.com\/fr\/wp-json\/wp\/v2\/tags?post=86440"}],"curies":[{"name":"wp","href":"https:\/\/api.w.org\/{rel}","templated":true}]}}