{"id":86690,"date":"2025-02-25T17:54:16","date_gmt":"2025-02-25T16:54:16","guid":{"rendered":"https:\/\/www.inmsol.com\/?p=86690"},"modified":"2025-02-25T17:54:16","modified_gmt":"2025-02-25T16:54:16","slug":"ii-art-fair-lateral-granada","status":"publish","type":"post","link":"https:\/\/www.inmsol.com\/fr\/blog-fr-fr\/ii-art-fair-lateral-granada\/","title":{"rendered":"II Art Fair LATERAL in Granada"},"content":{"rendered":"<h4>II Art Fair LATERAL in Granada: A Must-See Cultural Event in our city.<\/h4>\n<p>The II Art Fair LATERAL will take place in Granada from February 25 to March 2, 2025. The event will be hosted at <a href=\"https:\/\/centroculturalcomares.com\/\" target=\"_blank\" rel=\"noopener\">Centro Cultural Comares<\/a>, located at Calle Santa Escol\u00e1stica n\u00ba 3 in the Realejo district. Its main goal is to highlight local creativity and contemporary culture in the city.<\/p>\n<p>&nbsp;<\/p>\n<p><img fetchpriority=\"high\" decoding=\"async\" class=\"aligncenter size-full wp-image-86707\" src=\"https:\/\/www.inmsol.com\/wp-content\/uploads\/2025\/02\/Lateral-principal.jpg\" alt=\"\" width=\"1202\" height=\"600\" srcset=\"https:\/\/www.inmsol.com\/wp-content\/uploads\/2025\/02\/Lateral-principal.jpg 1202w, https:\/\/www.inmsol.com\/wp-content\/uploads\/2025\/02\/Lateral-principal-460x230.jpg 460w, https:\/\/www.inmsol.com\/wp-content\/uploads\/2025\/02\/Lateral-principal-1024x511.jpg 1024w, https:\/\/www.inmsol.com\/wp-content\/uploads\/2025\/02\/Lateral-principal-150x75.jpg 150w, https:\/\/www.inmsol.com\/wp-content\/uploads\/2025\/02\/Lateral-principal-768x383.jpg 768w, https:\/\/www.inmsol.com\/wp-content\/uploads\/2025\/02\/Lateral-principal-1000x500.jpg 1000w, https:\/\/www.inmsol.com\/wp-content\/uploads\/2025\/02\/Lateral-principal-700x349.jpg 700w, https:\/\/www.inmsol.com\/wp-content\/uploads\/2025\/02\/Lateral-principal-800x399.jpg 800w, https:\/\/www.inmsol.com\/wp-content\/uploads\/2025\/02\/Lateral-principal-64x32.jpg 64w\" sizes=\"(max-width: 1202px) 100vw, 1202px\" \/><\/p>\n<p>Bringing together more than twenty creative spaces, art galleries, workshops, and cultural associations, this fair is an unmissable event for culture lovers! <a href=\"https:\/\/www.inmsol.com\/fr\/\" target=\"_blank\" rel=\"noopener\">iNMSOL<\/a> tells you more:<\/p>\n<p>&nbsp;<\/p>\n<h3>What Can You See at the LATERAL Art Fair?<\/h3>\n<p>Here is the general schedule of activities:<\/p>\n<ul>\n<li><strong>Daily Opening:<\/strong> 11:00 AM<\/li>\n<li><strong>Family Workshops:<\/strong> 11:00 AM &#8211; Activities for children and young audiences, covering various artistic disciplines.<\/li>\n<li><strong>Live Artistic Demonstrations:<\/strong> 12:00 PM &#8211; Live exhibitions of techniques such as ceramics, painting, photography, printmaking, and audiovisual arts.<\/li>\n<li><strong>Guided Tours:<\/strong> 1:00 PM &amp; 7:00 PM &#8211; Informative tours led by the Lateral Brigade.<\/li>\n<\/ul>\n<h3><img decoding=\"async\" class=\"aligncenter size-full wp-image-86721\" src=\"https:\/\/www.inmsol.com\/wp-content\/uploads\/2025\/02\/Programa-Lateral.jpg\" alt=\"\" width=\"1202\" height=\"600\" srcset=\"https:\/\/www.inmsol.com\/wp-content\/uploads\/2025\/02\/Programa-Lateral.jpg 1202w, https:\/\/www.inmsol.com\/wp-content\/uploads\/2025\/02\/Programa-Lateral-460x230.jpg 460w, https:\/\/www.inmsol.com\/wp-content\/uploads\/2025\/02\/Programa-Lateral-1024x511.jpg 1024w, https:\/\/www.inmsol.com\/wp-content\/uploads\/2025\/02\/Programa-Lateral-150x75.jpg 150w, https:\/\/www.inmsol.com\/wp-content\/uploads\/2025\/02\/Programa-Lateral-768x383.jpg 768w, https:\/\/www.inmsol.com\/wp-content\/uploads\/2025\/02\/Programa-Lateral-1000x500.jpg 1000w, https:\/\/www.inmsol.com\/wp-content\/uploads\/2025\/02\/Programa-Lateral-700x349.jpg 700w, https:\/\/www.inmsol.com\/wp-content\/uploads\/2025\/02\/Programa-Lateral-800x399.jpg 800w, https:\/\/www.inmsol.com\/wp-content\/uploads\/2025\/02\/Programa-Lateral-64x32.jpg 64w\" sizes=\"(max-width: 1202px) 100vw, 1202px\" \/><\/h3>\n<ul>\n<li><strong>Wine &amp; Food Tastings:<\/strong> 2:00 PM &#8211; Gastronomic experiences pairing local wines and dishes. (Pre-registration required; cost: \u20ac30).<\/li>\n<li><strong>Cultural Presentations<\/strong> (\u00ab\u00a0Capsules\u00a0\u00bb): 5:00 PM &#8211; Short presentations of cultural projects with social impact.<\/li>\n<li><strong>Atrium Performances:<\/strong> 8:00 PM &#8211; Live performance cycle curated by Isabel Le\u00f3n, featuring emerging artists exploring various disciplines.<\/li>\n<li><strong>Music Program in the Garden (\u00ab\u00a0El Jard\u00edn Suena\u00a0\u00bb)<\/strong>: 9:00 PM &#8211; DJ sets and live concerts to close each day.<\/li>\n<\/ul>\n<p><img decoding=\"async\" class=\"aligncenter size-full wp-image-86728\" src=\"https:\/\/www.inmsol.com\/wp-content\/uploads\/2025\/02\/Plano.jpg\" alt=\"\" width=\"1202\" height=\"600\" srcset=\"https:\/\/www.inmsol.com\/wp-content\/uploads\/2025\/02\/Plano.jpg 1202w, https:\/\/www.inmsol.com\/wp-content\/uploads\/2025\/02\/Plano-460x230.jpg 460w, https:\/\/www.inmsol.com\/wp-content\/uploads\/2025\/02\/Plano-1024x511.jpg 1024w, https:\/\/www.inmsol.com\/wp-content\/uploads\/2025\/02\/Plano-150x75.jpg 150w, https:\/\/www.inmsol.com\/wp-content\/uploads\/2025\/02\/Plano-768x383.jpg 768w, https:\/\/www.inmsol.com\/wp-content\/uploads\/2025\/02\/Plano-1000x500.jpg 1000w, https:\/\/www.inmsol.com\/wp-content\/uploads\/2025\/02\/Plano-700x349.jpg 700w, https:\/\/www.inmsol.com\/wp-content\/uploads\/2025\/02\/Plano-800x399.jpg 800w, https:\/\/www.inmsol.com\/wp-content\/uploads\/2025\/02\/Plano-64x32.jpg 64w\" sizes=\"(max-width: 1202px) 100vw, 1202px\" \/><\/p>\n<h3>Which Artists Are Participating in the Fair?<\/h3>\n<p>Among the creative spaces and galleries taking part in the fair are:<\/p>\n<ul>\n<li>Arrabal y C\u00eda.<\/li>\n<li>Cefe Navarro<\/li>\n<li>Christian Walter<\/li>\n<li>El Nido<\/li>\n<li>El Silo El\u00e9ctrico<\/li>\n<li>Deriva<\/li>\n<li>Espacio Cartuja<\/li>\n<li>Espacio Lavadero<\/li>\n<li>Media Luna<\/li>\n<li>Fablabimagen<\/li>\n<li>Futura Basura<\/li>\n<li>La 43<\/li>\n<li>La Cajita de Cerillas<\/li>\n<li>La Emp\u00edrica<\/li>\n<li>La Escondida<\/li>\n<li>La Estamper\u00eda<\/li>\n<li>La Ra\u00edz<\/li>\n<li>Maya Vergel<\/li>\n<li>Menfis<\/li>\n<li>Proyecto Camale\u00f3n<\/li>\n<li>Ruiz Linares<\/li>\n<li>SCAN<\/li>\n<li>TonyPotter<\/li>\n<li>V.E.S. Arte<\/li>\n<li>Vinauro<\/li>\n<\/ul>\n<h3><\/h3>\n<h3>Don&rsquo;t Miss This Unique Art Fair!<\/h3>\n<h4>Take note of the key details:<\/h4>\n<ul>\n<li><strong>Location:<\/strong> Centro Cultural Comares, Calle Santa Escol\u00e1stica n\u00ba 3, Realejo, Granada.<\/li>\n<li><strong>Admission:<\/strong> All activities are free except for the Collectors&rsquo; Meeting (invitation required) and workshops\/tastings (pre-registration and payment required).<\/li>\n<li><strong>Registration:<\/strong> For workshops and wine &amp; food tastings, registration is available via Bizum, bank transfer, or cash payment at designated locations.<\/li>\n<\/ul>\n<p><img loading=\"lazy\" decoding=\"async\" class=\"aligncenter size-full wp-image-86714\" src=\"https:\/\/www.inmsol.com\/wp-content\/uploads\/2025\/02\/Centro-cultural-comares.jpg\" alt=\"\" width=\"1202\" height=\"600\" srcset=\"https:\/\/www.inmsol.com\/wp-content\/uploads\/2025\/02\/Centro-cultural-comares.jpg 1202w, https:\/\/www.inmsol.com\/wp-content\/uploads\/2025\/02\/Centro-cultural-comares-460x230.jpg 460w, https:\/\/www.inmsol.com\/wp-content\/uploads\/2025\/02\/Centro-cultural-comares-1024x511.jpg 1024w, https:\/\/www.inmsol.com\/wp-content\/uploads\/2025\/02\/Centro-cultural-comares-150x75.jpg 150w, https:\/\/www.inmsol.com\/wp-content\/uploads\/2025\/02\/Centro-cultural-comares-768x383.jpg 768w, https:\/\/www.inmsol.com\/wp-content\/uploads\/2025\/02\/Centro-cultural-comares-1000x500.jpg 1000w, https:\/\/www.inmsol.com\/wp-content\/uploads\/2025\/02\/Centro-cultural-comares-700x349.jpg 700w, https:\/\/www.inmsol.com\/wp-content\/uploads\/2025\/02\/Centro-cultural-comares-800x399.jpg 800w, https:\/\/www.inmsol.com\/wp-content\/uploads\/2025\/02\/Centro-cultural-comares-64x32.jpg 64w\" sizes=\"(max-width: 1202px) 100vw, 1202px\" \/><\/p>\n<p>The II Art Fair LATERAL is a unique opportunity to immerse yourself in Granada&rsquo;s vibrant art scene and enjoy a wide range of <a href=\"https:\/\/www.inmsol.com\/fr\/activites-et-excursions\/\" target=\"_blank\" rel=\"noopener\">cultural activities<\/a> for all audiences.<\/p>\n<h4><\/h4>\n<blockquote>\n<h4>More information available <a href=\"https:\/\/lateralgranada.com\/ii-feria-de-arte\/#informacion\" target=\"_blank\" rel=\"noopener\">on their official website<\/a>!<\/h4>\n<\/blockquote>\n","protected":false},"excerpt":{"rendered":"<p>The II Art Fair LATERAL in Granada is taking place from February 25 to March 2, 2025 in Realejo. Many artists will gather, don&rsquo;t miss out!<\/p>\n","protected":false},"author":31,"featured_media":86736,"comment_status":"open","ping_status":"closed","sticky":false,"template":"","format":"standard","meta":{"_acf_changed":false,"footnotes":""},"categories":[4,1428],"tags":[],"class_list":["post-86690","post","type-post","status-publish","format-standard","has-post-thumbnail","hentry","category-blog-fr-fr","category-events-in-granada-fr"],"acf":[],"yoast_head":"<!-- This site is optimized with the Yoast SEO plugin v27.5 - https:\/\/yoast.com\/product\/yoast-seo-wordpress\/ -->\n<title>II Art Fair LATERAL in Granada &#8226; iNMSOL<\/title>\n<meta name=\"description\" content=\"The II Art Fair LATERAL in Granada is taking place from February 25 to March 2, 2025 in Realejo. Many artists will gather, don&#039;t miss out!\" \/>\n<meta name=\"robots\" content=\"index, follow, max-snippet:-1, max-image-preview:large, max-video-preview:-1\" \/>\n<link rel=\"canonical\" href=\"https:\/\/www.inmsol.com\/fr\/blog-fr-fr\/ii-art-fair-lateral-granada\/\" \/>\n<meta property=\"og:locale\" content=\"fr_FR\" \/>\n<meta property=\"og:type\" content=\"article\" \/>\n<meta property=\"og:title\" content=\"II Art Fair LATERAL in Granada &#8226; iNMSOL\" \/>\n<meta property=\"og:description\" content=\"The II Art Fair LATERAL in Granada is taking place from February 25 to March 2, 2025 in Realejo. Many artists will gather, don&#039;t miss out!\" \/>\n<meta property=\"og:url\" content=\"https:\/\/www.inmsol.com\/fr\/blog-fr-fr\/ii-art-fair-lateral-granada\/\" \/>\n<meta property=\"og:site_name\" content=\"iNMSOL\" \/>\n<meta property=\"article:publisher\" content=\"https:\/\/www.facebook.com\/spanishcourses\" \/>\n<meta property=\"article:published_time\" content=\"2025-02-25T16:54:16+00:00\" \/>\n<meta property=\"og:image\" content=\"https:\/\/www.inmsol.com\/wp-content\/uploads\/2025\/02\/Feat-Lateral.jpg\" \/>\n\t<meta property=\"og:image:width\" content=\"1202\" \/>\n\t<meta property=\"og:image:height\" content=\"600\" \/>\n\t<meta property=\"og:image:type\" content=\"image\/jpeg\" \/>\n<meta name=\"author\" content=\"Rocio Mart\u00ednez\" \/>\n<meta name=\"twitter:label1\" content=\"\u00c9crit par\" \/>\n\t<meta name=\"twitter:data1\" content=\"Rocio Mart\u00ednez\" \/>\n\t<meta name=\"twitter:label2\" content=\"Dur\u00e9e de lecture estim\u00e9e\" \/>\n\t<meta name=\"twitter:data2\" content=\"2 minutes\" \/>\n<script type=\"application\/ld+json\" class=\"yoast-schema-graph\">{\"@context\":\"https:\\\/\\\/schema.org\",\"@graph\":[{\"@type\":\"Article\",\"@id\":\"https:\\\/\\\/www.inmsol.com\\\/fr\\\/blog-fr-fr\\\/ii-art-fair-lateral-granada\\\/#article\",\"isPartOf\":{\"@id\":\"https:\\\/\\\/www.inmsol.com\\\/fr\\\/blog-fr-fr\\\/ii-art-fair-lateral-granada\\\/\"},\"author\":{\"name\":\"Rocio Mart\u00ednez\",\"@id\":\"https:\\\/\\\/www.inmsol.com\\\/fr\\\/#\\\/schema\\\/person\\\/d041a9956283741a6ed56e0530eb28b5\"},\"headline\":\"II Art Fair LATERAL in Granada\",\"datePublished\":\"2025-02-25T16:54:16+00:00\",\"mainEntityOfPage\":{\"@id\":\"https:\\\/\\\/www.inmsol.com\\\/fr\\\/blog-fr-fr\\\/ii-art-fair-lateral-granada\\\/\"},\"wordCount\":400,\"commentCount\":0,\"publisher\":{\"@id\":\"https:\\\/\\\/www.inmsol.com\\\/fr\\\/#organization\"},\"image\":{\"@id\":\"https:\\\/\\\/www.inmsol.com\\\/fr\\\/blog-fr-fr\\\/ii-art-fair-lateral-granada\\\/#primaryimage\"},\"thumbnailUrl\":\"https:\\\/\\\/www.inmsol.com\\\/wp-content\\\/uploads\\\/2025\\\/02\\\/Feat-Lateral.jpg\",\"articleSection\":[\"Blog\",\"Events in Granada\"],\"inLanguage\":\"fr-FR\",\"potentialAction\":[{\"@type\":\"CommentAction\",\"name\":\"Comment\",\"target\":[\"https:\\\/\\\/www.inmsol.com\\\/fr\\\/blog-fr-fr\\\/ii-art-fair-lateral-granada\\\/#respond\"]}]},{\"@type\":\"WebPage\",\"@id\":\"https:\\\/\\\/www.inmsol.com\\\/fr\\\/blog-fr-fr\\\/ii-art-fair-lateral-granada\\\/\",\"url\":\"https:\\\/\\\/www.inmsol.com\\\/fr\\\/blog-fr-fr\\\/ii-art-fair-lateral-granada\\\/\",\"name\":\"II Art Fair LATERAL in Granada &#8226; iNMSOL\",\"isPartOf\":{\"@id\":\"https:\\\/\\\/www.inmsol.com\\\/fr\\\/#website\"},\"primaryImageOfPage\":{\"@id\":\"https:\\\/\\\/www.inmsol.com\\\/fr\\\/blog-fr-fr\\\/ii-art-fair-lateral-granada\\\/#primaryimage\"},\"image\":{\"@id\":\"https:\\\/\\\/www.inmsol.com\\\/fr\\\/blog-fr-fr\\\/ii-art-fair-lateral-granada\\\/#primaryimage\"},\"thumbnailUrl\":\"https:\\\/\\\/www.inmsol.com\\\/wp-content\\\/uploads\\\/2025\\\/02\\\/Feat-Lateral.jpg\",\"datePublished\":\"2025-02-25T16:54:16+00:00\",\"description\":\"The II Art Fair LATERAL in Granada is taking place from February 25 to March 2, 2025 in Realejo. Many artists will gather, don't miss out!\",\"breadcrumb\":{\"@id\":\"https:\\\/\\\/www.inmsol.com\\\/fr\\\/blog-fr-fr\\\/ii-art-fair-lateral-granada\\\/#breadcrumb\"},\"inLanguage\":\"fr-FR\",\"potentialAction\":[{\"@type\":\"ReadAction\",\"target\":[\"https:\\\/\\\/www.inmsol.com\\\/fr\\\/blog-fr-fr\\\/ii-art-fair-lateral-granada\\\/\"]}]},{\"@type\":\"ImageObject\",\"inLanguage\":\"fr-FR\",\"@id\":\"https:\\\/\\\/www.inmsol.com\\\/fr\\\/blog-fr-fr\\\/ii-art-fair-lateral-granada\\\/#primaryimage\",\"url\":\"https:\\\/\\\/www.inmsol.com\\\/wp-content\\\/uploads\\\/2025\\\/02\\\/Feat-Lateral.jpg\",\"contentUrl\":\"https:\\\/\\\/www.inmsol.com\\\/wp-content\\\/uploads\\\/2025\\\/02\\\/Feat-Lateral.jpg\",\"width\":1202,\"height\":600},{\"@type\":\"BreadcrumbList\",\"@id\":\"https:\\\/\\\/www.inmsol.com\\\/fr\\\/blog-fr-fr\\\/ii-art-fair-lateral-granada\\\/#breadcrumb\",\"itemListElement\":[{\"@type\":\"ListItem\",\"position\":1,\"name\":\"Accredited Center by Instituto Cervantes\",\"item\":\"https:\\\/\\\/www.inmsol.com\\\/fr\\\/pagina-ejemplo\\\/\"},{\"@type\":\"ListItem\",\"position\":2,\"name\":\"Blog\",\"item\":\"https:\\\/\\\/www.inmsol.com\\\/fr\\\/category\\\/blog-fr-fr\\\/\"},{\"@type\":\"ListItem\",\"position\":3,\"name\":\"II Art Fair LATERAL in Granada\"}]},{\"@type\":\"WebSite\",\"@id\":\"https:\\\/\\\/www.inmsol.com\\\/fr\\\/#website\",\"url\":\"https:\\\/\\\/www.inmsol.com\\\/fr\\\/\",\"name\":\"iNMSOL\",\"description\":\"Apprenez l'espagnol avec nous - Centre de formation affili\u00e9 \u00e0 l'Institute Cervantes\",\"publisher\":{\"@id\":\"https:\\\/\\\/www.inmsol.com\\\/fr\\\/#organization\"},\"potentialAction\":[{\"@type\":\"SearchAction\",\"target\":{\"@type\":\"EntryPoint\",\"urlTemplate\":\"https:\\\/\\\/www.inmsol.com\\\/fr\\\/?s={search_term_string}\"},\"query-input\":{\"@type\":\"PropertyValueSpecification\",\"valueRequired\":true,\"valueName\":\"search_term_string\"}}],\"inLanguage\":\"fr-FR\"},{\"@type\":\"Organization\",\"@id\":\"https:\\\/\\\/www.inmsol.com\\\/fr\\\/#organization\",\"name\":\"Instituto Mediterr\u00e1neo Sol\",\"url\":\"https:\\\/\\\/www.inmsol.com\\\/fr\\\/\",\"logo\":{\"@type\":\"ImageObject\",\"inLanguage\":\"fr-FR\",\"@id\":\"https:\\\/\\\/www.inmsol.com\\\/fr\\\/#\\\/schema\\\/logo\\\/image\\\/\",\"url\":\"https:\\\/\\\/www.inmsol.com\\\/wp-content\\\/uploads\\\/2023\\\/06\\\/logo-inmsol-1.png\",\"contentUrl\":\"https:\\\/\\\/www.inmsol.com\\\/wp-content\\\/uploads\\\/2023\\\/06\\\/logo-inmsol-1.png\",\"width\":136,\"height\":73,\"caption\":\"Instituto Mediterr\u00e1neo Sol\"},\"image\":{\"@id\":\"https:\\\/\\\/www.inmsol.com\\\/fr\\\/#\\\/schema\\\/logo\\\/image\\\/\"},\"sameAs\":[\"https:\\\/\\\/www.facebook.com\\\/spanishcourses\",\"https:\\\/\\\/x.com\\\/StudyInGranada\",\"http:\\\/\\\/instagram.com\\\/imsolgranada\",\"https:\\\/\\\/es.linkedin.com\\\/company\\\/imsol-granada\",\"https:\\\/\\\/www.pinterest.es\\\/inmsol\\\/\",\"https:\\\/\\\/www.youtube.com\\\/channel\\\/UChz-Qn_7coFMosY85iYMO4g\"]},{\"@type\":\"Person\",\"@id\":\"https:\\\/\\\/www.inmsol.com\\\/fr\\\/#\\\/schema\\\/person\\\/d041a9956283741a6ed56e0530eb28b5\",\"name\":\"Rocio Mart\u00ednez\",\"image\":{\"@type\":\"ImageObject\",\"inLanguage\":\"fr-FR\",\"@id\":\"https:\\\/\\\/secure.gravatar.com\\\/avatar\\\/95b9b0d999ef55a048952ade325bea9ee664237dc576277e59c3cc8fc6ea1123?s=96&d=mm&r=g\",\"url\":\"https:\\\/\\\/secure.gravatar.com\\\/avatar\\\/95b9b0d999ef55a048952ade325bea9ee664237dc576277e59c3cc8fc6ea1123?s=96&d=mm&r=g\",\"contentUrl\":\"https:\\\/\\\/secure.gravatar.com\\\/avatar\\\/95b9b0d999ef55a048952ade325bea9ee664237dc576277e59c3cc8fc6ea1123?s=96&d=mm&r=g\",\"caption\":\"Rocio Mart\u00ednez\"},\"url\":\"https:\\\/\\\/www.inmsol.com\\\/fr\\\/author\\\/secretaria\\\/\"}]}<\/script>\n<!-- \/ Yoast SEO plugin. -->","yoast_head_json":{"title":"II Art Fair LATERAL in Granada &#8226; iNMSOL","description":"The II Art Fair LATERAL in Granada is taking place from February 25 to March 2, 2025 in Realejo. Many artists will gather, don't miss out!","robots":{"index":"index","follow":"follow","max-snippet":"max-snippet:-1","max-image-preview":"max-image-preview:large","max-video-preview":"max-video-preview:-1"},"canonical":"https:\/\/www.inmsol.com\/fr\/blog-fr-fr\/ii-art-fair-lateral-granada\/","og_locale":"fr_FR","og_type":"article","og_title":"II Art Fair LATERAL in Granada &#8226; iNMSOL","og_description":"The II Art Fair LATERAL in Granada is taking place from February 25 to March 2, 2025 in Realejo. Many artists will gather, don't miss out!","og_url":"https:\/\/www.inmsol.com\/fr\/blog-fr-fr\/ii-art-fair-lateral-granada\/","og_site_name":"iNMSOL","article_publisher":"https:\/\/www.facebook.com\/spanishcourses","article_published_time":"2025-02-25T16:54:16+00:00","og_image":[{"width":1202,"height":600,"url":"https:\/\/www.inmsol.com\/wp-content\/uploads\/2025\/02\/Feat-Lateral.jpg","type":"image\/jpeg"}],"author":"Rocio Mart\u00ednez","twitter_misc":{"\u00c9crit par":"Rocio Mart\u00ednez","Dur\u00e9e de lecture estim\u00e9e":"2 minutes"},"schema":{"@context":"https:\/\/schema.org","@graph":[{"@type":"Article","@id":"https:\/\/www.inmsol.com\/fr\/blog-fr-fr\/ii-art-fair-lateral-granada\/#article","isPartOf":{"@id":"https:\/\/www.inmsol.com\/fr\/blog-fr-fr\/ii-art-fair-lateral-granada\/"},"author":{"name":"Rocio Mart\u00ednez","@id":"https:\/\/www.inmsol.com\/fr\/#\/schema\/person\/d041a9956283741a6ed56e0530eb28b5"},"headline":"II Art Fair LATERAL in Granada","datePublished":"2025-02-25T16:54:16+00:00","mainEntityOfPage":{"@id":"https:\/\/www.inmsol.com\/fr\/blog-fr-fr\/ii-art-fair-lateral-granada\/"},"wordCount":400,"commentCount":0,"publisher":{"@id":"https:\/\/www.inmsol.com\/fr\/#organization"},"image":{"@id":"https:\/\/www.inmsol.com\/fr\/blog-fr-fr\/ii-art-fair-lateral-granada\/#primaryimage"},"thumbnailUrl":"https:\/\/www.inmsol.com\/wp-content\/uploads\/2025\/02\/Feat-Lateral.jpg","articleSection":["Blog","Events in Granada"],"inLanguage":"fr-FR","potentialAction":[{"@type":"CommentAction","name":"Comment","target":["https:\/\/www.inmsol.com\/fr\/blog-fr-fr\/ii-art-fair-lateral-granada\/#respond"]}]},{"@type":"WebPage","@id":"https:\/\/www.inmsol.com\/fr\/blog-fr-fr\/ii-art-fair-lateral-granada\/","url":"https:\/\/www.inmsol.com\/fr\/blog-fr-fr\/ii-art-fair-lateral-granada\/","name":"II Art Fair LATERAL in Granada &#8226; iNMSOL","isPartOf":{"@id":"https:\/\/www.inmsol.com\/fr\/#website"},"primaryImageOfPage":{"@id":"https:\/\/www.inmsol.com\/fr\/blog-fr-fr\/ii-art-fair-lateral-granada\/#primaryimage"},"image":{"@id":"https:\/\/www.inmsol.com\/fr\/blog-fr-fr\/ii-art-fair-lateral-granada\/#primaryimage"},"thumbnailUrl":"https:\/\/www.inmsol.com\/wp-content\/uploads\/2025\/02\/Feat-Lateral.jpg","datePublished":"2025-02-25T16:54:16+00:00","description":"The II Art Fair LATERAL in Granada is taking place from February 25 to March 2, 2025 in Realejo. Many artists will gather, don't miss out!","breadcrumb":{"@id":"https:\/\/www.inmsol.com\/fr\/blog-fr-fr\/ii-art-fair-lateral-granada\/#breadcrumb"},"inLanguage":"fr-FR","potentialAction":[{"@type":"ReadAction","target":["https:\/\/www.inmsol.com\/fr\/blog-fr-fr\/ii-art-fair-lateral-granada\/"]}]},{"@type":"ImageObject","inLanguage":"fr-FR","@id":"https:\/\/www.inmsol.com\/fr\/blog-fr-fr\/ii-art-fair-lateral-granada\/#primaryimage","url":"https:\/\/www.inmsol.com\/wp-content\/uploads\/2025\/02\/Feat-Lateral.jpg","contentUrl":"https:\/\/www.inmsol.com\/wp-content\/uploads\/2025\/02\/Feat-Lateral.jpg","width":1202,"height":600},{"@type":"BreadcrumbList","@id":"https:\/\/www.inmsol.com\/fr\/blog-fr-fr\/ii-art-fair-lateral-granada\/#breadcrumb","itemListElement":[{"@type":"ListItem","position":1,"name":"Accredited Center by Instituto Cervantes","item":"https:\/\/www.inmsol.com\/fr\/pagina-ejemplo\/"},{"@type":"ListItem","position":2,"name":"Blog","item":"https:\/\/www.inmsol.com\/fr\/category\/blog-fr-fr\/"},{"@type":"ListItem","position":3,"name":"II Art Fair LATERAL in Granada"}]},{"@type":"WebSite","@id":"https:\/\/www.inmsol.com\/fr\/#website","url":"https:\/\/www.inmsol.com\/fr\/","name":"iNMSOL","description":"Apprenez l'espagnol avec nous - Centre de formation affili\u00e9 \u00e0 l'Institute Cervantes","publisher":{"@id":"https:\/\/www.inmsol.com\/fr\/#organization"},"potentialAction":[{"@type":"SearchAction","target":{"@type":"EntryPoint","urlTemplate":"https:\/\/www.inmsol.com\/fr\/?s={search_term_string}"},"query-input":{"@type":"PropertyValueSpecification","valueRequired":true,"valueName":"search_term_string"}}],"inLanguage":"fr-FR"},{"@type":"Organization","@id":"https:\/\/www.inmsol.com\/fr\/#organization","name":"Instituto Mediterr\u00e1neo Sol","url":"https:\/\/www.inmsol.com\/fr\/","logo":{"@type":"ImageObject","inLanguage":"fr-FR","@id":"https:\/\/www.inmsol.com\/fr\/#\/schema\/logo\/image\/","url":"https:\/\/www.inmsol.com\/wp-content\/uploads\/2023\/06\/logo-inmsol-1.png","contentUrl":"https:\/\/www.inmsol.com\/wp-content\/uploads\/2023\/06\/logo-inmsol-1.png","width":136,"height":73,"caption":"Instituto Mediterr\u00e1neo Sol"},"image":{"@id":"https:\/\/www.inmsol.com\/fr\/#\/schema\/logo\/image\/"},"sameAs":["https:\/\/www.facebook.com\/spanishcourses","https:\/\/x.com\/StudyInGranada","http:\/\/instagram.com\/imsolgranada","https:\/\/es.linkedin.com\/company\/imsol-granada","https:\/\/www.pinterest.es\/inmsol\/","https:\/\/www.youtube.com\/channel\/UChz-Qn_7coFMosY85iYMO4g"]},{"@type":"Person","@id":"https:\/\/www.inmsol.com\/fr\/#\/schema\/person\/d041a9956283741a6ed56e0530eb28b5","name":"Rocio Mart\u00ednez","image":{"@type":"ImageObject","inLanguage":"fr-FR","@id":"https:\/\/secure.gravatar.com\/avatar\/95b9b0d999ef55a048952ade325bea9ee664237dc576277e59c3cc8fc6ea1123?s=96&d=mm&r=g","url":"https:\/\/secure.gravatar.com\/avatar\/95b9b0d999ef55a048952ade325bea9ee664237dc576277e59c3cc8fc6ea1123?s=96&d=mm&r=g","contentUrl":"https:\/\/secure.gravatar.com\/avatar\/95b9b0d999ef55a048952ade325bea9ee664237dc576277e59c3cc8fc6ea1123?s=96&d=mm&r=g","caption":"Rocio Mart\u00ednez"},"url":"https:\/\/www.inmsol.com\/fr\/author\/secretaria\/"}]}},"_links":{"self":[{"href":"https:\/\/www.inmsol.com\/fr\/wp-json\/wp\/v2\/posts\/86690","targetHints":{"allow":["GET"]}}],"collection":[{"href":"https:\/\/www.inmsol.com\/fr\/wp-json\/wp\/v2\/posts"}],"about":[{"href":"https:\/\/www.inmsol.com\/fr\/wp-json\/wp\/v2\/types\/post"}],"author":[{"embeddable":true,"href":"https:\/\/www.inmsol.com\/fr\/wp-json\/wp\/v2\/users\/31"}],"replies":[{"embeddable":true,"href":"https:\/\/www.inmsol.com\/fr\/wp-json\/wp\/v2\/comments?post=86690"}],"version-history":[{"count":2,"href":"https:\/\/www.inmsol.com\/fr\/wp-json\/wp\/v2\/posts\/86690\/revisions"}],"predecessor-version":[{"id":86742,"href":"https:\/\/www.inmsol.com\/fr\/wp-json\/wp\/v2\/posts\/86690\/revisions\/86742"}],"wp:featuredmedia":[{"embeddable":true,"href":"https:\/\/www.inmsol.com\/fr\/wp-json\/wp\/v2\/media\/86736"}],"wp:attachment":[{"href":"https:\/\/www.inmsol.com\/fr\/wp-json\/wp\/v2\/media?parent=86690"}],"wp:term":[{"taxonomy":"category","embeddable":true,"href":"https:\/\/www.inmsol.com\/fr\/wp-json\/wp\/v2\/categories?post=86690"},{"taxonomy":"post_tag","embeddable":true,"href":"https:\/\/www.inmsol.com\/fr\/wp-json\/wp\/v2\/tags?post=86690"}],"curies":[{"name":"wp","href":"https:\/\/api.w.org\/{rel}","templated":true}]}}