{"id":87089,"date":"2025-06-11T15:50:27","date_gmt":"2025-06-11T13:50:27","guid":{"rendered":"https:\/\/www.inmsol.com\/?p=87089"},"modified":"2025-06-11T16:11:25","modified_gmt":"2025-06-11T14:11:25","slug":"izeta-from-italian-perspective-group-students-version","status":"publish","type":"post","link":"https:\/\/www.inmsol.com\/fr\/blog-fr-fr\/izeta-from-italian-perspective-group-students-version\/","title":{"rendered":"IZETA from an Italian Perspective: Our Group of Students\u2019 Version"},"content":{"rendered":"<h4>We welcomed a group of students from Italy who paid tribute to the Granada-based band Izeta.<\/h4>\n<p>The students from <a href=\"https:\/\/www.inmsol.com\/fr\/\" target=\"_blank\" rel=\"noopener\"><strong>Instituto Mediterr\u00e1neo Sol<\/strong><\/a> are simply the best\u2014no doubt about it! And today, we want to give a special shout-out to our most recent group from <strong>Liceo Statale Carlo Montanari<\/strong> in Verona. Why? Because they\u2019ve completed a truly original audiovisual project!<\/p>\n<p><img fetchpriority=\"high\" decoding=\"async\" class=\"size-full wp-image-87058 alignnone\" src=\"https:\/\/www.inmsol.com\/wp-content\/uploads\/2025\/06\/Izeta-y-el-grupo-de-Italia.png\" alt=\"\" width=\"800\" height=\"600\" srcset=\"https:\/\/www.inmsol.com\/wp-content\/uploads\/2025\/06\/Izeta-y-el-grupo-de-Italia.png 800w, https:\/\/www.inmsol.com\/wp-content\/uploads\/2025\/06\/Izeta-y-el-grupo-de-Italia-400x300.png 400w, https:\/\/www.inmsol.com\/wp-content\/uploads\/2025\/06\/Izeta-y-el-grupo-de-Italia-150x113.png 150w, https:\/\/www.inmsol.com\/wp-content\/uploads\/2025\/06\/Izeta-y-el-grupo-de-Italia-768x576.png 768w, https:\/\/www.inmsol.com\/wp-content\/uploads\/2025\/06\/Izeta-y-el-grupo-de-Italia-700x525.png 700w, https:\/\/www.inmsol.com\/wp-content\/uploads\/2025\/06\/Izeta-y-el-grupo-de-Italia-64x48.png 64w\" sizes=\"(max-width: 800px) 100vw, 800px\" \/><\/p>\n<p>Here\u2019s the full story.<\/p>\n<p>&nbsp;<\/p>\n<h3>IZETA: A Band Born in Granada<\/h3>\n<p>IZETA is an alternative pop band formed in 2021. They were the winners of the 2024 \u00ab\u00a0Emergentes\u00a0\u00bb competition for emerging bands in Granada.<br \/>\nThe band members are:<\/p>\n<ul>\n<li>Virginia (vocals, synths, keyboard, and drum machine)<\/li>\n<li>Santi (vocals and guitars)<\/li>\n<li>Laura Fern\u00e1ndez (drums)<\/li>\n<li>Candela Garc\u00eda (bass)<\/li>\n<\/ul>\n<p>Their music is known for its punchy beats, enveloping guitar riffs layered over synth textures, and the magnetic chemistry of their vocal harmonies.<\/p>\n<blockquote><p><em>Source: <a href=\"https:\/\/www.girandoporsalas.com\/banda\/15060\/izeta\/\">https:\/\/www.girandoporsalas.com\/banda\/15060\/izeta\/<\/a><\/em><\/p><\/blockquote>\n<div id=\"attachment_87044\" style=\"width: 810px\" class=\"wp-caption alignnone\"><a href=\"https:\/\/www.inmsol.com\/wp-content\/uploads\/2025\/06\/Izeta-y-el-grupo-de-Italia-1.png\" target=\"_blank\" rel=\"noopener\"><img decoding=\"async\" aria-describedby=\"caption-attachment-87044\" class=\"wp-image-87044 size-full\" title=\"Izeta by our italian students\" src=\"https:\/\/www.inmsol.com\/wp-content\/uploads\/2025\/06\/Izeta-y-el-grupo-de-Italia-1.png\" alt=\"Izeta by our italian students\" width=\"800\" height=\"600\" srcset=\"https:\/\/www.inmsol.com\/wp-content\/uploads\/2025\/06\/Izeta-y-el-grupo-de-Italia-1.png 800w, https:\/\/www.inmsol.com\/wp-content\/uploads\/2025\/06\/Izeta-y-el-grupo-de-Italia-1-400x300.png 400w, https:\/\/www.inmsol.com\/wp-content\/uploads\/2025\/06\/Izeta-y-el-grupo-de-Italia-1-150x113.png 150w, https:\/\/www.inmsol.com\/wp-content\/uploads\/2025\/06\/Izeta-y-el-grupo-de-Italia-1-768x576.png 768w, https:\/\/www.inmsol.com\/wp-content\/uploads\/2025\/06\/Izeta-y-el-grupo-de-Italia-1-700x525.png 700w, https:\/\/www.inmsol.com\/wp-content\/uploads\/2025\/06\/Izeta-y-el-grupo-de-Italia-1-64x48.png 64w\" sizes=\"(max-width: 800px) 100vw, 800px\" \/><\/a><p id=\"caption-attachment-87044\" class=\"wp-caption-text\">Follow them on Instagram! They\u2019re @izeta_iz<\/p><\/div>\n<p>&nbsp;<\/p>\n<p>&nbsp;<\/p>\n<h3>The Project: Recreating Their Most Iconic Music Video<\/h3>\n<p>As part of iNMSOL\u2019s commitment to promoting local culture, we included special activities in this group\u2019s academic program.<br \/>\nOne of these was this project: the students had to recreate the music video for <em>Quiero conocerte<\/em>, a song by Izeta.<br \/>\nThe original video was entirely filmed in Granada, showcasing various corners of the city. The students had to find and film these exact spots!<\/p>\n<p><a href=\"https:\/\/www.inmsol.com\/wp-content\/uploads\/2025\/06\/1-1.png\" target=\"_blank\" rel=\"noopener\"><img decoding=\"async\" class=\"wp-image-87051 size-full alignnone\" src=\"https:\/\/www.inmsol.com\/wp-content\/uploads\/2025\/06\/1-1.png\" alt=\"Izeta by our italian students\" width=\"800\" height=\"600\" srcset=\"https:\/\/www.inmsol.com\/wp-content\/uploads\/2025\/06\/1-1.png 800w, https:\/\/www.inmsol.com\/wp-content\/uploads\/2025\/06\/1-1-400x300.png 400w, https:\/\/www.inmsol.com\/wp-content\/uploads\/2025\/06\/1-1-150x113.png 150w, https:\/\/www.inmsol.com\/wp-content\/uploads\/2025\/06\/1-1-768x576.png 768w, https:\/\/www.inmsol.com\/wp-content\/uploads\/2025\/06\/1-1-700x525.png 700w, https:\/\/www.inmsol.com\/wp-content\/uploads\/2025\/06\/1-1-64x48.png 64w\" sizes=\"(max-width: 800px) 100vw, 800px\" \/><\/a><\/p>\n<p>And they did an amazing job! Below is the final edit (created by the students themselves):<\/p>\n<div style=\"width: 1060px;\" class=\"wp-video\"><!--[if lt IE 9]><script>document.createElement('video');<\/script><![endif]-->\n<video class=\"wp-video-shortcode\" id=\"video-87089-1\" width=\"1060\" height=\"596\" preload=\"metadata\" controls=\"controls\"><source type=\"video\/mp4\" src=\"https:\/\/www.inmsol.com\/wp-content\/uploads\/2025\/06\/Izeta-e-Italia-parte-1.mp4?_=1\" \/><a href=\"https:\/\/www.inmsol.com\/wp-content\/uploads\/2025\/06\/Izeta-e-Italia-parte-1.mp4\">https:\/\/www.inmsol.com\/wp-content\/uploads\/2025\/06\/Izeta-e-Italia-parte-1.mp4<\/a><\/video><\/div>\n<div style=\"width: 1060px;\" class=\"wp-video\"><video class=\"wp-video-shortcode\" id=\"video-87089-2\" width=\"1060\" height=\"596\" preload=\"metadata\" controls=\"controls\"><source type=\"video\/mp4\" src=\"https:\/\/www.inmsol.com\/wp-content\/uploads\/2025\/06\/Izeta-e-Italia-parte-2.mp4?_=2\" \/><a href=\"https:\/\/www.inmsol.com\/wp-content\/uploads\/2025\/06\/Izeta-e-Italia-parte-2.mp4\">https:\/\/www.inmsol.com\/wp-content\/uploads\/2025\/06\/Izeta-e-Italia-parte-2.mp4<\/a><\/video><\/div>\n<p>We think they\u2019ve done meticulous and creative work\u2014including an unexpected plot twist! Congratulations, everyone! We loved it, and we\u2019ll be sharing it with Izeta.<\/p>\n<p>And here is the original video from Izeta band:<\/p>\n<p><iframe title=\"YouTube video player\" src=\"https:\/\/www.youtube.com\/embed\/O4e5h7m242M?si=_HlE_4fj3qXxM9hI\" width=\"560\" height=\"315\" frameborder=\"0\" allowfullscreen=\"allowfullscreen\"><\/iframe><\/p>\n<h3>Spanish for Groups in Granada<\/h3>\n<p>iNMSOL has been offering language stays for <a href=\"https:\/\/www.inmsol.com\/fr\/espagnol-pour-groupes\/\" target=\"_blank\" rel=\"noopener\">student groups<\/a> since 1993. These stays include all the services students may need:<\/p>\n<ul>\n<li>Accommodation with host families<\/li>\n<li>Airport pick-up service<\/li>\n<li>Cultural activities<\/li>\n<li>Excursions to places of interest outside Granada<\/li>\n<\/ul>\n<p>And of course, an intensive Spanish course at our <a href=\"https:\/\/www.inmsol.com\/fr\/centre-agree-instituto-cervantes\/\" target=\"_blank\" rel=\"noopener\"><strong>Instituto Cervantes-accredited center<\/strong><\/a>. Our intensive courses meet all the quality standards required by our accreditation.<\/p>\n<p>For group stays, our academic team designs a custom academic program based on the needs of each group. These programs also include creative activities and projects that contribute to the Sustainable Development Goals outlined in the 2030 Agenda:<\/p>\n<ul>\n<li>Quality education<\/li>\n<li>Improving relationships with our community, our environment, and social stakeholders<\/li>\n<\/ul>\n<p><a href=\"https:\/\/www.inmsol.com\/wp-content\/uploads\/2025\/06\/Izeta-y-el-grupo-de-Italia-2.png\" target=\"_blank\" rel=\"noopener\"><img loading=\"lazy\" decoding=\"async\" class=\"wp-image-87065 size-full alignnone\" src=\"https:\/\/www.inmsol.com\/wp-content\/uploads\/2025\/06\/Izeta-y-el-grupo-de-Italia-2.png\" alt=\"Izeta by our italian students\" width=\"800\" height=\"600\" srcset=\"https:\/\/www.inmsol.com\/wp-content\/uploads\/2025\/06\/Izeta-y-el-grupo-de-Italia-2.png 800w, https:\/\/www.inmsol.com\/wp-content\/uploads\/2025\/06\/Izeta-y-el-grupo-de-Italia-2-400x300.png 400w, https:\/\/www.inmsol.com\/wp-content\/uploads\/2025\/06\/Izeta-y-el-grupo-de-Italia-2-150x113.png 150w, https:\/\/www.inmsol.com\/wp-content\/uploads\/2025\/06\/Izeta-y-el-grupo-de-Italia-2-768x576.png 768w, https:\/\/www.inmsol.com\/wp-content\/uploads\/2025\/06\/Izeta-y-el-grupo-de-Italia-2-700x525.png 700w, https:\/\/www.inmsol.com\/wp-content\/uploads\/2025\/06\/Izeta-y-el-grupo-de-Italia-2-64x48.png 64w\" sizes=\"(max-width: 800px) 100vw, 800px\" \/><\/a><\/p>\n<p>&nbsp;<\/p>\n<blockquote><p>We hope the students from <strong>Liceo Statale Carlo Montanari<\/strong> enjoyed their stay. From all of us at <strong>iNMSOL<\/strong>, thank you for your participation and creativity. We hope to see you again very soon!<\/p><\/blockquote>\n","protected":false},"excerpt":{"rendered":"<p>Special shout-out to our group from Liceo Statale Carlo Montanari in! Check a truly original audiovisual project about Izeta here.<\/p>\n","protected":false},"author":31,"featured_media":87101,"comment_status":"open","ping_status":"closed","sticky":false,"template":"","format":"standard","meta":{"_acf_changed":false,"footnotes":""},"categories":[454,4],"tags":[],"class_list":["post-87089","post","type-post","status-publish","format-standard","has-post-thumbnail","hentry","category-activities-in-iNMSOL","category-blog-fr-fr"],"acf":[],"yoast_head":"<!-- This site is optimized with the Yoast SEO plugin v27.5 - https:\/\/yoast.com\/product\/yoast-seo-wordpress\/ -->\n<title>IZETA from an Italian Perspective: Our Group of Students\u2019 Version &#8226; iNMSOL<\/title>\n<meta name=\"robots\" content=\"index, follow, max-snippet:-1, max-image-preview:large, max-video-preview:-1\" \/>\n<link rel=\"canonical\" href=\"https:\/\/www.inmsol.com\/fr\/blog-fr-fr\/izeta-from-italian-perspective-group-students-version\/\" \/>\n<meta property=\"og:locale\" content=\"fr_FR\" \/>\n<meta property=\"og:type\" content=\"article\" \/>\n<meta property=\"og:title\" content=\"IZETA from an Italian Perspective: Our Group of Students\u2019 Version &#8226; iNMSOL\" \/>\n<meta property=\"og:description\" content=\"Special shout-out to our group from Liceo Statale Carlo Montanari in! Check a truly original audiovisual project about Izeta here.\" \/>\n<meta property=\"og:url\" content=\"https:\/\/www.inmsol.com\/fr\/blog-fr-fr\/izeta-from-italian-perspective-group-students-version\/\" \/>\n<meta property=\"og:site_name\" content=\"iNMSOL\" \/>\n<meta property=\"article:publisher\" content=\"https:\/\/www.facebook.com\/spanishcourses\" \/>\n<meta property=\"article:published_time\" content=\"2025-06-11T13:50:27+00:00\" \/>\n<meta property=\"article:modified_time\" content=\"2025-06-11T14:11:25+00:00\" \/>\n<meta property=\"og:image\" content=\"https:\/\/www.inmsol.com\/wp-content\/uploads\/2025\/06\/Izeta-y-el-grupo-de-Italia-PORTADA.png\" \/>\n\t<meta property=\"og:image:width\" content=\"800\" \/>\n\t<meta property=\"og:image:height\" content=\"600\" \/>\n\t<meta property=\"og:image:type\" content=\"image\/png\" \/>\n<meta name=\"author\" content=\"Rocio Mart\u00ednez\" \/>\n<meta name=\"twitter:label1\" content=\"\u00c9crit par\" \/>\n\t<meta name=\"twitter:data1\" content=\"Rocio Mart\u00ednez\" \/>\n\t<meta name=\"twitter:label2\" content=\"Dur\u00e9e de lecture estim\u00e9e\" \/>\n\t<meta name=\"twitter:data2\" content=\"2 minutes\" \/>\n<script type=\"application\/ld+json\" class=\"yoast-schema-graph\">{\"@context\":\"https:\\\/\\\/schema.org\",\"@graph\":[{\"@type\":\"Article\",\"@id\":\"https:\\\/\\\/www.inmsol.com\\\/fr\\\/blog-fr-fr\\\/izeta-from-italian-perspective-group-students-version\\\/#article\",\"isPartOf\":{\"@id\":\"https:\\\/\\\/www.inmsol.com\\\/fr\\\/blog-fr-fr\\\/izeta-from-italian-perspective-group-students-version\\\/\"},\"author\":{\"name\":\"Rocio Mart\u00ednez\",\"@id\":\"https:\\\/\\\/www.inmsol.com\\\/fr\\\/#\\\/schema\\\/person\\\/d041a9956283741a6ed56e0530eb28b5\"},\"headline\":\"IZETA from an Italian Perspective: Our Group of Students\u2019 Version\",\"datePublished\":\"2025-06-11T13:50:27+00:00\",\"dateModified\":\"2025-06-11T14:11:25+00:00\",\"mainEntityOfPage\":{\"@id\":\"https:\\\/\\\/www.inmsol.com\\\/fr\\\/blog-fr-fr\\\/izeta-from-italian-perspective-group-students-version\\\/\"},\"wordCount\":473,\"commentCount\":0,\"publisher\":{\"@id\":\"https:\\\/\\\/www.inmsol.com\\\/fr\\\/#organization\"},\"image\":{\"@id\":\"https:\\\/\\\/www.inmsol.com\\\/fr\\\/blog-fr-fr\\\/izeta-from-italian-perspective-group-students-version\\\/#primaryimage\"},\"thumbnailUrl\":\"https:\\\/\\\/www.inmsol.com\\\/wp-content\\\/uploads\\\/2025\\\/06\\\/Izeta-y-el-grupo-de-Italia-PORTADA.png\",\"articleSection\":[\"Activities in iNMSOL\",\"Blog\"],\"inLanguage\":\"fr-FR\",\"potentialAction\":[{\"@type\":\"CommentAction\",\"name\":\"Comment\",\"target\":[\"https:\\\/\\\/www.inmsol.com\\\/fr\\\/blog-fr-fr\\\/izeta-from-italian-perspective-group-students-version\\\/#respond\"]}]},{\"@type\":\"WebPage\",\"@id\":\"https:\\\/\\\/www.inmsol.com\\\/fr\\\/blog-fr-fr\\\/izeta-from-italian-perspective-group-students-version\\\/\",\"url\":\"https:\\\/\\\/www.inmsol.com\\\/fr\\\/blog-fr-fr\\\/izeta-from-italian-perspective-group-students-version\\\/\",\"name\":\"IZETA from an Italian Perspective: Our Group of Students\u2019 Version &#8226; iNMSOL\",\"isPartOf\":{\"@id\":\"https:\\\/\\\/www.inmsol.com\\\/fr\\\/#website\"},\"primaryImageOfPage\":{\"@id\":\"https:\\\/\\\/www.inmsol.com\\\/fr\\\/blog-fr-fr\\\/izeta-from-italian-perspective-group-students-version\\\/#primaryimage\"},\"image\":{\"@id\":\"https:\\\/\\\/www.inmsol.com\\\/fr\\\/blog-fr-fr\\\/izeta-from-italian-perspective-group-students-version\\\/#primaryimage\"},\"thumbnailUrl\":\"https:\\\/\\\/www.inmsol.com\\\/wp-content\\\/uploads\\\/2025\\\/06\\\/Izeta-y-el-grupo-de-Italia-PORTADA.png\",\"datePublished\":\"2025-06-11T13:50:27+00:00\",\"dateModified\":\"2025-06-11T14:11:25+00:00\",\"breadcrumb\":{\"@id\":\"https:\\\/\\\/www.inmsol.com\\\/fr\\\/blog-fr-fr\\\/izeta-from-italian-perspective-group-students-version\\\/#breadcrumb\"},\"inLanguage\":\"fr-FR\",\"potentialAction\":[{\"@type\":\"ReadAction\",\"target\":[\"https:\\\/\\\/www.inmsol.com\\\/fr\\\/blog-fr-fr\\\/izeta-from-italian-perspective-group-students-version\\\/\"]}]},{\"@type\":\"ImageObject\",\"inLanguage\":\"fr-FR\",\"@id\":\"https:\\\/\\\/www.inmsol.com\\\/fr\\\/blog-fr-fr\\\/izeta-from-italian-perspective-group-students-version\\\/#primaryimage\",\"url\":\"https:\\\/\\\/www.inmsol.com\\\/wp-content\\\/uploads\\\/2025\\\/06\\\/Izeta-y-el-grupo-de-Italia-PORTADA.png\",\"contentUrl\":\"https:\\\/\\\/www.inmsol.com\\\/wp-content\\\/uploads\\\/2025\\\/06\\\/Izeta-y-el-grupo-de-Italia-PORTADA.png\",\"width\":800,\"height\":600},{\"@type\":\"BreadcrumbList\",\"@id\":\"https:\\\/\\\/www.inmsol.com\\\/fr\\\/blog-fr-fr\\\/izeta-from-italian-perspective-group-students-version\\\/#breadcrumb\",\"itemListElement\":[{\"@type\":\"ListItem\",\"position\":1,\"name\":\"Accredited Center by Instituto Cervantes\",\"item\":\"https:\\\/\\\/www.inmsol.com\\\/fr\\\/pagina-ejemplo\\\/\"},{\"@type\":\"ListItem\",\"position\":2,\"name\":\"Blog\",\"item\":\"https:\\\/\\\/www.inmsol.com\\\/fr\\\/category\\\/blog-fr-fr\\\/\"},{\"@type\":\"ListItem\",\"position\":3,\"name\":\"IZETA from an Italian Perspective: Our Group of Students\u2019 Version\"}]},{\"@type\":\"WebSite\",\"@id\":\"https:\\\/\\\/www.inmsol.com\\\/fr\\\/#website\",\"url\":\"https:\\\/\\\/www.inmsol.com\\\/fr\\\/\",\"name\":\"iNMSOL\",\"description\":\"Apprenez l'espagnol avec nous - Centre de formation affili\u00e9 \u00e0 l'Institute Cervantes\",\"publisher\":{\"@id\":\"https:\\\/\\\/www.inmsol.com\\\/fr\\\/#organization\"},\"potentialAction\":[{\"@type\":\"SearchAction\",\"target\":{\"@type\":\"EntryPoint\",\"urlTemplate\":\"https:\\\/\\\/www.inmsol.com\\\/fr\\\/?s={search_term_string}\"},\"query-input\":{\"@type\":\"PropertyValueSpecification\",\"valueRequired\":true,\"valueName\":\"search_term_string\"}}],\"inLanguage\":\"fr-FR\"},{\"@type\":\"Organization\",\"@id\":\"https:\\\/\\\/www.inmsol.com\\\/fr\\\/#organization\",\"name\":\"Instituto Mediterr\u00e1neo Sol\",\"url\":\"https:\\\/\\\/www.inmsol.com\\\/fr\\\/\",\"logo\":{\"@type\":\"ImageObject\",\"inLanguage\":\"fr-FR\",\"@id\":\"https:\\\/\\\/www.inmsol.com\\\/fr\\\/#\\\/schema\\\/logo\\\/image\\\/\",\"url\":\"https:\\\/\\\/www.inmsol.com\\\/wp-content\\\/uploads\\\/2023\\\/06\\\/logo-inmsol-1.png\",\"contentUrl\":\"https:\\\/\\\/www.inmsol.com\\\/wp-content\\\/uploads\\\/2023\\\/06\\\/logo-inmsol-1.png\",\"width\":136,\"height\":73,\"caption\":\"Instituto Mediterr\u00e1neo Sol\"},\"image\":{\"@id\":\"https:\\\/\\\/www.inmsol.com\\\/fr\\\/#\\\/schema\\\/logo\\\/image\\\/\"},\"sameAs\":[\"https:\\\/\\\/www.facebook.com\\\/spanishcourses\",\"https:\\\/\\\/x.com\\\/StudyInGranada\",\"http:\\\/\\\/instagram.com\\\/imsolgranada\",\"https:\\\/\\\/es.linkedin.com\\\/company\\\/imsol-granada\",\"https:\\\/\\\/www.pinterest.es\\\/inmsol\\\/\",\"https:\\\/\\\/www.youtube.com\\\/channel\\\/UChz-Qn_7coFMosY85iYMO4g\"]},{\"@type\":\"Person\",\"@id\":\"https:\\\/\\\/www.inmsol.com\\\/fr\\\/#\\\/schema\\\/person\\\/d041a9956283741a6ed56e0530eb28b5\",\"name\":\"Rocio Mart\u00ednez\",\"image\":{\"@type\":\"ImageObject\",\"inLanguage\":\"fr-FR\",\"@id\":\"https:\\\/\\\/secure.gravatar.com\\\/avatar\\\/95b9b0d999ef55a048952ade325bea9ee664237dc576277e59c3cc8fc6ea1123?s=96&d=mm&r=g\",\"url\":\"https:\\\/\\\/secure.gravatar.com\\\/avatar\\\/95b9b0d999ef55a048952ade325bea9ee664237dc576277e59c3cc8fc6ea1123?s=96&d=mm&r=g\",\"contentUrl\":\"https:\\\/\\\/secure.gravatar.com\\\/avatar\\\/95b9b0d999ef55a048952ade325bea9ee664237dc576277e59c3cc8fc6ea1123?s=96&d=mm&r=g\",\"caption\":\"Rocio Mart\u00ednez\"},\"url\":\"https:\\\/\\\/www.inmsol.com\\\/fr\\\/author\\\/secretaria\\\/\"}]}<\/script>\n<!-- \/ Yoast SEO plugin. -->","yoast_head_json":{"title":"IZETA from an Italian Perspective: Our Group of Students\u2019 Version &#8226; iNMSOL","robots":{"index":"index","follow":"follow","max-snippet":"max-snippet:-1","max-image-preview":"max-image-preview:large","max-video-preview":"max-video-preview:-1"},"canonical":"https:\/\/www.inmsol.com\/fr\/blog-fr-fr\/izeta-from-italian-perspective-group-students-version\/","og_locale":"fr_FR","og_type":"article","og_title":"IZETA from an Italian Perspective: Our Group of Students\u2019 Version &#8226; iNMSOL","og_description":"Special shout-out to our group from Liceo Statale Carlo Montanari in! Check a truly original audiovisual project about Izeta here.","og_url":"https:\/\/www.inmsol.com\/fr\/blog-fr-fr\/izeta-from-italian-perspective-group-students-version\/","og_site_name":"iNMSOL","article_publisher":"https:\/\/www.facebook.com\/spanishcourses","article_published_time":"2025-06-11T13:50:27+00:00","article_modified_time":"2025-06-11T14:11:25+00:00","og_image":[{"width":800,"height":600,"url":"https:\/\/www.inmsol.com\/wp-content\/uploads\/2025\/06\/Izeta-y-el-grupo-de-Italia-PORTADA.png","type":"image\/png"}],"author":"Rocio Mart\u00ednez","twitter_misc":{"\u00c9crit par":"Rocio Mart\u00ednez","Dur\u00e9e de lecture estim\u00e9e":"2 minutes"},"schema":{"@context":"https:\/\/schema.org","@graph":[{"@type":"Article","@id":"https:\/\/www.inmsol.com\/fr\/blog-fr-fr\/izeta-from-italian-perspective-group-students-version\/#article","isPartOf":{"@id":"https:\/\/www.inmsol.com\/fr\/blog-fr-fr\/izeta-from-italian-perspective-group-students-version\/"},"author":{"name":"Rocio Mart\u00ednez","@id":"https:\/\/www.inmsol.com\/fr\/#\/schema\/person\/d041a9956283741a6ed56e0530eb28b5"},"headline":"IZETA from an Italian Perspective: Our Group of Students\u2019 Version","datePublished":"2025-06-11T13:50:27+00:00","dateModified":"2025-06-11T14:11:25+00:00","mainEntityOfPage":{"@id":"https:\/\/www.inmsol.com\/fr\/blog-fr-fr\/izeta-from-italian-perspective-group-students-version\/"},"wordCount":473,"commentCount":0,"publisher":{"@id":"https:\/\/www.inmsol.com\/fr\/#organization"},"image":{"@id":"https:\/\/www.inmsol.com\/fr\/blog-fr-fr\/izeta-from-italian-perspective-group-students-version\/#primaryimage"},"thumbnailUrl":"https:\/\/www.inmsol.com\/wp-content\/uploads\/2025\/06\/Izeta-y-el-grupo-de-Italia-PORTADA.png","articleSection":["Activities in iNMSOL","Blog"],"inLanguage":"fr-FR","potentialAction":[{"@type":"CommentAction","name":"Comment","target":["https:\/\/www.inmsol.com\/fr\/blog-fr-fr\/izeta-from-italian-perspective-group-students-version\/#respond"]}]},{"@type":"WebPage","@id":"https:\/\/www.inmsol.com\/fr\/blog-fr-fr\/izeta-from-italian-perspective-group-students-version\/","url":"https:\/\/www.inmsol.com\/fr\/blog-fr-fr\/izeta-from-italian-perspective-group-students-version\/","name":"IZETA from an Italian Perspective: Our Group of Students\u2019 Version &#8226; iNMSOL","isPartOf":{"@id":"https:\/\/www.inmsol.com\/fr\/#website"},"primaryImageOfPage":{"@id":"https:\/\/www.inmsol.com\/fr\/blog-fr-fr\/izeta-from-italian-perspective-group-students-version\/#primaryimage"},"image":{"@id":"https:\/\/www.inmsol.com\/fr\/blog-fr-fr\/izeta-from-italian-perspective-group-students-version\/#primaryimage"},"thumbnailUrl":"https:\/\/www.inmsol.com\/wp-content\/uploads\/2025\/06\/Izeta-y-el-grupo-de-Italia-PORTADA.png","datePublished":"2025-06-11T13:50:27+00:00","dateModified":"2025-06-11T14:11:25+00:00","breadcrumb":{"@id":"https:\/\/www.inmsol.com\/fr\/blog-fr-fr\/izeta-from-italian-perspective-group-students-version\/#breadcrumb"},"inLanguage":"fr-FR","potentialAction":[{"@type":"ReadAction","target":["https:\/\/www.inmsol.com\/fr\/blog-fr-fr\/izeta-from-italian-perspective-group-students-version\/"]}]},{"@type":"ImageObject","inLanguage":"fr-FR","@id":"https:\/\/www.inmsol.com\/fr\/blog-fr-fr\/izeta-from-italian-perspective-group-students-version\/#primaryimage","url":"https:\/\/www.inmsol.com\/wp-content\/uploads\/2025\/06\/Izeta-y-el-grupo-de-Italia-PORTADA.png","contentUrl":"https:\/\/www.inmsol.com\/wp-content\/uploads\/2025\/06\/Izeta-y-el-grupo-de-Italia-PORTADA.png","width":800,"height":600},{"@type":"BreadcrumbList","@id":"https:\/\/www.inmsol.com\/fr\/blog-fr-fr\/izeta-from-italian-perspective-group-students-version\/#breadcrumb","itemListElement":[{"@type":"ListItem","position":1,"name":"Accredited Center by Instituto Cervantes","item":"https:\/\/www.inmsol.com\/fr\/pagina-ejemplo\/"},{"@type":"ListItem","position":2,"name":"Blog","item":"https:\/\/www.inmsol.com\/fr\/category\/blog-fr-fr\/"},{"@type":"ListItem","position":3,"name":"IZETA from an Italian Perspective: Our Group of Students\u2019 Version"}]},{"@type":"WebSite","@id":"https:\/\/www.inmsol.com\/fr\/#website","url":"https:\/\/www.inmsol.com\/fr\/","name":"iNMSOL","description":"Apprenez l'espagnol avec nous - Centre de formation affili\u00e9 \u00e0 l'Institute Cervantes","publisher":{"@id":"https:\/\/www.inmsol.com\/fr\/#organization"},"potentialAction":[{"@type":"SearchAction","target":{"@type":"EntryPoint","urlTemplate":"https:\/\/www.inmsol.com\/fr\/?s={search_term_string}"},"query-input":{"@type":"PropertyValueSpecification","valueRequired":true,"valueName":"search_term_string"}}],"inLanguage":"fr-FR"},{"@type":"Organization","@id":"https:\/\/www.inmsol.com\/fr\/#organization","name":"Instituto Mediterr\u00e1neo Sol","url":"https:\/\/www.inmsol.com\/fr\/","logo":{"@type":"ImageObject","inLanguage":"fr-FR","@id":"https:\/\/www.inmsol.com\/fr\/#\/schema\/logo\/image\/","url":"https:\/\/www.inmsol.com\/wp-content\/uploads\/2023\/06\/logo-inmsol-1.png","contentUrl":"https:\/\/www.inmsol.com\/wp-content\/uploads\/2023\/06\/logo-inmsol-1.png","width":136,"height":73,"caption":"Instituto Mediterr\u00e1neo Sol"},"image":{"@id":"https:\/\/www.inmsol.com\/fr\/#\/schema\/logo\/image\/"},"sameAs":["https:\/\/www.facebook.com\/spanishcourses","https:\/\/x.com\/StudyInGranada","http:\/\/instagram.com\/imsolgranada","https:\/\/es.linkedin.com\/company\/imsol-granada","https:\/\/www.pinterest.es\/inmsol\/","https:\/\/www.youtube.com\/channel\/UChz-Qn_7coFMosY85iYMO4g"]},{"@type":"Person","@id":"https:\/\/www.inmsol.com\/fr\/#\/schema\/person\/d041a9956283741a6ed56e0530eb28b5","name":"Rocio Mart\u00ednez","image":{"@type":"ImageObject","inLanguage":"fr-FR","@id":"https:\/\/secure.gravatar.com\/avatar\/95b9b0d999ef55a048952ade325bea9ee664237dc576277e59c3cc8fc6ea1123?s=96&d=mm&r=g","url":"https:\/\/secure.gravatar.com\/avatar\/95b9b0d999ef55a048952ade325bea9ee664237dc576277e59c3cc8fc6ea1123?s=96&d=mm&r=g","contentUrl":"https:\/\/secure.gravatar.com\/avatar\/95b9b0d999ef55a048952ade325bea9ee664237dc576277e59c3cc8fc6ea1123?s=96&d=mm&r=g","caption":"Rocio Mart\u00ednez"},"url":"https:\/\/www.inmsol.com\/fr\/author\/secretaria\/"}]}},"_links":{"self":[{"href":"https:\/\/www.inmsol.com\/fr\/wp-json\/wp\/v2\/posts\/87089","targetHints":{"allow":["GET"]}}],"collection":[{"href":"https:\/\/www.inmsol.com\/fr\/wp-json\/wp\/v2\/posts"}],"about":[{"href":"https:\/\/www.inmsol.com\/fr\/wp-json\/wp\/v2\/types\/post"}],"author":[{"embeddable":true,"href":"https:\/\/www.inmsol.com\/fr\/wp-json\/wp\/v2\/users\/31"}],"replies":[{"embeddable":true,"href":"https:\/\/www.inmsol.com\/fr\/wp-json\/wp\/v2\/comments?post=87089"}],"version-history":[{"count":1,"href":"https:\/\/www.inmsol.com\/fr\/wp-json\/wp\/v2\/posts\/87089\/revisions"}],"predecessor-version":[{"id":87094,"href":"https:\/\/www.inmsol.com\/fr\/wp-json\/wp\/v2\/posts\/87089\/revisions\/87094"}],"wp:featuredmedia":[{"embeddable":true,"href":"https:\/\/www.inmsol.com\/fr\/wp-json\/wp\/v2\/media\/87101"}],"wp:attachment":[{"href":"https:\/\/www.inmsol.com\/fr\/wp-json\/wp\/v2\/media?parent=87089"}],"wp:term":[{"taxonomy":"category","embeddable":true,"href":"https:\/\/www.inmsol.com\/fr\/wp-json\/wp\/v2\/categories?post=87089"},{"taxonomy":"post_tag","embeddable":true,"href":"https:\/\/www.inmsol.com\/fr\/wp-json\/wp\/v2\/tags?post=87089"}],"curies":[{"name":"wp","href":"https:\/\/api.w.org\/{rel}","templated":true}]}}