{"id":1057,"date":"2012-07-31T11:09:51","date_gmt":"2012-07-31T11:09:51","guid":{"rendered":"https:\/\/www.inmsol.com\/"},"modified":"2017-04-12T11:45:28","modified_gmt":"2017-04-12T09:45:28","slug":"programma-di-cinema-allaperto-al-sacromonte","status":"publish","type":"post","link":"https:\/\/www.inmsol.com\/it\/blog-it-it\/notizie-it-it\/programma-di-cinema-allaperto-al-sacromonte\/","title":{"rendered":"Programma di cinema all&#8217;aperto al Sacromonte"},"content":{"rendered":"<p>Marted\u00ec 31 luglio alle 22<\/p>\n<h1>CINEMA ALL&#8217;APERTO AL SACROMONTE<\/h1>\n<div>PREZZO: 3\u20ac<\/div>\n<address>Barranco de los Negros, s\/n 18010 Granada<\/address>\n<div class=\"rtecenter\">\n<div style=\"width: 77px\" class=\"wp-caption alignnone\"><img decoding=\"async\" src=\"https:\/\/www.inmsol.com\/wp-content\/files\/I%27m%20not%20there_0.jpg\" width=\"67\" height=\"100\" \/><p class=\"wp-caption-text\">align=left<\/p><\/div>\n<\/div>\n<h1>I&#8217;m not there<\/h1>\n<p>USA.2007<\/p>\n<p>Direttore: Todd Haynes<\/p>\n<p>Autori: Todd Haynes andOren Moverman<\/p>\n<p>Musica: Bob Dylan<\/p>\n<p>Foto: Edward Lachman<\/p>\n<p>Montaggio: Jay Rabinowitz<\/p>\n<p>Profeta, cantastorie, contestatore. Anticonformista, folle, genio assoluto del Novecento. <em>Io non sono qui <\/em>\u00e8 un viaggio nel tempo di Bob Dylan, attraverso il ritratto di sei personaggi &#8211; colti ognuno in un aspetto diverso della vita artistica e privata del menestrello americano &#8211; che intrecciano le loro storie di protesta, disagio, erranza e solitudine in una performance evocativa diretta da Todd Haynes. Anche stavolta, in un&#8217;ambientazione che rieccheggia gli anni sessanta &#8211; avvicinandosi con forza alle tematiche dei suoi film pi\u00f9 noti come <em><strong>Lontano dal paradiso<\/strong><\/em> e <em><strong>Velvet Goldmine <\/strong><\/em>&#8211; il regista americano sperimenta una narrazione frammentata e psichedelica, utilizzando sei diversi stili di regia all&#8217;interno di ogni microcosmo narrativo.<\/p>\n<p>C&#8217;\u00e8 Arthur, poeta simbolista che porta lo stesso nome di Rimbaud, interrogato e poi condannato da una commissione d&#8217;inchiesta per i suoi presunti legami con gruppi sovversivi e di estrema sinistra. C&#8217;\u00e8 Woody (Guthrie) un bambino di undici anni scappato da un riformatorio e pronto a raggiungere il capezzale del morente omonimo, il cantante folk che ha influenzato per lungo tempo la musica di Dylan. Poi c&#8217;\u00e8 Jack cantore della protesta al tempo della guerra in Vietnam, Robbie attore e motociclista, Jude l&#8217;androgino e cinico cantante folk, e per finire l&#8217;illuminato pastore John e il vecchio Billy (The Kid), ispirato al celeberrimo criminale. Quello di Todd Haynes \u00e8 pi\u00f9 di un mockumentary o di un omaggio al Dylan che pi\u00f9 amiamo (non a caso \u00e8 l&#8217;unico ritratto che lo stesso Dylan sembra aver davvero apprezzato), ma una miscela perfetta di musica, arte visiva, cinema. Fotografia rigorosa, sei registri narrativi che si intrecciano sul calare degli anni &#8217;70, quando le illusioni e le utopie di un mondo migliore si infrangevano definitivamente sul campo di battaglia di una guerra infinita e inutile. C&#8217;\u00e8 la musica, allora, a risollevare le sorti di un&#8217;umanit\u00e0 stanca, a dar voce ai poveri e ai diseredati, ma c&#8217;\u00e8 anche il cinema &#8211; di Todd Haynes &#8211; che ogni volta restituisce la magia delle atmosfere magiche perse nei ricordi.<\/p>\n<p>Fonte:\u00a0<a href=\"http:\/\/www.mymovies.it\/film\/2007\/iononsonoqui\/\" target=\"_blank\">www.mymovies.it\/film\/2007\/iononsonoqui\/<\/a><\/p>\n","protected":false},"excerpt":{"rendered":"<p>Marted\u00ec 31 luglio alle 22 CINEMA ALL&#8217;APERTO AL SACROMONTE PREZZO: 3\u20ac Barranco de los Negros, s\/n 18010 Granada I&#8217;m not there USA.2007 Direttore: Todd Haynes Autori: Todd Haynes andOren Moverman Musica: Bob Dylan Foto: Edward Lachman Montaggio: Jay Rabinowitz Profeta, cantastorie, contestatore. Anticonformista, folle, genio&#8230;<\/p>\n","protected":false},"author":2,"featured_media":0,"comment_status":"closed","ping_status":"closed","sticky":false,"template":"","format":"standard","meta":{"_acf_changed":false,"footnotes":""},"categories":[17],"tags":[],"class_list":["post-1057","post","type-post","status-publish","format-standard","hentry","category-notizie-it-it"],"acf":[],"yoast_head":"<!-- This site is optimized with the Yoast SEO plugin v27.5 - https:\/\/yoast.com\/product\/yoast-seo-wordpress\/ -->\n<title>Cinema al Sacromonte \u2502marted\u00ec, mercoled\u00ec e gioved\u00ec | INMSOL<\/title>\n<meta name=\"description\" content=\"Programaci\u00f3n cultural del MUSEO CUEVAS DEL SACROMONTE\" \/>\n<meta name=\"robots\" content=\"index, follow, max-snippet:-1, max-image-preview:large, max-video-preview:-1\" \/>\n<link rel=\"canonical\" href=\"https:\/\/www.inmsol.com\/it\/blog-it-it\/notizie-it-it\/programma-di-cinema-allaperto-al-sacromonte\/\" \/>\n<meta property=\"og:locale\" content=\"it_IT\" \/>\n<meta property=\"og:type\" content=\"article\" \/>\n<meta property=\"og:title\" content=\"Cinema al Sacromonte \u2502marted\u00ec, mercoled\u00ec e gioved\u00ec | INMSOL\" \/>\n<meta property=\"og:description\" content=\"Programaci\u00f3n cultural del MUSEO CUEVAS DEL SACROMONTE\" \/>\n<meta property=\"og:url\" content=\"https:\/\/www.inmsol.com\/it\/blog-it-it\/notizie-it-it\/programma-di-cinema-allaperto-al-sacromonte\/\" \/>\n<meta property=\"og:site_name\" content=\"iNMSOL\" \/>\n<meta property=\"article:publisher\" content=\"https:\/\/www.facebook.com\/spanishcourses\" \/>\n<meta property=\"article:published_time\" content=\"2012-07-31T11:09:51+00:00\" \/>\n<meta property=\"article:modified_time\" content=\"2017-04-12T09:45:28+00:00\" \/>\n<meta property=\"og:image\" content=\"https:\/\/www.inmsol.com\/wp-content\/files\/I%27m%20not%20there_0.jpg\" \/>\n<meta name=\"author\" content=\"Javier Torres\" \/>\n<meta name=\"twitter:label1\" content=\"Scritto da\" \/>\n\t<meta name=\"twitter:data1\" content=\"Javier Torres\" \/>\n\t<meta name=\"twitter:label2\" content=\"Tempo di lettura stimato\" \/>\n\t<meta name=\"twitter:data2\" content=\"2 minuti\" \/>\n<script type=\"application\/ld+json\" class=\"yoast-schema-graph\">{\"@context\":\"https:\\\/\\\/schema.org\",\"@graph\":[{\"@type\":\"Article\",\"@id\":\"https:\\\/\\\/www.inmsol.com\\\/it\\\/blog-it-it\\\/notizie-it-it\\\/programma-di-cinema-allaperto-al-sacromonte\\\/#article\",\"isPartOf\":{\"@id\":\"https:\\\/\\\/www.inmsol.com\\\/it\\\/blog-it-it\\\/notizie-it-it\\\/programma-di-cinema-allaperto-al-sacromonte\\\/\"},\"author\":{\"name\":\"Javier Torres\",\"@id\":\"https:\\\/\\\/www.inmsol.com\\\/it\\\/#\\\/schema\\\/person\\\/18f18acd0397ef441e373e79ec3eb6ea\"},\"headline\":\"Programma di cinema all&#8217;aperto al Sacromonte\",\"datePublished\":\"2012-07-31T11:09:51+00:00\",\"dateModified\":\"2017-04-12T09:45:28+00:00\",\"mainEntityOfPage\":{\"@id\":\"https:\\\/\\\/www.inmsol.com\\\/it\\\/blog-it-it\\\/notizie-it-it\\\/programma-di-cinema-allaperto-al-sacromonte\\\/\"},\"wordCount\":393,\"publisher\":{\"@id\":\"https:\\\/\\\/www.inmsol.com\\\/it\\\/#organization\"},\"image\":{\"@id\":\"https:\\\/\\\/www.inmsol.com\\\/it\\\/blog-it-it\\\/notizie-it-it\\\/programma-di-cinema-allaperto-al-sacromonte\\\/#primaryimage\"},\"thumbnailUrl\":\"https:\\\/\\\/www.inmsol.com\\\/wp-content\\\/files\\\/I%27m%20not%20there_0.jpg\",\"articleSection\":[\"Notizie\"],\"inLanguage\":\"it-IT\"},{\"@type\":\"WebPage\",\"@id\":\"https:\\\/\\\/www.inmsol.com\\\/it\\\/blog-it-it\\\/notizie-it-it\\\/programma-di-cinema-allaperto-al-sacromonte\\\/\",\"url\":\"https:\\\/\\\/www.inmsol.com\\\/it\\\/blog-it-it\\\/notizie-it-it\\\/programma-di-cinema-allaperto-al-sacromonte\\\/\",\"name\":\"Cinema al Sacromonte \u2502marted\u00ec, mercoled\u00ec e gioved\u00ec | INMSOL\",\"isPartOf\":{\"@id\":\"https:\\\/\\\/www.inmsol.com\\\/it\\\/#website\"},\"primaryImageOfPage\":{\"@id\":\"https:\\\/\\\/www.inmsol.com\\\/it\\\/blog-it-it\\\/notizie-it-it\\\/programma-di-cinema-allaperto-al-sacromonte\\\/#primaryimage\"},\"image\":{\"@id\":\"https:\\\/\\\/www.inmsol.com\\\/it\\\/blog-it-it\\\/notizie-it-it\\\/programma-di-cinema-allaperto-al-sacromonte\\\/#primaryimage\"},\"thumbnailUrl\":\"https:\\\/\\\/www.inmsol.com\\\/wp-content\\\/files\\\/I%27m%20not%20there_0.jpg\",\"datePublished\":\"2012-07-31T11:09:51+00:00\",\"dateModified\":\"2017-04-12T09:45:28+00:00\",\"description\":\"Programaci\u00f3n cultural del MUSEO CUEVAS DEL SACROMONTE\",\"breadcrumb\":{\"@id\":\"https:\\\/\\\/www.inmsol.com\\\/it\\\/blog-it-it\\\/notizie-it-it\\\/programma-di-cinema-allaperto-al-sacromonte\\\/#breadcrumb\"},\"inLanguage\":\"it-IT\",\"potentialAction\":[{\"@type\":\"ReadAction\",\"target\":[\"https:\\\/\\\/www.inmsol.com\\\/it\\\/blog-it-it\\\/notizie-it-it\\\/programma-di-cinema-allaperto-al-sacromonte\\\/\"]}]},{\"@type\":\"ImageObject\",\"inLanguage\":\"it-IT\",\"@id\":\"https:\\\/\\\/www.inmsol.com\\\/it\\\/blog-it-it\\\/notizie-it-it\\\/programma-di-cinema-allaperto-al-sacromonte\\\/#primaryimage\",\"url\":\"https:\\\/\\\/www.inmsol.com\\\/wp-content\\\/files\\\/I%27m%20not%20there_0.jpg\",\"contentUrl\":\"https:\\\/\\\/www.inmsol.com\\\/wp-content\\\/files\\\/I%27m%20not%20there_0.jpg\"},{\"@type\":\"BreadcrumbList\",\"@id\":\"https:\\\/\\\/www.inmsol.com\\\/it\\\/blog-it-it\\\/notizie-it-it\\\/programma-di-cinema-allaperto-al-sacromonte\\\/#breadcrumb\",\"itemListElement\":[{\"@type\":\"ListItem\",\"position\":1,\"name\":\"Accredited Center by Instituto Cervantes\",\"item\":\"https:\\\/\\\/www.inmsol.com\\\/it\\\/pagina-ejemplo\\\/\"},{\"@type\":\"ListItem\",\"position\":2,\"name\":\"Blog\",\"item\":\"https:\\\/\\\/www.inmsol.com\\\/it\\\/category\\\/blog-it-it\\\/\"},{\"@type\":\"ListItem\",\"position\":3,\"name\":\"Notizie\",\"item\":\"https:\\\/\\\/www.inmsol.com\\\/it\\\/category\\\/blog-it-it\\\/notizie-it-it\\\/\"},{\"@type\":\"ListItem\",\"position\":4,\"name\":\"Programma di cinema all&#8217;aperto al Sacromonte\"}]},{\"@type\":\"WebSite\",\"@id\":\"https:\\\/\\\/www.inmsol.com\\\/it\\\/#website\",\"url\":\"https:\\\/\\\/www.inmsol.com\\\/it\\\/\",\"name\":\"iNMSOL\",\"description\":\"Impara lo spagnolo con noi - Centro di studio accreditato con l'Istituto Cervantes\",\"publisher\":{\"@id\":\"https:\\\/\\\/www.inmsol.com\\\/it\\\/#organization\"},\"potentialAction\":[{\"@type\":\"SearchAction\",\"target\":{\"@type\":\"EntryPoint\",\"urlTemplate\":\"https:\\\/\\\/www.inmsol.com\\\/it\\\/?s={search_term_string}\"},\"query-input\":{\"@type\":\"PropertyValueSpecification\",\"valueRequired\":true,\"valueName\":\"search_term_string\"}}],\"inLanguage\":\"it-IT\"},{\"@type\":\"Organization\",\"@id\":\"https:\\\/\\\/www.inmsol.com\\\/it\\\/#organization\",\"name\":\"Instituto Mediterr\u00e1neo Sol\",\"url\":\"https:\\\/\\\/www.inmsol.com\\\/it\\\/\",\"logo\":{\"@type\":\"ImageObject\",\"inLanguage\":\"it-IT\",\"@id\":\"https:\\\/\\\/www.inmsol.com\\\/it\\\/#\\\/schema\\\/logo\\\/image\\\/\",\"url\":\"https:\\\/\\\/www.inmsol.com\\\/wp-content\\\/uploads\\\/2023\\\/06\\\/logo-inmsol-1.png\",\"contentUrl\":\"https:\\\/\\\/www.inmsol.com\\\/wp-content\\\/uploads\\\/2023\\\/06\\\/logo-inmsol-1.png\",\"width\":136,\"height\":73,\"caption\":\"Instituto Mediterr\u00e1neo Sol\"},\"image\":{\"@id\":\"https:\\\/\\\/www.inmsol.com\\\/it\\\/#\\\/schema\\\/logo\\\/image\\\/\"},\"sameAs\":[\"https:\\\/\\\/www.facebook.com\\\/spanishcourses\",\"https:\\\/\\\/x.com\\\/StudyInGranada\",\"http:\\\/\\\/instagram.com\\\/imsolgranada\",\"https:\\\/\\\/es.linkedin.com\\\/company\\\/imsol-granada\",\"https:\\\/\\\/www.pinterest.es\\\/inmsol\\\/\",\"https:\\\/\\\/www.youtube.com\\\/channel\\\/UChz-Qn_7coFMosY85iYMO4g\"]},{\"@type\":\"Person\",\"@id\":\"https:\\\/\\\/www.inmsol.com\\\/it\\\/#\\\/schema\\\/person\\\/18f18acd0397ef441e373e79ec3eb6ea\",\"name\":\"Javier Torres\",\"image\":{\"@type\":\"ImageObject\",\"inLanguage\":\"it-IT\",\"@id\":\"https:\\\/\\\/secure.gravatar.com\\\/avatar\\\/90afa2d6499550218d247408758082af566e5ec3641e1b8eac0d7bb889344a55?s=96&d=mm&r=g\",\"url\":\"https:\\\/\\\/secure.gravatar.com\\\/avatar\\\/90afa2d6499550218d247408758082af566e5ec3641e1b8eac0d7bb889344a55?s=96&d=mm&r=g\",\"contentUrl\":\"https:\\\/\\\/secure.gravatar.com\\\/avatar\\\/90afa2d6499550218d247408758082af566e5ec3641e1b8eac0d7bb889344a55?s=96&d=mm&r=g\",\"caption\":\"Javier Torres\"},\"url\":\"https:\\\/\\\/www.inmsol.com\\\/it\\\/author\\\/javier\\\/\"}]}<\/script>\n<!-- \/ Yoast SEO plugin. -->","yoast_head_json":{"title":"Cinema al Sacromonte \u2502marted\u00ec, mercoled\u00ec e gioved\u00ec | INMSOL","description":"Programaci\u00f3n cultural del MUSEO CUEVAS DEL SACROMONTE","robots":{"index":"index","follow":"follow","max-snippet":"max-snippet:-1","max-image-preview":"max-image-preview:large","max-video-preview":"max-video-preview:-1"},"canonical":"https:\/\/www.inmsol.com\/it\/blog-it-it\/notizie-it-it\/programma-di-cinema-allaperto-al-sacromonte\/","og_locale":"it_IT","og_type":"article","og_title":"Cinema al Sacromonte \u2502marted\u00ec, mercoled\u00ec e gioved\u00ec | INMSOL","og_description":"Programaci\u00f3n cultural del MUSEO CUEVAS DEL SACROMONTE","og_url":"https:\/\/www.inmsol.com\/it\/blog-it-it\/notizie-it-it\/programma-di-cinema-allaperto-al-sacromonte\/","og_site_name":"iNMSOL","article_publisher":"https:\/\/www.facebook.com\/spanishcourses","article_published_time":"2012-07-31T11:09:51+00:00","article_modified_time":"2017-04-12T09:45:28+00:00","og_image":[{"url":"https:\/\/www.inmsol.com\/wp-content\/files\/I%27m%20not%20there_0.jpg","type":"","width":"","height":""}],"author":"Javier Torres","twitter_misc":{"Scritto da":"Javier Torres","Tempo di lettura stimato":"2 minuti"},"schema":{"@context":"https:\/\/schema.org","@graph":[{"@type":"Article","@id":"https:\/\/www.inmsol.com\/it\/blog-it-it\/notizie-it-it\/programma-di-cinema-allaperto-al-sacromonte\/#article","isPartOf":{"@id":"https:\/\/www.inmsol.com\/it\/blog-it-it\/notizie-it-it\/programma-di-cinema-allaperto-al-sacromonte\/"},"author":{"name":"Javier Torres","@id":"https:\/\/www.inmsol.com\/it\/#\/schema\/person\/18f18acd0397ef441e373e79ec3eb6ea"},"headline":"Programma di cinema all&#8217;aperto al Sacromonte","datePublished":"2012-07-31T11:09:51+00:00","dateModified":"2017-04-12T09:45:28+00:00","mainEntityOfPage":{"@id":"https:\/\/www.inmsol.com\/it\/blog-it-it\/notizie-it-it\/programma-di-cinema-allaperto-al-sacromonte\/"},"wordCount":393,"publisher":{"@id":"https:\/\/www.inmsol.com\/it\/#organization"},"image":{"@id":"https:\/\/www.inmsol.com\/it\/blog-it-it\/notizie-it-it\/programma-di-cinema-allaperto-al-sacromonte\/#primaryimage"},"thumbnailUrl":"https:\/\/www.inmsol.com\/wp-content\/files\/I%27m%20not%20there_0.jpg","articleSection":["Notizie"],"inLanguage":"it-IT"},{"@type":"WebPage","@id":"https:\/\/www.inmsol.com\/it\/blog-it-it\/notizie-it-it\/programma-di-cinema-allaperto-al-sacromonte\/","url":"https:\/\/www.inmsol.com\/it\/blog-it-it\/notizie-it-it\/programma-di-cinema-allaperto-al-sacromonte\/","name":"Cinema al Sacromonte \u2502marted\u00ec, mercoled\u00ec e gioved\u00ec | INMSOL","isPartOf":{"@id":"https:\/\/www.inmsol.com\/it\/#website"},"primaryImageOfPage":{"@id":"https:\/\/www.inmsol.com\/it\/blog-it-it\/notizie-it-it\/programma-di-cinema-allaperto-al-sacromonte\/#primaryimage"},"image":{"@id":"https:\/\/www.inmsol.com\/it\/blog-it-it\/notizie-it-it\/programma-di-cinema-allaperto-al-sacromonte\/#primaryimage"},"thumbnailUrl":"https:\/\/www.inmsol.com\/wp-content\/files\/I%27m%20not%20there_0.jpg","datePublished":"2012-07-31T11:09:51+00:00","dateModified":"2017-04-12T09:45:28+00:00","description":"Programaci\u00f3n cultural del MUSEO CUEVAS DEL SACROMONTE","breadcrumb":{"@id":"https:\/\/www.inmsol.com\/it\/blog-it-it\/notizie-it-it\/programma-di-cinema-allaperto-al-sacromonte\/#breadcrumb"},"inLanguage":"it-IT","potentialAction":[{"@type":"ReadAction","target":["https:\/\/www.inmsol.com\/it\/blog-it-it\/notizie-it-it\/programma-di-cinema-allaperto-al-sacromonte\/"]}]},{"@type":"ImageObject","inLanguage":"it-IT","@id":"https:\/\/www.inmsol.com\/it\/blog-it-it\/notizie-it-it\/programma-di-cinema-allaperto-al-sacromonte\/#primaryimage","url":"https:\/\/www.inmsol.com\/wp-content\/files\/I%27m%20not%20there_0.jpg","contentUrl":"https:\/\/www.inmsol.com\/wp-content\/files\/I%27m%20not%20there_0.jpg"},{"@type":"BreadcrumbList","@id":"https:\/\/www.inmsol.com\/it\/blog-it-it\/notizie-it-it\/programma-di-cinema-allaperto-al-sacromonte\/#breadcrumb","itemListElement":[{"@type":"ListItem","position":1,"name":"Accredited Center by Instituto Cervantes","item":"https:\/\/www.inmsol.com\/it\/pagina-ejemplo\/"},{"@type":"ListItem","position":2,"name":"Blog","item":"https:\/\/www.inmsol.com\/it\/category\/blog-it-it\/"},{"@type":"ListItem","position":3,"name":"Notizie","item":"https:\/\/www.inmsol.com\/it\/category\/blog-it-it\/notizie-it-it\/"},{"@type":"ListItem","position":4,"name":"Programma di cinema all&#8217;aperto al Sacromonte"}]},{"@type":"WebSite","@id":"https:\/\/www.inmsol.com\/it\/#website","url":"https:\/\/www.inmsol.com\/it\/","name":"iNMSOL","description":"Impara lo spagnolo con noi - Centro di studio accreditato con l'Istituto Cervantes","publisher":{"@id":"https:\/\/www.inmsol.com\/it\/#organization"},"potentialAction":[{"@type":"SearchAction","target":{"@type":"EntryPoint","urlTemplate":"https:\/\/www.inmsol.com\/it\/?s={search_term_string}"},"query-input":{"@type":"PropertyValueSpecification","valueRequired":true,"valueName":"search_term_string"}}],"inLanguage":"it-IT"},{"@type":"Organization","@id":"https:\/\/www.inmsol.com\/it\/#organization","name":"Instituto Mediterr\u00e1neo Sol","url":"https:\/\/www.inmsol.com\/it\/","logo":{"@type":"ImageObject","inLanguage":"it-IT","@id":"https:\/\/www.inmsol.com\/it\/#\/schema\/logo\/image\/","url":"https:\/\/www.inmsol.com\/wp-content\/uploads\/2023\/06\/logo-inmsol-1.png","contentUrl":"https:\/\/www.inmsol.com\/wp-content\/uploads\/2023\/06\/logo-inmsol-1.png","width":136,"height":73,"caption":"Instituto Mediterr\u00e1neo Sol"},"image":{"@id":"https:\/\/www.inmsol.com\/it\/#\/schema\/logo\/image\/"},"sameAs":["https:\/\/www.facebook.com\/spanishcourses","https:\/\/x.com\/StudyInGranada","http:\/\/instagram.com\/imsolgranada","https:\/\/es.linkedin.com\/company\/imsol-granada","https:\/\/www.pinterest.es\/inmsol\/","https:\/\/www.youtube.com\/channel\/UChz-Qn_7coFMosY85iYMO4g"]},{"@type":"Person","@id":"https:\/\/www.inmsol.com\/it\/#\/schema\/person\/18f18acd0397ef441e373e79ec3eb6ea","name":"Javier Torres","image":{"@type":"ImageObject","inLanguage":"it-IT","@id":"https:\/\/secure.gravatar.com\/avatar\/90afa2d6499550218d247408758082af566e5ec3641e1b8eac0d7bb889344a55?s=96&d=mm&r=g","url":"https:\/\/secure.gravatar.com\/avatar\/90afa2d6499550218d247408758082af566e5ec3641e1b8eac0d7bb889344a55?s=96&d=mm&r=g","contentUrl":"https:\/\/secure.gravatar.com\/avatar\/90afa2d6499550218d247408758082af566e5ec3641e1b8eac0d7bb889344a55?s=96&d=mm&r=g","caption":"Javier Torres"},"url":"https:\/\/www.inmsol.com\/it\/author\/javier\/"}]}},"_links":{"self":[{"href":"https:\/\/www.inmsol.com\/it\/wp-json\/wp\/v2\/posts\/1057","targetHints":{"allow":["GET"]}}],"collection":[{"href":"https:\/\/www.inmsol.com\/it\/wp-json\/wp\/v2\/posts"}],"about":[{"href":"https:\/\/www.inmsol.com\/it\/wp-json\/wp\/v2\/types\/post"}],"author":[{"embeddable":true,"href":"https:\/\/www.inmsol.com\/it\/wp-json\/wp\/v2\/users\/2"}],"replies":[{"embeddable":true,"href":"https:\/\/www.inmsol.com\/it\/wp-json\/wp\/v2\/comments?post=1057"}],"version-history":[{"count":0,"href":"https:\/\/www.inmsol.com\/it\/wp-json\/wp\/v2\/posts\/1057\/revisions"}],"wp:attachment":[{"href":"https:\/\/www.inmsol.com\/it\/wp-json\/wp\/v2\/media?parent=1057"}],"wp:term":[{"taxonomy":"category","embeddable":true,"href":"https:\/\/www.inmsol.com\/it\/wp-json\/wp\/v2\/categories?post=1057"},{"taxonomy":"post_tag","embeddable":true,"href":"https:\/\/www.inmsol.com\/it\/wp-json\/wp\/v2\/tags?post=1057"}],"curies":[{"name":"wp","href":"https:\/\/api.w.org\/{rel}","templated":true}]}}