{"id":115,"date":"2009-07-16T10:47:35","date_gmt":"2009-07-16T10:47:35","guid":{"rendered":"https:\/\/www.inmsol.com\/"},"modified":"2009-09-01T11:43:14","modified_gmt":"2009-09-01T11:43:14","slug":"celebrazione-del-giorno-dello-spagnolo","status":"publish","type":"post","link":"https:\/\/www.inmsol.com\/it\/blog-it-it\/celebrazione-del-giorno-dello-spagnolo\/","title":{"rendered":"Celebrazione del &#8220;Giorno dello spagnolo&#8221;"},"content":{"rendered":"<p>\u00a0<strong>Celebrazione del &#8220;Giorno dello spagnolo&#8221;<br \/><\/strong>43 paesi in tutto il mondo celebrano il \u00abGiorno dello spagnolo\u00bb.<\/p>\n<p>Una pioggia di parole viene lanciata dall&#8217;edificio dell&#8217; <strong>Istituto Cervantes <\/strong>a proposito della celebrazione. Quello di ieri passer\u00e0 alla storia come il primo &#8220;Giorno dello spagnolo&#8221;. L&#8217;Istituto Cervantes ha dato infatti il via a questa festivit\u00e0 che si celebra in 43 paesi del mondo. Pi\u00f9 di 450 milioni di persone parlano questa lingua, ufficiale in 21 stati. Fra tre generazioni lo spagnolo sar\u00e0 compreso dal 10% della popolazione mondiale, come conseguenza della trasformazione degli Stati Uniti nel primo paese di lingua spagnola nel 2050.<\/p>\n<p>Ieri la direttrice dell&#8217;Istituo Cervantes, Carmen Caffarel, inaugur\u00f2 la festa del &#8220;Giorno dello spagnolo&#8221; nella sede dell&#8217;Istituto in compagnia del Ministro della Cultura, \u00c1ngeles Gonz\u00e1lez-Sinde. Dopo aver osservato un minuto di silenzio all&#8217;inizio della celebrazione per l&#8217;ultima vittima dell&#8217;ETA, il poliziotto Eduardo Antonio Puelles Garc\u00eda, inizi\u00f3 una pioggia di parole spagnole proposte dagli internauti, ai quali piacque molto la parola \u00abmalevo\u00bb (persona di mala fede).<\/p>\n<p>Caffarel confess\u00f2 che aveva fatto il tifo per la parola \u00aba\u00f1oranza\u00bb (nostalgia), ma che se &#8220;oggi potessi cambiarlo, farei il tifo per la parola \u00abpaz\u00bb (pace)&#8221;. Da parte sua, invece, Gonz\u00e1lez-Sinde utilizz\u00f2 nel suo discorso pi\u00f9 parole come \u00abpaz, solidaridad e libertad\u00bb (pace, solidariet\u00e0 e libert\u00e1), dopo un &#8220;giorno tragico&#8221; influenzato dai recenti avvenimenti. Comunque, se dovesse prendere una decisione, il Ministro della Cultura disse che sarebbe &#8220;molto difficile scegliere una parola di una lingua tanto ricca&#8221;, anche se fra le sue preferite ci sono &#8220;tutte quelle relazionate con la memoria e la nostalgia&#8221;.<\/p>\n","protected":false},"excerpt":{"rendered":"<p>\u00a0Celebrazione del &#8220;Giorno dello spagnolo&#8221;43 paesi in tutto il mondo celebrano il \u00abGiorno dello spagnolo\u00bb. Una pioggia di parole viene lanciata dall&#8217;edificio dell&#8217; Istituto Cervantes a proposito della celebrazione. Quello di ieri passer\u00e0 alla storia come il primo &#8220;Giorno dello spagnolo&#8221;. L&#8217;Istituto Cervantes ha dato&#8230;<\/p>\n","protected":false},"author":2,"featured_media":0,"comment_status":"closed","ping_status":"closed","sticky":false,"template":"","format":"standard","meta":{"_acf_changed":false,"footnotes":""},"categories":[6],"tags":[],"class_list":["post-115","post","type-post","status-publish","format-standard","hentry","category-blog-it-it"],"acf":[],"yoast_head":"<!-- This site is optimized with the Yoast SEO plugin v27.5 - https:\/\/yoast.com\/product\/yoast-seo-wordpress\/ -->\n<title>Celebrazione del &quot;Giorno dello spagnolo&quot; &#8226; iNMSOL<\/title>\n<meta name=\"description\" content=\"43 paesi in tutto il mondo celebrano il &quot;Giorno dello spagnolo&quot;. L&#039;Istituto Cervantes ha dato il via alla celebrazione ieri nella sede dell&#039;istituto alla presenza della direttrice,Carmen Caffarel, e del ministro della cultura , \u00c1ngeles Gonz\u00e1lez-Sinde.\" \/>\n<meta name=\"robots\" content=\"index, follow, max-snippet:-1, max-image-preview:large, max-video-preview:-1\" \/>\n<link rel=\"canonical\" href=\"https:\/\/www.inmsol.com\/it\/blog-it-it\/celebrazione-del-giorno-dello-spagnolo\/\" \/>\n<meta property=\"og:locale\" content=\"it_IT\" \/>\n<meta property=\"og:type\" content=\"article\" \/>\n<meta property=\"og:title\" content=\"Celebrazione del &quot;Giorno dello spagnolo&quot; &#8226; iNMSOL\" \/>\n<meta property=\"og:description\" content=\"43 paesi in tutto il mondo celebrano il &quot;Giorno dello spagnolo&quot;. L&#039;Istituto Cervantes ha dato il via alla celebrazione ieri nella sede dell&#039;istituto alla presenza della direttrice,Carmen Caffarel, e del ministro della cultura , \u00c1ngeles Gonz\u00e1lez-Sinde.\" \/>\n<meta property=\"og:url\" content=\"https:\/\/www.inmsol.com\/it\/blog-it-it\/celebrazione-del-giorno-dello-spagnolo\/\" \/>\n<meta property=\"og:site_name\" content=\"iNMSOL\" \/>\n<meta property=\"article:publisher\" content=\"https:\/\/www.facebook.com\/spanishcourses\" \/>\n<meta property=\"article:published_time\" content=\"2009-07-16T10:47:35+00:00\" \/>\n<meta property=\"article:modified_time\" content=\"2009-09-01T11:43:14+00:00\" \/>\n<meta property=\"og:image\" content=\"https:\/\/www.inmsol.com\/wp-content\/uploads\/2019\/08\/logo-inmsol.png\" \/>\n\t<meta property=\"og:image:width\" content=\"320\" \/>\n\t<meta property=\"og:image:height\" content=\"154\" \/>\n\t<meta property=\"og:image:type\" content=\"image\/png\" \/>\n<meta name=\"author\" content=\"Javier Torres\" \/>\n<meta name=\"twitter:label1\" content=\"Scritto da\" \/>\n\t<meta name=\"twitter:data1\" content=\"Javier Torres\" \/>\n\t<meta name=\"twitter:label2\" content=\"Tempo di lettura stimato\" \/>\n\t<meta name=\"twitter:data2\" content=\"1 minuto\" \/>\n<script type=\"application\/ld+json\" class=\"yoast-schema-graph\">{\"@context\":\"https:\\\/\\\/schema.org\",\"@graph\":[{\"@type\":\"Article\",\"@id\":\"https:\\\/\\\/www.inmsol.com\\\/it\\\/blog-it-it\\\/celebrazione-del-giorno-dello-spagnolo\\\/#article\",\"isPartOf\":{\"@id\":\"https:\\\/\\\/www.inmsol.com\\\/it\\\/blog-it-it\\\/celebrazione-del-giorno-dello-spagnolo\\\/\"},\"author\":{\"name\":\"Javier Torres\",\"@id\":\"https:\\\/\\\/www.inmsol.com\\\/it\\\/#\\\/schema\\\/person\\\/18f18acd0397ef441e373e79ec3eb6ea\"},\"headline\":\"Celebrazione del &#8220;Giorno dello spagnolo&#8221;\",\"datePublished\":\"2009-07-16T10:47:35+00:00\",\"dateModified\":\"2009-09-01T11:43:14+00:00\",\"mainEntityOfPage\":{\"@id\":\"https:\\\/\\\/www.inmsol.com\\\/it\\\/blog-it-it\\\/celebrazione-del-giorno-dello-spagnolo\\\/\"},\"wordCount\":269,\"publisher\":{\"@id\":\"https:\\\/\\\/www.inmsol.com\\\/it\\\/#organization\"},\"articleSection\":[\"Blog\"],\"inLanguage\":\"it-IT\"},{\"@type\":\"WebPage\",\"@id\":\"https:\\\/\\\/www.inmsol.com\\\/it\\\/blog-it-it\\\/celebrazione-del-giorno-dello-spagnolo\\\/\",\"url\":\"https:\\\/\\\/www.inmsol.com\\\/it\\\/blog-it-it\\\/celebrazione-del-giorno-dello-spagnolo\\\/\",\"name\":\"Celebrazione del \\\"Giorno dello spagnolo\\\" &#8226; iNMSOL\",\"isPartOf\":{\"@id\":\"https:\\\/\\\/www.inmsol.com\\\/it\\\/#website\"},\"datePublished\":\"2009-07-16T10:47:35+00:00\",\"dateModified\":\"2009-09-01T11:43:14+00:00\",\"description\":\"43 paesi in tutto il mondo celebrano il \\\"Giorno dello spagnolo\\\". L'Istituto Cervantes ha dato il via alla celebrazione ieri nella sede dell'istituto alla presenza della direttrice,Carmen Caffarel, e del ministro della cultura , \u00c1ngeles Gonz\u00e1lez-Sinde.\",\"breadcrumb\":{\"@id\":\"https:\\\/\\\/www.inmsol.com\\\/it\\\/blog-it-it\\\/celebrazione-del-giorno-dello-spagnolo\\\/#breadcrumb\"},\"inLanguage\":\"it-IT\",\"potentialAction\":[{\"@type\":\"ReadAction\",\"target\":[\"https:\\\/\\\/www.inmsol.com\\\/it\\\/blog-it-it\\\/celebrazione-del-giorno-dello-spagnolo\\\/\"]}]},{\"@type\":\"BreadcrumbList\",\"@id\":\"https:\\\/\\\/www.inmsol.com\\\/it\\\/blog-it-it\\\/celebrazione-del-giorno-dello-spagnolo\\\/#breadcrumb\",\"itemListElement\":[{\"@type\":\"ListItem\",\"position\":1,\"name\":\"Accredited Center by Instituto Cervantes\",\"item\":\"https:\\\/\\\/www.inmsol.com\\\/it\\\/pagina-ejemplo\\\/\"},{\"@type\":\"ListItem\",\"position\":2,\"name\":\"Blog\",\"item\":\"https:\\\/\\\/www.inmsol.com\\\/it\\\/category\\\/blog-it-it\\\/\"},{\"@type\":\"ListItem\",\"position\":3,\"name\":\"Celebrazione del &#8220;Giorno dello spagnolo&#8221;\"}]},{\"@type\":\"WebSite\",\"@id\":\"https:\\\/\\\/www.inmsol.com\\\/it\\\/#website\",\"url\":\"https:\\\/\\\/www.inmsol.com\\\/it\\\/\",\"name\":\"iNMSOL\",\"description\":\"Impara lo spagnolo con noi - Centro di studio accreditato con l'Istituto Cervantes\",\"publisher\":{\"@id\":\"https:\\\/\\\/www.inmsol.com\\\/it\\\/#organization\"},\"potentialAction\":[{\"@type\":\"SearchAction\",\"target\":{\"@type\":\"EntryPoint\",\"urlTemplate\":\"https:\\\/\\\/www.inmsol.com\\\/it\\\/?s={search_term_string}\"},\"query-input\":{\"@type\":\"PropertyValueSpecification\",\"valueRequired\":true,\"valueName\":\"search_term_string\"}}],\"inLanguage\":\"it-IT\"},{\"@type\":\"Organization\",\"@id\":\"https:\\\/\\\/www.inmsol.com\\\/it\\\/#organization\",\"name\":\"Instituto Mediterr\u00e1neo Sol\",\"url\":\"https:\\\/\\\/www.inmsol.com\\\/it\\\/\",\"logo\":{\"@type\":\"ImageObject\",\"inLanguage\":\"it-IT\",\"@id\":\"https:\\\/\\\/www.inmsol.com\\\/it\\\/#\\\/schema\\\/logo\\\/image\\\/\",\"url\":\"https:\\\/\\\/www.inmsol.com\\\/wp-content\\\/uploads\\\/2023\\\/06\\\/logo-inmsol-1.png\",\"contentUrl\":\"https:\\\/\\\/www.inmsol.com\\\/wp-content\\\/uploads\\\/2023\\\/06\\\/logo-inmsol-1.png\",\"width\":136,\"height\":73,\"caption\":\"Instituto Mediterr\u00e1neo Sol\"},\"image\":{\"@id\":\"https:\\\/\\\/www.inmsol.com\\\/it\\\/#\\\/schema\\\/logo\\\/image\\\/\"},\"sameAs\":[\"https:\\\/\\\/www.facebook.com\\\/spanishcourses\",\"https:\\\/\\\/x.com\\\/StudyInGranada\",\"http:\\\/\\\/instagram.com\\\/imsolgranada\",\"https:\\\/\\\/es.linkedin.com\\\/company\\\/imsol-granada\",\"https:\\\/\\\/www.pinterest.es\\\/inmsol\\\/\",\"https:\\\/\\\/www.youtube.com\\\/channel\\\/UChz-Qn_7coFMosY85iYMO4g\"]},{\"@type\":\"Person\",\"@id\":\"https:\\\/\\\/www.inmsol.com\\\/it\\\/#\\\/schema\\\/person\\\/18f18acd0397ef441e373e79ec3eb6ea\",\"name\":\"Javier Torres\",\"image\":{\"@type\":\"ImageObject\",\"inLanguage\":\"it-IT\",\"@id\":\"https:\\\/\\\/secure.gravatar.com\\\/avatar\\\/90afa2d6499550218d247408758082af566e5ec3641e1b8eac0d7bb889344a55?s=96&d=mm&r=g\",\"url\":\"https:\\\/\\\/secure.gravatar.com\\\/avatar\\\/90afa2d6499550218d247408758082af566e5ec3641e1b8eac0d7bb889344a55?s=96&d=mm&r=g\",\"contentUrl\":\"https:\\\/\\\/secure.gravatar.com\\\/avatar\\\/90afa2d6499550218d247408758082af566e5ec3641e1b8eac0d7bb889344a55?s=96&d=mm&r=g\",\"caption\":\"Javier Torres\"},\"url\":\"https:\\\/\\\/www.inmsol.com\\\/it\\\/author\\\/javier\\\/\"}]}<\/script>\n<!-- \/ Yoast SEO plugin. -->","yoast_head_json":{"title":"Celebrazione del \"Giorno dello spagnolo\" &#8226; iNMSOL","description":"43 paesi in tutto il mondo celebrano il \"Giorno dello spagnolo\". L'Istituto Cervantes ha dato il via alla celebrazione ieri nella sede dell'istituto alla presenza della direttrice,Carmen Caffarel, e del ministro della cultura , \u00c1ngeles Gonz\u00e1lez-Sinde.","robots":{"index":"index","follow":"follow","max-snippet":"max-snippet:-1","max-image-preview":"max-image-preview:large","max-video-preview":"max-video-preview:-1"},"canonical":"https:\/\/www.inmsol.com\/it\/blog-it-it\/celebrazione-del-giorno-dello-spagnolo\/","og_locale":"it_IT","og_type":"article","og_title":"Celebrazione del \"Giorno dello spagnolo\" &#8226; iNMSOL","og_description":"43 paesi in tutto il mondo celebrano il \"Giorno dello spagnolo\". L'Istituto Cervantes ha dato il via alla celebrazione ieri nella sede dell'istituto alla presenza della direttrice,Carmen Caffarel, e del ministro della cultura , \u00c1ngeles Gonz\u00e1lez-Sinde.","og_url":"https:\/\/www.inmsol.com\/it\/blog-it-it\/celebrazione-del-giorno-dello-spagnolo\/","og_site_name":"iNMSOL","article_publisher":"https:\/\/www.facebook.com\/spanishcourses","article_published_time":"2009-07-16T10:47:35+00:00","article_modified_time":"2009-09-01T11:43:14+00:00","og_image":[{"width":320,"height":154,"url":"https:\/\/www.inmsol.com\/wp-content\/uploads\/2019\/08\/logo-inmsol.png","type":"image\/png"}],"author":"Javier Torres","twitter_misc":{"Scritto da":"Javier Torres","Tempo di lettura stimato":"1 minuto"},"schema":{"@context":"https:\/\/schema.org","@graph":[{"@type":"Article","@id":"https:\/\/www.inmsol.com\/it\/blog-it-it\/celebrazione-del-giorno-dello-spagnolo\/#article","isPartOf":{"@id":"https:\/\/www.inmsol.com\/it\/blog-it-it\/celebrazione-del-giorno-dello-spagnolo\/"},"author":{"name":"Javier Torres","@id":"https:\/\/www.inmsol.com\/it\/#\/schema\/person\/18f18acd0397ef441e373e79ec3eb6ea"},"headline":"Celebrazione del &#8220;Giorno dello spagnolo&#8221;","datePublished":"2009-07-16T10:47:35+00:00","dateModified":"2009-09-01T11:43:14+00:00","mainEntityOfPage":{"@id":"https:\/\/www.inmsol.com\/it\/blog-it-it\/celebrazione-del-giorno-dello-spagnolo\/"},"wordCount":269,"publisher":{"@id":"https:\/\/www.inmsol.com\/it\/#organization"},"articleSection":["Blog"],"inLanguage":"it-IT"},{"@type":"WebPage","@id":"https:\/\/www.inmsol.com\/it\/blog-it-it\/celebrazione-del-giorno-dello-spagnolo\/","url":"https:\/\/www.inmsol.com\/it\/blog-it-it\/celebrazione-del-giorno-dello-spagnolo\/","name":"Celebrazione del \"Giorno dello spagnolo\" &#8226; iNMSOL","isPartOf":{"@id":"https:\/\/www.inmsol.com\/it\/#website"},"datePublished":"2009-07-16T10:47:35+00:00","dateModified":"2009-09-01T11:43:14+00:00","description":"43 paesi in tutto il mondo celebrano il \"Giorno dello spagnolo\". L'Istituto Cervantes ha dato il via alla celebrazione ieri nella sede dell'istituto alla presenza della direttrice,Carmen Caffarel, e del ministro della cultura , \u00c1ngeles Gonz\u00e1lez-Sinde.","breadcrumb":{"@id":"https:\/\/www.inmsol.com\/it\/blog-it-it\/celebrazione-del-giorno-dello-spagnolo\/#breadcrumb"},"inLanguage":"it-IT","potentialAction":[{"@type":"ReadAction","target":["https:\/\/www.inmsol.com\/it\/blog-it-it\/celebrazione-del-giorno-dello-spagnolo\/"]}]},{"@type":"BreadcrumbList","@id":"https:\/\/www.inmsol.com\/it\/blog-it-it\/celebrazione-del-giorno-dello-spagnolo\/#breadcrumb","itemListElement":[{"@type":"ListItem","position":1,"name":"Accredited Center by Instituto Cervantes","item":"https:\/\/www.inmsol.com\/it\/pagina-ejemplo\/"},{"@type":"ListItem","position":2,"name":"Blog","item":"https:\/\/www.inmsol.com\/it\/category\/blog-it-it\/"},{"@type":"ListItem","position":3,"name":"Celebrazione del &#8220;Giorno dello spagnolo&#8221;"}]},{"@type":"WebSite","@id":"https:\/\/www.inmsol.com\/it\/#website","url":"https:\/\/www.inmsol.com\/it\/","name":"iNMSOL","description":"Impara lo spagnolo con noi - Centro di studio accreditato con l'Istituto Cervantes","publisher":{"@id":"https:\/\/www.inmsol.com\/it\/#organization"},"potentialAction":[{"@type":"SearchAction","target":{"@type":"EntryPoint","urlTemplate":"https:\/\/www.inmsol.com\/it\/?s={search_term_string}"},"query-input":{"@type":"PropertyValueSpecification","valueRequired":true,"valueName":"search_term_string"}}],"inLanguage":"it-IT"},{"@type":"Organization","@id":"https:\/\/www.inmsol.com\/it\/#organization","name":"Instituto Mediterr\u00e1neo Sol","url":"https:\/\/www.inmsol.com\/it\/","logo":{"@type":"ImageObject","inLanguage":"it-IT","@id":"https:\/\/www.inmsol.com\/it\/#\/schema\/logo\/image\/","url":"https:\/\/www.inmsol.com\/wp-content\/uploads\/2023\/06\/logo-inmsol-1.png","contentUrl":"https:\/\/www.inmsol.com\/wp-content\/uploads\/2023\/06\/logo-inmsol-1.png","width":136,"height":73,"caption":"Instituto Mediterr\u00e1neo Sol"},"image":{"@id":"https:\/\/www.inmsol.com\/it\/#\/schema\/logo\/image\/"},"sameAs":["https:\/\/www.facebook.com\/spanishcourses","https:\/\/x.com\/StudyInGranada","http:\/\/instagram.com\/imsolgranada","https:\/\/es.linkedin.com\/company\/imsol-granada","https:\/\/www.pinterest.es\/inmsol\/","https:\/\/www.youtube.com\/channel\/UChz-Qn_7coFMosY85iYMO4g"]},{"@type":"Person","@id":"https:\/\/www.inmsol.com\/it\/#\/schema\/person\/18f18acd0397ef441e373e79ec3eb6ea","name":"Javier Torres","image":{"@type":"ImageObject","inLanguage":"it-IT","@id":"https:\/\/secure.gravatar.com\/avatar\/90afa2d6499550218d247408758082af566e5ec3641e1b8eac0d7bb889344a55?s=96&d=mm&r=g","url":"https:\/\/secure.gravatar.com\/avatar\/90afa2d6499550218d247408758082af566e5ec3641e1b8eac0d7bb889344a55?s=96&d=mm&r=g","contentUrl":"https:\/\/secure.gravatar.com\/avatar\/90afa2d6499550218d247408758082af566e5ec3641e1b8eac0d7bb889344a55?s=96&d=mm&r=g","caption":"Javier Torres"},"url":"https:\/\/www.inmsol.com\/it\/author\/javier\/"}]}},"_links":{"self":[{"href":"https:\/\/www.inmsol.com\/it\/wp-json\/wp\/v2\/posts\/115","targetHints":{"allow":["GET"]}}],"collection":[{"href":"https:\/\/www.inmsol.com\/it\/wp-json\/wp\/v2\/posts"}],"about":[{"href":"https:\/\/www.inmsol.com\/it\/wp-json\/wp\/v2\/types\/post"}],"author":[{"embeddable":true,"href":"https:\/\/www.inmsol.com\/it\/wp-json\/wp\/v2\/users\/2"}],"replies":[{"embeddable":true,"href":"https:\/\/www.inmsol.com\/it\/wp-json\/wp\/v2\/comments?post=115"}],"version-history":[{"count":0,"href":"https:\/\/www.inmsol.com\/it\/wp-json\/wp\/v2\/posts\/115\/revisions"}],"wp:attachment":[{"href":"https:\/\/www.inmsol.com\/it\/wp-json\/wp\/v2\/media?parent=115"}],"wp:term":[{"taxonomy":"category","embeddable":true,"href":"https:\/\/www.inmsol.com\/it\/wp-json\/wp\/v2\/categories?post=115"},{"taxonomy":"post_tag","embeddable":true,"href":"https:\/\/www.inmsol.com\/it\/wp-json\/wp\/v2\/tags?post=115"}],"curies":[{"name":"wp","href":"https:\/\/api.w.org\/{rel}","templated":true}]}}