{"id":1241,"date":"2013-07-19T16:23:20","date_gmt":"2013-07-19T16:23:20","guid":{"rendered":"https:\/\/www.inmsol.com\/"},"modified":"2017-04-12T11:34:18","modified_gmt":"2017-04-12T09:34:18","slug":"jazz-piazza-luglio-agosto-2013","status":"publish","type":"post","link":"https:\/\/www.inmsol.com\/it\/blog-it-it\/jazz-piazza-luglio-agosto-2013\/","title":{"rendered":"Jazz in piazza, luglio &#8211; agosto 2013"},"content":{"rendered":"<p>Ogni settimana nella <strong>Plaza de las tres culturas<\/strong>, parte del Museo della Memoria Storica di Andalusia, puoi assistere gratuitamente a numeros concerti di jazz!<br \/>\nTutta la musica live suona meglio&#8230; Ma specialmente il jazz. Soprattutto se \u00e8 accompagnata da una bibita fresca, vicino al palcoscenico e se \u00e8 estate e si sta all&#8217;aria aperta&#8230; \u00e8 perfetto!<\/p>\n<p><strong>CajaGRANADA propone \u201cJazz in piazza\u201d<\/strong>:<\/p>\n<p class=\"rteindent1\"><strong>Ogni gioved\u00ec sera<\/strong>, dall&#8217;11 luglio al 29 agosto, 2013<br \/>\n<strong>alle 22<\/strong><br \/>\n<strong>Ingresso gratuito<\/strong> fino ad esaurimento posti<\/p>\n<p>Questo <strong>gioved\u00ec 25 luglio<\/strong>, ci saranno gli &#8220;<strong>Avantbrass<\/strong>&#8220;.<\/p>\n<p>Questo gruppo offre un misto di suoni d&#8217;aria metallici con forti riferimenti alla musica d&#8217;avanguardia. Una potente base di batteria, basso e tuba insieme ai suoni melodici del corno, della tromba e del trombone. Il progetto si ispira alla figura del trombettista <strong>Lester Bowie<\/strong>. Qui possiamo trovare le composizioni originali e gli arrangiamenti scritti esclusivamente per la formazione.<br \/>\nUn misto di suoni della prima epoca del jazz, dell&#8217;avanguardia degli anni sessanta e l&#8217;interpretazione unica del trombettista Padr\u00f3s Pol.<\/p>\n<p><span style=\"text-decoration: underline;\"><strong>Musicisti:<\/strong><\/span><\/p>\n<ul class=\"rteindent1\">\n<li>Pol Padr\u00f3s: tromba<\/li>\n<li>Iv\u00e1n Gonz\u00e1lez: corno<\/li>\n<li>Josep Tutusaus: trombone<\/li>\n<li>David Parras: tuba<\/li>\n<li>Aleix Forts: contrabbasso<\/li>\n<li>Guillem Arnedo: batteria<\/li>\n<\/ul>\n<p>&nbsp;<\/p>\n","protected":false},"excerpt":{"rendered":"<p>Ogni settimana nella Plaza de las tres culturas, parte del Museo della Memoria Storica di Andalusia, puoi assistere gratuitamente a numeros concerti di jazz! Tutta la musica live suona meglio&#8230; Ma specialmente il jazz. Soprattutto se \u00e8 accompagnata da una bibita fresca, vicino al palcoscenico&#8230;<\/p>\n","protected":false},"author":2,"featured_media":9146,"comment_status":"closed","ping_status":"closed","sticky":false,"template":"","format":"standard","meta":{"_acf_changed":false,"footnotes":""},"categories":[6,32],"tags":[],"class_list":["post-1241","post","type-post","status-publish","format-standard","has-post-thumbnail","hentry","category-blog-it-it","category-eventi-granada-it-it"],"acf":[],"yoast_head":"<!-- This site is optimized with the Yoast SEO plugin v27.5 - https:\/\/yoast.com\/product\/yoast-seo-wordpress\/ -->\n<title>Jazz in piazza, luglio - agosto 2013 | concerti, jazz, programmazione, granada | INMSOL<\/title>\n<meta name=\"description\" content=\"Informazioni sui concerti di jazz della programmazione estiva del Museo della Memoria storica di Granada. Estate 2013.\" \/>\n<meta name=\"robots\" content=\"index, follow, max-snippet:-1, max-image-preview:large, max-video-preview:-1\" \/>\n<link rel=\"canonical\" href=\"https:\/\/www.inmsol.com\/it\/blog-it-it\/jazz-piazza-luglio-agosto-2013\/\" \/>\n<meta property=\"og:locale\" content=\"it_IT\" \/>\n<meta property=\"og:type\" content=\"article\" \/>\n<meta property=\"og:title\" content=\"Jazz in piazza, luglio - agosto 2013 | concerti, jazz, programmazione, granada | INMSOL\" \/>\n<meta property=\"og:description\" content=\"Informazioni sui concerti di jazz della programmazione estiva del Museo della Memoria storica di Granada. Estate 2013.\" \/>\n<meta property=\"og:url\" content=\"https:\/\/www.inmsol.com\/it\/blog-it-it\/jazz-piazza-luglio-agosto-2013\/\" \/>\n<meta property=\"og:site_name\" content=\"iNMSOL\" \/>\n<meta property=\"article:publisher\" content=\"https:\/\/www.facebook.com\/spanishcourses\" \/>\n<meta property=\"article:published_time\" content=\"2013-07-19T16:23:20+00:00\" \/>\n<meta property=\"article:modified_time\" content=\"2017-04-12T09:34:18+00:00\" \/>\n<meta property=\"og:image\" content=\"https:\/\/www.inmsol.com\/wp-content\/uploads\/2013\/08\/\u00edndice.jpg\" \/>\n\t<meta property=\"og:image:width\" content=\"246\" \/>\n\t<meta property=\"og:image:height\" content=\"205\" \/>\n\t<meta property=\"og:image:type\" content=\"image\/jpeg\" \/>\n<meta name=\"author\" content=\"Javier Torres\" \/>\n<meta name=\"twitter:label1\" content=\"Scritto da\" \/>\n\t<meta name=\"twitter:data1\" content=\"Javier Torres\" \/>\n\t<meta name=\"twitter:label2\" content=\"Tempo di lettura stimato\" \/>\n\t<meta name=\"twitter:data2\" content=\"1 minuto\" \/>\n<script type=\"application\/ld+json\" class=\"yoast-schema-graph\">{\"@context\":\"https:\\\/\\\/schema.org\",\"@graph\":[{\"@type\":\"Article\",\"@id\":\"https:\\\/\\\/www.inmsol.com\\\/it\\\/blog-it-it\\\/jazz-piazza-luglio-agosto-2013\\\/#article\",\"isPartOf\":{\"@id\":\"https:\\\/\\\/www.inmsol.com\\\/it\\\/blog-it-it\\\/jazz-piazza-luglio-agosto-2013\\\/\"},\"author\":{\"name\":\"Javier Torres\",\"@id\":\"https:\\\/\\\/www.inmsol.com\\\/it\\\/#\\\/schema\\\/person\\\/18f18acd0397ef441e373e79ec3eb6ea\"},\"headline\":\"Jazz in piazza, luglio &#8211; agosto 2013\",\"datePublished\":\"2013-07-19T16:23:20+00:00\",\"dateModified\":\"2017-04-12T09:34:18+00:00\",\"mainEntityOfPage\":{\"@id\":\"https:\\\/\\\/www.inmsol.com\\\/it\\\/blog-it-it\\\/jazz-piazza-luglio-agosto-2013\\\/\"},\"wordCount\":192,\"publisher\":{\"@id\":\"https:\\\/\\\/www.inmsol.com\\\/it\\\/#organization\"},\"image\":{\"@id\":\"https:\\\/\\\/www.inmsol.com\\\/it\\\/blog-it-it\\\/jazz-piazza-luglio-agosto-2013\\\/#primaryimage\"},\"thumbnailUrl\":\"https:\\\/\\\/www.inmsol.com\\\/wp-content\\\/uploads\\\/2013\\\/08\\\/\u00edndice.jpg\",\"articleSection\":[\"Blog\",\"Eventi a Granada\"],\"inLanguage\":\"it-IT\"},{\"@type\":\"WebPage\",\"@id\":\"https:\\\/\\\/www.inmsol.com\\\/it\\\/blog-it-it\\\/jazz-piazza-luglio-agosto-2013\\\/\",\"url\":\"https:\\\/\\\/www.inmsol.com\\\/it\\\/blog-it-it\\\/jazz-piazza-luglio-agosto-2013\\\/\",\"name\":\"Jazz in piazza, luglio - agosto 2013 | concerti, jazz, programmazione, granada | INMSOL\",\"isPartOf\":{\"@id\":\"https:\\\/\\\/www.inmsol.com\\\/it\\\/#website\"},\"primaryImageOfPage\":{\"@id\":\"https:\\\/\\\/www.inmsol.com\\\/it\\\/blog-it-it\\\/jazz-piazza-luglio-agosto-2013\\\/#primaryimage\"},\"image\":{\"@id\":\"https:\\\/\\\/www.inmsol.com\\\/it\\\/blog-it-it\\\/jazz-piazza-luglio-agosto-2013\\\/#primaryimage\"},\"thumbnailUrl\":\"https:\\\/\\\/www.inmsol.com\\\/wp-content\\\/uploads\\\/2013\\\/08\\\/\u00edndice.jpg\",\"datePublished\":\"2013-07-19T16:23:20+00:00\",\"dateModified\":\"2017-04-12T09:34:18+00:00\",\"description\":\"Informazioni sui concerti di jazz della programmazione estiva del Museo della Memoria storica di Granada. Estate 2013.\",\"breadcrumb\":{\"@id\":\"https:\\\/\\\/www.inmsol.com\\\/it\\\/blog-it-it\\\/jazz-piazza-luglio-agosto-2013\\\/#breadcrumb\"},\"inLanguage\":\"it-IT\",\"potentialAction\":[{\"@type\":\"ReadAction\",\"target\":[\"https:\\\/\\\/www.inmsol.com\\\/it\\\/blog-it-it\\\/jazz-piazza-luglio-agosto-2013\\\/\"]}]},{\"@type\":\"ImageObject\",\"inLanguage\":\"it-IT\",\"@id\":\"https:\\\/\\\/www.inmsol.com\\\/it\\\/blog-it-it\\\/jazz-piazza-luglio-agosto-2013\\\/#primaryimage\",\"url\":\"https:\\\/\\\/www.inmsol.com\\\/wp-content\\\/uploads\\\/2013\\\/08\\\/\u00edndice.jpg\",\"contentUrl\":\"https:\\\/\\\/www.inmsol.com\\\/wp-content\\\/uploads\\\/2013\\\/08\\\/\u00edndice.jpg\",\"width\":246,\"height\":205},{\"@type\":\"BreadcrumbList\",\"@id\":\"https:\\\/\\\/www.inmsol.com\\\/it\\\/blog-it-it\\\/jazz-piazza-luglio-agosto-2013\\\/#breadcrumb\",\"itemListElement\":[{\"@type\":\"ListItem\",\"position\":1,\"name\":\"Accredited Center by Instituto Cervantes\",\"item\":\"https:\\\/\\\/www.inmsol.com\\\/it\\\/pagina-ejemplo\\\/\"},{\"@type\":\"ListItem\",\"position\":2,\"name\":\"Blog\",\"item\":\"https:\\\/\\\/www.inmsol.com\\\/it\\\/category\\\/blog-it-it\\\/\"},{\"@type\":\"ListItem\",\"position\":3,\"name\":\"Eventi a Granada\",\"item\":\"https:\\\/\\\/www.inmsol.com\\\/it\\\/category\\\/blog-it-it\\\/eventi-granada-it-it\\\/\"},{\"@type\":\"ListItem\",\"position\":4,\"name\":\"Jazz in piazza, luglio &#8211; agosto 2013\"}]},{\"@type\":\"WebSite\",\"@id\":\"https:\\\/\\\/www.inmsol.com\\\/it\\\/#website\",\"url\":\"https:\\\/\\\/www.inmsol.com\\\/it\\\/\",\"name\":\"iNMSOL\",\"description\":\"Impara lo spagnolo con noi - Centro di studio accreditato con l'Istituto Cervantes\",\"publisher\":{\"@id\":\"https:\\\/\\\/www.inmsol.com\\\/it\\\/#organization\"},\"potentialAction\":[{\"@type\":\"SearchAction\",\"target\":{\"@type\":\"EntryPoint\",\"urlTemplate\":\"https:\\\/\\\/www.inmsol.com\\\/it\\\/?s={search_term_string}\"},\"query-input\":{\"@type\":\"PropertyValueSpecification\",\"valueRequired\":true,\"valueName\":\"search_term_string\"}}],\"inLanguage\":\"it-IT\"},{\"@type\":\"Organization\",\"@id\":\"https:\\\/\\\/www.inmsol.com\\\/it\\\/#organization\",\"name\":\"Instituto Mediterr\u00e1neo Sol\",\"url\":\"https:\\\/\\\/www.inmsol.com\\\/it\\\/\",\"logo\":{\"@type\":\"ImageObject\",\"inLanguage\":\"it-IT\",\"@id\":\"https:\\\/\\\/www.inmsol.com\\\/it\\\/#\\\/schema\\\/logo\\\/image\\\/\",\"url\":\"https:\\\/\\\/www.inmsol.com\\\/wp-content\\\/uploads\\\/2023\\\/06\\\/logo-inmsol-1.png\",\"contentUrl\":\"https:\\\/\\\/www.inmsol.com\\\/wp-content\\\/uploads\\\/2023\\\/06\\\/logo-inmsol-1.png\",\"width\":136,\"height\":73,\"caption\":\"Instituto Mediterr\u00e1neo Sol\"},\"image\":{\"@id\":\"https:\\\/\\\/www.inmsol.com\\\/it\\\/#\\\/schema\\\/logo\\\/image\\\/\"},\"sameAs\":[\"https:\\\/\\\/www.facebook.com\\\/spanishcourses\",\"https:\\\/\\\/x.com\\\/StudyInGranada\",\"http:\\\/\\\/instagram.com\\\/imsolgranada\",\"https:\\\/\\\/es.linkedin.com\\\/company\\\/imsol-granada\",\"https:\\\/\\\/www.pinterest.es\\\/inmsol\\\/\",\"https:\\\/\\\/www.youtube.com\\\/channel\\\/UChz-Qn_7coFMosY85iYMO4g\"]},{\"@type\":\"Person\",\"@id\":\"https:\\\/\\\/www.inmsol.com\\\/it\\\/#\\\/schema\\\/person\\\/18f18acd0397ef441e373e79ec3eb6ea\",\"name\":\"Javier Torres\",\"image\":{\"@type\":\"ImageObject\",\"inLanguage\":\"it-IT\",\"@id\":\"https:\\\/\\\/secure.gravatar.com\\\/avatar\\\/90afa2d6499550218d247408758082af566e5ec3641e1b8eac0d7bb889344a55?s=96&d=mm&r=g\",\"url\":\"https:\\\/\\\/secure.gravatar.com\\\/avatar\\\/90afa2d6499550218d247408758082af566e5ec3641e1b8eac0d7bb889344a55?s=96&d=mm&r=g\",\"contentUrl\":\"https:\\\/\\\/secure.gravatar.com\\\/avatar\\\/90afa2d6499550218d247408758082af566e5ec3641e1b8eac0d7bb889344a55?s=96&d=mm&r=g\",\"caption\":\"Javier Torres\"},\"url\":\"https:\\\/\\\/www.inmsol.com\\\/it\\\/author\\\/javier\\\/\"}]}<\/script>\n<!-- \/ Yoast SEO plugin. -->","yoast_head_json":{"title":"Jazz in piazza, luglio - agosto 2013 | concerti, jazz, programmazione, granada | INMSOL","description":"Informazioni sui concerti di jazz della programmazione estiva del Museo della Memoria storica di Granada. Estate 2013.","robots":{"index":"index","follow":"follow","max-snippet":"max-snippet:-1","max-image-preview":"max-image-preview:large","max-video-preview":"max-video-preview:-1"},"canonical":"https:\/\/www.inmsol.com\/it\/blog-it-it\/jazz-piazza-luglio-agosto-2013\/","og_locale":"it_IT","og_type":"article","og_title":"Jazz in piazza, luglio - agosto 2013 | concerti, jazz, programmazione, granada | INMSOL","og_description":"Informazioni sui concerti di jazz della programmazione estiva del Museo della Memoria storica di Granada. Estate 2013.","og_url":"https:\/\/www.inmsol.com\/it\/blog-it-it\/jazz-piazza-luglio-agosto-2013\/","og_site_name":"iNMSOL","article_publisher":"https:\/\/www.facebook.com\/spanishcourses","article_published_time":"2013-07-19T16:23:20+00:00","article_modified_time":"2017-04-12T09:34:18+00:00","og_image":[{"width":246,"height":205,"url":"https:\/\/www.inmsol.com\/wp-content\/uploads\/2013\/08\/\u00edndice.jpg","type":"image\/jpeg"}],"author":"Javier Torres","twitter_misc":{"Scritto da":"Javier Torres","Tempo di lettura stimato":"1 minuto"},"schema":{"@context":"https:\/\/schema.org","@graph":[{"@type":"Article","@id":"https:\/\/www.inmsol.com\/it\/blog-it-it\/jazz-piazza-luglio-agosto-2013\/#article","isPartOf":{"@id":"https:\/\/www.inmsol.com\/it\/blog-it-it\/jazz-piazza-luglio-agosto-2013\/"},"author":{"name":"Javier Torres","@id":"https:\/\/www.inmsol.com\/it\/#\/schema\/person\/18f18acd0397ef441e373e79ec3eb6ea"},"headline":"Jazz in piazza, luglio &#8211; agosto 2013","datePublished":"2013-07-19T16:23:20+00:00","dateModified":"2017-04-12T09:34:18+00:00","mainEntityOfPage":{"@id":"https:\/\/www.inmsol.com\/it\/blog-it-it\/jazz-piazza-luglio-agosto-2013\/"},"wordCount":192,"publisher":{"@id":"https:\/\/www.inmsol.com\/it\/#organization"},"image":{"@id":"https:\/\/www.inmsol.com\/it\/blog-it-it\/jazz-piazza-luglio-agosto-2013\/#primaryimage"},"thumbnailUrl":"https:\/\/www.inmsol.com\/wp-content\/uploads\/2013\/08\/\u00edndice.jpg","articleSection":["Blog","Eventi a Granada"],"inLanguage":"it-IT"},{"@type":"WebPage","@id":"https:\/\/www.inmsol.com\/it\/blog-it-it\/jazz-piazza-luglio-agosto-2013\/","url":"https:\/\/www.inmsol.com\/it\/blog-it-it\/jazz-piazza-luglio-agosto-2013\/","name":"Jazz in piazza, luglio - agosto 2013 | concerti, jazz, programmazione, granada | INMSOL","isPartOf":{"@id":"https:\/\/www.inmsol.com\/it\/#website"},"primaryImageOfPage":{"@id":"https:\/\/www.inmsol.com\/it\/blog-it-it\/jazz-piazza-luglio-agosto-2013\/#primaryimage"},"image":{"@id":"https:\/\/www.inmsol.com\/it\/blog-it-it\/jazz-piazza-luglio-agosto-2013\/#primaryimage"},"thumbnailUrl":"https:\/\/www.inmsol.com\/wp-content\/uploads\/2013\/08\/\u00edndice.jpg","datePublished":"2013-07-19T16:23:20+00:00","dateModified":"2017-04-12T09:34:18+00:00","description":"Informazioni sui concerti di jazz della programmazione estiva del Museo della Memoria storica di Granada. Estate 2013.","breadcrumb":{"@id":"https:\/\/www.inmsol.com\/it\/blog-it-it\/jazz-piazza-luglio-agosto-2013\/#breadcrumb"},"inLanguage":"it-IT","potentialAction":[{"@type":"ReadAction","target":["https:\/\/www.inmsol.com\/it\/blog-it-it\/jazz-piazza-luglio-agosto-2013\/"]}]},{"@type":"ImageObject","inLanguage":"it-IT","@id":"https:\/\/www.inmsol.com\/it\/blog-it-it\/jazz-piazza-luglio-agosto-2013\/#primaryimage","url":"https:\/\/www.inmsol.com\/wp-content\/uploads\/2013\/08\/\u00edndice.jpg","contentUrl":"https:\/\/www.inmsol.com\/wp-content\/uploads\/2013\/08\/\u00edndice.jpg","width":246,"height":205},{"@type":"BreadcrumbList","@id":"https:\/\/www.inmsol.com\/it\/blog-it-it\/jazz-piazza-luglio-agosto-2013\/#breadcrumb","itemListElement":[{"@type":"ListItem","position":1,"name":"Accredited Center by Instituto Cervantes","item":"https:\/\/www.inmsol.com\/it\/pagina-ejemplo\/"},{"@type":"ListItem","position":2,"name":"Blog","item":"https:\/\/www.inmsol.com\/it\/category\/blog-it-it\/"},{"@type":"ListItem","position":3,"name":"Eventi a Granada","item":"https:\/\/www.inmsol.com\/it\/category\/blog-it-it\/eventi-granada-it-it\/"},{"@type":"ListItem","position":4,"name":"Jazz in piazza, luglio &#8211; agosto 2013"}]},{"@type":"WebSite","@id":"https:\/\/www.inmsol.com\/it\/#website","url":"https:\/\/www.inmsol.com\/it\/","name":"iNMSOL","description":"Impara lo spagnolo con noi - Centro di studio accreditato con l'Istituto Cervantes","publisher":{"@id":"https:\/\/www.inmsol.com\/it\/#organization"},"potentialAction":[{"@type":"SearchAction","target":{"@type":"EntryPoint","urlTemplate":"https:\/\/www.inmsol.com\/it\/?s={search_term_string}"},"query-input":{"@type":"PropertyValueSpecification","valueRequired":true,"valueName":"search_term_string"}}],"inLanguage":"it-IT"},{"@type":"Organization","@id":"https:\/\/www.inmsol.com\/it\/#organization","name":"Instituto Mediterr\u00e1neo Sol","url":"https:\/\/www.inmsol.com\/it\/","logo":{"@type":"ImageObject","inLanguage":"it-IT","@id":"https:\/\/www.inmsol.com\/it\/#\/schema\/logo\/image\/","url":"https:\/\/www.inmsol.com\/wp-content\/uploads\/2023\/06\/logo-inmsol-1.png","contentUrl":"https:\/\/www.inmsol.com\/wp-content\/uploads\/2023\/06\/logo-inmsol-1.png","width":136,"height":73,"caption":"Instituto Mediterr\u00e1neo Sol"},"image":{"@id":"https:\/\/www.inmsol.com\/it\/#\/schema\/logo\/image\/"},"sameAs":["https:\/\/www.facebook.com\/spanishcourses","https:\/\/x.com\/StudyInGranada","http:\/\/instagram.com\/imsolgranada","https:\/\/es.linkedin.com\/company\/imsol-granada","https:\/\/www.pinterest.es\/inmsol\/","https:\/\/www.youtube.com\/channel\/UChz-Qn_7coFMosY85iYMO4g"]},{"@type":"Person","@id":"https:\/\/www.inmsol.com\/it\/#\/schema\/person\/18f18acd0397ef441e373e79ec3eb6ea","name":"Javier Torres","image":{"@type":"ImageObject","inLanguage":"it-IT","@id":"https:\/\/secure.gravatar.com\/avatar\/90afa2d6499550218d247408758082af566e5ec3641e1b8eac0d7bb889344a55?s=96&d=mm&r=g","url":"https:\/\/secure.gravatar.com\/avatar\/90afa2d6499550218d247408758082af566e5ec3641e1b8eac0d7bb889344a55?s=96&d=mm&r=g","contentUrl":"https:\/\/secure.gravatar.com\/avatar\/90afa2d6499550218d247408758082af566e5ec3641e1b8eac0d7bb889344a55?s=96&d=mm&r=g","caption":"Javier Torres"},"url":"https:\/\/www.inmsol.com\/it\/author\/javier\/"}]}},"_links":{"self":[{"href":"https:\/\/www.inmsol.com\/it\/wp-json\/wp\/v2\/posts\/1241","targetHints":{"allow":["GET"]}}],"collection":[{"href":"https:\/\/www.inmsol.com\/it\/wp-json\/wp\/v2\/posts"}],"about":[{"href":"https:\/\/www.inmsol.com\/it\/wp-json\/wp\/v2\/types\/post"}],"author":[{"embeddable":true,"href":"https:\/\/www.inmsol.com\/it\/wp-json\/wp\/v2\/users\/2"}],"replies":[{"embeddable":true,"href":"https:\/\/www.inmsol.com\/it\/wp-json\/wp\/v2\/comments?post=1241"}],"version-history":[{"count":0,"href":"https:\/\/www.inmsol.com\/it\/wp-json\/wp\/v2\/posts\/1241\/revisions"}],"wp:featuredmedia":[{"embeddable":true,"href":"https:\/\/www.inmsol.com\/it\/wp-json\/wp\/v2\/media\/9146"}],"wp:attachment":[{"href":"https:\/\/www.inmsol.com\/it\/wp-json\/wp\/v2\/media?parent=1241"}],"wp:term":[{"taxonomy":"category","embeddable":true,"href":"https:\/\/www.inmsol.com\/it\/wp-json\/wp\/v2\/categories?post=1241"},{"taxonomy":"post_tag","embeddable":true,"href":"https:\/\/www.inmsol.com\/it\/wp-json\/wp\/v2\/tags?post=1241"}],"curies":[{"name":"wp","href":"https:\/\/api.w.org\/{rel}","templated":true}]}}