{"id":1257,"date":"2013-09-12T11:22:56","date_gmt":"2013-09-12T11:22:56","guid":{"rendered":"https:\/\/www.inmsol.com\/"},"modified":"2017-04-12T10:41:29","modified_gmt":"2017-04-12T08:41:29","slug":"proiezione-gratuita-nella-plaza-de-las-pasiegas-di-granada","status":"publish","type":"post","link":"https:\/\/www.inmsol.com\/it\/blog-it-it\/proiezione-gratuita-nella-plaza-de-las-pasiegas-di-granada\/","title":{"rendered":"Proiezione gratuita nella Plaza de las Pasiegas di Granada"},"content":{"rendered":"<p>Come ogni anno, l&#8217;approssimarsi dell&#8217;autunno ricorda che il <strong>Festival dei Giovani registi <\/strong>\u00e8 alle porte e quest&#8217;anno si svolger\u00e0 dal 21 al 27 di ottobre, 2013.<br \/>\nCome preambolo, il <strong>12 settembre alle 21.30<\/strong> si proietter\u00e0 il film &#8220;<strong>Extraterrestre<\/strong>&#8221; di Nacho Vigalondo nella Plaza de las Pasiegas. Questo film \u00e8 parte del &#8221; <strong>Ciclo de Cine Itinerante<\/strong>\u201d che l&#8217;Accademia del Cinema e Gas Fenosa stanno portando avanti da luglio a settembre in diverse citt\u00e0 spagnole.<\/p>\n<p>Lo scopo di questa iniziativa \u00e8 &#8220;Portare il cinema spagnolo sul grande schermo, gratuito per il pubblico e lontano dalle grandi citt\u00e0&#8221; e &#8220;&#8230;l&#8217;idea \u00e8 quella di diffondere il senso di guardare film ed integrarlo nella vita quotidiana della gente&#8221;. Che posto migliore delle Plaza de las Pasiegas\u00a0 di Granada in una delle ultime notti estive?<br \/>\n&#8220;Extraterrestre&#8221; racconta la storia di Julia e Julio, due persone che non si conoscono, ma che si svegliano nello stesso letto dopo una notte di festa di cui poco ricordano. Lui si innamora di lei all&#8217;istante, ma lei no. In questa scomoda situazione, si rendono conto di non poter lasciare la casa perch\u00e8 un gigante UFO sta sorvolando la citt\u00e0. Tra questa coppia forzata appare un terzo elemento: un vicino.<\/p>\n<p>Per saperne di pi\u00f9 sulle ultime proiezioni dell&#8217;estate e le citt\u00e0, guarda qui.<\/p>\n","protected":false},"excerpt":{"rendered":"<p>Come ogni anno, l&#8217;approssimarsi dell&#8217;autunno ricorda che il Festival dei Giovani registi \u00e8 alle porte e quest&#8217;anno si svolger\u00e0 dal 21 al 27 di ottobre, 2013. Come preambolo, il 12 settembre alle 21.30 si proietter\u00e0 il film &#8220;Extraterrestre&#8221; di Nacho Vigalondo nella Plaza de las&#8230;<\/p>\n","protected":false},"author":2,"featured_media":9131,"comment_status":"closed","ping_status":"closed","sticky":false,"template":"","format":"standard","meta":{"_acf_changed":false,"footnotes":""},"categories":[6,17],"tags":[],"class_list":["post-1257","post","type-post","status-publish","format-standard","has-post-thumbnail","hentry","category-blog-it-it","category-notizie-it-it"],"acf":[],"yoast_head":"<!-- This site is optimized with the Yoast SEO plugin v27.5 - https:\/\/yoast.com\/product\/yoast-seo-wordpress\/ -->\n<title>Proiezione gratuita nella Plaza de las Pasiegas di Granada | proiezione, film, gratis, extraterrestre | INMSOL<\/title>\n<meta name=\"description\" content=\"Proiezione gratuita nella Plaza de las Pasiegas di Granada.\" \/>\n<meta name=\"robots\" content=\"index, follow, max-snippet:-1, max-image-preview:large, max-video-preview:-1\" \/>\n<link rel=\"canonical\" href=\"https:\/\/www.inmsol.com\/it\/blog-it-it\/proiezione-gratuita-nella-plaza-de-las-pasiegas-di-granada\/\" \/>\n<meta property=\"og:locale\" content=\"it_IT\" \/>\n<meta property=\"og:type\" content=\"article\" \/>\n<meta property=\"og:title\" content=\"Proiezione gratuita nella Plaza de las Pasiegas di Granada | proiezione, film, gratis, extraterrestre | INMSOL\" \/>\n<meta property=\"og:description\" content=\"Proiezione gratuita nella Plaza de las Pasiegas di Granada.\" \/>\n<meta property=\"og:url\" content=\"https:\/\/www.inmsol.com\/it\/blog-it-it\/proiezione-gratuita-nella-plaza-de-las-pasiegas-di-granada\/\" \/>\n<meta property=\"og:site_name\" content=\"iNMSOL\" \/>\n<meta property=\"article:publisher\" content=\"https:\/\/www.facebook.com\/spanishcourses\" \/>\n<meta property=\"article:published_time\" content=\"2013-09-12T11:22:56+00:00\" \/>\n<meta property=\"article:modified_time\" content=\"2017-04-12T08:41:29+00:00\" \/>\n<meta property=\"og:image\" content=\"https:\/\/www.inmsol.com\/wp-content\/uploads\/2013\/09\/cine-a-cielo-abierto-el-secreto-de-sus-ojos-3-tigre.jpg\" \/>\n\t<meta property=\"og:image:width\" content=\"1024\" \/>\n\t<meta property=\"og:image:height\" content=\"683\" \/>\n\t<meta property=\"og:image:type\" content=\"image\/jpeg\" \/>\n<meta name=\"author\" content=\"Javier Torres\" \/>\n<meta name=\"twitter:label1\" content=\"Scritto da\" \/>\n\t<meta name=\"twitter:data1\" content=\"Javier Torres\" \/>\n\t<meta name=\"twitter:label2\" content=\"Tempo di lettura stimato\" \/>\n\t<meta name=\"twitter:data2\" content=\"1 minuto\" \/>\n<script type=\"application\/ld+json\" class=\"yoast-schema-graph\">{\"@context\":\"https:\\\/\\\/schema.org\",\"@graph\":[{\"@type\":\"Article\",\"@id\":\"https:\\\/\\\/www.inmsol.com\\\/it\\\/blog-it-it\\\/proiezione-gratuita-nella-plaza-de-las-pasiegas-di-granada\\\/#article\",\"isPartOf\":{\"@id\":\"https:\\\/\\\/www.inmsol.com\\\/it\\\/blog-it-it\\\/proiezione-gratuita-nella-plaza-de-las-pasiegas-di-granada\\\/\"},\"author\":{\"name\":\"Javier Torres\",\"@id\":\"https:\\\/\\\/www.inmsol.com\\\/it\\\/#\\\/schema\\\/person\\\/18f18acd0397ef441e373e79ec3eb6ea\"},\"headline\":\"Proiezione gratuita nella Plaza de las Pasiegas di Granada\",\"datePublished\":\"2013-09-12T11:22:56+00:00\",\"dateModified\":\"2017-04-12T08:41:29+00:00\",\"mainEntityOfPage\":{\"@id\":\"https:\\\/\\\/www.inmsol.com\\\/it\\\/blog-it-it\\\/proiezione-gratuita-nella-plaza-de-las-pasiegas-di-granada\\\/\"},\"wordCount\":219,\"publisher\":{\"@id\":\"https:\\\/\\\/www.inmsol.com\\\/it\\\/#organization\"},\"image\":{\"@id\":\"https:\\\/\\\/www.inmsol.com\\\/it\\\/blog-it-it\\\/proiezione-gratuita-nella-plaza-de-las-pasiegas-di-granada\\\/#primaryimage\"},\"thumbnailUrl\":\"https:\\\/\\\/www.inmsol.com\\\/wp-content\\\/uploads\\\/2013\\\/09\\\/cine-a-cielo-abierto-el-secreto-de-sus-ojos-3-tigre.jpg\",\"articleSection\":[\"Blog\",\"Notizie\"],\"inLanguage\":\"it-IT\"},{\"@type\":\"WebPage\",\"@id\":\"https:\\\/\\\/www.inmsol.com\\\/it\\\/blog-it-it\\\/proiezione-gratuita-nella-plaza-de-las-pasiegas-di-granada\\\/\",\"url\":\"https:\\\/\\\/www.inmsol.com\\\/it\\\/blog-it-it\\\/proiezione-gratuita-nella-plaza-de-las-pasiegas-di-granada\\\/\",\"name\":\"Proiezione gratuita nella Plaza de las Pasiegas di Granada | proiezione, film, gratis, extraterrestre | INMSOL\",\"isPartOf\":{\"@id\":\"https:\\\/\\\/www.inmsol.com\\\/it\\\/#website\"},\"primaryImageOfPage\":{\"@id\":\"https:\\\/\\\/www.inmsol.com\\\/it\\\/blog-it-it\\\/proiezione-gratuita-nella-plaza-de-las-pasiegas-di-granada\\\/#primaryimage\"},\"image\":{\"@id\":\"https:\\\/\\\/www.inmsol.com\\\/it\\\/blog-it-it\\\/proiezione-gratuita-nella-plaza-de-las-pasiegas-di-granada\\\/#primaryimage\"},\"thumbnailUrl\":\"https:\\\/\\\/www.inmsol.com\\\/wp-content\\\/uploads\\\/2013\\\/09\\\/cine-a-cielo-abierto-el-secreto-de-sus-ojos-3-tigre.jpg\",\"datePublished\":\"2013-09-12T11:22:56+00:00\",\"dateModified\":\"2017-04-12T08:41:29+00:00\",\"description\":\"Proiezione gratuita nella Plaza de las Pasiegas di Granada.\",\"breadcrumb\":{\"@id\":\"https:\\\/\\\/www.inmsol.com\\\/it\\\/blog-it-it\\\/proiezione-gratuita-nella-plaza-de-las-pasiegas-di-granada\\\/#breadcrumb\"},\"inLanguage\":\"it-IT\",\"potentialAction\":[{\"@type\":\"ReadAction\",\"target\":[\"https:\\\/\\\/www.inmsol.com\\\/it\\\/blog-it-it\\\/proiezione-gratuita-nella-plaza-de-las-pasiegas-di-granada\\\/\"]}]},{\"@type\":\"ImageObject\",\"inLanguage\":\"it-IT\",\"@id\":\"https:\\\/\\\/www.inmsol.com\\\/it\\\/blog-it-it\\\/proiezione-gratuita-nella-plaza-de-las-pasiegas-di-granada\\\/#primaryimage\",\"url\":\"https:\\\/\\\/www.inmsol.com\\\/wp-content\\\/uploads\\\/2013\\\/09\\\/cine-a-cielo-abierto-el-secreto-de-sus-ojos-3-tigre.jpg\",\"contentUrl\":\"https:\\\/\\\/www.inmsol.com\\\/wp-content\\\/uploads\\\/2013\\\/09\\\/cine-a-cielo-abierto-el-secreto-de-sus-ojos-3-tigre.jpg\",\"width\":1024,\"height\":683},{\"@type\":\"BreadcrumbList\",\"@id\":\"https:\\\/\\\/www.inmsol.com\\\/it\\\/blog-it-it\\\/proiezione-gratuita-nella-plaza-de-las-pasiegas-di-granada\\\/#breadcrumb\",\"itemListElement\":[{\"@type\":\"ListItem\",\"position\":1,\"name\":\"Accredited Center by Instituto Cervantes\",\"item\":\"https:\\\/\\\/www.inmsol.com\\\/it\\\/pagina-ejemplo\\\/\"},{\"@type\":\"ListItem\",\"position\":2,\"name\":\"Blog\",\"item\":\"https:\\\/\\\/www.inmsol.com\\\/it\\\/category\\\/blog-it-it\\\/\"},{\"@type\":\"ListItem\",\"position\":3,\"name\":\"Notizie\",\"item\":\"https:\\\/\\\/www.inmsol.com\\\/it\\\/category\\\/blog-it-it\\\/notizie-it-it\\\/\"},{\"@type\":\"ListItem\",\"position\":4,\"name\":\"Proiezione gratuita nella Plaza de las Pasiegas di Granada\"}]},{\"@type\":\"WebSite\",\"@id\":\"https:\\\/\\\/www.inmsol.com\\\/it\\\/#website\",\"url\":\"https:\\\/\\\/www.inmsol.com\\\/it\\\/\",\"name\":\"iNMSOL\",\"description\":\"Impara lo spagnolo con noi - Centro di studio accreditato con l'Istituto Cervantes\",\"publisher\":{\"@id\":\"https:\\\/\\\/www.inmsol.com\\\/it\\\/#organization\"},\"potentialAction\":[{\"@type\":\"SearchAction\",\"target\":{\"@type\":\"EntryPoint\",\"urlTemplate\":\"https:\\\/\\\/www.inmsol.com\\\/it\\\/?s={search_term_string}\"},\"query-input\":{\"@type\":\"PropertyValueSpecification\",\"valueRequired\":true,\"valueName\":\"search_term_string\"}}],\"inLanguage\":\"it-IT\"},{\"@type\":\"Organization\",\"@id\":\"https:\\\/\\\/www.inmsol.com\\\/it\\\/#organization\",\"name\":\"Instituto Mediterr\u00e1neo Sol\",\"url\":\"https:\\\/\\\/www.inmsol.com\\\/it\\\/\",\"logo\":{\"@type\":\"ImageObject\",\"inLanguage\":\"it-IT\",\"@id\":\"https:\\\/\\\/www.inmsol.com\\\/it\\\/#\\\/schema\\\/logo\\\/image\\\/\",\"url\":\"https:\\\/\\\/www.inmsol.com\\\/wp-content\\\/uploads\\\/2023\\\/06\\\/logo-inmsol-1.png\",\"contentUrl\":\"https:\\\/\\\/www.inmsol.com\\\/wp-content\\\/uploads\\\/2023\\\/06\\\/logo-inmsol-1.png\",\"width\":136,\"height\":73,\"caption\":\"Instituto Mediterr\u00e1neo Sol\"},\"image\":{\"@id\":\"https:\\\/\\\/www.inmsol.com\\\/it\\\/#\\\/schema\\\/logo\\\/image\\\/\"},\"sameAs\":[\"https:\\\/\\\/www.facebook.com\\\/spanishcourses\",\"https:\\\/\\\/x.com\\\/StudyInGranada\",\"http:\\\/\\\/instagram.com\\\/imsolgranada\",\"https:\\\/\\\/es.linkedin.com\\\/company\\\/imsol-granada\",\"https:\\\/\\\/www.pinterest.es\\\/inmsol\\\/\",\"https:\\\/\\\/www.youtube.com\\\/channel\\\/UChz-Qn_7coFMosY85iYMO4g\"]},{\"@type\":\"Person\",\"@id\":\"https:\\\/\\\/www.inmsol.com\\\/it\\\/#\\\/schema\\\/person\\\/18f18acd0397ef441e373e79ec3eb6ea\",\"name\":\"Javier Torres\",\"image\":{\"@type\":\"ImageObject\",\"inLanguage\":\"it-IT\",\"@id\":\"https:\\\/\\\/secure.gravatar.com\\\/avatar\\\/90afa2d6499550218d247408758082af566e5ec3641e1b8eac0d7bb889344a55?s=96&d=mm&r=g\",\"url\":\"https:\\\/\\\/secure.gravatar.com\\\/avatar\\\/90afa2d6499550218d247408758082af566e5ec3641e1b8eac0d7bb889344a55?s=96&d=mm&r=g\",\"contentUrl\":\"https:\\\/\\\/secure.gravatar.com\\\/avatar\\\/90afa2d6499550218d247408758082af566e5ec3641e1b8eac0d7bb889344a55?s=96&d=mm&r=g\",\"caption\":\"Javier Torres\"},\"url\":\"https:\\\/\\\/www.inmsol.com\\\/it\\\/author\\\/javier\\\/\"}]}<\/script>\n<!-- \/ Yoast SEO plugin. -->","yoast_head_json":{"title":"Proiezione gratuita nella Plaza de las Pasiegas di Granada | proiezione, film, gratis, extraterrestre | INMSOL","description":"Proiezione gratuita nella Plaza de las Pasiegas di Granada.","robots":{"index":"index","follow":"follow","max-snippet":"max-snippet:-1","max-image-preview":"max-image-preview:large","max-video-preview":"max-video-preview:-1"},"canonical":"https:\/\/www.inmsol.com\/it\/blog-it-it\/proiezione-gratuita-nella-plaza-de-las-pasiegas-di-granada\/","og_locale":"it_IT","og_type":"article","og_title":"Proiezione gratuita nella Plaza de las Pasiegas di Granada | proiezione, film, gratis, extraterrestre | INMSOL","og_description":"Proiezione gratuita nella Plaza de las Pasiegas di Granada.","og_url":"https:\/\/www.inmsol.com\/it\/blog-it-it\/proiezione-gratuita-nella-plaza-de-las-pasiegas-di-granada\/","og_site_name":"iNMSOL","article_publisher":"https:\/\/www.facebook.com\/spanishcourses","article_published_time":"2013-09-12T11:22:56+00:00","article_modified_time":"2017-04-12T08:41:29+00:00","og_image":[{"width":1024,"height":683,"url":"https:\/\/www.inmsol.com\/wp-content\/uploads\/2013\/09\/cine-a-cielo-abierto-el-secreto-de-sus-ojos-3-tigre.jpg","type":"image\/jpeg"}],"author":"Javier Torres","twitter_misc":{"Scritto da":"Javier Torres","Tempo di lettura stimato":"1 minuto"},"schema":{"@context":"https:\/\/schema.org","@graph":[{"@type":"Article","@id":"https:\/\/www.inmsol.com\/it\/blog-it-it\/proiezione-gratuita-nella-plaza-de-las-pasiegas-di-granada\/#article","isPartOf":{"@id":"https:\/\/www.inmsol.com\/it\/blog-it-it\/proiezione-gratuita-nella-plaza-de-las-pasiegas-di-granada\/"},"author":{"name":"Javier Torres","@id":"https:\/\/www.inmsol.com\/it\/#\/schema\/person\/18f18acd0397ef441e373e79ec3eb6ea"},"headline":"Proiezione gratuita nella Plaza de las Pasiegas di Granada","datePublished":"2013-09-12T11:22:56+00:00","dateModified":"2017-04-12T08:41:29+00:00","mainEntityOfPage":{"@id":"https:\/\/www.inmsol.com\/it\/blog-it-it\/proiezione-gratuita-nella-plaza-de-las-pasiegas-di-granada\/"},"wordCount":219,"publisher":{"@id":"https:\/\/www.inmsol.com\/it\/#organization"},"image":{"@id":"https:\/\/www.inmsol.com\/it\/blog-it-it\/proiezione-gratuita-nella-plaza-de-las-pasiegas-di-granada\/#primaryimage"},"thumbnailUrl":"https:\/\/www.inmsol.com\/wp-content\/uploads\/2013\/09\/cine-a-cielo-abierto-el-secreto-de-sus-ojos-3-tigre.jpg","articleSection":["Blog","Notizie"],"inLanguage":"it-IT"},{"@type":"WebPage","@id":"https:\/\/www.inmsol.com\/it\/blog-it-it\/proiezione-gratuita-nella-plaza-de-las-pasiegas-di-granada\/","url":"https:\/\/www.inmsol.com\/it\/blog-it-it\/proiezione-gratuita-nella-plaza-de-las-pasiegas-di-granada\/","name":"Proiezione gratuita nella Plaza de las Pasiegas di Granada | proiezione, film, gratis, extraterrestre | INMSOL","isPartOf":{"@id":"https:\/\/www.inmsol.com\/it\/#website"},"primaryImageOfPage":{"@id":"https:\/\/www.inmsol.com\/it\/blog-it-it\/proiezione-gratuita-nella-plaza-de-las-pasiegas-di-granada\/#primaryimage"},"image":{"@id":"https:\/\/www.inmsol.com\/it\/blog-it-it\/proiezione-gratuita-nella-plaza-de-las-pasiegas-di-granada\/#primaryimage"},"thumbnailUrl":"https:\/\/www.inmsol.com\/wp-content\/uploads\/2013\/09\/cine-a-cielo-abierto-el-secreto-de-sus-ojos-3-tigre.jpg","datePublished":"2013-09-12T11:22:56+00:00","dateModified":"2017-04-12T08:41:29+00:00","description":"Proiezione gratuita nella Plaza de las Pasiegas di Granada.","breadcrumb":{"@id":"https:\/\/www.inmsol.com\/it\/blog-it-it\/proiezione-gratuita-nella-plaza-de-las-pasiegas-di-granada\/#breadcrumb"},"inLanguage":"it-IT","potentialAction":[{"@type":"ReadAction","target":["https:\/\/www.inmsol.com\/it\/blog-it-it\/proiezione-gratuita-nella-plaza-de-las-pasiegas-di-granada\/"]}]},{"@type":"ImageObject","inLanguage":"it-IT","@id":"https:\/\/www.inmsol.com\/it\/blog-it-it\/proiezione-gratuita-nella-plaza-de-las-pasiegas-di-granada\/#primaryimage","url":"https:\/\/www.inmsol.com\/wp-content\/uploads\/2013\/09\/cine-a-cielo-abierto-el-secreto-de-sus-ojos-3-tigre.jpg","contentUrl":"https:\/\/www.inmsol.com\/wp-content\/uploads\/2013\/09\/cine-a-cielo-abierto-el-secreto-de-sus-ojos-3-tigre.jpg","width":1024,"height":683},{"@type":"BreadcrumbList","@id":"https:\/\/www.inmsol.com\/it\/blog-it-it\/proiezione-gratuita-nella-plaza-de-las-pasiegas-di-granada\/#breadcrumb","itemListElement":[{"@type":"ListItem","position":1,"name":"Accredited Center by Instituto Cervantes","item":"https:\/\/www.inmsol.com\/it\/pagina-ejemplo\/"},{"@type":"ListItem","position":2,"name":"Blog","item":"https:\/\/www.inmsol.com\/it\/category\/blog-it-it\/"},{"@type":"ListItem","position":3,"name":"Notizie","item":"https:\/\/www.inmsol.com\/it\/category\/blog-it-it\/notizie-it-it\/"},{"@type":"ListItem","position":4,"name":"Proiezione gratuita nella Plaza de las Pasiegas di Granada"}]},{"@type":"WebSite","@id":"https:\/\/www.inmsol.com\/it\/#website","url":"https:\/\/www.inmsol.com\/it\/","name":"iNMSOL","description":"Impara lo spagnolo con noi - Centro di studio accreditato con l'Istituto Cervantes","publisher":{"@id":"https:\/\/www.inmsol.com\/it\/#organization"},"potentialAction":[{"@type":"SearchAction","target":{"@type":"EntryPoint","urlTemplate":"https:\/\/www.inmsol.com\/it\/?s={search_term_string}"},"query-input":{"@type":"PropertyValueSpecification","valueRequired":true,"valueName":"search_term_string"}}],"inLanguage":"it-IT"},{"@type":"Organization","@id":"https:\/\/www.inmsol.com\/it\/#organization","name":"Instituto Mediterr\u00e1neo Sol","url":"https:\/\/www.inmsol.com\/it\/","logo":{"@type":"ImageObject","inLanguage":"it-IT","@id":"https:\/\/www.inmsol.com\/it\/#\/schema\/logo\/image\/","url":"https:\/\/www.inmsol.com\/wp-content\/uploads\/2023\/06\/logo-inmsol-1.png","contentUrl":"https:\/\/www.inmsol.com\/wp-content\/uploads\/2023\/06\/logo-inmsol-1.png","width":136,"height":73,"caption":"Instituto Mediterr\u00e1neo Sol"},"image":{"@id":"https:\/\/www.inmsol.com\/it\/#\/schema\/logo\/image\/"},"sameAs":["https:\/\/www.facebook.com\/spanishcourses","https:\/\/x.com\/StudyInGranada","http:\/\/instagram.com\/imsolgranada","https:\/\/es.linkedin.com\/company\/imsol-granada","https:\/\/www.pinterest.es\/inmsol\/","https:\/\/www.youtube.com\/channel\/UChz-Qn_7coFMosY85iYMO4g"]},{"@type":"Person","@id":"https:\/\/www.inmsol.com\/it\/#\/schema\/person\/18f18acd0397ef441e373e79ec3eb6ea","name":"Javier Torres","image":{"@type":"ImageObject","inLanguage":"it-IT","@id":"https:\/\/secure.gravatar.com\/avatar\/90afa2d6499550218d247408758082af566e5ec3641e1b8eac0d7bb889344a55?s=96&d=mm&r=g","url":"https:\/\/secure.gravatar.com\/avatar\/90afa2d6499550218d247408758082af566e5ec3641e1b8eac0d7bb889344a55?s=96&d=mm&r=g","contentUrl":"https:\/\/secure.gravatar.com\/avatar\/90afa2d6499550218d247408758082af566e5ec3641e1b8eac0d7bb889344a55?s=96&d=mm&r=g","caption":"Javier Torres"},"url":"https:\/\/www.inmsol.com\/it\/author\/javier\/"}]}},"_links":{"self":[{"href":"https:\/\/www.inmsol.com\/it\/wp-json\/wp\/v2\/posts\/1257","targetHints":{"allow":["GET"]}}],"collection":[{"href":"https:\/\/www.inmsol.com\/it\/wp-json\/wp\/v2\/posts"}],"about":[{"href":"https:\/\/www.inmsol.com\/it\/wp-json\/wp\/v2\/types\/post"}],"author":[{"embeddable":true,"href":"https:\/\/www.inmsol.com\/it\/wp-json\/wp\/v2\/users\/2"}],"replies":[{"embeddable":true,"href":"https:\/\/www.inmsol.com\/it\/wp-json\/wp\/v2\/comments?post=1257"}],"version-history":[{"count":0,"href":"https:\/\/www.inmsol.com\/it\/wp-json\/wp\/v2\/posts\/1257\/revisions"}],"wp:featuredmedia":[{"embeddable":true,"href":"https:\/\/www.inmsol.com\/it\/wp-json\/wp\/v2\/media\/9131"}],"wp:attachment":[{"href":"https:\/\/www.inmsol.com\/it\/wp-json\/wp\/v2\/media?parent=1257"}],"wp:term":[{"taxonomy":"category","embeddable":true,"href":"https:\/\/www.inmsol.com\/it\/wp-json\/wp\/v2\/categories?post=1257"},{"taxonomy":"post_tag","embeddable":true,"href":"https:\/\/www.inmsol.com\/it\/wp-json\/wp\/v2\/tags?post=1257"}],"curies":[{"name":"wp","href":"https:\/\/api.w.org\/{rel}","templated":true}]}}