{"id":1333,"date":"2014-02-19T10:35:33","date_gmt":"2014-02-19T10:35:33","guid":{"rendered":"https:\/\/www.inmsol.com\/"},"modified":"2017-04-12T10:20:12","modified_gmt":"2017-04-12T08:20:12","slug":"cultura-spagnola-recensione-di-carlos-luis-zafon-lombra-del-vento","status":"publish","type":"post","link":"https:\/\/www.inmsol.com\/it\/blog-it-it\/cultura-spagnola-recensione-di-carlos-luis-zafon-lombra-del-vento\/","title":{"rendered":"Cultura Spagnola :Recensione di Carlos Luis Zaf\u00f3n, &#8220;L&#8217;Ombra del Vento&#8221;"},"content":{"rendered":"<div>\n<div style=\"line-height: 21.299999237060547px; color: #444444; font-family: Calibri, sans-serif; font-size: 15px;\">\n<div>\n<div>Oggi parleremo di un autore spagnolo che nell&#8217;ultimo periodo \u00e8 stato considerato come la persona che pi\u00f9 di tutti ha fatto parlare di lui e dei suoi libri. Stiamo parlando di Carlos Luis Zaf\u00f3n , e in particolare della sua opera pi\u00f9 nota e pi\u00f9 eccelsa, cio\u00e8, &#8221; L&#8217;ombra del vento&#8221; .<\/div>\n<div>Per coloro che non ne hanno ancora sentito parlare , cominciamo a dare uno sguardo alla storia:<\/div>\n<div><\/div>\n<div><em>&#8220;All&#8217;alba di un giorno del 1945, un ragazzo \u00e8 accompagnato da suo padre in un luogo nascosto, misterioso nel cuore del centro storico &#8220;Il Cimitero dei Libri Dimenticati&#8221; L\u00ec, Daniel Sempere si imbatte in un libro che cambier\u00e0 il corso della sua vita e sar\u00e0 trascinato in un labirinto di intrighi e oscuri segreti sepolti nell&#8217;anima della citt\u00e0 . &#8220;<\/em><\/div>\n<div><\/div>\n<div><\/div>\n<div><\/div>\n<div>L&#8217;Ombra del Vento \u00e8 un mistero letterario ambientato a Barcellona nella prima met\u00e0 del XX secolo , dai fasti del passato Modernismo alle tenebre della guerra . L&#8217;Ombra del vento mescola tecniche di intrigo , romanzo storico e commedia di costume , ma , soprattutto, una tragedia d&#8217;amore storico il cui eco \u00e8 proiettato nel tempo. Con grande forza narrativa , l&#8217;autore tesse trame e misteri come bambole russe in una storia indimenticabile sui segreti del cuore e il fascino dei libri , tenendoci col fiato sospeso fino all&#8217;ultima pagina .<\/div>\n<div><\/div>\n<div>La narrativa di questo libro \u00e8 una delle migliori dell&#8217;ultimo periodo . Questo libro \u00e8 stato scritto un paio di anni fa , ma sembra quasi come se fosse stato scritto molto tempo fa. Non vi annoierete di questo libro , perch\u00e9 la storia vi travolger\u00e0 completamente .<\/div>\n<div><\/div>\n<div>In questo libro non c&#8217;\u00e8 solo una storia d&#8217;amore , bens\u00ec due storie d&#8217;amore con molte somiglianze (e una di loro \u00e8 parecchi anni prima dell&#8217;altra ) e molte cose che ci fanno sospirare .<\/div>\n<div><\/div>\n<div>La storia ha tutto ,romanticismo , mistero, azione .. \u00e8 difficile anche sapere in che categoria collocarlo. Ma una cosa \u00e8 certa : si tratta di un&#8217; &#8220;insalata&#8221; molto buona.<\/div>\n<\/div>\n<\/div>\n<\/div>\n","protected":false},"excerpt":{"rendered":"<p>Oggi parleremo di un autore spagnolo che nell&#8217;ultimo periodo \u00e8 stato considerato come la persona che pi\u00f9 di tutti ha fatto parlare di lui e dei suoi libri. Stiamo parlando di Carlos Luis Zaf\u00f3n , e in particolare della sua opera pi\u00f9 nota e pi\u00f9&#8230;<\/p>\n","protected":false},"author":2,"featured_media":9040,"comment_status":"closed","ping_status":"closed","sticky":false,"template":"","format":"standard","meta":{"_acf_changed":false,"footnotes":""},"categories":[6,34],"tags":[],"class_list":["post-1333","post","type-post","status-publish","format-standard","has-post-thumbnail","hentry","category-blog-it-it","category-cultura-letteratura-storia-spagna"],"acf":[],"yoast_head":"<!-- This site is optimized with the Yoast SEO plugin v27.5 - https:\/\/yoast.com\/product\/yoast-seo-wordpress\/ -->\n<title>Cultura Spagnola :Recensione di Carlos Luis Zaf\u00f3n, &quot;L&#039;Ombra del Vento&quot; | libro, recensione, zafon, thriller | INMSOL<\/title>\n<meta name=\"description\" content=\"Uno sguardo alla pi\u00f9 importante opera dell&#039;autore pi\u00f9 discusso degli ultimi anni. Una storia avvincente, non puoi fare a meno di leggerla.\" \/>\n<meta name=\"robots\" content=\"index, follow, max-snippet:-1, max-image-preview:large, max-video-preview:-1\" \/>\n<link rel=\"canonical\" href=\"https:\/\/www.inmsol.com\/it\/blog-it-it\/cultura-spagnola-recensione-di-carlos-luis-zafon-lombra-del-vento\/\" \/>\n<meta property=\"og:locale\" content=\"it_IT\" \/>\n<meta property=\"og:type\" content=\"article\" \/>\n<meta property=\"og:title\" content=\"Cultura Spagnola :Recensione di Carlos Luis Zaf\u00f3n, &quot;L&#039;Ombra del Vento&quot; | libro, recensione, zafon, thriller | INMSOL\" \/>\n<meta property=\"og:description\" content=\"Uno sguardo alla pi\u00f9 importante opera dell&#039;autore pi\u00f9 discusso degli ultimi anni. Una storia avvincente, non puoi fare a meno di leggerla.\" \/>\n<meta property=\"og:url\" content=\"https:\/\/www.inmsol.com\/it\/blog-it-it\/cultura-spagnola-recensione-di-carlos-luis-zafon-lombra-del-vento\/\" \/>\n<meta property=\"og:site_name\" content=\"iNMSOL\" \/>\n<meta property=\"article:publisher\" content=\"https:\/\/www.facebook.com\/spanishcourses\" \/>\n<meta property=\"article:published_time\" content=\"2014-02-19T10:35:33+00:00\" \/>\n<meta property=\"article:modified_time\" content=\"2017-04-12T08:20:12+00:00\" \/>\n<meta property=\"og:image\" content=\"https:\/\/www.inmsol.com\/wp-content\/uploads\/2014\/02\/la-sombra-del-viento-ebook-9788408095590.jpg\" \/>\n\t<meta property=\"og:image:width\" content=\"685\" \/>\n\t<meta property=\"og:image:height\" content=\"1024\" \/>\n\t<meta property=\"og:image:type\" content=\"image\/jpeg\" \/>\n<meta name=\"author\" content=\"Javier Torres\" \/>\n<meta name=\"twitter:label1\" content=\"Scritto da\" \/>\n\t<meta name=\"twitter:data1\" content=\"Javier Torres\" \/>\n\t<meta name=\"twitter:label2\" content=\"Tempo di lettura stimato\" \/>\n\t<meta name=\"twitter:data2\" content=\"2 minuti\" \/>\n<script type=\"application\/ld+json\" class=\"yoast-schema-graph\">{\"@context\":\"https:\\\/\\\/schema.org\",\"@graph\":[{\"@type\":\"Article\",\"@id\":\"https:\\\/\\\/www.inmsol.com\\\/it\\\/blog-it-it\\\/cultura-spagnola-recensione-di-carlos-luis-zafon-lombra-del-vento\\\/#article\",\"isPartOf\":{\"@id\":\"https:\\\/\\\/www.inmsol.com\\\/it\\\/blog-it-it\\\/cultura-spagnola-recensione-di-carlos-luis-zafon-lombra-del-vento\\\/\"},\"author\":{\"name\":\"Javier Torres\",\"@id\":\"https:\\\/\\\/www.inmsol.com\\\/it\\\/#\\\/schema\\\/person\\\/18f18acd0397ef441e373e79ec3eb6ea\"},\"headline\":\"Cultura Spagnola :Recensione di Carlos Luis Zaf\u00f3n, &#8220;L&#8217;Ombra del Vento&#8221;\",\"datePublished\":\"2014-02-19T10:35:33+00:00\",\"dateModified\":\"2017-04-12T08:20:12+00:00\",\"mainEntityOfPage\":{\"@id\":\"https:\\\/\\\/www.inmsol.com\\\/it\\\/blog-it-it\\\/cultura-spagnola-recensione-di-carlos-luis-zafon-lombra-del-vento\\\/\"},\"wordCount\":325,\"publisher\":{\"@id\":\"https:\\\/\\\/www.inmsol.com\\\/it\\\/#organization\"},\"image\":{\"@id\":\"https:\\\/\\\/www.inmsol.com\\\/it\\\/blog-it-it\\\/cultura-spagnola-recensione-di-carlos-luis-zafon-lombra-del-vento\\\/#primaryimage\"},\"thumbnailUrl\":\"https:\\\/\\\/www.inmsol.com\\\/wp-content\\\/uploads\\\/2014\\\/02\\\/la-sombra-del-viento-ebook-9788408095590.jpg\",\"articleSection\":[\"Blog\",\"Cultura, Letteratura e Storia della Spagna e Latinoamerica\"],\"inLanguage\":\"it-IT\"},{\"@type\":\"WebPage\",\"@id\":\"https:\\\/\\\/www.inmsol.com\\\/it\\\/blog-it-it\\\/cultura-spagnola-recensione-di-carlos-luis-zafon-lombra-del-vento\\\/\",\"url\":\"https:\\\/\\\/www.inmsol.com\\\/it\\\/blog-it-it\\\/cultura-spagnola-recensione-di-carlos-luis-zafon-lombra-del-vento\\\/\",\"name\":\"Cultura Spagnola :Recensione di Carlos Luis Zaf\u00f3n, \\\"L'Ombra del Vento\\\" | libro, recensione, zafon, thriller | INMSOL\",\"isPartOf\":{\"@id\":\"https:\\\/\\\/www.inmsol.com\\\/it\\\/#website\"},\"primaryImageOfPage\":{\"@id\":\"https:\\\/\\\/www.inmsol.com\\\/it\\\/blog-it-it\\\/cultura-spagnola-recensione-di-carlos-luis-zafon-lombra-del-vento\\\/#primaryimage\"},\"image\":{\"@id\":\"https:\\\/\\\/www.inmsol.com\\\/it\\\/blog-it-it\\\/cultura-spagnola-recensione-di-carlos-luis-zafon-lombra-del-vento\\\/#primaryimage\"},\"thumbnailUrl\":\"https:\\\/\\\/www.inmsol.com\\\/wp-content\\\/uploads\\\/2014\\\/02\\\/la-sombra-del-viento-ebook-9788408095590.jpg\",\"datePublished\":\"2014-02-19T10:35:33+00:00\",\"dateModified\":\"2017-04-12T08:20:12+00:00\",\"description\":\"Uno sguardo alla pi\u00f9 importante opera dell'autore pi\u00f9 discusso degli ultimi anni. Una storia avvincente, non puoi fare a meno di leggerla.\",\"breadcrumb\":{\"@id\":\"https:\\\/\\\/www.inmsol.com\\\/it\\\/blog-it-it\\\/cultura-spagnola-recensione-di-carlos-luis-zafon-lombra-del-vento\\\/#breadcrumb\"},\"inLanguage\":\"it-IT\",\"potentialAction\":[{\"@type\":\"ReadAction\",\"target\":[\"https:\\\/\\\/www.inmsol.com\\\/it\\\/blog-it-it\\\/cultura-spagnola-recensione-di-carlos-luis-zafon-lombra-del-vento\\\/\"]}]},{\"@type\":\"ImageObject\",\"inLanguage\":\"it-IT\",\"@id\":\"https:\\\/\\\/www.inmsol.com\\\/it\\\/blog-it-it\\\/cultura-spagnola-recensione-di-carlos-luis-zafon-lombra-del-vento\\\/#primaryimage\",\"url\":\"https:\\\/\\\/www.inmsol.com\\\/wp-content\\\/uploads\\\/2014\\\/02\\\/la-sombra-del-viento-ebook-9788408095590.jpg\",\"contentUrl\":\"https:\\\/\\\/www.inmsol.com\\\/wp-content\\\/uploads\\\/2014\\\/02\\\/la-sombra-del-viento-ebook-9788408095590.jpg\",\"width\":685,\"height\":1024},{\"@type\":\"BreadcrumbList\",\"@id\":\"https:\\\/\\\/www.inmsol.com\\\/it\\\/blog-it-it\\\/cultura-spagnola-recensione-di-carlos-luis-zafon-lombra-del-vento\\\/#breadcrumb\",\"itemListElement\":[{\"@type\":\"ListItem\",\"position\":1,\"name\":\"Accredited Center by Instituto Cervantes\",\"item\":\"https:\\\/\\\/www.inmsol.com\\\/it\\\/pagina-ejemplo\\\/\"},{\"@type\":\"ListItem\",\"position\":2,\"name\":\"Blog\",\"item\":\"https:\\\/\\\/www.inmsol.com\\\/it\\\/category\\\/blog-it-it\\\/\"},{\"@type\":\"ListItem\",\"position\":3,\"name\":\"Cultura, Letteratura e Storia della Spagna e Latinoamerica\",\"item\":\"https:\\\/\\\/www.inmsol.com\\\/it\\\/category\\\/blog-it-it\\\/cultura-letteratura-storia-spagna\\\/\"},{\"@type\":\"ListItem\",\"position\":4,\"name\":\"Cultura Spagnola :Recensione di Carlos Luis Zaf\u00f3n, &#8220;L&#8217;Ombra del Vento&#8221;\"}]},{\"@type\":\"WebSite\",\"@id\":\"https:\\\/\\\/www.inmsol.com\\\/it\\\/#website\",\"url\":\"https:\\\/\\\/www.inmsol.com\\\/it\\\/\",\"name\":\"iNMSOL\",\"description\":\"Impara lo spagnolo con noi - Centro di studio accreditato con l'Istituto Cervantes\",\"publisher\":{\"@id\":\"https:\\\/\\\/www.inmsol.com\\\/it\\\/#organization\"},\"potentialAction\":[{\"@type\":\"SearchAction\",\"target\":{\"@type\":\"EntryPoint\",\"urlTemplate\":\"https:\\\/\\\/www.inmsol.com\\\/it\\\/?s={search_term_string}\"},\"query-input\":{\"@type\":\"PropertyValueSpecification\",\"valueRequired\":true,\"valueName\":\"search_term_string\"}}],\"inLanguage\":\"it-IT\"},{\"@type\":\"Organization\",\"@id\":\"https:\\\/\\\/www.inmsol.com\\\/it\\\/#organization\",\"name\":\"Instituto Mediterr\u00e1neo Sol\",\"url\":\"https:\\\/\\\/www.inmsol.com\\\/it\\\/\",\"logo\":{\"@type\":\"ImageObject\",\"inLanguage\":\"it-IT\",\"@id\":\"https:\\\/\\\/www.inmsol.com\\\/it\\\/#\\\/schema\\\/logo\\\/image\\\/\",\"url\":\"https:\\\/\\\/www.inmsol.com\\\/wp-content\\\/uploads\\\/2023\\\/06\\\/logo-inmsol-1.png\",\"contentUrl\":\"https:\\\/\\\/www.inmsol.com\\\/wp-content\\\/uploads\\\/2023\\\/06\\\/logo-inmsol-1.png\",\"width\":136,\"height\":73,\"caption\":\"Instituto Mediterr\u00e1neo Sol\"},\"image\":{\"@id\":\"https:\\\/\\\/www.inmsol.com\\\/it\\\/#\\\/schema\\\/logo\\\/image\\\/\"},\"sameAs\":[\"https:\\\/\\\/www.facebook.com\\\/spanishcourses\",\"https:\\\/\\\/x.com\\\/StudyInGranada\",\"http:\\\/\\\/instagram.com\\\/imsolgranada\",\"https:\\\/\\\/es.linkedin.com\\\/company\\\/imsol-granada\",\"https:\\\/\\\/www.pinterest.es\\\/inmsol\\\/\",\"https:\\\/\\\/www.youtube.com\\\/channel\\\/UChz-Qn_7coFMosY85iYMO4g\"]},{\"@type\":\"Person\",\"@id\":\"https:\\\/\\\/www.inmsol.com\\\/it\\\/#\\\/schema\\\/person\\\/18f18acd0397ef441e373e79ec3eb6ea\",\"name\":\"Javier Torres\",\"image\":{\"@type\":\"ImageObject\",\"inLanguage\":\"it-IT\",\"@id\":\"https:\\\/\\\/secure.gravatar.com\\\/avatar\\\/90afa2d6499550218d247408758082af566e5ec3641e1b8eac0d7bb889344a55?s=96&d=mm&r=g\",\"url\":\"https:\\\/\\\/secure.gravatar.com\\\/avatar\\\/90afa2d6499550218d247408758082af566e5ec3641e1b8eac0d7bb889344a55?s=96&d=mm&r=g\",\"contentUrl\":\"https:\\\/\\\/secure.gravatar.com\\\/avatar\\\/90afa2d6499550218d247408758082af566e5ec3641e1b8eac0d7bb889344a55?s=96&d=mm&r=g\",\"caption\":\"Javier Torres\"},\"url\":\"https:\\\/\\\/www.inmsol.com\\\/it\\\/author\\\/javier\\\/\"}]}<\/script>\n<!-- \/ Yoast SEO plugin. -->","yoast_head_json":{"title":"Cultura Spagnola :Recensione di Carlos Luis Zaf\u00f3n, \"L'Ombra del Vento\" | libro, recensione, zafon, thriller | INMSOL","description":"Uno sguardo alla pi\u00f9 importante opera dell'autore pi\u00f9 discusso degli ultimi anni. Una storia avvincente, non puoi fare a meno di leggerla.","robots":{"index":"index","follow":"follow","max-snippet":"max-snippet:-1","max-image-preview":"max-image-preview:large","max-video-preview":"max-video-preview:-1"},"canonical":"https:\/\/www.inmsol.com\/it\/blog-it-it\/cultura-spagnola-recensione-di-carlos-luis-zafon-lombra-del-vento\/","og_locale":"it_IT","og_type":"article","og_title":"Cultura Spagnola :Recensione di Carlos Luis Zaf\u00f3n, \"L'Ombra del Vento\" | libro, recensione, zafon, thriller | INMSOL","og_description":"Uno sguardo alla pi\u00f9 importante opera dell'autore pi\u00f9 discusso degli ultimi anni. Una storia avvincente, non puoi fare a meno di leggerla.","og_url":"https:\/\/www.inmsol.com\/it\/blog-it-it\/cultura-spagnola-recensione-di-carlos-luis-zafon-lombra-del-vento\/","og_site_name":"iNMSOL","article_publisher":"https:\/\/www.facebook.com\/spanishcourses","article_published_time":"2014-02-19T10:35:33+00:00","article_modified_time":"2017-04-12T08:20:12+00:00","og_image":[{"width":685,"height":1024,"url":"https:\/\/www.inmsol.com\/wp-content\/uploads\/2014\/02\/la-sombra-del-viento-ebook-9788408095590.jpg","type":"image\/jpeg"}],"author":"Javier Torres","twitter_misc":{"Scritto da":"Javier Torres","Tempo di lettura stimato":"2 minuti"},"schema":{"@context":"https:\/\/schema.org","@graph":[{"@type":"Article","@id":"https:\/\/www.inmsol.com\/it\/blog-it-it\/cultura-spagnola-recensione-di-carlos-luis-zafon-lombra-del-vento\/#article","isPartOf":{"@id":"https:\/\/www.inmsol.com\/it\/blog-it-it\/cultura-spagnola-recensione-di-carlos-luis-zafon-lombra-del-vento\/"},"author":{"name":"Javier Torres","@id":"https:\/\/www.inmsol.com\/it\/#\/schema\/person\/18f18acd0397ef441e373e79ec3eb6ea"},"headline":"Cultura Spagnola :Recensione di Carlos Luis Zaf\u00f3n, &#8220;L&#8217;Ombra del Vento&#8221;","datePublished":"2014-02-19T10:35:33+00:00","dateModified":"2017-04-12T08:20:12+00:00","mainEntityOfPage":{"@id":"https:\/\/www.inmsol.com\/it\/blog-it-it\/cultura-spagnola-recensione-di-carlos-luis-zafon-lombra-del-vento\/"},"wordCount":325,"publisher":{"@id":"https:\/\/www.inmsol.com\/it\/#organization"},"image":{"@id":"https:\/\/www.inmsol.com\/it\/blog-it-it\/cultura-spagnola-recensione-di-carlos-luis-zafon-lombra-del-vento\/#primaryimage"},"thumbnailUrl":"https:\/\/www.inmsol.com\/wp-content\/uploads\/2014\/02\/la-sombra-del-viento-ebook-9788408095590.jpg","articleSection":["Blog","Cultura, Letteratura e Storia della Spagna e Latinoamerica"],"inLanguage":"it-IT"},{"@type":"WebPage","@id":"https:\/\/www.inmsol.com\/it\/blog-it-it\/cultura-spagnola-recensione-di-carlos-luis-zafon-lombra-del-vento\/","url":"https:\/\/www.inmsol.com\/it\/blog-it-it\/cultura-spagnola-recensione-di-carlos-luis-zafon-lombra-del-vento\/","name":"Cultura Spagnola :Recensione di Carlos Luis Zaf\u00f3n, \"L'Ombra del Vento\" | libro, recensione, zafon, thriller | INMSOL","isPartOf":{"@id":"https:\/\/www.inmsol.com\/it\/#website"},"primaryImageOfPage":{"@id":"https:\/\/www.inmsol.com\/it\/blog-it-it\/cultura-spagnola-recensione-di-carlos-luis-zafon-lombra-del-vento\/#primaryimage"},"image":{"@id":"https:\/\/www.inmsol.com\/it\/blog-it-it\/cultura-spagnola-recensione-di-carlos-luis-zafon-lombra-del-vento\/#primaryimage"},"thumbnailUrl":"https:\/\/www.inmsol.com\/wp-content\/uploads\/2014\/02\/la-sombra-del-viento-ebook-9788408095590.jpg","datePublished":"2014-02-19T10:35:33+00:00","dateModified":"2017-04-12T08:20:12+00:00","description":"Uno sguardo alla pi\u00f9 importante opera dell'autore pi\u00f9 discusso degli ultimi anni. Una storia avvincente, non puoi fare a meno di leggerla.","breadcrumb":{"@id":"https:\/\/www.inmsol.com\/it\/blog-it-it\/cultura-spagnola-recensione-di-carlos-luis-zafon-lombra-del-vento\/#breadcrumb"},"inLanguage":"it-IT","potentialAction":[{"@type":"ReadAction","target":["https:\/\/www.inmsol.com\/it\/blog-it-it\/cultura-spagnola-recensione-di-carlos-luis-zafon-lombra-del-vento\/"]}]},{"@type":"ImageObject","inLanguage":"it-IT","@id":"https:\/\/www.inmsol.com\/it\/blog-it-it\/cultura-spagnola-recensione-di-carlos-luis-zafon-lombra-del-vento\/#primaryimage","url":"https:\/\/www.inmsol.com\/wp-content\/uploads\/2014\/02\/la-sombra-del-viento-ebook-9788408095590.jpg","contentUrl":"https:\/\/www.inmsol.com\/wp-content\/uploads\/2014\/02\/la-sombra-del-viento-ebook-9788408095590.jpg","width":685,"height":1024},{"@type":"BreadcrumbList","@id":"https:\/\/www.inmsol.com\/it\/blog-it-it\/cultura-spagnola-recensione-di-carlos-luis-zafon-lombra-del-vento\/#breadcrumb","itemListElement":[{"@type":"ListItem","position":1,"name":"Accredited Center by Instituto Cervantes","item":"https:\/\/www.inmsol.com\/it\/pagina-ejemplo\/"},{"@type":"ListItem","position":2,"name":"Blog","item":"https:\/\/www.inmsol.com\/it\/category\/blog-it-it\/"},{"@type":"ListItem","position":3,"name":"Cultura, Letteratura e Storia della Spagna e Latinoamerica","item":"https:\/\/www.inmsol.com\/it\/category\/blog-it-it\/cultura-letteratura-storia-spagna\/"},{"@type":"ListItem","position":4,"name":"Cultura Spagnola :Recensione di Carlos Luis Zaf\u00f3n, &#8220;L&#8217;Ombra del Vento&#8221;"}]},{"@type":"WebSite","@id":"https:\/\/www.inmsol.com\/it\/#website","url":"https:\/\/www.inmsol.com\/it\/","name":"iNMSOL","description":"Impara lo spagnolo con noi - Centro di studio accreditato con l'Istituto Cervantes","publisher":{"@id":"https:\/\/www.inmsol.com\/it\/#organization"},"potentialAction":[{"@type":"SearchAction","target":{"@type":"EntryPoint","urlTemplate":"https:\/\/www.inmsol.com\/it\/?s={search_term_string}"},"query-input":{"@type":"PropertyValueSpecification","valueRequired":true,"valueName":"search_term_string"}}],"inLanguage":"it-IT"},{"@type":"Organization","@id":"https:\/\/www.inmsol.com\/it\/#organization","name":"Instituto Mediterr\u00e1neo Sol","url":"https:\/\/www.inmsol.com\/it\/","logo":{"@type":"ImageObject","inLanguage":"it-IT","@id":"https:\/\/www.inmsol.com\/it\/#\/schema\/logo\/image\/","url":"https:\/\/www.inmsol.com\/wp-content\/uploads\/2023\/06\/logo-inmsol-1.png","contentUrl":"https:\/\/www.inmsol.com\/wp-content\/uploads\/2023\/06\/logo-inmsol-1.png","width":136,"height":73,"caption":"Instituto Mediterr\u00e1neo Sol"},"image":{"@id":"https:\/\/www.inmsol.com\/it\/#\/schema\/logo\/image\/"},"sameAs":["https:\/\/www.facebook.com\/spanishcourses","https:\/\/x.com\/StudyInGranada","http:\/\/instagram.com\/imsolgranada","https:\/\/es.linkedin.com\/company\/imsol-granada","https:\/\/www.pinterest.es\/inmsol\/","https:\/\/www.youtube.com\/channel\/UChz-Qn_7coFMosY85iYMO4g"]},{"@type":"Person","@id":"https:\/\/www.inmsol.com\/it\/#\/schema\/person\/18f18acd0397ef441e373e79ec3eb6ea","name":"Javier Torres","image":{"@type":"ImageObject","inLanguage":"it-IT","@id":"https:\/\/secure.gravatar.com\/avatar\/90afa2d6499550218d247408758082af566e5ec3641e1b8eac0d7bb889344a55?s=96&d=mm&r=g","url":"https:\/\/secure.gravatar.com\/avatar\/90afa2d6499550218d247408758082af566e5ec3641e1b8eac0d7bb889344a55?s=96&d=mm&r=g","contentUrl":"https:\/\/secure.gravatar.com\/avatar\/90afa2d6499550218d247408758082af566e5ec3641e1b8eac0d7bb889344a55?s=96&d=mm&r=g","caption":"Javier Torres"},"url":"https:\/\/www.inmsol.com\/it\/author\/javier\/"}]}},"_links":{"self":[{"href":"https:\/\/www.inmsol.com\/it\/wp-json\/wp\/v2\/posts\/1333","targetHints":{"allow":["GET"]}}],"collection":[{"href":"https:\/\/www.inmsol.com\/it\/wp-json\/wp\/v2\/posts"}],"about":[{"href":"https:\/\/www.inmsol.com\/it\/wp-json\/wp\/v2\/types\/post"}],"author":[{"embeddable":true,"href":"https:\/\/www.inmsol.com\/it\/wp-json\/wp\/v2\/users\/2"}],"replies":[{"embeddable":true,"href":"https:\/\/www.inmsol.com\/it\/wp-json\/wp\/v2\/comments?post=1333"}],"version-history":[{"count":0,"href":"https:\/\/www.inmsol.com\/it\/wp-json\/wp\/v2\/posts\/1333\/revisions"}],"wp:featuredmedia":[{"embeddable":true,"href":"https:\/\/www.inmsol.com\/it\/wp-json\/wp\/v2\/media\/9040"}],"wp:attachment":[{"href":"https:\/\/www.inmsol.com\/it\/wp-json\/wp\/v2\/media?parent=1333"}],"wp:term":[{"taxonomy":"category","embeddable":true,"href":"https:\/\/www.inmsol.com\/it\/wp-json\/wp\/v2\/categories?post=1333"},{"taxonomy":"post_tag","embeddable":true,"href":"https:\/\/www.inmsol.com\/it\/wp-json\/wp\/v2\/tags?post=1333"}],"curies":[{"name":"wp","href":"https:\/\/api.w.org\/{rel}","templated":true}]}}