{"id":1396,"date":"2014-04-21T12:21:58","date_gmt":"2014-04-21T12:21:58","guid":{"rendered":"https:\/\/www.inmsol.com\/"},"modified":"2017-04-12T09:26:03","modified_gmt":"2017-04-12T07:26:03","slug":"lmorte-gabriel-garcia-marquez","status":"publish","type":"post","link":"https:\/\/www.inmsol.com\/it\/blog-it-it\/lmorte-gabriel-garcia-marquez\/","title":{"rendered":"La morte dello scrittore Gabriel Garc\u00eda M\u00e1rquez : lutto nel mondo della letteratura"},"content":{"rendered":"<div>Come probabilmente tutti gi\u00e0 sapranno ,<strong> Giovedi 17 aprile<\/strong> il mondo della letteratura \u00e8 andato in lutto per la morte del grande scrittore colombiano<strong> Gabriel Garc\u00eda M\u00e1rquez<\/strong> .<\/div>\n<div>Con la sua morte il mondo dice addio al<strong> Premio Nobel per la letteratura nel 1982.<\/strong><\/div>\n<div><\/div>\n<div>Lo scrittore \u00e8 morto all&#8217;et\u00e0 di <strong>87 anni<\/strong> nella sua casa di <strong>Citt\u00e0 del Messico<\/strong> e questo <strong>Lunedi a partire dalle ore 16:00<\/strong> , ricever\u00e0 un omaggio nazionale al <strong>Palazzo delle Belle Arti . <\/strong>La sua morte \u00e8 avvenuta, dopo essere stato ricoverato otto giorni presso <strong>l&#8217;Istituto Nazionale di Scienze Mediche e della Nutrizione Salvador Zubir\u00e1n<\/strong> e dopo dieci giorni di convalescenza nella sua casa di <strong>Pedregal de San Angel .<\/strong><\/div>\n<div><\/div>\n<div>La notizia della morte dell&#8217;autore di <em>Cent&#8217;anni di solitudine<\/em> , ha scioccato il mondo letterario quando <strong>Fernanda Familiar <\/strong>, giornalista multimediale di immagini , ha scritto sul suo account Twitter :<\/div>\n<div><\/div>\n<div><em>&#8220;Il cuore di Gabriel Garc\u00eda M\u00e1rquez ha smesso di battere . Gabriel Garc\u00eda M\u00e1rquez \u00e8 morto. Mercedes ed i suoi figli , Rodrigo e Gonzalo , mi hanno autorizzato a dare informazioni . Che tristezza cos\u00ec profonda &#8230; &#8220;<\/em><\/div>\n<div><\/div>\n<div>Da quel momento , decine di rappresentanti provenienti da media nazionali e internazionali hanno a poco a poco raggiunto la casa del romanziere e scrittore di racconti , unendosi a chi gi\u00e0 faceva la guardia l\u00ec negli ultimi giorni .<\/div>\n","protected":false},"excerpt":{"rendered":"<p>Come probabilmente tutti gi\u00e0 sapranno , Giovedi 17 aprile il mondo della letteratura \u00e8 andato in lutto per la morte del grande scrittore colombiano Gabriel Garc\u00eda M\u00e1rquez . Con la sua morte il mondo dice addio al Premio Nobel per la letteratura nel 1982. Lo&#8230;<\/p>\n","protected":false},"author":2,"featured_media":2895,"comment_status":"closed","ping_status":"closed","sticky":false,"template":"","format":"standard","meta":{"_acf_changed":false,"footnotes":""},"categories":[6,17],"tags":[],"class_list":["post-1396","post","type-post","status-publish","format-standard","has-post-thumbnail","hentry","category-blog-it-it","category-notizie-it-it"],"acf":[],"yoast_head":"<!-- This site is optimized with the Yoast SEO plugin v27.5 - https:\/\/yoast.com\/product\/yoast-seo-wordpress\/ -->\n<title>La morte dello scrittore Gabriel Garc\u00eda M\u00e1rquez | Lutto<\/title>\n<meta name=\"description\" content=\"Uno degli scrittori pi\u00f9 importanti della nostra epoca, \u00e8 morto. Un lutto per tutti. Ci stiamo riferendo a Gabriel Garc\u00eda M\u00e1rquez.\" \/>\n<meta name=\"robots\" content=\"index, follow, max-snippet:-1, max-image-preview:large, max-video-preview:-1\" \/>\n<link rel=\"canonical\" href=\"https:\/\/www.inmsol.com\/it\/blog-it-it\/lmorte-gabriel-garcia-marquez\/\" \/>\n<meta property=\"og:locale\" content=\"it_IT\" \/>\n<meta property=\"og:type\" content=\"article\" \/>\n<meta property=\"og:title\" content=\"La morte dello scrittore Gabriel Garc\u00eda M\u00e1rquez | Lutto\" \/>\n<meta property=\"og:description\" content=\"Uno degli scrittori pi\u00f9 importanti della nostra epoca, \u00e8 morto. Un lutto per tutti. Ci stiamo riferendo a Gabriel Garc\u00eda M\u00e1rquez.\" \/>\n<meta property=\"og:url\" content=\"https:\/\/www.inmsol.com\/it\/blog-it-it\/lmorte-gabriel-garcia-marquez\/\" \/>\n<meta property=\"og:site_name\" content=\"iNMSOL\" \/>\n<meta property=\"article:publisher\" content=\"https:\/\/www.facebook.com\/spanishcourses\" \/>\n<meta property=\"article:published_time\" content=\"2014-04-21T12:21:58+00:00\" \/>\n<meta property=\"article:modified_time\" content=\"2017-04-12T07:26:03+00:00\" \/>\n<meta property=\"og:image\" content=\"https:\/\/www.inmsol.com\/wp-content\/uploads\/2014\/04\/gabo.jpg\" \/>\n\t<meta property=\"og:image:width\" content=\"1104\" \/>\n\t<meta property=\"og:image:height\" content=\"853\" \/>\n\t<meta property=\"og:image:type\" content=\"image\/jpeg\" \/>\n<meta name=\"author\" content=\"Javier Torres\" \/>\n<meta name=\"twitter:label1\" content=\"Scritto da\" \/>\n\t<meta name=\"twitter:data1\" content=\"Javier Torres\" \/>\n\t<meta name=\"twitter:label2\" content=\"Tempo di lettura stimato\" \/>\n\t<meta name=\"twitter:data2\" content=\"1 minuto\" \/>\n<script type=\"application\/ld+json\" class=\"yoast-schema-graph\">{\"@context\":\"https:\\\/\\\/schema.org\",\"@graph\":[{\"@type\":\"Article\",\"@id\":\"https:\\\/\\\/www.inmsol.com\\\/it\\\/blog-it-it\\\/lmorte-gabriel-garcia-marquez\\\/#article\",\"isPartOf\":{\"@id\":\"https:\\\/\\\/www.inmsol.com\\\/it\\\/blog-it-it\\\/lmorte-gabriel-garcia-marquez\\\/\"},\"author\":{\"name\":\"Javier Torres\",\"@id\":\"https:\\\/\\\/www.inmsol.com\\\/it\\\/#\\\/schema\\\/person\\\/18f18acd0397ef441e373e79ec3eb6ea\"},\"headline\":\"La morte dello scrittore Gabriel Garc\u00eda M\u00e1rquez : lutto nel mondo della letteratura\",\"datePublished\":\"2014-04-21T12:21:58+00:00\",\"dateModified\":\"2017-04-12T07:26:03+00:00\",\"mainEntityOfPage\":{\"@id\":\"https:\\\/\\\/www.inmsol.com\\\/it\\\/blog-it-it\\\/lmorte-gabriel-garcia-marquez\\\/\"},\"wordCount\":224,\"publisher\":{\"@id\":\"https:\\\/\\\/www.inmsol.com\\\/it\\\/#organization\"},\"image\":{\"@id\":\"https:\\\/\\\/www.inmsol.com\\\/it\\\/blog-it-it\\\/lmorte-gabriel-garcia-marquez\\\/#primaryimage\"},\"thumbnailUrl\":\"https:\\\/\\\/www.inmsol.com\\\/wp-content\\\/uploads\\\/2014\\\/04\\\/gabo.jpg\",\"articleSection\":[\"Blog\",\"Notizie\"],\"inLanguage\":\"it-IT\"},{\"@type\":\"WebPage\",\"@id\":\"https:\\\/\\\/www.inmsol.com\\\/it\\\/blog-it-it\\\/lmorte-gabriel-garcia-marquez\\\/\",\"url\":\"https:\\\/\\\/www.inmsol.com\\\/it\\\/blog-it-it\\\/lmorte-gabriel-garcia-marquez\\\/\",\"name\":\"La morte dello scrittore Gabriel Garc\u00eda M\u00e1rquez | Lutto\",\"isPartOf\":{\"@id\":\"https:\\\/\\\/www.inmsol.com\\\/it\\\/#website\"},\"primaryImageOfPage\":{\"@id\":\"https:\\\/\\\/www.inmsol.com\\\/it\\\/blog-it-it\\\/lmorte-gabriel-garcia-marquez\\\/#primaryimage\"},\"image\":{\"@id\":\"https:\\\/\\\/www.inmsol.com\\\/it\\\/blog-it-it\\\/lmorte-gabriel-garcia-marquez\\\/#primaryimage\"},\"thumbnailUrl\":\"https:\\\/\\\/www.inmsol.com\\\/wp-content\\\/uploads\\\/2014\\\/04\\\/gabo.jpg\",\"datePublished\":\"2014-04-21T12:21:58+00:00\",\"dateModified\":\"2017-04-12T07:26:03+00:00\",\"description\":\"Uno degli scrittori pi\u00f9 importanti della nostra epoca, \u00e8 morto. Un lutto per tutti. Ci stiamo riferendo a Gabriel Garc\u00eda M\u00e1rquez.\",\"breadcrumb\":{\"@id\":\"https:\\\/\\\/www.inmsol.com\\\/it\\\/blog-it-it\\\/lmorte-gabriel-garcia-marquez\\\/#breadcrumb\"},\"inLanguage\":\"it-IT\",\"potentialAction\":[{\"@type\":\"ReadAction\",\"target\":[\"https:\\\/\\\/www.inmsol.com\\\/it\\\/blog-it-it\\\/lmorte-gabriel-garcia-marquez\\\/\"]}]},{\"@type\":\"ImageObject\",\"inLanguage\":\"it-IT\",\"@id\":\"https:\\\/\\\/www.inmsol.com\\\/it\\\/blog-it-it\\\/lmorte-gabriel-garcia-marquez\\\/#primaryimage\",\"url\":\"https:\\\/\\\/www.inmsol.com\\\/wp-content\\\/uploads\\\/2014\\\/04\\\/gabo.jpg\",\"contentUrl\":\"https:\\\/\\\/www.inmsol.com\\\/wp-content\\\/uploads\\\/2014\\\/04\\\/gabo.jpg\",\"width\":1104,\"height\":853},{\"@type\":\"BreadcrumbList\",\"@id\":\"https:\\\/\\\/www.inmsol.com\\\/it\\\/blog-it-it\\\/lmorte-gabriel-garcia-marquez\\\/#breadcrumb\",\"itemListElement\":[{\"@type\":\"ListItem\",\"position\":1,\"name\":\"Accredited Center by Instituto Cervantes\",\"item\":\"https:\\\/\\\/www.inmsol.com\\\/it\\\/pagina-ejemplo\\\/\"},{\"@type\":\"ListItem\",\"position\":2,\"name\":\"Blog\",\"item\":\"https:\\\/\\\/www.inmsol.com\\\/it\\\/category\\\/blog-it-it\\\/\"},{\"@type\":\"ListItem\",\"position\":3,\"name\":\"Notizie\",\"item\":\"https:\\\/\\\/www.inmsol.com\\\/it\\\/category\\\/blog-it-it\\\/notizie-it-it\\\/\"},{\"@type\":\"ListItem\",\"position\":4,\"name\":\"La morte dello scrittore Gabriel Garc\u00eda M\u00e1rquez : lutto nel mondo della letteratura\"}]},{\"@type\":\"WebSite\",\"@id\":\"https:\\\/\\\/www.inmsol.com\\\/it\\\/#website\",\"url\":\"https:\\\/\\\/www.inmsol.com\\\/it\\\/\",\"name\":\"iNMSOL\",\"description\":\"Impara lo spagnolo con noi - Centro di studio accreditato con l'Istituto Cervantes\",\"publisher\":{\"@id\":\"https:\\\/\\\/www.inmsol.com\\\/it\\\/#organization\"},\"potentialAction\":[{\"@type\":\"SearchAction\",\"target\":{\"@type\":\"EntryPoint\",\"urlTemplate\":\"https:\\\/\\\/www.inmsol.com\\\/it\\\/?s={search_term_string}\"},\"query-input\":{\"@type\":\"PropertyValueSpecification\",\"valueRequired\":true,\"valueName\":\"search_term_string\"}}],\"inLanguage\":\"it-IT\"},{\"@type\":\"Organization\",\"@id\":\"https:\\\/\\\/www.inmsol.com\\\/it\\\/#organization\",\"name\":\"Instituto Mediterr\u00e1neo Sol\",\"url\":\"https:\\\/\\\/www.inmsol.com\\\/it\\\/\",\"logo\":{\"@type\":\"ImageObject\",\"inLanguage\":\"it-IT\",\"@id\":\"https:\\\/\\\/www.inmsol.com\\\/it\\\/#\\\/schema\\\/logo\\\/image\\\/\",\"url\":\"https:\\\/\\\/www.inmsol.com\\\/wp-content\\\/uploads\\\/2023\\\/06\\\/logo-inmsol-1.png\",\"contentUrl\":\"https:\\\/\\\/www.inmsol.com\\\/wp-content\\\/uploads\\\/2023\\\/06\\\/logo-inmsol-1.png\",\"width\":136,\"height\":73,\"caption\":\"Instituto Mediterr\u00e1neo Sol\"},\"image\":{\"@id\":\"https:\\\/\\\/www.inmsol.com\\\/it\\\/#\\\/schema\\\/logo\\\/image\\\/\"},\"sameAs\":[\"https:\\\/\\\/www.facebook.com\\\/spanishcourses\",\"https:\\\/\\\/x.com\\\/StudyInGranada\",\"http:\\\/\\\/instagram.com\\\/imsolgranada\",\"https:\\\/\\\/es.linkedin.com\\\/company\\\/imsol-granada\",\"https:\\\/\\\/www.pinterest.es\\\/inmsol\\\/\",\"https:\\\/\\\/www.youtube.com\\\/channel\\\/UChz-Qn_7coFMosY85iYMO4g\"]},{\"@type\":\"Person\",\"@id\":\"https:\\\/\\\/www.inmsol.com\\\/it\\\/#\\\/schema\\\/person\\\/18f18acd0397ef441e373e79ec3eb6ea\",\"name\":\"Javier Torres\",\"image\":{\"@type\":\"ImageObject\",\"inLanguage\":\"it-IT\",\"@id\":\"https:\\\/\\\/secure.gravatar.com\\\/avatar\\\/90afa2d6499550218d247408758082af566e5ec3641e1b8eac0d7bb889344a55?s=96&d=mm&r=g\",\"url\":\"https:\\\/\\\/secure.gravatar.com\\\/avatar\\\/90afa2d6499550218d247408758082af566e5ec3641e1b8eac0d7bb889344a55?s=96&d=mm&r=g\",\"contentUrl\":\"https:\\\/\\\/secure.gravatar.com\\\/avatar\\\/90afa2d6499550218d247408758082af566e5ec3641e1b8eac0d7bb889344a55?s=96&d=mm&r=g\",\"caption\":\"Javier Torres\"},\"url\":\"https:\\\/\\\/www.inmsol.com\\\/it\\\/author\\\/javier\\\/\"}]}<\/script>\n<!-- \/ Yoast SEO plugin. -->","yoast_head_json":{"title":"La morte dello scrittore Gabriel Garc\u00eda M\u00e1rquez | Lutto","description":"Uno degli scrittori pi\u00f9 importanti della nostra epoca, \u00e8 morto. Un lutto per tutti. Ci stiamo riferendo a Gabriel Garc\u00eda M\u00e1rquez.","robots":{"index":"index","follow":"follow","max-snippet":"max-snippet:-1","max-image-preview":"max-image-preview:large","max-video-preview":"max-video-preview:-1"},"canonical":"https:\/\/www.inmsol.com\/it\/blog-it-it\/lmorte-gabriel-garcia-marquez\/","og_locale":"it_IT","og_type":"article","og_title":"La morte dello scrittore Gabriel Garc\u00eda M\u00e1rquez | Lutto","og_description":"Uno degli scrittori pi\u00f9 importanti della nostra epoca, \u00e8 morto. Un lutto per tutti. Ci stiamo riferendo a Gabriel Garc\u00eda M\u00e1rquez.","og_url":"https:\/\/www.inmsol.com\/it\/blog-it-it\/lmorte-gabriel-garcia-marquez\/","og_site_name":"iNMSOL","article_publisher":"https:\/\/www.facebook.com\/spanishcourses","article_published_time":"2014-04-21T12:21:58+00:00","article_modified_time":"2017-04-12T07:26:03+00:00","og_image":[{"width":1104,"height":853,"url":"https:\/\/www.inmsol.com\/wp-content\/uploads\/2014\/04\/gabo.jpg","type":"image\/jpeg"}],"author":"Javier Torres","twitter_misc":{"Scritto da":"Javier Torres","Tempo di lettura stimato":"1 minuto"},"schema":{"@context":"https:\/\/schema.org","@graph":[{"@type":"Article","@id":"https:\/\/www.inmsol.com\/it\/blog-it-it\/lmorte-gabriel-garcia-marquez\/#article","isPartOf":{"@id":"https:\/\/www.inmsol.com\/it\/blog-it-it\/lmorte-gabriel-garcia-marquez\/"},"author":{"name":"Javier Torres","@id":"https:\/\/www.inmsol.com\/it\/#\/schema\/person\/18f18acd0397ef441e373e79ec3eb6ea"},"headline":"La morte dello scrittore Gabriel Garc\u00eda M\u00e1rquez : lutto nel mondo della letteratura","datePublished":"2014-04-21T12:21:58+00:00","dateModified":"2017-04-12T07:26:03+00:00","mainEntityOfPage":{"@id":"https:\/\/www.inmsol.com\/it\/blog-it-it\/lmorte-gabriel-garcia-marquez\/"},"wordCount":224,"publisher":{"@id":"https:\/\/www.inmsol.com\/it\/#organization"},"image":{"@id":"https:\/\/www.inmsol.com\/it\/blog-it-it\/lmorte-gabriel-garcia-marquez\/#primaryimage"},"thumbnailUrl":"https:\/\/www.inmsol.com\/wp-content\/uploads\/2014\/04\/gabo.jpg","articleSection":["Blog","Notizie"],"inLanguage":"it-IT"},{"@type":"WebPage","@id":"https:\/\/www.inmsol.com\/it\/blog-it-it\/lmorte-gabriel-garcia-marquez\/","url":"https:\/\/www.inmsol.com\/it\/blog-it-it\/lmorte-gabriel-garcia-marquez\/","name":"La morte dello scrittore Gabriel Garc\u00eda M\u00e1rquez | Lutto","isPartOf":{"@id":"https:\/\/www.inmsol.com\/it\/#website"},"primaryImageOfPage":{"@id":"https:\/\/www.inmsol.com\/it\/blog-it-it\/lmorte-gabriel-garcia-marquez\/#primaryimage"},"image":{"@id":"https:\/\/www.inmsol.com\/it\/blog-it-it\/lmorte-gabriel-garcia-marquez\/#primaryimage"},"thumbnailUrl":"https:\/\/www.inmsol.com\/wp-content\/uploads\/2014\/04\/gabo.jpg","datePublished":"2014-04-21T12:21:58+00:00","dateModified":"2017-04-12T07:26:03+00:00","description":"Uno degli scrittori pi\u00f9 importanti della nostra epoca, \u00e8 morto. Un lutto per tutti. Ci stiamo riferendo a Gabriel Garc\u00eda M\u00e1rquez.","breadcrumb":{"@id":"https:\/\/www.inmsol.com\/it\/blog-it-it\/lmorte-gabriel-garcia-marquez\/#breadcrumb"},"inLanguage":"it-IT","potentialAction":[{"@type":"ReadAction","target":["https:\/\/www.inmsol.com\/it\/blog-it-it\/lmorte-gabriel-garcia-marquez\/"]}]},{"@type":"ImageObject","inLanguage":"it-IT","@id":"https:\/\/www.inmsol.com\/it\/blog-it-it\/lmorte-gabriel-garcia-marquez\/#primaryimage","url":"https:\/\/www.inmsol.com\/wp-content\/uploads\/2014\/04\/gabo.jpg","contentUrl":"https:\/\/www.inmsol.com\/wp-content\/uploads\/2014\/04\/gabo.jpg","width":1104,"height":853},{"@type":"BreadcrumbList","@id":"https:\/\/www.inmsol.com\/it\/blog-it-it\/lmorte-gabriel-garcia-marquez\/#breadcrumb","itemListElement":[{"@type":"ListItem","position":1,"name":"Accredited Center by Instituto Cervantes","item":"https:\/\/www.inmsol.com\/it\/pagina-ejemplo\/"},{"@type":"ListItem","position":2,"name":"Blog","item":"https:\/\/www.inmsol.com\/it\/category\/blog-it-it\/"},{"@type":"ListItem","position":3,"name":"Notizie","item":"https:\/\/www.inmsol.com\/it\/category\/blog-it-it\/notizie-it-it\/"},{"@type":"ListItem","position":4,"name":"La morte dello scrittore Gabriel Garc\u00eda M\u00e1rquez : lutto nel mondo della letteratura"}]},{"@type":"WebSite","@id":"https:\/\/www.inmsol.com\/it\/#website","url":"https:\/\/www.inmsol.com\/it\/","name":"iNMSOL","description":"Impara lo spagnolo con noi - Centro di studio accreditato con l'Istituto Cervantes","publisher":{"@id":"https:\/\/www.inmsol.com\/it\/#organization"},"potentialAction":[{"@type":"SearchAction","target":{"@type":"EntryPoint","urlTemplate":"https:\/\/www.inmsol.com\/it\/?s={search_term_string}"},"query-input":{"@type":"PropertyValueSpecification","valueRequired":true,"valueName":"search_term_string"}}],"inLanguage":"it-IT"},{"@type":"Organization","@id":"https:\/\/www.inmsol.com\/it\/#organization","name":"Instituto Mediterr\u00e1neo Sol","url":"https:\/\/www.inmsol.com\/it\/","logo":{"@type":"ImageObject","inLanguage":"it-IT","@id":"https:\/\/www.inmsol.com\/it\/#\/schema\/logo\/image\/","url":"https:\/\/www.inmsol.com\/wp-content\/uploads\/2023\/06\/logo-inmsol-1.png","contentUrl":"https:\/\/www.inmsol.com\/wp-content\/uploads\/2023\/06\/logo-inmsol-1.png","width":136,"height":73,"caption":"Instituto Mediterr\u00e1neo Sol"},"image":{"@id":"https:\/\/www.inmsol.com\/it\/#\/schema\/logo\/image\/"},"sameAs":["https:\/\/www.facebook.com\/spanishcourses","https:\/\/x.com\/StudyInGranada","http:\/\/instagram.com\/imsolgranada","https:\/\/es.linkedin.com\/company\/imsol-granada","https:\/\/www.pinterest.es\/inmsol\/","https:\/\/www.youtube.com\/channel\/UChz-Qn_7coFMosY85iYMO4g"]},{"@type":"Person","@id":"https:\/\/www.inmsol.com\/it\/#\/schema\/person\/18f18acd0397ef441e373e79ec3eb6ea","name":"Javier Torres","image":{"@type":"ImageObject","inLanguage":"it-IT","@id":"https:\/\/secure.gravatar.com\/avatar\/90afa2d6499550218d247408758082af566e5ec3641e1b8eac0d7bb889344a55?s=96&d=mm&r=g","url":"https:\/\/secure.gravatar.com\/avatar\/90afa2d6499550218d247408758082af566e5ec3641e1b8eac0d7bb889344a55?s=96&d=mm&r=g","contentUrl":"https:\/\/secure.gravatar.com\/avatar\/90afa2d6499550218d247408758082af566e5ec3641e1b8eac0d7bb889344a55?s=96&d=mm&r=g","caption":"Javier Torres"},"url":"https:\/\/www.inmsol.com\/it\/author\/javier\/"}]}},"_links":{"self":[{"href":"https:\/\/www.inmsol.com\/it\/wp-json\/wp\/v2\/posts\/1396","targetHints":{"allow":["GET"]}}],"collection":[{"href":"https:\/\/www.inmsol.com\/it\/wp-json\/wp\/v2\/posts"}],"about":[{"href":"https:\/\/www.inmsol.com\/it\/wp-json\/wp\/v2\/types\/post"}],"author":[{"embeddable":true,"href":"https:\/\/www.inmsol.com\/it\/wp-json\/wp\/v2\/users\/2"}],"replies":[{"embeddable":true,"href":"https:\/\/www.inmsol.com\/it\/wp-json\/wp\/v2\/comments?post=1396"}],"version-history":[{"count":0,"href":"https:\/\/www.inmsol.com\/it\/wp-json\/wp\/v2\/posts\/1396\/revisions"}],"wp:featuredmedia":[{"embeddable":true,"href":"https:\/\/www.inmsol.com\/it\/wp-json\/wp\/v2\/media\/2895"}],"wp:attachment":[{"href":"https:\/\/www.inmsol.com\/it\/wp-json\/wp\/v2\/media?parent=1396"}],"wp:term":[{"taxonomy":"category","embeddable":true,"href":"https:\/\/www.inmsol.com\/it\/wp-json\/wp\/v2\/categories?post=1396"},{"taxonomy":"post_tag","embeddable":true,"href":"https:\/\/www.inmsol.com\/it\/wp-json\/wp\/v2\/tags?post=1396"}],"curies":[{"name":"wp","href":"https:\/\/api.w.org\/{rel}","templated":true}]}}