{"id":15065,"date":"2015-04-20T10:37:53","date_gmt":"2015-04-20T08:37:53","guid":{"rendered":"https:\/\/www.inmsol.com\/?p=15065"},"modified":"2015-04-20T10:37:53","modified_gmt":"2015-04-20T08:37:53","slug":"la-xxxiv-fiera-del-libro-di-granada-avra-luogo-dal-17-al-26-aprile-2015","status":"publish","type":"post","link":"https:\/\/www.inmsol.com\/it\/blog-it-it\/la-xxxiv-fiera-del-libro-di-granada-avra-luogo-dal-17-al-26-aprile-2015\/","title":{"rendered":"La XXXIV Fiera del Libro di Granada avr\u00e0 luogo dal 17 al 26 Aprile 2015"},"content":{"rendered":"<p>In concomitanza con la candidatura da parte del <strong>UNESCO<\/strong> di Granada come <strong>Citt\u00e0 della Letteratura<\/strong>, lo scorso venerd\u00ec \u00e8 iniziata la Fiera del Libro.<\/p>\n<p>Le casette dei diversi espositori, nelle quali potrete trovare i titoli dei vostri autori preferiti, si trovano collocate molto vicino al <strong><em>Instituto Mediterr\u00e1neo Sol<\/em><\/strong>: in <strong>Carrera de la Virgen<\/strong> e <strong>Puerta Real<\/strong>.<\/p>\n<p>Oltre a trovare una gran quantit\u00e0 di libri per tutti i gusti e le et\u00e0, potrai assistere alla firma di alcune opere da parte dei vari autori, alla presentazione di alcune novit\u00e0 e alle conferenze sulla letteratura che di sicuro saranno di tuo interesse. Inoltre, con l\u2019acquisto dei tuoi libri potrai ottenere delle entrate gratuite per i concerti che si svolgeranno in citt\u00f2 durante il <strong><em>Ciclo M\u00fasica por Libros<\/em><\/strong>, come quello che si svolger\u00e0 il prossimo 21 aprile nel <strong>Teatro Isabel la Cat<\/strong><strong>\u00f3lica<\/strong> in cui si esibir\u00e0 il cantante <strong><em>Kiko Veneno<\/em><\/strong>.<\/p>\n<p>Potete consultare l\u2019agenda e le ultime novit\u00e0 in <a href=\"http:\/\/www.ferialibrogranada.org\/\">http:\/\/www.ferialibrogranada.org\/<\/a><\/p>\n<p>Desideriamo che sfruttiate questa nuova opportunit\u00e0 che vi offre la citt\u00e0 di Granada<\/p>\n<p><img fetchpriority=\"high\" decoding=\"async\" class=\" size-medium wp-image-15056 aligncenter\" src=\"https:\/\/www.inmsol.com\/wp-content\/uploads\/2015\/04\/Feria-del-Libro-Granada-460x276.jpg\" alt=\"Feria del Libro Granada\" width=\"460\" height=\"276\" srcset=\"https:\/\/www.inmsol.com\/wp-content\/uploads\/2015\/04\/Feria-del-Libro-Granada-460x276.jpg 460w, https:\/\/www.inmsol.com\/wp-content\/uploads\/2015\/04\/Feria-del-Libro-Granada-64x38.jpg 64w, https:\/\/www.inmsol.com\/wp-content\/uploads\/2015\/04\/Feria-del-Libro-Granada-600x360.jpg 600w, https:\/\/www.inmsol.com\/wp-content\/uploads\/2015\/04\/Feria-del-Libro-Granada-200x120.jpg 200w, https:\/\/www.inmsol.com\/wp-content\/uploads\/2015\/04\/Feria-del-Libro-Granada-250x150.jpg 250w, https:\/\/www.inmsol.com\/wp-content\/uploads\/2015\/04\/Feria-del-Libro-Granada.jpg 624w\" sizes=\"(max-width: 460px) 100vw, 460px\" \/><\/p>\n","protected":false},"excerpt":{"rendered":"<p>In concomitanza con la candidatura da parte del UNESCO di Granada come Citt\u00e0 della Letteratura, lo scorso venerd\u00ec \u00e8 iniziata la Fiera del Libro. Le casette dei diversi espositori, nelle quali potrete trovare i titoli dei vostri autori preferiti, si trovano collocate molto vicino al&#8230;<\/p>\n","protected":false},"author":3,"featured_media":15056,"comment_status":"closed","ping_status":"closed","sticky":false,"template":"","format":"standard","meta":{"_acf_changed":false,"footnotes":""},"categories":[6],"tags":[],"class_list":["post-15065","post","type-post","status-publish","format-standard","has-post-thumbnail","hentry","category-blog-it-it"],"acf":[],"yoast_head":"<!-- This site is optimized with the Yoast SEO plugin v27.5 - https:\/\/yoast.com\/product\/yoast-seo-wordpress\/ -->\n<title>La XXXIV Fiera del Libro di Granada avr\u00e0 luogo dal 17 al 26 Aprile 2015<\/title>\n<meta name=\"description\" content=\"In concomitanza con la candidatura da parte del UNESCO di Granada come Citt\u00e0 della Letteratura, lo scorso venerd\u00ec \u00e8 iniziata la Fiera del Libro.\" \/>\n<meta name=\"robots\" content=\"index, follow, max-snippet:-1, max-image-preview:large, max-video-preview:-1\" \/>\n<link rel=\"canonical\" href=\"https:\/\/www.inmsol.com\/it\/blog-it-it\/la-xxxiv-fiera-del-libro-di-granada-avra-luogo-dal-17-al-26-aprile-2015\/\" \/>\n<meta property=\"og:locale\" content=\"it_IT\" \/>\n<meta property=\"og:type\" content=\"article\" \/>\n<meta property=\"og:title\" content=\"La XXXIV Fiera del Libro di Granada avr\u00e0 luogo dal 17 al 26 Aprile 2015\" \/>\n<meta property=\"og:description\" content=\"In concomitanza con la candidatura da parte del UNESCO di Granada come Citt\u00e0 della Letteratura, lo scorso venerd\u00ec \u00e8 iniziata la Fiera del Libro.\" \/>\n<meta property=\"og:url\" content=\"https:\/\/www.inmsol.com\/it\/blog-it-it\/la-xxxiv-fiera-del-libro-di-granada-avra-luogo-dal-17-al-26-aprile-2015\/\" \/>\n<meta property=\"og:site_name\" content=\"iNMSOL\" \/>\n<meta property=\"article:publisher\" content=\"https:\/\/www.facebook.com\/spanishcourses\" \/>\n<meta property=\"article:published_time\" content=\"2015-04-20T08:37:53+00:00\" \/>\n<meta property=\"og:image\" content=\"https:\/\/www.inmsol.com\/wp-content\/uploads\/2015\/04\/Feria-del-Libro-Granada.jpg\" \/>\n\t<meta property=\"og:image:width\" content=\"624\" \/>\n\t<meta property=\"og:image:height\" content=\"374\" \/>\n\t<meta property=\"og:image:type\" content=\"image\/jpeg\" \/>\n<meta name=\"author\" content=\"- Instituto Mediterr\u00e1neo Sol\" \/>\n<meta name=\"twitter:label1\" content=\"Scritto da\" \/>\n\t<meta name=\"twitter:data1\" content=\"- Instituto Mediterr\u00e1neo Sol\" \/>\n\t<meta name=\"twitter:label2\" content=\"Tempo di lettura stimato\" \/>\n\t<meta name=\"twitter:data2\" content=\"1 minuto\" \/>\n<script type=\"application\/ld+json\" class=\"yoast-schema-graph\">{\"@context\":\"https:\\\/\\\/schema.org\",\"@graph\":[{\"@type\":\"Article\",\"@id\":\"https:\\\/\\\/www.inmsol.com\\\/it\\\/blog-it-it\\\/la-xxxiv-fiera-del-libro-di-granada-avra-luogo-dal-17-al-26-aprile-2015\\\/#article\",\"isPartOf\":{\"@id\":\"https:\\\/\\\/www.inmsol.com\\\/it\\\/blog-it-it\\\/la-xxxiv-fiera-del-libro-di-granada-avra-luogo-dal-17-al-26-aprile-2015\\\/\"},\"author\":{\"name\":\"- Instituto Mediterr\u00e1neo Sol\",\"@id\":\"https:\\\/\\\/www.inmsol.com\\\/it\\\/#\\\/schema\\\/person\\\/94a7a01d14a56d1fbc49c841ffc57fe9\"},\"headline\":\"La XXXIV Fiera del Libro di Granada avr\u00e0 luogo dal 17 al 26 Aprile 2015\",\"datePublished\":\"2015-04-20T08:37:53+00:00\",\"mainEntityOfPage\":{\"@id\":\"https:\\\/\\\/www.inmsol.com\\\/it\\\/blog-it-it\\\/la-xxxiv-fiera-del-libro-di-granada-avra-luogo-dal-17-al-26-aprile-2015\\\/\"},\"wordCount\":187,\"publisher\":{\"@id\":\"https:\\\/\\\/www.inmsol.com\\\/it\\\/#organization\"},\"image\":{\"@id\":\"https:\\\/\\\/www.inmsol.com\\\/it\\\/blog-it-it\\\/la-xxxiv-fiera-del-libro-di-granada-avra-luogo-dal-17-al-26-aprile-2015\\\/#primaryimage\"},\"thumbnailUrl\":\"https:\\\/\\\/www.inmsol.com\\\/wp-content\\\/uploads\\\/2015\\\/04\\\/Feria-del-Libro-Granada.jpg\",\"articleSection\":[\"Blog\"],\"inLanguage\":\"it-IT\"},{\"@type\":\"WebPage\",\"@id\":\"https:\\\/\\\/www.inmsol.com\\\/it\\\/blog-it-it\\\/la-xxxiv-fiera-del-libro-di-granada-avra-luogo-dal-17-al-26-aprile-2015\\\/\",\"url\":\"https:\\\/\\\/www.inmsol.com\\\/it\\\/blog-it-it\\\/la-xxxiv-fiera-del-libro-di-granada-avra-luogo-dal-17-al-26-aprile-2015\\\/\",\"name\":\"La XXXIV Fiera del Libro di Granada avr\u00e0 luogo dal 17 al 26 Aprile 2015\",\"isPartOf\":{\"@id\":\"https:\\\/\\\/www.inmsol.com\\\/it\\\/#website\"},\"primaryImageOfPage\":{\"@id\":\"https:\\\/\\\/www.inmsol.com\\\/it\\\/blog-it-it\\\/la-xxxiv-fiera-del-libro-di-granada-avra-luogo-dal-17-al-26-aprile-2015\\\/#primaryimage\"},\"image\":{\"@id\":\"https:\\\/\\\/www.inmsol.com\\\/it\\\/blog-it-it\\\/la-xxxiv-fiera-del-libro-di-granada-avra-luogo-dal-17-al-26-aprile-2015\\\/#primaryimage\"},\"thumbnailUrl\":\"https:\\\/\\\/www.inmsol.com\\\/wp-content\\\/uploads\\\/2015\\\/04\\\/Feria-del-Libro-Granada.jpg\",\"datePublished\":\"2015-04-20T08:37:53+00:00\",\"description\":\"In concomitanza con la candidatura da parte del UNESCO di Granada come Citt\u00e0 della Letteratura, lo scorso venerd\u00ec \u00e8 iniziata la Fiera del Libro.\",\"breadcrumb\":{\"@id\":\"https:\\\/\\\/www.inmsol.com\\\/it\\\/blog-it-it\\\/la-xxxiv-fiera-del-libro-di-granada-avra-luogo-dal-17-al-26-aprile-2015\\\/#breadcrumb\"},\"inLanguage\":\"it-IT\",\"potentialAction\":[{\"@type\":\"ReadAction\",\"target\":[\"https:\\\/\\\/www.inmsol.com\\\/it\\\/blog-it-it\\\/la-xxxiv-fiera-del-libro-di-granada-avra-luogo-dal-17-al-26-aprile-2015\\\/\"]}]},{\"@type\":\"ImageObject\",\"inLanguage\":\"it-IT\",\"@id\":\"https:\\\/\\\/www.inmsol.com\\\/it\\\/blog-it-it\\\/la-xxxiv-fiera-del-libro-di-granada-avra-luogo-dal-17-al-26-aprile-2015\\\/#primaryimage\",\"url\":\"https:\\\/\\\/www.inmsol.com\\\/wp-content\\\/uploads\\\/2015\\\/04\\\/Feria-del-Libro-Granada.jpg\",\"contentUrl\":\"https:\\\/\\\/www.inmsol.com\\\/wp-content\\\/uploads\\\/2015\\\/04\\\/Feria-del-Libro-Granada.jpg\",\"width\":624,\"height\":374},{\"@type\":\"BreadcrumbList\",\"@id\":\"https:\\\/\\\/www.inmsol.com\\\/it\\\/blog-it-it\\\/la-xxxiv-fiera-del-libro-di-granada-avra-luogo-dal-17-al-26-aprile-2015\\\/#breadcrumb\",\"itemListElement\":[{\"@type\":\"ListItem\",\"position\":1,\"name\":\"Accredited Center by Instituto Cervantes\",\"item\":\"https:\\\/\\\/www.inmsol.com\\\/it\\\/pagina-ejemplo\\\/\"},{\"@type\":\"ListItem\",\"position\":2,\"name\":\"Blog\",\"item\":\"https:\\\/\\\/www.inmsol.com\\\/it\\\/category\\\/blog-it-it\\\/\"},{\"@type\":\"ListItem\",\"position\":3,\"name\":\"La XXXIV Fiera del Libro di Granada avr\u00e0 luogo dal 17 al 26 Aprile 2015\"}]},{\"@type\":\"WebSite\",\"@id\":\"https:\\\/\\\/www.inmsol.com\\\/it\\\/#website\",\"url\":\"https:\\\/\\\/www.inmsol.com\\\/it\\\/\",\"name\":\"iNMSOL\",\"description\":\"Impara lo spagnolo con noi - Centro di studio accreditato con l'Istituto Cervantes\",\"publisher\":{\"@id\":\"https:\\\/\\\/www.inmsol.com\\\/it\\\/#organization\"},\"potentialAction\":[{\"@type\":\"SearchAction\",\"target\":{\"@type\":\"EntryPoint\",\"urlTemplate\":\"https:\\\/\\\/www.inmsol.com\\\/it\\\/?s={search_term_string}\"},\"query-input\":{\"@type\":\"PropertyValueSpecification\",\"valueRequired\":true,\"valueName\":\"search_term_string\"}}],\"inLanguage\":\"it-IT\"},{\"@type\":\"Organization\",\"@id\":\"https:\\\/\\\/www.inmsol.com\\\/it\\\/#organization\",\"name\":\"Instituto Mediterr\u00e1neo Sol\",\"url\":\"https:\\\/\\\/www.inmsol.com\\\/it\\\/\",\"logo\":{\"@type\":\"ImageObject\",\"inLanguage\":\"it-IT\",\"@id\":\"https:\\\/\\\/www.inmsol.com\\\/it\\\/#\\\/schema\\\/logo\\\/image\\\/\",\"url\":\"https:\\\/\\\/www.inmsol.com\\\/wp-content\\\/uploads\\\/2023\\\/06\\\/logo-inmsol-1.png\",\"contentUrl\":\"https:\\\/\\\/www.inmsol.com\\\/wp-content\\\/uploads\\\/2023\\\/06\\\/logo-inmsol-1.png\",\"width\":136,\"height\":73,\"caption\":\"Instituto Mediterr\u00e1neo Sol\"},\"image\":{\"@id\":\"https:\\\/\\\/www.inmsol.com\\\/it\\\/#\\\/schema\\\/logo\\\/image\\\/\"},\"sameAs\":[\"https:\\\/\\\/www.facebook.com\\\/spanishcourses\",\"https:\\\/\\\/x.com\\\/StudyInGranada\",\"http:\\\/\\\/instagram.com\\\/imsolgranada\",\"https:\\\/\\\/es.linkedin.com\\\/company\\\/imsol-granada\",\"https:\\\/\\\/www.pinterest.es\\\/inmsol\\\/\",\"https:\\\/\\\/www.youtube.com\\\/channel\\\/UChz-Qn_7coFMosY85iYMO4g\"]},{\"@type\":\"Person\",\"@id\":\"https:\\\/\\\/www.inmsol.com\\\/it\\\/#\\\/schema\\\/person\\\/94a7a01d14a56d1fbc49c841ffc57fe9\",\"name\":\"- Instituto Mediterr\u00e1neo Sol\",\"image\":{\"@type\":\"ImageObject\",\"inLanguage\":\"it-IT\",\"@id\":\"https:\\\/\\\/secure.gravatar.com\\\/avatar\\\/5607fdabdf1b548b6095cc3d43079829bc1497403e70dd34004e7204a8fef62b?s=96&d=mm&r=g\",\"url\":\"https:\\\/\\\/secure.gravatar.com\\\/avatar\\\/5607fdabdf1b548b6095cc3d43079829bc1497403e70dd34004e7204a8fef62b?s=96&d=mm&r=g\",\"contentUrl\":\"https:\\\/\\\/secure.gravatar.com\\\/avatar\\\/5607fdabdf1b548b6095cc3d43079829bc1497403e70dd34004e7204a8fef62b?s=96&d=mm&r=g\",\"caption\":\"- Instituto Mediterr\u00e1neo Sol\"},\"url\":\"https:\\\/\\\/www.inmsol.com\\\/it\\\/author\\\/laura\\\/\"}]}<\/script>\n<!-- \/ Yoast SEO plugin. -->","yoast_head_json":{"title":"La XXXIV Fiera del Libro di Granada avr\u00e0 luogo dal 17 al 26 Aprile 2015","description":"In concomitanza con la candidatura da parte del UNESCO di Granada come Citt\u00e0 della Letteratura, lo scorso venerd\u00ec \u00e8 iniziata la Fiera del Libro.","robots":{"index":"index","follow":"follow","max-snippet":"max-snippet:-1","max-image-preview":"max-image-preview:large","max-video-preview":"max-video-preview:-1"},"canonical":"https:\/\/www.inmsol.com\/it\/blog-it-it\/la-xxxiv-fiera-del-libro-di-granada-avra-luogo-dal-17-al-26-aprile-2015\/","og_locale":"it_IT","og_type":"article","og_title":"La XXXIV Fiera del Libro di Granada avr\u00e0 luogo dal 17 al 26 Aprile 2015","og_description":"In concomitanza con la candidatura da parte del UNESCO di Granada come Citt\u00e0 della Letteratura, lo scorso venerd\u00ec \u00e8 iniziata la Fiera del Libro.","og_url":"https:\/\/www.inmsol.com\/it\/blog-it-it\/la-xxxiv-fiera-del-libro-di-granada-avra-luogo-dal-17-al-26-aprile-2015\/","og_site_name":"iNMSOL","article_publisher":"https:\/\/www.facebook.com\/spanishcourses","article_published_time":"2015-04-20T08:37:53+00:00","og_image":[{"width":624,"height":374,"url":"https:\/\/www.inmsol.com\/wp-content\/uploads\/2015\/04\/Feria-del-Libro-Granada.jpg","type":"image\/jpeg"}],"author":"- Instituto Mediterr\u00e1neo Sol","twitter_misc":{"Scritto da":"- Instituto Mediterr\u00e1neo Sol","Tempo di lettura stimato":"1 minuto"},"schema":{"@context":"https:\/\/schema.org","@graph":[{"@type":"Article","@id":"https:\/\/www.inmsol.com\/it\/blog-it-it\/la-xxxiv-fiera-del-libro-di-granada-avra-luogo-dal-17-al-26-aprile-2015\/#article","isPartOf":{"@id":"https:\/\/www.inmsol.com\/it\/blog-it-it\/la-xxxiv-fiera-del-libro-di-granada-avra-luogo-dal-17-al-26-aprile-2015\/"},"author":{"name":"- Instituto Mediterr\u00e1neo Sol","@id":"https:\/\/www.inmsol.com\/it\/#\/schema\/person\/94a7a01d14a56d1fbc49c841ffc57fe9"},"headline":"La XXXIV Fiera del Libro di Granada avr\u00e0 luogo dal 17 al 26 Aprile 2015","datePublished":"2015-04-20T08:37:53+00:00","mainEntityOfPage":{"@id":"https:\/\/www.inmsol.com\/it\/blog-it-it\/la-xxxiv-fiera-del-libro-di-granada-avra-luogo-dal-17-al-26-aprile-2015\/"},"wordCount":187,"publisher":{"@id":"https:\/\/www.inmsol.com\/it\/#organization"},"image":{"@id":"https:\/\/www.inmsol.com\/it\/blog-it-it\/la-xxxiv-fiera-del-libro-di-granada-avra-luogo-dal-17-al-26-aprile-2015\/#primaryimage"},"thumbnailUrl":"https:\/\/www.inmsol.com\/wp-content\/uploads\/2015\/04\/Feria-del-Libro-Granada.jpg","articleSection":["Blog"],"inLanguage":"it-IT"},{"@type":"WebPage","@id":"https:\/\/www.inmsol.com\/it\/blog-it-it\/la-xxxiv-fiera-del-libro-di-granada-avra-luogo-dal-17-al-26-aprile-2015\/","url":"https:\/\/www.inmsol.com\/it\/blog-it-it\/la-xxxiv-fiera-del-libro-di-granada-avra-luogo-dal-17-al-26-aprile-2015\/","name":"La XXXIV Fiera del Libro di Granada avr\u00e0 luogo dal 17 al 26 Aprile 2015","isPartOf":{"@id":"https:\/\/www.inmsol.com\/it\/#website"},"primaryImageOfPage":{"@id":"https:\/\/www.inmsol.com\/it\/blog-it-it\/la-xxxiv-fiera-del-libro-di-granada-avra-luogo-dal-17-al-26-aprile-2015\/#primaryimage"},"image":{"@id":"https:\/\/www.inmsol.com\/it\/blog-it-it\/la-xxxiv-fiera-del-libro-di-granada-avra-luogo-dal-17-al-26-aprile-2015\/#primaryimage"},"thumbnailUrl":"https:\/\/www.inmsol.com\/wp-content\/uploads\/2015\/04\/Feria-del-Libro-Granada.jpg","datePublished":"2015-04-20T08:37:53+00:00","description":"In concomitanza con la candidatura da parte del UNESCO di Granada come Citt\u00e0 della Letteratura, lo scorso venerd\u00ec \u00e8 iniziata la Fiera del Libro.","breadcrumb":{"@id":"https:\/\/www.inmsol.com\/it\/blog-it-it\/la-xxxiv-fiera-del-libro-di-granada-avra-luogo-dal-17-al-26-aprile-2015\/#breadcrumb"},"inLanguage":"it-IT","potentialAction":[{"@type":"ReadAction","target":["https:\/\/www.inmsol.com\/it\/blog-it-it\/la-xxxiv-fiera-del-libro-di-granada-avra-luogo-dal-17-al-26-aprile-2015\/"]}]},{"@type":"ImageObject","inLanguage":"it-IT","@id":"https:\/\/www.inmsol.com\/it\/blog-it-it\/la-xxxiv-fiera-del-libro-di-granada-avra-luogo-dal-17-al-26-aprile-2015\/#primaryimage","url":"https:\/\/www.inmsol.com\/wp-content\/uploads\/2015\/04\/Feria-del-Libro-Granada.jpg","contentUrl":"https:\/\/www.inmsol.com\/wp-content\/uploads\/2015\/04\/Feria-del-Libro-Granada.jpg","width":624,"height":374},{"@type":"BreadcrumbList","@id":"https:\/\/www.inmsol.com\/it\/blog-it-it\/la-xxxiv-fiera-del-libro-di-granada-avra-luogo-dal-17-al-26-aprile-2015\/#breadcrumb","itemListElement":[{"@type":"ListItem","position":1,"name":"Accredited Center by Instituto Cervantes","item":"https:\/\/www.inmsol.com\/it\/pagina-ejemplo\/"},{"@type":"ListItem","position":2,"name":"Blog","item":"https:\/\/www.inmsol.com\/it\/category\/blog-it-it\/"},{"@type":"ListItem","position":3,"name":"La XXXIV Fiera del Libro di Granada avr\u00e0 luogo dal 17 al 26 Aprile 2015"}]},{"@type":"WebSite","@id":"https:\/\/www.inmsol.com\/it\/#website","url":"https:\/\/www.inmsol.com\/it\/","name":"iNMSOL","description":"Impara lo spagnolo con noi - Centro di studio accreditato con l'Istituto Cervantes","publisher":{"@id":"https:\/\/www.inmsol.com\/it\/#organization"},"potentialAction":[{"@type":"SearchAction","target":{"@type":"EntryPoint","urlTemplate":"https:\/\/www.inmsol.com\/it\/?s={search_term_string}"},"query-input":{"@type":"PropertyValueSpecification","valueRequired":true,"valueName":"search_term_string"}}],"inLanguage":"it-IT"},{"@type":"Organization","@id":"https:\/\/www.inmsol.com\/it\/#organization","name":"Instituto Mediterr\u00e1neo Sol","url":"https:\/\/www.inmsol.com\/it\/","logo":{"@type":"ImageObject","inLanguage":"it-IT","@id":"https:\/\/www.inmsol.com\/it\/#\/schema\/logo\/image\/","url":"https:\/\/www.inmsol.com\/wp-content\/uploads\/2023\/06\/logo-inmsol-1.png","contentUrl":"https:\/\/www.inmsol.com\/wp-content\/uploads\/2023\/06\/logo-inmsol-1.png","width":136,"height":73,"caption":"Instituto Mediterr\u00e1neo Sol"},"image":{"@id":"https:\/\/www.inmsol.com\/it\/#\/schema\/logo\/image\/"},"sameAs":["https:\/\/www.facebook.com\/spanishcourses","https:\/\/x.com\/StudyInGranada","http:\/\/instagram.com\/imsolgranada","https:\/\/es.linkedin.com\/company\/imsol-granada","https:\/\/www.pinterest.es\/inmsol\/","https:\/\/www.youtube.com\/channel\/UChz-Qn_7coFMosY85iYMO4g"]},{"@type":"Person","@id":"https:\/\/www.inmsol.com\/it\/#\/schema\/person\/94a7a01d14a56d1fbc49c841ffc57fe9","name":"- Instituto Mediterr\u00e1neo Sol","image":{"@type":"ImageObject","inLanguage":"it-IT","@id":"https:\/\/secure.gravatar.com\/avatar\/5607fdabdf1b548b6095cc3d43079829bc1497403e70dd34004e7204a8fef62b?s=96&d=mm&r=g","url":"https:\/\/secure.gravatar.com\/avatar\/5607fdabdf1b548b6095cc3d43079829bc1497403e70dd34004e7204a8fef62b?s=96&d=mm&r=g","contentUrl":"https:\/\/secure.gravatar.com\/avatar\/5607fdabdf1b548b6095cc3d43079829bc1497403e70dd34004e7204a8fef62b?s=96&d=mm&r=g","caption":"- Instituto Mediterr\u00e1neo Sol"},"url":"https:\/\/www.inmsol.com\/it\/author\/laura\/"}]}},"_links":{"self":[{"href":"https:\/\/www.inmsol.com\/it\/wp-json\/wp\/v2\/posts\/15065","targetHints":{"allow":["GET"]}}],"collection":[{"href":"https:\/\/www.inmsol.com\/it\/wp-json\/wp\/v2\/posts"}],"about":[{"href":"https:\/\/www.inmsol.com\/it\/wp-json\/wp\/v2\/types\/post"}],"author":[{"embeddable":true,"href":"https:\/\/www.inmsol.com\/it\/wp-json\/wp\/v2\/users\/3"}],"replies":[{"embeddable":true,"href":"https:\/\/www.inmsol.com\/it\/wp-json\/wp\/v2\/comments?post=15065"}],"version-history":[{"count":0,"href":"https:\/\/www.inmsol.com\/it\/wp-json\/wp\/v2\/posts\/15065\/revisions"}],"wp:featuredmedia":[{"embeddable":true,"href":"https:\/\/www.inmsol.com\/it\/wp-json\/wp\/v2\/media\/15056"}],"wp:attachment":[{"href":"https:\/\/www.inmsol.com\/it\/wp-json\/wp\/v2\/media?parent=15065"}],"wp:term":[{"taxonomy":"category","embeddable":true,"href":"https:\/\/www.inmsol.com\/it\/wp-json\/wp\/v2\/categories?post=15065"},{"taxonomy":"post_tag","embeddable":true,"href":"https:\/\/www.inmsol.com\/it\/wp-json\/wp\/v2\/tags?post=15065"}],"curies":[{"name":"wp","href":"https:\/\/api.w.org\/{rel}","templated":true}]}}