{"id":15396,"date":"2015-05-07T14:51:50","date_gmt":"2015-05-07T12:51:50","guid":{"rendered":"https:\/\/www.inmsol.com\/?p=15396"},"modified":"2015-05-07T14:51:50","modified_gmt":"2015-05-07T12:51:50","slug":"carlos-rey-emperador-un-salto-nel-passato-granadino","status":"publish","type":"post","link":"https:\/\/www.inmsol.com\/it\/blog-it-it\/carlos-rey-emperador-un-salto-nel-passato-granadino\/","title":{"rendered":"\u201cCarlos, Rey Emperador\u201d un salto nel passato granadino"},"content":{"rendered":"<p><img fetchpriority=\"high\" decoding=\"async\" class=\"alignright size-medium wp-image-15387\" src=\"https:\/\/www.inmsol.com\/wp-content\/uploads\/2015\/05\/Carlos-V-460x243.jpg\" alt=\"Carlos V\" width=\"460\" height=\"243\" srcset=\"https:\/\/www.inmsol.com\/wp-content\/uploads\/2015\/05\/Carlos-V-460x243.jpg 460w, https:\/\/www.inmsol.com\/wp-content\/uploads\/2015\/05\/Carlos-V-64x34.jpg 64w, https:\/\/www.inmsol.com\/wp-content\/uploads\/2015\/05\/Carlos-V-600x317.jpg 600w, https:\/\/www.inmsol.com\/wp-content\/uploads\/2015\/05\/Carlos-V-200x106.jpg 200w, https:\/\/www.inmsol.com\/wp-content\/uploads\/2015\/05\/Carlos-V-250x132.jpg 250w, https:\/\/www.inmsol.com\/wp-content\/uploads\/2015\/05\/Carlos-V.jpg 625w\" sizes=\"(max-width: 460px) 100vw, 460px\" \/><\/p>\n<p>In questi giorni si sta girando a <strong>Granada<\/strong> una serie che vuole ricostruire e mostrare al mondo <strong>la\u00a0storia d\u2019amore tra Carlos V e sua moglia Isabel de Portugal<\/strong>. <strong>Oriol Ferrer<\/strong>, il regista de la serie ha scelto Granada in quanto \u00e8 esattamente in questa citt\u00e0 e dentro le mura del <strong>suo monumento pi\u00f9 rappresentativo, La Alhambra<\/strong>, che si celebr\u00f2 il matrimonio tra il re spagnolo e la regina portoghese.<\/p>\n<p>&nbsp;<\/p>\n<p>In seguito alle nozze reali, Calros (\u00c1lvaro Cervantes) e la sua sposa Isabel (Blanca Su\u00e1rez) vissero i primi mesi della loro unione, una delle poche caratterizzate da un amore sincero, a Granada. Inoltre <strong>Carlos si innamor\u00f2 della citt\u00e0 e in particolare del La Alhambra<\/strong>, che aprir\u00e0 le sue porte per la seconda volta in 25 anni al set di un film.<\/p>\n<p>&nbsp;<\/p>\n<p>Per realizzare questa serie, <strong><em>\u201cCarlos, Rey Emperador\u201d<\/em><\/strong>, oltre agli attori professionisti, hanno parteciparo anche <strong>un centinaio di comparse granadine <\/strong>tra adolescenti e adulti; con ruoli che vanno dai cittadini pi\u00f9 poveri alle dame di Isabel de Portugal ai nobili di Re Carlos V che erano soliti vivere nella corte reale. <strong>Le comparse hanno lavorato con una ventina di truccatori e hanno partecipato alle riprese nella Puerta de la Justicia, nelle vie del centro di Granada, nelle nozze reali e nella sepoltura della Regina<\/strong>. Insomma, anche i granadini in questa serie hanno cambiato i loro cellulari con delle spade e i jeans con delle tuniche como gli attori esperti e popolari.<\/p>\n<p>&nbsp;<\/p>\n<p>Uno degli scenari naturali, selezionato per la sua bellezza, \u00e8 stato il <strong>Cuarto Real de Santo Domingo<\/strong>, situato nel quartiere del Realejo, Giusto di fianco al Instituto Mediterr\u00e1neo Sol.<\/p>\n","protected":false},"excerpt":{"rendered":"<p>In questi giorni si sta girando a Granada una serie che vuole ricostruire e mostrare al mondo la\u00a0storia d\u2019amore tra Carlos V e sua moglia Isabel de Portugal. Oriol Ferrer, il regista de la serie ha scelto Granada in quanto \u00e8 esattamente in questa citt\u00e0&#8230;<\/p>\n","protected":false},"author":3,"featured_media":15387,"comment_status":"closed","ping_status":"closed","sticky":false,"template":"","format":"standard","meta":{"_acf_changed":false,"footnotes":""},"categories":[6],"tags":[],"class_list":["post-15396","post","type-post","status-publish","format-standard","has-post-thumbnail","hentry","category-blog-it-it"],"acf":[],"yoast_head":"<!-- This site is optimized with the Yoast SEO plugin v27.5 - https:\/\/yoast.com\/product\/yoast-seo-wordpress\/ -->\n<title>\u201cCarlos, Rey Emperador\u201d un salto nel passato granadino<\/title>\n<meta name=\"description\" content=\"In questi giorni si sta girando a Granada una serie che vuole ricostruire e mostrare al mondo la storia d\u2019amore tra Carlos V e sua moglia Isabel de Portugal. Oriol Ferrer, il regista de la serie ha scelto Granada in quanto \u00e8 esattamente in questa citt\u00e0 e dentro le mura del suo monumento pi\u00f9 rappresentativo, La Alhambra, che si celebr\u00f2 il matrimonio tra il re spagnolo e la regina portoghese.\" \/>\n<meta name=\"robots\" content=\"index, follow, max-snippet:-1, max-image-preview:large, max-video-preview:-1\" \/>\n<link rel=\"canonical\" href=\"https:\/\/www.inmsol.com\/it\/blog-it-it\/carlos-rey-emperador-un-salto-nel-passato-granadino\/\" \/>\n<meta property=\"og:locale\" content=\"it_IT\" \/>\n<meta property=\"og:type\" content=\"article\" \/>\n<meta property=\"og:title\" content=\"\u201cCarlos, Rey Emperador\u201d un salto nel passato granadino\" \/>\n<meta property=\"og:description\" content=\"In questi giorni si sta girando a Granada una serie che vuole ricostruire e mostrare al mondo la storia d\u2019amore tra Carlos V e sua moglia Isabel de Portugal. Oriol Ferrer, il regista de la serie ha scelto Granada in quanto \u00e8 esattamente in questa citt\u00e0 e dentro le mura del suo monumento pi\u00f9 rappresentativo, La Alhambra, che si celebr\u00f2 il matrimonio tra il re spagnolo e la regina portoghese.\" \/>\n<meta property=\"og:url\" content=\"https:\/\/www.inmsol.com\/it\/blog-it-it\/carlos-rey-emperador-un-salto-nel-passato-granadino\/\" \/>\n<meta property=\"og:site_name\" content=\"iNMSOL\" \/>\n<meta property=\"article:publisher\" content=\"https:\/\/www.facebook.com\/spanishcourses\" \/>\n<meta property=\"article:published_time\" content=\"2015-05-07T12:51:50+00:00\" \/>\n<meta property=\"og:image\" content=\"https:\/\/www.inmsol.com\/wp-content\/uploads\/2015\/05\/Carlos-V.jpg\" \/>\n\t<meta property=\"og:image:width\" content=\"625\" \/>\n\t<meta property=\"og:image:height\" content=\"330\" \/>\n\t<meta property=\"og:image:type\" content=\"image\/jpeg\" \/>\n<meta name=\"author\" content=\"- Instituto Mediterr\u00e1neo Sol\" \/>\n<meta name=\"twitter:label1\" content=\"Scritto da\" \/>\n\t<meta name=\"twitter:data1\" content=\"- Instituto Mediterr\u00e1neo Sol\" \/>\n\t<meta name=\"twitter:label2\" content=\"Tempo di lettura stimato\" \/>\n\t<meta name=\"twitter:data2\" content=\"1 minuto\" \/>\n<script type=\"application\/ld+json\" class=\"yoast-schema-graph\">{\"@context\":\"https:\\\/\\\/schema.org\",\"@graph\":[{\"@type\":\"Article\",\"@id\":\"https:\\\/\\\/www.inmsol.com\\\/it\\\/blog-it-it\\\/carlos-rey-emperador-un-salto-nel-passato-granadino\\\/#article\",\"isPartOf\":{\"@id\":\"https:\\\/\\\/www.inmsol.com\\\/it\\\/blog-it-it\\\/carlos-rey-emperador-un-salto-nel-passato-granadino\\\/\"},\"author\":{\"name\":\"- Instituto Mediterr\u00e1neo Sol\",\"@id\":\"https:\\\/\\\/www.inmsol.com\\\/it\\\/#\\\/schema\\\/person\\\/94a7a01d14a56d1fbc49c841ffc57fe9\"},\"headline\":\"\u201cCarlos, Rey Emperador\u201d un salto nel passato granadino\",\"datePublished\":\"2015-05-07T12:51:50+00:00\",\"mainEntityOfPage\":{\"@id\":\"https:\\\/\\\/www.inmsol.com\\\/it\\\/blog-it-it\\\/carlos-rey-emperador-un-salto-nel-passato-granadino\\\/\"},\"wordCount\":281,\"publisher\":{\"@id\":\"https:\\\/\\\/www.inmsol.com\\\/it\\\/#organization\"},\"image\":{\"@id\":\"https:\\\/\\\/www.inmsol.com\\\/it\\\/blog-it-it\\\/carlos-rey-emperador-un-salto-nel-passato-granadino\\\/#primaryimage\"},\"thumbnailUrl\":\"https:\\\/\\\/www.inmsol.com\\\/wp-content\\\/uploads\\\/2015\\\/05\\\/Carlos-V.jpg\",\"articleSection\":[\"Blog\"],\"inLanguage\":\"it-IT\"},{\"@type\":\"WebPage\",\"@id\":\"https:\\\/\\\/www.inmsol.com\\\/it\\\/blog-it-it\\\/carlos-rey-emperador-un-salto-nel-passato-granadino\\\/\",\"url\":\"https:\\\/\\\/www.inmsol.com\\\/it\\\/blog-it-it\\\/carlos-rey-emperador-un-salto-nel-passato-granadino\\\/\",\"name\":\"\u201cCarlos, Rey Emperador\u201d un salto nel passato granadino\",\"isPartOf\":{\"@id\":\"https:\\\/\\\/www.inmsol.com\\\/it\\\/#website\"},\"primaryImageOfPage\":{\"@id\":\"https:\\\/\\\/www.inmsol.com\\\/it\\\/blog-it-it\\\/carlos-rey-emperador-un-salto-nel-passato-granadino\\\/#primaryimage\"},\"image\":{\"@id\":\"https:\\\/\\\/www.inmsol.com\\\/it\\\/blog-it-it\\\/carlos-rey-emperador-un-salto-nel-passato-granadino\\\/#primaryimage\"},\"thumbnailUrl\":\"https:\\\/\\\/www.inmsol.com\\\/wp-content\\\/uploads\\\/2015\\\/05\\\/Carlos-V.jpg\",\"datePublished\":\"2015-05-07T12:51:50+00:00\",\"description\":\"In questi giorni si sta girando a Granada una serie che vuole ricostruire e mostrare al mondo la storia d\u2019amore tra Carlos V e sua moglia Isabel de Portugal. Oriol Ferrer, il regista de la serie ha scelto Granada in quanto \u00e8 esattamente in questa citt\u00e0 e dentro le mura del suo monumento pi\u00f9 rappresentativo, La Alhambra, che si celebr\u00f2 il matrimonio tra il re spagnolo e la regina portoghese.\",\"breadcrumb\":{\"@id\":\"https:\\\/\\\/www.inmsol.com\\\/it\\\/blog-it-it\\\/carlos-rey-emperador-un-salto-nel-passato-granadino\\\/#breadcrumb\"},\"inLanguage\":\"it-IT\",\"potentialAction\":[{\"@type\":\"ReadAction\",\"target\":[\"https:\\\/\\\/www.inmsol.com\\\/it\\\/blog-it-it\\\/carlos-rey-emperador-un-salto-nel-passato-granadino\\\/\"]}]},{\"@type\":\"ImageObject\",\"inLanguage\":\"it-IT\",\"@id\":\"https:\\\/\\\/www.inmsol.com\\\/it\\\/blog-it-it\\\/carlos-rey-emperador-un-salto-nel-passato-granadino\\\/#primaryimage\",\"url\":\"https:\\\/\\\/www.inmsol.com\\\/wp-content\\\/uploads\\\/2015\\\/05\\\/Carlos-V.jpg\",\"contentUrl\":\"https:\\\/\\\/www.inmsol.com\\\/wp-content\\\/uploads\\\/2015\\\/05\\\/Carlos-V.jpg\",\"width\":625,\"height\":330},{\"@type\":\"BreadcrumbList\",\"@id\":\"https:\\\/\\\/www.inmsol.com\\\/it\\\/blog-it-it\\\/carlos-rey-emperador-un-salto-nel-passato-granadino\\\/#breadcrumb\",\"itemListElement\":[{\"@type\":\"ListItem\",\"position\":1,\"name\":\"Accredited Center by Instituto Cervantes\",\"item\":\"https:\\\/\\\/www.inmsol.com\\\/it\\\/pagina-ejemplo\\\/\"},{\"@type\":\"ListItem\",\"position\":2,\"name\":\"Blog\",\"item\":\"https:\\\/\\\/www.inmsol.com\\\/it\\\/category\\\/blog-it-it\\\/\"},{\"@type\":\"ListItem\",\"position\":3,\"name\":\"\u201cCarlos, Rey Emperador\u201d un salto nel passato granadino\"}]},{\"@type\":\"WebSite\",\"@id\":\"https:\\\/\\\/www.inmsol.com\\\/it\\\/#website\",\"url\":\"https:\\\/\\\/www.inmsol.com\\\/it\\\/\",\"name\":\"iNMSOL\",\"description\":\"Impara lo spagnolo con noi - Centro di studio accreditato con l'Istituto Cervantes\",\"publisher\":{\"@id\":\"https:\\\/\\\/www.inmsol.com\\\/it\\\/#organization\"},\"potentialAction\":[{\"@type\":\"SearchAction\",\"target\":{\"@type\":\"EntryPoint\",\"urlTemplate\":\"https:\\\/\\\/www.inmsol.com\\\/it\\\/?s={search_term_string}\"},\"query-input\":{\"@type\":\"PropertyValueSpecification\",\"valueRequired\":true,\"valueName\":\"search_term_string\"}}],\"inLanguage\":\"it-IT\"},{\"@type\":\"Organization\",\"@id\":\"https:\\\/\\\/www.inmsol.com\\\/it\\\/#organization\",\"name\":\"Instituto Mediterr\u00e1neo Sol\",\"url\":\"https:\\\/\\\/www.inmsol.com\\\/it\\\/\",\"logo\":{\"@type\":\"ImageObject\",\"inLanguage\":\"it-IT\",\"@id\":\"https:\\\/\\\/www.inmsol.com\\\/it\\\/#\\\/schema\\\/logo\\\/image\\\/\",\"url\":\"https:\\\/\\\/www.inmsol.com\\\/wp-content\\\/uploads\\\/2023\\\/06\\\/logo-inmsol-1.png\",\"contentUrl\":\"https:\\\/\\\/www.inmsol.com\\\/wp-content\\\/uploads\\\/2023\\\/06\\\/logo-inmsol-1.png\",\"width\":136,\"height\":73,\"caption\":\"Instituto Mediterr\u00e1neo Sol\"},\"image\":{\"@id\":\"https:\\\/\\\/www.inmsol.com\\\/it\\\/#\\\/schema\\\/logo\\\/image\\\/\"},\"sameAs\":[\"https:\\\/\\\/www.facebook.com\\\/spanishcourses\",\"https:\\\/\\\/x.com\\\/StudyInGranada\",\"http:\\\/\\\/instagram.com\\\/imsolgranada\",\"https:\\\/\\\/es.linkedin.com\\\/company\\\/imsol-granada\",\"https:\\\/\\\/www.pinterest.es\\\/inmsol\\\/\",\"https:\\\/\\\/www.youtube.com\\\/channel\\\/UChz-Qn_7coFMosY85iYMO4g\"]},{\"@type\":\"Person\",\"@id\":\"https:\\\/\\\/www.inmsol.com\\\/it\\\/#\\\/schema\\\/person\\\/94a7a01d14a56d1fbc49c841ffc57fe9\",\"name\":\"- Instituto Mediterr\u00e1neo Sol\",\"image\":{\"@type\":\"ImageObject\",\"inLanguage\":\"it-IT\",\"@id\":\"https:\\\/\\\/secure.gravatar.com\\\/avatar\\\/5607fdabdf1b548b6095cc3d43079829bc1497403e70dd34004e7204a8fef62b?s=96&d=mm&r=g\",\"url\":\"https:\\\/\\\/secure.gravatar.com\\\/avatar\\\/5607fdabdf1b548b6095cc3d43079829bc1497403e70dd34004e7204a8fef62b?s=96&d=mm&r=g\",\"contentUrl\":\"https:\\\/\\\/secure.gravatar.com\\\/avatar\\\/5607fdabdf1b548b6095cc3d43079829bc1497403e70dd34004e7204a8fef62b?s=96&d=mm&r=g\",\"caption\":\"- Instituto Mediterr\u00e1neo Sol\"},\"url\":\"https:\\\/\\\/www.inmsol.com\\\/it\\\/author\\\/laura\\\/\"}]}<\/script>\n<!-- \/ Yoast SEO plugin. -->","yoast_head_json":{"title":"\u201cCarlos, Rey Emperador\u201d un salto nel passato granadino","description":"In questi giorni si sta girando a Granada una serie che vuole ricostruire e mostrare al mondo la storia d\u2019amore tra Carlos V e sua moglia Isabel de Portugal. Oriol Ferrer, il regista de la serie ha scelto Granada in quanto \u00e8 esattamente in questa citt\u00e0 e dentro le mura del suo monumento pi\u00f9 rappresentativo, La Alhambra, che si celebr\u00f2 il matrimonio tra il re spagnolo e la regina portoghese.","robots":{"index":"index","follow":"follow","max-snippet":"max-snippet:-1","max-image-preview":"max-image-preview:large","max-video-preview":"max-video-preview:-1"},"canonical":"https:\/\/www.inmsol.com\/it\/blog-it-it\/carlos-rey-emperador-un-salto-nel-passato-granadino\/","og_locale":"it_IT","og_type":"article","og_title":"\u201cCarlos, Rey Emperador\u201d un salto nel passato granadino","og_description":"In questi giorni si sta girando a Granada una serie che vuole ricostruire e mostrare al mondo la storia d\u2019amore tra Carlos V e sua moglia Isabel de Portugal. Oriol Ferrer, il regista de la serie ha scelto Granada in quanto \u00e8 esattamente in questa citt\u00e0 e dentro le mura del suo monumento pi\u00f9 rappresentativo, La Alhambra, che si celebr\u00f2 il matrimonio tra il re spagnolo e la regina portoghese.","og_url":"https:\/\/www.inmsol.com\/it\/blog-it-it\/carlos-rey-emperador-un-salto-nel-passato-granadino\/","og_site_name":"iNMSOL","article_publisher":"https:\/\/www.facebook.com\/spanishcourses","article_published_time":"2015-05-07T12:51:50+00:00","og_image":[{"width":625,"height":330,"url":"https:\/\/www.inmsol.com\/wp-content\/uploads\/2015\/05\/Carlos-V.jpg","type":"image\/jpeg"}],"author":"- Instituto Mediterr\u00e1neo Sol","twitter_misc":{"Scritto da":"- Instituto Mediterr\u00e1neo Sol","Tempo di lettura stimato":"1 minuto"},"schema":{"@context":"https:\/\/schema.org","@graph":[{"@type":"Article","@id":"https:\/\/www.inmsol.com\/it\/blog-it-it\/carlos-rey-emperador-un-salto-nel-passato-granadino\/#article","isPartOf":{"@id":"https:\/\/www.inmsol.com\/it\/blog-it-it\/carlos-rey-emperador-un-salto-nel-passato-granadino\/"},"author":{"name":"- Instituto Mediterr\u00e1neo Sol","@id":"https:\/\/www.inmsol.com\/it\/#\/schema\/person\/94a7a01d14a56d1fbc49c841ffc57fe9"},"headline":"\u201cCarlos, Rey Emperador\u201d un salto nel passato granadino","datePublished":"2015-05-07T12:51:50+00:00","mainEntityOfPage":{"@id":"https:\/\/www.inmsol.com\/it\/blog-it-it\/carlos-rey-emperador-un-salto-nel-passato-granadino\/"},"wordCount":281,"publisher":{"@id":"https:\/\/www.inmsol.com\/it\/#organization"},"image":{"@id":"https:\/\/www.inmsol.com\/it\/blog-it-it\/carlos-rey-emperador-un-salto-nel-passato-granadino\/#primaryimage"},"thumbnailUrl":"https:\/\/www.inmsol.com\/wp-content\/uploads\/2015\/05\/Carlos-V.jpg","articleSection":["Blog"],"inLanguage":"it-IT"},{"@type":"WebPage","@id":"https:\/\/www.inmsol.com\/it\/blog-it-it\/carlos-rey-emperador-un-salto-nel-passato-granadino\/","url":"https:\/\/www.inmsol.com\/it\/blog-it-it\/carlos-rey-emperador-un-salto-nel-passato-granadino\/","name":"\u201cCarlos, Rey Emperador\u201d un salto nel passato granadino","isPartOf":{"@id":"https:\/\/www.inmsol.com\/it\/#website"},"primaryImageOfPage":{"@id":"https:\/\/www.inmsol.com\/it\/blog-it-it\/carlos-rey-emperador-un-salto-nel-passato-granadino\/#primaryimage"},"image":{"@id":"https:\/\/www.inmsol.com\/it\/blog-it-it\/carlos-rey-emperador-un-salto-nel-passato-granadino\/#primaryimage"},"thumbnailUrl":"https:\/\/www.inmsol.com\/wp-content\/uploads\/2015\/05\/Carlos-V.jpg","datePublished":"2015-05-07T12:51:50+00:00","description":"In questi giorni si sta girando a Granada una serie che vuole ricostruire e mostrare al mondo la storia d\u2019amore tra Carlos V e sua moglia Isabel de Portugal. Oriol Ferrer, il regista de la serie ha scelto Granada in quanto \u00e8 esattamente in questa citt\u00e0 e dentro le mura del suo monumento pi\u00f9 rappresentativo, La Alhambra, che si celebr\u00f2 il matrimonio tra il re spagnolo e la regina portoghese.","breadcrumb":{"@id":"https:\/\/www.inmsol.com\/it\/blog-it-it\/carlos-rey-emperador-un-salto-nel-passato-granadino\/#breadcrumb"},"inLanguage":"it-IT","potentialAction":[{"@type":"ReadAction","target":["https:\/\/www.inmsol.com\/it\/blog-it-it\/carlos-rey-emperador-un-salto-nel-passato-granadino\/"]}]},{"@type":"ImageObject","inLanguage":"it-IT","@id":"https:\/\/www.inmsol.com\/it\/blog-it-it\/carlos-rey-emperador-un-salto-nel-passato-granadino\/#primaryimage","url":"https:\/\/www.inmsol.com\/wp-content\/uploads\/2015\/05\/Carlos-V.jpg","contentUrl":"https:\/\/www.inmsol.com\/wp-content\/uploads\/2015\/05\/Carlos-V.jpg","width":625,"height":330},{"@type":"BreadcrumbList","@id":"https:\/\/www.inmsol.com\/it\/blog-it-it\/carlos-rey-emperador-un-salto-nel-passato-granadino\/#breadcrumb","itemListElement":[{"@type":"ListItem","position":1,"name":"Accredited Center by Instituto Cervantes","item":"https:\/\/www.inmsol.com\/it\/pagina-ejemplo\/"},{"@type":"ListItem","position":2,"name":"Blog","item":"https:\/\/www.inmsol.com\/it\/category\/blog-it-it\/"},{"@type":"ListItem","position":3,"name":"\u201cCarlos, Rey Emperador\u201d un salto nel passato granadino"}]},{"@type":"WebSite","@id":"https:\/\/www.inmsol.com\/it\/#website","url":"https:\/\/www.inmsol.com\/it\/","name":"iNMSOL","description":"Impara lo spagnolo con noi - Centro di studio accreditato con l'Istituto Cervantes","publisher":{"@id":"https:\/\/www.inmsol.com\/it\/#organization"},"potentialAction":[{"@type":"SearchAction","target":{"@type":"EntryPoint","urlTemplate":"https:\/\/www.inmsol.com\/it\/?s={search_term_string}"},"query-input":{"@type":"PropertyValueSpecification","valueRequired":true,"valueName":"search_term_string"}}],"inLanguage":"it-IT"},{"@type":"Organization","@id":"https:\/\/www.inmsol.com\/it\/#organization","name":"Instituto Mediterr\u00e1neo Sol","url":"https:\/\/www.inmsol.com\/it\/","logo":{"@type":"ImageObject","inLanguage":"it-IT","@id":"https:\/\/www.inmsol.com\/it\/#\/schema\/logo\/image\/","url":"https:\/\/www.inmsol.com\/wp-content\/uploads\/2023\/06\/logo-inmsol-1.png","contentUrl":"https:\/\/www.inmsol.com\/wp-content\/uploads\/2023\/06\/logo-inmsol-1.png","width":136,"height":73,"caption":"Instituto Mediterr\u00e1neo Sol"},"image":{"@id":"https:\/\/www.inmsol.com\/it\/#\/schema\/logo\/image\/"},"sameAs":["https:\/\/www.facebook.com\/spanishcourses","https:\/\/x.com\/StudyInGranada","http:\/\/instagram.com\/imsolgranada","https:\/\/es.linkedin.com\/company\/imsol-granada","https:\/\/www.pinterest.es\/inmsol\/","https:\/\/www.youtube.com\/channel\/UChz-Qn_7coFMosY85iYMO4g"]},{"@type":"Person","@id":"https:\/\/www.inmsol.com\/it\/#\/schema\/person\/94a7a01d14a56d1fbc49c841ffc57fe9","name":"- Instituto Mediterr\u00e1neo Sol","image":{"@type":"ImageObject","inLanguage":"it-IT","@id":"https:\/\/secure.gravatar.com\/avatar\/5607fdabdf1b548b6095cc3d43079829bc1497403e70dd34004e7204a8fef62b?s=96&d=mm&r=g","url":"https:\/\/secure.gravatar.com\/avatar\/5607fdabdf1b548b6095cc3d43079829bc1497403e70dd34004e7204a8fef62b?s=96&d=mm&r=g","contentUrl":"https:\/\/secure.gravatar.com\/avatar\/5607fdabdf1b548b6095cc3d43079829bc1497403e70dd34004e7204a8fef62b?s=96&d=mm&r=g","caption":"- Instituto Mediterr\u00e1neo Sol"},"url":"https:\/\/www.inmsol.com\/it\/author\/laura\/"}]}},"_links":{"self":[{"href":"https:\/\/www.inmsol.com\/it\/wp-json\/wp\/v2\/posts\/15396","targetHints":{"allow":["GET"]}}],"collection":[{"href":"https:\/\/www.inmsol.com\/it\/wp-json\/wp\/v2\/posts"}],"about":[{"href":"https:\/\/www.inmsol.com\/it\/wp-json\/wp\/v2\/types\/post"}],"author":[{"embeddable":true,"href":"https:\/\/www.inmsol.com\/it\/wp-json\/wp\/v2\/users\/3"}],"replies":[{"embeddable":true,"href":"https:\/\/www.inmsol.com\/it\/wp-json\/wp\/v2\/comments?post=15396"}],"version-history":[{"count":0,"href":"https:\/\/www.inmsol.com\/it\/wp-json\/wp\/v2\/posts\/15396\/revisions"}],"wp:featuredmedia":[{"embeddable":true,"href":"https:\/\/www.inmsol.com\/it\/wp-json\/wp\/v2\/media\/15387"}],"wp:attachment":[{"href":"https:\/\/www.inmsol.com\/it\/wp-json\/wp\/v2\/media?parent=15396"}],"wp:term":[{"taxonomy":"category","embeddable":true,"href":"https:\/\/www.inmsol.com\/it\/wp-json\/wp\/v2\/categories?post=15396"},{"taxonomy":"post_tag","embeddable":true,"href":"https:\/\/www.inmsol.com\/it\/wp-json\/wp\/v2\/tags?post=15396"}],"curies":[{"name":"wp","href":"https:\/\/api.w.org\/{rel}","templated":true}]}}