{"id":159,"date":"2009-09-03T15:48:24","date_gmt":"2009-09-03T15:48:24","guid":{"rendered":"https:\/\/www.inmsol.com\/"},"modified":"2009-09-21T10:04:07","modified_gmt":"2009-09-21T10:04:07","slug":"corso-di-formazione-professori-di-spagnolo-come-seconda-lingua-non-nativi","status":"publish","type":"post","link":"https:\/\/www.inmsol.com\/it\/blog-it-it\/corso-di-formazione-professori-di-spagnolo-come-seconda-lingua-non-nativi\/","title":{"rendered":"Corso di Formazione per Professori di Spagnolo come Seconda Lingua. Non nativi."},"content":{"rendered":"<p><em><u><strong>CORSO DI FORMAZIONE PER PROFESSORI DI SPAGNOLO COME SECONDA LINGUA. NON NATIVI.<\/strong><\/u><\/em><\/p>\n<p>Gi\u00e1 ci sono delle iscrizioni per il prossimo <strong>Corso di Formazione per Professori di Spagnolo come Seconda Lingua<\/strong> fissato per l&#8217;autunno. Il corso si terr\u00e0 fra le seguenti date:<\/p>\n<p>\u2022\u00a0\u00a0\u00a0 <strong>Dal 26 ottobre al 6 novembre 2009<\/strong><\/p>\n<p>Se non dovessero combaciare con i vostri impegni, il corso \u00e8 comunque disponibile a partire da ogni luned\u00ec della settimana.<\/p>\n<p><u><em>Dettagli del corso:<\/em><\/u><\/p>\n<p>&#8211; 4 lezioni al giorno (lezioni di 45&#8242;), per 2 settimane<\/p>\n<p>&#8211; Numero massimo di studenti per classe: 8<\/p>\n<p>&#8211; Prezzo: \u20ac 503,00<\/p>\n<p>&#8211; Il prezzo comprende lezioni e certificazione finale<\/p>\n<p>Questo corso \u00e8 rivolto non solo a professori di spagnolo, ma anche a studenti che vogliono diventarlo. A seconda delle necessit\u00e0 degli studenti, si pu\u00f2 scegliere fra le seguenti opzioni:<\/p>\n<p><strong>OPZIONE A<\/strong>: Insegnanti con un livello intermedio di spagnolo e che, per questo, sono pi\u00f9 interessati al miglioramento della grammatica che della metodologia. Questo corso \u00e8 particolarmente interessante per insegnanti della scuola primaria.<br \/><em><u><br \/>\n\u2022 Distribuzione delle ore di lezione e materie impartite:<\/u><\/em><\/p>\n<p>1\u00ba e 2\u00ba ora: Grammatica spagnola in gruppi a seconda del livello.<\/p>\n<p>3\u00ba ora: Aspetti generali della cultura spagnola (letteratura, storia e tradizione ecc.).<\/p>\n<p>4\u00ba ora: Conversazioni e discussioni su temi attuali in Spagna, durante le quali il professore di iNMSOL sar\u00e0 soltanto supervisore.<\/p>\n<p><strong>OPZIONE B<\/strong>: Persone interessate all\u2019insegnamento, ma che non sono ancora Professori di Spagnolo come Lingua Straniera; hanno quindi bisogno di approfondire la propria conoscenza della lingua e di sperimentare metodi d\u2019insegnamento (lezioni di didattica) per poter esercitare la loro futura professione.<\/p>\n<p><em><u>\u2022 Distribuzione delle ore di lezione e materie impartite:<br \/><\/u><\/em><br \/>\n1\u00ba ora: Grammatica spagnola in gruppi a seconda del livello.<\/p>\n<p>2\u00ba ora: Metodi di insegnamento dello spagnolo come lingua straniera. Come spiegare le cose: tecniche, risorse, gestione delle lezioni, laboratori pratici in riferimento alla grammatica comunicativa, uso del lessico nei compiti e nelle conversazioni, elaborazione di unit\u00e0 didattiche pratiche, creare materiale didattico a seconda del livello, come si lavora con studenti con diversi livelli linguistici.<\/p>\n<p>3\u00ba ora: Aspetti generali della cultura spagnola (letteratura, storia e tradizione ecc.).<\/p>\n<p>4\u00ba ora: Conversazioni e discussioni su temi attuali in Spagna, durante le quali il professore di iNMSOL sar\u00e0 soltanto supervisore.<\/p>\n<p><strong>OPZIONE C:<\/strong> Professori che possiedono un livello avanzato di spagnolo (livello di Perfezionamento) e che quindi non necessitano di lezioni di grammatica. Si tratta di un corso studiato per professionisti che vogliano ampliare la gamma dei metodi d\u2019insegnamento ed approfondire la conoscenza della Cultura e della Tradizione Spagnola.<\/p>\n<p><em><u>\u2022 Distribuzione delle ore di lezione e materie impartite:<\/u><\/em><\/p>\n<p>1\u00ba e 2\u00ba ora: Metodi di insegnamento dello spagnolo come lingua straniera. Come spiegare le cose: tecniche, risorse, gestione delle lezioni, laboratori pratici in riferimento alla grammatica comunicativa, uso del lessico nei compiti e nelle conversazioni, elaborazione di unit\u00e0 didattiche pratiche, creare materiale didattico a seconda del livello, come si lavora con studenti con diversi livelli linguistici.<\/p>\n<p>3\u00ba ora: Aspetti generali della cultura spagnola (letteratura, storia e tradizione ecc.).<\/p>\n<p>4\u00ba ora: Conversazioni e discussioni su temi attuali in Spagna, durante le quali il professore di iNMSOL sar\u00e0 soltanto supervisore.<br \/>\n\u00a0<\/p>\n","protected":false},"excerpt":{"rendered":"<p>CORSO DI FORMAZIONE PER PROFESSORI DI SPAGNOLO COME SECONDA LINGUA. NON NATIVI. Gi\u00e1 ci sono delle iscrizioni per il prossimo Corso di Formazione per Professori di Spagnolo come Seconda Lingua fissato per l&#8217;autunno. Il corso si terr\u00e0 fra le seguenti date: \u2022\u00a0\u00a0\u00a0 Dal 26 ottobre&#8230;<\/p>\n","protected":false},"author":2,"featured_media":0,"comment_status":"closed","ping_status":"closed","sticky":false,"template":"","format":"standard","meta":{"_acf_changed":false,"footnotes":""},"categories":[6],"tags":[],"class_list":["post-159","post","type-post","status-publish","format-standard","hentry","category-blog-it-it"],"acf":[],"yoast_head":"<!-- This site is optimized with the Yoast SEO plugin v27.5 - https:\/\/yoast.com\/product\/yoast-seo-wordpress\/ -->\n<title>Corso di Formazione per Professori di Spagnolo come Seconda Lingua. Non nativi. &#8226; iNMSOL<\/title>\n<meta name=\"description\" content=\"Date Corso di Formazione per Professori di Spagnolo come Seconda Lingua. Non nativi.\" \/>\n<meta name=\"robots\" content=\"index, follow, max-snippet:-1, max-image-preview:large, max-video-preview:-1\" \/>\n<link rel=\"canonical\" href=\"https:\/\/www.inmsol.com\/it\/blog-it-it\/corso-di-formazione-professori-di-spagnolo-come-seconda-lingua-non-nativi\/\" \/>\n<meta property=\"og:locale\" content=\"it_IT\" \/>\n<meta property=\"og:type\" content=\"article\" \/>\n<meta property=\"og:title\" content=\"Corso di Formazione per Professori di Spagnolo come Seconda Lingua. Non nativi. &#8226; iNMSOL\" \/>\n<meta property=\"og:description\" content=\"Date Corso di Formazione per Professori di Spagnolo come Seconda Lingua. Non nativi.\" \/>\n<meta property=\"og:url\" content=\"https:\/\/www.inmsol.com\/it\/blog-it-it\/corso-di-formazione-professori-di-spagnolo-come-seconda-lingua-non-nativi\/\" \/>\n<meta property=\"og:site_name\" content=\"iNMSOL\" \/>\n<meta property=\"article:publisher\" content=\"https:\/\/www.facebook.com\/spanishcourses\" \/>\n<meta property=\"article:published_time\" content=\"2009-09-03T15:48:24+00:00\" \/>\n<meta property=\"article:modified_time\" content=\"2009-09-21T10:04:07+00:00\" \/>\n<meta property=\"og:image\" content=\"https:\/\/www.inmsol.com\/wp-content\/uploads\/2019\/08\/logo-inmsol.png\" \/>\n\t<meta property=\"og:image:width\" content=\"320\" \/>\n\t<meta property=\"og:image:height\" content=\"154\" \/>\n\t<meta property=\"og:image:type\" content=\"image\/png\" \/>\n<meta name=\"author\" content=\"Javier Torres\" \/>\n<meta name=\"twitter:label1\" content=\"Scritto da\" \/>\n\t<meta name=\"twitter:data1\" content=\"Javier Torres\" \/>\n\t<meta name=\"twitter:label2\" content=\"Tempo di lettura stimato\" \/>\n\t<meta name=\"twitter:data2\" content=\"2 minuti\" \/>\n<script type=\"application\/ld+json\" class=\"yoast-schema-graph\">{\"@context\":\"https:\\\/\\\/schema.org\",\"@graph\":[{\"@type\":\"Article\",\"@id\":\"https:\\\/\\\/www.inmsol.com\\\/it\\\/blog-it-it\\\/corso-di-formazione-professori-di-spagnolo-come-seconda-lingua-non-nativi\\\/#article\",\"isPartOf\":{\"@id\":\"https:\\\/\\\/www.inmsol.com\\\/it\\\/blog-it-it\\\/corso-di-formazione-professori-di-spagnolo-come-seconda-lingua-non-nativi\\\/\"},\"author\":{\"name\":\"Javier Torres\",\"@id\":\"https:\\\/\\\/www.inmsol.com\\\/it\\\/#\\\/schema\\\/person\\\/18f18acd0397ef441e373e79ec3eb6ea\"},\"headline\":\"Corso di Formazione per Professori di Spagnolo come Seconda Lingua. Non nativi.\",\"datePublished\":\"2009-09-03T15:48:24+00:00\",\"dateModified\":\"2009-09-21T10:04:07+00:00\",\"mainEntityOfPage\":{\"@id\":\"https:\\\/\\\/www.inmsol.com\\\/it\\\/blog-it-it\\\/corso-di-formazione-professori-di-spagnolo-come-seconda-lingua-non-nativi\\\/\"},\"wordCount\":500,\"publisher\":{\"@id\":\"https:\\\/\\\/www.inmsol.com\\\/it\\\/#organization\"},\"articleSection\":[\"Blog\"],\"inLanguage\":\"it-IT\"},{\"@type\":\"WebPage\",\"@id\":\"https:\\\/\\\/www.inmsol.com\\\/it\\\/blog-it-it\\\/corso-di-formazione-professori-di-spagnolo-come-seconda-lingua-non-nativi\\\/\",\"url\":\"https:\\\/\\\/www.inmsol.com\\\/it\\\/blog-it-it\\\/corso-di-formazione-professori-di-spagnolo-come-seconda-lingua-non-nativi\\\/\",\"name\":\"Corso di Formazione per Professori di Spagnolo come Seconda Lingua. Non nativi. &#8226; iNMSOL\",\"isPartOf\":{\"@id\":\"https:\\\/\\\/www.inmsol.com\\\/it\\\/#website\"},\"datePublished\":\"2009-09-03T15:48:24+00:00\",\"dateModified\":\"2009-09-21T10:04:07+00:00\",\"description\":\"Date Corso di Formazione per Professori di Spagnolo come Seconda Lingua. Non nativi.\",\"breadcrumb\":{\"@id\":\"https:\\\/\\\/www.inmsol.com\\\/it\\\/blog-it-it\\\/corso-di-formazione-professori-di-spagnolo-come-seconda-lingua-non-nativi\\\/#breadcrumb\"},\"inLanguage\":\"it-IT\",\"potentialAction\":[{\"@type\":\"ReadAction\",\"target\":[\"https:\\\/\\\/www.inmsol.com\\\/it\\\/blog-it-it\\\/corso-di-formazione-professori-di-spagnolo-come-seconda-lingua-non-nativi\\\/\"]}]},{\"@type\":\"BreadcrumbList\",\"@id\":\"https:\\\/\\\/www.inmsol.com\\\/it\\\/blog-it-it\\\/corso-di-formazione-professori-di-spagnolo-come-seconda-lingua-non-nativi\\\/#breadcrumb\",\"itemListElement\":[{\"@type\":\"ListItem\",\"position\":1,\"name\":\"Accredited Center by Instituto Cervantes\",\"item\":\"https:\\\/\\\/www.inmsol.com\\\/it\\\/pagina-ejemplo\\\/\"},{\"@type\":\"ListItem\",\"position\":2,\"name\":\"Blog\",\"item\":\"https:\\\/\\\/www.inmsol.com\\\/it\\\/category\\\/blog-it-it\\\/\"},{\"@type\":\"ListItem\",\"position\":3,\"name\":\"Corso di Formazione per Professori di Spagnolo come Seconda Lingua. Non nativi.\"}]},{\"@type\":\"WebSite\",\"@id\":\"https:\\\/\\\/www.inmsol.com\\\/it\\\/#website\",\"url\":\"https:\\\/\\\/www.inmsol.com\\\/it\\\/\",\"name\":\"iNMSOL\",\"description\":\"Impara lo spagnolo con noi - Centro di studio accreditato con l'Istituto Cervantes\",\"publisher\":{\"@id\":\"https:\\\/\\\/www.inmsol.com\\\/it\\\/#organization\"},\"potentialAction\":[{\"@type\":\"SearchAction\",\"target\":{\"@type\":\"EntryPoint\",\"urlTemplate\":\"https:\\\/\\\/www.inmsol.com\\\/it\\\/?s={search_term_string}\"},\"query-input\":{\"@type\":\"PropertyValueSpecification\",\"valueRequired\":true,\"valueName\":\"search_term_string\"}}],\"inLanguage\":\"it-IT\"},{\"@type\":\"Organization\",\"@id\":\"https:\\\/\\\/www.inmsol.com\\\/it\\\/#organization\",\"name\":\"Instituto Mediterr\u00e1neo Sol\",\"url\":\"https:\\\/\\\/www.inmsol.com\\\/it\\\/\",\"logo\":{\"@type\":\"ImageObject\",\"inLanguage\":\"it-IT\",\"@id\":\"https:\\\/\\\/www.inmsol.com\\\/it\\\/#\\\/schema\\\/logo\\\/image\\\/\",\"url\":\"https:\\\/\\\/www.inmsol.com\\\/wp-content\\\/uploads\\\/2023\\\/06\\\/logo-inmsol-1.png\",\"contentUrl\":\"https:\\\/\\\/www.inmsol.com\\\/wp-content\\\/uploads\\\/2023\\\/06\\\/logo-inmsol-1.png\",\"width\":136,\"height\":73,\"caption\":\"Instituto Mediterr\u00e1neo Sol\"},\"image\":{\"@id\":\"https:\\\/\\\/www.inmsol.com\\\/it\\\/#\\\/schema\\\/logo\\\/image\\\/\"},\"sameAs\":[\"https:\\\/\\\/www.facebook.com\\\/spanishcourses\",\"https:\\\/\\\/x.com\\\/StudyInGranada\",\"http:\\\/\\\/instagram.com\\\/imsolgranada\",\"https:\\\/\\\/es.linkedin.com\\\/company\\\/imsol-granada\",\"https:\\\/\\\/www.pinterest.es\\\/inmsol\\\/\",\"https:\\\/\\\/www.youtube.com\\\/channel\\\/UChz-Qn_7coFMosY85iYMO4g\"]},{\"@type\":\"Person\",\"@id\":\"https:\\\/\\\/www.inmsol.com\\\/it\\\/#\\\/schema\\\/person\\\/18f18acd0397ef441e373e79ec3eb6ea\",\"name\":\"Javier Torres\",\"image\":{\"@type\":\"ImageObject\",\"inLanguage\":\"it-IT\",\"@id\":\"https:\\\/\\\/secure.gravatar.com\\\/avatar\\\/90afa2d6499550218d247408758082af566e5ec3641e1b8eac0d7bb889344a55?s=96&d=mm&r=g\",\"url\":\"https:\\\/\\\/secure.gravatar.com\\\/avatar\\\/90afa2d6499550218d247408758082af566e5ec3641e1b8eac0d7bb889344a55?s=96&d=mm&r=g\",\"contentUrl\":\"https:\\\/\\\/secure.gravatar.com\\\/avatar\\\/90afa2d6499550218d247408758082af566e5ec3641e1b8eac0d7bb889344a55?s=96&d=mm&r=g\",\"caption\":\"Javier Torres\"},\"url\":\"https:\\\/\\\/www.inmsol.com\\\/it\\\/author\\\/javier\\\/\"}]}<\/script>\n<!-- \/ Yoast SEO plugin. -->","yoast_head_json":{"title":"Corso di Formazione per Professori di Spagnolo come Seconda Lingua. Non nativi. &#8226; iNMSOL","description":"Date Corso di Formazione per Professori di Spagnolo come Seconda Lingua. Non nativi.","robots":{"index":"index","follow":"follow","max-snippet":"max-snippet:-1","max-image-preview":"max-image-preview:large","max-video-preview":"max-video-preview:-1"},"canonical":"https:\/\/www.inmsol.com\/it\/blog-it-it\/corso-di-formazione-professori-di-spagnolo-come-seconda-lingua-non-nativi\/","og_locale":"it_IT","og_type":"article","og_title":"Corso di Formazione per Professori di Spagnolo come Seconda Lingua. Non nativi. &#8226; iNMSOL","og_description":"Date Corso di Formazione per Professori di Spagnolo come Seconda Lingua. Non nativi.","og_url":"https:\/\/www.inmsol.com\/it\/blog-it-it\/corso-di-formazione-professori-di-spagnolo-come-seconda-lingua-non-nativi\/","og_site_name":"iNMSOL","article_publisher":"https:\/\/www.facebook.com\/spanishcourses","article_published_time":"2009-09-03T15:48:24+00:00","article_modified_time":"2009-09-21T10:04:07+00:00","og_image":[{"width":320,"height":154,"url":"https:\/\/www.inmsol.com\/wp-content\/uploads\/2019\/08\/logo-inmsol.png","type":"image\/png"}],"author":"Javier Torres","twitter_misc":{"Scritto da":"Javier Torres","Tempo di lettura stimato":"2 minuti"},"schema":{"@context":"https:\/\/schema.org","@graph":[{"@type":"Article","@id":"https:\/\/www.inmsol.com\/it\/blog-it-it\/corso-di-formazione-professori-di-spagnolo-come-seconda-lingua-non-nativi\/#article","isPartOf":{"@id":"https:\/\/www.inmsol.com\/it\/blog-it-it\/corso-di-formazione-professori-di-spagnolo-come-seconda-lingua-non-nativi\/"},"author":{"name":"Javier Torres","@id":"https:\/\/www.inmsol.com\/it\/#\/schema\/person\/18f18acd0397ef441e373e79ec3eb6ea"},"headline":"Corso di Formazione per Professori di Spagnolo come Seconda Lingua. Non nativi.","datePublished":"2009-09-03T15:48:24+00:00","dateModified":"2009-09-21T10:04:07+00:00","mainEntityOfPage":{"@id":"https:\/\/www.inmsol.com\/it\/blog-it-it\/corso-di-formazione-professori-di-spagnolo-come-seconda-lingua-non-nativi\/"},"wordCount":500,"publisher":{"@id":"https:\/\/www.inmsol.com\/it\/#organization"},"articleSection":["Blog"],"inLanguage":"it-IT"},{"@type":"WebPage","@id":"https:\/\/www.inmsol.com\/it\/blog-it-it\/corso-di-formazione-professori-di-spagnolo-come-seconda-lingua-non-nativi\/","url":"https:\/\/www.inmsol.com\/it\/blog-it-it\/corso-di-formazione-professori-di-spagnolo-come-seconda-lingua-non-nativi\/","name":"Corso di Formazione per Professori di Spagnolo come Seconda Lingua. Non nativi. &#8226; iNMSOL","isPartOf":{"@id":"https:\/\/www.inmsol.com\/it\/#website"},"datePublished":"2009-09-03T15:48:24+00:00","dateModified":"2009-09-21T10:04:07+00:00","description":"Date Corso di Formazione per Professori di Spagnolo come Seconda Lingua. Non nativi.","breadcrumb":{"@id":"https:\/\/www.inmsol.com\/it\/blog-it-it\/corso-di-formazione-professori-di-spagnolo-come-seconda-lingua-non-nativi\/#breadcrumb"},"inLanguage":"it-IT","potentialAction":[{"@type":"ReadAction","target":["https:\/\/www.inmsol.com\/it\/blog-it-it\/corso-di-formazione-professori-di-spagnolo-come-seconda-lingua-non-nativi\/"]}]},{"@type":"BreadcrumbList","@id":"https:\/\/www.inmsol.com\/it\/blog-it-it\/corso-di-formazione-professori-di-spagnolo-come-seconda-lingua-non-nativi\/#breadcrumb","itemListElement":[{"@type":"ListItem","position":1,"name":"Accredited Center by Instituto Cervantes","item":"https:\/\/www.inmsol.com\/it\/pagina-ejemplo\/"},{"@type":"ListItem","position":2,"name":"Blog","item":"https:\/\/www.inmsol.com\/it\/category\/blog-it-it\/"},{"@type":"ListItem","position":3,"name":"Corso di Formazione per Professori di Spagnolo come Seconda Lingua. Non nativi."}]},{"@type":"WebSite","@id":"https:\/\/www.inmsol.com\/it\/#website","url":"https:\/\/www.inmsol.com\/it\/","name":"iNMSOL","description":"Impara lo spagnolo con noi - Centro di studio accreditato con l'Istituto Cervantes","publisher":{"@id":"https:\/\/www.inmsol.com\/it\/#organization"},"potentialAction":[{"@type":"SearchAction","target":{"@type":"EntryPoint","urlTemplate":"https:\/\/www.inmsol.com\/it\/?s={search_term_string}"},"query-input":{"@type":"PropertyValueSpecification","valueRequired":true,"valueName":"search_term_string"}}],"inLanguage":"it-IT"},{"@type":"Organization","@id":"https:\/\/www.inmsol.com\/it\/#organization","name":"Instituto Mediterr\u00e1neo Sol","url":"https:\/\/www.inmsol.com\/it\/","logo":{"@type":"ImageObject","inLanguage":"it-IT","@id":"https:\/\/www.inmsol.com\/it\/#\/schema\/logo\/image\/","url":"https:\/\/www.inmsol.com\/wp-content\/uploads\/2023\/06\/logo-inmsol-1.png","contentUrl":"https:\/\/www.inmsol.com\/wp-content\/uploads\/2023\/06\/logo-inmsol-1.png","width":136,"height":73,"caption":"Instituto Mediterr\u00e1neo Sol"},"image":{"@id":"https:\/\/www.inmsol.com\/it\/#\/schema\/logo\/image\/"},"sameAs":["https:\/\/www.facebook.com\/spanishcourses","https:\/\/x.com\/StudyInGranada","http:\/\/instagram.com\/imsolgranada","https:\/\/es.linkedin.com\/company\/imsol-granada","https:\/\/www.pinterest.es\/inmsol\/","https:\/\/www.youtube.com\/channel\/UChz-Qn_7coFMosY85iYMO4g"]},{"@type":"Person","@id":"https:\/\/www.inmsol.com\/it\/#\/schema\/person\/18f18acd0397ef441e373e79ec3eb6ea","name":"Javier Torres","image":{"@type":"ImageObject","inLanguage":"it-IT","@id":"https:\/\/secure.gravatar.com\/avatar\/90afa2d6499550218d247408758082af566e5ec3641e1b8eac0d7bb889344a55?s=96&d=mm&r=g","url":"https:\/\/secure.gravatar.com\/avatar\/90afa2d6499550218d247408758082af566e5ec3641e1b8eac0d7bb889344a55?s=96&d=mm&r=g","contentUrl":"https:\/\/secure.gravatar.com\/avatar\/90afa2d6499550218d247408758082af566e5ec3641e1b8eac0d7bb889344a55?s=96&d=mm&r=g","caption":"Javier Torres"},"url":"https:\/\/www.inmsol.com\/it\/author\/javier\/"}]}},"_links":{"self":[{"href":"https:\/\/www.inmsol.com\/it\/wp-json\/wp\/v2\/posts\/159","targetHints":{"allow":["GET"]}}],"collection":[{"href":"https:\/\/www.inmsol.com\/it\/wp-json\/wp\/v2\/posts"}],"about":[{"href":"https:\/\/www.inmsol.com\/it\/wp-json\/wp\/v2\/types\/post"}],"author":[{"embeddable":true,"href":"https:\/\/www.inmsol.com\/it\/wp-json\/wp\/v2\/users\/2"}],"replies":[{"embeddable":true,"href":"https:\/\/www.inmsol.com\/it\/wp-json\/wp\/v2\/comments?post=159"}],"version-history":[{"count":0,"href":"https:\/\/www.inmsol.com\/it\/wp-json\/wp\/v2\/posts\/159\/revisions"}],"wp:attachment":[{"href":"https:\/\/www.inmsol.com\/it\/wp-json\/wp\/v2\/media?parent=159"}],"wp:term":[{"taxonomy":"category","embeddable":true,"href":"https:\/\/www.inmsol.com\/it\/wp-json\/wp\/v2\/categories?post=159"},{"taxonomy":"post_tag","embeddable":true,"href":"https:\/\/www.inmsol.com\/it\/wp-json\/wp\/v2\/tags?post=159"}],"curies":[{"name":"wp","href":"https:\/\/api.w.org\/{rel}","templated":true}]}}