{"id":16364,"date":"2015-07-10T16:01:04","date_gmt":"2015-07-10T14:01:04","guid":{"rendered":"https:\/\/www.inmsol.com\/?p=16364"},"modified":"2023-03-09T12:08:56","modified_gmt":"2023-03-09T11:08:56","slug":"gruppo-di-studenti-svizzeri","status":"publish","type":"post","link":"https:\/\/www.inmsol.com\/it\/blog-it-it\/spagnolo-gruppi-it\/gruppo-di-studenti-svizzeri\/","title":{"rendered":"Gruppo di studenti svizzeri"},"content":{"rendered":"<p>Un <a href=\"https:\/\/www.inmsol.com\/it\/corsi-spagnolo-spagna\/soggiorni-linguistici-spagna\/\" target=\"_blank\" rel=\"noopener\">nuovo gruppo di studenti<\/a> \u00e8 arrivato la settimana scorsa nell&#8217;<a href=\"https:\/\/www.inmsol.com\/it\/\" target=\"_blank\" rel=\"noopener\">Istituto Mediterraneo Sol<\/a>. Questi ragazzi svizzeri hanno trascorso una settimana a <a href=\"https:\/\/www.inmsol.com\/it\/granada-andalusia\/\" target=\"_blank\" rel=\"noopener\">Granada<\/a>, alloggiando con le nostre <a href=\"https:\/\/www.inmsol.com\/it\/alloggio-granada\/\" target=\"_blank\" rel=\"noopener\">famiglie ospitanti<\/a> e svolgendo un <a href=\"https:\/\/www.inmsol.com\/it\/corsi-spagnolo-spagna\/corsi-spagnolo-granada\/corso-intensivo-spagnolo\/\" target=\"_blank\" rel=\"noopener\">corso di spagnolo intensivo<\/a> nella nostra accademia. E davvero \u00e8 stata una settimana molto intensa per loro! Sono riusciti a combinare alla perfezione il corso di spagnolo con molte attivit\u00e0 extracurriculari in giro per la citt\u00e0. Non si sono mai fermati!<\/p>\n<p>Mentre a Granada si \u00e8 celebrata la festa pi\u00f9 importante dell&#8217;anno (la <a href=\"https:\/\/www.inmsol.com\/it\/blog-it-it\/eventi-granada-it-it\/festa-del-corpus-christi-a-granada\/\" target=\"_blank\" rel=\"noopener\">Feria del Corpus Christi<\/a>),i nostri studenti svizzeri hanno partecipato ai festeggiamenti e al particolare clima durante le loro gite nei quartieri st<img decoding=\"async\" class=\" alignright\" src=\"https:\/\/www.inmsol.com\/wp-content\/uploads\/2015\/06\/IMG-20150603-WA0026-460x259.jpg\" alt=\"\" \/>orici dell&#8217;<a href=\"http:\/\/www.albaicin-granada.com\/\" target=\"_blank\" rel=\"noopener\">Albaic\u00edn<\/a> e del Sacromonte. Hanno anche deciso di riservare un&#8217;intera giornata per visitare la costa&#8230; il clima era perfetto per passare una giornata in spiaggia!<\/p>\n<p>Secondo le loro opinioni, il <a href=\"https:\/\/www.inmsol.com\/it\/blog-it-it\/immagini-20-anni-di-ballet-flamenco-de-andalucia\/\" target=\"_blank\" rel=\"noopener\">seminario di Flamenco y Sevillanas<\/a> \u00e8 stata una delle attivit\u00e0 pi\u00f9 emozionanti a cui hanno partecipato. Durante questo seminario sono stati insegnati alcuni passi basici di questi tipici balli spagnoli, apprendendo molto sulla nostra cultura.<\/p>\n<p>Vogliamo ringraziare tutti! Il vostro \u00e8 stato un gruppo meraviglioso e\u00a0ci avete fatto trascorrere una settimana incredibile! Chiss\u00e0&#8230;forse riusciremo a rivederci presto!<\/p>\n<p><strong>\u00a0<\/strong><\/p>\n","protected":false},"excerpt":{"rendered":"<p>Un nuovo gruppo di studenti \u00e8 arrivato la settimana scorsa nell&#8217;Istituto Mediterraneo Sol. Questi ragazzi svizzeri hanno trascorso una settimana a Granada, alloggiando con le nostre famiglie ospitanti e svolgendo un corso di spagnolo intensivo nella nostra accademia. E davvero \u00e8 stata una settimana molto&#8230;<\/p>\n","protected":false},"author":3,"featured_media":15715,"comment_status":"closed","ping_status":"closed","sticky":false,"template":"","format":"standard","meta":{"_acf_changed":false,"footnotes":""},"categories":[35],"tags":[],"class_list":["post-16364","post","type-post","status-publish","format-standard","has-post-thumbnail","hentry","category-spagnolo-gruppi-it"],"acf":[],"yoast_head":"<!-- This site is optimized with the Yoast SEO plugin v27.5 - https:\/\/yoast.com\/product\/yoast-seo-wordpress\/ -->\n<title>Gruppo di studenti svizzeri &#8226; iNMSOL<\/title>\n<meta name=\"description\" content=\"Un nuovo gruppo di studenti \u00e8 arrivato la settimana scorsa nell&#039;Istituto Mediterraneo Sol. Questi ragazzi svizzeri hanno trascorso una settimana a Granada\" \/>\n<meta name=\"robots\" content=\"index, follow, max-snippet:-1, max-image-preview:large, max-video-preview:-1\" \/>\n<link rel=\"canonical\" href=\"https:\/\/www.inmsol.com\/it\/blog-it-it\/spagnolo-gruppi-it\/gruppo-di-studenti-svizzeri\/\" \/>\n<meta property=\"og:locale\" content=\"it_IT\" \/>\n<meta property=\"og:type\" content=\"article\" \/>\n<meta property=\"og:title\" content=\"Gruppo di studenti svizzeri &#8226; iNMSOL\" \/>\n<meta property=\"og:description\" content=\"Un nuovo gruppo di studenti \u00e8 arrivato la settimana scorsa nell&#039;Istituto Mediterraneo Sol. Questi ragazzi svizzeri hanno trascorso una settimana a Granada\" \/>\n<meta property=\"og:url\" content=\"https:\/\/www.inmsol.com\/it\/blog-it-it\/spagnolo-gruppi-it\/gruppo-di-studenti-svizzeri\/\" \/>\n<meta property=\"og:site_name\" content=\"iNMSOL\" \/>\n<meta property=\"article:publisher\" content=\"https:\/\/www.facebook.com\/spanishcourses\" \/>\n<meta property=\"article:published_time\" content=\"2015-07-10T14:01:04+00:00\" \/>\n<meta property=\"article:modified_time\" content=\"2023-03-09T11:08:56+00:00\" \/>\n<meta property=\"og:image\" content=\"https:\/\/www.inmsol.com\/wp-content\/uploads\/2015\/06\/IMG-20150603-WA0009.jpg\" \/>\n\t<meta property=\"og:image:width\" content=\"960\" \/>\n\t<meta property=\"og:image:height\" content=\"1280\" \/>\n\t<meta property=\"og:image:type\" content=\"image\/jpeg\" \/>\n<meta name=\"author\" content=\"- Instituto Mediterr\u00e1neo Sol\" \/>\n<meta name=\"twitter:label1\" content=\"Scritto da\" \/>\n\t<meta name=\"twitter:data1\" content=\"- Instituto Mediterr\u00e1neo Sol\" \/>\n\t<meta name=\"twitter:label2\" content=\"Tempo di lettura stimato\" \/>\n\t<meta name=\"twitter:data2\" content=\"1 minuto\" \/>\n<script type=\"application\/ld+json\" class=\"yoast-schema-graph\">{\"@context\":\"https:\\\/\\\/schema.org\",\"@graph\":[{\"@type\":\"Article\",\"@id\":\"https:\\\/\\\/www.inmsol.com\\\/it\\\/blog-it-it\\\/spagnolo-gruppi-it\\\/gruppo-di-studenti-svizzeri\\\/#article\",\"isPartOf\":{\"@id\":\"https:\\\/\\\/www.inmsol.com\\\/it\\\/blog-it-it\\\/spagnolo-gruppi-it\\\/gruppo-di-studenti-svizzeri\\\/\"},\"author\":{\"name\":\"- Instituto Mediterr\u00e1neo Sol\",\"@id\":\"https:\\\/\\\/www.inmsol.com\\\/it\\\/#\\\/schema\\\/person\\\/94a7a01d14a56d1fbc49c841ffc57fe9\"},\"headline\":\"Gruppo di studenti svizzeri\",\"datePublished\":\"2015-07-10T14:01:04+00:00\",\"dateModified\":\"2023-03-09T11:08:56+00:00\",\"mainEntityOfPage\":{\"@id\":\"https:\\\/\\\/www.inmsol.com\\\/it\\\/blog-it-it\\\/spagnolo-gruppi-it\\\/gruppo-di-studenti-svizzeri\\\/\"},\"wordCount\":200,\"publisher\":{\"@id\":\"https:\\\/\\\/www.inmsol.com\\\/it\\\/#organization\"},\"image\":{\"@id\":\"https:\\\/\\\/www.inmsol.com\\\/it\\\/blog-it-it\\\/spagnolo-gruppi-it\\\/gruppo-di-studenti-svizzeri\\\/#primaryimage\"},\"thumbnailUrl\":\"https:\\\/\\\/www.inmsol.com\\\/wp-content\\\/uploads\\\/2015\\\/06\\\/IMG-20150603-WA0009.jpg\",\"articleSection\":[\"Spagnolo per gruppi\"],\"inLanguage\":\"it-IT\"},{\"@type\":\"WebPage\",\"@id\":\"https:\\\/\\\/www.inmsol.com\\\/it\\\/blog-it-it\\\/spagnolo-gruppi-it\\\/gruppo-di-studenti-svizzeri\\\/\",\"url\":\"https:\\\/\\\/www.inmsol.com\\\/it\\\/blog-it-it\\\/spagnolo-gruppi-it\\\/gruppo-di-studenti-svizzeri\\\/\",\"name\":\"Gruppo di studenti svizzeri &#8226; iNMSOL\",\"isPartOf\":{\"@id\":\"https:\\\/\\\/www.inmsol.com\\\/it\\\/#website\"},\"primaryImageOfPage\":{\"@id\":\"https:\\\/\\\/www.inmsol.com\\\/it\\\/blog-it-it\\\/spagnolo-gruppi-it\\\/gruppo-di-studenti-svizzeri\\\/#primaryimage\"},\"image\":{\"@id\":\"https:\\\/\\\/www.inmsol.com\\\/it\\\/blog-it-it\\\/spagnolo-gruppi-it\\\/gruppo-di-studenti-svizzeri\\\/#primaryimage\"},\"thumbnailUrl\":\"https:\\\/\\\/www.inmsol.com\\\/wp-content\\\/uploads\\\/2015\\\/06\\\/IMG-20150603-WA0009.jpg\",\"datePublished\":\"2015-07-10T14:01:04+00:00\",\"dateModified\":\"2023-03-09T11:08:56+00:00\",\"description\":\"Un nuovo gruppo di studenti \u00e8 arrivato la settimana scorsa nell'Istituto Mediterraneo Sol. Questi ragazzi svizzeri hanno trascorso una settimana a Granada\",\"breadcrumb\":{\"@id\":\"https:\\\/\\\/www.inmsol.com\\\/it\\\/blog-it-it\\\/spagnolo-gruppi-it\\\/gruppo-di-studenti-svizzeri\\\/#breadcrumb\"},\"inLanguage\":\"it-IT\",\"potentialAction\":[{\"@type\":\"ReadAction\",\"target\":[\"https:\\\/\\\/www.inmsol.com\\\/it\\\/blog-it-it\\\/spagnolo-gruppi-it\\\/gruppo-di-studenti-svizzeri\\\/\"]}]},{\"@type\":\"ImageObject\",\"inLanguage\":\"it-IT\",\"@id\":\"https:\\\/\\\/www.inmsol.com\\\/it\\\/blog-it-it\\\/spagnolo-gruppi-it\\\/gruppo-di-studenti-svizzeri\\\/#primaryimage\",\"url\":\"https:\\\/\\\/www.inmsol.com\\\/wp-content\\\/uploads\\\/2015\\\/06\\\/IMG-20150603-WA0009.jpg\",\"contentUrl\":\"https:\\\/\\\/www.inmsol.com\\\/wp-content\\\/uploads\\\/2015\\\/06\\\/IMG-20150603-WA0009.jpg\",\"width\":960,\"height\":1280},{\"@type\":\"BreadcrumbList\",\"@id\":\"https:\\\/\\\/www.inmsol.com\\\/it\\\/blog-it-it\\\/spagnolo-gruppi-it\\\/gruppo-di-studenti-svizzeri\\\/#breadcrumb\",\"itemListElement\":[{\"@type\":\"ListItem\",\"position\":1,\"name\":\"Accredited Center by Instituto Cervantes\",\"item\":\"https:\\\/\\\/www.inmsol.com\\\/it\\\/pagina-ejemplo\\\/\"},{\"@type\":\"ListItem\",\"position\":2,\"name\":\"Blog\",\"item\":\"https:\\\/\\\/www.inmsol.com\\\/it\\\/category\\\/blog-it-it\\\/\"},{\"@type\":\"ListItem\",\"position\":3,\"name\":\"Spagnolo per gruppi\",\"item\":\"https:\\\/\\\/www.inmsol.com\\\/it\\\/category\\\/blog-it-it\\\/spagnolo-gruppi-it\\\/\"},{\"@type\":\"ListItem\",\"position\":4,\"name\":\"Gruppo di studenti svizzeri\"}]},{\"@type\":\"WebSite\",\"@id\":\"https:\\\/\\\/www.inmsol.com\\\/it\\\/#website\",\"url\":\"https:\\\/\\\/www.inmsol.com\\\/it\\\/\",\"name\":\"iNMSOL\",\"description\":\"Impara lo spagnolo con noi - Centro di studio accreditato con l'Istituto Cervantes\",\"publisher\":{\"@id\":\"https:\\\/\\\/www.inmsol.com\\\/it\\\/#organization\"},\"potentialAction\":[{\"@type\":\"SearchAction\",\"target\":{\"@type\":\"EntryPoint\",\"urlTemplate\":\"https:\\\/\\\/www.inmsol.com\\\/it\\\/?s={search_term_string}\"},\"query-input\":{\"@type\":\"PropertyValueSpecification\",\"valueRequired\":true,\"valueName\":\"search_term_string\"}}],\"inLanguage\":\"it-IT\"},{\"@type\":\"Organization\",\"@id\":\"https:\\\/\\\/www.inmsol.com\\\/it\\\/#organization\",\"name\":\"Instituto Mediterr\u00e1neo Sol\",\"url\":\"https:\\\/\\\/www.inmsol.com\\\/it\\\/\",\"logo\":{\"@type\":\"ImageObject\",\"inLanguage\":\"it-IT\",\"@id\":\"https:\\\/\\\/www.inmsol.com\\\/it\\\/#\\\/schema\\\/logo\\\/image\\\/\",\"url\":\"https:\\\/\\\/www.inmsol.com\\\/wp-content\\\/uploads\\\/2023\\\/06\\\/logo-inmsol-1.png\",\"contentUrl\":\"https:\\\/\\\/www.inmsol.com\\\/wp-content\\\/uploads\\\/2023\\\/06\\\/logo-inmsol-1.png\",\"width\":136,\"height\":73,\"caption\":\"Instituto Mediterr\u00e1neo Sol\"},\"image\":{\"@id\":\"https:\\\/\\\/www.inmsol.com\\\/it\\\/#\\\/schema\\\/logo\\\/image\\\/\"},\"sameAs\":[\"https:\\\/\\\/www.facebook.com\\\/spanishcourses\",\"https:\\\/\\\/x.com\\\/StudyInGranada\",\"http:\\\/\\\/instagram.com\\\/imsolgranada\",\"https:\\\/\\\/es.linkedin.com\\\/company\\\/imsol-granada\",\"https:\\\/\\\/www.pinterest.es\\\/inmsol\\\/\",\"https:\\\/\\\/www.youtube.com\\\/channel\\\/UChz-Qn_7coFMosY85iYMO4g\"]},{\"@type\":\"Person\",\"@id\":\"https:\\\/\\\/www.inmsol.com\\\/it\\\/#\\\/schema\\\/person\\\/94a7a01d14a56d1fbc49c841ffc57fe9\",\"name\":\"- Instituto Mediterr\u00e1neo Sol\",\"image\":{\"@type\":\"ImageObject\",\"inLanguage\":\"it-IT\",\"@id\":\"https:\\\/\\\/secure.gravatar.com\\\/avatar\\\/5607fdabdf1b548b6095cc3d43079829bc1497403e70dd34004e7204a8fef62b?s=96&d=mm&r=g\",\"url\":\"https:\\\/\\\/secure.gravatar.com\\\/avatar\\\/5607fdabdf1b548b6095cc3d43079829bc1497403e70dd34004e7204a8fef62b?s=96&d=mm&r=g\",\"contentUrl\":\"https:\\\/\\\/secure.gravatar.com\\\/avatar\\\/5607fdabdf1b548b6095cc3d43079829bc1497403e70dd34004e7204a8fef62b?s=96&d=mm&r=g\",\"caption\":\"- Instituto Mediterr\u00e1neo Sol\"},\"url\":\"https:\\\/\\\/www.inmsol.com\\\/it\\\/author\\\/laura\\\/\"}]}<\/script>\n<!-- \/ Yoast SEO plugin. -->","yoast_head_json":{"title":"Gruppo di studenti svizzeri &#8226; iNMSOL","description":"Un nuovo gruppo di studenti \u00e8 arrivato la settimana scorsa nell'Istituto Mediterraneo Sol. Questi ragazzi svizzeri hanno trascorso una settimana a Granada","robots":{"index":"index","follow":"follow","max-snippet":"max-snippet:-1","max-image-preview":"max-image-preview:large","max-video-preview":"max-video-preview:-1"},"canonical":"https:\/\/www.inmsol.com\/it\/blog-it-it\/spagnolo-gruppi-it\/gruppo-di-studenti-svizzeri\/","og_locale":"it_IT","og_type":"article","og_title":"Gruppo di studenti svizzeri &#8226; iNMSOL","og_description":"Un nuovo gruppo di studenti \u00e8 arrivato la settimana scorsa nell'Istituto Mediterraneo Sol. Questi ragazzi svizzeri hanno trascorso una settimana a Granada","og_url":"https:\/\/www.inmsol.com\/it\/blog-it-it\/spagnolo-gruppi-it\/gruppo-di-studenti-svizzeri\/","og_site_name":"iNMSOL","article_publisher":"https:\/\/www.facebook.com\/spanishcourses","article_published_time":"2015-07-10T14:01:04+00:00","article_modified_time":"2023-03-09T11:08:56+00:00","og_image":[{"width":960,"height":1280,"url":"https:\/\/www.inmsol.com\/wp-content\/uploads\/2015\/06\/IMG-20150603-WA0009.jpg","type":"image\/jpeg"}],"author":"- Instituto Mediterr\u00e1neo Sol","twitter_misc":{"Scritto da":"- Instituto Mediterr\u00e1neo Sol","Tempo di lettura stimato":"1 minuto"},"schema":{"@context":"https:\/\/schema.org","@graph":[{"@type":"Article","@id":"https:\/\/www.inmsol.com\/it\/blog-it-it\/spagnolo-gruppi-it\/gruppo-di-studenti-svizzeri\/#article","isPartOf":{"@id":"https:\/\/www.inmsol.com\/it\/blog-it-it\/spagnolo-gruppi-it\/gruppo-di-studenti-svizzeri\/"},"author":{"name":"- Instituto Mediterr\u00e1neo Sol","@id":"https:\/\/www.inmsol.com\/it\/#\/schema\/person\/94a7a01d14a56d1fbc49c841ffc57fe9"},"headline":"Gruppo di studenti svizzeri","datePublished":"2015-07-10T14:01:04+00:00","dateModified":"2023-03-09T11:08:56+00:00","mainEntityOfPage":{"@id":"https:\/\/www.inmsol.com\/it\/blog-it-it\/spagnolo-gruppi-it\/gruppo-di-studenti-svizzeri\/"},"wordCount":200,"publisher":{"@id":"https:\/\/www.inmsol.com\/it\/#organization"},"image":{"@id":"https:\/\/www.inmsol.com\/it\/blog-it-it\/spagnolo-gruppi-it\/gruppo-di-studenti-svizzeri\/#primaryimage"},"thumbnailUrl":"https:\/\/www.inmsol.com\/wp-content\/uploads\/2015\/06\/IMG-20150603-WA0009.jpg","articleSection":["Spagnolo per gruppi"],"inLanguage":"it-IT"},{"@type":"WebPage","@id":"https:\/\/www.inmsol.com\/it\/blog-it-it\/spagnolo-gruppi-it\/gruppo-di-studenti-svizzeri\/","url":"https:\/\/www.inmsol.com\/it\/blog-it-it\/spagnolo-gruppi-it\/gruppo-di-studenti-svizzeri\/","name":"Gruppo di studenti svizzeri &#8226; iNMSOL","isPartOf":{"@id":"https:\/\/www.inmsol.com\/it\/#website"},"primaryImageOfPage":{"@id":"https:\/\/www.inmsol.com\/it\/blog-it-it\/spagnolo-gruppi-it\/gruppo-di-studenti-svizzeri\/#primaryimage"},"image":{"@id":"https:\/\/www.inmsol.com\/it\/blog-it-it\/spagnolo-gruppi-it\/gruppo-di-studenti-svizzeri\/#primaryimage"},"thumbnailUrl":"https:\/\/www.inmsol.com\/wp-content\/uploads\/2015\/06\/IMG-20150603-WA0009.jpg","datePublished":"2015-07-10T14:01:04+00:00","dateModified":"2023-03-09T11:08:56+00:00","description":"Un nuovo gruppo di studenti \u00e8 arrivato la settimana scorsa nell'Istituto Mediterraneo Sol. Questi ragazzi svizzeri hanno trascorso una settimana a Granada","breadcrumb":{"@id":"https:\/\/www.inmsol.com\/it\/blog-it-it\/spagnolo-gruppi-it\/gruppo-di-studenti-svizzeri\/#breadcrumb"},"inLanguage":"it-IT","potentialAction":[{"@type":"ReadAction","target":["https:\/\/www.inmsol.com\/it\/blog-it-it\/spagnolo-gruppi-it\/gruppo-di-studenti-svizzeri\/"]}]},{"@type":"ImageObject","inLanguage":"it-IT","@id":"https:\/\/www.inmsol.com\/it\/blog-it-it\/spagnolo-gruppi-it\/gruppo-di-studenti-svizzeri\/#primaryimage","url":"https:\/\/www.inmsol.com\/wp-content\/uploads\/2015\/06\/IMG-20150603-WA0009.jpg","contentUrl":"https:\/\/www.inmsol.com\/wp-content\/uploads\/2015\/06\/IMG-20150603-WA0009.jpg","width":960,"height":1280},{"@type":"BreadcrumbList","@id":"https:\/\/www.inmsol.com\/it\/blog-it-it\/spagnolo-gruppi-it\/gruppo-di-studenti-svizzeri\/#breadcrumb","itemListElement":[{"@type":"ListItem","position":1,"name":"Accredited Center by Instituto Cervantes","item":"https:\/\/www.inmsol.com\/it\/pagina-ejemplo\/"},{"@type":"ListItem","position":2,"name":"Blog","item":"https:\/\/www.inmsol.com\/it\/category\/blog-it-it\/"},{"@type":"ListItem","position":3,"name":"Spagnolo per gruppi","item":"https:\/\/www.inmsol.com\/it\/category\/blog-it-it\/spagnolo-gruppi-it\/"},{"@type":"ListItem","position":4,"name":"Gruppo di studenti svizzeri"}]},{"@type":"WebSite","@id":"https:\/\/www.inmsol.com\/it\/#website","url":"https:\/\/www.inmsol.com\/it\/","name":"iNMSOL","description":"Impara lo spagnolo con noi - Centro di studio accreditato con l'Istituto Cervantes","publisher":{"@id":"https:\/\/www.inmsol.com\/it\/#organization"},"potentialAction":[{"@type":"SearchAction","target":{"@type":"EntryPoint","urlTemplate":"https:\/\/www.inmsol.com\/it\/?s={search_term_string}"},"query-input":{"@type":"PropertyValueSpecification","valueRequired":true,"valueName":"search_term_string"}}],"inLanguage":"it-IT"},{"@type":"Organization","@id":"https:\/\/www.inmsol.com\/it\/#organization","name":"Instituto Mediterr\u00e1neo Sol","url":"https:\/\/www.inmsol.com\/it\/","logo":{"@type":"ImageObject","inLanguage":"it-IT","@id":"https:\/\/www.inmsol.com\/it\/#\/schema\/logo\/image\/","url":"https:\/\/www.inmsol.com\/wp-content\/uploads\/2023\/06\/logo-inmsol-1.png","contentUrl":"https:\/\/www.inmsol.com\/wp-content\/uploads\/2023\/06\/logo-inmsol-1.png","width":136,"height":73,"caption":"Instituto Mediterr\u00e1neo Sol"},"image":{"@id":"https:\/\/www.inmsol.com\/it\/#\/schema\/logo\/image\/"},"sameAs":["https:\/\/www.facebook.com\/spanishcourses","https:\/\/x.com\/StudyInGranada","http:\/\/instagram.com\/imsolgranada","https:\/\/es.linkedin.com\/company\/imsol-granada","https:\/\/www.pinterest.es\/inmsol\/","https:\/\/www.youtube.com\/channel\/UChz-Qn_7coFMosY85iYMO4g"]},{"@type":"Person","@id":"https:\/\/www.inmsol.com\/it\/#\/schema\/person\/94a7a01d14a56d1fbc49c841ffc57fe9","name":"- Instituto Mediterr\u00e1neo Sol","image":{"@type":"ImageObject","inLanguage":"it-IT","@id":"https:\/\/secure.gravatar.com\/avatar\/5607fdabdf1b548b6095cc3d43079829bc1497403e70dd34004e7204a8fef62b?s=96&d=mm&r=g","url":"https:\/\/secure.gravatar.com\/avatar\/5607fdabdf1b548b6095cc3d43079829bc1497403e70dd34004e7204a8fef62b?s=96&d=mm&r=g","contentUrl":"https:\/\/secure.gravatar.com\/avatar\/5607fdabdf1b548b6095cc3d43079829bc1497403e70dd34004e7204a8fef62b?s=96&d=mm&r=g","caption":"- Instituto Mediterr\u00e1neo Sol"},"url":"https:\/\/www.inmsol.com\/it\/author\/laura\/"}]}},"_links":{"self":[{"href":"https:\/\/www.inmsol.com\/it\/wp-json\/wp\/v2\/posts\/16364","targetHints":{"allow":["GET"]}}],"collection":[{"href":"https:\/\/www.inmsol.com\/it\/wp-json\/wp\/v2\/posts"}],"about":[{"href":"https:\/\/www.inmsol.com\/it\/wp-json\/wp\/v2\/types\/post"}],"author":[{"embeddable":true,"href":"https:\/\/www.inmsol.com\/it\/wp-json\/wp\/v2\/users\/3"}],"replies":[{"embeddable":true,"href":"https:\/\/www.inmsol.com\/it\/wp-json\/wp\/v2\/comments?post=16364"}],"version-history":[{"count":0,"href":"https:\/\/www.inmsol.com\/it\/wp-json\/wp\/v2\/posts\/16364\/revisions"}],"wp:featuredmedia":[{"embeddable":true,"href":"https:\/\/www.inmsol.com\/it\/wp-json\/wp\/v2\/media\/15715"}],"wp:attachment":[{"href":"https:\/\/www.inmsol.com\/it\/wp-json\/wp\/v2\/media?parent=16364"}],"wp:term":[{"taxonomy":"category","embeddable":true,"href":"https:\/\/www.inmsol.com\/it\/wp-json\/wp\/v2\/categories?post=16364"},{"taxonomy":"post_tag","embeddable":true,"href":"https:\/\/www.inmsol.com\/it\/wp-json\/wp\/v2\/tags?post=16364"}],"curies":[{"name":"wp","href":"https:\/\/api.w.org\/{rel}","templated":true}]}}