{"id":17281,"date":"2015-08-03T15:28:14","date_gmt":"2015-08-03T13:28:14","guid":{"rendered":"https:\/\/www.inmsol.com\/?p=17281"},"modified":"2019-05-22T14:58:56","modified_gmt":"2019-05-22T12:58:56","slug":"festival-musicale-nella-parte-storica-di-salobrena","status":"publish","type":"post","link":"https:\/\/www.inmsol.com\/it\/blog-it-it\/festival-musicale-nella-parte-storica-di-salobrena\/","title":{"rendered":"Festival musicale nella parte storica di Salobre\u00f1a"},"content":{"rendered":"<p>\u00c8 tornato questa estate con la sua IV edizione il festival musicale nel centro storico di <a href=\"https:\/\/en.wikipedia.org\/wiki\/Salobre%C3%B1a\" target=\"_blank\" rel=\"noopener noreferrer\">Salobre\u00f1a<\/a>, un piccolo paese sul mare nella provincia di <a href=\"https:\/\/www.inmsol.com\/it\/granada-andalusia\/\" target=\"_blank\" rel=\"noopener noreferrer\">Granada<\/a>.<\/p>\n<p>Il festival propone una serie di piccoli concerti con differenti stili musicali nelle zone pi\u00f9 affascinanti della parte antica della citt\u00e0.<\/p>\n<p>&nbsp;<\/p>\n<p>L&#8217;evento \u00e8 gi\u00e0 cominciato al principio di luglio e durer\u00e0 fino alla fine di agosto, con uno spettacolo differente ogni gioved\u00ec della settimana, alle ore 22.<\/p>\n<p>Sia i turisti che gli abitanti potranno ascoltare jazz, blues, bossa nova o flamenco e godersi gli spettacoli nei luoghi migliori di Salobre\u00f1a come il <a href=\"http:\/\/maikailusion.jimdo.com\/mirador-de-enrique-morente-salobre%C3%B1a\/\" target=\"_blank\" rel=\"noopener noreferrer\">punto panoramico di Enrique Morente<\/a>, le piccole strade che circondano il castello o l&#8217;antica piazza del &#8220;Ayuntamiento de la Villa&#8221;.<\/p>\n<p><img fetchpriority=\"high\" decoding=\"async\" class=\"alignnone size-medium wp-image-43016\" src=\"https:\/\/www.inmsol.com\/wp-content\/uploads\/2015\/08\/msica-en-los-rincones-de-salobrea-318x300.jpg\" alt=\"\" width=\"318\" height=\"300\" srcset=\"https:\/\/www.inmsol.com\/wp-content\/uploads\/2015\/08\/msica-en-los-rincones-de-salobrea-318x300.jpg 318w, https:\/\/www.inmsol.com\/wp-content\/uploads\/2015\/08\/msica-en-los-rincones-de-salobrea-64x60.jpg 64w, https:\/\/www.inmsol.com\/wp-content\/uploads\/2015\/08\/msica-en-los-rincones-de-salobrea-600x566.jpg 600w, https:\/\/www.inmsol.com\/wp-content\/uploads\/2015\/08\/msica-en-los-rincones-de-salobrea-768x725.jpg 768w, https:\/\/www.inmsol.com\/wp-content\/uploads\/2015\/08\/msica-en-los-rincones-de-salobrea-212x200.jpg 212w, https:\/\/www.inmsol.com\/wp-content\/uploads\/2015\/08\/msica-en-los-rincones-de-salobrea-424x400.jpg 424w, https:\/\/www.inmsol.com\/wp-content\/uploads\/2015\/08\/msica-en-los-rincones-de-salobrea.jpg 800w\" sizes=\"(max-width: 318px) 100vw, 318px\" \/><\/p>\n<p>\u00c8 un&#8217;opportunit\u00e0 perfetta per passare una serata sul mare, ascoltando buona musica con i vostri amici o la famiglia. Il paese \u00e8 molto vicino a Granada ed \u00e8 raggiungibile con un bus in meno di un&#8217;ora!<\/p>\n<p>Per ulteriori informazioni riguardanti il proramma potete cliccare <a href=\"http:\/\/www.ayto-salobrena.es\/web\/2014\/07\/01\/musica-en-los-rincones\/\" target=\"_blank\" rel=\"noopener noreferrer\">qui<\/a>.<\/p>\n","protected":false},"excerpt":{"rendered":"<p>\u00c8 tornato questa estate con la sua IV edizione il festival musicale nel centro storico di Salobre\u00f1a, un piccolo paese sul mare nella provincia di Granada. Il festival propone una serie di piccoli concerti con differenti stili musicali nelle zone pi\u00f9 affascinanti della parte antica&#8230;<\/p>\n","protected":false},"author":3,"featured_media":43016,"comment_status":"closed","ping_status":"closed","sticky":false,"template":"","format":"standard","meta":{"_acf_changed":false,"footnotes":""},"categories":[6],"tags":[],"class_list":["post-17281","post","type-post","status-publish","format-standard","has-post-thumbnail","hentry","category-blog-it-it"],"acf":[],"yoast_head":"<!-- This site is optimized with the Yoast SEO plugin v27.5 - https:\/\/yoast.com\/product\/yoast-seo-wordpress\/ -->\n<title>Festival musicale nella parte storica di Salobre\u00f1a<\/title>\n<meta name=\"description\" content=\"\u00c8 tornato questa estate con la sua IV edizione il festival musicale nel centro storico di Salobre\u00f1a, un piccolo paese sul mare nella provincia di Granada.\" \/>\n<meta name=\"robots\" content=\"index, follow, max-snippet:-1, max-image-preview:large, max-video-preview:-1\" \/>\n<link rel=\"canonical\" href=\"https:\/\/www.inmsol.com\/it\/blog-it-it\/festival-musicale-nella-parte-storica-di-salobrena\/\" \/>\n<meta property=\"og:locale\" content=\"it_IT\" \/>\n<meta property=\"og:type\" content=\"article\" \/>\n<meta property=\"og:title\" content=\"Festival musicale nella parte storica di Salobre\u00f1a\" \/>\n<meta property=\"og:description\" content=\"\u00c8 tornato questa estate con la sua IV edizione il festival musicale nel centro storico di Salobre\u00f1a, un piccolo paese sul mare nella provincia di Granada.\" \/>\n<meta property=\"og:url\" content=\"https:\/\/www.inmsol.com\/it\/blog-it-it\/festival-musicale-nella-parte-storica-di-salobrena\/\" \/>\n<meta property=\"og:site_name\" content=\"iNMSOL\" \/>\n<meta property=\"article:publisher\" content=\"https:\/\/www.facebook.com\/spanishcourses\" \/>\n<meta property=\"article:published_time\" content=\"2015-08-03T13:28:14+00:00\" \/>\n<meta property=\"article:modified_time\" content=\"2019-05-22T12:58:56+00:00\" \/>\n<meta property=\"og:image\" content=\"https:\/\/www.inmsol.com\/wp-content\/uploads\/2015\/08\/msica-en-los-rincones-de-salobrea.jpg\" \/>\n\t<meta property=\"og:image:width\" content=\"800\" \/>\n\t<meta property=\"og:image:height\" content=\"755\" \/>\n\t<meta property=\"og:image:type\" content=\"image\/jpeg\" \/>\n<meta name=\"author\" content=\"- Instituto Mediterr\u00e1neo Sol\" \/>\n<meta name=\"twitter:label1\" content=\"Scritto da\" \/>\n\t<meta name=\"twitter:data1\" content=\"- Instituto Mediterr\u00e1neo Sol\" \/>\n\t<meta name=\"twitter:label2\" content=\"Tempo di lettura stimato\" \/>\n\t<meta name=\"twitter:data2\" content=\"1 minuto\" \/>\n<script type=\"application\/ld+json\" class=\"yoast-schema-graph\">{\"@context\":\"https:\\\/\\\/schema.org\",\"@graph\":[{\"@type\":\"Article\",\"@id\":\"https:\\\/\\\/www.inmsol.com\\\/it\\\/blog-it-it\\\/festival-musicale-nella-parte-storica-di-salobrena\\\/#article\",\"isPartOf\":{\"@id\":\"https:\\\/\\\/www.inmsol.com\\\/it\\\/blog-it-it\\\/festival-musicale-nella-parte-storica-di-salobrena\\\/\"},\"author\":{\"name\":\"- Instituto Mediterr\u00e1neo Sol\",\"@id\":\"https:\\\/\\\/www.inmsol.com\\\/it\\\/#\\\/schema\\\/person\\\/94a7a01d14a56d1fbc49c841ffc57fe9\"},\"headline\":\"Festival musicale nella parte storica di Salobre\u00f1a\",\"datePublished\":\"2015-08-03T13:28:14+00:00\",\"dateModified\":\"2019-05-22T12:58:56+00:00\",\"mainEntityOfPage\":{\"@id\":\"https:\\\/\\\/www.inmsol.com\\\/it\\\/blog-it-it\\\/festival-musicale-nella-parte-storica-di-salobrena\\\/\"},\"wordCount\":172,\"publisher\":{\"@id\":\"https:\\\/\\\/www.inmsol.com\\\/it\\\/#organization\"},\"image\":{\"@id\":\"https:\\\/\\\/www.inmsol.com\\\/it\\\/blog-it-it\\\/festival-musicale-nella-parte-storica-di-salobrena\\\/#primaryimage\"},\"thumbnailUrl\":\"https:\\\/\\\/www.inmsol.com\\\/wp-content\\\/uploads\\\/2015\\\/08\\\/msica-en-los-rincones-de-salobrea.jpg\",\"articleSection\":[\"Blog\"],\"inLanguage\":\"it-IT\"},{\"@type\":\"WebPage\",\"@id\":\"https:\\\/\\\/www.inmsol.com\\\/it\\\/blog-it-it\\\/festival-musicale-nella-parte-storica-di-salobrena\\\/\",\"url\":\"https:\\\/\\\/www.inmsol.com\\\/it\\\/blog-it-it\\\/festival-musicale-nella-parte-storica-di-salobrena\\\/\",\"name\":\"Festival musicale nella parte storica di Salobre\u00f1a\",\"isPartOf\":{\"@id\":\"https:\\\/\\\/www.inmsol.com\\\/it\\\/#website\"},\"primaryImageOfPage\":{\"@id\":\"https:\\\/\\\/www.inmsol.com\\\/it\\\/blog-it-it\\\/festival-musicale-nella-parte-storica-di-salobrena\\\/#primaryimage\"},\"image\":{\"@id\":\"https:\\\/\\\/www.inmsol.com\\\/it\\\/blog-it-it\\\/festival-musicale-nella-parte-storica-di-salobrena\\\/#primaryimage\"},\"thumbnailUrl\":\"https:\\\/\\\/www.inmsol.com\\\/wp-content\\\/uploads\\\/2015\\\/08\\\/msica-en-los-rincones-de-salobrea.jpg\",\"datePublished\":\"2015-08-03T13:28:14+00:00\",\"dateModified\":\"2019-05-22T12:58:56+00:00\",\"description\":\"\u00c8 tornato questa estate con la sua IV edizione il festival musicale nel centro storico di Salobre\u00f1a, un piccolo paese sul mare nella provincia di Granada.\",\"breadcrumb\":{\"@id\":\"https:\\\/\\\/www.inmsol.com\\\/it\\\/blog-it-it\\\/festival-musicale-nella-parte-storica-di-salobrena\\\/#breadcrumb\"},\"inLanguage\":\"it-IT\",\"potentialAction\":[{\"@type\":\"ReadAction\",\"target\":[\"https:\\\/\\\/www.inmsol.com\\\/it\\\/blog-it-it\\\/festival-musicale-nella-parte-storica-di-salobrena\\\/\"]}]},{\"@type\":\"ImageObject\",\"inLanguage\":\"it-IT\",\"@id\":\"https:\\\/\\\/www.inmsol.com\\\/it\\\/blog-it-it\\\/festival-musicale-nella-parte-storica-di-salobrena\\\/#primaryimage\",\"url\":\"https:\\\/\\\/www.inmsol.com\\\/wp-content\\\/uploads\\\/2015\\\/08\\\/msica-en-los-rincones-de-salobrea.jpg\",\"contentUrl\":\"https:\\\/\\\/www.inmsol.com\\\/wp-content\\\/uploads\\\/2015\\\/08\\\/msica-en-los-rincones-de-salobrea.jpg\",\"width\":800,\"height\":755},{\"@type\":\"BreadcrumbList\",\"@id\":\"https:\\\/\\\/www.inmsol.com\\\/it\\\/blog-it-it\\\/festival-musicale-nella-parte-storica-di-salobrena\\\/#breadcrumb\",\"itemListElement\":[{\"@type\":\"ListItem\",\"position\":1,\"name\":\"Accredited Center by Instituto Cervantes\",\"item\":\"https:\\\/\\\/www.inmsol.com\\\/it\\\/pagina-ejemplo\\\/\"},{\"@type\":\"ListItem\",\"position\":2,\"name\":\"Blog\",\"item\":\"https:\\\/\\\/www.inmsol.com\\\/it\\\/category\\\/blog-it-it\\\/\"},{\"@type\":\"ListItem\",\"position\":3,\"name\":\"Festival musicale nella parte storica di Salobre\u00f1a\"}]},{\"@type\":\"WebSite\",\"@id\":\"https:\\\/\\\/www.inmsol.com\\\/it\\\/#website\",\"url\":\"https:\\\/\\\/www.inmsol.com\\\/it\\\/\",\"name\":\"iNMSOL\",\"description\":\"Impara lo spagnolo con noi - Centro di studio accreditato con l'Istituto Cervantes\",\"publisher\":{\"@id\":\"https:\\\/\\\/www.inmsol.com\\\/it\\\/#organization\"},\"potentialAction\":[{\"@type\":\"SearchAction\",\"target\":{\"@type\":\"EntryPoint\",\"urlTemplate\":\"https:\\\/\\\/www.inmsol.com\\\/it\\\/?s={search_term_string}\"},\"query-input\":{\"@type\":\"PropertyValueSpecification\",\"valueRequired\":true,\"valueName\":\"search_term_string\"}}],\"inLanguage\":\"it-IT\"},{\"@type\":\"Organization\",\"@id\":\"https:\\\/\\\/www.inmsol.com\\\/it\\\/#organization\",\"name\":\"Instituto Mediterr\u00e1neo Sol\",\"url\":\"https:\\\/\\\/www.inmsol.com\\\/it\\\/\",\"logo\":{\"@type\":\"ImageObject\",\"inLanguage\":\"it-IT\",\"@id\":\"https:\\\/\\\/www.inmsol.com\\\/it\\\/#\\\/schema\\\/logo\\\/image\\\/\",\"url\":\"https:\\\/\\\/www.inmsol.com\\\/wp-content\\\/uploads\\\/2023\\\/06\\\/logo-inmsol-1.png\",\"contentUrl\":\"https:\\\/\\\/www.inmsol.com\\\/wp-content\\\/uploads\\\/2023\\\/06\\\/logo-inmsol-1.png\",\"width\":136,\"height\":73,\"caption\":\"Instituto Mediterr\u00e1neo Sol\"},\"image\":{\"@id\":\"https:\\\/\\\/www.inmsol.com\\\/it\\\/#\\\/schema\\\/logo\\\/image\\\/\"},\"sameAs\":[\"https:\\\/\\\/www.facebook.com\\\/spanishcourses\",\"https:\\\/\\\/x.com\\\/StudyInGranada\",\"http:\\\/\\\/instagram.com\\\/imsolgranada\",\"https:\\\/\\\/es.linkedin.com\\\/company\\\/imsol-granada\",\"https:\\\/\\\/www.pinterest.es\\\/inmsol\\\/\",\"https:\\\/\\\/www.youtube.com\\\/channel\\\/UChz-Qn_7coFMosY85iYMO4g\"]},{\"@type\":\"Person\",\"@id\":\"https:\\\/\\\/www.inmsol.com\\\/it\\\/#\\\/schema\\\/person\\\/94a7a01d14a56d1fbc49c841ffc57fe9\",\"name\":\"- Instituto Mediterr\u00e1neo Sol\",\"image\":{\"@type\":\"ImageObject\",\"inLanguage\":\"it-IT\",\"@id\":\"https:\\\/\\\/secure.gravatar.com\\\/avatar\\\/5607fdabdf1b548b6095cc3d43079829bc1497403e70dd34004e7204a8fef62b?s=96&d=mm&r=g\",\"url\":\"https:\\\/\\\/secure.gravatar.com\\\/avatar\\\/5607fdabdf1b548b6095cc3d43079829bc1497403e70dd34004e7204a8fef62b?s=96&d=mm&r=g\",\"contentUrl\":\"https:\\\/\\\/secure.gravatar.com\\\/avatar\\\/5607fdabdf1b548b6095cc3d43079829bc1497403e70dd34004e7204a8fef62b?s=96&d=mm&r=g\",\"caption\":\"- Instituto Mediterr\u00e1neo Sol\"},\"url\":\"https:\\\/\\\/www.inmsol.com\\\/it\\\/author\\\/laura\\\/\"}]}<\/script>\n<!-- \/ Yoast SEO plugin. -->","yoast_head_json":{"title":"Festival musicale nella parte storica di Salobre\u00f1a","description":"\u00c8 tornato questa estate con la sua IV edizione il festival musicale nel centro storico di Salobre\u00f1a, un piccolo paese sul mare nella provincia di Granada.","robots":{"index":"index","follow":"follow","max-snippet":"max-snippet:-1","max-image-preview":"max-image-preview:large","max-video-preview":"max-video-preview:-1"},"canonical":"https:\/\/www.inmsol.com\/it\/blog-it-it\/festival-musicale-nella-parte-storica-di-salobrena\/","og_locale":"it_IT","og_type":"article","og_title":"Festival musicale nella parte storica di Salobre\u00f1a","og_description":"\u00c8 tornato questa estate con la sua IV edizione il festival musicale nel centro storico di Salobre\u00f1a, un piccolo paese sul mare nella provincia di Granada.","og_url":"https:\/\/www.inmsol.com\/it\/blog-it-it\/festival-musicale-nella-parte-storica-di-salobrena\/","og_site_name":"iNMSOL","article_publisher":"https:\/\/www.facebook.com\/spanishcourses","article_published_time":"2015-08-03T13:28:14+00:00","article_modified_time":"2019-05-22T12:58:56+00:00","og_image":[{"width":800,"height":755,"url":"https:\/\/www.inmsol.com\/wp-content\/uploads\/2015\/08\/msica-en-los-rincones-de-salobrea.jpg","type":"image\/jpeg"}],"author":"- Instituto Mediterr\u00e1neo Sol","twitter_misc":{"Scritto da":"- Instituto Mediterr\u00e1neo Sol","Tempo di lettura stimato":"1 minuto"},"schema":{"@context":"https:\/\/schema.org","@graph":[{"@type":"Article","@id":"https:\/\/www.inmsol.com\/it\/blog-it-it\/festival-musicale-nella-parte-storica-di-salobrena\/#article","isPartOf":{"@id":"https:\/\/www.inmsol.com\/it\/blog-it-it\/festival-musicale-nella-parte-storica-di-salobrena\/"},"author":{"name":"- Instituto Mediterr\u00e1neo Sol","@id":"https:\/\/www.inmsol.com\/it\/#\/schema\/person\/94a7a01d14a56d1fbc49c841ffc57fe9"},"headline":"Festival musicale nella parte storica di Salobre\u00f1a","datePublished":"2015-08-03T13:28:14+00:00","dateModified":"2019-05-22T12:58:56+00:00","mainEntityOfPage":{"@id":"https:\/\/www.inmsol.com\/it\/blog-it-it\/festival-musicale-nella-parte-storica-di-salobrena\/"},"wordCount":172,"publisher":{"@id":"https:\/\/www.inmsol.com\/it\/#organization"},"image":{"@id":"https:\/\/www.inmsol.com\/it\/blog-it-it\/festival-musicale-nella-parte-storica-di-salobrena\/#primaryimage"},"thumbnailUrl":"https:\/\/www.inmsol.com\/wp-content\/uploads\/2015\/08\/msica-en-los-rincones-de-salobrea.jpg","articleSection":["Blog"],"inLanguage":"it-IT"},{"@type":"WebPage","@id":"https:\/\/www.inmsol.com\/it\/blog-it-it\/festival-musicale-nella-parte-storica-di-salobrena\/","url":"https:\/\/www.inmsol.com\/it\/blog-it-it\/festival-musicale-nella-parte-storica-di-salobrena\/","name":"Festival musicale nella parte storica di Salobre\u00f1a","isPartOf":{"@id":"https:\/\/www.inmsol.com\/it\/#website"},"primaryImageOfPage":{"@id":"https:\/\/www.inmsol.com\/it\/blog-it-it\/festival-musicale-nella-parte-storica-di-salobrena\/#primaryimage"},"image":{"@id":"https:\/\/www.inmsol.com\/it\/blog-it-it\/festival-musicale-nella-parte-storica-di-salobrena\/#primaryimage"},"thumbnailUrl":"https:\/\/www.inmsol.com\/wp-content\/uploads\/2015\/08\/msica-en-los-rincones-de-salobrea.jpg","datePublished":"2015-08-03T13:28:14+00:00","dateModified":"2019-05-22T12:58:56+00:00","description":"\u00c8 tornato questa estate con la sua IV edizione il festival musicale nel centro storico di Salobre\u00f1a, un piccolo paese sul mare nella provincia di Granada.","breadcrumb":{"@id":"https:\/\/www.inmsol.com\/it\/blog-it-it\/festival-musicale-nella-parte-storica-di-salobrena\/#breadcrumb"},"inLanguage":"it-IT","potentialAction":[{"@type":"ReadAction","target":["https:\/\/www.inmsol.com\/it\/blog-it-it\/festival-musicale-nella-parte-storica-di-salobrena\/"]}]},{"@type":"ImageObject","inLanguage":"it-IT","@id":"https:\/\/www.inmsol.com\/it\/blog-it-it\/festival-musicale-nella-parte-storica-di-salobrena\/#primaryimage","url":"https:\/\/www.inmsol.com\/wp-content\/uploads\/2015\/08\/msica-en-los-rincones-de-salobrea.jpg","contentUrl":"https:\/\/www.inmsol.com\/wp-content\/uploads\/2015\/08\/msica-en-los-rincones-de-salobrea.jpg","width":800,"height":755},{"@type":"BreadcrumbList","@id":"https:\/\/www.inmsol.com\/it\/blog-it-it\/festival-musicale-nella-parte-storica-di-salobrena\/#breadcrumb","itemListElement":[{"@type":"ListItem","position":1,"name":"Accredited Center by Instituto Cervantes","item":"https:\/\/www.inmsol.com\/it\/pagina-ejemplo\/"},{"@type":"ListItem","position":2,"name":"Blog","item":"https:\/\/www.inmsol.com\/it\/category\/blog-it-it\/"},{"@type":"ListItem","position":3,"name":"Festival musicale nella parte storica di Salobre\u00f1a"}]},{"@type":"WebSite","@id":"https:\/\/www.inmsol.com\/it\/#website","url":"https:\/\/www.inmsol.com\/it\/","name":"iNMSOL","description":"Impara lo spagnolo con noi - Centro di studio accreditato con l'Istituto Cervantes","publisher":{"@id":"https:\/\/www.inmsol.com\/it\/#organization"},"potentialAction":[{"@type":"SearchAction","target":{"@type":"EntryPoint","urlTemplate":"https:\/\/www.inmsol.com\/it\/?s={search_term_string}"},"query-input":{"@type":"PropertyValueSpecification","valueRequired":true,"valueName":"search_term_string"}}],"inLanguage":"it-IT"},{"@type":"Organization","@id":"https:\/\/www.inmsol.com\/it\/#organization","name":"Instituto Mediterr\u00e1neo Sol","url":"https:\/\/www.inmsol.com\/it\/","logo":{"@type":"ImageObject","inLanguage":"it-IT","@id":"https:\/\/www.inmsol.com\/it\/#\/schema\/logo\/image\/","url":"https:\/\/www.inmsol.com\/wp-content\/uploads\/2023\/06\/logo-inmsol-1.png","contentUrl":"https:\/\/www.inmsol.com\/wp-content\/uploads\/2023\/06\/logo-inmsol-1.png","width":136,"height":73,"caption":"Instituto Mediterr\u00e1neo Sol"},"image":{"@id":"https:\/\/www.inmsol.com\/it\/#\/schema\/logo\/image\/"},"sameAs":["https:\/\/www.facebook.com\/spanishcourses","https:\/\/x.com\/StudyInGranada","http:\/\/instagram.com\/imsolgranada","https:\/\/es.linkedin.com\/company\/imsol-granada","https:\/\/www.pinterest.es\/inmsol\/","https:\/\/www.youtube.com\/channel\/UChz-Qn_7coFMosY85iYMO4g"]},{"@type":"Person","@id":"https:\/\/www.inmsol.com\/it\/#\/schema\/person\/94a7a01d14a56d1fbc49c841ffc57fe9","name":"- Instituto Mediterr\u00e1neo Sol","image":{"@type":"ImageObject","inLanguage":"it-IT","@id":"https:\/\/secure.gravatar.com\/avatar\/5607fdabdf1b548b6095cc3d43079829bc1497403e70dd34004e7204a8fef62b?s=96&d=mm&r=g","url":"https:\/\/secure.gravatar.com\/avatar\/5607fdabdf1b548b6095cc3d43079829bc1497403e70dd34004e7204a8fef62b?s=96&d=mm&r=g","contentUrl":"https:\/\/secure.gravatar.com\/avatar\/5607fdabdf1b548b6095cc3d43079829bc1497403e70dd34004e7204a8fef62b?s=96&d=mm&r=g","caption":"- Instituto Mediterr\u00e1neo Sol"},"url":"https:\/\/www.inmsol.com\/it\/author\/laura\/"}]}},"_links":{"self":[{"href":"https:\/\/www.inmsol.com\/it\/wp-json\/wp\/v2\/posts\/17281","targetHints":{"allow":["GET"]}}],"collection":[{"href":"https:\/\/www.inmsol.com\/it\/wp-json\/wp\/v2\/posts"}],"about":[{"href":"https:\/\/www.inmsol.com\/it\/wp-json\/wp\/v2\/types\/post"}],"author":[{"embeddable":true,"href":"https:\/\/www.inmsol.com\/it\/wp-json\/wp\/v2\/users\/3"}],"replies":[{"embeddable":true,"href":"https:\/\/www.inmsol.com\/it\/wp-json\/wp\/v2\/comments?post=17281"}],"version-history":[{"count":0,"href":"https:\/\/www.inmsol.com\/it\/wp-json\/wp\/v2\/posts\/17281\/revisions"}],"wp:featuredmedia":[{"embeddable":true,"href":"https:\/\/www.inmsol.com\/it\/wp-json\/wp\/v2\/media\/43016"}],"wp:attachment":[{"href":"https:\/\/www.inmsol.com\/it\/wp-json\/wp\/v2\/media?parent=17281"}],"wp:term":[{"taxonomy":"category","embeddable":true,"href":"https:\/\/www.inmsol.com\/it\/wp-json\/wp\/v2\/categories?post=17281"},{"taxonomy":"post_tag","embeddable":true,"href":"https:\/\/www.inmsol.com\/it\/wp-json\/wp\/v2\/tags?post=17281"}],"curies":[{"name":"wp","href":"https:\/\/api.w.org\/{rel}","templated":true}]}}