{"id":22688,"date":"2016-03-28T16:53:39","date_gmt":"2016-03-28T14:53:39","guid":{"rendered":"https:\/\/www.inmsol.com\/it\/?p=22688"},"modified":"2016-03-28T16:53:39","modified_gmt":"2016-03-28T14:53:39","slug":"soggiorno-di-studenti-svizzeri","status":"publish","type":"post","link":"https:\/\/www.inmsol.com\/it\/blog-it-it\/spagnolo-gruppi-it\/soggiorno-di-studenti-svizzeri\/","title":{"rendered":"Soggiorno di Studenti Svizzeri"},"content":{"rendered":"<p>La scorsa settimana il nostro<a href=\"https:\/\/www.inmsol.com\/es\/\"><strong> Instituto Mediterraneo Sol<\/strong> <\/a>ha avuto il piacere di avere un gruppo di studenti svizzeri con alcuni insegnanti accompagnatori, che hanno avuto l&#8217;opportunit\u00e0 di fare un <strong><a href=\"https:\/\/www.inmsol.com\/es\/cursos-espanol-espana\/granada\/\">corso intensivo<\/a><\/strong> di tre giorni (da Lunedi 21 a Mercoled\u00ec 23) di spagnolo e godere della nostra bella citt\u00e0, molto pi\u00f9 bella in questi giorni grazie alle processioni della settimana Santa.<img fetchpriority=\"high\" decoding=\"async\" class=\"alignleft size-medium wp-image-22689\" src=\"https:\/\/www.inmsol.com\/wp-content\/uploads\/2016\/03\/semana-santa-granada-2012-1-451x300-1-451x300.jpg\" alt=\"\" width=\"451\" height=\"300\" srcset=\"https:\/\/www.inmsol.com\/wp-content\/uploads\/2016\/03\/semana-santa-granada-2012-1-451x300-1.jpg 451w, https:\/\/www.inmsol.com\/wp-content\/uploads\/2016\/03\/semana-santa-granada-2012-1-451x300-1-64x43.jpg 64w, https:\/\/www.inmsol.com\/wp-content\/uploads\/2016\/03\/semana-santa-granada-2012-1-451x300-1-250x166.jpg 250w\" sizes=\"(max-width: 451px) 100vw, 451px\" \/><\/p>\n<p>Sono arrivati \u200b\u200bDomenica 20 marzo e nel pomeriggio sono stati in visita all\u2019<strong><a href=\"https:\/\/www.inmsol.com\/es\/actividades-culturales-excursiones\/\">Albaicin<\/a><\/strong> e al<strong> <a href=\"https:\/\/www.inmsol.com\/es\/actividades-culturales-excursiones\/\">Sacromonte<\/a>.<\/strong><\/p>\n<p>Luned\u00ec, dopo le lezioni mattutine, nel pomeriggio hanno scoperto la bellezza dell&#8217;arte del flamenco, danza tipica spagnola conosciuta in tutto il mondo, assistendo ad uno spettacolo in un tipico zambra del Sacromonte.<\/p>\n<p>Marted\u00ec, dopo le lezioni del mattino, nel pomeriggio visita dell&#8217;<strong><a href=\"https:\/\/www.inmsol.com\/es\/actividades-culturales-excursiones\/\">Alhambra<\/a><\/strong>, la citt\u00e0 andalusa si trova a <strong><a href=\"https:\/\/www.inmsol.com\/es\/granada\/\">Granada<\/a><\/strong> \u00e8 costituito da un insieme di palazzi, giardini e fortezze che ospitava una vera e propria citt\u00e0 all&#8217;interno della citt\u00e0 di Granada, che \u00e8 servita come rifugio il monarca e la corte del Regno di Granada, e il Generalife.<\/p>\n<p>Mercoled\u00ec, dopo le lezioni del mattino hanno fatto un giro del centro e del quartiere <strong><a href=\"https:\/\/www.inmsol.com\/es\/actividades-culturales-excursiones\/\">Realejo<\/a><\/strong>,quartiere ebreo, quartiere in cui si trova la scuola e situato nel centro storico della citt\u00e0, ai piedi dell&#8217;Alhambra.<img decoding=\"async\" class=\"alignleft size-medium wp-image-22703\" src=\"https:\/\/www.inmsol.com\/wp-content\/uploads\/2016\/03\/granada_centro-396x300-1-396x300.jpg\" alt=\"\" width=\"396\" height=\"300\" srcset=\"https:\/\/www.inmsol.com\/wp-content\/uploads\/2016\/03\/granada_centro-396x300-1.jpg 396w, https:\/\/www.inmsol.com\/wp-content\/uploads\/2016\/03\/granada_centro-396x300-1-64x48.jpg 64w, https:\/\/www.inmsol.com\/wp-content\/uploads\/2016\/03\/granada_centro-396x300-1-250x189.jpg 250w\" sizes=\"(max-width: 396px) 100vw, 396px\" \/><\/p>\n<p>&nbsp;<\/p>\n<p>&nbsp;<\/p>\n<p>&nbsp;<\/p>\n<p>&nbsp;<\/p>\n<p>&nbsp;<\/p>\n<p>&nbsp;<\/p>\n<p>&nbsp;<\/p>\n<p>&nbsp;<\/p>\n<p>Gioved\u00ec ritorno in Svizzera.<\/p>\n<p>Grazie mille per aver scelto la nostra scuola e la nostra bella citt\u00e0!<\/p>\n","protected":false},"excerpt":{"rendered":"<p>La scorsa settimana il nostro Instituto Mediterraneo Sol ha avuto il piacere di avere un gruppo di studenti svizzeri con alcuni insegnanti accompagnatori, che hanno avuto l&#8217;opportunit\u00e0 di fare un corso intensivo di tre giorni (da Lunedi 21 a Mercoled\u00ec 23) di spagnolo e godere&#8230;<\/p>\n","protected":false},"author":3,"featured_media":22605,"comment_status":"closed","ping_status":"closed","sticky":false,"template":"","format":"standard","meta":{"_acf_changed":false,"footnotes":""},"categories":[35],"tags":[],"class_list":["post-22688","post","type-post","status-publish","format-standard","has-post-thumbnail","hentry","category-spagnolo-gruppi-it"],"acf":[],"yoast_head":"<!-- This site is optimized with the Yoast SEO plugin v27.5 - https:\/\/yoast.com\/product\/yoast-seo-wordpress\/ -->\n<title>Soggiorno di Studenti Svizzeri &#8226; iNMSOL<\/title>\n<meta name=\"robots\" content=\"index, follow, max-snippet:-1, max-image-preview:large, max-video-preview:-1\" \/>\n<link rel=\"canonical\" href=\"https:\/\/www.inmsol.com\/it\/blog-it-it\/spagnolo-gruppi-it\/soggiorno-di-studenti-svizzeri\/\" \/>\n<meta property=\"og:locale\" content=\"it_IT\" \/>\n<meta property=\"og:type\" content=\"article\" \/>\n<meta property=\"og:title\" content=\"Soggiorno di Studenti Svizzeri &#8226; iNMSOL\" \/>\n<meta property=\"og:description\" content=\"La scorsa settimana il nostro Instituto Mediterraneo Sol ha avuto il piacere di avere un gruppo di studenti svizzeri con alcuni insegnanti accompagnatori, che hanno avuto l&#8217;opportunit\u00e0 di fare un corso intensivo di tre giorni (da Lunedi 21 a Mercoled\u00ec 23) di spagnolo e godere...\" \/>\n<meta property=\"og:url\" content=\"https:\/\/www.inmsol.com\/it\/blog-it-it\/spagnolo-gruppi-it\/soggiorno-di-studenti-svizzeri\/\" \/>\n<meta property=\"og:site_name\" content=\"iNMSOL\" \/>\n<meta property=\"article:publisher\" content=\"https:\/\/www.facebook.com\/spanishcourses\" \/>\n<meta property=\"article:published_time\" content=\"2016-03-28T14:53:39+00:00\" \/>\n<meta property=\"og:image\" content=\"https:\/\/www.inmsol.com\/wp-content\/uploads\/2016\/03\/DSC_0199.jpg\" \/>\n\t<meta property=\"og:image:width\" content=\"1500\" \/>\n\t<meta property=\"og:image:height\" content=\"1007\" \/>\n\t<meta property=\"og:image:type\" content=\"image\/jpeg\" \/>\n<meta name=\"author\" content=\"- Instituto Mediterr\u00e1neo Sol\" \/>\n<meta name=\"twitter:label1\" content=\"Scritto da\" \/>\n\t<meta name=\"twitter:data1\" content=\"- Instituto Mediterr\u00e1neo Sol\" \/>\n\t<meta name=\"twitter:label2\" content=\"Tempo di lettura stimato\" \/>\n\t<meta name=\"twitter:data2\" content=\"1 minuto\" \/>\n<script type=\"application\/ld+json\" class=\"yoast-schema-graph\">{\"@context\":\"https:\\\/\\\/schema.org\",\"@graph\":[{\"@type\":\"Article\",\"@id\":\"https:\\\/\\\/www.inmsol.com\\\/it\\\/blog-it-it\\\/spagnolo-gruppi-it\\\/soggiorno-di-studenti-svizzeri\\\/#article\",\"isPartOf\":{\"@id\":\"https:\\\/\\\/www.inmsol.com\\\/it\\\/blog-it-it\\\/spagnolo-gruppi-it\\\/soggiorno-di-studenti-svizzeri\\\/\"},\"author\":{\"name\":\"- Instituto Mediterr\u00e1neo Sol\",\"@id\":\"https:\\\/\\\/www.inmsol.com\\\/it\\\/#\\\/schema\\\/person\\\/94a7a01d14a56d1fbc49c841ffc57fe9\"},\"headline\":\"Soggiorno di Studenti Svizzeri\",\"datePublished\":\"2016-03-28T14:53:39+00:00\",\"mainEntityOfPage\":{\"@id\":\"https:\\\/\\\/www.inmsol.com\\\/it\\\/blog-it-it\\\/spagnolo-gruppi-it\\\/soggiorno-di-studenti-svizzeri\\\/\"},\"wordCount\":230,\"publisher\":{\"@id\":\"https:\\\/\\\/www.inmsol.com\\\/it\\\/#organization\"},\"image\":{\"@id\":\"https:\\\/\\\/www.inmsol.com\\\/it\\\/blog-it-it\\\/spagnolo-gruppi-it\\\/soggiorno-di-studenti-svizzeri\\\/#primaryimage\"},\"thumbnailUrl\":\"https:\\\/\\\/www.inmsol.com\\\/wp-content\\\/uploads\\\/2016\\\/03\\\/DSC_0199.jpg\",\"articleSection\":[\"Spagnolo per gruppi\"],\"inLanguage\":\"it-IT\"},{\"@type\":\"WebPage\",\"@id\":\"https:\\\/\\\/www.inmsol.com\\\/it\\\/blog-it-it\\\/spagnolo-gruppi-it\\\/soggiorno-di-studenti-svizzeri\\\/\",\"url\":\"https:\\\/\\\/www.inmsol.com\\\/it\\\/blog-it-it\\\/spagnolo-gruppi-it\\\/soggiorno-di-studenti-svizzeri\\\/\",\"name\":\"Soggiorno di Studenti Svizzeri &#8226; iNMSOL\",\"isPartOf\":{\"@id\":\"https:\\\/\\\/www.inmsol.com\\\/it\\\/#website\"},\"primaryImageOfPage\":{\"@id\":\"https:\\\/\\\/www.inmsol.com\\\/it\\\/blog-it-it\\\/spagnolo-gruppi-it\\\/soggiorno-di-studenti-svizzeri\\\/#primaryimage\"},\"image\":{\"@id\":\"https:\\\/\\\/www.inmsol.com\\\/it\\\/blog-it-it\\\/spagnolo-gruppi-it\\\/soggiorno-di-studenti-svizzeri\\\/#primaryimage\"},\"thumbnailUrl\":\"https:\\\/\\\/www.inmsol.com\\\/wp-content\\\/uploads\\\/2016\\\/03\\\/DSC_0199.jpg\",\"datePublished\":\"2016-03-28T14:53:39+00:00\",\"breadcrumb\":{\"@id\":\"https:\\\/\\\/www.inmsol.com\\\/it\\\/blog-it-it\\\/spagnolo-gruppi-it\\\/soggiorno-di-studenti-svizzeri\\\/#breadcrumb\"},\"inLanguage\":\"it-IT\",\"potentialAction\":[{\"@type\":\"ReadAction\",\"target\":[\"https:\\\/\\\/www.inmsol.com\\\/it\\\/blog-it-it\\\/spagnolo-gruppi-it\\\/soggiorno-di-studenti-svizzeri\\\/\"]}]},{\"@type\":\"ImageObject\",\"inLanguage\":\"it-IT\",\"@id\":\"https:\\\/\\\/www.inmsol.com\\\/it\\\/blog-it-it\\\/spagnolo-gruppi-it\\\/soggiorno-di-studenti-svizzeri\\\/#primaryimage\",\"url\":\"https:\\\/\\\/www.inmsol.com\\\/wp-content\\\/uploads\\\/2016\\\/03\\\/DSC_0199.jpg\",\"contentUrl\":\"https:\\\/\\\/www.inmsol.com\\\/wp-content\\\/uploads\\\/2016\\\/03\\\/DSC_0199.jpg\",\"width\":1500,\"height\":1007},{\"@type\":\"BreadcrumbList\",\"@id\":\"https:\\\/\\\/www.inmsol.com\\\/it\\\/blog-it-it\\\/spagnolo-gruppi-it\\\/soggiorno-di-studenti-svizzeri\\\/#breadcrumb\",\"itemListElement\":[{\"@type\":\"ListItem\",\"position\":1,\"name\":\"Accredited Center by Instituto Cervantes\",\"item\":\"https:\\\/\\\/www.inmsol.com\\\/it\\\/pagina-ejemplo\\\/\"},{\"@type\":\"ListItem\",\"position\":2,\"name\":\"Blog\",\"item\":\"https:\\\/\\\/www.inmsol.com\\\/it\\\/category\\\/blog-it-it\\\/\"},{\"@type\":\"ListItem\",\"position\":3,\"name\":\"Spagnolo per gruppi\",\"item\":\"https:\\\/\\\/www.inmsol.com\\\/it\\\/category\\\/blog-it-it\\\/spagnolo-gruppi-it\\\/\"},{\"@type\":\"ListItem\",\"position\":4,\"name\":\"Soggiorno di Studenti Svizzeri\"}]},{\"@type\":\"WebSite\",\"@id\":\"https:\\\/\\\/www.inmsol.com\\\/it\\\/#website\",\"url\":\"https:\\\/\\\/www.inmsol.com\\\/it\\\/\",\"name\":\"iNMSOL\",\"description\":\"Impara lo spagnolo con noi - Centro di studio accreditato con l'Istituto Cervantes\",\"publisher\":{\"@id\":\"https:\\\/\\\/www.inmsol.com\\\/it\\\/#organization\"},\"potentialAction\":[{\"@type\":\"SearchAction\",\"target\":{\"@type\":\"EntryPoint\",\"urlTemplate\":\"https:\\\/\\\/www.inmsol.com\\\/it\\\/?s={search_term_string}\"},\"query-input\":{\"@type\":\"PropertyValueSpecification\",\"valueRequired\":true,\"valueName\":\"search_term_string\"}}],\"inLanguage\":\"it-IT\"},{\"@type\":\"Organization\",\"@id\":\"https:\\\/\\\/www.inmsol.com\\\/it\\\/#organization\",\"name\":\"Instituto Mediterr\u00e1neo Sol\",\"url\":\"https:\\\/\\\/www.inmsol.com\\\/it\\\/\",\"logo\":{\"@type\":\"ImageObject\",\"inLanguage\":\"it-IT\",\"@id\":\"https:\\\/\\\/www.inmsol.com\\\/it\\\/#\\\/schema\\\/logo\\\/image\\\/\",\"url\":\"https:\\\/\\\/www.inmsol.com\\\/wp-content\\\/uploads\\\/2023\\\/06\\\/logo-inmsol-1.png\",\"contentUrl\":\"https:\\\/\\\/www.inmsol.com\\\/wp-content\\\/uploads\\\/2023\\\/06\\\/logo-inmsol-1.png\",\"width\":136,\"height\":73,\"caption\":\"Instituto Mediterr\u00e1neo Sol\"},\"image\":{\"@id\":\"https:\\\/\\\/www.inmsol.com\\\/it\\\/#\\\/schema\\\/logo\\\/image\\\/\"},\"sameAs\":[\"https:\\\/\\\/www.facebook.com\\\/spanishcourses\",\"https:\\\/\\\/x.com\\\/StudyInGranada\",\"http:\\\/\\\/instagram.com\\\/imsolgranada\",\"https:\\\/\\\/es.linkedin.com\\\/company\\\/imsol-granada\",\"https:\\\/\\\/www.pinterest.es\\\/inmsol\\\/\",\"https:\\\/\\\/www.youtube.com\\\/channel\\\/UChz-Qn_7coFMosY85iYMO4g\"]},{\"@type\":\"Person\",\"@id\":\"https:\\\/\\\/www.inmsol.com\\\/it\\\/#\\\/schema\\\/person\\\/94a7a01d14a56d1fbc49c841ffc57fe9\",\"name\":\"- Instituto Mediterr\u00e1neo Sol\",\"image\":{\"@type\":\"ImageObject\",\"inLanguage\":\"it-IT\",\"@id\":\"https:\\\/\\\/secure.gravatar.com\\\/avatar\\\/5607fdabdf1b548b6095cc3d43079829bc1497403e70dd34004e7204a8fef62b?s=96&d=mm&r=g\",\"url\":\"https:\\\/\\\/secure.gravatar.com\\\/avatar\\\/5607fdabdf1b548b6095cc3d43079829bc1497403e70dd34004e7204a8fef62b?s=96&d=mm&r=g\",\"contentUrl\":\"https:\\\/\\\/secure.gravatar.com\\\/avatar\\\/5607fdabdf1b548b6095cc3d43079829bc1497403e70dd34004e7204a8fef62b?s=96&d=mm&r=g\",\"caption\":\"- Instituto Mediterr\u00e1neo Sol\"},\"url\":\"https:\\\/\\\/www.inmsol.com\\\/it\\\/author\\\/laura\\\/\"}]}<\/script>\n<!-- \/ Yoast SEO plugin. -->","yoast_head_json":{"title":"Soggiorno di Studenti Svizzeri &#8226; iNMSOL","robots":{"index":"index","follow":"follow","max-snippet":"max-snippet:-1","max-image-preview":"max-image-preview:large","max-video-preview":"max-video-preview:-1"},"canonical":"https:\/\/www.inmsol.com\/it\/blog-it-it\/spagnolo-gruppi-it\/soggiorno-di-studenti-svizzeri\/","og_locale":"it_IT","og_type":"article","og_title":"Soggiorno di Studenti Svizzeri &#8226; iNMSOL","og_description":"La scorsa settimana il nostro Instituto Mediterraneo Sol ha avuto il piacere di avere un gruppo di studenti svizzeri con alcuni insegnanti accompagnatori, che hanno avuto l&#8217;opportunit\u00e0 di fare un corso intensivo di tre giorni (da Lunedi 21 a Mercoled\u00ec 23) di spagnolo e godere...","og_url":"https:\/\/www.inmsol.com\/it\/blog-it-it\/spagnolo-gruppi-it\/soggiorno-di-studenti-svizzeri\/","og_site_name":"iNMSOL","article_publisher":"https:\/\/www.facebook.com\/spanishcourses","article_published_time":"2016-03-28T14:53:39+00:00","og_image":[{"width":1500,"height":1007,"url":"https:\/\/www.inmsol.com\/wp-content\/uploads\/2016\/03\/DSC_0199.jpg","type":"image\/jpeg"}],"author":"- Instituto Mediterr\u00e1neo Sol","twitter_misc":{"Scritto da":"- Instituto Mediterr\u00e1neo Sol","Tempo di lettura stimato":"1 minuto"},"schema":{"@context":"https:\/\/schema.org","@graph":[{"@type":"Article","@id":"https:\/\/www.inmsol.com\/it\/blog-it-it\/spagnolo-gruppi-it\/soggiorno-di-studenti-svizzeri\/#article","isPartOf":{"@id":"https:\/\/www.inmsol.com\/it\/blog-it-it\/spagnolo-gruppi-it\/soggiorno-di-studenti-svizzeri\/"},"author":{"name":"- Instituto Mediterr\u00e1neo Sol","@id":"https:\/\/www.inmsol.com\/it\/#\/schema\/person\/94a7a01d14a56d1fbc49c841ffc57fe9"},"headline":"Soggiorno di Studenti Svizzeri","datePublished":"2016-03-28T14:53:39+00:00","mainEntityOfPage":{"@id":"https:\/\/www.inmsol.com\/it\/blog-it-it\/spagnolo-gruppi-it\/soggiorno-di-studenti-svizzeri\/"},"wordCount":230,"publisher":{"@id":"https:\/\/www.inmsol.com\/it\/#organization"},"image":{"@id":"https:\/\/www.inmsol.com\/it\/blog-it-it\/spagnolo-gruppi-it\/soggiorno-di-studenti-svizzeri\/#primaryimage"},"thumbnailUrl":"https:\/\/www.inmsol.com\/wp-content\/uploads\/2016\/03\/DSC_0199.jpg","articleSection":["Spagnolo per gruppi"],"inLanguage":"it-IT"},{"@type":"WebPage","@id":"https:\/\/www.inmsol.com\/it\/blog-it-it\/spagnolo-gruppi-it\/soggiorno-di-studenti-svizzeri\/","url":"https:\/\/www.inmsol.com\/it\/blog-it-it\/spagnolo-gruppi-it\/soggiorno-di-studenti-svizzeri\/","name":"Soggiorno di Studenti Svizzeri &#8226; iNMSOL","isPartOf":{"@id":"https:\/\/www.inmsol.com\/it\/#website"},"primaryImageOfPage":{"@id":"https:\/\/www.inmsol.com\/it\/blog-it-it\/spagnolo-gruppi-it\/soggiorno-di-studenti-svizzeri\/#primaryimage"},"image":{"@id":"https:\/\/www.inmsol.com\/it\/blog-it-it\/spagnolo-gruppi-it\/soggiorno-di-studenti-svizzeri\/#primaryimage"},"thumbnailUrl":"https:\/\/www.inmsol.com\/wp-content\/uploads\/2016\/03\/DSC_0199.jpg","datePublished":"2016-03-28T14:53:39+00:00","breadcrumb":{"@id":"https:\/\/www.inmsol.com\/it\/blog-it-it\/spagnolo-gruppi-it\/soggiorno-di-studenti-svizzeri\/#breadcrumb"},"inLanguage":"it-IT","potentialAction":[{"@type":"ReadAction","target":["https:\/\/www.inmsol.com\/it\/blog-it-it\/spagnolo-gruppi-it\/soggiorno-di-studenti-svizzeri\/"]}]},{"@type":"ImageObject","inLanguage":"it-IT","@id":"https:\/\/www.inmsol.com\/it\/blog-it-it\/spagnolo-gruppi-it\/soggiorno-di-studenti-svizzeri\/#primaryimage","url":"https:\/\/www.inmsol.com\/wp-content\/uploads\/2016\/03\/DSC_0199.jpg","contentUrl":"https:\/\/www.inmsol.com\/wp-content\/uploads\/2016\/03\/DSC_0199.jpg","width":1500,"height":1007},{"@type":"BreadcrumbList","@id":"https:\/\/www.inmsol.com\/it\/blog-it-it\/spagnolo-gruppi-it\/soggiorno-di-studenti-svizzeri\/#breadcrumb","itemListElement":[{"@type":"ListItem","position":1,"name":"Accredited Center by Instituto Cervantes","item":"https:\/\/www.inmsol.com\/it\/pagina-ejemplo\/"},{"@type":"ListItem","position":2,"name":"Blog","item":"https:\/\/www.inmsol.com\/it\/category\/blog-it-it\/"},{"@type":"ListItem","position":3,"name":"Spagnolo per gruppi","item":"https:\/\/www.inmsol.com\/it\/category\/blog-it-it\/spagnolo-gruppi-it\/"},{"@type":"ListItem","position":4,"name":"Soggiorno di Studenti Svizzeri"}]},{"@type":"WebSite","@id":"https:\/\/www.inmsol.com\/it\/#website","url":"https:\/\/www.inmsol.com\/it\/","name":"iNMSOL","description":"Impara lo spagnolo con noi - Centro di studio accreditato con l'Istituto Cervantes","publisher":{"@id":"https:\/\/www.inmsol.com\/it\/#organization"},"potentialAction":[{"@type":"SearchAction","target":{"@type":"EntryPoint","urlTemplate":"https:\/\/www.inmsol.com\/it\/?s={search_term_string}"},"query-input":{"@type":"PropertyValueSpecification","valueRequired":true,"valueName":"search_term_string"}}],"inLanguage":"it-IT"},{"@type":"Organization","@id":"https:\/\/www.inmsol.com\/it\/#organization","name":"Instituto Mediterr\u00e1neo Sol","url":"https:\/\/www.inmsol.com\/it\/","logo":{"@type":"ImageObject","inLanguage":"it-IT","@id":"https:\/\/www.inmsol.com\/it\/#\/schema\/logo\/image\/","url":"https:\/\/www.inmsol.com\/wp-content\/uploads\/2023\/06\/logo-inmsol-1.png","contentUrl":"https:\/\/www.inmsol.com\/wp-content\/uploads\/2023\/06\/logo-inmsol-1.png","width":136,"height":73,"caption":"Instituto Mediterr\u00e1neo Sol"},"image":{"@id":"https:\/\/www.inmsol.com\/it\/#\/schema\/logo\/image\/"},"sameAs":["https:\/\/www.facebook.com\/spanishcourses","https:\/\/x.com\/StudyInGranada","http:\/\/instagram.com\/imsolgranada","https:\/\/es.linkedin.com\/company\/imsol-granada","https:\/\/www.pinterest.es\/inmsol\/","https:\/\/www.youtube.com\/channel\/UChz-Qn_7coFMosY85iYMO4g"]},{"@type":"Person","@id":"https:\/\/www.inmsol.com\/it\/#\/schema\/person\/94a7a01d14a56d1fbc49c841ffc57fe9","name":"- Instituto Mediterr\u00e1neo Sol","image":{"@type":"ImageObject","inLanguage":"it-IT","@id":"https:\/\/secure.gravatar.com\/avatar\/5607fdabdf1b548b6095cc3d43079829bc1497403e70dd34004e7204a8fef62b?s=96&d=mm&r=g","url":"https:\/\/secure.gravatar.com\/avatar\/5607fdabdf1b548b6095cc3d43079829bc1497403e70dd34004e7204a8fef62b?s=96&d=mm&r=g","contentUrl":"https:\/\/secure.gravatar.com\/avatar\/5607fdabdf1b548b6095cc3d43079829bc1497403e70dd34004e7204a8fef62b?s=96&d=mm&r=g","caption":"- Instituto Mediterr\u00e1neo Sol"},"url":"https:\/\/www.inmsol.com\/it\/author\/laura\/"}]}},"_links":{"self":[{"href":"https:\/\/www.inmsol.com\/it\/wp-json\/wp\/v2\/posts\/22688","targetHints":{"allow":["GET"]}}],"collection":[{"href":"https:\/\/www.inmsol.com\/it\/wp-json\/wp\/v2\/posts"}],"about":[{"href":"https:\/\/www.inmsol.com\/it\/wp-json\/wp\/v2\/types\/post"}],"author":[{"embeddable":true,"href":"https:\/\/www.inmsol.com\/it\/wp-json\/wp\/v2\/users\/3"}],"replies":[{"embeddable":true,"href":"https:\/\/www.inmsol.com\/it\/wp-json\/wp\/v2\/comments?post=22688"}],"version-history":[{"count":0,"href":"https:\/\/www.inmsol.com\/it\/wp-json\/wp\/v2\/posts\/22688\/revisions"}],"wp:featuredmedia":[{"embeddable":true,"href":"https:\/\/www.inmsol.com\/it\/wp-json\/wp\/v2\/media\/22605"}],"wp:attachment":[{"href":"https:\/\/www.inmsol.com\/it\/wp-json\/wp\/v2\/media?parent=22688"}],"wp:term":[{"taxonomy":"category","embeddable":true,"href":"https:\/\/www.inmsol.com\/it\/wp-json\/wp\/v2\/categories?post=22688"},{"taxonomy":"post_tag","embeddable":true,"href":"https:\/\/www.inmsol.com\/it\/wp-json\/wp\/v2\/tags?post=22688"}],"curies":[{"name":"wp","href":"https:\/\/api.w.org\/{rel}","templated":true}]}}