{"id":234,"date":"2010-02-23T17:06:06","date_gmt":"2010-02-23T17:06:06","guid":{"rendered":"https:\/\/www.inmsol.com\/"},"modified":"2013-05-19T17:24:41","modified_gmt":"2013-05-19T17:24:41","slug":"la-pasqua-spagna","status":"publish","type":"post","link":"https:\/\/www.inmsol.com\/it\/blog-it-it\/la-pasqua-spagna\/","title":{"rendered":"La Pasqua in Spagna"},"content":{"rendered":"<p>La Semana Santa \u00e8 considerata la pi\u00f9 importante festivit\u00e0 spagnola, probabilmente anche pi\u00f9 del Natale. La settimana che va dalla Domenica delle Palme a quella di Pasqua mette in scena tutto il sentimento religioso nella cattolica Spagna. \u00c8 un momento di grande fervore e partecipazione messo in scena per riprodurre in qualche modo la Passione di Cristo. In\u00a0 Andalusia, se vi capiter\u00e0 di essere nella zona durante la Semana Santa, potrete incontrare processioni di mezzanotte o anche pi\u00f9 tarde nella notte, con i penitenti incappucciati, i Nazarenos, armati di torce e scalzi e in qualche caso limite indossanti il cilicio.<br \/>\n\tSe siete in questa zona durante questa settimana vi potrete imbattere in folle di paesani che agitano fronde di palme al passaggio di varie statue issate su portantine e trasportate di peso da volontari che si sono preparati tutto l&#8217;anno per quello. I Pasos, sono carri con sculture altamente realistiche e sono gli elementi pi\u00f9 importanti delle celebrazioni. In alcuni paesi la Semana Santa culmina con alla distruzione cerimoniale attraverso il rogo dell&#8217;effigie di Giuda.<\/p>\n<p><!--break--><\/p>\n<p>Le grandi protagoniste nelle processioni della Semana Santa sono, soprattutto in citt\u00e0 come Malaga, Siviglia e Granada, le confraternite (cofrad\u00edas), le cui origini risalgono al quindicesimo secolo, e che passano tutto l&#8217;anno a preparare questo momento fabbricando costumi e carri. Le sculture dei carri, a grandezza naturale, sono abitualmente incentrate sul dolore della Madonna e sul martirio di Cristo, alcune sono di inestimabile valore storico artistico e risalgono addirittura al sedicesimo e diciassettesimo secolo. Le madonne vestono abiti ricamati e sono circondate da fiori, fronde di palma e candele.<\/p>\n<p>\tI carri vengono portati da dei portantini vestiti di tuniche chiamati Costaleros, i quali sono accompagnati dai Nazarenos, i penitenti incappucciati che cercano di espiare i loro peccati.<\/p>\n<p>La Semana Santa, si celebr\u00f2 per la prima volta a Granada probabilmente dopo la Reconquista, anche se le prime testimonianze del genere arrivarono solo nel 1573 quando si proibirono le confraternite che poi vennero autorizzate di nuovo dal 1611 fino ai giorni nostri. Infatti attualmente, dalla Domenica della Palme fino alla Domenica di Resurrezione, esistono 32 confraternite che sfilano con la loro processione passando per tutte le strade previste dal percorso: Calle Navas, Plaza del Carmen, Calle Reyes Cat\u00f3licos, Calle Mesones, Calle Marqu\u00e9z de Gerona, Plaza de las Pasiegas, fino a dentro la Cattedrale.<br \/>\n\tI principali momenti della festa sono:<\/p>\n<ul>\n<li>\n\t\tIl Mercoled\u00ec Santo le immagini di Jos\u00e9 Risue\u00f1o salgono all&#8217;Abadia del Sacromonte; questa salita popolarmente \u00e8 chiamata &#8220;dei gitani&#8221; tra fiaccole e luci.<\/li>\n<li>\n\t\tIl Gioved\u00ec Santo la processione esce dall&#8217;Albaicin e a mezzanotte dalla Chiesa di San Pedro del Cristo del Silencio; a questa sfilata densa di religiosit\u00e0 tutta la citt\u00e0 resta in silenzio finch\u00e8 non subentra la tradizionale banda musicale.<\/li>\n<li>\n\t\tIl Venerd\u00ec Santo \u00e8 il momento del Cristo de los Favores in cui migliaia di fedeli si incontrano alle 3 del pomeriggio nel Campo del Principe per recitare tre preghiere al Signore.<\/li>\n<li>\n\t\tIl Sabato Santo c&#8217;\u00e8 l&#8217;uscita da Santa Maria de la Alhambra e il passaggio attraverso la Puerta de la Justicia.<\/li>\n<\/ul>\n<p>In alcune parti della Spagna i penitenti arrivano ad atti di vera e propria autoflagellazione. Per esempio a San Vincente de la Sonsierra, nella regione della Rioja, i penitenti si frustano alla schiena usando le strisce di tessuto con spine per facilitare le emorragie ed evitare le tumefazioni. A Valverde de la Vera in Estremadura i penitenti, chiamati empalaos, ricoprono le proprie schiene, i dorsi e le braccia disperse funi, prima di essere legati a una aratro a forma di croce, ed essere trascinati lungo le stazioni della Via Crucis.<\/p>\n<p>Ricordate che la Semana Santa \u00e8 si una festa religiosa, ma che per gran parte della settimana alla solennit\u00e0 e accompagnata la festa dove gli spagnoli stessi si abbandonano a comode mangiate e abbondanti bevute e i bar sono affollati di giorno e notte, magari con il sottofondo delle incessanti processioni.<\/p>\n<p>Tratto da: <a href=\"http:\/\/www.spagna.cc\/semana_santa.html\" target=\"_blank\">SPAGNA<\/a><br \/>\n\t\u00a0\u00a0\u00a0<\/p>\n","protected":false},"excerpt":{"rendered":"<p>La Semana Santa \u00e8 considerata la pi\u00f9 importante festivit\u00e0 spagnola, probabilmente anche pi\u00f9 del Natale. La settimana che va dalla Domenica delle Palme a quella di Pasqua mette in scena tutto il sentimento religioso nella cattolica Spagna. \u00c8 un momento di grande fervore e partecipazione&#8230;<\/p>\n","protected":false},"author":2,"featured_media":0,"comment_status":"closed","ping_status":"closed","sticky":false,"template":"","format":"standard","meta":{"_acf_changed":false,"footnotes":""},"categories":[6],"tags":[],"class_list":["post-234","post","type-post","status-publish","format-standard","hentry","category-blog-it-it"],"acf":[],"yoast_head":"<!-- This site is optimized with the Yoast SEO plugin v27.5 - https:\/\/yoast.com\/product\/yoast-seo-wordpress\/ -->\n<title>La Pasqua in Spagna | Andalusia, Passione di Cristo, festivit\u00e0 spagnola, confraternite, la Madonna, Cristo | INMSOL<\/title>\n<meta name=\"description\" content=\"La Semana Santa \u00e8 considerata la pi\u00f9 importante festivit\u00e0 spagnola, probabilmente anche pi\u00f9 del Natale. La settimana che va dalla Domenica delle Palme a quella di Pasqua mette in scena tutto il sentimento religioso nella cattolica Spagna.\" \/>\n<meta name=\"robots\" content=\"index, follow, max-snippet:-1, max-image-preview:large, max-video-preview:-1\" \/>\n<link rel=\"canonical\" href=\"https:\/\/www.inmsol.com\/it\/blog-it-it\/la-pasqua-spagna\/\" \/>\n<meta property=\"og:locale\" content=\"it_IT\" \/>\n<meta property=\"og:type\" content=\"article\" \/>\n<meta property=\"og:title\" content=\"La Pasqua in Spagna | Andalusia, Passione di Cristo, festivit\u00e0 spagnola, confraternite, la Madonna, Cristo | INMSOL\" \/>\n<meta property=\"og:description\" content=\"La Semana Santa \u00e8 considerata la pi\u00f9 importante festivit\u00e0 spagnola, probabilmente anche pi\u00f9 del Natale. La settimana che va dalla Domenica delle Palme a quella di Pasqua mette in scena tutto il sentimento religioso nella cattolica Spagna.\" \/>\n<meta property=\"og:url\" content=\"https:\/\/www.inmsol.com\/it\/blog-it-it\/la-pasqua-spagna\/\" \/>\n<meta property=\"og:site_name\" content=\"iNMSOL\" \/>\n<meta property=\"article:publisher\" content=\"https:\/\/www.facebook.com\/spanishcourses\" \/>\n<meta property=\"article:published_time\" content=\"2010-02-23T17:06:06+00:00\" \/>\n<meta property=\"article:modified_time\" content=\"2013-05-19T17:24:41+00:00\" \/>\n<meta property=\"og:image\" content=\"https:\/\/www.inmsol.com\/wp-content\/uploads\/2019\/08\/logo-inmsol.png\" \/>\n\t<meta property=\"og:image:width\" content=\"320\" \/>\n\t<meta property=\"og:image:height\" content=\"154\" \/>\n\t<meta property=\"og:image:type\" content=\"image\/png\" \/>\n<meta name=\"author\" content=\"Javier Torres\" \/>\n<meta name=\"twitter:label1\" content=\"Scritto da\" \/>\n\t<meta name=\"twitter:data1\" content=\"Javier Torres\" \/>\n\t<meta name=\"twitter:label2\" content=\"Tempo di lettura stimato\" \/>\n\t<meta name=\"twitter:data2\" content=\"3 minuti\" \/>\n<script type=\"application\/ld+json\" class=\"yoast-schema-graph\">{\"@context\":\"https:\\\/\\\/schema.org\",\"@graph\":[{\"@type\":\"Article\",\"@id\":\"https:\\\/\\\/www.inmsol.com\\\/it\\\/blog-it-it\\\/la-pasqua-spagna\\\/#article\",\"isPartOf\":{\"@id\":\"https:\\\/\\\/www.inmsol.com\\\/it\\\/blog-it-it\\\/la-pasqua-spagna\\\/\"},\"author\":{\"name\":\"Javier Torres\",\"@id\":\"https:\\\/\\\/www.inmsol.com\\\/it\\\/#\\\/schema\\\/person\\\/18f18acd0397ef441e373e79ec3eb6ea\"},\"headline\":\"La Pasqua in Spagna\",\"datePublished\":\"2010-02-23T17:06:06+00:00\",\"dateModified\":\"2013-05-19T17:24:41+00:00\",\"mainEntityOfPage\":{\"@id\":\"https:\\\/\\\/www.inmsol.com\\\/it\\\/blog-it-it\\\/la-pasqua-spagna\\\/\"},\"wordCount\":654,\"publisher\":{\"@id\":\"https:\\\/\\\/www.inmsol.com\\\/it\\\/#organization\"},\"articleSection\":[\"Blog\"],\"inLanguage\":\"it-IT\"},{\"@type\":\"WebPage\",\"@id\":\"https:\\\/\\\/www.inmsol.com\\\/it\\\/blog-it-it\\\/la-pasqua-spagna\\\/\",\"url\":\"https:\\\/\\\/www.inmsol.com\\\/it\\\/blog-it-it\\\/la-pasqua-spagna\\\/\",\"name\":\"La Pasqua in Spagna | Andalusia, Passione di Cristo, festivit\u00e0 spagnola, confraternite, la Madonna, Cristo | INMSOL\",\"isPartOf\":{\"@id\":\"https:\\\/\\\/www.inmsol.com\\\/it\\\/#website\"},\"datePublished\":\"2010-02-23T17:06:06+00:00\",\"dateModified\":\"2013-05-19T17:24:41+00:00\",\"description\":\"La Semana Santa \u00e8 considerata la pi\u00f9 importante festivit\u00e0 spagnola, probabilmente anche pi\u00f9 del Natale. La settimana che va dalla Domenica delle Palme a quella di Pasqua mette in scena tutto il sentimento religioso nella cattolica Spagna.\",\"breadcrumb\":{\"@id\":\"https:\\\/\\\/www.inmsol.com\\\/it\\\/blog-it-it\\\/la-pasqua-spagna\\\/#breadcrumb\"},\"inLanguage\":\"it-IT\",\"potentialAction\":[{\"@type\":\"ReadAction\",\"target\":[\"https:\\\/\\\/www.inmsol.com\\\/it\\\/blog-it-it\\\/la-pasqua-spagna\\\/\"]}]},{\"@type\":\"BreadcrumbList\",\"@id\":\"https:\\\/\\\/www.inmsol.com\\\/it\\\/blog-it-it\\\/la-pasqua-spagna\\\/#breadcrumb\",\"itemListElement\":[{\"@type\":\"ListItem\",\"position\":1,\"name\":\"Accredited Center by Instituto Cervantes\",\"item\":\"https:\\\/\\\/www.inmsol.com\\\/it\\\/pagina-ejemplo\\\/\"},{\"@type\":\"ListItem\",\"position\":2,\"name\":\"Blog\",\"item\":\"https:\\\/\\\/www.inmsol.com\\\/it\\\/category\\\/blog-it-it\\\/\"},{\"@type\":\"ListItem\",\"position\":3,\"name\":\"La Pasqua in Spagna\"}]},{\"@type\":\"WebSite\",\"@id\":\"https:\\\/\\\/www.inmsol.com\\\/it\\\/#website\",\"url\":\"https:\\\/\\\/www.inmsol.com\\\/it\\\/\",\"name\":\"iNMSOL\",\"description\":\"Impara lo spagnolo con noi - Centro di studio accreditato con l'Istituto Cervantes\",\"publisher\":{\"@id\":\"https:\\\/\\\/www.inmsol.com\\\/it\\\/#organization\"},\"potentialAction\":[{\"@type\":\"SearchAction\",\"target\":{\"@type\":\"EntryPoint\",\"urlTemplate\":\"https:\\\/\\\/www.inmsol.com\\\/it\\\/?s={search_term_string}\"},\"query-input\":{\"@type\":\"PropertyValueSpecification\",\"valueRequired\":true,\"valueName\":\"search_term_string\"}}],\"inLanguage\":\"it-IT\"},{\"@type\":\"Organization\",\"@id\":\"https:\\\/\\\/www.inmsol.com\\\/it\\\/#organization\",\"name\":\"Instituto Mediterr\u00e1neo Sol\",\"url\":\"https:\\\/\\\/www.inmsol.com\\\/it\\\/\",\"logo\":{\"@type\":\"ImageObject\",\"inLanguage\":\"it-IT\",\"@id\":\"https:\\\/\\\/www.inmsol.com\\\/it\\\/#\\\/schema\\\/logo\\\/image\\\/\",\"url\":\"https:\\\/\\\/www.inmsol.com\\\/wp-content\\\/uploads\\\/2023\\\/06\\\/logo-inmsol-1.png\",\"contentUrl\":\"https:\\\/\\\/www.inmsol.com\\\/wp-content\\\/uploads\\\/2023\\\/06\\\/logo-inmsol-1.png\",\"width\":136,\"height\":73,\"caption\":\"Instituto Mediterr\u00e1neo Sol\"},\"image\":{\"@id\":\"https:\\\/\\\/www.inmsol.com\\\/it\\\/#\\\/schema\\\/logo\\\/image\\\/\"},\"sameAs\":[\"https:\\\/\\\/www.facebook.com\\\/spanishcourses\",\"https:\\\/\\\/x.com\\\/StudyInGranada\",\"http:\\\/\\\/instagram.com\\\/imsolgranada\",\"https:\\\/\\\/es.linkedin.com\\\/company\\\/imsol-granada\",\"https:\\\/\\\/www.pinterest.es\\\/inmsol\\\/\",\"https:\\\/\\\/www.youtube.com\\\/channel\\\/UChz-Qn_7coFMosY85iYMO4g\"]},{\"@type\":\"Person\",\"@id\":\"https:\\\/\\\/www.inmsol.com\\\/it\\\/#\\\/schema\\\/person\\\/18f18acd0397ef441e373e79ec3eb6ea\",\"name\":\"Javier Torres\",\"image\":{\"@type\":\"ImageObject\",\"inLanguage\":\"it-IT\",\"@id\":\"https:\\\/\\\/secure.gravatar.com\\\/avatar\\\/90afa2d6499550218d247408758082af566e5ec3641e1b8eac0d7bb889344a55?s=96&d=mm&r=g\",\"url\":\"https:\\\/\\\/secure.gravatar.com\\\/avatar\\\/90afa2d6499550218d247408758082af566e5ec3641e1b8eac0d7bb889344a55?s=96&d=mm&r=g\",\"contentUrl\":\"https:\\\/\\\/secure.gravatar.com\\\/avatar\\\/90afa2d6499550218d247408758082af566e5ec3641e1b8eac0d7bb889344a55?s=96&d=mm&r=g\",\"caption\":\"Javier Torres\"},\"url\":\"https:\\\/\\\/www.inmsol.com\\\/it\\\/author\\\/javier\\\/\"}]}<\/script>\n<!-- \/ Yoast SEO plugin. -->","yoast_head_json":{"title":"La Pasqua in Spagna | Andalusia, Passione di Cristo, festivit\u00e0 spagnola, confraternite, la Madonna, Cristo | INMSOL","description":"La Semana Santa \u00e8 considerata la pi\u00f9 importante festivit\u00e0 spagnola, probabilmente anche pi\u00f9 del Natale. La settimana che va dalla Domenica delle Palme a quella di Pasqua mette in scena tutto il sentimento religioso nella cattolica Spagna.","robots":{"index":"index","follow":"follow","max-snippet":"max-snippet:-1","max-image-preview":"max-image-preview:large","max-video-preview":"max-video-preview:-1"},"canonical":"https:\/\/www.inmsol.com\/it\/blog-it-it\/la-pasqua-spagna\/","og_locale":"it_IT","og_type":"article","og_title":"La Pasqua in Spagna | Andalusia, Passione di Cristo, festivit\u00e0 spagnola, confraternite, la Madonna, Cristo | INMSOL","og_description":"La Semana Santa \u00e8 considerata la pi\u00f9 importante festivit\u00e0 spagnola, probabilmente anche pi\u00f9 del Natale. La settimana che va dalla Domenica delle Palme a quella di Pasqua mette in scena tutto il sentimento religioso nella cattolica Spagna.","og_url":"https:\/\/www.inmsol.com\/it\/blog-it-it\/la-pasqua-spagna\/","og_site_name":"iNMSOL","article_publisher":"https:\/\/www.facebook.com\/spanishcourses","article_published_time":"2010-02-23T17:06:06+00:00","article_modified_time":"2013-05-19T17:24:41+00:00","og_image":[{"width":320,"height":154,"url":"https:\/\/www.inmsol.com\/wp-content\/uploads\/2019\/08\/logo-inmsol.png","type":"image\/png"}],"author":"Javier Torres","twitter_misc":{"Scritto da":"Javier Torres","Tempo di lettura stimato":"3 minuti"},"schema":{"@context":"https:\/\/schema.org","@graph":[{"@type":"Article","@id":"https:\/\/www.inmsol.com\/it\/blog-it-it\/la-pasqua-spagna\/#article","isPartOf":{"@id":"https:\/\/www.inmsol.com\/it\/blog-it-it\/la-pasqua-spagna\/"},"author":{"name":"Javier Torres","@id":"https:\/\/www.inmsol.com\/it\/#\/schema\/person\/18f18acd0397ef441e373e79ec3eb6ea"},"headline":"La Pasqua in Spagna","datePublished":"2010-02-23T17:06:06+00:00","dateModified":"2013-05-19T17:24:41+00:00","mainEntityOfPage":{"@id":"https:\/\/www.inmsol.com\/it\/blog-it-it\/la-pasqua-spagna\/"},"wordCount":654,"publisher":{"@id":"https:\/\/www.inmsol.com\/it\/#organization"},"articleSection":["Blog"],"inLanguage":"it-IT"},{"@type":"WebPage","@id":"https:\/\/www.inmsol.com\/it\/blog-it-it\/la-pasqua-spagna\/","url":"https:\/\/www.inmsol.com\/it\/blog-it-it\/la-pasqua-spagna\/","name":"La Pasqua in Spagna | Andalusia, Passione di Cristo, festivit\u00e0 spagnola, confraternite, la Madonna, Cristo | INMSOL","isPartOf":{"@id":"https:\/\/www.inmsol.com\/it\/#website"},"datePublished":"2010-02-23T17:06:06+00:00","dateModified":"2013-05-19T17:24:41+00:00","description":"La Semana Santa \u00e8 considerata la pi\u00f9 importante festivit\u00e0 spagnola, probabilmente anche pi\u00f9 del Natale. La settimana che va dalla Domenica delle Palme a quella di Pasqua mette in scena tutto il sentimento religioso nella cattolica Spagna.","breadcrumb":{"@id":"https:\/\/www.inmsol.com\/it\/blog-it-it\/la-pasqua-spagna\/#breadcrumb"},"inLanguage":"it-IT","potentialAction":[{"@type":"ReadAction","target":["https:\/\/www.inmsol.com\/it\/blog-it-it\/la-pasqua-spagna\/"]}]},{"@type":"BreadcrumbList","@id":"https:\/\/www.inmsol.com\/it\/blog-it-it\/la-pasqua-spagna\/#breadcrumb","itemListElement":[{"@type":"ListItem","position":1,"name":"Accredited Center by Instituto Cervantes","item":"https:\/\/www.inmsol.com\/it\/pagina-ejemplo\/"},{"@type":"ListItem","position":2,"name":"Blog","item":"https:\/\/www.inmsol.com\/it\/category\/blog-it-it\/"},{"@type":"ListItem","position":3,"name":"La Pasqua in Spagna"}]},{"@type":"WebSite","@id":"https:\/\/www.inmsol.com\/it\/#website","url":"https:\/\/www.inmsol.com\/it\/","name":"iNMSOL","description":"Impara lo spagnolo con noi - Centro di studio accreditato con l'Istituto Cervantes","publisher":{"@id":"https:\/\/www.inmsol.com\/it\/#organization"},"potentialAction":[{"@type":"SearchAction","target":{"@type":"EntryPoint","urlTemplate":"https:\/\/www.inmsol.com\/it\/?s={search_term_string}"},"query-input":{"@type":"PropertyValueSpecification","valueRequired":true,"valueName":"search_term_string"}}],"inLanguage":"it-IT"},{"@type":"Organization","@id":"https:\/\/www.inmsol.com\/it\/#organization","name":"Instituto Mediterr\u00e1neo Sol","url":"https:\/\/www.inmsol.com\/it\/","logo":{"@type":"ImageObject","inLanguage":"it-IT","@id":"https:\/\/www.inmsol.com\/it\/#\/schema\/logo\/image\/","url":"https:\/\/www.inmsol.com\/wp-content\/uploads\/2023\/06\/logo-inmsol-1.png","contentUrl":"https:\/\/www.inmsol.com\/wp-content\/uploads\/2023\/06\/logo-inmsol-1.png","width":136,"height":73,"caption":"Instituto Mediterr\u00e1neo Sol"},"image":{"@id":"https:\/\/www.inmsol.com\/it\/#\/schema\/logo\/image\/"},"sameAs":["https:\/\/www.facebook.com\/spanishcourses","https:\/\/x.com\/StudyInGranada","http:\/\/instagram.com\/imsolgranada","https:\/\/es.linkedin.com\/company\/imsol-granada","https:\/\/www.pinterest.es\/inmsol\/","https:\/\/www.youtube.com\/channel\/UChz-Qn_7coFMosY85iYMO4g"]},{"@type":"Person","@id":"https:\/\/www.inmsol.com\/it\/#\/schema\/person\/18f18acd0397ef441e373e79ec3eb6ea","name":"Javier Torres","image":{"@type":"ImageObject","inLanguage":"it-IT","@id":"https:\/\/secure.gravatar.com\/avatar\/90afa2d6499550218d247408758082af566e5ec3641e1b8eac0d7bb889344a55?s=96&d=mm&r=g","url":"https:\/\/secure.gravatar.com\/avatar\/90afa2d6499550218d247408758082af566e5ec3641e1b8eac0d7bb889344a55?s=96&d=mm&r=g","contentUrl":"https:\/\/secure.gravatar.com\/avatar\/90afa2d6499550218d247408758082af566e5ec3641e1b8eac0d7bb889344a55?s=96&d=mm&r=g","caption":"Javier Torres"},"url":"https:\/\/www.inmsol.com\/it\/author\/javier\/"}]}},"_links":{"self":[{"href":"https:\/\/www.inmsol.com\/it\/wp-json\/wp\/v2\/posts\/234","targetHints":{"allow":["GET"]}}],"collection":[{"href":"https:\/\/www.inmsol.com\/it\/wp-json\/wp\/v2\/posts"}],"about":[{"href":"https:\/\/www.inmsol.com\/it\/wp-json\/wp\/v2\/types\/post"}],"author":[{"embeddable":true,"href":"https:\/\/www.inmsol.com\/it\/wp-json\/wp\/v2\/users\/2"}],"replies":[{"embeddable":true,"href":"https:\/\/www.inmsol.com\/it\/wp-json\/wp\/v2\/comments?post=234"}],"version-history":[{"count":0,"href":"https:\/\/www.inmsol.com\/it\/wp-json\/wp\/v2\/posts\/234\/revisions"}],"wp:attachment":[{"href":"https:\/\/www.inmsol.com\/it\/wp-json\/wp\/v2\/media?parent=234"}],"wp:term":[{"taxonomy":"category","embeddable":true,"href":"https:\/\/www.inmsol.com\/it\/wp-json\/wp\/v2\/categories?post=234"},{"taxonomy":"post_tag","embeddable":true,"href":"https:\/\/www.inmsol.com\/it\/wp-json\/wp\/v2\/tags?post=234"}],"curies":[{"name":"wp","href":"https:\/\/api.w.org\/{rel}","templated":true}]}}