{"id":33083,"date":"2017-09-27T13:45:56","date_gmt":"2017-09-27T11:45:56","guid":{"rendered":"https:\/\/www.inmsol.com\/blog-it-it\/mariana-de-pineda-munoz-legge-libertauguaglianza\/"},"modified":"2017-09-27T13:54:52","modified_gmt":"2017-09-27T11:54:52","slug":"mariana-de-pineda-munoz-legge-libertauguaglianza","status":"publish","type":"post","link":"https:\/\/www.inmsol.com\/it\/blog-it-it\/cultura-letteratura-storia-spagna\/mariana-de-pineda-munoz-legge-libertauguaglianza\/","title":{"rendered":"Mariana de Pineda Mu\u00f1oz: Legge, Libert\u00e1,Uguaglianza."},"content":{"rendered":"<p>O <a href=\"https:\/\/www.inmsol.com\/es\/granada\/\"><strong>Mariana Pineda<\/strong><\/a> (1804 &#8211; 1831)\u00a0 rappresenta il simbolo della lotta per l\u2019uguaglianza e la libert\u00e1 in Spagna durante la Restaurazione di Fernando VII. La giovane donna non viene citata solamente all\u2019interno della storia politica, bens\u00ed anche all\u2019interno del mondo letterario \u2013 lo stesso Federico Garc\u00eda Lorca, il quale verr\u00e1 ucciso anni a seguire per avere condiviso idee legate alla libert\u00e1 d\u2019espressione, dedica un\u2019intera opera a Mariana de Pineda.<\/p>\n<p><img fetchpriority=\"high\" decoding=\"async\" class=\"size-full wp-image-33070 alignright\" src=\"https:\/\/www.inmsol.com\/wp-content\/uploads\/2017\/09\/ferdinando_vii_di_spagna.jpg\" alt=\"\" width=\"232\" height=\"284\" srcset=\"https:\/\/www.inmsol.com\/wp-content\/uploads\/2017\/09\/ferdinando_vii_di_spagna.jpg 232w, https:\/\/www.inmsol.com\/wp-content\/uploads\/2017\/09\/ferdinando_vii_di_spagna-64x78.jpg 64w, https:\/\/www.inmsol.com\/wp-content\/uploads\/2017\/09\/ferdinando_vii_di_spagna-163x200.jpg 163w\" sizes=\"(max-width: 232px) 100vw, 232px\" \/><\/p>\n<p>Durante la Guerra d\u2019Indipendenza, l\u2019assenza di un Re fa si che la Corte di C\u00e1diz accetti la Costituzione del 1812. Al tempo stesso Ferdinando VII (1814-1833) porta avanti una vera e propria lotta nei confronti dei progressi che si stanno verificando in Europa e in modo particolare in Spagna. Un\u2019intervento miltare esterno permetter\u00e1 a Ferdinando VII di instaurare un sistema assolutistico che durer\u00e1 fino alla sua morte dieci anni dopo. Durante questo periodo il monarca applica una repressione brutale contro tutti coloro che si dimostrano essere contro al sistema assolutistico e in particolar modo la pena di morte diventa una pratica alquanto abituale.<\/p>\n<p>Chi \u00e9 per\u00f3 Mariana de Pineda?<\/p>\n<p>Nata nel 1804 a Granada, con un padre di origini aristocratiche e da madre da origini umili: da questo amore che va oltre alle differenze sociali nasce Mariana de Pineda.<\/p>\n<p><img decoding=\"async\" class=\"alignleft size-medium wp-image-33073\" src=\"https:\/\/www.inmsol.com\/wp-content\/uploads\/2017\/09\/40-proceso-mariana-pineda-212x300.jpg\" alt=\"\" width=\"212\" height=\"300\" srcset=\"https:\/\/www.inmsol.com\/wp-content\/uploads\/2017\/09\/40-proceso-mariana-pineda-212x300.jpg 212w, https:\/\/www.inmsol.com\/wp-content\/uploads\/2017\/09\/40-proceso-mariana-pineda-64x91.jpg 64w, https:\/\/www.inmsol.com\/wp-content\/uploads\/2017\/09\/40-proceso-mariana-pineda-141x200.jpg 141w, https:\/\/www.inmsol.com\/wp-content\/uploads\/2017\/09\/40-proceso-mariana-pineda-283x400.jpg 283w, https:\/\/www.inmsol.com\/wp-content\/uploads\/2017\/09\/40-proceso-mariana-pineda.jpg 565w\" sizes=\"(max-width: 212px) 100vw, 212px\" \/><\/p>\n<p>A 15 anni Mariana si sposa con il liberale Manuel de Peralta y Valte, iniziando cos\u00ed a prendere parte alla stessa causa liberale. In una Granada colma di cospirazioni e persecuzioni dei liberali \u2013 i quali continuano a lottare per ripristinare la Costituzione \u2013 nel 1831 la lotta di Mariana contro il sistema assolutistico arriva al culmine: diventa infatti intermediario per gli esiliati a Gibiliterra, nasconde ricercati nella propria casa e organizza la fuga di un condannato a morte.<\/p>\n<p>&nbsp;<\/p>\n<p>&nbsp;<\/p>\n<p>&nbsp;<\/p>\n<p>&nbsp;<\/p>\n<p>Il 18 marzo del 1831 la vita di Mariana terminer\u00e1, in quanto accusata di essere in possesso di una bandiera simbolo della lotta contro la monarchia \u201cLegge, Libert\u00e1, Uguaglianza\u201d \u2013 probabilmente quest\u2019ultima \u00e9 stata collocata in casa sua dalla stessa polizia.<\/p>\n<p><img decoding=\"async\" class=\" wp-image-33071 alignright\" src=\"https:\/\/www.inmsol.com\/wp-content\/uploads\/2017\/09\/72879463-448x300.jpg\" alt=\"\" width=\"343\" height=\"230\" srcset=\"https:\/\/www.inmsol.com\/wp-content\/uploads\/2017\/09\/72879463-448x300.jpg 448w, https:\/\/www.inmsol.com\/wp-content\/uploads\/2017\/09\/72879463-800x535.jpg 800w, https:\/\/www.inmsol.com\/wp-content\/uploads\/2017\/09\/72879463-64x43.jpg 64w, https:\/\/www.inmsol.com\/wp-content\/uploads\/2017\/09\/72879463-768x514.jpg 768w, https:\/\/www.inmsol.com\/wp-content\/uploads\/2017\/09\/72879463.jpg 1024w, https:\/\/www.inmsol.com\/wp-content\/uploads\/2017\/09\/72879463-250x167.jpg 250w, https:\/\/www.inmsol.com\/wp-content\/uploads\/2017\/09\/72879463-598x400.jpg 598w\" sizes=\"(max-width: 343px) 100vw, 343px\" \/><\/p>\n<p>Per questo viene accusata di \u201ccospirazione contro la sicurezza dello Stato e del re\u201d tanto che Ferdinando VII considera la condanna appropriata e firma la sentenza di morte.<\/p>\n<p>Il 26 maggio del 1831, a solamente 26 anni, Mariana Pineda viene giustiziata a Campo del Triunfo a Granada, diventando in rrealt\u00e1 vittima e martire. \u201cMai una parola uscir\u00e1 dalle mie labbra\u201d, queste sono le parole che la giovane rivolge ai suoi esecutori, preferendo morire piuttosto che tradire i suoi compagni.<\/p>\n<p>&nbsp;<\/p>\n<p>Nel 1925 il poeta di Granada Federico Garc\u00eda Lorca termina la propria opera drammatica dedicata alla vita di Mariana de Pineda, rendendo la sua storia ancora pi\u00fa famosa. Al tempo stesso nel 2004 \u00e9 stata inauguarata una placca commemorativa nella sua ultima casa che legge &#8220;In ricordo di Mariana de Pineda la quale mor\u00ed in difesa della libert\u00e1. Il municipicio di Granada le dedica questo omaggio per il bicentenario dalla sua nascita, che si verirific\u00f3 l\u20191 settembre del 1804\u201d.<\/p>\n<p><img loading=\"lazy\" decoding=\"async\" class=\"size-medium wp-image-33072 aligncenter\" src=\"https:\/\/www.inmsol.com\/wp-content\/uploads\/2017\/09\/34513837-199x300.jpg\" alt=\"\" width=\"199\" height=\"300\" srcset=\"https:\/\/www.inmsol.com\/wp-content\/uploads\/2017\/09\/34513837-199x300.jpg 199w, https:\/\/www.inmsol.com\/wp-content\/uploads\/2017\/09\/34513837-64x97.jpg 64w, https:\/\/www.inmsol.com\/wp-content\/uploads\/2017\/09\/34513837-133x200.jpg 133w, https:\/\/www.inmsol.com\/wp-content\/uploads\/2017\/09\/34513837-265x400.jpg 265w, https:\/\/www.inmsol.com\/wp-content\/uploads\/2017\/09\/34513837.jpg 315w\" sizes=\"(max-width: 199px) 100vw, 199px\" \/><\/p>\n<p>&nbsp;<\/p>\n","protected":false},"excerpt":{"rendered":"<p>O Mariana Pineda (1804 &#8211; 1831)\u00a0 rappresenta il simbolo della lotta per l\u2019uguaglianza e la libert\u00e1 in Spagna durante la Restaurazione di Fernando VII. La giovane donna non viene citata solamente all\u2019interno della storia politica, bens\u00ed anche all\u2019interno del mondo letterario \u2013 lo stesso Federico&#8230;<\/p>\n","protected":false},"author":3,"featured_media":0,"comment_status":"closed","ping_status":"closed","sticky":false,"template":"","format":"standard","meta":{"_acf_changed":false,"footnotes":""},"categories":[34],"tags":[],"class_list":["post-33083","post","type-post","status-publish","format-standard","hentry","category-cultura-letteratura-storia-spagna"],"acf":[],"yoast_head":"<!-- This site is optimized with the Yoast SEO plugin v27.5 - https:\/\/yoast.com\/product\/yoast-seo-wordpress\/ -->\n<title>Mariana de Pineda Mu\u00f1oz: Legge, Libert\u00e1,Uguaglianza. &#8226; iNMSOL<\/title>\n<meta name=\"description\" content=\"O Mariana Pineda (1804 - 1831)\u00a0 rappresenta il simbolo della lotta per l\u2019uguaglianza e la libert\u00e1 in Spagna durante la Restaurazione di Fernando VII.\" \/>\n<meta name=\"robots\" content=\"index, follow, max-snippet:-1, max-image-preview:large, max-video-preview:-1\" \/>\n<link rel=\"canonical\" href=\"https:\/\/www.inmsol.com\/it\/blog-it-it\/cultura-letteratura-storia-spagna\/mariana-de-pineda-munoz-legge-libertauguaglianza\/\" \/>\n<meta property=\"og:locale\" content=\"it_IT\" \/>\n<meta property=\"og:type\" content=\"article\" \/>\n<meta property=\"og:title\" content=\"Mariana de Pineda Mu\u00f1oz: Legge, Libert\u00e1,Uguaglianza. &#8226; iNMSOL\" \/>\n<meta property=\"og:description\" content=\"O Mariana Pineda (1804 - 1831)\u00a0 rappresenta il simbolo della lotta per l\u2019uguaglianza e la libert\u00e1 in Spagna durante la Restaurazione di Fernando VII.\" \/>\n<meta property=\"og:url\" content=\"https:\/\/www.inmsol.com\/it\/blog-it-it\/cultura-letteratura-storia-spagna\/mariana-de-pineda-munoz-legge-libertauguaglianza\/\" \/>\n<meta property=\"og:site_name\" content=\"iNMSOL\" \/>\n<meta property=\"article:publisher\" content=\"https:\/\/www.facebook.com\/spanishcourses\" \/>\n<meta property=\"article:published_time\" content=\"2017-09-27T11:45:56+00:00\" \/>\n<meta property=\"article:modified_time\" content=\"2017-09-27T11:54:52+00:00\" \/>\n<meta property=\"og:image\" content=\"https:\/\/www.inmsol.com\/wp-content\/uploads\/2017\/09\/ferdinando_vii_di_spagna.jpg\" \/>\n<meta name=\"author\" content=\"- Instituto Mediterr\u00e1neo Sol\" \/>\n<meta name=\"twitter:label1\" content=\"Scritto da\" \/>\n\t<meta name=\"twitter:data1\" content=\"- Instituto Mediterr\u00e1neo Sol\" \/>\n\t<meta name=\"twitter:label2\" content=\"Tempo di lettura stimato\" \/>\n\t<meta name=\"twitter:data2\" content=\"2 minuti\" \/>\n<script type=\"application\/ld+json\" class=\"yoast-schema-graph\">{\"@context\":\"https:\\\/\\\/schema.org\",\"@graph\":[{\"@type\":\"Article\",\"@id\":\"https:\\\/\\\/www.inmsol.com\\\/it\\\/blog-it-it\\\/cultura-letteratura-storia-spagna\\\/mariana-de-pineda-munoz-legge-libertauguaglianza\\\/#article\",\"isPartOf\":{\"@id\":\"https:\\\/\\\/www.inmsol.com\\\/it\\\/blog-it-it\\\/cultura-letteratura-storia-spagna\\\/mariana-de-pineda-munoz-legge-libertauguaglianza\\\/\"},\"author\":{\"name\":\"- Instituto Mediterr\u00e1neo Sol\",\"@id\":\"https:\\\/\\\/www.inmsol.com\\\/it\\\/#\\\/schema\\\/person\\\/94a7a01d14a56d1fbc49c841ffc57fe9\"},\"headline\":\"Mariana de Pineda Mu\u00f1oz: Legge, Libert\u00e1,Uguaglianza.\",\"datePublished\":\"2017-09-27T11:45:56+00:00\",\"dateModified\":\"2017-09-27T11:54:52+00:00\",\"mainEntityOfPage\":{\"@id\":\"https:\\\/\\\/www.inmsol.com\\\/it\\\/blog-it-it\\\/cultura-letteratura-storia-spagna\\\/mariana-de-pineda-munoz-legge-libertauguaglianza\\\/\"},\"wordCount\":491,\"publisher\":{\"@id\":\"https:\\\/\\\/www.inmsol.com\\\/it\\\/#organization\"},\"image\":{\"@id\":\"https:\\\/\\\/www.inmsol.com\\\/it\\\/blog-it-it\\\/cultura-letteratura-storia-spagna\\\/mariana-de-pineda-munoz-legge-libertauguaglianza\\\/#primaryimage\"},\"thumbnailUrl\":\"https:\\\/\\\/www.inmsol.com\\\/wp-content\\\/uploads\\\/2017\\\/09\\\/ferdinando_vii_di_spagna.jpg\",\"articleSection\":[\"Cultura, Letteratura e Storia della Spagna e Latinoamerica\"],\"inLanguage\":\"it-IT\"},{\"@type\":\"WebPage\",\"@id\":\"https:\\\/\\\/www.inmsol.com\\\/it\\\/blog-it-it\\\/cultura-letteratura-storia-spagna\\\/mariana-de-pineda-munoz-legge-libertauguaglianza\\\/\",\"url\":\"https:\\\/\\\/www.inmsol.com\\\/it\\\/blog-it-it\\\/cultura-letteratura-storia-spagna\\\/mariana-de-pineda-munoz-legge-libertauguaglianza\\\/\",\"name\":\"Mariana de Pineda Mu\u00f1oz: Legge, Libert\u00e1,Uguaglianza. &#8226; iNMSOL\",\"isPartOf\":{\"@id\":\"https:\\\/\\\/www.inmsol.com\\\/it\\\/#website\"},\"primaryImageOfPage\":{\"@id\":\"https:\\\/\\\/www.inmsol.com\\\/it\\\/blog-it-it\\\/cultura-letteratura-storia-spagna\\\/mariana-de-pineda-munoz-legge-libertauguaglianza\\\/#primaryimage\"},\"image\":{\"@id\":\"https:\\\/\\\/www.inmsol.com\\\/it\\\/blog-it-it\\\/cultura-letteratura-storia-spagna\\\/mariana-de-pineda-munoz-legge-libertauguaglianza\\\/#primaryimage\"},\"thumbnailUrl\":\"https:\\\/\\\/www.inmsol.com\\\/wp-content\\\/uploads\\\/2017\\\/09\\\/ferdinando_vii_di_spagna.jpg\",\"datePublished\":\"2017-09-27T11:45:56+00:00\",\"dateModified\":\"2017-09-27T11:54:52+00:00\",\"description\":\"O Mariana Pineda (1804 - 1831)\u00a0 rappresenta il simbolo della lotta per l\u2019uguaglianza e la libert\u00e1 in Spagna durante la Restaurazione di Fernando VII.\",\"breadcrumb\":{\"@id\":\"https:\\\/\\\/www.inmsol.com\\\/it\\\/blog-it-it\\\/cultura-letteratura-storia-spagna\\\/mariana-de-pineda-munoz-legge-libertauguaglianza\\\/#breadcrumb\"},\"inLanguage\":\"it-IT\",\"potentialAction\":[{\"@type\":\"ReadAction\",\"target\":[\"https:\\\/\\\/www.inmsol.com\\\/it\\\/blog-it-it\\\/cultura-letteratura-storia-spagna\\\/mariana-de-pineda-munoz-legge-libertauguaglianza\\\/\"]}]},{\"@type\":\"ImageObject\",\"inLanguage\":\"it-IT\",\"@id\":\"https:\\\/\\\/www.inmsol.com\\\/it\\\/blog-it-it\\\/cultura-letteratura-storia-spagna\\\/mariana-de-pineda-munoz-legge-libertauguaglianza\\\/#primaryimage\",\"url\":\"https:\\\/\\\/www.inmsol.com\\\/wp-content\\\/uploads\\\/2017\\\/09\\\/ferdinando_vii_di_spagna.jpg\",\"contentUrl\":\"https:\\\/\\\/www.inmsol.com\\\/wp-content\\\/uploads\\\/2017\\\/09\\\/ferdinando_vii_di_spagna.jpg\"},{\"@type\":\"BreadcrumbList\",\"@id\":\"https:\\\/\\\/www.inmsol.com\\\/it\\\/blog-it-it\\\/cultura-letteratura-storia-spagna\\\/mariana-de-pineda-munoz-legge-libertauguaglianza\\\/#breadcrumb\",\"itemListElement\":[{\"@type\":\"ListItem\",\"position\":1,\"name\":\"Accredited Center by Instituto Cervantes\",\"item\":\"https:\\\/\\\/www.inmsol.com\\\/it\\\/pagina-ejemplo\\\/\"},{\"@type\":\"ListItem\",\"position\":2,\"name\":\"Blog\",\"item\":\"https:\\\/\\\/www.inmsol.com\\\/it\\\/category\\\/blog-it-it\\\/\"},{\"@type\":\"ListItem\",\"position\":3,\"name\":\"Cultura, Letteratura e Storia della Spagna e Latinoamerica\",\"item\":\"https:\\\/\\\/www.inmsol.com\\\/it\\\/category\\\/blog-it-it\\\/cultura-letteratura-storia-spagna\\\/\"},{\"@type\":\"ListItem\",\"position\":4,\"name\":\"Mariana de Pineda Mu\u00f1oz: Legge, Libert\u00e1,Uguaglianza.\"}]},{\"@type\":\"WebSite\",\"@id\":\"https:\\\/\\\/www.inmsol.com\\\/it\\\/#website\",\"url\":\"https:\\\/\\\/www.inmsol.com\\\/it\\\/\",\"name\":\"iNMSOL\",\"description\":\"Impara lo spagnolo con noi - Centro di studio accreditato con l'Istituto Cervantes\",\"publisher\":{\"@id\":\"https:\\\/\\\/www.inmsol.com\\\/it\\\/#organization\"},\"potentialAction\":[{\"@type\":\"SearchAction\",\"target\":{\"@type\":\"EntryPoint\",\"urlTemplate\":\"https:\\\/\\\/www.inmsol.com\\\/it\\\/?s={search_term_string}\"},\"query-input\":{\"@type\":\"PropertyValueSpecification\",\"valueRequired\":true,\"valueName\":\"search_term_string\"}}],\"inLanguage\":\"it-IT\"},{\"@type\":\"Organization\",\"@id\":\"https:\\\/\\\/www.inmsol.com\\\/it\\\/#organization\",\"name\":\"Instituto Mediterr\u00e1neo Sol\",\"url\":\"https:\\\/\\\/www.inmsol.com\\\/it\\\/\",\"logo\":{\"@type\":\"ImageObject\",\"inLanguage\":\"it-IT\",\"@id\":\"https:\\\/\\\/www.inmsol.com\\\/it\\\/#\\\/schema\\\/logo\\\/image\\\/\",\"url\":\"https:\\\/\\\/www.inmsol.com\\\/wp-content\\\/uploads\\\/2023\\\/06\\\/logo-inmsol-1.png\",\"contentUrl\":\"https:\\\/\\\/www.inmsol.com\\\/wp-content\\\/uploads\\\/2023\\\/06\\\/logo-inmsol-1.png\",\"width\":136,\"height\":73,\"caption\":\"Instituto Mediterr\u00e1neo Sol\"},\"image\":{\"@id\":\"https:\\\/\\\/www.inmsol.com\\\/it\\\/#\\\/schema\\\/logo\\\/image\\\/\"},\"sameAs\":[\"https:\\\/\\\/www.facebook.com\\\/spanishcourses\",\"https:\\\/\\\/x.com\\\/StudyInGranada\",\"http:\\\/\\\/instagram.com\\\/imsolgranada\",\"https:\\\/\\\/es.linkedin.com\\\/company\\\/imsol-granada\",\"https:\\\/\\\/www.pinterest.es\\\/inmsol\\\/\",\"https:\\\/\\\/www.youtube.com\\\/channel\\\/UChz-Qn_7coFMosY85iYMO4g\"]},{\"@type\":\"Person\",\"@id\":\"https:\\\/\\\/www.inmsol.com\\\/it\\\/#\\\/schema\\\/person\\\/94a7a01d14a56d1fbc49c841ffc57fe9\",\"name\":\"- Instituto Mediterr\u00e1neo Sol\",\"image\":{\"@type\":\"ImageObject\",\"inLanguage\":\"it-IT\",\"@id\":\"https:\\\/\\\/secure.gravatar.com\\\/avatar\\\/5607fdabdf1b548b6095cc3d43079829bc1497403e70dd34004e7204a8fef62b?s=96&d=mm&r=g\",\"url\":\"https:\\\/\\\/secure.gravatar.com\\\/avatar\\\/5607fdabdf1b548b6095cc3d43079829bc1497403e70dd34004e7204a8fef62b?s=96&d=mm&r=g\",\"contentUrl\":\"https:\\\/\\\/secure.gravatar.com\\\/avatar\\\/5607fdabdf1b548b6095cc3d43079829bc1497403e70dd34004e7204a8fef62b?s=96&d=mm&r=g\",\"caption\":\"- Instituto Mediterr\u00e1neo Sol\"},\"url\":\"https:\\\/\\\/www.inmsol.com\\\/it\\\/author\\\/laura\\\/\"}]}<\/script>\n<!-- \/ Yoast SEO plugin. -->","yoast_head_json":{"title":"Mariana de Pineda Mu\u00f1oz: Legge, Libert\u00e1,Uguaglianza. &#8226; iNMSOL","description":"O Mariana Pineda (1804 - 1831)\u00a0 rappresenta il simbolo della lotta per l\u2019uguaglianza e la libert\u00e1 in Spagna durante la Restaurazione di Fernando VII.","robots":{"index":"index","follow":"follow","max-snippet":"max-snippet:-1","max-image-preview":"max-image-preview:large","max-video-preview":"max-video-preview:-1"},"canonical":"https:\/\/www.inmsol.com\/it\/blog-it-it\/cultura-letteratura-storia-spagna\/mariana-de-pineda-munoz-legge-libertauguaglianza\/","og_locale":"it_IT","og_type":"article","og_title":"Mariana de Pineda Mu\u00f1oz: Legge, Libert\u00e1,Uguaglianza. &#8226; iNMSOL","og_description":"O Mariana Pineda (1804 - 1831)\u00a0 rappresenta il simbolo della lotta per l\u2019uguaglianza e la libert\u00e1 in Spagna durante la Restaurazione di Fernando VII.","og_url":"https:\/\/www.inmsol.com\/it\/blog-it-it\/cultura-letteratura-storia-spagna\/mariana-de-pineda-munoz-legge-libertauguaglianza\/","og_site_name":"iNMSOL","article_publisher":"https:\/\/www.facebook.com\/spanishcourses","article_published_time":"2017-09-27T11:45:56+00:00","article_modified_time":"2017-09-27T11:54:52+00:00","og_image":[{"url":"https:\/\/www.inmsol.com\/wp-content\/uploads\/2017\/09\/ferdinando_vii_di_spagna.jpg","type":"","width":"","height":""}],"author":"- Instituto Mediterr\u00e1neo Sol","twitter_misc":{"Scritto da":"- Instituto Mediterr\u00e1neo Sol","Tempo di lettura stimato":"2 minuti"},"schema":{"@context":"https:\/\/schema.org","@graph":[{"@type":"Article","@id":"https:\/\/www.inmsol.com\/it\/blog-it-it\/cultura-letteratura-storia-spagna\/mariana-de-pineda-munoz-legge-libertauguaglianza\/#article","isPartOf":{"@id":"https:\/\/www.inmsol.com\/it\/blog-it-it\/cultura-letteratura-storia-spagna\/mariana-de-pineda-munoz-legge-libertauguaglianza\/"},"author":{"name":"- Instituto Mediterr\u00e1neo Sol","@id":"https:\/\/www.inmsol.com\/it\/#\/schema\/person\/94a7a01d14a56d1fbc49c841ffc57fe9"},"headline":"Mariana de Pineda Mu\u00f1oz: Legge, Libert\u00e1,Uguaglianza.","datePublished":"2017-09-27T11:45:56+00:00","dateModified":"2017-09-27T11:54:52+00:00","mainEntityOfPage":{"@id":"https:\/\/www.inmsol.com\/it\/blog-it-it\/cultura-letteratura-storia-spagna\/mariana-de-pineda-munoz-legge-libertauguaglianza\/"},"wordCount":491,"publisher":{"@id":"https:\/\/www.inmsol.com\/it\/#organization"},"image":{"@id":"https:\/\/www.inmsol.com\/it\/blog-it-it\/cultura-letteratura-storia-spagna\/mariana-de-pineda-munoz-legge-libertauguaglianza\/#primaryimage"},"thumbnailUrl":"https:\/\/www.inmsol.com\/wp-content\/uploads\/2017\/09\/ferdinando_vii_di_spagna.jpg","articleSection":["Cultura, Letteratura e Storia della Spagna e Latinoamerica"],"inLanguage":"it-IT"},{"@type":"WebPage","@id":"https:\/\/www.inmsol.com\/it\/blog-it-it\/cultura-letteratura-storia-spagna\/mariana-de-pineda-munoz-legge-libertauguaglianza\/","url":"https:\/\/www.inmsol.com\/it\/blog-it-it\/cultura-letteratura-storia-spagna\/mariana-de-pineda-munoz-legge-libertauguaglianza\/","name":"Mariana de Pineda Mu\u00f1oz: Legge, Libert\u00e1,Uguaglianza. &#8226; iNMSOL","isPartOf":{"@id":"https:\/\/www.inmsol.com\/it\/#website"},"primaryImageOfPage":{"@id":"https:\/\/www.inmsol.com\/it\/blog-it-it\/cultura-letteratura-storia-spagna\/mariana-de-pineda-munoz-legge-libertauguaglianza\/#primaryimage"},"image":{"@id":"https:\/\/www.inmsol.com\/it\/blog-it-it\/cultura-letteratura-storia-spagna\/mariana-de-pineda-munoz-legge-libertauguaglianza\/#primaryimage"},"thumbnailUrl":"https:\/\/www.inmsol.com\/wp-content\/uploads\/2017\/09\/ferdinando_vii_di_spagna.jpg","datePublished":"2017-09-27T11:45:56+00:00","dateModified":"2017-09-27T11:54:52+00:00","description":"O Mariana Pineda (1804 - 1831)\u00a0 rappresenta il simbolo della lotta per l\u2019uguaglianza e la libert\u00e1 in Spagna durante la Restaurazione di Fernando VII.","breadcrumb":{"@id":"https:\/\/www.inmsol.com\/it\/blog-it-it\/cultura-letteratura-storia-spagna\/mariana-de-pineda-munoz-legge-libertauguaglianza\/#breadcrumb"},"inLanguage":"it-IT","potentialAction":[{"@type":"ReadAction","target":["https:\/\/www.inmsol.com\/it\/blog-it-it\/cultura-letteratura-storia-spagna\/mariana-de-pineda-munoz-legge-libertauguaglianza\/"]}]},{"@type":"ImageObject","inLanguage":"it-IT","@id":"https:\/\/www.inmsol.com\/it\/blog-it-it\/cultura-letteratura-storia-spagna\/mariana-de-pineda-munoz-legge-libertauguaglianza\/#primaryimage","url":"https:\/\/www.inmsol.com\/wp-content\/uploads\/2017\/09\/ferdinando_vii_di_spagna.jpg","contentUrl":"https:\/\/www.inmsol.com\/wp-content\/uploads\/2017\/09\/ferdinando_vii_di_spagna.jpg"},{"@type":"BreadcrumbList","@id":"https:\/\/www.inmsol.com\/it\/blog-it-it\/cultura-letteratura-storia-spagna\/mariana-de-pineda-munoz-legge-libertauguaglianza\/#breadcrumb","itemListElement":[{"@type":"ListItem","position":1,"name":"Accredited Center by Instituto Cervantes","item":"https:\/\/www.inmsol.com\/it\/pagina-ejemplo\/"},{"@type":"ListItem","position":2,"name":"Blog","item":"https:\/\/www.inmsol.com\/it\/category\/blog-it-it\/"},{"@type":"ListItem","position":3,"name":"Cultura, Letteratura e Storia della Spagna e Latinoamerica","item":"https:\/\/www.inmsol.com\/it\/category\/blog-it-it\/cultura-letteratura-storia-spagna\/"},{"@type":"ListItem","position":4,"name":"Mariana de Pineda Mu\u00f1oz: Legge, Libert\u00e1,Uguaglianza."}]},{"@type":"WebSite","@id":"https:\/\/www.inmsol.com\/it\/#website","url":"https:\/\/www.inmsol.com\/it\/","name":"iNMSOL","description":"Impara lo spagnolo con noi - Centro di studio accreditato con l'Istituto Cervantes","publisher":{"@id":"https:\/\/www.inmsol.com\/it\/#organization"},"potentialAction":[{"@type":"SearchAction","target":{"@type":"EntryPoint","urlTemplate":"https:\/\/www.inmsol.com\/it\/?s={search_term_string}"},"query-input":{"@type":"PropertyValueSpecification","valueRequired":true,"valueName":"search_term_string"}}],"inLanguage":"it-IT"},{"@type":"Organization","@id":"https:\/\/www.inmsol.com\/it\/#organization","name":"Instituto Mediterr\u00e1neo Sol","url":"https:\/\/www.inmsol.com\/it\/","logo":{"@type":"ImageObject","inLanguage":"it-IT","@id":"https:\/\/www.inmsol.com\/it\/#\/schema\/logo\/image\/","url":"https:\/\/www.inmsol.com\/wp-content\/uploads\/2023\/06\/logo-inmsol-1.png","contentUrl":"https:\/\/www.inmsol.com\/wp-content\/uploads\/2023\/06\/logo-inmsol-1.png","width":136,"height":73,"caption":"Instituto Mediterr\u00e1neo Sol"},"image":{"@id":"https:\/\/www.inmsol.com\/it\/#\/schema\/logo\/image\/"},"sameAs":["https:\/\/www.facebook.com\/spanishcourses","https:\/\/x.com\/StudyInGranada","http:\/\/instagram.com\/imsolgranada","https:\/\/es.linkedin.com\/company\/imsol-granada","https:\/\/www.pinterest.es\/inmsol\/","https:\/\/www.youtube.com\/channel\/UChz-Qn_7coFMosY85iYMO4g"]},{"@type":"Person","@id":"https:\/\/www.inmsol.com\/it\/#\/schema\/person\/94a7a01d14a56d1fbc49c841ffc57fe9","name":"- Instituto Mediterr\u00e1neo Sol","image":{"@type":"ImageObject","inLanguage":"it-IT","@id":"https:\/\/secure.gravatar.com\/avatar\/5607fdabdf1b548b6095cc3d43079829bc1497403e70dd34004e7204a8fef62b?s=96&d=mm&r=g","url":"https:\/\/secure.gravatar.com\/avatar\/5607fdabdf1b548b6095cc3d43079829bc1497403e70dd34004e7204a8fef62b?s=96&d=mm&r=g","contentUrl":"https:\/\/secure.gravatar.com\/avatar\/5607fdabdf1b548b6095cc3d43079829bc1497403e70dd34004e7204a8fef62b?s=96&d=mm&r=g","caption":"- Instituto Mediterr\u00e1neo Sol"},"url":"https:\/\/www.inmsol.com\/it\/author\/laura\/"}]}},"_links":{"self":[{"href":"https:\/\/www.inmsol.com\/it\/wp-json\/wp\/v2\/posts\/33083","targetHints":{"allow":["GET"]}}],"collection":[{"href":"https:\/\/www.inmsol.com\/it\/wp-json\/wp\/v2\/posts"}],"about":[{"href":"https:\/\/www.inmsol.com\/it\/wp-json\/wp\/v2\/types\/post"}],"author":[{"embeddable":true,"href":"https:\/\/www.inmsol.com\/it\/wp-json\/wp\/v2\/users\/3"}],"replies":[{"embeddable":true,"href":"https:\/\/www.inmsol.com\/it\/wp-json\/wp\/v2\/comments?post=33083"}],"version-history":[{"count":0,"href":"https:\/\/www.inmsol.com\/it\/wp-json\/wp\/v2\/posts\/33083\/revisions"}],"wp:attachment":[{"href":"https:\/\/www.inmsol.com\/it\/wp-json\/wp\/v2\/media?parent=33083"}],"wp:term":[{"taxonomy":"category","embeddable":true,"href":"https:\/\/www.inmsol.com\/it\/wp-json\/wp\/v2\/categories?post=33083"},{"taxonomy":"post_tag","embeddable":true,"href":"https:\/\/www.inmsol.com\/it\/wp-json\/wp\/v2\/tags?post=33083"}],"curies":[{"name":"wp","href":"https:\/\/api.w.org\/{rel}","templated":true}]}}