{"id":33131,"date":"2017-10-04T13:36:46","date_gmt":"2017-10-04T11:36:46","guid":{"rendered":"https:\/\/www.inmsol.com\/blog-it-it\/un-pizzico-di-norvegia-nella-scuola-imsol\/"},"modified":"2017-10-04T13:43:41","modified_gmt":"2017-10-04T11:43:41","slug":"un-pizzico-di-norvegia-nella-scuola-iNMSOL","status":"publish","type":"post","link":"https:\/\/www.inmsol.com\/it\/blog-it-it\/spagnolo-gruppi-it\/un-pizzico-di-norvegia-nella-scuola-iNMSOL\/","title":{"rendered":"Un pizzico di Norvegia nella scuola iNMSOL."},"content":{"rendered":"<p>La scuola di iNMSOL tutti gli anni ospita numerosi gruppi di studenti provenienti da ogni parte del mondo. Si tratta di un <a href=\"https:\/\/www.inmsol.com\/es\/escuela-espanol-granada\/\"><strong>progetto vacanza-studio<\/strong><\/a> di una settimana in cui questi giovani studenti la mattina frequentano le lezioni nel centro iNMSOL, e per il resto della giornata visitano la citt\u00e1 immergendosi completamente nella cultura granadina.Al termine della giornata tutti gli setudenti rientrano nella casa delle famiglie ospitanti.<\/p>\n<p>Durante la settimana tra il 23 e il 30 di Settembre, iNMSOL \u00e9 stata lieta di ospitare un gruppo di studenti norvegesi della scuola superiore.<\/p>\n<p>Come da programma, non appena arrivati tutti gli studenti hanno avuto modo di conoscere le rispettive famiglie ospitanti \u2013 trascorrendo con loro qualche ora.<\/p>\n<p>La domenica il gruppo ha svolto la sua prima escursione nella Costa Tropical &#8211; una graziosa provincia spagnola situata nell\u2019estremo meridione di Granada.<\/p>\n<p><img fetchpriority=\"high\" decoding=\"async\" class=\"alignleft size-medium wp-image-33126\" src=\"https:\/\/www.inmsol.com\/wp-content\/uploads\/2017\/10\/photo-400x300.jpg\" alt=\"\" width=\"400\" height=\"300\" srcset=\"https:\/\/www.inmsol.com\/wp-content\/uploads\/2017\/10\/photo-400x300.jpg 400w, https:\/\/www.inmsol.com\/wp-content\/uploads\/2017\/10\/photo-800x600.jpg 800w, https:\/\/www.inmsol.com\/wp-content\/uploads\/2017\/10\/photo-64x48.jpg 64w, https:\/\/www.inmsol.com\/wp-content\/uploads\/2017\/10\/photo-768x576.jpg 768w, https:\/\/www.inmsol.com\/wp-content\/uploads\/2017\/10\/photo-250x188.jpg 250w, https:\/\/www.inmsol.com\/wp-content\/uploads\/2017\/10\/photo-533x400.jpg 533w, https:\/\/www.inmsol.com\/wp-content\/uploads\/2017\/10\/photo.jpg 960w\" sizes=\"(max-width: 400px) 100vw, 400px\" \/><\/p>\n<p>&nbsp;<\/p>\n<p>&nbsp;<\/p>\n<p>&nbsp;<\/p>\n<p>&nbsp;<\/p>\n<p>&nbsp;<\/p>\n<p>&nbsp;<\/p>\n<p>&nbsp;<\/p>\n<p>&nbsp;<\/p>\n<p>Gli studenti qui hanno goduto dello splendido panorama che caratterizza la Costa Tropical, circondata da spiage, scogliere e baie.<\/p>\n<p><img decoding=\"async\" class=\"size-medium wp-image-33122 alignright\" src=\"https:\/\/www.inmsol.com\/wp-content\/uploads\/2017\/10\/adobestock_86693524-1024x593-460x266.jpg\" alt=\"\" width=\"460\" height=\"266\" srcset=\"https:\/\/www.inmsol.com\/wp-content\/uploads\/2017\/10\/adobestock_86693524-1024x593-460x266.jpg 460w, https:\/\/www.inmsol.com\/wp-content\/uploads\/2017\/10\/adobestock_86693524-1024x593-800x463.jpg 800w, https:\/\/www.inmsol.com\/wp-content\/uploads\/2017\/10\/adobestock_86693524-1024x593-64x37.jpg 64w, https:\/\/www.inmsol.com\/wp-content\/uploads\/2017\/10\/adobestock_86693524-1024x593-768x445.jpg 768w, https:\/\/www.inmsol.com\/wp-content\/uploads\/2017\/10\/adobestock_86693524-1024x593.jpg 1024w, https:\/\/www.inmsol.com\/wp-content\/uploads\/2017\/10\/adobestock_86693524-1024x593-250x145.jpg 250w, https:\/\/www.inmsol.com\/wp-content\/uploads\/2017\/10\/adobestock_86693524-1024x593-600x347.jpg 600w\" sizes=\"(max-width: 460px) 100vw, 460px\" \/><\/p>\n<p>&nbsp;<\/p>\n<p>&nbsp;<\/p>\n<p>&nbsp;<\/p>\n<p>&nbsp;<\/p>\n<p>&nbsp;<\/p>\n<p>&nbsp;<\/p>\n<p>&nbsp;<\/p>\n<p>&nbsp;<\/p>\n<p>Il luned\u00ed, dopo avere seguito le lezioni al centro iNMSOL il gruppo ha svolto una visita FOTOguidata nella zona dell\u2019Albaic\u00edn e del Sacromonte- una delle aree pi\u00fa caratteristiche della citt\u00e1 che da sempre rende Granada unica.<\/p>\n<p><img decoding=\"async\" class=\"alignleft size-medium wp-image-33123\" src=\"https:\/\/www.inmsol.com\/wp-content\/uploads\/2017\/10\/albaicin-alhambra-atardecer2-460x114.jpg\" alt=\"\" width=\"460\" height=\"114\" srcset=\"https:\/\/www.inmsol.com\/wp-content\/uploads\/2017\/10\/albaicin-alhambra-atardecer2-460x114.jpg 460w, https:\/\/www.inmsol.com\/wp-content\/uploads\/2017\/10\/albaicin-alhambra-atardecer2-800x198.jpg 800w, https:\/\/www.inmsol.com\/wp-content\/uploads\/2017\/10\/albaicin-alhambra-atardecer2-64x16.jpg 64w, https:\/\/www.inmsol.com\/wp-content\/uploads\/2017\/10\/albaicin-alhambra-atardecer2-768x190.jpg 768w, https:\/\/www.inmsol.com\/wp-content\/uploads\/2017\/10\/albaicin-alhambra-atardecer2-250x62.jpg 250w, https:\/\/www.inmsol.com\/wp-content\/uploads\/2017\/10\/albaicin-alhambra-atardecer2-600x148.jpg 600w, https:\/\/www.inmsol.com\/wp-content\/uploads\/2017\/10\/albaicin-alhambra-atardecer2.jpg 810w\" sizes=\"(max-width: 460px) 100vw, 460px\" \/><\/p>\n<p>&nbsp;<\/p>\n<p>&nbsp;<\/p>\n<p>&nbsp;<\/p>\n<p>&nbsp;<\/p>\n<p>Il marted\u00ed si sono diretti invece verso l\u2019Alhambra e il Generalife \u2013 monumenti simbolo della citt\u00e1 di Granada. Si tratta infatti di una villa sfarzosa e piena di colori all\u2019epoca abitata dalla famiglia reale araba durante i momenti di riposo.<\/p>\n<p><img loading=\"lazy\" decoding=\"async\" class=\"wp-image-33124 aligncenter\" src=\"https:\/\/www.inmsol.com\/wp-content\/uploads\/2017\/10\/alhambra-517149_640-460x259.jpg\" alt=\"\" width=\"428\" height=\"241\" srcset=\"https:\/\/www.inmsol.com\/wp-content\/uploads\/2017\/10\/alhambra-517149_640-460x259.jpg 460w, https:\/\/www.inmsol.com\/wp-content\/uploads\/2017\/10\/alhambra-517149_640-64x36.jpg 64w, https:\/\/www.inmsol.com\/wp-content\/uploads\/2017\/10\/alhambra-517149_640-600x338.jpg 600w, https:\/\/www.inmsol.com\/wp-content\/uploads\/2017\/10\/alhambra-517149_640-250x141.jpg 250w, https:\/\/www.inmsol.com\/wp-content\/uploads\/2017\/10\/alhambra-517149_640.jpg 640w\" sizes=\"(max-width: 428px) 100vw, 428px\" \/><\/p>\n<p>Il mercoled\u00ed sera gli studenti hanno partecipato ad un\u2019attivit\u00e1 diversa dal solito,ma tipica della citt\u00e1 di Granada: si tratta dello spettacolo di flamenco.<\/p>\n<p><img loading=\"lazy\" decoding=\"async\" class=\"alignleft size-medium wp-image-33127\" src=\"https:\/\/www.inmsol.com\/wp-content\/uploads\/2017\/10\/flamenco-460x259.jpg\" alt=\"\" width=\"460\" height=\"259\" srcset=\"https:\/\/www.inmsol.com\/wp-content\/uploads\/2017\/10\/flamenco-460x259.jpg 460w, https:\/\/www.inmsol.com\/wp-content\/uploads\/2017\/10\/flamenco-800x450.jpg 800w, https:\/\/www.inmsol.com\/wp-content\/uploads\/2017\/10\/flamenco-64x36.jpg 64w, https:\/\/www.inmsol.com\/wp-content\/uploads\/2017\/10\/flamenco-768x432.jpg 768w, https:\/\/www.inmsol.com\/wp-content\/uploads\/2017\/10\/flamenco-1024x576.jpg 1024w, https:\/\/www.inmsol.com\/wp-content\/uploads\/2017\/10\/flamenco-250x141.jpg 250w, https:\/\/www.inmsol.com\/wp-content\/uploads\/2017\/10\/flamenco-600x338.jpg 600w, https:\/\/www.inmsol.com\/wp-content\/uploads\/2017\/10\/flamenco.jpg 1280w\" sizes=\"(max-width: 460px) 100vw, 460px\" \/><\/p>\n<p>&nbsp;<\/p>\n<p>&nbsp;<\/p>\n<p>&nbsp;<\/p>\n<p>&nbsp;<\/p>\n<p>&nbsp;<\/p>\n<p>&nbsp;<\/p>\n<p>&nbsp;<\/p>\n<p>Il gioved\u00ed hanno partecipato alla Ruta de Grafitis. Al giorno d\u2019oggi la citt\u00e1 non \u00e9 famosa solamente per i suoi monumenti, infatti in questi ultimi anni si \u00e9 sviulppata una nuova attrazione turistica: &#8216;arte urbana&#8217;, nonch\u00e9 graffiti di qualit\u00e1. Un fatto interessante \u00e9 che mentre il consiglio comunale lotta contro questa pratica, sul web Granada \u00e9 considerata come una delle citt\u00e1 pi\u00fa quotate per visitare dei buoni graffiti.<\/p>\n<p><img loading=\"lazy\" decoding=\"async\" class=\"size-medium wp-image-33128 alignnone\" src=\"https:\/\/www.inmsol.com\/wp-content\/uploads\/2017\/10\/graffiti-con-ilusion-optica-392x300.jpg\" alt=\"\" width=\"392\" height=\"300\" srcset=\"https:\/\/www.inmsol.com\/wp-content\/uploads\/2017\/10\/graffiti-con-ilusion-optica-392x300.jpg 392w, https:\/\/www.inmsol.com\/wp-content\/uploads\/2017\/10\/graffiti-con-ilusion-optica-800x612.jpg 800w, https:\/\/www.inmsol.com\/wp-content\/uploads\/2017\/10\/graffiti-con-ilusion-optica-64x49.jpg 64w, https:\/\/www.inmsol.com\/wp-content\/uploads\/2017\/10\/graffiti-con-ilusion-optica-768x587.jpg 768w, https:\/\/www.inmsol.com\/wp-content\/uploads\/2017\/10\/graffiti-con-ilusion-optica-250x191.jpg 250w, https:\/\/www.inmsol.com\/wp-content\/uploads\/2017\/10\/graffiti-con-ilusion-optica-523x400.jpg 523w, https:\/\/www.inmsol.com\/wp-content\/uploads\/2017\/10\/graffiti-con-ilusion-optica-262x200.jpg 262w, https:\/\/www.inmsol.com\/wp-content\/uploads\/2017\/10\/graffiti-con-ilusion-optica.jpg 900w\" sizes=\"(max-width: 392px) 100vw, 392px\" \/><\/p>\n<p>Infine il venerd\u00ed mattina gli studenti hanno salutato i docenti del centro iNMSOL e durante il pomeriggio hanno avuto la possibilit\u00e1 di passeggiare per l\u2019ultima volta nelle strade di Granada e svolgere gli ultimi acquisti.<\/p>\n<p>Il programma vacanza-studio \u00e9 un metodo perfetto che riesce ad integrare studio, divertimento e scoperta di una citt\u00e1 straniera, per questo motivo iNMSOL da sempre promuove questo tipo di esperienza.<\/p>\n<p>Vuoi portare i tuoi studenti alla scoperta di Granada attraverso una vacanza-studio manon sai da dove partire? Parla con iNMSOL!!<\/p>\n<p>La scuola di iNMSOL tutti gli anni ospita numerosi gruppi di studenti provenienti da ogni parte del mondo. Si tratta di un progetto vacanza-studio di una settimana in cui questi giovani studenti la mattina frequentano le lezioni nel centro iNMSOL, e per il resto della giornata visitano la citt\u00e1 immergendosi completamente nella cultura granadina.Al termine della giornata tutti gli setudenti rientrano nella casa delle famiglie ospitanti.<\/p>\n<p>Durante la settimana tra il 23 e il 30 di Settembre, iNMSOL \u00e9 stata lieta di ospitare un gruppo di studenti norvegesi della scuola superiore.<\/p>\n<p>Come da programma, non appena arrivati tutti gli studenti hanno avuto modo di conoscere le rispettive famiglie ospitanti \u2013 trascorrendo con loro qualche ora.<\/p>\n<p>La domenica il gruppo ha svolto la sua prima escursione nella Costa Tropical &#8211; una graziosa provincia spagnola situata nell\u2019estremo meridione di Granada.\u00a0 Gli studenti qui hanno goduto dello splendido panorama che caratterizza la Costa Tropical, circondata da spiaggie, scogliere e baie.<\/p>\n<p>FOTO<\/p>\n<p>Il luned\u00ed, dopo avere seguito le lezioni al centro iNMSOL il gruppo ha svolto una visita guidata nella zona dell\u2019Albaic\u00edn e del Sacromonte- una delle aree pi\u00fa caratteristiche della citt\u00e1 che da sempre rende Granada unica.<\/p>\n<p>FOTO<\/p>\n<p>Il marted\u00ed si sono diretti invece verso l\u2019Alhambra e il Generalife \u2013 monumenti simbolo della citt\u00e1 di Granada. Si tratta infatti di una villa sfarzosa e piena di colori all\u2019epoca abitata dalla famiglia reale araba durante i momenti di riposo.<\/p>\n<p>FOTO<\/p>\n<p>Il mercoled\u00ed sera gli studenti hanno partecipato ad un\u2019attivit\u00e1 diversa dal solito,ma tipica della citt\u00e1 di Granada: si tratta dello spettacolo di flamenco.<\/p>\n<p>FOTO<\/p>\n<p>Il gioved\u00ed hanno partecipato alla Ruta de Grafitis. Al giorno d\u2019oggi la citt\u00e1 non \u00e9 famosa solamente per i suoi monumenti, infatti in questi ultimi anni si \u00e9 sviulppata una nuova attrazione turistica: &#8216;arte urbana&#8217;, nonch\u00e9 graffiti di qualit\u00e1. Un fatto interessante \u00e9 che mentre il consiglio comunale lotta contro questa pratica, sul web Granada \u00e9 considerata come una delle citt\u00e1 pi\u00fa quotate per visitare dei buoni graffiti.<\/p>\n<p>FOTO<\/p>\n<p>Infine il venerd\u00ed mattina gli studenti hanno salutato i docenti del centro iNMSOL e durante il pomeriggio hanno avuto la possibilit\u00e1 di passeggiare per l\u2019ultima volta nelle strade di Granada e svolgere gli ultimi acquisti.<\/p>\n<p>Il programma vacanza-studio \u00e9 un metodo perfetto che riesce ad integrare studio, divertimento e scoperta di una citt\u00e1 straniera, per questo motivo iNMSOL da sempre promuove questo tipo di esperienza.<\/p>\n<p><img loading=\"lazy\" decoding=\"async\" class=\"alignleft  wp-image-33129\" src=\"https:\/\/www.inmsol.com\/wp-content\/uploads\/2017\/10\/dsc_0391-447x300.jpg\" alt=\"\" width=\"378\" height=\"254\" srcset=\"https:\/\/www.inmsol.com\/wp-content\/uploads\/2017\/10\/dsc_0391-447x300.jpg 447w, https:\/\/www.inmsol.com\/wp-content\/uploads\/2017\/10\/dsc_0391-800x537.jpg 800w, https:\/\/www.inmsol.com\/wp-content\/uploads\/2017\/10\/dsc_0391-64x43.jpg 64w, https:\/\/www.inmsol.com\/wp-content\/uploads\/2017\/10\/dsc_0391-768x516.jpg 768w, https:\/\/www.inmsol.com\/wp-content\/uploads\/2017\/10\/dsc_0391-1024x687.jpg 1024w, https:\/\/www.inmsol.com\/wp-content\/uploads\/2017\/10\/dsc_0391-250x168.jpg 250w, https:\/\/www.inmsol.com\/wp-content\/uploads\/2017\/10\/dsc_0391-596x400.jpg 596w, https:\/\/www.inmsol.com\/wp-content\/uploads\/2017\/10\/dsc_0391.jpg 1500w\" sizes=\"(max-width: 378px) 100vw, 378px\" \/><\/p>\n<p>Vuoi portare i tuoi studenti alla scoperta di Granada attraverso una vacanza-studio manon sai da dove partire? Parla con iNMSOL!!<\/p>\n<p>&nbsp;<\/p>\n<p>&nbsp;<\/p>\n<p>&nbsp;<\/p>\n<p>&nbsp;<\/p>\n<p>&nbsp;<\/p>\n","protected":false},"excerpt":{"rendered":"<p>La scuola di iNMSOL tutti gli anni ospita numerosi gruppi di studenti provenienti da ogni parte del mondo. Si tratta di un progetto vacanza-studio di una settimana in cui questi giovani studenti la mattina frequentano le lezioni nel centro iNMSOL, e per il resto della&#8230;<\/p>\n","protected":false},"author":3,"featured_media":33129,"comment_status":"closed","ping_status":"closed","sticky":false,"template":"","format":"standard","meta":{"_acf_changed":false,"footnotes":""},"categories":[35],"tags":[],"class_list":["post-33131","post","type-post","status-publish","format-standard","has-post-thumbnail","hentry","category-spagnolo-gruppi-it"],"acf":[],"yoast_head":"<!-- This site is optimized with the Yoast SEO plugin v27.5 - https:\/\/yoast.com\/product\/yoast-seo-wordpress\/ -->\n<title>Un pizzico di Norvegia nella scuola iNMSOL. &#8226; iNMSOL<\/title>\n<meta name=\"description\" content=\"iNMSOL promuove il programma vacanza-studio: per una settimana (o pi\u00fa) gli studenti seguono le lezioni a scuola e poi sono liberi di visitare Granada e le zone a questa vicine\" \/>\n<meta name=\"robots\" content=\"index, follow, max-snippet:-1, max-image-preview:large, max-video-preview:-1\" \/>\n<link rel=\"canonical\" href=\"https:\/\/www.inmsol.com\/it\/blog-it-it\/spagnolo-gruppi-it\/un-pizzico-di-norvegia-nella-scuola-iNMSOL\/\" \/>\n<meta property=\"og:locale\" content=\"it_IT\" \/>\n<meta property=\"og:type\" content=\"article\" \/>\n<meta property=\"og:title\" content=\"Un pizzico di Norvegia nella scuola iNMSOL. &#8226; iNMSOL\" \/>\n<meta property=\"og:description\" content=\"iNMSOL promuove il programma vacanza-studio: per una settimana (o pi\u00fa) gli studenti seguono le lezioni a scuola e poi sono liberi di visitare Granada e le zone a questa vicine\" \/>\n<meta property=\"og:url\" content=\"https:\/\/www.inmsol.com\/it\/blog-it-it\/spagnolo-gruppi-it\/un-pizzico-di-norvegia-nella-scuola-iNMSOL\/\" \/>\n<meta property=\"og:site_name\" content=\"iNMSOL\" \/>\n<meta property=\"article:publisher\" content=\"https:\/\/www.facebook.com\/spanishcourses\" \/>\n<meta property=\"article:published_time\" content=\"2017-10-04T11:36:46+00:00\" \/>\n<meta property=\"article:modified_time\" content=\"2017-10-04T11:43:41+00:00\" \/>\n<meta property=\"og:image\" content=\"https:\/\/www.inmsol.com\/wp-content\/uploads\/2017\/10\/dsc_0391.jpg\" \/>\n\t<meta property=\"og:image:width\" content=\"1500\" \/>\n\t<meta property=\"og:image:height\" content=\"1007\" \/>\n\t<meta property=\"og:image:type\" content=\"image\/jpeg\" \/>\n<meta name=\"author\" content=\"- Instituto Mediterr\u00e1neo Sol\" \/>\n<meta name=\"twitter:label1\" content=\"Scritto da\" \/>\n\t<meta name=\"twitter:data1\" content=\"- Instituto Mediterr\u00e1neo Sol\" \/>\n\t<meta name=\"twitter:label2\" content=\"Tempo di lettura stimato\" \/>\n\t<meta name=\"twitter:data2\" content=\"4 minuti\" \/>\n<script type=\"application\/ld+json\" class=\"yoast-schema-graph\">{\"@context\":\"https:\\\/\\\/schema.org\",\"@graph\":[{\"@type\":\"Article\",\"@id\":\"https:\\\/\\\/www.inmsol.com\\\/it\\\/blog-it-it\\\/spagnolo-gruppi-it\\\/un-pizzico-di-norvegia-nella-scuola-iNMSOL\\\/#article\",\"isPartOf\":{\"@id\":\"https:\\\/\\\/www.inmsol.com\\\/it\\\/blog-it-it\\\/spagnolo-gruppi-it\\\/un-pizzico-di-norvegia-nella-scuola-iNMSOL\\\/\"},\"author\":{\"name\":\"- Instituto Mediterr\u00e1neo Sol\",\"@id\":\"https:\\\/\\\/www.inmsol.com\\\/it\\\/#\\\/schema\\\/person\\\/94a7a01d14a56d1fbc49c841ffc57fe9\"},\"headline\":\"Un pizzico di Norvegia nella scuola iNMSOL.\",\"datePublished\":\"2017-10-04T11:36:46+00:00\",\"dateModified\":\"2017-10-04T11:43:41+00:00\",\"mainEntityOfPage\":{\"@id\":\"https:\\\/\\\/www.inmsol.com\\\/it\\\/blog-it-it\\\/spagnolo-gruppi-it\\\/un-pizzico-di-norvegia-nella-scuola-iNMSOL\\\/\"},\"wordCount\":862,\"publisher\":{\"@id\":\"https:\\\/\\\/www.inmsol.com\\\/it\\\/#organization\"},\"image\":{\"@id\":\"https:\\\/\\\/www.inmsol.com\\\/it\\\/blog-it-it\\\/spagnolo-gruppi-it\\\/un-pizzico-di-norvegia-nella-scuola-iNMSOL\\\/#primaryimage\"},\"thumbnailUrl\":\"https:\\\/\\\/www.inmsol.com\\\/wp-content\\\/uploads\\\/2017\\\/10\\\/dsc_0391.jpg\",\"articleSection\":[\"Spagnolo per gruppi\"],\"inLanguage\":\"it-IT\"},{\"@type\":\"WebPage\",\"@id\":\"https:\\\/\\\/www.inmsol.com\\\/it\\\/blog-it-it\\\/spagnolo-gruppi-it\\\/un-pizzico-di-norvegia-nella-scuola-iNMSOL\\\/\",\"url\":\"https:\\\/\\\/www.inmsol.com\\\/it\\\/blog-it-it\\\/spagnolo-gruppi-it\\\/un-pizzico-di-norvegia-nella-scuola-iNMSOL\\\/\",\"name\":\"Un pizzico di Norvegia nella scuola iNMSOL. &#8226; iNMSOL\",\"isPartOf\":{\"@id\":\"https:\\\/\\\/www.inmsol.com\\\/it\\\/#website\"},\"primaryImageOfPage\":{\"@id\":\"https:\\\/\\\/www.inmsol.com\\\/it\\\/blog-it-it\\\/spagnolo-gruppi-it\\\/un-pizzico-di-norvegia-nella-scuola-iNMSOL\\\/#primaryimage\"},\"image\":{\"@id\":\"https:\\\/\\\/www.inmsol.com\\\/it\\\/blog-it-it\\\/spagnolo-gruppi-it\\\/un-pizzico-di-norvegia-nella-scuola-iNMSOL\\\/#primaryimage\"},\"thumbnailUrl\":\"https:\\\/\\\/www.inmsol.com\\\/wp-content\\\/uploads\\\/2017\\\/10\\\/dsc_0391.jpg\",\"datePublished\":\"2017-10-04T11:36:46+00:00\",\"dateModified\":\"2017-10-04T11:43:41+00:00\",\"description\":\"iNMSOL promuove il programma vacanza-studio: per una settimana (o pi\u00fa) gli studenti seguono le lezioni a scuola e poi sono liberi di visitare Granada e le zone a questa vicine\",\"breadcrumb\":{\"@id\":\"https:\\\/\\\/www.inmsol.com\\\/it\\\/blog-it-it\\\/spagnolo-gruppi-it\\\/un-pizzico-di-norvegia-nella-scuola-iNMSOL\\\/#breadcrumb\"},\"inLanguage\":\"it-IT\",\"potentialAction\":[{\"@type\":\"ReadAction\",\"target\":[\"https:\\\/\\\/www.inmsol.com\\\/it\\\/blog-it-it\\\/spagnolo-gruppi-it\\\/un-pizzico-di-norvegia-nella-scuola-iNMSOL\\\/\"]}]},{\"@type\":\"ImageObject\",\"inLanguage\":\"it-IT\",\"@id\":\"https:\\\/\\\/www.inmsol.com\\\/it\\\/blog-it-it\\\/spagnolo-gruppi-it\\\/un-pizzico-di-norvegia-nella-scuola-iNMSOL\\\/#primaryimage\",\"url\":\"https:\\\/\\\/www.inmsol.com\\\/wp-content\\\/uploads\\\/2017\\\/10\\\/dsc_0391.jpg\",\"contentUrl\":\"https:\\\/\\\/www.inmsol.com\\\/wp-content\\\/uploads\\\/2017\\\/10\\\/dsc_0391.jpg\",\"width\":1500,\"height\":1007},{\"@type\":\"BreadcrumbList\",\"@id\":\"https:\\\/\\\/www.inmsol.com\\\/it\\\/blog-it-it\\\/spagnolo-gruppi-it\\\/un-pizzico-di-norvegia-nella-scuola-iNMSOL\\\/#breadcrumb\",\"itemListElement\":[{\"@type\":\"ListItem\",\"position\":1,\"name\":\"Accredited Center by Instituto Cervantes\",\"item\":\"https:\\\/\\\/www.inmsol.com\\\/it\\\/pagina-ejemplo\\\/\"},{\"@type\":\"ListItem\",\"position\":2,\"name\":\"Blog\",\"item\":\"https:\\\/\\\/www.inmsol.com\\\/it\\\/category\\\/blog-it-it\\\/\"},{\"@type\":\"ListItem\",\"position\":3,\"name\":\"Spagnolo per gruppi\",\"item\":\"https:\\\/\\\/www.inmsol.com\\\/it\\\/category\\\/blog-it-it\\\/spagnolo-gruppi-it\\\/\"},{\"@type\":\"ListItem\",\"position\":4,\"name\":\"Un pizzico di Norvegia nella scuola iNMSOL.\"}]},{\"@type\":\"WebSite\",\"@id\":\"https:\\\/\\\/www.inmsol.com\\\/it\\\/#website\",\"url\":\"https:\\\/\\\/www.inmsol.com\\\/it\\\/\",\"name\":\"iNMSOL\",\"description\":\"Impara lo spagnolo con noi - Centro di studio accreditato con l'Istituto Cervantes\",\"publisher\":{\"@id\":\"https:\\\/\\\/www.inmsol.com\\\/it\\\/#organization\"},\"potentialAction\":[{\"@type\":\"SearchAction\",\"target\":{\"@type\":\"EntryPoint\",\"urlTemplate\":\"https:\\\/\\\/www.inmsol.com\\\/it\\\/?s={search_term_string}\"},\"query-input\":{\"@type\":\"PropertyValueSpecification\",\"valueRequired\":true,\"valueName\":\"search_term_string\"}}],\"inLanguage\":\"it-IT\"},{\"@type\":\"Organization\",\"@id\":\"https:\\\/\\\/www.inmsol.com\\\/it\\\/#organization\",\"name\":\"Instituto Mediterr\u00e1neo Sol\",\"url\":\"https:\\\/\\\/www.inmsol.com\\\/it\\\/\",\"logo\":{\"@type\":\"ImageObject\",\"inLanguage\":\"it-IT\",\"@id\":\"https:\\\/\\\/www.inmsol.com\\\/it\\\/#\\\/schema\\\/logo\\\/image\\\/\",\"url\":\"https:\\\/\\\/www.inmsol.com\\\/wp-content\\\/uploads\\\/2023\\\/06\\\/logo-inmsol-1.png\",\"contentUrl\":\"https:\\\/\\\/www.inmsol.com\\\/wp-content\\\/uploads\\\/2023\\\/06\\\/logo-inmsol-1.png\",\"width\":136,\"height\":73,\"caption\":\"Instituto Mediterr\u00e1neo Sol\"},\"image\":{\"@id\":\"https:\\\/\\\/www.inmsol.com\\\/it\\\/#\\\/schema\\\/logo\\\/image\\\/\"},\"sameAs\":[\"https:\\\/\\\/www.facebook.com\\\/spanishcourses\",\"https:\\\/\\\/x.com\\\/StudyInGranada\",\"http:\\\/\\\/instagram.com\\\/imsolgranada\",\"https:\\\/\\\/es.linkedin.com\\\/company\\\/imsol-granada\",\"https:\\\/\\\/www.pinterest.es\\\/inmsol\\\/\",\"https:\\\/\\\/www.youtube.com\\\/channel\\\/UChz-Qn_7coFMosY85iYMO4g\"]},{\"@type\":\"Person\",\"@id\":\"https:\\\/\\\/www.inmsol.com\\\/it\\\/#\\\/schema\\\/person\\\/94a7a01d14a56d1fbc49c841ffc57fe9\",\"name\":\"- Instituto Mediterr\u00e1neo Sol\",\"image\":{\"@type\":\"ImageObject\",\"inLanguage\":\"it-IT\",\"@id\":\"https:\\\/\\\/secure.gravatar.com\\\/avatar\\\/5607fdabdf1b548b6095cc3d43079829bc1497403e70dd34004e7204a8fef62b?s=96&d=mm&r=g\",\"url\":\"https:\\\/\\\/secure.gravatar.com\\\/avatar\\\/5607fdabdf1b548b6095cc3d43079829bc1497403e70dd34004e7204a8fef62b?s=96&d=mm&r=g\",\"contentUrl\":\"https:\\\/\\\/secure.gravatar.com\\\/avatar\\\/5607fdabdf1b548b6095cc3d43079829bc1497403e70dd34004e7204a8fef62b?s=96&d=mm&r=g\",\"caption\":\"- Instituto Mediterr\u00e1neo Sol\"},\"url\":\"https:\\\/\\\/www.inmsol.com\\\/it\\\/author\\\/laura\\\/\"}]}<\/script>\n<!-- \/ Yoast SEO plugin. -->","yoast_head_json":{"title":"Un pizzico di Norvegia nella scuola iNMSOL. &#8226; iNMSOL","description":"iNMSOL promuove il programma vacanza-studio: per una settimana (o pi\u00fa) gli studenti seguono le lezioni a scuola e poi sono liberi di visitare Granada e le zone a questa vicine","robots":{"index":"index","follow":"follow","max-snippet":"max-snippet:-1","max-image-preview":"max-image-preview:large","max-video-preview":"max-video-preview:-1"},"canonical":"https:\/\/www.inmsol.com\/it\/blog-it-it\/spagnolo-gruppi-it\/un-pizzico-di-norvegia-nella-scuola-iNMSOL\/","og_locale":"it_IT","og_type":"article","og_title":"Un pizzico di Norvegia nella scuola iNMSOL. &#8226; iNMSOL","og_description":"iNMSOL promuove il programma vacanza-studio: per una settimana (o pi\u00fa) gli studenti seguono le lezioni a scuola e poi sono liberi di visitare Granada e le zone a questa vicine","og_url":"https:\/\/www.inmsol.com\/it\/blog-it-it\/spagnolo-gruppi-it\/un-pizzico-di-norvegia-nella-scuola-iNMSOL\/","og_site_name":"iNMSOL","article_publisher":"https:\/\/www.facebook.com\/spanishcourses","article_published_time":"2017-10-04T11:36:46+00:00","article_modified_time":"2017-10-04T11:43:41+00:00","og_image":[{"width":1500,"height":1007,"url":"https:\/\/www.inmsol.com\/wp-content\/uploads\/2017\/10\/dsc_0391.jpg","type":"image\/jpeg"}],"author":"- Instituto Mediterr\u00e1neo Sol","twitter_misc":{"Scritto da":"- Instituto Mediterr\u00e1neo Sol","Tempo di lettura stimato":"4 minuti"},"schema":{"@context":"https:\/\/schema.org","@graph":[{"@type":"Article","@id":"https:\/\/www.inmsol.com\/it\/blog-it-it\/spagnolo-gruppi-it\/un-pizzico-di-norvegia-nella-scuola-iNMSOL\/#article","isPartOf":{"@id":"https:\/\/www.inmsol.com\/it\/blog-it-it\/spagnolo-gruppi-it\/un-pizzico-di-norvegia-nella-scuola-iNMSOL\/"},"author":{"name":"- Instituto Mediterr\u00e1neo Sol","@id":"https:\/\/www.inmsol.com\/it\/#\/schema\/person\/94a7a01d14a56d1fbc49c841ffc57fe9"},"headline":"Un pizzico di Norvegia nella scuola iNMSOL.","datePublished":"2017-10-04T11:36:46+00:00","dateModified":"2017-10-04T11:43:41+00:00","mainEntityOfPage":{"@id":"https:\/\/www.inmsol.com\/it\/blog-it-it\/spagnolo-gruppi-it\/un-pizzico-di-norvegia-nella-scuola-iNMSOL\/"},"wordCount":862,"publisher":{"@id":"https:\/\/www.inmsol.com\/it\/#organization"},"image":{"@id":"https:\/\/www.inmsol.com\/it\/blog-it-it\/spagnolo-gruppi-it\/un-pizzico-di-norvegia-nella-scuola-iNMSOL\/#primaryimage"},"thumbnailUrl":"https:\/\/www.inmsol.com\/wp-content\/uploads\/2017\/10\/dsc_0391.jpg","articleSection":["Spagnolo per gruppi"],"inLanguage":"it-IT"},{"@type":"WebPage","@id":"https:\/\/www.inmsol.com\/it\/blog-it-it\/spagnolo-gruppi-it\/un-pizzico-di-norvegia-nella-scuola-iNMSOL\/","url":"https:\/\/www.inmsol.com\/it\/blog-it-it\/spagnolo-gruppi-it\/un-pizzico-di-norvegia-nella-scuola-iNMSOL\/","name":"Un pizzico di Norvegia nella scuola iNMSOL. &#8226; iNMSOL","isPartOf":{"@id":"https:\/\/www.inmsol.com\/it\/#website"},"primaryImageOfPage":{"@id":"https:\/\/www.inmsol.com\/it\/blog-it-it\/spagnolo-gruppi-it\/un-pizzico-di-norvegia-nella-scuola-iNMSOL\/#primaryimage"},"image":{"@id":"https:\/\/www.inmsol.com\/it\/blog-it-it\/spagnolo-gruppi-it\/un-pizzico-di-norvegia-nella-scuola-iNMSOL\/#primaryimage"},"thumbnailUrl":"https:\/\/www.inmsol.com\/wp-content\/uploads\/2017\/10\/dsc_0391.jpg","datePublished":"2017-10-04T11:36:46+00:00","dateModified":"2017-10-04T11:43:41+00:00","description":"iNMSOL promuove il programma vacanza-studio: per una settimana (o pi\u00fa) gli studenti seguono le lezioni a scuola e poi sono liberi di visitare Granada e le zone a questa vicine","breadcrumb":{"@id":"https:\/\/www.inmsol.com\/it\/blog-it-it\/spagnolo-gruppi-it\/un-pizzico-di-norvegia-nella-scuola-iNMSOL\/#breadcrumb"},"inLanguage":"it-IT","potentialAction":[{"@type":"ReadAction","target":["https:\/\/www.inmsol.com\/it\/blog-it-it\/spagnolo-gruppi-it\/un-pizzico-di-norvegia-nella-scuola-iNMSOL\/"]}]},{"@type":"ImageObject","inLanguage":"it-IT","@id":"https:\/\/www.inmsol.com\/it\/blog-it-it\/spagnolo-gruppi-it\/un-pizzico-di-norvegia-nella-scuola-iNMSOL\/#primaryimage","url":"https:\/\/www.inmsol.com\/wp-content\/uploads\/2017\/10\/dsc_0391.jpg","contentUrl":"https:\/\/www.inmsol.com\/wp-content\/uploads\/2017\/10\/dsc_0391.jpg","width":1500,"height":1007},{"@type":"BreadcrumbList","@id":"https:\/\/www.inmsol.com\/it\/blog-it-it\/spagnolo-gruppi-it\/un-pizzico-di-norvegia-nella-scuola-iNMSOL\/#breadcrumb","itemListElement":[{"@type":"ListItem","position":1,"name":"Accredited Center by Instituto Cervantes","item":"https:\/\/www.inmsol.com\/it\/pagina-ejemplo\/"},{"@type":"ListItem","position":2,"name":"Blog","item":"https:\/\/www.inmsol.com\/it\/category\/blog-it-it\/"},{"@type":"ListItem","position":3,"name":"Spagnolo per gruppi","item":"https:\/\/www.inmsol.com\/it\/category\/blog-it-it\/spagnolo-gruppi-it\/"},{"@type":"ListItem","position":4,"name":"Un pizzico di Norvegia nella scuola iNMSOL."}]},{"@type":"WebSite","@id":"https:\/\/www.inmsol.com\/it\/#website","url":"https:\/\/www.inmsol.com\/it\/","name":"iNMSOL","description":"Impara lo spagnolo con noi - Centro di studio accreditato con l'Istituto Cervantes","publisher":{"@id":"https:\/\/www.inmsol.com\/it\/#organization"},"potentialAction":[{"@type":"SearchAction","target":{"@type":"EntryPoint","urlTemplate":"https:\/\/www.inmsol.com\/it\/?s={search_term_string}"},"query-input":{"@type":"PropertyValueSpecification","valueRequired":true,"valueName":"search_term_string"}}],"inLanguage":"it-IT"},{"@type":"Organization","@id":"https:\/\/www.inmsol.com\/it\/#organization","name":"Instituto Mediterr\u00e1neo Sol","url":"https:\/\/www.inmsol.com\/it\/","logo":{"@type":"ImageObject","inLanguage":"it-IT","@id":"https:\/\/www.inmsol.com\/it\/#\/schema\/logo\/image\/","url":"https:\/\/www.inmsol.com\/wp-content\/uploads\/2023\/06\/logo-inmsol-1.png","contentUrl":"https:\/\/www.inmsol.com\/wp-content\/uploads\/2023\/06\/logo-inmsol-1.png","width":136,"height":73,"caption":"Instituto Mediterr\u00e1neo Sol"},"image":{"@id":"https:\/\/www.inmsol.com\/it\/#\/schema\/logo\/image\/"},"sameAs":["https:\/\/www.facebook.com\/spanishcourses","https:\/\/x.com\/StudyInGranada","http:\/\/instagram.com\/imsolgranada","https:\/\/es.linkedin.com\/company\/imsol-granada","https:\/\/www.pinterest.es\/inmsol\/","https:\/\/www.youtube.com\/channel\/UChz-Qn_7coFMosY85iYMO4g"]},{"@type":"Person","@id":"https:\/\/www.inmsol.com\/it\/#\/schema\/person\/94a7a01d14a56d1fbc49c841ffc57fe9","name":"- Instituto Mediterr\u00e1neo Sol","image":{"@type":"ImageObject","inLanguage":"it-IT","@id":"https:\/\/secure.gravatar.com\/avatar\/5607fdabdf1b548b6095cc3d43079829bc1497403e70dd34004e7204a8fef62b?s=96&d=mm&r=g","url":"https:\/\/secure.gravatar.com\/avatar\/5607fdabdf1b548b6095cc3d43079829bc1497403e70dd34004e7204a8fef62b?s=96&d=mm&r=g","contentUrl":"https:\/\/secure.gravatar.com\/avatar\/5607fdabdf1b548b6095cc3d43079829bc1497403e70dd34004e7204a8fef62b?s=96&d=mm&r=g","caption":"- Instituto Mediterr\u00e1neo Sol"},"url":"https:\/\/www.inmsol.com\/it\/author\/laura\/"}]}},"_links":{"self":[{"href":"https:\/\/www.inmsol.com\/it\/wp-json\/wp\/v2\/posts\/33131","targetHints":{"allow":["GET"]}}],"collection":[{"href":"https:\/\/www.inmsol.com\/it\/wp-json\/wp\/v2\/posts"}],"about":[{"href":"https:\/\/www.inmsol.com\/it\/wp-json\/wp\/v2\/types\/post"}],"author":[{"embeddable":true,"href":"https:\/\/www.inmsol.com\/it\/wp-json\/wp\/v2\/users\/3"}],"replies":[{"embeddable":true,"href":"https:\/\/www.inmsol.com\/it\/wp-json\/wp\/v2\/comments?post=33131"}],"version-history":[{"count":0,"href":"https:\/\/www.inmsol.com\/it\/wp-json\/wp\/v2\/posts\/33131\/revisions"}],"wp:featuredmedia":[{"embeddable":true,"href":"https:\/\/www.inmsol.com\/it\/wp-json\/wp\/v2\/media\/33129"}],"wp:attachment":[{"href":"https:\/\/www.inmsol.com\/it\/wp-json\/wp\/v2\/media?parent=33131"}],"wp:term":[{"taxonomy":"category","embeddable":true,"href":"https:\/\/www.inmsol.com\/it\/wp-json\/wp\/v2\/categories?post=33131"},{"taxonomy":"post_tag","embeddable":true,"href":"https:\/\/www.inmsol.com\/it\/wp-json\/wp\/v2\/tags?post=33131"}],"curies":[{"name":"wp","href":"https:\/\/api.w.org\/{rel}","templated":true}]}}