{"id":33802,"date":"2017-11-17T14:22:32","date_gmt":"2017-11-17T13:22:32","guid":{"rendered":"https:\/\/www.inmsol.com\/blog-it-it\/personaggi-di-granada\/"},"modified":"2017-11-17T14:52:42","modified_gmt":"2017-11-17T13:52:42","slug":"personaggi-granada","status":"publish","type":"post","link":"https:\/\/www.inmsol.com\/it\/blog-it-it\/personaggi-granada\/","title":{"rendered":"Personaggi di Granada."},"content":{"rendered":"<p>Numerosi sono i personaggi di grande fama nati a <a href=\"https:\/\/www.inmsol.com\/about-granada\/\" target=\"_blank\" rel=\"noopener\"><strong>Granada<\/strong><\/a>. Qui potrai trovare una lista di personaggi illustri \u2013 fra cui scrittori, musicisti e poeti \u2013 conosciuti a livello internazionale e che hanno lasciato la propria firma all\u2019interno della storia spagnola.<\/p>\n<p>&#8211; <strong><em>Mariana Pineda<\/em><\/strong> (Granada, 1804- Granada, 1831). Conosciuta per essere una liberale granadina durante il XIX secolo e accusata di cospirazione. La Pineda si rifiut\u00f3 di abbandonare i suoi principi e fu condannata a morte.<\/p>\n<p><img fetchpriority=\"high\" decoding=\"async\" class=\" wp-image-33781 aligncenter\" src=\"https:\/\/www.inmsol.com\/wp-content\/uploads\/2017\/11\/mariana-pineda.jpg\" alt=\"\" width=\"264\" height=\"226\" srcset=\"https:\/\/www.inmsol.com\/wp-content\/uploads\/2017\/11\/mariana-pineda.jpg 283w, https:\/\/www.inmsol.com\/wp-content\/uploads\/2017\/11\/mariana-pineda-64x55.jpg 64w, https:\/\/www.inmsol.com\/wp-content\/uploads\/2017\/11\/mariana-pineda-234x200.jpg 234w\" sizes=\"(max-width: 264px) 100vw, 264px\" \/><\/p>\n<p>&#8211; <strong><em>Eugenia de Montijo<\/em><\/strong> o Mar\u00eda Eugenia Palafox Portocarrero y KirkPatrick (Granada, 1826-Madrid, 1920). Fu la sposa di Napoleone III e, di conseguenza, imperatrice consorte dei francesi.<\/p>\n<p><img decoding=\"async\" class=\" wp-image-33783 aligncenter\" src=\"https:\/\/www.inmsol.com\/wp-content\/uploads\/2017\/11\/isabel-375x300.jpg\" alt=\"\" width=\"294\" height=\"235\" srcset=\"https:\/\/www.inmsol.com\/wp-content\/uploads\/2017\/11\/isabel-375x300.jpg 375w, https:\/\/www.inmsol.com\/wp-content\/uploads\/2017\/11\/isabel-800x639.jpg 800w, https:\/\/www.inmsol.com\/wp-content\/uploads\/2017\/11\/isabel-64x51.jpg 64w, https:\/\/www.inmsol.com\/wp-content\/uploads\/2017\/11\/isabel-768x614.jpg 768w, https:\/\/www.inmsol.com\/wp-content\/uploads\/2017\/11\/isabel-1024x819.jpg 1024w, https:\/\/www.inmsol.com\/wp-content\/uploads\/2017\/11\/isabel-250x200.jpg 250w, https:\/\/www.inmsol.com\/wp-content\/uploads\/2017\/11\/isabel-500x400.jpg 500w, https:\/\/www.inmsol.com\/wp-content\/uploads\/2017\/11\/isabel.jpg 1251w\" sizes=\"(max-width: 294px) 100vw, 294px\" \/><\/p>\n<p>&#8211; <strong><em>Federico Garc\u00eda Lorca<\/em><\/strong> (Granada, 1898- Granada, 1936). Probabilmente \u00e9 il granadino pi\u00fa illustre della storia di questa citt\u00e1. Fu membro della famosa Generazione del \u201927 ed \u00e9 considerato come il poeta\/drammaturgo pi\u00fa popolare fra gli autori della letteratura spagnola. Lo stesso Lorca venne fucilato agli inizi della Guerra Civile lasciato le sue opere inconcluse.<\/p>\n<p><img decoding=\"async\" class=\"size-full wp-image-33782 aligncenter\" src=\"https:\/\/www.inmsol.com\/wp-content\/uploads\/2017\/11\/multimedia-normal-a0f083d43db82b4e-666564657269636f2d6761726369612d6c6f7263612d325f6e6f726d616c2e6a7067.jpg\" alt=\"\" width=\"200\" height=\"215\" srcset=\"https:\/\/www.inmsol.com\/wp-content\/uploads\/2017\/11\/multimedia-normal-a0f083d43db82b4e-666564657269636f2d6761726369612d6c6f7263612d325f6e6f726d616c2e6a7067.jpg 200w, https:\/\/www.inmsol.com\/wp-content\/uploads\/2017\/11\/multimedia-normal-a0f083d43db82b4e-666564657269636f2d6761726369612d6c6f7263612d325f6e6f726d616c2e6a7067-64x69.jpg 64w, https:\/\/www.inmsol.com\/wp-content\/uploads\/2017\/11\/multimedia-normal-a0f083d43db82b4e-666564657269636f2d6761726369612d6c6f7263612d325f6e6f726d616c2e6a7067-186x200.jpg 186w\" sizes=\"(max-width: 200px) 100vw, 200px\" \/><\/p>\n<p>&#8211; <strong><em>Manuel de Falla<\/em><\/strong> (C\u00e1diz, 1876- Argentina, 1946). Uno dei compositori spagnoli pi\u00fa importante della prima met\u00e1 del XX secolo. Nato a C\u00e1diz, egli si trasferisce a Granada iniziando a partecipare a numerose iniziative culturali assieme a Lorca. Durante la Guerra Civile, Manuel de Falla si trova obbligato a trasferirsi in Argentina dove morir\u00e1 qualche anno pi\u00fa tardi.<\/p>\n<p><img loading=\"lazy\" decoding=\"async\" class=\"wp-image-33784 aligncenter\" src=\"https:\/\/www.inmsol.com\/wp-content\/uploads\/2017\/11\/p01bqt78-460x259.jpg\" alt=\"\" width=\"403\" height=\"227\" srcset=\"https:\/\/www.inmsol.com\/wp-content\/uploads\/2017\/11\/p01bqt78-460x259.jpg 460w, https:\/\/www.inmsol.com\/wp-content\/uploads\/2017\/11\/p01bqt78-800x450.jpg 800w, https:\/\/www.inmsol.com\/wp-content\/uploads\/2017\/11\/p01bqt78-64x36.jpg 64w, https:\/\/www.inmsol.com\/wp-content\/uploads\/2017\/11\/p01bqt78-768x432.jpg 768w, https:\/\/www.inmsol.com\/wp-content\/uploads\/2017\/11\/p01bqt78-250x141.jpg 250w, https:\/\/www.inmsol.com\/wp-content\/uploads\/2017\/11\/p01bqt78-600x338.jpg 600w, https:\/\/www.inmsol.com\/wp-content\/uploads\/2017\/11\/p01bqt78.jpg 960w\" sizes=\"(max-width: 403px) 100vw, 403px\" \/><\/p>\n<p>&#8211;<strong><em>\u00c1ngel Ganivet<\/em><\/strong> (Granada,1865 -Riga, 1898). Scrittore granadino, si considera come il precursore della Generazione del \u201998. In realt\u00e1 gran parte della sua fama si debe all\u2019opera \u201cIdearium espa\u00f1ol\u201d \u2013 un libro in stretto contatto con l\u2019ideologia spagnola moderna.<\/p>\n<p><img loading=\"lazy\" decoding=\"async\" class=\"wp-image-33785 aligncenter\" src=\"https:\/\/www.inmsol.com\/wp-content\/uploads\/2017\/11\/angel-ganivet-460x267.jpg\" alt=\"\" width=\"389\" height=\"225\" srcset=\"https:\/\/www.inmsol.com\/wp-content\/uploads\/2017\/11\/angel-ganivet-460x267.jpg 460w, https:\/\/www.inmsol.com\/wp-content\/uploads\/2017\/11\/angel-ganivet-64x37.jpg 64w, https:\/\/www.inmsol.com\/wp-content\/uploads\/2017\/11\/angel-ganivet-250x145.jpg 250w, https:\/\/www.inmsol.com\/wp-content\/uploads\/2017\/11\/angel-ganivet.jpg 560w\" sizes=\"(max-width: 389px) 100vw, 389px\" \/><\/p>\n<p>&#8211; <strong><em>Enrique Morente<\/em><\/strong> ( Granada,\u00a0 1942 \u2013 Madrid, 2010). Uno dei grandi maestri del canto flamenco di Granada. Con un\u2019amplia discografia alle spalle egli presenta anche la volont\u00e1 di dare una svolta a questo genere. Proprio per questo motivo, nel 1994 riceve il Premio Nazionale della Musica, diventando cos\u00ed un modello per molti nuovi talenti del flamenco.<\/p>\n<p><img loading=\"lazy\" decoding=\"async\" class=\"size-medium wp-image-33786\" src=\"https:\/\/www.inmsol.com\/wp-content\/uploads\/2017\/11\/morente-447x300.jpg\" alt=\"\" width=\"447\" height=\"300\" srcset=\"https:\/\/www.inmsol.com\/wp-content\/uploads\/2017\/11\/morente-447x300.jpg 447w, https:\/\/www.inmsol.com\/wp-content\/uploads\/2017\/11\/morente-800x537.jpg 800w, https:\/\/www.inmsol.com\/wp-content\/uploads\/2017\/11\/morente-64x43.jpg 64w, https:\/\/www.inmsol.com\/wp-content\/uploads\/2017\/11\/morente-768x516.jpg 768w, https:\/\/www.inmsol.com\/wp-content\/uploads\/2017\/11\/morente-1024x687.jpg 1024w, https:\/\/www.inmsol.com\/wp-content\/uploads\/2017\/11\/morente-250x168.jpg 250w, https:\/\/www.inmsol.com\/wp-content\/uploads\/2017\/11\/morente-596x400.jpg 596w, https:\/\/www.inmsol.com\/wp-content\/uploads\/2017\/11\/morente.jpg 1500w\" sizes=\"(max-width: 447px) 100vw, 447px\" \/><\/p>\n<p>&#8211; <strong><em>Elena Mart\u00edn Vivaldi<\/em><\/strong> (Granada, 1907-Granada, 1998). Una poetessa spagnola che dal punto di vista cronol\u00f3gico si pu\u00f3 considerare coetanea di alcuni poeti della Generazione del \u201927, nonostante inizi a scrivere per professione qualche anno dopo. La sua poesia \u00e9 caratterizzata da un tono malinconico e da un romanticismo che rimanda a B\u00e9cquer. Elena Mart\u00edn Vivaldi descrive un\u2019Andalusia che si avvicina molto alla visione poetica di Juan Ram\u00f3n Jim\u00e9nez, di Salinas y dello stesso B\u00e9cquer.<\/p>\n<p><img loading=\"lazy\" decoding=\"async\" class=\"size-full wp-image-33789 aligncenter\" src=\"https:\/\/www.inmsol.com\/wp-content\/uploads\/2017\/11\/elena_martn_vivaldi_juventud2.jpg\" alt=\"\" width=\"225\" height=\"284\" srcset=\"https:\/\/www.inmsol.com\/wp-content\/uploads\/2017\/11\/elena_martn_vivaldi_juventud2.jpg 225w, https:\/\/www.inmsol.com\/wp-content\/uploads\/2017\/11\/elena_martn_vivaldi_juventud2-64x81.jpg 64w, https:\/\/www.inmsol.com\/wp-content\/uploads\/2017\/11\/elena_martn_vivaldi_juventud2-158x200.jpg 158w\" sizes=\"(max-width: 225px) 100vw, 225px\" \/><\/p>\n","protected":false},"excerpt":{"rendered":"<p>Numerosi sono i personaggi di grande fama nati a Granada. Qui potrai trovare una lista di personaggi illustri conosciuti a livello internazionale.<\/p>\n","protected":false},"author":3,"featured_media":33786,"comment_status":"closed","ping_status":"closed","sticky":false,"template":"","format":"standard","meta":{"_acf_changed":false,"footnotes":""},"categories":[6],"tags":[],"class_list":["post-33802","post","type-post","status-publish","format-standard","has-post-thumbnail","hentry","category-blog-it-it"],"acf":[],"yoast_head":"<!-- This site is optimized with the Yoast SEO plugin v27.5 - https:\/\/yoast.com\/product\/yoast-seo-wordpress\/ -->\n<title>Personaggi famosi di Granada<\/title>\n<meta name=\"description\" content=\"Numerosi sono i personaggi di grande fama nati a Granada. Qui potrai trovare una lista di personaggi illustri conosciuti a livello internazionale.\" \/>\n<meta name=\"robots\" content=\"index, follow, max-snippet:-1, max-image-preview:large, max-video-preview:-1\" \/>\n<link rel=\"canonical\" href=\"https:\/\/www.inmsol.com\/it\/blog-it-it\/personaggi-granada\/\" \/>\n<meta property=\"og:locale\" content=\"it_IT\" \/>\n<meta property=\"og:type\" content=\"article\" \/>\n<meta property=\"og:title\" content=\"Personaggi famosi di Granada\" \/>\n<meta property=\"og:description\" content=\"Numerosi sono i personaggi di grande fama nati a Granada. Qui potrai trovare una lista di personaggi illustri conosciuti a livello internazionale.\" \/>\n<meta property=\"og:url\" content=\"https:\/\/www.inmsol.com\/it\/blog-it-it\/personaggi-granada\/\" \/>\n<meta property=\"og:site_name\" content=\"iNMSOL\" \/>\n<meta property=\"article:publisher\" content=\"https:\/\/www.facebook.com\/spanishcourses\" \/>\n<meta property=\"article:published_time\" content=\"2017-11-17T13:22:32+00:00\" \/>\n<meta property=\"article:modified_time\" content=\"2017-11-17T13:52:42+00:00\" \/>\n<meta property=\"og:image\" content=\"https:\/\/www.inmsol.com\/wp-content\/uploads\/2017\/11\/morente.jpg\" \/>\n\t<meta property=\"og:image:width\" content=\"1500\" \/>\n\t<meta property=\"og:image:height\" content=\"1007\" \/>\n\t<meta property=\"og:image:type\" content=\"image\/jpeg\" \/>\n<meta name=\"author\" content=\"- Instituto Mediterr\u00e1neo Sol\" \/>\n<meta name=\"twitter:label1\" content=\"Scritto da\" \/>\n\t<meta name=\"twitter:data1\" content=\"- Instituto Mediterr\u00e1neo Sol\" \/>\n\t<meta name=\"twitter:label2\" content=\"Tempo di lettura stimato\" \/>\n\t<meta name=\"twitter:data2\" content=\"2 minuti\" \/>\n<script type=\"application\/ld+json\" class=\"yoast-schema-graph\">{\"@context\":\"https:\\\/\\\/schema.org\",\"@graph\":[{\"@type\":\"Article\",\"@id\":\"https:\\\/\\\/www.inmsol.com\\\/it\\\/blog-it-it\\\/personaggi-granada\\\/#article\",\"isPartOf\":{\"@id\":\"https:\\\/\\\/www.inmsol.com\\\/it\\\/blog-it-it\\\/personaggi-granada\\\/\"},\"author\":{\"name\":\"- Instituto Mediterr\u00e1neo Sol\",\"@id\":\"https:\\\/\\\/www.inmsol.com\\\/it\\\/#\\\/schema\\\/person\\\/94a7a01d14a56d1fbc49c841ffc57fe9\"},\"headline\":\"Personaggi di Granada.\",\"datePublished\":\"2017-11-17T13:22:32+00:00\",\"dateModified\":\"2017-11-17T13:52:42+00:00\",\"mainEntityOfPage\":{\"@id\":\"https:\\\/\\\/www.inmsol.com\\\/it\\\/blog-it-it\\\/personaggi-granada\\\/\"},\"wordCount\":388,\"publisher\":{\"@id\":\"https:\\\/\\\/www.inmsol.com\\\/it\\\/#organization\"},\"image\":{\"@id\":\"https:\\\/\\\/www.inmsol.com\\\/it\\\/blog-it-it\\\/personaggi-granada\\\/#primaryimage\"},\"thumbnailUrl\":\"https:\\\/\\\/www.inmsol.com\\\/wp-content\\\/uploads\\\/2017\\\/11\\\/morente.jpg\",\"articleSection\":[\"Blog\"],\"inLanguage\":\"it-IT\"},{\"@type\":\"WebPage\",\"@id\":\"https:\\\/\\\/www.inmsol.com\\\/it\\\/blog-it-it\\\/personaggi-granada\\\/\",\"url\":\"https:\\\/\\\/www.inmsol.com\\\/it\\\/blog-it-it\\\/personaggi-granada\\\/\",\"name\":\"Personaggi famosi di Granada\",\"isPartOf\":{\"@id\":\"https:\\\/\\\/www.inmsol.com\\\/it\\\/#website\"},\"primaryImageOfPage\":{\"@id\":\"https:\\\/\\\/www.inmsol.com\\\/it\\\/blog-it-it\\\/personaggi-granada\\\/#primaryimage\"},\"image\":{\"@id\":\"https:\\\/\\\/www.inmsol.com\\\/it\\\/blog-it-it\\\/personaggi-granada\\\/#primaryimage\"},\"thumbnailUrl\":\"https:\\\/\\\/www.inmsol.com\\\/wp-content\\\/uploads\\\/2017\\\/11\\\/morente.jpg\",\"datePublished\":\"2017-11-17T13:22:32+00:00\",\"dateModified\":\"2017-11-17T13:52:42+00:00\",\"description\":\"Numerosi sono i personaggi di grande fama nati a Granada. Qui potrai trovare una lista di personaggi illustri conosciuti a livello internazionale.\",\"breadcrumb\":{\"@id\":\"https:\\\/\\\/www.inmsol.com\\\/it\\\/blog-it-it\\\/personaggi-granada\\\/#breadcrumb\"},\"inLanguage\":\"it-IT\",\"potentialAction\":[{\"@type\":\"ReadAction\",\"target\":[\"https:\\\/\\\/www.inmsol.com\\\/it\\\/blog-it-it\\\/personaggi-granada\\\/\"]}]},{\"@type\":\"ImageObject\",\"inLanguage\":\"it-IT\",\"@id\":\"https:\\\/\\\/www.inmsol.com\\\/it\\\/blog-it-it\\\/personaggi-granada\\\/#primaryimage\",\"url\":\"https:\\\/\\\/www.inmsol.com\\\/wp-content\\\/uploads\\\/2017\\\/11\\\/morente.jpg\",\"contentUrl\":\"https:\\\/\\\/www.inmsol.com\\\/wp-content\\\/uploads\\\/2017\\\/11\\\/morente.jpg\",\"width\":1500,\"height\":1007,\"caption\":\"enrique morente, durante su actuacion en badason\"},{\"@type\":\"BreadcrumbList\",\"@id\":\"https:\\\/\\\/www.inmsol.com\\\/it\\\/blog-it-it\\\/personaggi-granada\\\/#breadcrumb\",\"itemListElement\":[{\"@type\":\"ListItem\",\"position\":1,\"name\":\"Accredited Center by Instituto Cervantes\",\"item\":\"https:\\\/\\\/www.inmsol.com\\\/it\\\/pagina-ejemplo\\\/\"},{\"@type\":\"ListItem\",\"position\":2,\"name\":\"Blog\",\"item\":\"https:\\\/\\\/www.inmsol.com\\\/it\\\/category\\\/blog-it-it\\\/\"},{\"@type\":\"ListItem\",\"position\":3,\"name\":\"Personaggi di Granada.\"}]},{\"@type\":\"WebSite\",\"@id\":\"https:\\\/\\\/www.inmsol.com\\\/it\\\/#website\",\"url\":\"https:\\\/\\\/www.inmsol.com\\\/it\\\/\",\"name\":\"iNMSOL\",\"description\":\"Impara lo spagnolo con noi - Centro di studio accreditato con l'Istituto Cervantes\",\"publisher\":{\"@id\":\"https:\\\/\\\/www.inmsol.com\\\/it\\\/#organization\"},\"potentialAction\":[{\"@type\":\"SearchAction\",\"target\":{\"@type\":\"EntryPoint\",\"urlTemplate\":\"https:\\\/\\\/www.inmsol.com\\\/it\\\/?s={search_term_string}\"},\"query-input\":{\"@type\":\"PropertyValueSpecification\",\"valueRequired\":true,\"valueName\":\"search_term_string\"}}],\"inLanguage\":\"it-IT\"},{\"@type\":\"Organization\",\"@id\":\"https:\\\/\\\/www.inmsol.com\\\/it\\\/#organization\",\"name\":\"Instituto Mediterr\u00e1neo Sol\",\"url\":\"https:\\\/\\\/www.inmsol.com\\\/it\\\/\",\"logo\":{\"@type\":\"ImageObject\",\"inLanguage\":\"it-IT\",\"@id\":\"https:\\\/\\\/www.inmsol.com\\\/it\\\/#\\\/schema\\\/logo\\\/image\\\/\",\"url\":\"https:\\\/\\\/www.inmsol.com\\\/wp-content\\\/uploads\\\/2023\\\/06\\\/logo-inmsol-1.png\",\"contentUrl\":\"https:\\\/\\\/www.inmsol.com\\\/wp-content\\\/uploads\\\/2023\\\/06\\\/logo-inmsol-1.png\",\"width\":136,\"height\":73,\"caption\":\"Instituto Mediterr\u00e1neo Sol\"},\"image\":{\"@id\":\"https:\\\/\\\/www.inmsol.com\\\/it\\\/#\\\/schema\\\/logo\\\/image\\\/\"},\"sameAs\":[\"https:\\\/\\\/www.facebook.com\\\/spanishcourses\",\"https:\\\/\\\/x.com\\\/StudyInGranada\",\"http:\\\/\\\/instagram.com\\\/imsolgranada\",\"https:\\\/\\\/es.linkedin.com\\\/company\\\/imsol-granada\",\"https:\\\/\\\/www.pinterest.es\\\/inmsol\\\/\",\"https:\\\/\\\/www.youtube.com\\\/channel\\\/UChz-Qn_7coFMosY85iYMO4g\"]},{\"@type\":\"Person\",\"@id\":\"https:\\\/\\\/www.inmsol.com\\\/it\\\/#\\\/schema\\\/person\\\/94a7a01d14a56d1fbc49c841ffc57fe9\",\"name\":\"- Instituto Mediterr\u00e1neo Sol\",\"image\":{\"@type\":\"ImageObject\",\"inLanguage\":\"it-IT\",\"@id\":\"https:\\\/\\\/secure.gravatar.com\\\/avatar\\\/5607fdabdf1b548b6095cc3d43079829bc1497403e70dd34004e7204a8fef62b?s=96&d=mm&r=g\",\"url\":\"https:\\\/\\\/secure.gravatar.com\\\/avatar\\\/5607fdabdf1b548b6095cc3d43079829bc1497403e70dd34004e7204a8fef62b?s=96&d=mm&r=g\",\"contentUrl\":\"https:\\\/\\\/secure.gravatar.com\\\/avatar\\\/5607fdabdf1b548b6095cc3d43079829bc1497403e70dd34004e7204a8fef62b?s=96&d=mm&r=g\",\"caption\":\"- Instituto Mediterr\u00e1neo Sol\"},\"url\":\"https:\\\/\\\/www.inmsol.com\\\/it\\\/author\\\/laura\\\/\"}]}<\/script>\n<!-- \/ Yoast SEO plugin. -->","yoast_head_json":{"title":"Personaggi famosi di Granada","description":"Numerosi sono i personaggi di grande fama nati a Granada. Qui potrai trovare una lista di personaggi illustri conosciuti a livello internazionale.","robots":{"index":"index","follow":"follow","max-snippet":"max-snippet:-1","max-image-preview":"max-image-preview:large","max-video-preview":"max-video-preview:-1"},"canonical":"https:\/\/www.inmsol.com\/it\/blog-it-it\/personaggi-granada\/","og_locale":"it_IT","og_type":"article","og_title":"Personaggi famosi di Granada","og_description":"Numerosi sono i personaggi di grande fama nati a Granada. Qui potrai trovare una lista di personaggi illustri conosciuti a livello internazionale.","og_url":"https:\/\/www.inmsol.com\/it\/blog-it-it\/personaggi-granada\/","og_site_name":"iNMSOL","article_publisher":"https:\/\/www.facebook.com\/spanishcourses","article_published_time":"2017-11-17T13:22:32+00:00","article_modified_time":"2017-11-17T13:52:42+00:00","og_image":[{"width":1500,"height":1007,"url":"https:\/\/www.inmsol.com\/wp-content\/uploads\/2017\/11\/morente.jpg","type":"image\/jpeg"}],"author":"- Instituto Mediterr\u00e1neo Sol","twitter_misc":{"Scritto da":"- Instituto Mediterr\u00e1neo Sol","Tempo di lettura stimato":"2 minuti"},"schema":{"@context":"https:\/\/schema.org","@graph":[{"@type":"Article","@id":"https:\/\/www.inmsol.com\/it\/blog-it-it\/personaggi-granada\/#article","isPartOf":{"@id":"https:\/\/www.inmsol.com\/it\/blog-it-it\/personaggi-granada\/"},"author":{"name":"- Instituto Mediterr\u00e1neo Sol","@id":"https:\/\/www.inmsol.com\/it\/#\/schema\/person\/94a7a01d14a56d1fbc49c841ffc57fe9"},"headline":"Personaggi di Granada.","datePublished":"2017-11-17T13:22:32+00:00","dateModified":"2017-11-17T13:52:42+00:00","mainEntityOfPage":{"@id":"https:\/\/www.inmsol.com\/it\/blog-it-it\/personaggi-granada\/"},"wordCount":388,"publisher":{"@id":"https:\/\/www.inmsol.com\/it\/#organization"},"image":{"@id":"https:\/\/www.inmsol.com\/it\/blog-it-it\/personaggi-granada\/#primaryimage"},"thumbnailUrl":"https:\/\/www.inmsol.com\/wp-content\/uploads\/2017\/11\/morente.jpg","articleSection":["Blog"],"inLanguage":"it-IT"},{"@type":"WebPage","@id":"https:\/\/www.inmsol.com\/it\/blog-it-it\/personaggi-granada\/","url":"https:\/\/www.inmsol.com\/it\/blog-it-it\/personaggi-granada\/","name":"Personaggi famosi di Granada","isPartOf":{"@id":"https:\/\/www.inmsol.com\/it\/#website"},"primaryImageOfPage":{"@id":"https:\/\/www.inmsol.com\/it\/blog-it-it\/personaggi-granada\/#primaryimage"},"image":{"@id":"https:\/\/www.inmsol.com\/it\/blog-it-it\/personaggi-granada\/#primaryimage"},"thumbnailUrl":"https:\/\/www.inmsol.com\/wp-content\/uploads\/2017\/11\/morente.jpg","datePublished":"2017-11-17T13:22:32+00:00","dateModified":"2017-11-17T13:52:42+00:00","description":"Numerosi sono i personaggi di grande fama nati a Granada. Qui potrai trovare una lista di personaggi illustri conosciuti a livello internazionale.","breadcrumb":{"@id":"https:\/\/www.inmsol.com\/it\/blog-it-it\/personaggi-granada\/#breadcrumb"},"inLanguage":"it-IT","potentialAction":[{"@type":"ReadAction","target":["https:\/\/www.inmsol.com\/it\/blog-it-it\/personaggi-granada\/"]}]},{"@type":"ImageObject","inLanguage":"it-IT","@id":"https:\/\/www.inmsol.com\/it\/blog-it-it\/personaggi-granada\/#primaryimage","url":"https:\/\/www.inmsol.com\/wp-content\/uploads\/2017\/11\/morente.jpg","contentUrl":"https:\/\/www.inmsol.com\/wp-content\/uploads\/2017\/11\/morente.jpg","width":1500,"height":1007,"caption":"enrique morente, durante su actuacion en badason"},{"@type":"BreadcrumbList","@id":"https:\/\/www.inmsol.com\/it\/blog-it-it\/personaggi-granada\/#breadcrumb","itemListElement":[{"@type":"ListItem","position":1,"name":"Accredited Center by Instituto Cervantes","item":"https:\/\/www.inmsol.com\/it\/pagina-ejemplo\/"},{"@type":"ListItem","position":2,"name":"Blog","item":"https:\/\/www.inmsol.com\/it\/category\/blog-it-it\/"},{"@type":"ListItem","position":3,"name":"Personaggi di Granada."}]},{"@type":"WebSite","@id":"https:\/\/www.inmsol.com\/it\/#website","url":"https:\/\/www.inmsol.com\/it\/","name":"iNMSOL","description":"Impara lo spagnolo con noi - Centro di studio accreditato con l'Istituto Cervantes","publisher":{"@id":"https:\/\/www.inmsol.com\/it\/#organization"},"potentialAction":[{"@type":"SearchAction","target":{"@type":"EntryPoint","urlTemplate":"https:\/\/www.inmsol.com\/it\/?s={search_term_string}"},"query-input":{"@type":"PropertyValueSpecification","valueRequired":true,"valueName":"search_term_string"}}],"inLanguage":"it-IT"},{"@type":"Organization","@id":"https:\/\/www.inmsol.com\/it\/#organization","name":"Instituto Mediterr\u00e1neo Sol","url":"https:\/\/www.inmsol.com\/it\/","logo":{"@type":"ImageObject","inLanguage":"it-IT","@id":"https:\/\/www.inmsol.com\/it\/#\/schema\/logo\/image\/","url":"https:\/\/www.inmsol.com\/wp-content\/uploads\/2023\/06\/logo-inmsol-1.png","contentUrl":"https:\/\/www.inmsol.com\/wp-content\/uploads\/2023\/06\/logo-inmsol-1.png","width":136,"height":73,"caption":"Instituto Mediterr\u00e1neo Sol"},"image":{"@id":"https:\/\/www.inmsol.com\/it\/#\/schema\/logo\/image\/"},"sameAs":["https:\/\/www.facebook.com\/spanishcourses","https:\/\/x.com\/StudyInGranada","http:\/\/instagram.com\/imsolgranada","https:\/\/es.linkedin.com\/company\/imsol-granada","https:\/\/www.pinterest.es\/inmsol\/","https:\/\/www.youtube.com\/channel\/UChz-Qn_7coFMosY85iYMO4g"]},{"@type":"Person","@id":"https:\/\/www.inmsol.com\/it\/#\/schema\/person\/94a7a01d14a56d1fbc49c841ffc57fe9","name":"- Instituto Mediterr\u00e1neo Sol","image":{"@type":"ImageObject","inLanguage":"it-IT","@id":"https:\/\/secure.gravatar.com\/avatar\/5607fdabdf1b548b6095cc3d43079829bc1497403e70dd34004e7204a8fef62b?s=96&d=mm&r=g","url":"https:\/\/secure.gravatar.com\/avatar\/5607fdabdf1b548b6095cc3d43079829bc1497403e70dd34004e7204a8fef62b?s=96&d=mm&r=g","contentUrl":"https:\/\/secure.gravatar.com\/avatar\/5607fdabdf1b548b6095cc3d43079829bc1497403e70dd34004e7204a8fef62b?s=96&d=mm&r=g","caption":"- Instituto Mediterr\u00e1neo Sol"},"url":"https:\/\/www.inmsol.com\/it\/author\/laura\/"}]}},"_links":{"self":[{"href":"https:\/\/www.inmsol.com\/it\/wp-json\/wp\/v2\/posts\/33802","targetHints":{"allow":["GET"]}}],"collection":[{"href":"https:\/\/www.inmsol.com\/it\/wp-json\/wp\/v2\/posts"}],"about":[{"href":"https:\/\/www.inmsol.com\/it\/wp-json\/wp\/v2\/types\/post"}],"author":[{"embeddable":true,"href":"https:\/\/www.inmsol.com\/it\/wp-json\/wp\/v2\/users\/3"}],"replies":[{"embeddable":true,"href":"https:\/\/www.inmsol.com\/it\/wp-json\/wp\/v2\/comments?post=33802"}],"version-history":[{"count":0,"href":"https:\/\/www.inmsol.com\/it\/wp-json\/wp\/v2\/posts\/33802\/revisions"}],"wp:featuredmedia":[{"embeddable":true,"href":"https:\/\/www.inmsol.com\/it\/wp-json\/wp\/v2\/media\/33786"}],"wp:attachment":[{"href":"https:\/\/www.inmsol.com\/it\/wp-json\/wp\/v2\/media?parent=33802"}],"wp:term":[{"taxonomy":"category","embeddable":true,"href":"https:\/\/www.inmsol.com\/it\/wp-json\/wp\/v2\/categories?post=33802"},{"taxonomy":"post_tag","embeddable":true,"href":"https:\/\/www.inmsol.com\/it\/wp-json\/wp\/v2\/tags?post=33802"}],"curies":[{"name":"wp","href":"https:\/\/api.w.org\/{rel}","templated":true}]}}