{"id":34435,"date":"2018-02-09T09:58:03","date_gmt":"2018-02-09T08:58:03","guid":{"rendered":"https:\/\/www.inmsol.com\/blog-it-it\/goditi-il-carnevale-a-granada\/"},"modified":"2018-02-09T10:00:08","modified_gmt":"2018-02-09T09:00:08","slug":"goditi-il-carnevale-a-granada","status":"publish","type":"post","link":"https:\/\/www.inmsol.com\/it\/blog-it-it\/eventi-granada-it-it\/goditi-il-carnevale-a-granada\/","title":{"rendered":"Goditi il Carnevale a Granada"},"content":{"rendered":"<p>Per gli andalusi il carnevale \u00e8 molto importante e questo \u00e8 dovuto al fatto che sono un popolo che nasce dall\u2019incrocio tra culture. Il carnevale in Andaluc\u00eda ha sede a C\u00e1diz e pu\u00f2 vivere in tutte le citt\u00e0 della regione. Puoi vivere il carnevale a Granada nel 2018 in qualsiasi festa che la citt\u00e0 offre.<\/p>\n<p><img fetchpriority=\"high\" decoding=\"async\" class=\"alignnone size-medium wp-image-34404\" src=\"https:\/\/www.inmsol.com\/wp-content\/uploads\/2018\/02\/disfruta-del-carnaval-en-granada-blog-eventos-granada-460x211.jpg\" alt=\"Disfruta del Carnaval en Granada - Blog Eventos Granada\" width=\"460\" height=\"211\" srcset=\"https:\/\/www.inmsol.com\/wp-content\/uploads\/2018\/02\/disfruta-del-carnaval-en-granada-blog-eventos-granada-460x211.jpg 460w, https:\/\/www.inmsol.com\/wp-content\/uploads\/2018\/02\/disfruta-del-carnaval-en-granada-blog-eventos-granada-scaled-800x366.jpg 800w, https:\/\/www.inmsol.com\/wp-content\/uploads\/2018\/02\/disfruta-del-carnaval-en-granada-blog-eventos-granada-scaled-64x29.jpg 64w, https:\/\/www.inmsol.com\/wp-content\/uploads\/2018\/02\/disfruta-del-carnaval-en-granada-blog-eventos-granada-768x351.jpg 768w, https:\/\/www.inmsol.com\/wp-content\/uploads\/2018\/02\/disfruta-del-carnaval-en-granada-blog-eventos-granada-1024x469.jpg 1024w, https:\/\/www.inmsol.com\/wp-content\/uploads\/2018\/02\/disfruta-del-carnaval-en-granada-blog-eventos-granada-250x114.jpg 250w, https:\/\/www.inmsol.com\/wp-content\/uploads\/2018\/02\/disfruta-del-carnaval-en-granada-blog-eventos-granada-600x275.jpg 600w\" sizes=\"(max-width: 460px) 100vw, 460px\" \/><\/p>\n<h2>L\u2019origine del carnevale<\/h2>\n<p>Il carnevale \u00e8 la festa pi\u00f9 rappresentativa dei latini, intendendo come latini tutti i popoli che derivano dall\u2019Impero Romano d\u2019Occidente.<\/p>\n<p>Bisogna dire che i carnevali, in un modo o nell\u2019altro, hanno origine nell\u2019antico Egitto. Le antiche celebrazioni degli egizi al dio toro Apis furono le prime. Le seguenti celebrazioni romane a Luperco e Bacco, che danno origine al moderno giorno degli innamorati, seguirono la tradizione. Tutte queste celebrazioni sono considerate i precursori dei carnevali moderni. Feste e cortei di invocazione alla fertilit\u00e0, un canto all\u2019amore o trovare una scusa per travestirsi e divertirsi.<\/p>\n<p>Con l\u2019arrivo del cristianesimo il carnevale prende forma. Assume il suo nome reale, che viene dal latino <em>carnem-levare<\/em>, \u2018togliere la carne\u2019. Questo \u00e8 precisamente qualcosa che la Chiesa proibisce all\u2019inizio della Cuaresima (i 40 giorni precedenti la Settimana Santa) che \u00e8 quando si celebra il carnevale.<\/p>\n<h4>Il carnevale di C\u00e1diz e la sua importanza storica<\/h4>\n<p>Il fatto che sia a C\u00e1diz dove il carnevale ha avuto una maggiore ripercussione \u00e8 perch\u00e8 ha fatto da unione tra i popoli del Mediterraneo. Tutti i popoli che sono passati da l\u00ec (fenici, greci, turchi, romani e cattolici tra altri) si rifanno a quello di C\u00e1diz. Tutti i popoli del sud Europa e del nord Africa hanno preso parte nella storia del carnevale.<\/p>\n<p>Oggi, il carnevale \u00e8 famoso in una moltitudine di paesi grazie a quello di C\u00e1diz. Gli andalusi, che predominantemente sono stati\u00a0 gli abitanti dell\u2019America Latina, avevano l\u00ec il loro carnevale. E in ognuno dei paesi dov\u2019\u00e8 arrivato si \u00e8 sviluppato in modo differente. Questo fa s\u00ec che il teatro Falla, sede del padre dei carnevali, guardi ai suoi figli con orgoglio.<\/p>\n<h2>Carnevale a Granada<\/h2>\n<p>Anche Granada, citt\u00e0 della festa giovane, celebra il suo carnevale.<\/p>\n<p>In Andaluc\u00eda esistono varie offerte per godersi <a href=\"http:\/\/www.canalsur.es\/television\/programas\/carnavalsur\/detalle\/247884.html\" target=\"_blank\" rel=\"noopener\">gli scherzi, le mascherate e i cori<\/a>. Tutti questi canti sono quelli che definiscono il carnevale degli andalusi. Inoltre, dietro alla cultura ci sono la festa, lo spirito del travestimento e l\u2019allegria.<\/p>\n<p>A Granada, ci sono molte feste in maschera per celebrare il carnevale di febbraio. <a href=\"http:\/\/www.almunecar.es\/noticias\/noticias-almunecar\/almunecar-celebrara-los-dias-9-10-febrero-la-fiesta-del-carnaval-2018\/\" target=\"_blank\" rel=\"noopener\">Ad Almu\u00f1\u00e9car<\/a>, per esempio, c\u2019\u00e8 un carnevale organizzato dal proprio Comune che raduna in strada i vicini ed i visitatori per godersi la festa.<\/p>\n","protected":false},"excerpt":{"rendered":"<p>Per gli andalusi il carnevale \u00e8 molto importante e questo \u00e8 dovuto al fatto che sono un popolo che nasce dall\u2019incrocio tra culture. Il carnevale in Andaluc\u00eda ha sede a C\u00e1diz e pu\u00f2 vivere in tutte le citt\u00e0 della regione. Puoi vivere il carnevale a&#8230;<\/p>\n","protected":false},"author":2,"featured_media":86570,"comment_status":"closed","ping_status":"closed","sticky":false,"template":"","format":"standard","meta":{"_acf_changed":false,"footnotes":""},"categories":[32],"tags":[],"class_list":["post-34435","post","type-post","status-publish","format-standard","has-post-thumbnail","hentry","category-eventi-granada-it-it"],"acf":[],"yoast_head":"<!-- This site is optimized with the Yoast SEO plugin v27.5 - https:\/\/yoast.com\/product\/yoast-seo-wordpress\/ -->\n<title>Goditi il Carnevale a Granada - Blog Eveneti Granada<\/title>\n<meta name=\"description\" content=\"Carnevale Granada 2018. A Granada puoi goderti molte feste di carnevale in tutta la provincia. Ti raccontiamo l&#039;origine del carnevale e alcune delle opzioni\" \/>\n<meta name=\"robots\" content=\"index, follow, max-snippet:-1, max-image-preview:large, max-video-preview:-1\" \/>\n<link rel=\"canonical\" href=\"https:\/\/www.inmsol.com\/it\/blog-it-it\/eventi-granada-it-it\/goditi-il-carnevale-a-granada\/\" \/>\n<meta property=\"og:locale\" content=\"it_IT\" \/>\n<meta property=\"og:type\" content=\"article\" \/>\n<meta property=\"og:title\" content=\"Goditi il Carnevale a Granada - Blog Eveneti Granada\" \/>\n<meta property=\"og:description\" content=\"Carnevale Granada 2018. A Granada puoi goderti molte feste di carnevale in tutta la provincia. Ti raccontiamo l&#039;origine del carnevale e alcune delle opzioni\" \/>\n<meta property=\"og:url\" content=\"https:\/\/www.inmsol.com\/it\/blog-it-it\/eventi-granada-it-it\/goditi-il-carnevale-a-granada\/\" \/>\n<meta property=\"og:site_name\" content=\"iNMSOL\" \/>\n<meta property=\"article:publisher\" content=\"https:\/\/www.facebook.com\/spanishcourses\" \/>\n<meta property=\"article:published_time\" content=\"2018-02-09T08:58:03+00:00\" \/>\n<meta property=\"article:modified_time\" content=\"2018-02-09T09:00:08+00:00\" \/>\n<meta property=\"og:image\" content=\"https:\/\/www.inmsol.com\/wp-content\/uploads\/2018\/02\/disfruta-del-carnaval-en-granada-blog-eventos-granada-scaled.jpg\" \/>\n\t<meta property=\"og:image:width\" content=\"2560\" \/>\n\t<meta property=\"og:image:height\" content=\"1172\" \/>\n\t<meta property=\"og:image:type\" content=\"image\/jpeg\" \/>\n<meta name=\"author\" content=\"Javier Torres\" \/>\n<meta name=\"twitter:label1\" content=\"Scritto da\" \/>\n\t<meta name=\"twitter:data1\" content=\"Javier Torres\" \/>\n\t<meta name=\"twitter:label2\" content=\"Tempo di lettura stimato\" \/>\n\t<meta name=\"twitter:data2\" content=\"2 minuti\" \/>\n<script type=\"application\/ld+json\" class=\"yoast-schema-graph\">{\"@context\":\"https:\\\/\\\/schema.org\",\"@graph\":[{\"@type\":\"Article\",\"@id\":\"https:\\\/\\\/www.inmsol.com\\\/it\\\/blog-it-it\\\/eventi-granada-it-it\\\/goditi-il-carnevale-a-granada\\\/#article\",\"isPartOf\":{\"@id\":\"https:\\\/\\\/www.inmsol.com\\\/it\\\/blog-it-it\\\/eventi-granada-it-it\\\/goditi-il-carnevale-a-granada\\\/\"},\"author\":{\"name\":\"Javier Torres\",\"@id\":\"https:\\\/\\\/www.inmsol.com\\\/it\\\/#\\\/schema\\\/person\\\/18f18acd0397ef441e373e79ec3eb6ea\"},\"headline\":\"Goditi il Carnevale a Granada\",\"datePublished\":\"2018-02-09T08:58:03+00:00\",\"dateModified\":\"2018-02-09T09:00:08+00:00\",\"mainEntityOfPage\":{\"@id\":\"https:\\\/\\\/www.inmsol.com\\\/it\\\/blog-it-it\\\/eventi-granada-it-it\\\/goditi-il-carnevale-a-granada\\\/\"},\"wordCount\":435,\"publisher\":{\"@id\":\"https:\\\/\\\/www.inmsol.com\\\/it\\\/#organization\"},\"image\":{\"@id\":\"https:\\\/\\\/www.inmsol.com\\\/it\\\/blog-it-it\\\/eventi-granada-it-it\\\/goditi-il-carnevale-a-granada\\\/#primaryimage\"},\"thumbnailUrl\":\"https:\\\/\\\/www.inmsol.com\\\/wp-content\\\/uploads\\\/2018\\\/02\\\/disfruta-del-carnaval-en-granada-blog-eventos-granada-scaled.jpg\",\"articleSection\":[\"Eventi a Granada\"],\"inLanguage\":\"it-IT\"},{\"@type\":\"WebPage\",\"@id\":\"https:\\\/\\\/www.inmsol.com\\\/it\\\/blog-it-it\\\/eventi-granada-it-it\\\/goditi-il-carnevale-a-granada\\\/\",\"url\":\"https:\\\/\\\/www.inmsol.com\\\/it\\\/blog-it-it\\\/eventi-granada-it-it\\\/goditi-il-carnevale-a-granada\\\/\",\"name\":\"Goditi il Carnevale a Granada - Blog Eveneti Granada\",\"isPartOf\":{\"@id\":\"https:\\\/\\\/www.inmsol.com\\\/it\\\/#website\"},\"primaryImageOfPage\":{\"@id\":\"https:\\\/\\\/www.inmsol.com\\\/it\\\/blog-it-it\\\/eventi-granada-it-it\\\/goditi-il-carnevale-a-granada\\\/#primaryimage\"},\"image\":{\"@id\":\"https:\\\/\\\/www.inmsol.com\\\/it\\\/blog-it-it\\\/eventi-granada-it-it\\\/goditi-il-carnevale-a-granada\\\/#primaryimage\"},\"thumbnailUrl\":\"https:\\\/\\\/www.inmsol.com\\\/wp-content\\\/uploads\\\/2018\\\/02\\\/disfruta-del-carnaval-en-granada-blog-eventos-granada-scaled.jpg\",\"datePublished\":\"2018-02-09T08:58:03+00:00\",\"dateModified\":\"2018-02-09T09:00:08+00:00\",\"description\":\"Carnevale Granada 2018. A Granada puoi goderti molte feste di carnevale in tutta la provincia. Ti raccontiamo l'origine del carnevale e alcune delle opzioni\",\"breadcrumb\":{\"@id\":\"https:\\\/\\\/www.inmsol.com\\\/it\\\/blog-it-it\\\/eventi-granada-it-it\\\/goditi-il-carnevale-a-granada\\\/#breadcrumb\"},\"inLanguage\":\"it-IT\",\"potentialAction\":[{\"@type\":\"ReadAction\",\"target\":[\"https:\\\/\\\/www.inmsol.com\\\/it\\\/blog-it-it\\\/eventi-granada-it-it\\\/goditi-il-carnevale-a-granada\\\/\"]}]},{\"@type\":\"ImageObject\",\"inLanguage\":\"it-IT\",\"@id\":\"https:\\\/\\\/www.inmsol.com\\\/it\\\/blog-it-it\\\/eventi-granada-it-it\\\/goditi-il-carnevale-a-granada\\\/#primaryimage\",\"url\":\"https:\\\/\\\/www.inmsol.com\\\/wp-content\\\/uploads\\\/2018\\\/02\\\/disfruta-del-carnaval-en-granada-blog-eventos-granada-scaled.jpg\",\"contentUrl\":\"https:\\\/\\\/www.inmsol.com\\\/wp-content\\\/uploads\\\/2018\\\/02\\\/disfruta-del-carnaval-en-granada-blog-eventos-granada-scaled.jpg\",\"width\":2560,\"height\":1172},{\"@type\":\"BreadcrumbList\",\"@id\":\"https:\\\/\\\/www.inmsol.com\\\/it\\\/blog-it-it\\\/eventi-granada-it-it\\\/goditi-il-carnevale-a-granada\\\/#breadcrumb\",\"itemListElement\":[{\"@type\":\"ListItem\",\"position\":1,\"name\":\"Accredited Center by Instituto Cervantes\",\"item\":\"https:\\\/\\\/www.inmsol.com\\\/it\\\/pagina-ejemplo\\\/\"},{\"@type\":\"ListItem\",\"position\":2,\"name\":\"Blog\",\"item\":\"https:\\\/\\\/www.inmsol.com\\\/it\\\/category\\\/blog-it-it\\\/\"},{\"@type\":\"ListItem\",\"position\":3,\"name\":\"Eventi a Granada\",\"item\":\"https:\\\/\\\/www.inmsol.com\\\/it\\\/category\\\/blog-it-it\\\/eventi-granada-it-it\\\/\"},{\"@type\":\"ListItem\",\"position\":4,\"name\":\"Goditi il Carnevale a Granada\"}]},{\"@type\":\"WebSite\",\"@id\":\"https:\\\/\\\/www.inmsol.com\\\/it\\\/#website\",\"url\":\"https:\\\/\\\/www.inmsol.com\\\/it\\\/\",\"name\":\"iNMSOL\",\"description\":\"Impara lo spagnolo con noi - Centro di studio accreditato con l'Istituto Cervantes\",\"publisher\":{\"@id\":\"https:\\\/\\\/www.inmsol.com\\\/it\\\/#organization\"},\"potentialAction\":[{\"@type\":\"SearchAction\",\"target\":{\"@type\":\"EntryPoint\",\"urlTemplate\":\"https:\\\/\\\/www.inmsol.com\\\/it\\\/?s={search_term_string}\"},\"query-input\":{\"@type\":\"PropertyValueSpecification\",\"valueRequired\":true,\"valueName\":\"search_term_string\"}}],\"inLanguage\":\"it-IT\"},{\"@type\":\"Organization\",\"@id\":\"https:\\\/\\\/www.inmsol.com\\\/it\\\/#organization\",\"name\":\"Instituto Mediterr\u00e1neo Sol\",\"url\":\"https:\\\/\\\/www.inmsol.com\\\/it\\\/\",\"logo\":{\"@type\":\"ImageObject\",\"inLanguage\":\"it-IT\",\"@id\":\"https:\\\/\\\/www.inmsol.com\\\/it\\\/#\\\/schema\\\/logo\\\/image\\\/\",\"url\":\"https:\\\/\\\/www.inmsol.com\\\/wp-content\\\/uploads\\\/2023\\\/06\\\/logo-inmsol-1.png\",\"contentUrl\":\"https:\\\/\\\/www.inmsol.com\\\/wp-content\\\/uploads\\\/2023\\\/06\\\/logo-inmsol-1.png\",\"width\":136,\"height\":73,\"caption\":\"Instituto Mediterr\u00e1neo Sol\"},\"image\":{\"@id\":\"https:\\\/\\\/www.inmsol.com\\\/it\\\/#\\\/schema\\\/logo\\\/image\\\/\"},\"sameAs\":[\"https:\\\/\\\/www.facebook.com\\\/spanishcourses\",\"https:\\\/\\\/x.com\\\/StudyInGranada\",\"http:\\\/\\\/instagram.com\\\/imsolgranada\",\"https:\\\/\\\/es.linkedin.com\\\/company\\\/imsol-granada\",\"https:\\\/\\\/www.pinterest.es\\\/inmsol\\\/\",\"https:\\\/\\\/www.youtube.com\\\/channel\\\/UChz-Qn_7coFMosY85iYMO4g\"]},{\"@type\":\"Person\",\"@id\":\"https:\\\/\\\/www.inmsol.com\\\/it\\\/#\\\/schema\\\/person\\\/18f18acd0397ef441e373e79ec3eb6ea\",\"name\":\"Javier Torres\",\"image\":{\"@type\":\"ImageObject\",\"inLanguage\":\"it-IT\",\"@id\":\"https:\\\/\\\/secure.gravatar.com\\\/avatar\\\/90afa2d6499550218d247408758082af566e5ec3641e1b8eac0d7bb889344a55?s=96&d=mm&r=g\",\"url\":\"https:\\\/\\\/secure.gravatar.com\\\/avatar\\\/90afa2d6499550218d247408758082af566e5ec3641e1b8eac0d7bb889344a55?s=96&d=mm&r=g\",\"contentUrl\":\"https:\\\/\\\/secure.gravatar.com\\\/avatar\\\/90afa2d6499550218d247408758082af566e5ec3641e1b8eac0d7bb889344a55?s=96&d=mm&r=g\",\"caption\":\"Javier Torres\"},\"url\":\"https:\\\/\\\/www.inmsol.com\\\/it\\\/author\\\/javier\\\/\"}]}<\/script>\n<!-- \/ Yoast SEO plugin. -->","yoast_head_json":{"title":"Goditi il Carnevale a Granada - Blog Eveneti Granada","description":"Carnevale Granada 2018. A Granada puoi goderti molte feste di carnevale in tutta la provincia. Ti raccontiamo l'origine del carnevale e alcune delle opzioni","robots":{"index":"index","follow":"follow","max-snippet":"max-snippet:-1","max-image-preview":"max-image-preview:large","max-video-preview":"max-video-preview:-1"},"canonical":"https:\/\/www.inmsol.com\/it\/blog-it-it\/eventi-granada-it-it\/goditi-il-carnevale-a-granada\/","og_locale":"it_IT","og_type":"article","og_title":"Goditi il Carnevale a Granada - Blog Eveneti Granada","og_description":"Carnevale Granada 2018. A Granada puoi goderti molte feste di carnevale in tutta la provincia. Ti raccontiamo l'origine del carnevale e alcune delle opzioni","og_url":"https:\/\/www.inmsol.com\/it\/blog-it-it\/eventi-granada-it-it\/goditi-il-carnevale-a-granada\/","og_site_name":"iNMSOL","article_publisher":"https:\/\/www.facebook.com\/spanishcourses","article_published_time":"2018-02-09T08:58:03+00:00","article_modified_time":"2018-02-09T09:00:08+00:00","og_image":[{"width":2560,"height":1172,"url":"https:\/\/www.inmsol.com\/wp-content\/uploads\/2018\/02\/disfruta-del-carnaval-en-granada-blog-eventos-granada-scaled.jpg","type":"image\/jpeg"}],"author":"Javier Torres","twitter_misc":{"Scritto da":"Javier Torres","Tempo di lettura stimato":"2 minuti"},"schema":{"@context":"https:\/\/schema.org","@graph":[{"@type":"Article","@id":"https:\/\/www.inmsol.com\/it\/blog-it-it\/eventi-granada-it-it\/goditi-il-carnevale-a-granada\/#article","isPartOf":{"@id":"https:\/\/www.inmsol.com\/it\/blog-it-it\/eventi-granada-it-it\/goditi-il-carnevale-a-granada\/"},"author":{"name":"Javier Torres","@id":"https:\/\/www.inmsol.com\/it\/#\/schema\/person\/18f18acd0397ef441e373e79ec3eb6ea"},"headline":"Goditi il Carnevale a Granada","datePublished":"2018-02-09T08:58:03+00:00","dateModified":"2018-02-09T09:00:08+00:00","mainEntityOfPage":{"@id":"https:\/\/www.inmsol.com\/it\/blog-it-it\/eventi-granada-it-it\/goditi-il-carnevale-a-granada\/"},"wordCount":435,"publisher":{"@id":"https:\/\/www.inmsol.com\/it\/#organization"},"image":{"@id":"https:\/\/www.inmsol.com\/it\/blog-it-it\/eventi-granada-it-it\/goditi-il-carnevale-a-granada\/#primaryimage"},"thumbnailUrl":"https:\/\/www.inmsol.com\/wp-content\/uploads\/2018\/02\/disfruta-del-carnaval-en-granada-blog-eventos-granada-scaled.jpg","articleSection":["Eventi a Granada"],"inLanguage":"it-IT"},{"@type":"WebPage","@id":"https:\/\/www.inmsol.com\/it\/blog-it-it\/eventi-granada-it-it\/goditi-il-carnevale-a-granada\/","url":"https:\/\/www.inmsol.com\/it\/blog-it-it\/eventi-granada-it-it\/goditi-il-carnevale-a-granada\/","name":"Goditi il Carnevale a Granada - Blog Eveneti Granada","isPartOf":{"@id":"https:\/\/www.inmsol.com\/it\/#website"},"primaryImageOfPage":{"@id":"https:\/\/www.inmsol.com\/it\/blog-it-it\/eventi-granada-it-it\/goditi-il-carnevale-a-granada\/#primaryimage"},"image":{"@id":"https:\/\/www.inmsol.com\/it\/blog-it-it\/eventi-granada-it-it\/goditi-il-carnevale-a-granada\/#primaryimage"},"thumbnailUrl":"https:\/\/www.inmsol.com\/wp-content\/uploads\/2018\/02\/disfruta-del-carnaval-en-granada-blog-eventos-granada-scaled.jpg","datePublished":"2018-02-09T08:58:03+00:00","dateModified":"2018-02-09T09:00:08+00:00","description":"Carnevale Granada 2018. A Granada puoi goderti molte feste di carnevale in tutta la provincia. Ti raccontiamo l'origine del carnevale e alcune delle opzioni","breadcrumb":{"@id":"https:\/\/www.inmsol.com\/it\/blog-it-it\/eventi-granada-it-it\/goditi-il-carnevale-a-granada\/#breadcrumb"},"inLanguage":"it-IT","potentialAction":[{"@type":"ReadAction","target":["https:\/\/www.inmsol.com\/it\/blog-it-it\/eventi-granada-it-it\/goditi-il-carnevale-a-granada\/"]}]},{"@type":"ImageObject","inLanguage":"it-IT","@id":"https:\/\/www.inmsol.com\/it\/blog-it-it\/eventi-granada-it-it\/goditi-il-carnevale-a-granada\/#primaryimage","url":"https:\/\/www.inmsol.com\/wp-content\/uploads\/2018\/02\/disfruta-del-carnaval-en-granada-blog-eventos-granada-scaled.jpg","contentUrl":"https:\/\/www.inmsol.com\/wp-content\/uploads\/2018\/02\/disfruta-del-carnaval-en-granada-blog-eventos-granada-scaled.jpg","width":2560,"height":1172},{"@type":"BreadcrumbList","@id":"https:\/\/www.inmsol.com\/it\/blog-it-it\/eventi-granada-it-it\/goditi-il-carnevale-a-granada\/#breadcrumb","itemListElement":[{"@type":"ListItem","position":1,"name":"Accredited Center by Instituto Cervantes","item":"https:\/\/www.inmsol.com\/it\/pagina-ejemplo\/"},{"@type":"ListItem","position":2,"name":"Blog","item":"https:\/\/www.inmsol.com\/it\/category\/blog-it-it\/"},{"@type":"ListItem","position":3,"name":"Eventi a Granada","item":"https:\/\/www.inmsol.com\/it\/category\/blog-it-it\/eventi-granada-it-it\/"},{"@type":"ListItem","position":4,"name":"Goditi il Carnevale a Granada"}]},{"@type":"WebSite","@id":"https:\/\/www.inmsol.com\/it\/#website","url":"https:\/\/www.inmsol.com\/it\/","name":"iNMSOL","description":"Impara lo spagnolo con noi - Centro di studio accreditato con l'Istituto Cervantes","publisher":{"@id":"https:\/\/www.inmsol.com\/it\/#organization"},"potentialAction":[{"@type":"SearchAction","target":{"@type":"EntryPoint","urlTemplate":"https:\/\/www.inmsol.com\/it\/?s={search_term_string}"},"query-input":{"@type":"PropertyValueSpecification","valueRequired":true,"valueName":"search_term_string"}}],"inLanguage":"it-IT"},{"@type":"Organization","@id":"https:\/\/www.inmsol.com\/it\/#organization","name":"Instituto Mediterr\u00e1neo Sol","url":"https:\/\/www.inmsol.com\/it\/","logo":{"@type":"ImageObject","inLanguage":"it-IT","@id":"https:\/\/www.inmsol.com\/it\/#\/schema\/logo\/image\/","url":"https:\/\/www.inmsol.com\/wp-content\/uploads\/2023\/06\/logo-inmsol-1.png","contentUrl":"https:\/\/www.inmsol.com\/wp-content\/uploads\/2023\/06\/logo-inmsol-1.png","width":136,"height":73,"caption":"Instituto Mediterr\u00e1neo Sol"},"image":{"@id":"https:\/\/www.inmsol.com\/it\/#\/schema\/logo\/image\/"},"sameAs":["https:\/\/www.facebook.com\/spanishcourses","https:\/\/x.com\/StudyInGranada","http:\/\/instagram.com\/imsolgranada","https:\/\/es.linkedin.com\/company\/imsol-granada","https:\/\/www.pinterest.es\/inmsol\/","https:\/\/www.youtube.com\/channel\/UChz-Qn_7coFMosY85iYMO4g"]},{"@type":"Person","@id":"https:\/\/www.inmsol.com\/it\/#\/schema\/person\/18f18acd0397ef441e373e79ec3eb6ea","name":"Javier Torres","image":{"@type":"ImageObject","inLanguage":"it-IT","@id":"https:\/\/secure.gravatar.com\/avatar\/90afa2d6499550218d247408758082af566e5ec3641e1b8eac0d7bb889344a55?s=96&d=mm&r=g","url":"https:\/\/secure.gravatar.com\/avatar\/90afa2d6499550218d247408758082af566e5ec3641e1b8eac0d7bb889344a55?s=96&d=mm&r=g","contentUrl":"https:\/\/secure.gravatar.com\/avatar\/90afa2d6499550218d247408758082af566e5ec3641e1b8eac0d7bb889344a55?s=96&d=mm&r=g","caption":"Javier Torres"},"url":"https:\/\/www.inmsol.com\/it\/author\/javier\/"}]}},"_links":{"self":[{"href":"https:\/\/www.inmsol.com\/it\/wp-json\/wp\/v2\/posts\/34435","targetHints":{"allow":["GET"]}}],"collection":[{"href":"https:\/\/www.inmsol.com\/it\/wp-json\/wp\/v2\/posts"}],"about":[{"href":"https:\/\/www.inmsol.com\/it\/wp-json\/wp\/v2\/types\/post"}],"author":[{"embeddable":true,"href":"https:\/\/www.inmsol.com\/it\/wp-json\/wp\/v2\/users\/2"}],"replies":[{"embeddable":true,"href":"https:\/\/www.inmsol.com\/it\/wp-json\/wp\/v2\/comments?post=34435"}],"version-history":[{"count":0,"href":"https:\/\/www.inmsol.com\/it\/wp-json\/wp\/v2\/posts\/34435\/revisions"}],"wp:featuredmedia":[{"embeddable":true,"href":"https:\/\/www.inmsol.com\/it\/wp-json\/wp\/v2\/media\/86570"}],"wp:attachment":[{"href":"https:\/\/www.inmsol.com\/it\/wp-json\/wp\/v2\/media?parent=34435"}],"wp:term":[{"taxonomy":"category","embeddable":true,"href":"https:\/\/www.inmsol.com\/it\/wp-json\/wp\/v2\/categories?post=34435"},{"taxonomy":"post_tag","embeddable":true,"href":"https:\/\/www.inmsol.com\/it\/wp-json\/wp\/v2\/tags?post=34435"}],"curies":[{"name":"wp","href":"https:\/\/api.w.org\/{rel}","templated":true}]}}