{"id":35268,"date":"2018-04-23T12:01:03","date_gmt":"2018-04-23T10:01:03","guid":{"rendered":"https:\/\/www.inmsol.com\/blog-it-it\/buona-giornata-del-libro-2018\/"},"modified":"2021-09-29T09:44:53","modified_gmt":"2021-09-29T07:44:53","slug":"buona-giornata-del-libro-2018","status":"publish","type":"post","link":"https:\/\/www.inmsol.com\/it\/blog-it-it\/eventi-granada-it-it\/buona-giornata-del-libro-2018\/","title":{"rendered":"Buona Giornata del Libro 2018"},"content":{"rendered":"<p>Il giorno 23 aprile si celebra, in tutto il mondo, la Giornata Mondiale del Libro e del Diritto d\u2019Autore, e Granada ne approfitta per dare spazio alla cultura ancora una volta, proponendo un programma che ruota intorno al mezzo di comunicazione per eccellenza.<\/p>\n<p>&nbsp;<\/p>\n<h3>Com\u2019\u00e8 nata la Giornata del Libro e del Diritto d\u2019Autore?<\/h3>\n<p>&nbsp;<\/p>\n<p><img fetchpriority=\"high\" decoding=\"async\" class=\"alignnone size-full wp-image-58409 alignleft\" src=\"https:\/\/www.inmsol.com\/wp-content\/uploads\/2018\/04\/wbd-web-467x300-en.jpg\" alt=\"\" width=\"467\" height=\"300\" srcset=\"https:\/\/www.inmsol.com\/wp-content\/uploads\/2018\/04\/wbd-web-467x300-en.jpg 467w, https:\/\/www.inmsol.com\/wp-content\/uploads\/2018\/04\/wbd-web-467x300-en-64x41.jpg 64w, https:\/\/www.inmsol.com\/wp-content\/uploads\/2018\/04\/wbd-web-467x300-en-460x296.jpg 460w, https:\/\/www.inmsol.com\/wp-content\/uploads\/2018\/04\/wbd-web-467x300-en-250x161.jpg 250w\" sizes=\"(max-width: 467px) 100vw, 467px\" \/><\/p>\n<p>L\u2019<a href=\"https:\/\/www.diadellibro.eu\/origenes-dia-del-libro.html\" target=\"_blank\" rel=\"noopener\">origine<\/a> della <a href=\"https:\/\/www.diadellibro.eu\/\" target=\"_blank\" rel=\"noopener\">Giornata del Libro<\/a> risale al 6 febbraio del 1926, quando il re Alfonso XIII di Spagna firm\u00f2 il Decreto Reale del Giorno del Libro, scritto in Catalunia dallo scrittore valenziano <a href=\"https:\/\/www.diadellibro.eu\/vicente-clavel.html\" target=\"_blank\" rel=\"noopener\">Vicente Clavel Andr\u00e9s<\/a>.<\/p>\n<p>Anche se in quell\u2019anno, e in quelli a seguire, questo evento culturale venne celebrato il 7 ottobre, a partire dal 1930 fu scelto definitivamente il 23 aprile come Giorno del Libro: giorno di <a href=\"https:\/\/www.diadellibro.eu\/sant-jordi\/\" target=\"_blank\" rel=\"noopener\">San Jordi<\/a> (patrono della Catalunia, ma anche di molti altri paesi, come l\u2019Inghilterra e il Portogallo), e giorno in cui, nel 1616, vennero a mancare gli scrittori Miguel de Cervantes,William Shakespeare e Inca Garcilaso de la Vega.<\/p>\n<p>Per questa ragione, nel 1995, sotto la proposta presentata dall\u2019UTE e dal governo spagnolo, la UNESCO stabil\u00ec questa data cos\u00ec simbolica per la letteratura come data ufficiale per celebrare la Giornata del Libro e del Diritto d\u2019Autore, al fine di rendere omaggio ai libri e ai loro auyori, oltre a sottolineare l\u2019importanza della letteratura, soprattutto per i giovani.<\/p>\n<p>Secondo la tradizione, specialmente nelle citt\u00e0 catalane, come Barcellona, in questo giorno speciale gli innamorati e le persone che si vogliono bene si scambiano libri e rose rosse. Per questo motivo, spesso, questo giorno \u00e8 conosciuto anche come il Giorno del Libro e della Rosa.<\/p>\n<p>&nbsp;<\/p>\n<h3>La 37<sup>a<\/sup> Feria del Libro di Granada<\/h3>\n<p>&nbsp;<\/p>\n<p><img decoding=\"async\" class=\" wp-image-58410 alignleft\" src=\"https:\/\/www.inmsol.com\/wp-content\/uploads\/2018\/04\/flg_docu-624x316.jpg\" alt=\"\" width=\"602\" height=\"305\" srcset=\"https:\/\/www.inmsol.com\/wp-content\/uploads\/2018\/04\/flg_docu-624x316.jpg 624w, https:\/\/www.inmsol.com\/wp-content\/uploads\/2018\/04\/flg_docu-624x316-64x32.jpg 64w, https:\/\/www.inmsol.com\/wp-content\/uploads\/2018\/04\/flg_docu-624x316-600x304.jpg 600w, https:\/\/www.inmsol.com\/wp-content\/uploads\/2018\/04\/flg_docu-624x316-460x233.jpg 460w, https:\/\/www.inmsol.com\/wp-content\/uploads\/2018\/04\/flg_docu-624x316-250x127.jpg 250w\" sizes=\"(max-width: 602px) 100vw, 602px\" \/><\/p>\n<p>Cominciata il 20 aprile, la <a href=\"http:\/\/www.ferialibrogranada.org\/\" target=\"_blank\" rel=\"noopener\">37\u00b0 Feria del Libro di Granada<\/a> si svolger\u00e0 fino al giorno 29, con esposizioni, attivit\u00e0 e pi\u00f9 di 250 eventi sul tema \u201cpersonaggi inventati\u201d, protagonisti dell\u2019edizione di quest\u2019anno, che vede circa 150 autori impegnati in presentazioni, discorsi e letture pubbliche.<\/p>\n<p>Percorrendo la Carrera de la Virgen, dalla Fuente de las Batallas a la Fuente de las Granadas, \u00e8 possibile incontrare espositori che resteranno aperti dal luned\u00ec al gioved\u00ec, dalle ore 11:00 alle 14:30 e dalle 17:30 alle 21:30; di venerd\u00ec, dalle 11:00 alle 14:30 e dalle 17:30 alle 22:00; e di sabato e domenica dalle 11:00 alle 15:00 e dalle 17:30 alle 22:00.<\/p>\n<p>Inoltre, consultando il sito Web ufficiale della Feria, potrai conoscere tutte le informazioni utili riguardo la programmazione specifica dei cicli organizzati, come Lorca, Morte di un Poeta, Granada Ispira, l\u2019esposizione Asterix e Obelix, e le Passeggiate Letterarie, oltre ad una programmazione dedicata prettamente ai bambini.<\/p>\n<p>Per di pi\u00f9, per il ciclo Cultura per Libri, per l\u2019acquisto di un libro (del valore superiore a 12\u20ac) in qualsiasi stand della #FLG2018, potrai ricevere biglietti omaggio per spettacoli e siti turistici. Per maggiori informazioni sulla programmazione, clicca qui.<\/p>\n<p>Infine, participando al concorso &#8220;selfie de ficci\u00f3n&#8221;,potrai vincere un bel po\u2019 di libri!<\/p>\n<p>&nbsp;<\/p>\n<p>Se studi a <a href=\"https:\/\/www.inmsol.com\/it\/granada-andalusia\/\" target=\"_blank\" rel=\"noopener\">Granada<\/a> in questi giorni, o se sei un amante dei libri e della letteratura, non perdere questo evento, e goditi quella che pu\u00f2 essere considerata una delle settimane granadine dedicate alla cultura pi\u00f9 importanti di tutto l\u2019anno!<\/p>\n","protected":false},"excerpt":{"rendered":"<p>Dal 20 al 29 aprile, Granada celebra la Giornata Mondiale del Libro e del Diritto d\u2019Autore 2018 con un programma dedicato ai libri, agli scrittori e alle scrittrici, e alla letteratura.<\/p>\n","protected":false},"author":3,"featured_media":35258,"comment_status":"closed","ping_status":"closed","sticky":false,"template":"","format":"standard","meta":{"_acf_changed":false,"footnotes":""},"categories":[32],"tags":[],"class_list":["post-35268","post","type-post","status-publish","format-standard","has-post-thumbnail","hentry","category-eventi-granada-it-it"],"acf":[],"yoast_head":"<!-- This site is optimized with the Yoast SEO plugin v27.5 - https:\/\/yoast.com\/product\/yoast-seo-wordpress\/ -->\n<title>Buona Giornata del Libro 2018 &#8226; iNMSOL<\/title>\n<meta name=\"robots\" content=\"index, follow, max-snippet:-1, max-image-preview:large, max-video-preview:-1\" \/>\n<link rel=\"canonical\" href=\"https:\/\/www.inmsol.com\/it\/blog-it-it\/eventi-granada-it-it\/buona-giornata-del-libro-2018\/\" \/>\n<meta property=\"og:locale\" content=\"it_IT\" \/>\n<meta property=\"og:type\" content=\"article\" \/>\n<meta property=\"og:title\" content=\"Buona Giornata del Libro 2018 &#8226; iNMSOL\" \/>\n<meta property=\"og:description\" content=\"Dal 20 al 29 aprile, Granada celebra la Giornata Mondiale del Libro e del Diritto d\u2019Autore 2018 con un programma dedicato ai libri, agli scrittori e alle scrittrici, e alla letteratura.\" \/>\n<meta property=\"og:url\" content=\"https:\/\/www.inmsol.com\/it\/blog-it-it\/eventi-granada-it-it\/buona-giornata-del-libro-2018\/\" \/>\n<meta property=\"og:site_name\" content=\"iNMSOL\" \/>\n<meta property=\"article:publisher\" content=\"https:\/\/www.facebook.com\/spanishcourses\" \/>\n<meta property=\"article:published_time\" content=\"2018-04-23T10:01:03+00:00\" \/>\n<meta property=\"article:modified_time\" content=\"2021-09-29T07:44:53+00:00\" \/>\n<meta property=\"og:image\" content=\"https:\/\/www.inmsol.com\/wp-content\/uploads\/2018\/04\/30742968_10155398068937823_7217452005579554816_n.jpg\" \/>\n\t<meta property=\"og:image:width\" content=\"640\" \/>\n\t<meta property=\"og:image:height\" content=\"460\" \/>\n\t<meta property=\"og:image:type\" content=\"image\/jpeg\" \/>\n<meta name=\"author\" content=\"- Instituto Mediterr\u00e1neo Sol\" \/>\n<meta name=\"twitter:label1\" content=\"Scritto da\" \/>\n\t<meta name=\"twitter:data1\" content=\"- Instituto Mediterr\u00e1neo Sol\" \/>\n\t<meta name=\"twitter:label2\" content=\"Tempo di lettura stimato\" \/>\n\t<meta name=\"twitter:data2\" content=\"3 minuti\" \/>\n<script type=\"application\/ld+json\" class=\"yoast-schema-graph\">{\"@context\":\"https:\\\/\\\/schema.org\",\"@graph\":[{\"@type\":\"Article\",\"@id\":\"https:\\\/\\\/www.inmsol.com\\\/it\\\/blog-it-it\\\/eventi-granada-it-it\\\/buona-giornata-del-libro-2018\\\/#article\",\"isPartOf\":{\"@id\":\"https:\\\/\\\/www.inmsol.com\\\/it\\\/blog-it-it\\\/eventi-granada-it-it\\\/buona-giornata-del-libro-2018\\\/\"},\"author\":{\"name\":\"- Instituto Mediterr\u00e1neo Sol\",\"@id\":\"https:\\\/\\\/www.inmsol.com\\\/it\\\/#\\\/schema\\\/person\\\/94a7a01d14a56d1fbc49c841ffc57fe9\"},\"headline\":\"Buona Giornata del Libro 2018\",\"datePublished\":\"2018-04-23T10:01:03+00:00\",\"dateModified\":\"2021-09-29T07:44:53+00:00\",\"mainEntityOfPage\":{\"@id\":\"https:\\\/\\\/www.inmsol.com\\\/it\\\/blog-it-it\\\/eventi-granada-it-it\\\/buona-giornata-del-libro-2018\\\/\"},\"wordCount\":512,\"publisher\":{\"@id\":\"https:\\\/\\\/www.inmsol.com\\\/it\\\/#organization\"},\"image\":{\"@id\":\"https:\\\/\\\/www.inmsol.com\\\/it\\\/blog-it-it\\\/eventi-granada-it-it\\\/buona-giornata-del-libro-2018\\\/#primaryimage\"},\"thumbnailUrl\":\"https:\\\/\\\/www.inmsol.com\\\/wp-content\\\/uploads\\\/2018\\\/04\\\/30742968_10155398068937823_7217452005579554816_n.jpg\",\"articleSection\":[\"Eventi a Granada\"],\"inLanguage\":\"it-IT\"},{\"@type\":\"WebPage\",\"@id\":\"https:\\\/\\\/www.inmsol.com\\\/it\\\/blog-it-it\\\/eventi-granada-it-it\\\/buona-giornata-del-libro-2018\\\/\",\"url\":\"https:\\\/\\\/www.inmsol.com\\\/it\\\/blog-it-it\\\/eventi-granada-it-it\\\/buona-giornata-del-libro-2018\\\/\",\"name\":\"Buona Giornata del Libro 2018 &#8226; iNMSOL\",\"isPartOf\":{\"@id\":\"https:\\\/\\\/www.inmsol.com\\\/it\\\/#website\"},\"primaryImageOfPage\":{\"@id\":\"https:\\\/\\\/www.inmsol.com\\\/it\\\/blog-it-it\\\/eventi-granada-it-it\\\/buona-giornata-del-libro-2018\\\/#primaryimage\"},\"image\":{\"@id\":\"https:\\\/\\\/www.inmsol.com\\\/it\\\/blog-it-it\\\/eventi-granada-it-it\\\/buona-giornata-del-libro-2018\\\/#primaryimage\"},\"thumbnailUrl\":\"https:\\\/\\\/www.inmsol.com\\\/wp-content\\\/uploads\\\/2018\\\/04\\\/30742968_10155398068937823_7217452005579554816_n.jpg\",\"datePublished\":\"2018-04-23T10:01:03+00:00\",\"dateModified\":\"2021-09-29T07:44:53+00:00\",\"breadcrumb\":{\"@id\":\"https:\\\/\\\/www.inmsol.com\\\/it\\\/blog-it-it\\\/eventi-granada-it-it\\\/buona-giornata-del-libro-2018\\\/#breadcrumb\"},\"inLanguage\":\"it-IT\",\"potentialAction\":[{\"@type\":\"ReadAction\",\"target\":[\"https:\\\/\\\/www.inmsol.com\\\/it\\\/blog-it-it\\\/eventi-granada-it-it\\\/buona-giornata-del-libro-2018\\\/\"]}]},{\"@type\":\"ImageObject\",\"inLanguage\":\"it-IT\",\"@id\":\"https:\\\/\\\/www.inmsol.com\\\/it\\\/blog-it-it\\\/eventi-granada-it-it\\\/buona-giornata-del-libro-2018\\\/#primaryimage\",\"url\":\"https:\\\/\\\/www.inmsol.com\\\/wp-content\\\/uploads\\\/2018\\\/04\\\/30742968_10155398068937823_7217452005579554816_n.jpg\",\"contentUrl\":\"https:\\\/\\\/www.inmsol.com\\\/wp-content\\\/uploads\\\/2018\\\/04\\\/30742968_10155398068937823_7217452005579554816_n.jpg\",\"width\":640,\"height\":460},{\"@type\":\"BreadcrumbList\",\"@id\":\"https:\\\/\\\/www.inmsol.com\\\/it\\\/blog-it-it\\\/eventi-granada-it-it\\\/buona-giornata-del-libro-2018\\\/#breadcrumb\",\"itemListElement\":[{\"@type\":\"ListItem\",\"position\":1,\"name\":\"Accredited Center by Instituto Cervantes\",\"item\":\"https:\\\/\\\/www.inmsol.com\\\/it\\\/pagina-ejemplo\\\/\"},{\"@type\":\"ListItem\",\"position\":2,\"name\":\"Blog\",\"item\":\"https:\\\/\\\/www.inmsol.com\\\/it\\\/category\\\/blog-it-it\\\/\"},{\"@type\":\"ListItem\",\"position\":3,\"name\":\"Eventi a Granada\",\"item\":\"https:\\\/\\\/www.inmsol.com\\\/it\\\/category\\\/blog-it-it\\\/eventi-granada-it-it\\\/\"},{\"@type\":\"ListItem\",\"position\":4,\"name\":\"Buona Giornata del Libro 2018\"}]},{\"@type\":\"WebSite\",\"@id\":\"https:\\\/\\\/www.inmsol.com\\\/it\\\/#website\",\"url\":\"https:\\\/\\\/www.inmsol.com\\\/it\\\/\",\"name\":\"iNMSOL\",\"description\":\"Impara lo spagnolo con noi - Centro di studio accreditato con l'Istituto Cervantes\",\"publisher\":{\"@id\":\"https:\\\/\\\/www.inmsol.com\\\/it\\\/#organization\"},\"potentialAction\":[{\"@type\":\"SearchAction\",\"target\":{\"@type\":\"EntryPoint\",\"urlTemplate\":\"https:\\\/\\\/www.inmsol.com\\\/it\\\/?s={search_term_string}\"},\"query-input\":{\"@type\":\"PropertyValueSpecification\",\"valueRequired\":true,\"valueName\":\"search_term_string\"}}],\"inLanguage\":\"it-IT\"},{\"@type\":\"Organization\",\"@id\":\"https:\\\/\\\/www.inmsol.com\\\/it\\\/#organization\",\"name\":\"Instituto Mediterr\u00e1neo Sol\",\"url\":\"https:\\\/\\\/www.inmsol.com\\\/it\\\/\",\"logo\":{\"@type\":\"ImageObject\",\"inLanguage\":\"it-IT\",\"@id\":\"https:\\\/\\\/www.inmsol.com\\\/it\\\/#\\\/schema\\\/logo\\\/image\\\/\",\"url\":\"https:\\\/\\\/www.inmsol.com\\\/wp-content\\\/uploads\\\/2023\\\/06\\\/logo-inmsol-1.png\",\"contentUrl\":\"https:\\\/\\\/www.inmsol.com\\\/wp-content\\\/uploads\\\/2023\\\/06\\\/logo-inmsol-1.png\",\"width\":136,\"height\":73,\"caption\":\"Instituto Mediterr\u00e1neo Sol\"},\"image\":{\"@id\":\"https:\\\/\\\/www.inmsol.com\\\/it\\\/#\\\/schema\\\/logo\\\/image\\\/\"},\"sameAs\":[\"https:\\\/\\\/www.facebook.com\\\/spanishcourses\",\"https:\\\/\\\/x.com\\\/StudyInGranada\",\"http:\\\/\\\/instagram.com\\\/imsolgranada\",\"https:\\\/\\\/es.linkedin.com\\\/company\\\/imsol-granada\",\"https:\\\/\\\/www.pinterest.es\\\/inmsol\\\/\",\"https:\\\/\\\/www.youtube.com\\\/channel\\\/UChz-Qn_7coFMosY85iYMO4g\"]},{\"@type\":\"Person\",\"@id\":\"https:\\\/\\\/www.inmsol.com\\\/it\\\/#\\\/schema\\\/person\\\/94a7a01d14a56d1fbc49c841ffc57fe9\",\"name\":\"- Instituto Mediterr\u00e1neo Sol\",\"image\":{\"@type\":\"ImageObject\",\"inLanguage\":\"it-IT\",\"@id\":\"https:\\\/\\\/secure.gravatar.com\\\/avatar\\\/5607fdabdf1b548b6095cc3d43079829bc1497403e70dd34004e7204a8fef62b?s=96&d=mm&r=g\",\"url\":\"https:\\\/\\\/secure.gravatar.com\\\/avatar\\\/5607fdabdf1b548b6095cc3d43079829bc1497403e70dd34004e7204a8fef62b?s=96&d=mm&r=g\",\"contentUrl\":\"https:\\\/\\\/secure.gravatar.com\\\/avatar\\\/5607fdabdf1b548b6095cc3d43079829bc1497403e70dd34004e7204a8fef62b?s=96&d=mm&r=g\",\"caption\":\"- Instituto Mediterr\u00e1neo Sol\"},\"url\":\"https:\\\/\\\/www.inmsol.com\\\/it\\\/author\\\/laura\\\/\"}]}<\/script>\n<!-- \/ Yoast SEO plugin. -->","yoast_head_json":{"title":"Buona Giornata del Libro 2018 &#8226; iNMSOL","robots":{"index":"index","follow":"follow","max-snippet":"max-snippet:-1","max-image-preview":"max-image-preview:large","max-video-preview":"max-video-preview:-1"},"canonical":"https:\/\/www.inmsol.com\/it\/blog-it-it\/eventi-granada-it-it\/buona-giornata-del-libro-2018\/","og_locale":"it_IT","og_type":"article","og_title":"Buona Giornata del Libro 2018 &#8226; iNMSOL","og_description":"Dal 20 al 29 aprile, Granada celebra la Giornata Mondiale del Libro e del Diritto d\u2019Autore 2018 con un programma dedicato ai libri, agli scrittori e alle scrittrici, e alla letteratura.","og_url":"https:\/\/www.inmsol.com\/it\/blog-it-it\/eventi-granada-it-it\/buona-giornata-del-libro-2018\/","og_site_name":"iNMSOL","article_publisher":"https:\/\/www.facebook.com\/spanishcourses","article_published_time":"2018-04-23T10:01:03+00:00","article_modified_time":"2021-09-29T07:44:53+00:00","og_image":[{"width":640,"height":460,"url":"https:\/\/www.inmsol.com\/wp-content\/uploads\/2018\/04\/30742968_10155398068937823_7217452005579554816_n.jpg","type":"image\/jpeg"}],"author":"- Instituto Mediterr\u00e1neo Sol","twitter_misc":{"Scritto da":"- Instituto Mediterr\u00e1neo Sol","Tempo di lettura stimato":"3 minuti"},"schema":{"@context":"https:\/\/schema.org","@graph":[{"@type":"Article","@id":"https:\/\/www.inmsol.com\/it\/blog-it-it\/eventi-granada-it-it\/buona-giornata-del-libro-2018\/#article","isPartOf":{"@id":"https:\/\/www.inmsol.com\/it\/blog-it-it\/eventi-granada-it-it\/buona-giornata-del-libro-2018\/"},"author":{"name":"- Instituto Mediterr\u00e1neo Sol","@id":"https:\/\/www.inmsol.com\/it\/#\/schema\/person\/94a7a01d14a56d1fbc49c841ffc57fe9"},"headline":"Buona Giornata del Libro 2018","datePublished":"2018-04-23T10:01:03+00:00","dateModified":"2021-09-29T07:44:53+00:00","mainEntityOfPage":{"@id":"https:\/\/www.inmsol.com\/it\/blog-it-it\/eventi-granada-it-it\/buona-giornata-del-libro-2018\/"},"wordCount":512,"publisher":{"@id":"https:\/\/www.inmsol.com\/it\/#organization"},"image":{"@id":"https:\/\/www.inmsol.com\/it\/blog-it-it\/eventi-granada-it-it\/buona-giornata-del-libro-2018\/#primaryimage"},"thumbnailUrl":"https:\/\/www.inmsol.com\/wp-content\/uploads\/2018\/04\/30742968_10155398068937823_7217452005579554816_n.jpg","articleSection":["Eventi a Granada"],"inLanguage":"it-IT"},{"@type":"WebPage","@id":"https:\/\/www.inmsol.com\/it\/blog-it-it\/eventi-granada-it-it\/buona-giornata-del-libro-2018\/","url":"https:\/\/www.inmsol.com\/it\/blog-it-it\/eventi-granada-it-it\/buona-giornata-del-libro-2018\/","name":"Buona Giornata del Libro 2018 &#8226; iNMSOL","isPartOf":{"@id":"https:\/\/www.inmsol.com\/it\/#website"},"primaryImageOfPage":{"@id":"https:\/\/www.inmsol.com\/it\/blog-it-it\/eventi-granada-it-it\/buona-giornata-del-libro-2018\/#primaryimage"},"image":{"@id":"https:\/\/www.inmsol.com\/it\/blog-it-it\/eventi-granada-it-it\/buona-giornata-del-libro-2018\/#primaryimage"},"thumbnailUrl":"https:\/\/www.inmsol.com\/wp-content\/uploads\/2018\/04\/30742968_10155398068937823_7217452005579554816_n.jpg","datePublished":"2018-04-23T10:01:03+00:00","dateModified":"2021-09-29T07:44:53+00:00","breadcrumb":{"@id":"https:\/\/www.inmsol.com\/it\/blog-it-it\/eventi-granada-it-it\/buona-giornata-del-libro-2018\/#breadcrumb"},"inLanguage":"it-IT","potentialAction":[{"@type":"ReadAction","target":["https:\/\/www.inmsol.com\/it\/blog-it-it\/eventi-granada-it-it\/buona-giornata-del-libro-2018\/"]}]},{"@type":"ImageObject","inLanguage":"it-IT","@id":"https:\/\/www.inmsol.com\/it\/blog-it-it\/eventi-granada-it-it\/buona-giornata-del-libro-2018\/#primaryimage","url":"https:\/\/www.inmsol.com\/wp-content\/uploads\/2018\/04\/30742968_10155398068937823_7217452005579554816_n.jpg","contentUrl":"https:\/\/www.inmsol.com\/wp-content\/uploads\/2018\/04\/30742968_10155398068937823_7217452005579554816_n.jpg","width":640,"height":460},{"@type":"BreadcrumbList","@id":"https:\/\/www.inmsol.com\/it\/blog-it-it\/eventi-granada-it-it\/buona-giornata-del-libro-2018\/#breadcrumb","itemListElement":[{"@type":"ListItem","position":1,"name":"Accredited Center by Instituto Cervantes","item":"https:\/\/www.inmsol.com\/it\/pagina-ejemplo\/"},{"@type":"ListItem","position":2,"name":"Blog","item":"https:\/\/www.inmsol.com\/it\/category\/blog-it-it\/"},{"@type":"ListItem","position":3,"name":"Eventi a Granada","item":"https:\/\/www.inmsol.com\/it\/category\/blog-it-it\/eventi-granada-it-it\/"},{"@type":"ListItem","position":4,"name":"Buona Giornata del Libro 2018"}]},{"@type":"WebSite","@id":"https:\/\/www.inmsol.com\/it\/#website","url":"https:\/\/www.inmsol.com\/it\/","name":"iNMSOL","description":"Impara lo spagnolo con noi - Centro di studio accreditato con l'Istituto Cervantes","publisher":{"@id":"https:\/\/www.inmsol.com\/it\/#organization"},"potentialAction":[{"@type":"SearchAction","target":{"@type":"EntryPoint","urlTemplate":"https:\/\/www.inmsol.com\/it\/?s={search_term_string}"},"query-input":{"@type":"PropertyValueSpecification","valueRequired":true,"valueName":"search_term_string"}}],"inLanguage":"it-IT"},{"@type":"Organization","@id":"https:\/\/www.inmsol.com\/it\/#organization","name":"Instituto Mediterr\u00e1neo Sol","url":"https:\/\/www.inmsol.com\/it\/","logo":{"@type":"ImageObject","inLanguage":"it-IT","@id":"https:\/\/www.inmsol.com\/it\/#\/schema\/logo\/image\/","url":"https:\/\/www.inmsol.com\/wp-content\/uploads\/2023\/06\/logo-inmsol-1.png","contentUrl":"https:\/\/www.inmsol.com\/wp-content\/uploads\/2023\/06\/logo-inmsol-1.png","width":136,"height":73,"caption":"Instituto Mediterr\u00e1neo Sol"},"image":{"@id":"https:\/\/www.inmsol.com\/it\/#\/schema\/logo\/image\/"},"sameAs":["https:\/\/www.facebook.com\/spanishcourses","https:\/\/x.com\/StudyInGranada","http:\/\/instagram.com\/imsolgranada","https:\/\/es.linkedin.com\/company\/imsol-granada","https:\/\/www.pinterest.es\/inmsol\/","https:\/\/www.youtube.com\/channel\/UChz-Qn_7coFMosY85iYMO4g"]},{"@type":"Person","@id":"https:\/\/www.inmsol.com\/it\/#\/schema\/person\/94a7a01d14a56d1fbc49c841ffc57fe9","name":"- Instituto Mediterr\u00e1neo Sol","image":{"@type":"ImageObject","inLanguage":"it-IT","@id":"https:\/\/secure.gravatar.com\/avatar\/5607fdabdf1b548b6095cc3d43079829bc1497403e70dd34004e7204a8fef62b?s=96&d=mm&r=g","url":"https:\/\/secure.gravatar.com\/avatar\/5607fdabdf1b548b6095cc3d43079829bc1497403e70dd34004e7204a8fef62b?s=96&d=mm&r=g","contentUrl":"https:\/\/secure.gravatar.com\/avatar\/5607fdabdf1b548b6095cc3d43079829bc1497403e70dd34004e7204a8fef62b?s=96&d=mm&r=g","caption":"- Instituto Mediterr\u00e1neo Sol"},"url":"https:\/\/www.inmsol.com\/it\/author\/laura\/"}]}},"_links":{"self":[{"href":"https:\/\/www.inmsol.com\/it\/wp-json\/wp\/v2\/posts\/35268","targetHints":{"allow":["GET"]}}],"collection":[{"href":"https:\/\/www.inmsol.com\/it\/wp-json\/wp\/v2\/posts"}],"about":[{"href":"https:\/\/www.inmsol.com\/it\/wp-json\/wp\/v2\/types\/post"}],"author":[{"embeddable":true,"href":"https:\/\/www.inmsol.com\/it\/wp-json\/wp\/v2\/users\/3"}],"replies":[{"embeddable":true,"href":"https:\/\/www.inmsol.com\/it\/wp-json\/wp\/v2\/comments?post=35268"}],"version-history":[{"count":0,"href":"https:\/\/www.inmsol.com\/it\/wp-json\/wp\/v2\/posts\/35268\/revisions"}],"wp:featuredmedia":[{"embeddable":true,"href":"https:\/\/www.inmsol.com\/it\/wp-json\/wp\/v2\/media\/35258"}],"wp:attachment":[{"href":"https:\/\/www.inmsol.com\/it\/wp-json\/wp\/v2\/media?parent=35268"}],"wp:term":[{"taxonomy":"category","embeddable":true,"href":"https:\/\/www.inmsol.com\/it\/wp-json\/wp\/v2\/categories?post=35268"},{"taxonomy":"post_tag","embeddable":true,"href":"https:\/\/www.inmsol.com\/it\/wp-json\/wp\/v2\/tags?post=35268"}],"curies":[{"name":"wp","href":"https:\/\/api.w.org\/{rel}","templated":true}]}}