{"id":45464,"date":"2019-08-13T12:52:48","date_gmt":"2019-08-13T10:52:48","guid":{"rendered":"https:\/\/www.inmsol.com\/blog-it-it\/martedi-13-un-giorno-sfortunato\/"},"modified":"2019-08-13T12:54:57","modified_gmt":"2019-08-13T10:54:57","slug":"martedi-13-un-giorno-sfortunato","status":"publish","type":"post","link":"https:\/\/www.inmsol.com\/it\/blog-it-it\/cultura-letteratura-storia-spagna\/martedi-13-un-giorno-sfortunato\/","title":{"rendered":"Marted\u00ec 13: un giorno sfortunato?"},"content":{"rendered":"<p><em>En martes, ni te cases, ni te embarques, ni de tu casa te apartes<\/em>. (Il marted\u00ec, non sposarti, n\u00e9 imbarcarti, n\u00e9 uscire di casa.)<\/p>\n<p>Questo antico detto spagnolo riflette in parte una tipica superstizione della Spagna e dei paesi ispanici (Cuba, Uruguay, Paraguay, Argentina, Cile, Per\u00f9, Venezuela, Messico, Colombia, Ecuador), che considera marted\u00ec 13 come un giorno di sfortuna e sventure .<\/p>\n<p>Nelle culture anglosassoni \u00e8 passato a venerd\u00ec 13, mentre in Italia il giorno della sfortuna \u00e8 venerd\u00ec 17.<\/p>\n<p>L&#8217;associazione del marted\u00ec alla sfortuna deriva dal fatto che Marte era il dio romano della guerra, ed \u00e8 per questo che l&#8217;omonimo pianeta \u00e8 considerato una terra di distruzione, sangue e violenza.<\/p>\n<p>Per quanto riguarda il numero tredici, ci sono diversi motivi per cui \u00e8 legato alla sfortuna. Infatti \u00e8 un numero che appare in leggende ed eventi tragici.<\/p>\n<p>Ad esempio, le persone presenti all&#8217;Ultima Cena erano tredici (dodici apostoli pi\u00f9 Ges\u00f9). C&#8217;erano anche tredici spiriti maligni secondo la Cabala ebraica ed era nel tredicesimo capitolo dell&#8217;Apocalisse che arriv\u00f2 l&#8217;anticristo. Sempre nei tarocchi, la carta associata alla morte porta il numero 13. Infine, una leggenda dice che la confusione delle lingue nella Torre di Babele ebbe luogo marted\u00ec 13.<\/p>\n<p>Tuttavia, il momento in cui marted\u00ec 13 \u00e8 diventato il giorno della sfortuna \u00e8 stato probabilmente quello della caduta dell&#8217;Impero Romano a Costantinopoli nel maggio 1453, un evento fatale per i cristiani, che si \u00e8 verificato esattamente marted\u00ec 13.<\/p>\n<p>Nonostante tutti gli elementi negativi relativi a questa data, per alcune persone questo \u00e8 un giorno di buona fortuna, durante il quale scommettono su quel numero nel gioco d&#8217;azzardo.<\/p>\n<p>Tra l\u2019altro, in questa data si sono verificati anche eventi positivi.<\/p>\n<p><a href=\"https:\/\/www.inmsol.com\/wp-content\/uploads\/2019\/08\/Martes-13-II.png\"><img fetchpriority=\"high\" decoding=\"async\" class=\"aligncenter wp-image-45456 size-full\" title=\"Marted\u00ec 13\" src=\"https:\/\/www.inmsol.com\/wp-content\/uploads\/2019\/08\/Martes-13-II.png\" alt=\"Marted\u00ec 13\" width=\"1000\" height=\"580\" srcset=\"https:\/\/www.inmsol.com\/wp-content\/uploads\/2019\/08\/Martes-13-II.png 1000w, https:\/\/www.inmsol.com\/wp-content\/uploads\/2019\/08\/Martes-13-II-800x464.png 800w, https:\/\/www.inmsol.com\/wp-content\/uploads\/2019\/08\/Martes-13-II-64x37.png 64w, https:\/\/www.inmsol.com\/wp-content\/uploads\/2019\/08\/Martes-13-II-460x267.png 460w, https:\/\/www.inmsol.com\/wp-content\/uploads\/2019\/08\/Martes-13-II-768x445.png 768w, https:\/\/www.inmsol.com\/wp-content\/uploads\/2019\/08\/Martes-13-II-250x145.png 250w, https:\/\/www.inmsol.com\/wp-content\/uploads\/2019\/08\/Martes-13-II-600x348.png 600w\" sizes=\"(max-width: 1000px) 100vw, 1000px\" \/><\/a><\/p>\n<p>Ad esempio, due anni fa il telescopio Hubble ha osservato la rinascita delle stelle in un lampo, fornendo una visione pi\u00f9 profonda dell&#8217;evoluzione delle stelle centrali delle nebulose planetarie.<\/p>\n<p>Marted\u00ec 13, sono riusciti a fermare la febbre gialla, che in Angola e nel R.D. aveva causato oltre 200 morti.<\/p>\n<p>Infine, questo giorno il leader delle FARC Rodrigo Londo\u00f1o Echeverri &#8220;Timochenko&#8221; \u00e8 arrivato in Colombia e ha raggiunto un accordo di pace con il governo, il che significava una pace storica nel paese.<\/p>\n<p>Per questo motivo crediamo che qualcosa di eccezionale possa accaderci oggi, contro ogni previsione. La fortuna \u00e8 sempre imprevedibile e ci sorprende nei momenti pi\u00f9 inaspettati.<\/p>\n<p>iNMSOL vi augura una giornata piena di buone notizie ed eventi fantastici!<\/p>\n","protected":false},"excerpt":{"rendered":"<p>En martes, ni te cases, ni te embarques, ni de tu casa te apartes. (Il marted\u00ec, non sposarti, n\u00e9 imbarcarti, n\u00e9 uscire di casa.) Questo antico detto spagnolo riflette in parte una tipica superstizione della Spagna e dei paesi ispanici (Cuba, Uruguay, Paraguay, Argentina, Cile,&#8230;<\/p>\n","protected":false},"author":3,"featured_media":45449,"comment_status":"closed","ping_status":"closed","sticky":false,"template":"","format":"standard","meta":{"_acf_changed":false,"footnotes":""},"categories":[34],"tags":[],"class_list":["post-45464","post","type-post","status-publish","format-standard","has-post-thumbnail","hentry","category-cultura-letteratura-storia-spagna"],"acf":[],"yoast_head":"<!-- This site is optimized with the Yoast SEO plugin v27.5 - https:\/\/yoast.com\/product\/yoast-seo-wordpress\/ -->\n<title>Marted\u00ec 13: un giorno sfortunato? Marted\u00ec 13<\/title>\n<meta name=\"description\" content=\"La Spagna e i paesi ispanici considerano marted\u00ec 13 un giorno sfortunato. Tutto ha avuto inizio con la caduta dell&#039;Impero Romano a Costantinopoli.\" \/>\n<meta name=\"robots\" content=\"index, follow, max-snippet:-1, max-image-preview:large, max-video-preview:-1\" \/>\n<link rel=\"canonical\" href=\"https:\/\/www.inmsol.com\/it\/blog-it-it\/cultura-letteratura-storia-spagna\/martedi-13-un-giorno-sfortunato\/\" \/>\n<meta property=\"og:locale\" content=\"it_IT\" \/>\n<meta property=\"og:type\" content=\"article\" \/>\n<meta property=\"og:title\" content=\"Marted\u00ec 13: un giorno sfortunato? Marted\u00ec 13\" \/>\n<meta property=\"og:description\" content=\"La Spagna e i paesi ispanici considerano marted\u00ec 13 un giorno sfortunato. Tutto ha avuto inizio con la caduta dell&#039;Impero Romano a Costantinopoli.\" \/>\n<meta property=\"og:url\" content=\"https:\/\/www.inmsol.com\/it\/blog-it-it\/cultura-letteratura-storia-spagna\/martedi-13-un-giorno-sfortunato\/\" \/>\n<meta property=\"og:site_name\" content=\"iNMSOL\" \/>\n<meta property=\"article:publisher\" content=\"https:\/\/www.facebook.com\/spanishcourses\" \/>\n<meta property=\"article:published_time\" content=\"2019-08-13T10:52:48+00:00\" \/>\n<meta property=\"article:modified_time\" content=\"2019-08-13T10:54:57+00:00\" \/>\n<meta property=\"og:image\" content=\"https:\/\/www.inmsol.com\/wp-content\/uploads\/2019\/08\/Martes-13.jpg\" \/>\n\t<meta property=\"og:image:width\" content=\"1000\" \/>\n\t<meta property=\"og:image:height\" content=\"559\" \/>\n\t<meta property=\"og:image:type\" content=\"image\/jpeg\" \/>\n<meta name=\"author\" content=\"- Instituto Mediterr\u00e1neo Sol\" \/>\n<meta name=\"twitter:label1\" content=\"Scritto da\" \/>\n\t<meta name=\"twitter:data1\" content=\"- Instituto Mediterr\u00e1neo Sol\" \/>\n\t<meta name=\"twitter:label2\" content=\"Tempo di lettura stimato\" \/>\n\t<meta name=\"twitter:data2\" content=\"2 minuti\" \/>\n<script type=\"application\/ld+json\" class=\"yoast-schema-graph\">{\"@context\":\"https:\\\/\\\/schema.org\",\"@graph\":[{\"@type\":\"Article\",\"@id\":\"https:\\\/\\\/www.inmsol.com\\\/it\\\/blog-it-it\\\/cultura-letteratura-storia-spagna\\\/martedi-13-un-giorno-sfortunato\\\/#article\",\"isPartOf\":{\"@id\":\"https:\\\/\\\/www.inmsol.com\\\/it\\\/blog-it-it\\\/cultura-letteratura-storia-spagna\\\/martedi-13-un-giorno-sfortunato\\\/\"},\"author\":{\"name\":\"- Instituto Mediterr\u00e1neo Sol\",\"@id\":\"https:\\\/\\\/www.inmsol.com\\\/it\\\/#\\\/schema\\\/person\\\/94a7a01d14a56d1fbc49c841ffc57fe9\"},\"headline\":\"Marted\u00ec 13: un giorno sfortunato?\",\"datePublished\":\"2019-08-13T10:52:48+00:00\",\"dateModified\":\"2019-08-13T10:54:57+00:00\",\"mainEntityOfPage\":{\"@id\":\"https:\\\/\\\/www.inmsol.com\\\/it\\\/blog-it-it\\\/cultura-letteratura-storia-spagna\\\/martedi-13-un-giorno-sfortunato\\\/\"},\"wordCount\":391,\"publisher\":{\"@id\":\"https:\\\/\\\/www.inmsol.com\\\/it\\\/#organization\"},\"image\":{\"@id\":\"https:\\\/\\\/www.inmsol.com\\\/it\\\/blog-it-it\\\/cultura-letteratura-storia-spagna\\\/martedi-13-un-giorno-sfortunato\\\/#primaryimage\"},\"thumbnailUrl\":\"https:\\\/\\\/www.inmsol.com\\\/wp-content\\\/uploads\\\/2019\\\/08\\\/Martes-13.jpg\",\"articleSection\":[\"Cultura, Letteratura e Storia della Spagna e Latinoamerica\"],\"inLanguage\":\"it-IT\"},{\"@type\":\"WebPage\",\"@id\":\"https:\\\/\\\/www.inmsol.com\\\/it\\\/blog-it-it\\\/cultura-letteratura-storia-spagna\\\/martedi-13-un-giorno-sfortunato\\\/\",\"url\":\"https:\\\/\\\/www.inmsol.com\\\/it\\\/blog-it-it\\\/cultura-letteratura-storia-spagna\\\/martedi-13-un-giorno-sfortunato\\\/\",\"name\":\"Marted\u00ec 13: un giorno sfortunato? Marted\u00ec 13\",\"isPartOf\":{\"@id\":\"https:\\\/\\\/www.inmsol.com\\\/it\\\/#website\"},\"primaryImageOfPage\":{\"@id\":\"https:\\\/\\\/www.inmsol.com\\\/it\\\/blog-it-it\\\/cultura-letteratura-storia-spagna\\\/martedi-13-un-giorno-sfortunato\\\/#primaryimage\"},\"image\":{\"@id\":\"https:\\\/\\\/www.inmsol.com\\\/it\\\/blog-it-it\\\/cultura-letteratura-storia-spagna\\\/martedi-13-un-giorno-sfortunato\\\/#primaryimage\"},\"thumbnailUrl\":\"https:\\\/\\\/www.inmsol.com\\\/wp-content\\\/uploads\\\/2019\\\/08\\\/Martes-13.jpg\",\"datePublished\":\"2019-08-13T10:52:48+00:00\",\"dateModified\":\"2019-08-13T10:54:57+00:00\",\"description\":\"La Spagna e i paesi ispanici considerano marted\u00ec 13 un giorno sfortunato. Tutto ha avuto inizio con la caduta dell'Impero Romano a Costantinopoli.\",\"breadcrumb\":{\"@id\":\"https:\\\/\\\/www.inmsol.com\\\/it\\\/blog-it-it\\\/cultura-letteratura-storia-spagna\\\/martedi-13-un-giorno-sfortunato\\\/#breadcrumb\"},\"inLanguage\":\"it-IT\",\"potentialAction\":[{\"@type\":\"ReadAction\",\"target\":[\"https:\\\/\\\/www.inmsol.com\\\/it\\\/blog-it-it\\\/cultura-letteratura-storia-spagna\\\/martedi-13-un-giorno-sfortunato\\\/\"]}]},{\"@type\":\"ImageObject\",\"inLanguage\":\"it-IT\",\"@id\":\"https:\\\/\\\/www.inmsol.com\\\/it\\\/blog-it-it\\\/cultura-letteratura-storia-spagna\\\/martedi-13-un-giorno-sfortunato\\\/#primaryimage\",\"url\":\"https:\\\/\\\/www.inmsol.com\\\/wp-content\\\/uploads\\\/2019\\\/08\\\/Martes-13.jpg\",\"contentUrl\":\"https:\\\/\\\/www.inmsol.com\\\/wp-content\\\/uploads\\\/2019\\\/08\\\/Martes-13.jpg\",\"width\":1000,\"height\":559},{\"@type\":\"BreadcrumbList\",\"@id\":\"https:\\\/\\\/www.inmsol.com\\\/it\\\/blog-it-it\\\/cultura-letteratura-storia-spagna\\\/martedi-13-un-giorno-sfortunato\\\/#breadcrumb\",\"itemListElement\":[{\"@type\":\"ListItem\",\"position\":1,\"name\":\"Accredited Center by Instituto Cervantes\",\"item\":\"https:\\\/\\\/www.inmsol.com\\\/it\\\/pagina-ejemplo\\\/\"},{\"@type\":\"ListItem\",\"position\":2,\"name\":\"Blog\",\"item\":\"https:\\\/\\\/www.inmsol.com\\\/it\\\/category\\\/blog-it-it\\\/\"},{\"@type\":\"ListItem\",\"position\":3,\"name\":\"Cultura, Letteratura e Storia della Spagna e Latinoamerica\",\"item\":\"https:\\\/\\\/www.inmsol.com\\\/it\\\/category\\\/blog-it-it\\\/cultura-letteratura-storia-spagna\\\/\"},{\"@type\":\"ListItem\",\"position\":4,\"name\":\"Marted\u00ec 13: un giorno sfortunato?\"}]},{\"@type\":\"WebSite\",\"@id\":\"https:\\\/\\\/www.inmsol.com\\\/it\\\/#website\",\"url\":\"https:\\\/\\\/www.inmsol.com\\\/it\\\/\",\"name\":\"iNMSOL\",\"description\":\"Impara lo spagnolo con noi - Centro di studio accreditato con l'Istituto Cervantes\",\"publisher\":{\"@id\":\"https:\\\/\\\/www.inmsol.com\\\/it\\\/#organization\"},\"potentialAction\":[{\"@type\":\"SearchAction\",\"target\":{\"@type\":\"EntryPoint\",\"urlTemplate\":\"https:\\\/\\\/www.inmsol.com\\\/it\\\/?s={search_term_string}\"},\"query-input\":{\"@type\":\"PropertyValueSpecification\",\"valueRequired\":true,\"valueName\":\"search_term_string\"}}],\"inLanguage\":\"it-IT\"},{\"@type\":\"Organization\",\"@id\":\"https:\\\/\\\/www.inmsol.com\\\/it\\\/#organization\",\"name\":\"Instituto Mediterr\u00e1neo Sol\",\"url\":\"https:\\\/\\\/www.inmsol.com\\\/it\\\/\",\"logo\":{\"@type\":\"ImageObject\",\"inLanguage\":\"it-IT\",\"@id\":\"https:\\\/\\\/www.inmsol.com\\\/it\\\/#\\\/schema\\\/logo\\\/image\\\/\",\"url\":\"https:\\\/\\\/www.inmsol.com\\\/wp-content\\\/uploads\\\/2023\\\/06\\\/logo-inmsol-1.png\",\"contentUrl\":\"https:\\\/\\\/www.inmsol.com\\\/wp-content\\\/uploads\\\/2023\\\/06\\\/logo-inmsol-1.png\",\"width\":136,\"height\":73,\"caption\":\"Instituto Mediterr\u00e1neo Sol\"},\"image\":{\"@id\":\"https:\\\/\\\/www.inmsol.com\\\/it\\\/#\\\/schema\\\/logo\\\/image\\\/\"},\"sameAs\":[\"https:\\\/\\\/www.facebook.com\\\/spanishcourses\",\"https:\\\/\\\/x.com\\\/StudyInGranada\",\"http:\\\/\\\/instagram.com\\\/imsolgranada\",\"https:\\\/\\\/es.linkedin.com\\\/company\\\/imsol-granada\",\"https:\\\/\\\/www.pinterest.es\\\/inmsol\\\/\",\"https:\\\/\\\/www.youtube.com\\\/channel\\\/UChz-Qn_7coFMosY85iYMO4g\"]},{\"@type\":\"Person\",\"@id\":\"https:\\\/\\\/www.inmsol.com\\\/it\\\/#\\\/schema\\\/person\\\/94a7a01d14a56d1fbc49c841ffc57fe9\",\"name\":\"- Instituto Mediterr\u00e1neo Sol\",\"image\":{\"@type\":\"ImageObject\",\"inLanguage\":\"it-IT\",\"@id\":\"https:\\\/\\\/secure.gravatar.com\\\/avatar\\\/5607fdabdf1b548b6095cc3d43079829bc1497403e70dd34004e7204a8fef62b?s=96&d=mm&r=g\",\"url\":\"https:\\\/\\\/secure.gravatar.com\\\/avatar\\\/5607fdabdf1b548b6095cc3d43079829bc1497403e70dd34004e7204a8fef62b?s=96&d=mm&r=g\",\"contentUrl\":\"https:\\\/\\\/secure.gravatar.com\\\/avatar\\\/5607fdabdf1b548b6095cc3d43079829bc1497403e70dd34004e7204a8fef62b?s=96&d=mm&r=g\",\"caption\":\"- Instituto Mediterr\u00e1neo Sol\"},\"url\":\"https:\\\/\\\/www.inmsol.com\\\/it\\\/author\\\/laura\\\/\"}]}<\/script>\n<!-- \/ Yoast SEO plugin. -->","yoast_head_json":{"title":"Marted\u00ec 13: un giorno sfortunato? Marted\u00ec 13","description":"La Spagna e i paesi ispanici considerano marted\u00ec 13 un giorno sfortunato. Tutto ha avuto inizio con la caduta dell'Impero Romano a Costantinopoli.","robots":{"index":"index","follow":"follow","max-snippet":"max-snippet:-1","max-image-preview":"max-image-preview:large","max-video-preview":"max-video-preview:-1"},"canonical":"https:\/\/www.inmsol.com\/it\/blog-it-it\/cultura-letteratura-storia-spagna\/martedi-13-un-giorno-sfortunato\/","og_locale":"it_IT","og_type":"article","og_title":"Marted\u00ec 13: un giorno sfortunato? Marted\u00ec 13","og_description":"La Spagna e i paesi ispanici considerano marted\u00ec 13 un giorno sfortunato. Tutto ha avuto inizio con la caduta dell'Impero Romano a Costantinopoli.","og_url":"https:\/\/www.inmsol.com\/it\/blog-it-it\/cultura-letteratura-storia-spagna\/martedi-13-un-giorno-sfortunato\/","og_site_name":"iNMSOL","article_publisher":"https:\/\/www.facebook.com\/spanishcourses","article_published_time":"2019-08-13T10:52:48+00:00","article_modified_time":"2019-08-13T10:54:57+00:00","og_image":[{"width":1000,"height":559,"url":"https:\/\/www.inmsol.com\/wp-content\/uploads\/2019\/08\/Martes-13.jpg","type":"image\/jpeg"}],"author":"- Instituto Mediterr\u00e1neo Sol","twitter_misc":{"Scritto da":"- Instituto Mediterr\u00e1neo Sol","Tempo di lettura stimato":"2 minuti"},"schema":{"@context":"https:\/\/schema.org","@graph":[{"@type":"Article","@id":"https:\/\/www.inmsol.com\/it\/blog-it-it\/cultura-letteratura-storia-spagna\/martedi-13-un-giorno-sfortunato\/#article","isPartOf":{"@id":"https:\/\/www.inmsol.com\/it\/blog-it-it\/cultura-letteratura-storia-spagna\/martedi-13-un-giorno-sfortunato\/"},"author":{"name":"- Instituto Mediterr\u00e1neo Sol","@id":"https:\/\/www.inmsol.com\/it\/#\/schema\/person\/94a7a01d14a56d1fbc49c841ffc57fe9"},"headline":"Marted\u00ec 13: un giorno sfortunato?","datePublished":"2019-08-13T10:52:48+00:00","dateModified":"2019-08-13T10:54:57+00:00","mainEntityOfPage":{"@id":"https:\/\/www.inmsol.com\/it\/blog-it-it\/cultura-letteratura-storia-spagna\/martedi-13-un-giorno-sfortunato\/"},"wordCount":391,"publisher":{"@id":"https:\/\/www.inmsol.com\/it\/#organization"},"image":{"@id":"https:\/\/www.inmsol.com\/it\/blog-it-it\/cultura-letteratura-storia-spagna\/martedi-13-un-giorno-sfortunato\/#primaryimage"},"thumbnailUrl":"https:\/\/www.inmsol.com\/wp-content\/uploads\/2019\/08\/Martes-13.jpg","articleSection":["Cultura, Letteratura e Storia della Spagna e Latinoamerica"],"inLanguage":"it-IT"},{"@type":"WebPage","@id":"https:\/\/www.inmsol.com\/it\/blog-it-it\/cultura-letteratura-storia-spagna\/martedi-13-un-giorno-sfortunato\/","url":"https:\/\/www.inmsol.com\/it\/blog-it-it\/cultura-letteratura-storia-spagna\/martedi-13-un-giorno-sfortunato\/","name":"Marted\u00ec 13: un giorno sfortunato? Marted\u00ec 13","isPartOf":{"@id":"https:\/\/www.inmsol.com\/it\/#website"},"primaryImageOfPage":{"@id":"https:\/\/www.inmsol.com\/it\/blog-it-it\/cultura-letteratura-storia-spagna\/martedi-13-un-giorno-sfortunato\/#primaryimage"},"image":{"@id":"https:\/\/www.inmsol.com\/it\/blog-it-it\/cultura-letteratura-storia-spagna\/martedi-13-un-giorno-sfortunato\/#primaryimage"},"thumbnailUrl":"https:\/\/www.inmsol.com\/wp-content\/uploads\/2019\/08\/Martes-13.jpg","datePublished":"2019-08-13T10:52:48+00:00","dateModified":"2019-08-13T10:54:57+00:00","description":"La Spagna e i paesi ispanici considerano marted\u00ec 13 un giorno sfortunato. Tutto ha avuto inizio con la caduta dell'Impero Romano a Costantinopoli.","breadcrumb":{"@id":"https:\/\/www.inmsol.com\/it\/blog-it-it\/cultura-letteratura-storia-spagna\/martedi-13-un-giorno-sfortunato\/#breadcrumb"},"inLanguage":"it-IT","potentialAction":[{"@type":"ReadAction","target":["https:\/\/www.inmsol.com\/it\/blog-it-it\/cultura-letteratura-storia-spagna\/martedi-13-un-giorno-sfortunato\/"]}]},{"@type":"ImageObject","inLanguage":"it-IT","@id":"https:\/\/www.inmsol.com\/it\/blog-it-it\/cultura-letteratura-storia-spagna\/martedi-13-un-giorno-sfortunato\/#primaryimage","url":"https:\/\/www.inmsol.com\/wp-content\/uploads\/2019\/08\/Martes-13.jpg","contentUrl":"https:\/\/www.inmsol.com\/wp-content\/uploads\/2019\/08\/Martes-13.jpg","width":1000,"height":559},{"@type":"BreadcrumbList","@id":"https:\/\/www.inmsol.com\/it\/blog-it-it\/cultura-letteratura-storia-spagna\/martedi-13-un-giorno-sfortunato\/#breadcrumb","itemListElement":[{"@type":"ListItem","position":1,"name":"Accredited Center by Instituto Cervantes","item":"https:\/\/www.inmsol.com\/it\/pagina-ejemplo\/"},{"@type":"ListItem","position":2,"name":"Blog","item":"https:\/\/www.inmsol.com\/it\/category\/blog-it-it\/"},{"@type":"ListItem","position":3,"name":"Cultura, Letteratura e Storia della Spagna e Latinoamerica","item":"https:\/\/www.inmsol.com\/it\/category\/blog-it-it\/cultura-letteratura-storia-spagna\/"},{"@type":"ListItem","position":4,"name":"Marted\u00ec 13: un giorno sfortunato?"}]},{"@type":"WebSite","@id":"https:\/\/www.inmsol.com\/it\/#website","url":"https:\/\/www.inmsol.com\/it\/","name":"iNMSOL","description":"Impara lo spagnolo con noi - Centro di studio accreditato con l'Istituto Cervantes","publisher":{"@id":"https:\/\/www.inmsol.com\/it\/#organization"},"potentialAction":[{"@type":"SearchAction","target":{"@type":"EntryPoint","urlTemplate":"https:\/\/www.inmsol.com\/it\/?s={search_term_string}"},"query-input":{"@type":"PropertyValueSpecification","valueRequired":true,"valueName":"search_term_string"}}],"inLanguage":"it-IT"},{"@type":"Organization","@id":"https:\/\/www.inmsol.com\/it\/#organization","name":"Instituto Mediterr\u00e1neo Sol","url":"https:\/\/www.inmsol.com\/it\/","logo":{"@type":"ImageObject","inLanguage":"it-IT","@id":"https:\/\/www.inmsol.com\/it\/#\/schema\/logo\/image\/","url":"https:\/\/www.inmsol.com\/wp-content\/uploads\/2023\/06\/logo-inmsol-1.png","contentUrl":"https:\/\/www.inmsol.com\/wp-content\/uploads\/2023\/06\/logo-inmsol-1.png","width":136,"height":73,"caption":"Instituto Mediterr\u00e1neo Sol"},"image":{"@id":"https:\/\/www.inmsol.com\/it\/#\/schema\/logo\/image\/"},"sameAs":["https:\/\/www.facebook.com\/spanishcourses","https:\/\/x.com\/StudyInGranada","http:\/\/instagram.com\/imsolgranada","https:\/\/es.linkedin.com\/company\/imsol-granada","https:\/\/www.pinterest.es\/inmsol\/","https:\/\/www.youtube.com\/channel\/UChz-Qn_7coFMosY85iYMO4g"]},{"@type":"Person","@id":"https:\/\/www.inmsol.com\/it\/#\/schema\/person\/94a7a01d14a56d1fbc49c841ffc57fe9","name":"- Instituto Mediterr\u00e1neo Sol","image":{"@type":"ImageObject","inLanguage":"it-IT","@id":"https:\/\/secure.gravatar.com\/avatar\/5607fdabdf1b548b6095cc3d43079829bc1497403e70dd34004e7204a8fef62b?s=96&d=mm&r=g","url":"https:\/\/secure.gravatar.com\/avatar\/5607fdabdf1b548b6095cc3d43079829bc1497403e70dd34004e7204a8fef62b?s=96&d=mm&r=g","contentUrl":"https:\/\/secure.gravatar.com\/avatar\/5607fdabdf1b548b6095cc3d43079829bc1497403e70dd34004e7204a8fef62b?s=96&d=mm&r=g","caption":"- Instituto Mediterr\u00e1neo Sol"},"url":"https:\/\/www.inmsol.com\/it\/author\/laura\/"}]}},"_links":{"self":[{"href":"https:\/\/www.inmsol.com\/it\/wp-json\/wp\/v2\/posts\/45464","targetHints":{"allow":["GET"]}}],"collection":[{"href":"https:\/\/www.inmsol.com\/it\/wp-json\/wp\/v2\/posts"}],"about":[{"href":"https:\/\/www.inmsol.com\/it\/wp-json\/wp\/v2\/types\/post"}],"author":[{"embeddable":true,"href":"https:\/\/www.inmsol.com\/it\/wp-json\/wp\/v2\/users\/3"}],"replies":[{"embeddable":true,"href":"https:\/\/www.inmsol.com\/it\/wp-json\/wp\/v2\/comments?post=45464"}],"version-history":[{"count":0,"href":"https:\/\/www.inmsol.com\/it\/wp-json\/wp\/v2\/posts\/45464\/revisions"}],"wp:featuredmedia":[{"embeddable":true,"href":"https:\/\/www.inmsol.com\/it\/wp-json\/wp\/v2\/media\/45449"}],"wp:attachment":[{"href":"https:\/\/www.inmsol.com\/it\/wp-json\/wp\/v2\/media?parent=45464"}],"wp:term":[{"taxonomy":"category","embeddable":true,"href":"https:\/\/www.inmsol.com\/it\/wp-json\/wp\/v2\/categories?post=45464"},{"taxonomy":"post_tag","embeddable":true,"href":"https:\/\/www.inmsol.com\/it\/wp-json\/wp\/v2\/tags?post=45464"}],"curies":[{"name":"wp","href":"https:\/\/api.w.org\/{rel}","templated":true}]}}