{"id":523,"date":"2010-11-04T09:56:23","date_gmt":"2010-11-04T09:56:23","guid":{"rendered":"https:\/\/www.inmsol.com\/"},"modified":"2012-11-18T12:58:33","modified_gmt":"2012-11-18T12:58:33","slug":"l-ortografia-della-lingua-spagnola","status":"publish","type":"post","link":"https:\/\/www.inmsol.com\/it\/blog-it-it\/l-ortografia-della-lingua-spagnola\/","title":{"rendered":"L&#8217; Ortografia della lingua Spagnola"},"content":{"rendered":"<p class=\"rtecenter\"><strong>L&#8217; Ortograf\u00eda della lingua Spagnola:\u00a0<\/strong><\/p>\n<p class=\"rtecenter\"><span style=\"font-family: 'Times New Roman'; font-size: 12pt; font-weight: normal;\"><strong><img decoding=\"async\" width=\"124\" height=\"129\" src=\"https:\/\/www.inmsol.com\/wp-content\/files\/ortoggg.jpg\" \/><\/strong><\/span>\u00a0<span style=\"font-family: 'Times New Roman'; font-size: 12pt; font-weight: normal;\"><\/p>\n<p><\/span><\/p>\n<p>\n<meta http-equiv=\"Content-Type\" content=\"text\/html; charset=utf-8\" \/><br \/><meta name=\"ProgId\" content=\"Word.Document\" \/><br \/><meta name=\"Generator\" content=\"Microsoft Word 11\" \/><br \/><meta name=\"Originator\" content=\"Microsoft Word 11\" \/><\/p>\n<link rel=\"File-List\" href=\"file:\/\/\/C:%5CDOCUME%7E1%5CLauri%5CCONFIG%7E1%5CTemp%5Cmsohtml1%5C01%5Cclip_filelist.xml\" \/><!--[if gte mso 9]>\n\n<p><xml><br \/>\n <w:WordDocument><br \/>\n  <w:View>Normal<\/w:View><br \/>\n  <w:Zoom>0<\/w:Zoom><br \/>\n  <w:HyphenationZone>21<\/w:HyphenationZone><br \/>\n  <w:PunctuationKerning \/><br \/>\n  <w:ValidateAgainstSchemas \/><br \/>\n  <w:SaveIfXMLInvalid>false<\/w:SaveIfXMLInvalid><br \/>\n  <w:IgnoreMixedContent>false<\/w:IgnoreMixedContent><br \/>\n  <w:AlwaysShowPlaceholderText>false<\/w:AlwaysShowPlaceholderText><br \/>\n  <w:Compatibility><br \/>\n   <w:BreakWrappedTables \/><br \/>\n   <w:SnapToGridInCell \/><br \/>\n   <w:WrapTextWithPunct \/><br \/>\n   <w:UseAsianBreakRules \/><br \/>\n   <w:DontGrowAutofit \/><br \/>\n  <\/w:Compatibility><br \/>\n  <w:BrowserLevel>MicrosoftInternetExplorer4<\/w:BrowserLevel><br \/>\n <\/w:WordDocument><br \/>\n<\/xml><![endif]--><!--[if gte mso 9]>\n\n<p><xml><br \/>\n <w:LatentStyles DefLockedState=\"false\" LatentStyleCount=\"156\"><br \/>\n <\/w:LatentStyles><br \/>\n<\/xml><![endif]--><br \/>\n<style type=\"text\/css\">\n<!--\/*--><![CDATA[\/* ><!--*\/\n\n<!--\n \/* Style Definitions *\/\n p.MsoNormal, li.MsoNormal, div.MsoNormal\n\t{mso-style-parent:\"\";\n\tmargin:0cm;\n\tmargin-bottom:.0001pt;\n\tmso-pagination:widow-orphan;\n\tfont-size:12.0pt;\n\tfont-family:\"Times New Roman\";\n\tmso-fareast-font-family:\"Times New Roman\";}\n@page Section1\n\t{size:612.0pt 792.0pt;\n\tmargin:70.85pt 3.0cm 70.85pt 3.0cm;\n\tmso-header-margin:36.0pt;\n\tmso-footer-margin:36.0pt;\n\tmso-paper-source:0;}\ndiv.Section1\n\t{page:Section1;}\n-->\n\n\/*--><!]]>*\/\n<\/style>\n<p><!--[if gte mso 10]>\n\n<style>\n \/* Style Definitions *\/\n table.MsoNormalTable\n\t{mso-style-name:\"Tabla normal\";\n\tmso-tstyle-rowband-size:0;\n\tmso-tstyle-colband-size:0;\n\tmso-style-noshow:yes;\n\tmso-style-parent:\"\";\n\tmso-padding-alt:0cm 5.4pt 0cm 5.4pt;\n\tmso-para-margin:0cm;\n\tmso-para-margin-bottom:.0001pt;\n\tmso-pagination:widow-orphan;\n\tfont-size:10.0pt;\n\tfont-family:\"Times New Roman\";\n\tmso-ansi-language:#0400;\n\tmso-fareast-language:#0400;\n\tmso-bidi-language:#0400;}\n<\/style>\n\n\n\n<p><![endif]--><\/p>\n<p><\/p>\n<p class=\"MsoNormal\"><span lang=\"IT\" style=\"\" xml:lang=\"IT\">Gli accademici hanno terminato a San Millan la nuova \u201cOrtografia della lingua spagnola\u201d.<\/p>\n<p>\nLa Commissione Interaccademica che st\u00e1 preparando il testo base della nuova edizione dell\u2019 Ortografia della Lingua Spagnola&#8221; da oggi ha concluso a San Millan de la Cogolla (La Rioja),<span style=\"\">\u00a0 <\/span>gli aspetti rimanenti di questa nuova opera ispanica che sar\u00e0 pubblicata nel mese di dicembre prima che termini quest&#8217;anno.<br \/>\nIl presidente dell&#8217;Associazione delle Accademie di lingua spagnola e direttore della Reale Accademia Spagnola (RAE), V\u00edctor Garc\u00eda de la Concha, domani informer\u00e1 a San Millan, dei dettagli di questo nuovo lavoro, insieme al suo coordinatore, Salvador Guti\u00e9rrez Ordonez, e il ministro della Cultura di La Rioja, Luis Alegre.<br \/>\nIn queste sessioni di lavoro, ospitate e sponsorizzate dalla Fondazione San Mill\u00e1n de la Cogolla, la Commissione adotter\u00e1 il giudizio da sottoporre alle ventidue Accademie della lingua Spagnola, alle quali spetta l&#8217;approvazione finale.<br \/>\nDe la Concha, il direttore della RAE, ha affermato che questa nuova edizione sar\u00e0 \u201cpi\u00f9 ampia e pi\u00f9 scientifica di quella del 1999 e non eluder\u00e1 gli aspetti controversi&#8221;.<\/p>\n<p><\/span><\/p>\n<p class=\"MsoNormal\"><span lang=\"IT\" style=\"\" xml:lang=\"IT\">Ha inoltre sottolineato che la nuova ortografia non conterr\u00e1 sorprese per quanto riguarda le regole generali, che continueranno ad essere le stesse poich\u00e9 sono &#8220;ben consolidate&#8221; tra gli spagnoli.<br \/>\nPertanto non ci saranno grandi riforme, ma si &#8220;spiegher\u00e1 il perch\u00e9 di ogni regola&#8221; e di ogni raccomandazione fatta, ha detto il direttore della RAE.<br \/>\nCome successe per la nuova grammatica della lingua spagnola, pubblicata nel dicembre 2009, la Ortografia \u00e8 stata realizzata con la collaborazione di tutte le Accademie dei paesi di lingua spagnola, il testo definitivo sar\u00e1 approvato nel corso della riunione che queste istituzioni terranno nella Feria del Libro de Guadalajara (Messico), alla fine del prossimo novembre.<\/p>\n<p><\/span><span lang=\"IT\" style=\"\" xml:lang=\"IT\"><br \/>\nIn questo grande evento culturale, i direttori delle Accademie chiederanno l&#8217;approvazione formale di questo lavoro di riferimento essenziale, che in Spagna sar\u00e0 presentato &#8220;tra il 10 e 13 dicembre&#8221;, ha detto Garcia de la Concha.<\/p>\n<p><\/span><\/p>\n<p><span lang=\"IT\" style=\"font-size: 12pt; font-family: &quot;Times New Roman&quot;;\" xml:lang=\"IT\">Il contenuto di questo libro di ortografia, sar\u00e1 di circa 700 pagine, ed \u00e8 stato illustrato e approvato in successive riunioni della commissione Interaccademica incaricata di redigere diversi capitoli, ai quali parteciparonogli accademici di diverse aree linguistiche che si divisero il lavoro, ed \u00e9 ci\u00f3 che \u00e9 stato riunito fino ad oggi a San Mill\u00e1n.<br \/>\nL&#8217;edizione dell&#8217;Ortografia del 1999 era assai &#8220;ridotta&#8221; e, come spiegava Salvador Guti\u00e9rrez, forse perch\u00e9 era cos\u00ec breve e spoglia &#8220;dava luogo a dubbi in molti aspetti&#8221;, tra i quali la punteggiatura, le maiuscole e le minuscole e i simboli.<br \/>\nL&#8217;edizione che sar\u00e0 pubblicata dalla casa editrice Espasa prima di Natale in Spagna, e che sar\u00e1 distribuita anche in tutta l&#8217;America Latina, &#8220;\u00e8 pi\u00f9 esplicita, pi\u00f9 completa e giustificata&#8221;. &#8220;E non spazzare sotto il tappeto&#8221;, perch\u00e9 comunque non si eviteranno questioni controverse, ha assicurato.<\/span><\/p>\n<p>\u00a0<\/p>\n","protected":false},"excerpt":{"rendered":"<p>L&#8217; Ortograf\u00eda della lingua Spagnola:\u00a0 \u00a0 Gli accademici hanno terminato a San Millan la nuova \u201cOrtografia della lingua spagnola\u201d. La Commissione Interaccademica che st\u00e1 preparando il testo base della nuova edizione dell\u2019 Ortografia della Lingua Spagnola&#8221; da oggi ha concluso a San Millan de la&#8230;<\/p>\n","protected":false},"author":2,"featured_media":0,"comment_status":"closed","ping_status":"closed","sticky":false,"template":"","format":"standard","meta":{"_acf_changed":false,"footnotes":""},"categories":[],"tags":[],"class_list":["post-523","post","type-post","status-publish","format-standard","hentry"],"acf":[],"yoast_head":"<!-- This site is optimized with the Yoast SEO plugin v27.5 - https:\/\/yoast.com\/product\/yoast-seo-wordpress\/ -->\n<title>Ortografia della lingua Spagnola| accademici, opera, ortografia, spagna | INMSOL<\/title>\n<meta name=\"robots\" content=\"index, follow, max-snippet:-1, max-image-preview:large, max-video-preview:-1\" \/>\n<link rel=\"canonical\" href=\"https:\/\/www.inmsol.com\/it\/blog-it-it\/l-ortografia-della-lingua-spagnola\/\" \/>\n<meta property=\"og:locale\" content=\"it_IT\" \/>\n<meta property=\"og:type\" content=\"article\" \/>\n<meta property=\"og:title\" content=\"Ortografia della lingua Spagnola| accademici, opera, ortografia, spagna | INMSOL\" \/>\n<meta property=\"og:description\" content=\"L&#8217; Ortograf\u00eda della lingua Spagnola:\u00a0 \u00a0 Gli accademici hanno terminato a San Millan la nuova \u201cOrtografia della lingua spagnola\u201d. La Commissione Interaccademica che st\u00e1 preparando il testo base della nuova edizione dell\u2019 Ortografia della Lingua Spagnola&#8221; da oggi ha concluso a San Millan de la...\" \/>\n<meta property=\"og:url\" content=\"https:\/\/www.inmsol.com\/it\/blog-it-it\/l-ortografia-della-lingua-spagnola\/\" \/>\n<meta property=\"og:site_name\" content=\"iNMSOL\" \/>\n<meta property=\"article:publisher\" content=\"https:\/\/www.facebook.com\/spanishcourses\" \/>\n<meta property=\"article:published_time\" content=\"2010-11-04T09:56:23+00:00\" \/>\n<meta property=\"article:modified_time\" content=\"2012-11-18T12:58:33+00:00\" \/>\n<meta property=\"og:image\" content=\"https:\/\/www.inmsol.com\/wp-content\/files\/ortoggg.jpg\" \/>\n<meta name=\"author\" content=\"Javier Torres\" \/>\n<meta name=\"twitter:label1\" content=\"Scritto da\" \/>\n\t<meta name=\"twitter:data1\" content=\"Javier Torres\" \/>\n\t<meta name=\"twitter:label2\" content=\"Tempo di lettura stimato\" \/>\n\t<meta name=\"twitter:data2\" content=\"2 minuti\" \/>\n<script type=\"application\/ld+json\" class=\"yoast-schema-graph\">{\"@context\":\"https:\\\/\\\/schema.org\",\"@graph\":[{\"@type\":\"Article\",\"@id\":\"https:\\\/\\\/www.inmsol.com\\\/it\\\/blog-it-it\\\/l-ortografia-della-lingua-spagnola\\\/#article\",\"isPartOf\":{\"@id\":\"https:\\\/\\\/www.inmsol.com\\\/it\\\/blog-it-it\\\/l-ortografia-della-lingua-spagnola\\\/\"},\"author\":{\"name\":\"Javier Torres\",\"@id\":\"https:\\\/\\\/www.inmsol.com\\\/it\\\/#\\\/schema\\\/person\\\/18f18acd0397ef441e373e79ec3eb6ea\"},\"headline\":\"L&#8217; Ortografia della lingua Spagnola\",\"datePublished\":\"2010-11-04T09:56:23+00:00\",\"dateModified\":\"2012-11-18T12:58:33+00:00\",\"mainEntityOfPage\":{\"@id\":\"https:\\\/\\\/www.inmsol.com\\\/it\\\/blog-it-it\\\/l-ortografia-della-lingua-spagnola\\\/\"},\"wordCount\":471,\"publisher\":{\"@id\":\"https:\\\/\\\/www.inmsol.com\\\/it\\\/#organization\"},\"image\":{\"@id\":\"https:\\\/\\\/www.inmsol.com\\\/it\\\/blog-it-it\\\/l-ortografia-della-lingua-spagnola\\\/#primaryimage\"},\"thumbnailUrl\":\"https:\\\/\\\/www.inmsol.com\\\/wp-content\\\/files\\\/ortoggg.jpg\",\"inLanguage\":\"it-IT\"},{\"@type\":\"WebPage\",\"@id\":\"https:\\\/\\\/www.inmsol.com\\\/it\\\/blog-it-it\\\/l-ortografia-della-lingua-spagnola\\\/\",\"url\":\"https:\\\/\\\/www.inmsol.com\\\/it\\\/blog-it-it\\\/l-ortografia-della-lingua-spagnola\\\/\",\"name\":\"Ortografia della lingua Spagnola| accademici, opera, ortografia, spagna | INMSOL\",\"isPartOf\":{\"@id\":\"https:\\\/\\\/www.inmsol.com\\\/it\\\/#website\"},\"primaryImageOfPage\":{\"@id\":\"https:\\\/\\\/www.inmsol.com\\\/it\\\/blog-it-it\\\/l-ortografia-della-lingua-spagnola\\\/#primaryimage\"},\"image\":{\"@id\":\"https:\\\/\\\/www.inmsol.com\\\/it\\\/blog-it-it\\\/l-ortografia-della-lingua-spagnola\\\/#primaryimage\"},\"thumbnailUrl\":\"https:\\\/\\\/www.inmsol.com\\\/wp-content\\\/files\\\/ortoggg.jpg\",\"datePublished\":\"2010-11-04T09:56:23+00:00\",\"dateModified\":\"2012-11-18T12:58:33+00:00\",\"breadcrumb\":{\"@id\":\"https:\\\/\\\/www.inmsol.com\\\/it\\\/blog-it-it\\\/l-ortografia-della-lingua-spagnola\\\/#breadcrumb\"},\"inLanguage\":\"it-IT\",\"potentialAction\":[{\"@type\":\"ReadAction\",\"target\":[\"https:\\\/\\\/www.inmsol.com\\\/it\\\/blog-it-it\\\/l-ortografia-della-lingua-spagnola\\\/\"]}]},{\"@type\":\"ImageObject\",\"inLanguage\":\"it-IT\",\"@id\":\"https:\\\/\\\/www.inmsol.com\\\/it\\\/blog-it-it\\\/l-ortografia-della-lingua-spagnola\\\/#primaryimage\",\"url\":\"https:\\\/\\\/www.inmsol.com\\\/wp-content\\\/files\\\/ortoggg.jpg\",\"contentUrl\":\"https:\\\/\\\/www.inmsol.com\\\/wp-content\\\/files\\\/ortoggg.jpg\"},{\"@type\":\"BreadcrumbList\",\"@id\":\"https:\\\/\\\/www.inmsol.com\\\/it\\\/blog-it-it\\\/l-ortografia-della-lingua-spagnola\\\/#breadcrumb\",\"itemListElement\":[{\"@type\":\"ListItem\",\"position\":1,\"name\":\"Accredited Center by Instituto Cervantes\",\"item\":\"https:\\\/\\\/www.inmsol.com\\\/it\\\/pagina-ejemplo\\\/\"},{\"@type\":\"ListItem\",\"position\":2,\"name\":\"L&#8217; Ortografia della lingua Spagnola\"}]},{\"@type\":\"WebSite\",\"@id\":\"https:\\\/\\\/www.inmsol.com\\\/it\\\/#website\",\"url\":\"https:\\\/\\\/www.inmsol.com\\\/it\\\/\",\"name\":\"iNMSOL\",\"description\":\"Impara lo spagnolo con noi - Centro di studio accreditato con l'Istituto Cervantes\",\"publisher\":{\"@id\":\"https:\\\/\\\/www.inmsol.com\\\/it\\\/#organization\"},\"potentialAction\":[{\"@type\":\"SearchAction\",\"target\":{\"@type\":\"EntryPoint\",\"urlTemplate\":\"https:\\\/\\\/www.inmsol.com\\\/it\\\/?s={search_term_string}\"},\"query-input\":{\"@type\":\"PropertyValueSpecification\",\"valueRequired\":true,\"valueName\":\"search_term_string\"}}],\"inLanguage\":\"it-IT\"},{\"@type\":\"Organization\",\"@id\":\"https:\\\/\\\/www.inmsol.com\\\/it\\\/#organization\",\"name\":\"Instituto Mediterr\u00e1neo Sol\",\"url\":\"https:\\\/\\\/www.inmsol.com\\\/it\\\/\",\"logo\":{\"@type\":\"ImageObject\",\"inLanguage\":\"it-IT\",\"@id\":\"https:\\\/\\\/www.inmsol.com\\\/it\\\/#\\\/schema\\\/logo\\\/image\\\/\",\"url\":\"https:\\\/\\\/www.inmsol.com\\\/wp-content\\\/uploads\\\/2023\\\/06\\\/logo-inmsol-1.png\",\"contentUrl\":\"https:\\\/\\\/www.inmsol.com\\\/wp-content\\\/uploads\\\/2023\\\/06\\\/logo-inmsol-1.png\",\"width\":136,\"height\":73,\"caption\":\"Instituto Mediterr\u00e1neo Sol\"},\"image\":{\"@id\":\"https:\\\/\\\/www.inmsol.com\\\/it\\\/#\\\/schema\\\/logo\\\/image\\\/\"},\"sameAs\":[\"https:\\\/\\\/www.facebook.com\\\/spanishcourses\",\"https:\\\/\\\/x.com\\\/StudyInGranada\",\"http:\\\/\\\/instagram.com\\\/imsolgranada\",\"https:\\\/\\\/es.linkedin.com\\\/company\\\/imsol-granada\",\"https:\\\/\\\/www.pinterest.es\\\/inmsol\\\/\",\"https:\\\/\\\/www.youtube.com\\\/channel\\\/UChz-Qn_7coFMosY85iYMO4g\"]},{\"@type\":\"Person\",\"@id\":\"https:\\\/\\\/www.inmsol.com\\\/it\\\/#\\\/schema\\\/person\\\/18f18acd0397ef441e373e79ec3eb6ea\",\"name\":\"Javier Torres\",\"image\":{\"@type\":\"ImageObject\",\"inLanguage\":\"it-IT\",\"@id\":\"https:\\\/\\\/secure.gravatar.com\\\/avatar\\\/90afa2d6499550218d247408758082af566e5ec3641e1b8eac0d7bb889344a55?s=96&d=mm&r=g\",\"url\":\"https:\\\/\\\/secure.gravatar.com\\\/avatar\\\/90afa2d6499550218d247408758082af566e5ec3641e1b8eac0d7bb889344a55?s=96&d=mm&r=g\",\"contentUrl\":\"https:\\\/\\\/secure.gravatar.com\\\/avatar\\\/90afa2d6499550218d247408758082af566e5ec3641e1b8eac0d7bb889344a55?s=96&d=mm&r=g\",\"caption\":\"Javier Torres\"},\"url\":\"https:\\\/\\\/www.inmsol.com\\\/it\\\/author\\\/javier\\\/\"}]}<\/script>\n<!-- \/ Yoast SEO plugin. -->","yoast_head_json":{"title":"Ortografia della lingua Spagnola| accademici, opera, ortografia, spagna | INMSOL","robots":{"index":"index","follow":"follow","max-snippet":"max-snippet:-1","max-image-preview":"max-image-preview:large","max-video-preview":"max-video-preview:-1"},"canonical":"https:\/\/www.inmsol.com\/it\/blog-it-it\/l-ortografia-della-lingua-spagnola\/","og_locale":"it_IT","og_type":"article","og_title":"Ortografia della lingua Spagnola| accademici, opera, ortografia, spagna | INMSOL","og_description":"L&#8217; Ortograf\u00eda della lingua Spagnola:\u00a0 \u00a0 Gli accademici hanno terminato a San Millan la nuova \u201cOrtografia della lingua spagnola\u201d. La Commissione Interaccademica che st\u00e1 preparando il testo base della nuova edizione dell\u2019 Ortografia della Lingua Spagnola&#8221; da oggi ha concluso a San Millan de la...","og_url":"https:\/\/www.inmsol.com\/it\/blog-it-it\/l-ortografia-della-lingua-spagnola\/","og_site_name":"iNMSOL","article_publisher":"https:\/\/www.facebook.com\/spanishcourses","article_published_time":"2010-11-04T09:56:23+00:00","article_modified_time":"2012-11-18T12:58:33+00:00","og_image":[{"url":"https:\/\/www.inmsol.com\/wp-content\/files\/ortoggg.jpg","type":"","width":"","height":""}],"author":"Javier Torres","twitter_misc":{"Scritto da":"Javier Torres","Tempo di lettura stimato":"2 minuti"},"schema":{"@context":"https:\/\/schema.org","@graph":[{"@type":"Article","@id":"https:\/\/www.inmsol.com\/it\/blog-it-it\/l-ortografia-della-lingua-spagnola\/#article","isPartOf":{"@id":"https:\/\/www.inmsol.com\/it\/blog-it-it\/l-ortografia-della-lingua-spagnola\/"},"author":{"name":"Javier Torres","@id":"https:\/\/www.inmsol.com\/it\/#\/schema\/person\/18f18acd0397ef441e373e79ec3eb6ea"},"headline":"L&#8217; Ortografia della lingua Spagnola","datePublished":"2010-11-04T09:56:23+00:00","dateModified":"2012-11-18T12:58:33+00:00","mainEntityOfPage":{"@id":"https:\/\/www.inmsol.com\/it\/blog-it-it\/l-ortografia-della-lingua-spagnola\/"},"wordCount":471,"publisher":{"@id":"https:\/\/www.inmsol.com\/it\/#organization"},"image":{"@id":"https:\/\/www.inmsol.com\/it\/blog-it-it\/l-ortografia-della-lingua-spagnola\/#primaryimage"},"thumbnailUrl":"https:\/\/www.inmsol.com\/wp-content\/files\/ortoggg.jpg","inLanguage":"it-IT"},{"@type":"WebPage","@id":"https:\/\/www.inmsol.com\/it\/blog-it-it\/l-ortografia-della-lingua-spagnola\/","url":"https:\/\/www.inmsol.com\/it\/blog-it-it\/l-ortografia-della-lingua-spagnola\/","name":"Ortografia della lingua Spagnola| accademici, opera, ortografia, spagna | INMSOL","isPartOf":{"@id":"https:\/\/www.inmsol.com\/it\/#website"},"primaryImageOfPage":{"@id":"https:\/\/www.inmsol.com\/it\/blog-it-it\/l-ortografia-della-lingua-spagnola\/#primaryimage"},"image":{"@id":"https:\/\/www.inmsol.com\/it\/blog-it-it\/l-ortografia-della-lingua-spagnola\/#primaryimage"},"thumbnailUrl":"https:\/\/www.inmsol.com\/wp-content\/files\/ortoggg.jpg","datePublished":"2010-11-04T09:56:23+00:00","dateModified":"2012-11-18T12:58:33+00:00","breadcrumb":{"@id":"https:\/\/www.inmsol.com\/it\/blog-it-it\/l-ortografia-della-lingua-spagnola\/#breadcrumb"},"inLanguage":"it-IT","potentialAction":[{"@type":"ReadAction","target":["https:\/\/www.inmsol.com\/it\/blog-it-it\/l-ortografia-della-lingua-spagnola\/"]}]},{"@type":"ImageObject","inLanguage":"it-IT","@id":"https:\/\/www.inmsol.com\/it\/blog-it-it\/l-ortografia-della-lingua-spagnola\/#primaryimage","url":"https:\/\/www.inmsol.com\/wp-content\/files\/ortoggg.jpg","contentUrl":"https:\/\/www.inmsol.com\/wp-content\/files\/ortoggg.jpg"},{"@type":"BreadcrumbList","@id":"https:\/\/www.inmsol.com\/it\/blog-it-it\/l-ortografia-della-lingua-spagnola\/#breadcrumb","itemListElement":[{"@type":"ListItem","position":1,"name":"Accredited Center by Instituto Cervantes","item":"https:\/\/www.inmsol.com\/it\/pagina-ejemplo\/"},{"@type":"ListItem","position":2,"name":"L&#8217; Ortografia della lingua Spagnola"}]},{"@type":"WebSite","@id":"https:\/\/www.inmsol.com\/it\/#website","url":"https:\/\/www.inmsol.com\/it\/","name":"iNMSOL","description":"Impara lo spagnolo con noi - Centro di studio accreditato con l'Istituto Cervantes","publisher":{"@id":"https:\/\/www.inmsol.com\/it\/#organization"},"potentialAction":[{"@type":"SearchAction","target":{"@type":"EntryPoint","urlTemplate":"https:\/\/www.inmsol.com\/it\/?s={search_term_string}"},"query-input":{"@type":"PropertyValueSpecification","valueRequired":true,"valueName":"search_term_string"}}],"inLanguage":"it-IT"},{"@type":"Organization","@id":"https:\/\/www.inmsol.com\/it\/#organization","name":"Instituto Mediterr\u00e1neo Sol","url":"https:\/\/www.inmsol.com\/it\/","logo":{"@type":"ImageObject","inLanguage":"it-IT","@id":"https:\/\/www.inmsol.com\/it\/#\/schema\/logo\/image\/","url":"https:\/\/www.inmsol.com\/wp-content\/uploads\/2023\/06\/logo-inmsol-1.png","contentUrl":"https:\/\/www.inmsol.com\/wp-content\/uploads\/2023\/06\/logo-inmsol-1.png","width":136,"height":73,"caption":"Instituto Mediterr\u00e1neo Sol"},"image":{"@id":"https:\/\/www.inmsol.com\/it\/#\/schema\/logo\/image\/"},"sameAs":["https:\/\/www.facebook.com\/spanishcourses","https:\/\/x.com\/StudyInGranada","http:\/\/instagram.com\/imsolgranada","https:\/\/es.linkedin.com\/company\/imsol-granada","https:\/\/www.pinterest.es\/inmsol\/","https:\/\/www.youtube.com\/channel\/UChz-Qn_7coFMosY85iYMO4g"]},{"@type":"Person","@id":"https:\/\/www.inmsol.com\/it\/#\/schema\/person\/18f18acd0397ef441e373e79ec3eb6ea","name":"Javier Torres","image":{"@type":"ImageObject","inLanguage":"it-IT","@id":"https:\/\/secure.gravatar.com\/avatar\/90afa2d6499550218d247408758082af566e5ec3641e1b8eac0d7bb889344a55?s=96&d=mm&r=g","url":"https:\/\/secure.gravatar.com\/avatar\/90afa2d6499550218d247408758082af566e5ec3641e1b8eac0d7bb889344a55?s=96&d=mm&r=g","contentUrl":"https:\/\/secure.gravatar.com\/avatar\/90afa2d6499550218d247408758082af566e5ec3641e1b8eac0d7bb889344a55?s=96&d=mm&r=g","caption":"Javier Torres"},"url":"https:\/\/www.inmsol.com\/it\/author\/javier\/"}]}},"_links":{"self":[{"href":"https:\/\/www.inmsol.com\/it\/wp-json\/wp\/v2\/posts\/523","targetHints":{"allow":["GET"]}}],"collection":[{"href":"https:\/\/www.inmsol.com\/it\/wp-json\/wp\/v2\/posts"}],"about":[{"href":"https:\/\/www.inmsol.com\/it\/wp-json\/wp\/v2\/types\/post"}],"author":[{"embeddable":true,"href":"https:\/\/www.inmsol.com\/it\/wp-json\/wp\/v2\/users\/2"}],"replies":[{"embeddable":true,"href":"https:\/\/www.inmsol.com\/it\/wp-json\/wp\/v2\/comments?post=523"}],"version-history":[{"count":0,"href":"https:\/\/www.inmsol.com\/it\/wp-json\/wp\/v2\/posts\/523\/revisions"}],"wp:attachment":[{"href":"https:\/\/www.inmsol.com\/it\/wp-json\/wp\/v2\/media?parent=523"}],"wp:term":[{"taxonomy":"category","embeddable":true,"href":"https:\/\/www.inmsol.com\/it\/wp-json\/wp\/v2\/categories?post=523"},{"taxonomy":"post_tag","embeddable":true,"href":"https:\/\/www.inmsol.com\/it\/wp-json\/wp\/v2\/tags?post=523"}],"curies":[{"name":"wp","href":"https:\/\/api.w.org\/{rel}","templated":true}]}}