{"id":59504,"date":"2021-11-12T13:35:41","date_gmt":"2021-11-12T12:35:41","guid":{"rendered":"https:\/\/www.inmsol.com\/?p=59504"},"modified":"2021-11-12T13:35:41","modified_gmt":"2021-11-12T12:35:41","slug":"seconda-settimana-digitale-di-spagnolo","status":"publish","type":"post","link":"https:\/\/www.inmsol.com\/it\/blog-it-it\/seconda-settimana-digitale-di-spagnolo\/","title":{"rendered":"Seconda settimana digitale di spagnolo"},"content":{"rendered":"<h3>Cos&#8217;\u00e8 la seconda settimana digitale di spagnolo?<\/h3>\n<p>La seconda settimana digitale di spagnolo ha 35 ore di trasmissione in cui si incontreranno istituzioni, professionisti ELE e studenti di tutto il mondo. L&#8217;evento sar\u00e0 caratterizzato da interventi di diversi professionisti del settore e sessioni per tutti i profili coinvolti nel settore ELE.<\/p>\n<p>L&#8217;evento \u00e8 organizzato da FEDELE.<\/p>\n<p><a href=\"https:\/\/www.inmsol.com\/wp-content\/uploads\/2021\/11\/semana-2.jpg\"><img fetchpriority=\"high\" decoding=\"async\" class=\"aligncenter size-full wp-image-59518\" src=\"https:\/\/www.inmsol.com\/wp-content\/uploads\/2021\/11\/semana-2.jpg\" alt=\"\" width=\"1246\" height=\"558\" srcset=\"https:\/\/www.inmsol.com\/wp-content\/uploads\/2021\/11\/semana-2.jpg 1246w, https:\/\/www.inmsol.com\/wp-content\/uploads\/2021\/11\/semana-2-800x358.jpg 800w, https:\/\/www.inmsol.com\/wp-content\/uploads\/2021\/11\/semana-2-64x29.jpg 64w, https:\/\/www.inmsol.com\/wp-content\/uploads\/2021\/11\/semana-2-460x206.jpg 460w, https:\/\/www.inmsol.com\/wp-content\/uploads\/2021\/11\/semana-2-1024x459.jpg 1024w, https:\/\/www.inmsol.com\/wp-content\/uploads\/2021\/11\/semana-2-768x344.jpg 768w, https:\/\/www.inmsol.com\/wp-content\/uploads\/2021\/11\/semana-2-250x112.jpg 250w, https:\/\/www.inmsol.com\/wp-content\/uploads\/2021\/11\/semana-2-600x269.jpg 600w\" sizes=\"(max-width: 1246px) 100vw, 1246px\" \/><\/a><\/p>\n<h3>Che cos&#8217;\u00e8 <a href=\"https:\/\/fedele.org\/que-es-fedele\/\">FEDELE<\/a>?<\/h3>\n<p>FEDELE spagnolo in Spagna \u00e8 la Federazione spagnola delle associazioni di scuole di spagnolo per stranieri, composta da sei associazioni, che insieme comprendono un centinaio di scuole di spagnolo come lingua straniera.<\/p>\n<p>L&#8217;obiettivo principale di FEDELE \u00e8 quello di promuovere uno status di qualit\u00e0 e professionalit\u00e0 delle aziende del settore nell&#8217;Insegnamento dello spagnolo in Spagna. L&#8217;intenzione \u00e8 quella di offrire una buona esperienza di immersione linguistica e culturale agli studenti di tutto il mondo.<\/p>\n<h3>Come partecipare alla seconda settimana digitale di spagnolo?<\/h3>\n<p>Se vuoi partecipare a questo evento digitale, iscriviti qui!<\/p>\n<p>[tboot_button url=&#8221;https:\/\/fedele.limequery.com\/891194?lang=es&#8221; color=&#8221;info&#8221; size=&#8221;lg&#8221; target=&#8221;self&#8221; rel=&#8221;&#8221;]INSCRIPCI\u00d3N SEMANA DIGITAL[\/tboot_button]<\/p>\n<p>\u00c8 totalmente gratuito!<\/p>\n<p><a href=\"https:\/\/www.inmsol.com\/wp-content\/uploads\/2021\/11\/semana-espanol.jpg\"><img decoding=\"async\" class=\"aligncenter size-full wp-image-59525\" src=\"https:\/\/www.inmsol.com\/wp-content\/uploads\/2021\/11\/semana-espanol.jpg\" alt=\"\" width=\"1246\" height=\"558\" srcset=\"https:\/\/www.inmsol.com\/wp-content\/uploads\/2021\/11\/semana-espanol.jpg 1246w, https:\/\/www.inmsol.com\/wp-content\/uploads\/2021\/11\/semana-espanol-800x358.jpg 800w, https:\/\/www.inmsol.com\/wp-content\/uploads\/2021\/11\/semana-espanol-64x29.jpg 64w, https:\/\/www.inmsol.com\/wp-content\/uploads\/2021\/11\/semana-espanol-460x206.jpg 460w, https:\/\/www.inmsol.com\/wp-content\/uploads\/2021\/11\/semana-espanol-1024x459.jpg 1024w, https:\/\/www.inmsol.com\/wp-content\/uploads\/2021\/11\/semana-espanol-768x344.jpg 768w, https:\/\/www.inmsol.com\/wp-content\/uploads\/2021\/11\/semana-espanol-250x112.jpg 250w, https:\/\/www.inmsol.com\/wp-content\/uploads\/2021\/11\/semana-espanol-600x269.jpg 600w\" sizes=\"(max-width: 1246px) 100vw, 1246px\" \/><\/a><\/p>\n<h3>Qual \u00e8 il programma?<\/h3>\n<p>Da luned\u00ec 15 novembre fino a venerd\u00ec 19 novembre ci saranno diversi corsi online che possono essere frequentati, tra cui:<\/p>\n<ul>\n<li>Lo spagnolo e il suo insegnamento.<\/li>\n<li>Turismo linguistico: variabili e sfide.<\/li>\n<li>Il settore privato dell&#8217;ELE in Spagna.<\/li>\n<li>Spagnolo e arte.<\/li>\n<li>Apprendimento ELE attraverso l&#8217;arte.<\/li>\n<li>Autonomia e risorse digitali in Campus Difusi\u00f3n.<\/li>\n<li>Spagnolo nelle sue espressioni scritte.<\/li>\n<li>Lo spagnolo nelle nuove tecnologie e la sua diversit\u00e0 linguistica.<\/li>\n<li>Workshop per professionisti delle lingue.<\/li>\n<li>Storia ed evoluzione della rivista HOLA come strumento di apprendimento ELE.<\/li>\n<li>Come offrire un feedback efficace e d&#8217;impatto nella lezione di spagnolo.<\/li>\n<li>Spagnolo e societ\u00e0.<\/li>\n<\/ul>\n<blockquote>\n<p style=\"text-align: center;\">Da <a href=\"https:\/\/www.inmsol.com\/it\/\" target=\"_blank\" rel=\"noopener\">iNMSOL<\/a> ti consigliamo di registrarti e partecipare all&#8217;evento: godi della formazione che offre!<\/p>\n<\/blockquote>\n","protected":false},"excerpt":{"rendered":"<p>Cos&#8217;\u00e8 la seconda settimana digitale di spagnolo? La seconda settimana digitale di spagnolo ha 35 ore di trasmissione in cui si incontreranno istituzioni, professionisti ELE e studenti di tutto il mondo. L&#8217;evento sar\u00e0 caratterizzato da interventi di diversi professionisti del settore e sessioni per tutti&#8230;<\/p>\n","protected":false},"author":3,"featured_media":59525,"comment_status":"open","ping_status":"closed","sticky":false,"template":"","format":"standard","meta":{"_acf_changed":false,"footnotes":""},"categories":[6,17],"tags":[],"class_list":["post-59504","post","type-post","status-publish","format-standard","has-post-thumbnail","hentry","category-blog-it-it","category-notizie-it-it"],"acf":[],"yoast_head":"<!-- This site is optimized with the Yoast SEO plugin v27.5 - https:\/\/yoast.com\/product\/yoast-seo-wordpress\/ -->\n<title>Seconda settimana digitale di spagnolo &#8226; iNMSOL<\/title>\n<meta name=\"description\" content=\"La seconda settimana digitale di spagnolo \u00e8 un evento organizzato da FEDELE. Non perdertelo!\" \/>\n<meta name=\"robots\" content=\"index, follow, max-snippet:-1, max-image-preview:large, max-video-preview:-1\" \/>\n<link rel=\"canonical\" href=\"https:\/\/www.inmsol.com\/it\/blog-it-it\/seconda-settimana-digitale-di-spagnolo\/\" \/>\n<meta property=\"og:locale\" content=\"it_IT\" \/>\n<meta property=\"og:type\" content=\"article\" \/>\n<meta property=\"og:title\" content=\"Seconda settimana digitale di spagnolo\" \/>\n<meta property=\"og:description\" content=\"La seconda settimana digitale di spagnolo \u00e8 un evento organizzato da FEDELE. Non perdertelo!\" \/>\n<meta property=\"og:url\" content=\"https:\/\/www.inmsol.com\/it\/blog-it-it\/seconda-settimana-digitale-di-spagnolo\/\" \/>\n<meta property=\"og:site_name\" content=\"iNMSOL\" \/>\n<meta property=\"article:publisher\" content=\"https:\/\/www.facebook.com\/spanishcourses\" \/>\n<meta property=\"article:published_time\" content=\"2021-11-12T12:35:41+00:00\" \/>\n<meta property=\"og:image\" content=\"https:\/\/www.inmsol.com\/wp-content\/uploads\/2021\/11\/semana-espanol.jpg\" \/>\n\t<meta property=\"og:image:width\" content=\"1246\" \/>\n\t<meta property=\"og:image:height\" content=\"558\" \/>\n\t<meta property=\"og:image:type\" content=\"image\/jpeg\" \/>\n<meta name=\"author\" content=\"- Instituto Mediterr\u00e1neo Sol\" \/>\n<meta name=\"twitter:label1\" content=\"Scritto da\" \/>\n\t<meta name=\"twitter:data1\" content=\"- Instituto Mediterr\u00e1neo Sol\" \/>\n\t<meta name=\"twitter:label2\" content=\"Tempo di lettura stimato\" \/>\n\t<meta name=\"twitter:data2\" content=\"2 minuti\" \/>\n<script type=\"application\/ld+json\" class=\"yoast-schema-graph\">{\"@context\":\"https:\\\/\\\/schema.org\",\"@graph\":[{\"@type\":\"Article\",\"@id\":\"https:\\\/\\\/www.inmsol.com\\\/it\\\/blog-it-it\\\/seconda-settimana-digitale-di-spagnolo\\\/#article\",\"isPartOf\":{\"@id\":\"https:\\\/\\\/www.inmsol.com\\\/it\\\/blog-it-it\\\/seconda-settimana-digitale-di-spagnolo\\\/\"},\"author\":{\"name\":\"- Instituto Mediterr\u00e1neo Sol\",\"@id\":\"https:\\\/\\\/www.inmsol.com\\\/it\\\/#\\\/schema\\\/person\\\/94a7a01d14a56d1fbc49c841ffc57fe9\"},\"headline\":\"Seconda settimana digitale di spagnolo\",\"datePublished\":\"2021-11-12T12:35:41+00:00\",\"mainEntityOfPage\":{\"@id\":\"https:\\\/\\\/www.inmsol.com\\\/it\\\/blog-it-it\\\/seconda-settimana-digitale-di-spagnolo\\\/\"},\"wordCount\":295,\"commentCount\":0,\"publisher\":{\"@id\":\"https:\\\/\\\/www.inmsol.com\\\/it\\\/#organization\"},\"image\":{\"@id\":\"https:\\\/\\\/www.inmsol.com\\\/it\\\/blog-it-it\\\/seconda-settimana-digitale-di-spagnolo\\\/#primaryimage\"},\"thumbnailUrl\":\"https:\\\/\\\/www.inmsol.com\\\/wp-content\\\/uploads\\\/2021\\\/11\\\/semana-espanol.jpg\",\"articleSection\":[\"Blog\",\"Notizie\"],\"inLanguage\":\"it-IT\",\"potentialAction\":[{\"@type\":\"CommentAction\",\"name\":\"Comment\",\"target\":[\"https:\\\/\\\/www.inmsol.com\\\/it\\\/blog-it-it\\\/seconda-settimana-digitale-di-spagnolo\\\/#respond\"]}]},{\"@type\":\"WebPage\",\"@id\":\"https:\\\/\\\/www.inmsol.com\\\/it\\\/blog-it-it\\\/seconda-settimana-digitale-di-spagnolo\\\/\",\"url\":\"https:\\\/\\\/www.inmsol.com\\\/it\\\/blog-it-it\\\/seconda-settimana-digitale-di-spagnolo\\\/\",\"name\":\"Seconda settimana digitale di spagnolo &#8226; iNMSOL\",\"isPartOf\":{\"@id\":\"https:\\\/\\\/www.inmsol.com\\\/it\\\/#website\"},\"primaryImageOfPage\":{\"@id\":\"https:\\\/\\\/www.inmsol.com\\\/it\\\/blog-it-it\\\/seconda-settimana-digitale-di-spagnolo\\\/#primaryimage\"},\"image\":{\"@id\":\"https:\\\/\\\/www.inmsol.com\\\/it\\\/blog-it-it\\\/seconda-settimana-digitale-di-spagnolo\\\/#primaryimage\"},\"thumbnailUrl\":\"https:\\\/\\\/www.inmsol.com\\\/wp-content\\\/uploads\\\/2021\\\/11\\\/semana-espanol.jpg\",\"datePublished\":\"2021-11-12T12:35:41+00:00\",\"description\":\"La seconda settimana digitale di spagnolo \u00e8 un evento organizzato da FEDELE. Non perdertelo!\",\"breadcrumb\":{\"@id\":\"https:\\\/\\\/www.inmsol.com\\\/it\\\/blog-it-it\\\/seconda-settimana-digitale-di-spagnolo\\\/#breadcrumb\"},\"inLanguage\":\"it-IT\",\"potentialAction\":[{\"@type\":\"ReadAction\",\"target\":[\"https:\\\/\\\/www.inmsol.com\\\/it\\\/blog-it-it\\\/seconda-settimana-digitale-di-spagnolo\\\/\"]}]},{\"@type\":\"ImageObject\",\"inLanguage\":\"it-IT\",\"@id\":\"https:\\\/\\\/www.inmsol.com\\\/it\\\/blog-it-it\\\/seconda-settimana-digitale-di-spagnolo\\\/#primaryimage\",\"url\":\"https:\\\/\\\/www.inmsol.com\\\/wp-content\\\/uploads\\\/2021\\\/11\\\/semana-espanol.jpg\",\"contentUrl\":\"https:\\\/\\\/www.inmsol.com\\\/wp-content\\\/uploads\\\/2021\\\/11\\\/semana-espanol.jpg\",\"width\":1246,\"height\":558},{\"@type\":\"BreadcrumbList\",\"@id\":\"https:\\\/\\\/www.inmsol.com\\\/it\\\/blog-it-it\\\/seconda-settimana-digitale-di-spagnolo\\\/#breadcrumb\",\"itemListElement\":[{\"@type\":\"ListItem\",\"position\":1,\"name\":\"Accredited Center by Instituto Cervantes\",\"item\":\"https:\\\/\\\/www.inmsol.com\\\/it\\\/pagina-ejemplo\\\/\"},{\"@type\":\"ListItem\",\"position\":2,\"name\":\"Blog\",\"item\":\"https:\\\/\\\/www.inmsol.com\\\/it\\\/category\\\/blog-it-it\\\/\"},{\"@type\":\"ListItem\",\"position\":3,\"name\":\"Seconda settimana digitale di spagnolo\"}]},{\"@type\":\"WebSite\",\"@id\":\"https:\\\/\\\/www.inmsol.com\\\/it\\\/#website\",\"url\":\"https:\\\/\\\/www.inmsol.com\\\/it\\\/\",\"name\":\"iNMSOL\",\"description\":\"Impara lo spagnolo con noi - Centro di studio accreditato con l'Istituto Cervantes\",\"publisher\":{\"@id\":\"https:\\\/\\\/www.inmsol.com\\\/it\\\/#organization\"},\"potentialAction\":[{\"@type\":\"SearchAction\",\"target\":{\"@type\":\"EntryPoint\",\"urlTemplate\":\"https:\\\/\\\/www.inmsol.com\\\/it\\\/?s={search_term_string}\"},\"query-input\":{\"@type\":\"PropertyValueSpecification\",\"valueRequired\":true,\"valueName\":\"search_term_string\"}}],\"inLanguage\":\"it-IT\"},{\"@type\":\"Organization\",\"@id\":\"https:\\\/\\\/www.inmsol.com\\\/it\\\/#organization\",\"name\":\"Instituto Mediterr\u00e1neo Sol\",\"url\":\"https:\\\/\\\/www.inmsol.com\\\/it\\\/\",\"logo\":{\"@type\":\"ImageObject\",\"inLanguage\":\"it-IT\",\"@id\":\"https:\\\/\\\/www.inmsol.com\\\/it\\\/#\\\/schema\\\/logo\\\/image\\\/\",\"url\":\"https:\\\/\\\/www.inmsol.com\\\/wp-content\\\/uploads\\\/2023\\\/06\\\/logo-inmsol-1.png\",\"contentUrl\":\"https:\\\/\\\/www.inmsol.com\\\/wp-content\\\/uploads\\\/2023\\\/06\\\/logo-inmsol-1.png\",\"width\":136,\"height\":73,\"caption\":\"Instituto Mediterr\u00e1neo Sol\"},\"image\":{\"@id\":\"https:\\\/\\\/www.inmsol.com\\\/it\\\/#\\\/schema\\\/logo\\\/image\\\/\"},\"sameAs\":[\"https:\\\/\\\/www.facebook.com\\\/spanishcourses\",\"https:\\\/\\\/x.com\\\/StudyInGranada\",\"http:\\\/\\\/instagram.com\\\/imsolgranada\",\"https:\\\/\\\/es.linkedin.com\\\/company\\\/imsol-granada\",\"https:\\\/\\\/www.pinterest.es\\\/inmsol\\\/\",\"https:\\\/\\\/www.youtube.com\\\/channel\\\/UChz-Qn_7coFMosY85iYMO4g\"]},{\"@type\":\"Person\",\"@id\":\"https:\\\/\\\/www.inmsol.com\\\/it\\\/#\\\/schema\\\/person\\\/94a7a01d14a56d1fbc49c841ffc57fe9\",\"name\":\"- Instituto Mediterr\u00e1neo Sol\",\"image\":{\"@type\":\"ImageObject\",\"inLanguage\":\"it-IT\",\"@id\":\"https:\\\/\\\/secure.gravatar.com\\\/avatar\\\/5607fdabdf1b548b6095cc3d43079829bc1497403e70dd34004e7204a8fef62b?s=96&d=mm&r=g\",\"url\":\"https:\\\/\\\/secure.gravatar.com\\\/avatar\\\/5607fdabdf1b548b6095cc3d43079829bc1497403e70dd34004e7204a8fef62b?s=96&d=mm&r=g\",\"contentUrl\":\"https:\\\/\\\/secure.gravatar.com\\\/avatar\\\/5607fdabdf1b548b6095cc3d43079829bc1497403e70dd34004e7204a8fef62b?s=96&d=mm&r=g\",\"caption\":\"- Instituto Mediterr\u00e1neo Sol\"},\"url\":\"https:\\\/\\\/www.inmsol.com\\\/it\\\/author\\\/laura\\\/\"}]}<\/script>\n<!-- \/ Yoast SEO plugin. -->","yoast_head_json":{"title":"Seconda settimana digitale di spagnolo &#8226; iNMSOL","description":"La seconda settimana digitale di spagnolo \u00e8 un evento organizzato da FEDELE. Non perdertelo!","robots":{"index":"index","follow":"follow","max-snippet":"max-snippet:-1","max-image-preview":"max-image-preview:large","max-video-preview":"max-video-preview:-1"},"canonical":"https:\/\/www.inmsol.com\/it\/blog-it-it\/seconda-settimana-digitale-di-spagnolo\/","og_locale":"it_IT","og_type":"article","og_title":"Seconda settimana digitale di spagnolo","og_description":"La seconda settimana digitale di spagnolo \u00e8 un evento organizzato da FEDELE. Non perdertelo!","og_url":"https:\/\/www.inmsol.com\/it\/blog-it-it\/seconda-settimana-digitale-di-spagnolo\/","og_site_name":"iNMSOL","article_publisher":"https:\/\/www.facebook.com\/spanishcourses","article_published_time":"2021-11-12T12:35:41+00:00","og_image":[{"width":1246,"height":558,"url":"https:\/\/www.inmsol.com\/wp-content\/uploads\/2021\/11\/semana-espanol.jpg","type":"image\/jpeg"}],"author":"- Instituto Mediterr\u00e1neo Sol","twitter_misc":{"Scritto da":"- Instituto Mediterr\u00e1neo Sol","Tempo di lettura stimato":"2 minuti"},"schema":{"@context":"https:\/\/schema.org","@graph":[{"@type":"Article","@id":"https:\/\/www.inmsol.com\/it\/blog-it-it\/seconda-settimana-digitale-di-spagnolo\/#article","isPartOf":{"@id":"https:\/\/www.inmsol.com\/it\/blog-it-it\/seconda-settimana-digitale-di-spagnolo\/"},"author":{"name":"- Instituto Mediterr\u00e1neo Sol","@id":"https:\/\/www.inmsol.com\/it\/#\/schema\/person\/94a7a01d14a56d1fbc49c841ffc57fe9"},"headline":"Seconda settimana digitale di spagnolo","datePublished":"2021-11-12T12:35:41+00:00","mainEntityOfPage":{"@id":"https:\/\/www.inmsol.com\/it\/blog-it-it\/seconda-settimana-digitale-di-spagnolo\/"},"wordCount":295,"commentCount":0,"publisher":{"@id":"https:\/\/www.inmsol.com\/it\/#organization"},"image":{"@id":"https:\/\/www.inmsol.com\/it\/blog-it-it\/seconda-settimana-digitale-di-spagnolo\/#primaryimage"},"thumbnailUrl":"https:\/\/www.inmsol.com\/wp-content\/uploads\/2021\/11\/semana-espanol.jpg","articleSection":["Blog","Notizie"],"inLanguage":"it-IT","potentialAction":[{"@type":"CommentAction","name":"Comment","target":["https:\/\/www.inmsol.com\/it\/blog-it-it\/seconda-settimana-digitale-di-spagnolo\/#respond"]}]},{"@type":"WebPage","@id":"https:\/\/www.inmsol.com\/it\/blog-it-it\/seconda-settimana-digitale-di-spagnolo\/","url":"https:\/\/www.inmsol.com\/it\/blog-it-it\/seconda-settimana-digitale-di-spagnolo\/","name":"Seconda settimana digitale di spagnolo &#8226; iNMSOL","isPartOf":{"@id":"https:\/\/www.inmsol.com\/it\/#website"},"primaryImageOfPage":{"@id":"https:\/\/www.inmsol.com\/it\/blog-it-it\/seconda-settimana-digitale-di-spagnolo\/#primaryimage"},"image":{"@id":"https:\/\/www.inmsol.com\/it\/blog-it-it\/seconda-settimana-digitale-di-spagnolo\/#primaryimage"},"thumbnailUrl":"https:\/\/www.inmsol.com\/wp-content\/uploads\/2021\/11\/semana-espanol.jpg","datePublished":"2021-11-12T12:35:41+00:00","description":"La seconda settimana digitale di spagnolo \u00e8 un evento organizzato da FEDELE. Non perdertelo!","breadcrumb":{"@id":"https:\/\/www.inmsol.com\/it\/blog-it-it\/seconda-settimana-digitale-di-spagnolo\/#breadcrumb"},"inLanguage":"it-IT","potentialAction":[{"@type":"ReadAction","target":["https:\/\/www.inmsol.com\/it\/blog-it-it\/seconda-settimana-digitale-di-spagnolo\/"]}]},{"@type":"ImageObject","inLanguage":"it-IT","@id":"https:\/\/www.inmsol.com\/it\/blog-it-it\/seconda-settimana-digitale-di-spagnolo\/#primaryimage","url":"https:\/\/www.inmsol.com\/wp-content\/uploads\/2021\/11\/semana-espanol.jpg","contentUrl":"https:\/\/www.inmsol.com\/wp-content\/uploads\/2021\/11\/semana-espanol.jpg","width":1246,"height":558},{"@type":"BreadcrumbList","@id":"https:\/\/www.inmsol.com\/it\/blog-it-it\/seconda-settimana-digitale-di-spagnolo\/#breadcrumb","itemListElement":[{"@type":"ListItem","position":1,"name":"Accredited Center by Instituto Cervantes","item":"https:\/\/www.inmsol.com\/it\/pagina-ejemplo\/"},{"@type":"ListItem","position":2,"name":"Blog","item":"https:\/\/www.inmsol.com\/it\/category\/blog-it-it\/"},{"@type":"ListItem","position":3,"name":"Seconda settimana digitale di spagnolo"}]},{"@type":"WebSite","@id":"https:\/\/www.inmsol.com\/it\/#website","url":"https:\/\/www.inmsol.com\/it\/","name":"iNMSOL","description":"Impara lo spagnolo con noi - Centro di studio accreditato con l'Istituto Cervantes","publisher":{"@id":"https:\/\/www.inmsol.com\/it\/#organization"},"potentialAction":[{"@type":"SearchAction","target":{"@type":"EntryPoint","urlTemplate":"https:\/\/www.inmsol.com\/it\/?s={search_term_string}"},"query-input":{"@type":"PropertyValueSpecification","valueRequired":true,"valueName":"search_term_string"}}],"inLanguage":"it-IT"},{"@type":"Organization","@id":"https:\/\/www.inmsol.com\/it\/#organization","name":"Instituto Mediterr\u00e1neo Sol","url":"https:\/\/www.inmsol.com\/it\/","logo":{"@type":"ImageObject","inLanguage":"it-IT","@id":"https:\/\/www.inmsol.com\/it\/#\/schema\/logo\/image\/","url":"https:\/\/www.inmsol.com\/wp-content\/uploads\/2023\/06\/logo-inmsol-1.png","contentUrl":"https:\/\/www.inmsol.com\/wp-content\/uploads\/2023\/06\/logo-inmsol-1.png","width":136,"height":73,"caption":"Instituto Mediterr\u00e1neo Sol"},"image":{"@id":"https:\/\/www.inmsol.com\/it\/#\/schema\/logo\/image\/"},"sameAs":["https:\/\/www.facebook.com\/spanishcourses","https:\/\/x.com\/StudyInGranada","http:\/\/instagram.com\/imsolgranada","https:\/\/es.linkedin.com\/company\/imsol-granada","https:\/\/www.pinterest.es\/inmsol\/","https:\/\/www.youtube.com\/channel\/UChz-Qn_7coFMosY85iYMO4g"]},{"@type":"Person","@id":"https:\/\/www.inmsol.com\/it\/#\/schema\/person\/94a7a01d14a56d1fbc49c841ffc57fe9","name":"- Instituto Mediterr\u00e1neo Sol","image":{"@type":"ImageObject","inLanguage":"it-IT","@id":"https:\/\/secure.gravatar.com\/avatar\/5607fdabdf1b548b6095cc3d43079829bc1497403e70dd34004e7204a8fef62b?s=96&d=mm&r=g","url":"https:\/\/secure.gravatar.com\/avatar\/5607fdabdf1b548b6095cc3d43079829bc1497403e70dd34004e7204a8fef62b?s=96&d=mm&r=g","contentUrl":"https:\/\/secure.gravatar.com\/avatar\/5607fdabdf1b548b6095cc3d43079829bc1497403e70dd34004e7204a8fef62b?s=96&d=mm&r=g","caption":"- Instituto Mediterr\u00e1neo Sol"},"url":"https:\/\/www.inmsol.com\/it\/author\/laura\/"}]}},"_links":{"self":[{"href":"https:\/\/www.inmsol.com\/it\/wp-json\/wp\/v2\/posts\/59504","targetHints":{"allow":["GET"]}}],"collection":[{"href":"https:\/\/www.inmsol.com\/it\/wp-json\/wp\/v2\/posts"}],"about":[{"href":"https:\/\/www.inmsol.com\/it\/wp-json\/wp\/v2\/types\/post"}],"author":[{"embeddable":true,"href":"https:\/\/www.inmsol.com\/it\/wp-json\/wp\/v2\/users\/3"}],"replies":[{"embeddable":true,"href":"https:\/\/www.inmsol.com\/it\/wp-json\/wp\/v2\/comments?post=59504"}],"version-history":[{"count":0,"href":"https:\/\/www.inmsol.com\/it\/wp-json\/wp\/v2\/posts\/59504\/revisions"}],"wp:featuredmedia":[{"embeddable":true,"href":"https:\/\/www.inmsol.com\/it\/wp-json\/wp\/v2\/media\/59525"}],"wp:attachment":[{"href":"https:\/\/www.inmsol.com\/it\/wp-json\/wp\/v2\/media?parent=59504"}],"wp:term":[{"taxonomy":"category","embeddable":true,"href":"https:\/\/www.inmsol.com\/it\/wp-json\/wp\/v2\/categories?post=59504"},{"taxonomy":"post_tag","embeddable":true,"href":"https:\/\/www.inmsol.com\/it\/wp-json\/wp\/v2\/tags?post=59504"}],"curies":[{"name":"wp","href":"https:\/\/api.w.org\/{rel}","templated":true}]}}