{"id":617,"date":"2011-01-24T14:25:39","date_gmt":"2011-01-24T14:25:39","guid":{"rendered":"https:\/\/www.inmsol.com\/"},"modified":"2012-11-18T12:58:33","modified_gmt":"2012-11-18T12:58:33","slug":"il-panorama-letterario-spagnolo-non-e-poi-tanto-apocalittico","status":"publish","type":"post","link":"https:\/\/www.inmsol.com\/it\/blog-it-it\/il-panorama-letterario-spagnolo-non-e-poi-tanto-apocalittico\/","title":{"rendered":"Il panorama letterario spagnolo non \u00e9 poi tanto apocalittico"},"content":{"rendered":"<p class=\"rtecenter\">\u00a0<img decoding=\"async\" width=\"230\" height=\"141\" src=\"https:\/\/www.inmsol.com\/wp-content\/files\/imagen_4.jpg\" \/>\u00a0<\/p>\n<p class=\"rtecenter\">La facolt\u00e1 di Filosof\u00eda y Letras di Granada accoglier\u00e1 come invitati<\/p>\n<p class=\"rtecenter\">\u00a0Carmen Bobes, Dar\u00edo Villanueva, Edmond Cros, Jenaro Talens e Roger Griffin<\/p>\n<p>\u00a0<\/p>\n<p><!--break--><\/p>\n<p>La facolt\u00e1 di Filosof\u00eda y Letras di Granada ospiter\u00e1, da mercoled\u00ed a venerd\u00ed prossimo, il I Congreso Internacional de la Asociaci\u00f3n Espa\u00f1ola de Teor\u00eda de la Literatura (Asetel). Sultana Wahn\u00f3n, presidentessa dell&#8217; associazione, descrive i principali punti salienti del congresso.\u00a0<\/p>\n<p>-Qual \u00e9 la finalit\u00e1 del congresso?<\/p>\n<p>-Dal 1999 organizziamo eventi letterari, con conferenzianti invitati estranei all area, ma con un pubblico composto essenzialmente da investigatori dell&#8217;area \u00a0soci dell&#8217; Asetel. Decidemmo poi, di aprire le attivit\u00e1 a tutti coloro che sn interessati alla teoria della letteratura.\u00a0<\/p>\n<p>-Chi saranno i principali invitati?<\/p>\n<p>-I cinque conferenzianti saranno: Carmen Bobes Naves, cattedratica dell&#8217; area e attuale presidentessa d&#8217;onore dell&#8217;Associazione. Far\u00e1 un discorso su un tema attuale come quello teorico-letterario. Dar\u00edo Villanueva, ex presidente di Asetel e attuale segretario della Real Academia Espa\u00f1ola, Edmond Cros, prestigioso rappresentante francese della Sociocritica, che tratter\u00e1 questioni di sociologia del XIX secolo. Jenaro Talens, poeta e teorico molto cxonosciuto a Granada, che non ha bisogno di presentazioni: la sua conferenza tratter\u00e1 il ruolo del lettore nell&#8217;epoca digitale. Roger Griffin, famoso storiografico britannico, specialista nel fascismo, che ha appena pubblicato un libro in Akal chiamato Modernismo e Fascismo.<\/p>\n<p>-Quali sono gli obiettivi di questo congresso al di fuori dell&#8217;ambito accademico?<\/p>\n<p>-Il Congresso vedr\u00e1 interventi di persone specializzate che cercheranno di attirare anche l&#8217;attenzione di un pubblico piu vasto. Per fare un esempio, ci son temi che vertono sul best seller, sulla letteratura o sul cinema occidentale. Altri s&#8217;addentrano in questioni che possono essere interessanti per coloro che sn interessati di politica. Si parler\u00e1 anche di Auschwitz, di letteratura dell&#8217;olocausto&#8230;per far s\u00ed che non tutto sia tanto specializzato ne tanto &#8220;chiuso&#8221;: il pubblico \u00a0pu\u00f3 scegliere tra diverse prospettive del fenomeno letterario, alcune pi\u00fa esoteriche e specializzate di altre.<\/p>\n<p>-In che modo la Teoria della letteratura assume la real\u00e1 di un panorama dove, come succede in Spagna, si legge poco e la letteratura si centra nei Best Seller?<\/p>\n<p>-Alla teoria letteraria interessano tutti i fenomeni relazionati con la letteratura , inclusi i best sellers. Pertanto, direi che la teoria della letteratura assume la realt\u00e1 come \u00e9 necessario assumere la realt\u00e1, ossia come ci\u00f3 che esiste e dev\u00e8ssere spiegato. Si tratterebbe di chiedersi cosa c&#8217;\u00e9 nei best sellers che attrae a un tale numero di lettori, che sono la chiave del suo esito. Chiaramente, questo non esclude l&#8217;obbligo di stabilire giudizi di valore \u00a0e avvertire i lettori sui migliori valori letterari. . Ci sono stati best sellers come &#8220;Il nome della Rosa&#8221;. Anche se il numero di lettori \u00e9 diminuito rispetto al passato, comunque si mantiene intorno al 55% . Il panorama, non \u00e9 quindi da considerarsi totalmente apocalittico!!!<\/p>\n<p>\u00a0<\/p>\n<p>\u00a0<\/p>\n<p><a href=\"http:\/\/www.granadahoy.com\/article\/ocio\/887643\/panorama\/literario\/espana\/no\/es\/tan\/apocaliptico.html\">http:\/\/www.granadahoy.com\/article\/ocio\/887643\/panorama\/literario\/espana\/no\/es\/tan\/apocaliptico.html<\/a><\/p>\n","protected":false},"excerpt":{"rendered":"<p>\u00a0\u00a0 La facolt\u00e1 di Filosof\u00eda y Letras di Granada accoglier\u00e1 come invitati \u00a0Carmen Bobes, Dar\u00edo Villanueva, Edmond Cros, Jenaro Talens e Roger Griffin \u00a0 La facolt\u00e1 di Filosof\u00eda y Letras di Granada ospiter\u00e1, da mercoled\u00ed a venerd\u00ed prossimo, il I Congreso Internacional de la Asociaci\u00f3n&#8230;<\/p>\n","protected":false},"author":2,"featured_media":0,"comment_status":"closed","ping_status":"closed","sticky":false,"template":"","format":"standard","meta":{"_acf_changed":false,"footnotes":""},"categories":[6],"tags":[],"class_list":["post-617","post","type-post","status-publish","format-standard","hentry","category-blog-it-it"],"acf":[],"yoast_head":"<!-- This site is optimized with the Yoast SEO plugin v27.5 - https:\/\/yoast.com\/product\/yoast-seo-wordpress\/ -->\n<title>Il panorama letterario spagnolo non \u00e9 poi tanto apocalittico &#8226; iNMSOL<\/title>\n<meta name=\"robots\" content=\"index, follow, max-snippet:-1, max-image-preview:large, max-video-preview:-1\" \/>\n<link rel=\"canonical\" href=\"https:\/\/www.inmsol.com\/it\/blog-it-it\/il-panorama-letterario-spagnolo-non-e-poi-tanto-apocalittico\/\" \/>\n<meta property=\"og:locale\" content=\"it_IT\" \/>\n<meta property=\"og:type\" content=\"article\" \/>\n<meta property=\"og:title\" content=\"Il panorama letterario spagnolo non \u00e9 poi tanto apocalittico &#8226; iNMSOL\" \/>\n<meta property=\"og:description\" content=\"\u00a0\u00a0 La facolt\u00e1 di Filosof\u00eda y Letras di Granada accoglier\u00e1 come invitati \u00a0Carmen Bobes, Dar\u00edo Villanueva, Edmond Cros, Jenaro Talens e Roger Griffin \u00a0 La facolt\u00e1 di Filosof\u00eda y Letras di Granada ospiter\u00e1, da mercoled\u00ed a venerd\u00ed prossimo, il I Congreso Internacional de la Asociaci\u00f3n...\" \/>\n<meta property=\"og:url\" content=\"https:\/\/www.inmsol.com\/it\/blog-it-it\/il-panorama-letterario-spagnolo-non-e-poi-tanto-apocalittico\/\" \/>\n<meta property=\"og:site_name\" content=\"iNMSOL\" \/>\n<meta property=\"article:publisher\" content=\"https:\/\/www.facebook.com\/spanishcourses\" \/>\n<meta property=\"article:published_time\" content=\"2011-01-24T14:25:39+00:00\" \/>\n<meta property=\"article:modified_time\" content=\"2012-11-18T12:58:33+00:00\" \/>\n<meta property=\"og:image\" content=\"https:\/\/www.inmsol.com\/wp-content\/files\/imagen_4.jpg\" \/>\n<meta name=\"author\" content=\"Javier Torres\" \/>\n<meta name=\"twitter:label1\" content=\"Scritto da\" \/>\n\t<meta name=\"twitter:data1\" content=\"Javier Torres\" \/>\n\t<meta name=\"twitter:label2\" content=\"Tempo di lettura stimato\" \/>\n\t<meta name=\"twitter:data2\" content=\"2 minuti\" \/>\n<script type=\"application\/ld+json\" class=\"yoast-schema-graph\">{\"@context\":\"https:\\\/\\\/schema.org\",\"@graph\":[{\"@type\":\"Article\",\"@id\":\"https:\\\/\\\/www.inmsol.com\\\/it\\\/blog-it-it\\\/il-panorama-letterario-spagnolo-non-e-poi-tanto-apocalittico\\\/#article\",\"isPartOf\":{\"@id\":\"https:\\\/\\\/www.inmsol.com\\\/it\\\/blog-it-it\\\/il-panorama-letterario-spagnolo-non-e-poi-tanto-apocalittico\\\/\"},\"author\":{\"name\":\"Javier Torres\",\"@id\":\"https:\\\/\\\/www.inmsol.com\\\/it\\\/#\\\/schema\\\/person\\\/18f18acd0397ef441e373e79ec3eb6ea\"},\"headline\":\"Il panorama letterario spagnolo non \u00e9 poi tanto apocalittico\",\"datePublished\":\"2011-01-24T14:25:39+00:00\",\"dateModified\":\"2012-11-18T12:58:33+00:00\",\"mainEntityOfPage\":{\"@id\":\"https:\\\/\\\/www.inmsol.com\\\/it\\\/blog-it-it\\\/il-panorama-letterario-spagnolo-non-e-poi-tanto-apocalittico\\\/\"},\"wordCount\":495,\"publisher\":{\"@id\":\"https:\\\/\\\/www.inmsol.com\\\/it\\\/#organization\"},\"image\":{\"@id\":\"https:\\\/\\\/www.inmsol.com\\\/it\\\/blog-it-it\\\/il-panorama-letterario-spagnolo-non-e-poi-tanto-apocalittico\\\/#primaryimage\"},\"thumbnailUrl\":\"https:\\\/\\\/www.inmsol.com\\\/wp-content\\\/files\\\/imagen_4.jpg\",\"articleSection\":[\"Blog\"],\"inLanguage\":\"it-IT\"},{\"@type\":\"WebPage\",\"@id\":\"https:\\\/\\\/www.inmsol.com\\\/it\\\/blog-it-it\\\/il-panorama-letterario-spagnolo-non-e-poi-tanto-apocalittico\\\/\",\"url\":\"https:\\\/\\\/www.inmsol.com\\\/it\\\/blog-it-it\\\/il-panorama-letterario-spagnolo-non-e-poi-tanto-apocalittico\\\/\",\"name\":\"Il panorama letterario spagnolo non \u00e9 poi tanto apocalittico &#8226; iNMSOL\",\"isPartOf\":{\"@id\":\"https:\\\/\\\/www.inmsol.com\\\/it\\\/#website\"},\"primaryImageOfPage\":{\"@id\":\"https:\\\/\\\/www.inmsol.com\\\/it\\\/blog-it-it\\\/il-panorama-letterario-spagnolo-non-e-poi-tanto-apocalittico\\\/#primaryimage\"},\"image\":{\"@id\":\"https:\\\/\\\/www.inmsol.com\\\/it\\\/blog-it-it\\\/il-panorama-letterario-spagnolo-non-e-poi-tanto-apocalittico\\\/#primaryimage\"},\"thumbnailUrl\":\"https:\\\/\\\/www.inmsol.com\\\/wp-content\\\/files\\\/imagen_4.jpg\",\"datePublished\":\"2011-01-24T14:25:39+00:00\",\"dateModified\":\"2012-11-18T12:58:33+00:00\",\"breadcrumb\":{\"@id\":\"https:\\\/\\\/www.inmsol.com\\\/it\\\/blog-it-it\\\/il-panorama-letterario-spagnolo-non-e-poi-tanto-apocalittico\\\/#breadcrumb\"},\"inLanguage\":\"it-IT\",\"potentialAction\":[{\"@type\":\"ReadAction\",\"target\":[\"https:\\\/\\\/www.inmsol.com\\\/it\\\/blog-it-it\\\/il-panorama-letterario-spagnolo-non-e-poi-tanto-apocalittico\\\/\"]}]},{\"@type\":\"ImageObject\",\"inLanguage\":\"it-IT\",\"@id\":\"https:\\\/\\\/www.inmsol.com\\\/it\\\/blog-it-it\\\/il-panorama-letterario-spagnolo-non-e-poi-tanto-apocalittico\\\/#primaryimage\",\"url\":\"https:\\\/\\\/www.inmsol.com\\\/wp-content\\\/files\\\/imagen_4.jpg\",\"contentUrl\":\"https:\\\/\\\/www.inmsol.com\\\/wp-content\\\/files\\\/imagen_4.jpg\"},{\"@type\":\"BreadcrumbList\",\"@id\":\"https:\\\/\\\/www.inmsol.com\\\/it\\\/blog-it-it\\\/il-panorama-letterario-spagnolo-non-e-poi-tanto-apocalittico\\\/#breadcrumb\",\"itemListElement\":[{\"@type\":\"ListItem\",\"position\":1,\"name\":\"Accredited Center by Instituto Cervantes\",\"item\":\"https:\\\/\\\/www.inmsol.com\\\/it\\\/pagina-ejemplo\\\/\"},{\"@type\":\"ListItem\",\"position\":2,\"name\":\"Blog\",\"item\":\"https:\\\/\\\/www.inmsol.com\\\/it\\\/category\\\/blog-it-it\\\/\"},{\"@type\":\"ListItem\",\"position\":3,\"name\":\"Il panorama letterario spagnolo non \u00e9 poi tanto apocalittico\"}]},{\"@type\":\"WebSite\",\"@id\":\"https:\\\/\\\/www.inmsol.com\\\/it\\\/#website\",\"url\":\"https:\\\/\\\/www.inmsol.com\\\/it\\\/\",\"name\":\"iNMSOL\",\"description\":\"Impara lo spagnolo con noi - Centro di studio accreditato con l'Istituto Cervantes\",\"publisher\":{\"@id\":\"https:\\\/\\\/www.inmsol.com\\\/it\\\/#organization\"},\"potentialAction\":[{\"@type\":\"SearchAction\",\"target\":{\"@type\":\"EntryPoint\",\"urlTemplate\":\"https:\\\/\\\/www.inmsol.com\\\/it\\\/?s={search_term_string}\"},\"query-input\":{\"@type\":\"PropertyValueSpecification\",\"valueRequired\":true,\"valueName\":\"search_term_string\"}}],\"inLanguage\":\"it-IT\"},{\"@type\":\"Organization\",\"@id\":\"https:\\\/\\\/www.inmsol.com\\\/it\\\/#organization\",\"name\":\"Instituto Mediterr\u00e1neo Sol\",\"url\":\"https:\\\/\\\/www.inmsol.com\\\/it\\\/\",\"logo\":{\"@type\":\"ImageObject\",\"inLanguage\":\"it-IT\",\"@id\":\"https:\\\/\\\/www.inmsol.com\\\/it\\\/#\\\/schema\\\/logo\\\/image\\\/\",\"url\":\"https:\\\/\\\/www.inmsol.com\\\/wp-content\\\/uploads\\\/2023\\\/06\\\/logo-inmsol-1.png\",\"contentUrl\":\"https:\\\/\\\/www.inmsol.com\\\/wp-content\\\/uploads\\\/2023\\\/06\\\/logo-inmsol-1.png\",\"width\":136,\"height\":73,\"caption\":\"Instituto Mediterr\u00e1neo Sol\"},\"image\":{\"@id\":\"https:\\\/\\\/www.inmsol.com\\\/it\\\/#\\\/schema\\\/logo\\\/image\\\/\"},\"sameAs\":[\"https:\\\/\\\/www.facebook.com\\\/spanishcourses\",\"https:\\\/\\\/x.com\\\/StudyInGranada\",\"http:\\\/\\\/instagram.com\\\/imsolgranada\",\"https:\\\/\\\/es.linkedin.com\\\/company\\\/imsol-granada\",\"https:\\\/\\\/www.pinterest.es\\\/inmsol\\\/\",\"https:\\\/\\\/www.youtube.com\\\/channel\\\/UChz-Qn_7coFMosY85iYMO4g\"]},{\"@type\":\"Person\",\"@id\":\"https:\\\/\\\/www.inmsol.com\\\/it\\\/#\\\/schema\\\/person\\\/18f18acd0397ef441e373e79ec3eb6ea\",\"name\":\"Javier Torres\",\"image\":{\"@type\":\"ImageObject\",\"inLanguage\":\"it-IT\",\"@id\":\"https:\\\/\\\/secure.gravatar.com\\\/avatar\\\/90afa2d6499550218d247408758082af566e5ec3641e1b8eac0d7bb889344a55?s=96&d=mm&r=g\",\"url\":\"https:\\\/\\\/secure.gravatar.com\\\/avatar\\\/90afa2d6499550218d247408758082af566e5ec3641e1b8eac0d7bb889344a55?s=96&d=mm&r=g\",\"contentUrl\":\"https:\\\/\\\/secure.gravatar.com\\\/avatar\\\/90afa2d6499550218d247408758082af566e5ec3641e1b8eac0d7bb889344a55?s=96&d=mm&r=g\",\"caption\":\"Javier Torres\"},\"url\":\"https:\\\/\\\/www.inmsol.com\\\/it\\\/author\\\/javier\\\/\"}]}<\/script>\n<!-- \/ Yoast SEO plugin. -->","yoast_head_json":{"title":"Il panorama letterario spagnolo non \u00e9 poi tanto apocalittico &#8226; iNMSOL","robots":{"index":"index","follow":"follow","max-snippet":"max-snippet:-1","max-image-preview":"max-image-preview:large","max-video-preview":"max-video-preview:-1"},"canonical":"https:\/\/www.inmsol.com\/it\/blog-it-it\/il-panorama-letterario-spagnolo-non-e-poi-tanto-apocalittico\/","og_locale":"it_IT","og_type":"article","og_title":"Il panorama letterario spagnolo non \u00e9 poi tanto apocalittico &#8226; iNMSOL","og_description":"\u00a0\u00a0 La facolt\u00e1 di Filosof\u00eda y Letras di Granada accoglier\u00e1 come invitati \u00a0Carmen Bobes, Dar\u00edo Villanueva, Edmond Cros, Jenaro Talens e Roger Griffin \u00a0 La facolt\u00e1 di Filosof\u00eda y Letras di Granada ospiter\u00e1, da mercoled\u00ed a venerd\u00ed prossimo, il I Congreso Internacional de la Asociaci\u00f3n...","og_url":"https:\/\/www.inmsol.com\/it\/blog-it-it\/il-panorama-letterario-spagnolo-non-e-poi-tanto-apocalittico\/","og_site_name":"iNMSOL","article_publisher":"https:\/\/www.facebook.com\/spanishcourses","article_published_time":"2011-01-24T14:25:39+00:00","article_modified_time":"2012-11-18T12:58:33+00:00","og_image":[{"url":"https:\/\/www.inmsol.com\/wp-content\/files\/imagen_4.jpg","type":"","width":"","height":""}],"author":"Javier Torres","twitter_misc":{"Scritto da":"Javier Torres","Tempo di lettura stimato":"2 minuti"},"schema":{"@context":"https:\/\/schema.org","@graph":[{"@type":"Article","@id":"https:\/\/www.inmsol.com\/it\/blog-it-it\/il-panorama-letterario-spagnolo-non-e-poi-tanto-apocalittico\/#article","isPartOf":{"@id":"https:\/\/www.inmsol.com\/it\/blog-it-it\/il-panorama-letterario-spagnolo-non-e-poi-tanto-apocalittico\/"},"author":{"name":"Javier Torres","@id":"https:\/\/www.inmsol.com\/it\/#\/schema\/person\/18f18acd0397ef441e373e79ec3eb6ea"},"headline":"Il panorama letterario spagnolo non \u00e9 poi tanto apocalittico","datePublished":"2011-01-24T14:25:39+00:00","dateModified":"2012-11-18T12:58:33+00:00","mainEntityOfPage":{"@id":"https:\/\/www.inmsol.com\/it\/blog-it-it\/il-panorama-letterario-spagnolo-non-e-poi-tanto-apocalittico\/"},"wordCount":495,"publisher":{"@id":"https:\/\/www.inmsol.com\/it\/#organization"},"image":{"@id":"https:\/\/www.inmsol.com\/it\/blog-it-it\/il-panorama-letterario-spagnolo-non-e-poi-tanto-apocalittico\/#primaryimage"},"thumbnailUrl":"https:\/\/www.inmsol.com\/wp-content\/files\/imagen_4.jpg","articleSection":["Blog"],"inLanguage":"it-IT"},{"@type":"WebPage","@id":"https:\/\/www.inmsol.com\/it\/blog-it-it\/il-panorama-letterario-spagnolo-non-e-poi-tanto-apocalittico\/","url":"https:\/\/www.inmsol.com\/it\/blog-it-it\/il-panorama-letterario-spagnolo-non-e-poi-tanto-apocalittico\/","name":"Il panorama letterario spagnolo non \u00e9 poi tanto apocalittico &#8226; iNMSOL","isPartOf":{"@id":"https:\/\/www.inmsol.com\/it\/#website"},"primaryImageOfPage":{"@id":"https:\/\/www.inmsol.com\/it\/blog-it-it\/il-panorama-letterario-spagnolo-non-e-poi-tanto-apocalittico\/#primaryimage"},"image":{"@id":"https:\/\/www.inmsol.com\/it\/blog-it-it\/il-panorama-letterario-spagnolo-non-e-poi-tanto-apocalittico\/#primaryimage"},"thumbnailUrl":"https:\/\/www.inmsol.com\/wp-content\/files\/imagen_4.jpg","datePublished":"2011-01-24T14:25:39+00:00","dateModified":"2012-11-18T12:58:33+00:00","breadcrumb":{"@id":"https:\/\/www.inmsol.com\/it\/blog-it-it\/il-panorama-letterario-spagnolo-non-e-poi-tanto-apocalittico\/#breadcrumb"},"inLanguage":"it-IT","potentialAction":[{"@type":"ReadAction","target":["https:\/\/www.inmsol.com\/it\/blog-it-it\/il-panorama-letterario-spagnolo-non-e-poi-tanto-apocalittico\/"]}]},{"@type":"ImageObject","inLanguage":"it-IT","@id":"https:\/\/www.inmsol.com\/it\/blog-it-it\/il-panorama-letterario-spagnolo-non-e-poi-tanto-apocalittico\/#primaryimage","url":"https:\/\/www.inmsol.com\/wp-content\/files\/imagen_4.jpg","contentUrl":"https:\/\/www.inmsol.com\/wp-content\/files\/imagen_4.jpg"},{"@type":"BreadcrumbList","@id":"https:\/\/www.inmsol.com\/it\/blog-it-it\/il-panorama-letterario-spagnolo-non-e-poi-tanto-apocalittico\/#breadcrumb","itemListElement":[{"@type":"ListItem","position":1,"name":"Accredited Center by Instituto Cervantes","item":"https:\/\/www.inmsol.com\/it\/pagina-ejemplo\/"},{"@type":"ListItem","position":2,"name":"Blog","item":"https:\/\/www.inmsol.com\/it\/category\/blog-it-it\/"},{"@type":"ListItem","position":3,"name":"Il panorama letterario spagnolo non \u00e9 poi tanto apocalittico"}]},{"@type":"WebSite","@id":"https:\/\/www.inmsol.com\/it\/#website","url":"https:\/\/www.inmsol.com\/it\/","name":"iNMSOL","description":"Impara lo spagnolo con noi - Centro di studio accreditato con l'Istituto Cervantes","publisher":{"@id":"https:\/\/www.inmsol.com\/it\/#organization"},"potentialAction":[{"@type":"SearchAction","target":{"@type":"EntryPoint","urlTemplate":"https:\/\/www.inmsol.com\/it\/?s={search_term_string}"},"query-input":{"@type":"PropertyValueSpecification","valueRequired":true,"valueName":"search_term_string"}}],"inLanguage":"it-IT"},{"@type":"Organization","@id":"https:\/\/www.inmsol.com\/it\/#organization","name":"Instituto Mediterr\u00e1neo Sol","url":"https:\/\/www.inmsol.com\/it\/","logo":{"@type":"ImageObject","inLanguage":"it-IT","@id":"https:\/\/www.inmsol.com\/it\/#\/schema\/logo\/image\/","url":"https:\/\/www.inmsol.com\/wp-content\/uploads\/2023\/06\/logo-inmsol-1.png","contentUrl":"https:\/\/www.inmsol.com\/wp-content\/uploads\/2023\/06\/logo-inmsol-1.png","width":136,"height":73,"caption":"Instituto Mediterr\u00e1neo Sol"},"image":{"@id":"https:\/\/www.inmsol.com\/it\/#\/schema\/logo\/image\/"},"sameAs":["https:\/\/www.facebook.com\/spanishcourses","https:\/\/x.com\/StudyInGranada","http:\/\/instagram.com\/imsolgranada","https:\/\/es.linkedin.com\/company\/imsol-granada","https:\/\/www.pinterest.es\/inmsol\/","https:\/\/www.youtube.com\/channel\/UChz-Qn_7coFMosY85iYMO4g"]},{"@type":"Person","@id":"https:\/\/www.inmsol.com\/it\/#\/schema\/person\/18f18acd0397ef441e373e79ec3eb6ea","name":"Javier Torres","image":{"@type":"ImageObject","inLanguage":"it-IT","@id":"https:\/\/secure.gravatar.com\/avatar\/90afa2d6499550218d247408758082af566e5ec3641e1b8eac0d7bb889344a55?s=96&d=mm&r=g","url":"https:\/\/secure.gravatar.com\/avatar\/90afa2d6499550218d247408758082af566e5ec3641e1b8eac0d7bb889344a55?s=96&d=mm&r=g","contentUrl":"https:\/\/secure.gravatar.com\/avatar\/90afa2d6499550218d247408758082af566e5ec3641e1b8eac0d7bb889344a55?s=96&d=mm&r=g","caption":"Javier Torres"},"url":"https:\/\/www.inmsol.com\/it\/author\/javier\/"}]}},"_links":{"self":[{"href":"https:\/\/www.inmsol.com\/it\/wp-json\/wp\/v2\/posts\/617","targetHints":{"allow":["GET"]}}],"collection":[{"href":"https:\/\/www.inmsol.com\/it\/wp-json\/wp\/v2\/posts"}],"about":[{"href":"https:\/\/www.inmsol.com\/it\/wp-json\/wp\/v2\/types\/post"}],"author":[{"embeddable":true,"href":"https:\/\/www.inmsol.com\/it\/wp-json\/wp\/v2\/users\/2"}],"replies":[{"embeddable":true,"href":"https:\/\/www.inmsol.com\/it\/wp-json\/wp\/v2\/comments?post=617"}],"version-history":[{"count":0,"href":"https:\/\/www.inmsol.com\/it\/wp-json\/wp\/v2\/posts\/617\/revisions"}],"wp:attachment":[{"href":"https:\/\/www.inmsol.com\/it\/wp-json\/wp\/v2\/media?parent=617"}],"wp:term":[{"taxonomy":"category","embeddable":true,"href":"https:\/\/www.inmsol.com\/it\/wp-json\/wp\/v2\/categories?post=617"},{"taxonomy":"post_tag","embeddable":true,"href":"https:\/\/www.inmsol.com\/it\/wp-json\/wp\/v2\/tags?post=617"}],"curies":[{"name":"wp","href":"https:\/\/api.w.org\/{rel}","templated":true}]}}