{"id":62105,"date":"2022-07-11T11:25:13","date_gmt":"2022-07-11T09:25:13","guid":{"rendered":"https:\/\/www.inmsol.com\/?p=62105"},"modified":"2022-07-27T12:51:06","modified_gmt":"2022-07-27T10:51:06","slug":"dinastia-nazari","status":"publish","type":"post","link":"https:\/\/www.inmsol.com\/it\/blog-it-it\/cultura-letteratura-storia-spagna\/dinastia-nazari\/","title":{"rendered":"Dinastia Nazar\u00ec"},"content":{"rendered":"<p>Granada \u00e8 famosa per il suo rapporto con la cultura musulmana. Una specifica dinastia ha governato su Granada per numerosi anni. Quest&#8217;ultima \u00e8 la nota <a href=\"https:\/\/es.wikipedia.org\/wiki\/Nazar%C3%AD\" target=\"_blank\" rel=\"noopener\">dinastia Nazar\u00ec<\/a>. \u00c8 stata l&#8217;ultima dinastia musulmana a governare il Regno di Granada dal 1238 al 2 gennaio 1492.<\/p>\n<p>Ci furono ben 20 sultani musulmani a Granada, l&#8217;ultimo di questi si chiamava Boabdil. Il sultano in questione era conosciuto come &#8220;il giovane re&#8221;. Si rifiut\u00f2 di pagare il tributo imposto dalla Corona di Castiglia a sfavore del Regno di Granada. Questo gesto and\u00f2 a discapito della sopravvivenza del regno granadino, perch\u00e8 la regina Isabella I di Castiglia decise di entrare in guerra con il regno nazar\u00ec. Assieme alla guerra civile in corso, ci\u00f2 facilit\u00f2 la successiva riconquista cristiana.<\/p>\n<p>L&#8217;organizzazione territoriale e amministrativa del regno musulmano era realizzata attraverso i <em>tahas<\/em>. Quest&#8217;ultimi erano i distretti amministrativi in cui si era diviso il regno.<\/p>\n<p>\u00c8 durante il regno di questa dinastia che fu costruito il palazzo dell&#8217;Alhambra, considerato il massimo esponente dell&#8217;arte nazar\u00ec e uno dei gioielli dell&#8217;arte musulmana di tutti i tempi.<\/p>\n<p>La dinastia dei Nazar\u00ec discendeva dalla trib\u00f9 araba dei Banu Khazraj, rivendicava una discendenza maschile diretta da Sa&#8217;d ibn Ubadah, capo della trib\u00f9 e uno dei compagni del profeta islamico Maometto. Il Nasab di Yusuf (soprannominato &#8220;al-Ahmar&#8221;, cio\u00e8 &#8220;il Rosso&#8221;). La dinastia musulmana cre\u00f2\u00a0<em>Al &#8211; Andalus<\/em>, il nome che gli arabi diedero alla Penisola Iberica durante il Medioevo. Secondo gli autori arabi medievali Al-Andalus raggruppava tutte le aree conquistate dalle truppe arabo-musulmane.<\/p>\n<p><a href=\"https:\/\/www.inmsol.com\/wp-content\/uploads\/2022\/07\/R.jpg\"><img fetchpriority=\"high\" decoding=\"async\" class=\"aligncenter wp-image-62106 size-full\" title=\"Dinastia Nazar\u00ec\" src=\"https:\/\/www.inmsol.com\/wp-content\/uploads\/2022\/07\/R.jpg\" alt=\"Dinastia Nazar\u00ec\" width=\"940\" height=\"500\" srcset=\"https:\/\/www.inmsol.com\/wp-content\/uploads\/2022\/07\/R.jpg 940w, https:\/\/www.inmsol.com\/wp-content\/uploads\/2022\/07\/R-800x426.jpg 800w, https:\/\/www.inmsol.com\/wp-content\/uploads\/2022\/07\/R-64x34.jpg 64w, https:\/\/www.inmsol.com\/wp-content\/uploads\/2022\/07\/R-460x245.jpg 460w, https:\/\/www.inmsol.com\/wp-content\/uploads\/2022\/07\/R-768x409.jpg 768w, https:\/\/www.inmsol.com\/wp-content\/uploads\/2022\/07\/R-250x133.jpg 250w, https:\/\/www.inmsol.com\/wp-content\/uploads\/2022\/07\/R-600x319.jpg 600w\" sizes=\"(max-width: 940px) 100vw, 940px\" \/><\/a><\/p>\n<p>&nbsp;<\/p>\n","protected":false},"excerpt":{"rendered":"<p>Granada \u00e8 famosa per il suo rapporto con la cultura musulmana. Una specifica dinastia ha governato su Granada per numerosi anni. Quest&#8217;ultima \u00e8 la nota dinastia Nazar\u00ec. \u00c8 stata l&#8217;ultima dinastia musulmana a governare il Regno di Granada dal 1238 al 2 gennaio 1492. Ci&#8230;<\/p>\n","protected":false},"author":31,"featured_media":62106,"comment_status":"open","ping_status":"closed","sticky":false,"template":"","format":"standard","meta":{"_acf_changed":false,"footnotes":""},"categories":[34],"tags":[],"class_list":["post-62105","post","type-post","status-publish","format-standard","has-post-thumbnail","hentry","category-cultura-letteratura-storia-spagna"],"acf":[],"yoast_head":"<!-- This site is optimized with the Yoast SEO plugin v27.5 - https:\/\/yoast.com\/product\/yoast-seo-wordpress\/ -->\n<title>Dinastia Nazar\u00ec &#8226; iNMSOL<\/title>\n<meta name=\"description\" content=\"Storia della dinastia Nazar\u00ec a Granada.\" \/>\n<meta name=\"robots\" content=\"index, follow, max-snippet:-1, max-image-preview:large, max-video-preview:-1\" \/>\n<link rel=\"canonical\" href=\"https:\/\/www.inmsol.com\/it\/blog-it-it\/cultura-letteratura-storia-spagna\/dinastia-nazari\/\" \/>\n<meta property=\"og:locale\" content=\"it_IT\" \/>\n<meta property=\"og:type\" content=\"article\" \/>\n<meta property=\"og:title\" content=\"Dinastia Nazar\u00ec &#8226; iNMSOL\" \/>\n<meta property=\"og:description\" content=\"Storia della dinastia Nazar\u00ec a Granada.\" \/>\n<meta property=\"og:url\" content=\"https:\/\/www.inmsol.com\/it\/blog-it-it\/cultura-letteratura-storia-spagna\/dinastia-nazari\/\" \/>\n<meta property=\"og:site_name\" content=\"iNMSOL\" \/>\n<meta property=\"article:publisher\" content=\"https:\/\/www.facebook.com\/spanishcourses\" \/>\n<meta property=\"article:published_time\" content=\"2022-07-11T09:25:13+00:00\" \/>\n<meta property=\"article:modified_time\" content=\"2022-07-27T10:51:06+00:00\" \/>\n<meta property=\"og:image\" content=\"https:\/\/www.inmsol.com\/wp-content\/uploads\/2022\/07\/R.jpg\" \/>\n\t<meta property=\"og:image:width\" content=\"940\" \/>\n\t<meta property=\"og:image:height\" content=\"500\" \/>\n\t<meta property=\"og:image:type\" content=\"image\/jpeg\" \/>\n<meta name=\"author\" content=\"Rocio Mart\u00ednez\" \/>\n<meta name=\"twitter:label1\" content=\"Scritto da\" \/>\n\t<meta name=\"twitter:data1\" content=\"Rocio Mart\u00ednez\" \/>\n\t<meta name=\"twitter:label2\" content=\"Tempo di lettura stimato\" \/>\n\t<meta name=\"twitter:data2\" content=\"2 minuti\" \/>\n<script type=\"application\/ld+json\" class=\"yoast-schema-graph\">{\"@context\":\"https:\\\/\\\/schema.org\",\"@graph\":[{\"@type\":\"Article\",\"@id\":\"https:\\\/\\\/www.inmsol.com\\\/it\\\/blog-it-it\\\/cultura-letteratura-storia-spagna\\\/dinastia-nazari\\\/#article\",\"isPartOf\":{\"@id\":\"https:\\\/\\\/www.inmsol.com\\\/it\\\/blog-it-it\\\/cultura-letteratura-storia-spagna\\\/dinastia-nazari\\\/\"},\"author\":{\"name\":\"Rocio Mart\u00ednez\",\"@id\":\"https:\\\/\\\/www.inmsol.com\\\/it\\\/#\\\/schema\\\/person\\\/d041a9956283741a6ed56e0530eb28b5\"},\"headline\":\"Dinastia Nazar\u00ec\",\"datePublished\":\"2022-07-11T09:25:13+00:00\",\"dateModified\":\"2022-07-27T10:51:06+00:00\",\"mainEntityOfPage\":{\"@id\":\"https:\\\/\\\/www.inmsol.com\\\/it\\\/blog-it-it\\\/cultura-letteratura-storia-spagna\\\/dinastia-nazari\\\/\"},\"wordCount\":253,\"commentCount\":0,\"publisher\":{\"@id\":\"https:\\\/\\\/www.inmsol.com\\\/it\\\/#organization\"},\"image\":{\"@id\":\"https:\\\/\\\/www.inmsol.com\\\/it\\\/blog-it-it\\\/cultura-letteratura-storia-spagna\\\/dinastia-nazari\\\/#primaryimage\"},\"thumbnailUrl\":\"https:\\\/\\\/www.inmsol.com\\\/wp-content\\\/uploads\\\/2022\\\/07\\\/R.jpg\",\"articleSection\":[\"Cultura, Letteratura e Storia della Spagna e Latinoamerica\"],\"inLanguage\":\"it-IT\",\"potentialAction\":[{\"@type\":\"CommentAction\",\"name\":\"Comment\",\"target\":[\"https:\\\/\\\/www.inmsol.com\\\/it\\\/blog-it-it\\\/cultura-letteratura-storia-spagna\\\/dinastia-nazari\\\/#respond\"]}]},{\"@type\":\"WebPage\",\"@id\":\"https:\\\/\\\/www.inmsol.com\\\/it\\\/blog-it-it\\\/cultura-letteratura-storia-spagna\\\/dinastia-nazari\\\/\",\"url\":\"https:\\\/\\\/www.inmsol.com\\\/it\\\/blog-it-it\\\/cultura-letteratura-storia-spagna\\\/dinastia-nazari\\\/\",\"name\":\"Dinastia Nazar\u00ec &#8226; iNMSOL\",\"isPartOf\":{\"@id\":\"https:\\\/\\\/www.inmsol.com\\\/it\\\/#website\"},\"primaryImageOfPage\":{\"@id\":\"https:\\\/\\\/www.inmsol.com\\\/it\\\/blog-it-it\\\/cultura-letteratura-storia-spagna\\\/dinastia-nazari\\\/#primaryimage\"},\"image\":{\"@id\":\"https:\\\/\\\/www.inmsol.com\\\/it\\\/blog-it-it\\\/cultura-letteratura-storia-spagna\\\/dinastia-nazari\\\/#primaryimage\"},\"thumbnailUrl\":\"https:\\\/\\\/www.inmsol.com\\\/wp-content\\\/uploads\\\/2022\\\/07\\\/R.jpg\",\"datePublished\":\"2022-07-11T09:25:13+00:00\",\"dateModified\":\"2022-07-27T10:51:06+00:00\",\"description\":\"Storia della dinastia Nazar\u00ec a Granada.\",\"breadcrumb\":{\"@id\":\"https:\\\/\\\/www.inmsol.com\\\/it\\\/blog-it-it\\\/cultura-letteratura-storia-spagna\\\/dinastia-nazari\\\/#breadcrumb\"},\"inLanguage\":\"it-IT\",\"potentialAction\":[{\"@type\":\"ReadAction\",\"target\":[\"https:\\\/\\\/www.inmsol.com\\\/it\\\/blog-it-it\\\/cultura-letteratura-storia-spagna\\\/dinastia-nazari\\\/\"]}]},{\"@type\":\"ImageObject\",\"inLanguage\":\"it-IT\",\"@id\":\"https:\\\/\\\/www.inmsol.com\\\/it\\\/blog-it-it\\\/cultura-letteratura-storia-spagna\\\/dinastia-nazari\\\/#primaryimage\",\"url\":\"https:\\\/\\\/www.inmsol.com\\\/wp-content\\\/uploads\\\/2022\\\/07\\\/R.jpg\",\"contentUrl\":\"https:\\\/\\\/www.inmsol.com\\\/wp-content\\\/uploads\\\/2022\\\/07\\\/R.jpg\",\"width\":940,\"height\":500},{\"@type\":\"BreadcrumbList\",\"@id\":\"https:\\\/\\\/www.inmsol.com\\\/it\\\/blog-it-it\\\/cultura-letteratura-storia-spagna\\\/dinastia-nazari\\\/#breadcrumb\",\"itemListElement\":[{\"@type\":\"ListItem\",\"position\":1,\"name\":\"Accredited Center by Instituto Cervantes\",\"item\":\"https:\\\/\\\/www.inmsol.com\\\/it\\\/pagina-ejemplo\\\/\"},{\"@type\":\"ListItem\",\"position\":2,\"name\":\"Blog\",\"item\":\"https:\\\/\\\/www.inmsol.com\\\/it\\\/category\\\/blog-it-it\\\/\"},{\"@type\":\"ListItem\",\"position\":3,\"name\":\"Cultura, Letteratura e Storia della Spagna e Latinoamerica\",\"item\":\"https:\\\/\\\/www.inmsol.com\\\/it\\\/category\\\/blog-it-it\\\/cultura-letteratura-storia-spagna\\\/\"},{\"@type\":\"ListItem\",\"position\":4,\"name\":\"Dinastia Nazar\u00ec\"}]},{\"@type\":\"WebSite\",\"@id\":\"https:\\\/\\\/www.inmsol.com\\\/it\\\/#website\",\"url\":\"https:\\\/\\\/www.inmsol.com\\\/it\\\/\",\"name\":\"iNMSOL\",\"description\":\"Impara lo spagnolo con noi - Centro di studio accreditato con l'Istituto Cervantes\",\"publisher\":{\"@id\":\"https:\\\/\\\/www.inmsol.com\\\/it\\\/#organization\"},\"potentialAction\":[{\"@type\":\"SearchAction\",\"target\":{\"@type\":\"EntryPoint\",\"urlTemplate\":\"https:\\\/\\\/www.inmsol.com\\\/it\\\/?s={search_term_string}\"},\"query-input\":{\"@type\":\"PropertyValueSpecification\",\"valueRequired\":true,\"valueName\":\"search_term_string\"}}],\"inLanguage\":\"it-IT\"},{\"@type\":\"Organization\",\"@id\":\"https:\\\/\\\/www.inmsol.com\\\/it\\\/#organization\",\"name\":\"Instituto Mediterr\u00e1neo Sol\",\"url\":\"https:\\\/\\\/www.inmsol.com\\\/it\\\/\",\"logo\":{\"@type\":\"ImageObject\",\"inLanguage\":\"it-IT\",\"@id\":\"https:\\\/\\\/www.inmsol.com\\\/it\\\/#\\\/schema\\\/logo\\\/image\\\/\",\"url\":\"https:\\\/\\\/www.inmsol.com\\\/wp-content\\\/uploads\\\/2023\\\/06\\\/logo-inmsol-1.png\",\"contentUrl\":\"https:\\\/\\\/www.inmsol.com\\\/wp-content\\\/uploads\\\/2023\\\/06\\\/logo-inmsol-1.png\",\"width\":136,\"height\":73,\"caption\":\"Instituto Mediterr\u00e1neo Sol\"},\"image\":{\"@id\":\"https:\\\/\\\/www.inmsol.com\\\/it\\\/#\\\/schema\\\/logo\\\/image\\\/\"},\"sameAs\":[\"https:\\\/\\\/www.facebook.com\\\/spanishcourses\",\"https:\\\/\\\/x.com\\\/StudyInGranada\",\"http:\\\/\\\/instagram.com\\\/imsolgranada\",\"https:\\\/\\\/es.linkedin.com\\\/company\\\/imsol-granada\",\"https:\\\/\\\/www.pinterest.es\\\/inmsol\\\/\",\"https:\\\/\\\/www.youtube.com\\\/channel\\\/UChz-Qn_7coFMosY85iYMO4g\"]},{\"@type\":\"Person\",\"@id\":\"https:\\\/\\\/www.inmsol.com\\\/it\\\/#\\\/schema\\\/person\\\/d041a9956283741a6ed56e0530eb28b5\",\"name\":\"Rocio Mart\u00ednez\",\"image\":{\"@type\":\"ImageObject\",\"inLanguage\":\"it-IT\",\"@id\":\"https:\\\/\\\/secure.gravatar.com\\\/avatar\\\/95b9b0d999ef55a048952ade325bea9ee664237dc576277e59c3cc8fc6ea1123?s=96&d=mm&r=g\",\"url\":\"https:\\\/\\\/secure.gravatar.com\\\/avatar\\\/95b9b0d999ef55a048952ade325bea9ee664237dc576277e59c3cc8fc6ea1123?s=96&d=mm&r=g\",\"contentUrl\":\"https:\\\/\\\/secure.gravatar.com\\\/avatar\\\/95b9b0d999ef55a048952ade325bea9ee664237dc576277e59c3cc8fc6ea1123?s=96&d=mm&r=g\",\"caption\":\"Rocio Mart\u00ednez\"},\"url\":\"https:\\\/\\\/www.inmsol.com\\\/it\\\/author\\\/secretaria\\\/\"}]}<\/script>\n<!-- \/ Yoast SEO plugin. -->","yoast_head_json":{"title":"Dinastia Nazar\u00ec &#8226; iNMSOL","description":"Storia della dinastia Nazar\u00ec a Granada.","robots":{"index":"index","follow":"follow","max-snippet":"max-snippet:-1","max-image-preview":"max-image-preview:large","max-video-preview":"max-video-preview:-1"},"canonical":"https:\/\/www.inmsol.com\/it\/blog-it-it\/cultura-letteratura-storia-spagna\/dinastia-nazari\/","og_locale":"it_IT","og_type":"article","og_title":"Dinastia Nazar\u00ec &#8226; iNMSOL","og_description":"Storia della dinastia Nazar\u00ec a Granada.","og_url":"https:\/\/www.inmsol.com\/it\/blog-it-it\/cultura-letteratura-storia-spagna\/dinastia-nazari\/","og_site_name":"iNMSOL","article_publisher":"https:\/\/www.facebook.com\/spanishcourses","article_published_time":"2022-07-11T09:25:13+00:00","article_modified_time":"2022-07-27T10:51:06+00:00","og_image":[{"width":940,"height":500,"url":"https:\/\/www.inmsol.com\/wp-content\/uploads\/2022\/07\/R.jpg","type":"image\/jpeg"}],"author":"Rocio Mart\u00ednez","twitter_misc":{"Scritto da":"Rocio Mart\u00ednez","Tempo di lettura stimato":"2 minuti"},"schema":{"@context":"https:\/\/schema.org","@graph":[{"@type":"Article","@id":"https:\/\/www.inmsol.com\/it\/blog-it-it\/cultura-letteratura-storia-spagna\/dinastia-nazari\/#article","isPartOf":{"@id":"https:\/\/www.inmsol.com\/it\/blog-it-it\/cultura-letteratura-storia-spagna\/dinastia-nazari\/"},"author":{"name":"Rocio Mart\u00ednez","@id":"https:\/\/www.inmsol.com\/it\/#\/schema\/person\/d041a9956283741a6ed56e0530eb28b5"},"headline":"Dinastia Nazar\u00ec","datePublished":"2022-07-11T09:25:13+00:00","dateModified":"2022-07-27T10:51:06+00:00","mainEntityOfPage":{"@id":"https:\/\/www.inmsol.com\/it\/blog-it-it\/cultura-letteratura-storia-spagna\/dinastia-nazari\/"},"wordCount":253,"commentCount":0,"publisher":{"@id":"https:\/\/www.inmsol.com\/it\/#organization"},"image":{"@id":"https:\/\/www.inmsol.com\/it\/blog-it-it\/cultura-letteratura-storia-spagna\/dinastia-nazari\/#primaryimage"},"thumbnailUrl":"https:\/\/www.inmsol.com\/wp-content\/uploads\/2022\/07\/R.jpg","articleSection":["Cultura, Letteratura e Storia della Spagna e Latinoamerica"],"inLanguage":"it-IT","potentialAction":[{"@type":"CommentAction","name":"Comment","target":["https:\/\/www.inmsol.com\/it\/blog-it-it\/cultura-letteratura-storia-spagna\/dinastia-nazari\/#respond"]}]},{"@type":"WebPage","@id":"https:\/\/www.inmsol.com\/it\/blog-it-it\/cultura-letteratura-storia-spagna\/dinastia-nazari\/","url":"https:\/\/www.inmsol.com\/it\/blog-it-it\/cultura-letteratura-storia-spagna\/dinastia-nazari\/","name":"Dinastia Nazar\u00ec &#8226; iNMSOL","isPartOf":{"@id":"https:\/\/www.inmsol.com\/it\/#website"},"primaryImageOfPage":{"@id":"https:\/\/www.inmsol.com\/it\/blog-it-it\/cultura-letteratura-storia-spagna\/dinastia-nazari\/#primaryimage"},"image":{"@id":"https:\/\/www.inmsol.com\/it\/blog-it-it\/cultura-letteratura-storia-spagna\/dinastia-nazari\/#primaryimage"},"thumbnailUrl":"https:\/\/www.inmsol.com\/wp-content\/uploads\/2022\/07\/R.jpg","datePublished":"2022-07-11T09:25:13+00:00","dateModified":"2022-07-27T10:51:06+00:00","description":"Storia della dinastia Nazar\u00ec a Granada.","breadcrumb":{"@id":"https:\/\/www.inmsol.com\/it\/blog-it-it\/cultura-letteratura-storia-spagna\/dinastia-nazari\/#breadcrumb"},"inLanguage":"it-IT","potentialAction":[{"@type":"ReadAction","target":["https:\/\/www.inmsol.com\/it\/blog-it-it\/cultura-letteratura-storia-spagna\/dinastia-nazari\/"]}]},{"@type":"ImageObject","inLanguage":"it-IT","@id":"https:\/\/www.inmsol.com\/it\/blog-it-it\/cultura-letteratura-storia-spagna\/dinastia-nazari\/#primaryimage","url":"https:\/\/www.inmsol.com\/wp-content\/uploads\/2022\/07\/R.jpg","contentUrl":"https:\/\/www.inmsol.com\/wp-content\/uploads\/2022\/07\/R.jpg","width":940,"height":500},{"@type":"BreadcrumbList","@id":"https:\/\/www.inmsol.com\/it\/blog-it-it\/cultura-letteratura-storia-spagna\/dinastia-nazari\/#breadcrumb","itemListElement":[{"@type":"ListItem","position":1,"name":"Accredited Center by Instituto Cervantes","item":"https:\/\/www.inmsol.com\/it\/pagina-ejemplo\/"},{"@type":"ListItem","position":2,"name":"Blog","item":"https:\/\/www.inmsol.com\/it\/category\/blog-it-it\/"},{"@type":"ListItem","position":3,"name":"Cultura, Letteratura e Storia della Spagna e Latinoamerica","item":"https:\/\/www.inmsol.com\/it\/category\/blog-it-it\/cultura-letteratura-storia-spagna\/"},{"@type":"ListItem","position":4,"name":"Dinastia Nazar\u00ec"}]},{"@type":"WebSite","@id":"https:\/\/www.inmsol.com\/it\/#website","url":"https:\/\/www.inmsol.com\/it\/","name":"iNMSOL","description":"Impara lo spagnolo con noi - Centro di studio accreditato con l'Istituto Cervantes","publisher":{"@id":"https:\/\/www.inmsol.com\/it\/#organization"},"potentialAction":[{"@type":"SearchAction","target":{"@type":"EntryPoint","urlTemplate":"https:\/\/www.inmsol.com\/it\/?s={search_term_string}"},"query-input":{"@type":"PropertyValueSpecification","valueRequired":true,"valueName":"search_term_string"}}],"inLanguage":"it-IT"},{"@type":"Organization","@id":"https:\/\/www.inmsol.com\/it\/#organization","name":"Instituto Mediterr\u00e1neo Sol","url":"https:\/\/www.inmsol.com\/it\/","logo":{"@type":"ImageObject","inLanguage":"it-IT","@id":"https:\/\/www.inmsol.com\/it\/#\/schema\/logo\/image\/","url":"https:\/\/www.inmsol.com\/wp-content\/uploads\/2023\/06\/logo-inmsol-1.png","contentUrl":"https:\/\/www.inmsol.com\/wp-content\/uploads\/2023\/06\/logo-inmsol-1.png","width":136,"height":73,"caption":"Instituto Mediterr\u00e1neo Sol"},"image":{"@id":"https:\/\/www.inmsol.com\/it\/#\/schema\/logo\/image\/"},"sameAs":["https:\/\/www.facebook.com\/spanishcourses","https:\/\/x.com\/StudyInGranada","http:\/\/instagram.com\/imsolgranada","https:\/\/es.linkedin.com\/company\/imsol-granada","https:\/\/www.pinterest.es\/inmsol\/","https:\/\/www.youtube.com\/channel\/UChz-Qn_7coFMosY85iYMO4g"]},{"@type":"Person","@id":"https:\/\/www.inmsol.com\/it\/#\/schema\/person\/d041a9956283741a6ed56e0530eb28b5","name":"Rocio Mart\u00ednez","image":{"@type":"ImageObject","inLanguage":"it-IT","@id":"https:\/\/secure.gravatar.com\/avatar\/95b9b0d999ef55a048952ade325bea9ee664237dc576277e59c3cc8fc6ea1123?s=96&d=mm&r=g","url":"https:\/\/secure.gravatar.com\/avatar\/95b9b0d999ef55a048952ade325bea9ee664237dc576277e59c3cc8fc6ea1123?s=96&d=mm&r=g","contentUrl":"https:\/\/secure.gravatar.com\/avatar\/95b9b0d999ef55a048952ade325bea9ee664237dc576277e59c3cc8fc6ea1123?s=96&d=mm&r=g","caption":"Rocio Mart\u00ednez"},"url":"https:\/\/www.inmsol.com\/it\/author\/secretaria\/"}]}},"_links":{"self":[{"href":"https:\/\/www.inmsol.com\/it\/wp-json\/wp\/v2\/posts\/62105","targetHints":{"allow":["GET"]}}],"collection":[{"href":"https:\/\/www.inmsol.com\/it\/wp-json\/wp\/v2\/posts"}],"about":[{"href":"https:\/\/www.inmsol.com\/it\/wp-json\/wp\/v2\/types\/post"}],"author":[{"embeddable":true,"href":"https:\/\/www.inmsol.com\/it\/wp-json\/wp\/v2\/users\/31"}],"replies":[{"embeddable":true,"href":"https:\/\/www.inmsol.com\/it\/wp-json\/wp\/v2\/comments?post=62105"}],"version-history":[{"count":0,"href":"https:\/\/www.inmsol.com\/it\/wp-json\/wp\/v2\/posts\/62105\/revisions"}],"wp:featuredmedia":[{"embeddable":true,"href":"https:\/\/www.inmsol.com\/it\/wp-json\/wp\/v2\/media\/62106"}],"wp:attachment":[{"href":"https:\/\/www.inmsol.com\/it\/wp-json\/wp\/v2\/media?parent=62105"}],"wp:term":[{"taxonomy":"category","embeddable":true,"href":"https:\/\/www.inmsol.com\/it\/wp-json\/wp\/v2\/categories?post=62105"},{"taxonomy":"post_tag","embeddable":true,"href":"https:\/\/www.inmsol.com\/it\/wp-json\/wp\/v2\/tags?post=62105"}],"curies":[{"name":"wp","href":"https:\/\/api.w.org\/{rel}","templated":true}]}}