{"id":666,"date":"2011-02-11T12:04:32","date_gmt":"2011-02-11T12:04:32","guid":{"rendered":"https:\/\/www.inmsol.com\/"},"modified":"2014-09-30T15:13:43","modified_gmt":"2014-09-30T13:13:43","slug":"la-guerra-civile-spagnola","status":"publish","type":"post","link":"https:\/\/www.inmsol.com\/it\/blog-it-it\/la-guerra-civile-spagnola\/","title":{"rendered":"La guerra civile spagnola"},"content":{"rendered":"<p><!--break--><\/p>\n<p align=\"JUSTIFY\"><span id=\"1297952312383S\" style=\"display: none;\"><\/span>La guerra civile spagnola del 1936-39 \u00e8 la prova generale della Seconda guerra mondiale perch\u00e9 vede impegnate a sostegno delle due parti in lotta \u2013 pi\u00f9 o meno direttamente e con differente peso militare \u2013 da un lato Inghilterra, Francia e Urss, e dall\u2019altro Italia, Germania e Portogallo. La Spagna, dunque, \u00e8 il teatro del primo scontro armato tra fascismo e antifascismo, con gli italiani \u2013 le camice nere di Mussolini da un lato, e gli oppositori del regime dall\u2019altro \u2013 impegnati su entrambi i fronti.<\/p>\n<p>&nbsp;<\/p>\n<p align=\"JUSTIFY\"><b><strong>La Spagna negli anni Trenta <\/strong><\/b><\/p>\n<p align=\"JUSTIFY\">La Spagna degli anni Trenta \u00e8 ancora una realt\u00e0 precapitalistica, ad eccezione di alcune zone fortemente industrializzate. Ai pochi grandi proprietari terrieri, infatti, si contrappone la massa di braccianti agricoli, operai e minatori, tra cui trovano terreno fertile le teorie e i movimenti socialisti; tra i ceti medi urbani, invece, si fanno strada, oltre a quelli socialisti, anche i movimenti democratico-repubblicani e anticlericali. Alle elezioni politiche del 1931 i repubblicani e i socialisti alleati ottengono una importante affermazione, che segna la caduta della dittatura di Primo de Rivera e del re Alfonso XIII. La destra cattolica, per\u00f2, grazie anche al favore dell\u2019esercito, torna al potere l\u2019anno seguente.<\/p>\n<p align=\"JUSTIFY\">La situazione politica e sociale \u00e8 incandescente. Nel 1934, per reprimere i moti insurrezionali dei minatori (ottobre spagnolo), interviene la legione straniera comandata dal generale Francisco Franco.<\/p>\n<p align=\"JUSTIFY\">\n<p align=\"JUSTIFY\"><strong>La vittoria del Fronte Popolare e lo scoppio della guerra civile<\/strong><\/p>\n<p align=\"JUSTIFY\">Due anni dopo, nel febbraio del &#8217;36, alle nuove elezioni politiche, le forze di sinistra tornano al governo grazie al primo esperimento di Fronte popolare (repubblicani moderati, socialisti, comunisti e cattolici baschi autonomisti). In estate per\u00f2 la situazione precipita: il 17 luglio le truppe di stanza nel Marocco insorgono ed il giorno dopo la rivolta si estende a tutto il paese. \u00c8 l\u2019inizio della guerra civile, con pesanti ripercussioni anche sul piano internazionale. Le forze governative, appoggiate da operai e contadini, stroncano la ribellione a Madrid, Barcellona e in molti centri industriali del Nord e dell\u2019Est ma i ribelli riescono ad imporsi in Navarra, Galizia e Nuova Castiglia e ad occupare le principali citt\u00e0 dell\u2019Andalusia (Cadice, Cordoba e Siviglia).<\/p>\n<p align=\"center\"><img fetchpriority=\"high\" decoding=\"async\" src=\"http:\/\/www.storiaxxisecolo.it\/antifascismo\/cartinaspa1.jpg\" alt=\"cartinaspa1.jpg (59188 byte)\" width=\"415\" height=\"413\" \/><\/p>\n<p align=\"JUSTIFY\">Nella spietata guerra civile che si combatte in gran parte del paese sono contrapposti il governo repubblicano che pu\u00f2 contare sulle forze di polizia e masse di volontari in genere provenienti dalle regioni industriali e le forze nazionaliste (franchiste) che riuniscono quasi tutti i quadri delle forze armate (salvo l\u2019aviazione) e le forze politiche nazionaliste, cattoliche e tradizionaliste.<\/p>\n<p align=\"JUSTIFY\">\n<p align=\"JUSTIFY\"><strong>L&#8217;intervento delle potenze stranierei<\/strong><\/p>\n<p align=\"JUSTIFY\">Il regime fascista italiano e quello nazista, prendendo spunto dall\u2019assassinio del monarchico J. Calvo Sotelo (13 luglio) intervengono prima in forma quasi clandestina appoggiando i militari ribelli che aderiscono al \u201cpronunciamento\u201d del generale Francisco Franco, poi nell\u2019autunno in modo palese.<\/p>\n<p align=\"JUSTIFY\">Mussolini ed Hitler \u2013 uniti dal Patto d\u2019acciaio dell\u2019ottobre 1936 \u2013 inviano notevoli rinforzi \u2013 uomini e armi, anche aerei \u2013 a sostegno di Franco. Complessivamente gli effettivi italiani saranno 78.846 tra esercito, marina e aviazione, di cui 6.000 caduti e 15.000 feriti. Il Portogallo forn\u00ec a Franco non meno di 20.000 volontari, garantendo la sicurezza delle frontiere con i territori occupati dai ribelli.<\/p>\n<p align=\"JUSTIFY\">L\u2019invio di aerei forniti da Hitler e Mussolini permette ai rivoltosi di trasferire sulla penisola l\u2019Esercito d\u2019Africa, le loro truppe pi\u00f9 efficienti, che iniziano ad avanzare verso Madrid.<\/p>\n<p align=\"JUSTIFY\">Al cospicuo impegno di Italia e Germania, non corrisponde un eguale sforzo da parte di Inghilterra (governata dai conservatori che perseguono una politica di pace con la Germania) e Francia (governata s\u00ec da un fronte popolare formato da radicali, socialisti e comunisti, ma alle prese con pesanti difficolt\u00e0 interne). Molto di pi\u00f9 fanno l&#8217;Urss, che invia armi e consiglieri militari e organizza le Brigate Internazionali, e il Messico.<\/p>\n<p align=\"center\"><img decoding=\"async\" src=\"http:\/\/www.storiaxxisecolo.it\/antifascismo\/cartinaspa2.jpg\" alt=\"cartinaspa2.jpg (64389 byte)\" width=\"425\" height=\"407\" \/><\/p>\n<p align=\"left\"><strong>\u00a0<\/strong><\/p>\n<p align=\"left\"><strong>Le Brigate Internazionali<\/strong><\/p>\n<p align=\"JUSTIFY\">\n<p align=\"JUSTIFY\">In soccorso del Fronte popolare, si schierano anche i fuoriusciti italiani, gli antifascisti in esilio, soprattutto aderenti a Giustizia e Libert\u00e0 (Carlo Rosselli organizza una colonna di volontari fin dall\u2019estate del 1936), gli anarchici come Camillo Berneri; i comunisti confluiscono nelle Brigate internazionali, composte da uomini di diversa nazionalit\u00e0 ed anche di differenti tendenze politiche. La partecipazione dei volontari italiani, inquadrati nella Brigata Garibaldi, \u00e8 consistente, circa 3.350 effettivi, e mise in campo alcuni tra i maggiori esponenti dell&#8217;antifascismo: i comunisti Togliatti, Longo, Di Vittorio e Vidali, il socialista Nenni, il repubblicano Pacciardi.<\/p>\n<p align=\"JUSTIFY\">\n<p align=\"JUSTIFY\">Guidate dal generale russo Emil Kl\u00e9ber, le Brigate internazionali hanno un ruolo determinante nella difesa di Madrid, distinguendosi nella battaglia di Guadalajara nel marzo 1937, dove si trovano di fronte gli antifascisti italiani del battaglione Garibaldi e i cosiddetti volontari fascisti del Corpo Truppe Volontarie, \u00a0 e nelle grandi offensive repubblicane su Belchite (agosto) e Teruel (dicembre 1937 &#8211; gennaio 1938) e sull&#8217;Ebro (luglio 1938).<\/p>\n<p align=\"JUSTIFY\">\n<p align=\"JUSTIFY\">Nel fronte antifascista per\u00f2 non mancano contrasti e divergenze interne, specie tra comunisti e anarchici, che ne indeboliscono l\u2019azione. Inoltre, se la guerra civile spagnola segna una prima generale mobilitazione delle forze antifasciste in Europa, il patto di non aggressione tra Germania e Urss del 1939 ne determina una secca una battuta d\u2019arresto, per ordine dello stesso Stalin ai comunisti europei; l\u2019azione riprender\u00e0 con vigore solo con l\u2019aggressione tedesca ai danni della stessa Unione Sovietica, e il delinearsi dell\u2019alleanza antinazista che vede Stalin impegnato al fianco delle democrazie occidentali.<\/p>\n<p align=\"JUSTIFY\">Nell&#8217;autunno del &#8217;38, su pressione delle democrazie occidentali impegnate nella politica di &#8220;non intervento&#8221;, il governo repubblicano decide il ritiro dal fronte delle Brigate internazionali, tenendo una parata di addio il 29 ottobre 1938 a Barcellona. Dei 59.380 volontari accorsi in Spagna da cinquanta diversi paesi per combattere il fascismo, i caduti furono 9934 mentre 7686 furono feriti gravemente.<\/p>\n<p>&nbsp;<\/p>\n<p align=\"JUSTIFY\">\n<p align=\"center\"><img decoding=\"async\" src=\"http:\/\/www.storiaxxisecolo.it\/antifascismo\/cartinaspa3.jpg\" alt=\"cartinaspa3.jpg (60895 byte)\" width=\"412\" height=\"402\" \/><\/p>\n<p align=\"JUSTIFY\">\n<p align=\"JUSTIFY\"><strong>La disfatta dei &#8220;repubblicani&#8221;<\/strong><\/p>\n<p align=\"JUSTIFY\">Non riuscendo ad avere ragione della resistenza dei madrileni, i nazionalisti attaccano ed occupano le Province basche, le Asturie e l\u2019Aragona dividendo la Catalogna dalla parte centrale. Per tentare di bloccare queste iniziative i lealisti effettuano delle operazioni diversive che culminano nelle battaglie di Brunete, Belchite, Teruel ed infine nel luglio del 1938 nell\u2019offensiva dell\u2019Ebro, dove i repubblicani riescono a penetrare in territorio nemico per circa quaranta chilometri, ma poi la superiorit\u00e0 di mezzi, soprattutto aerei ed artiglieria, degli insorti li costringe a ritornare alle basi di partenza.<\/p>\n<p align=\"JUSTIFY\">Il 23 dicembre del &#8217;38, dopo avere riorganizzato i reparti e raggruppato notevoli quantitativi di scorte e mezzi, l&#8217;esercito nazionalista scatena, da sud verso nord, l&#8217;offensiva finale dell&#8217;Ebro per conquistare la Catalogna. L&#8217;avanzata, pur contrastata dalle residue forze repubblicane della regione, oramai prive di armamento pesante, scardina uno dopo l&#8217;altro tutti i centri difensivi avversari posti a difesa del grande fiume e, dopo un mese di violenti combattimenti, il 26 gennaio 1939, le prime avanguardie motorizzate e blindate franchiste e italiane entrano a Barcellona.<\/p>\n<p align=\"JUSTIFY\">Tra la fine di gennaio e i primi di febbraio del &#8217;39 circa 200.000 soldati repubblicani (insieme ad altre decine di migliaia di donne e bambini) chiedono asilo in Francia dove vennero internati in grandi campi di concentramento. La guerra sta volgendo al termine e il 27 febbraio l&#8217;Inghilterra e la Francia optano per il riconoscimento ufficiale del governo del generale Francisco Franco. Il giorno seguente, il presidente repubblicano Aza\u00f1a, che con un aereo si \u00e8 rifugiato in Francia, da&#8217; le sue dimissioni da capo del governo.<\/p>\n<p>A marzo i nazionalisti occupano Madrid e Valencia. La guerra civile \u00e8 finita. Dopo tre anni di violenti combattimenti, nel 1939, il generale Franco riesce ad imporre la propria dittatura. Siamo alla vigilia della seconda guerra mondiale, alla quale per\u00f2 la Spagna, dilaniata dal conflitto interno, non prender\u00e0 parte, permettendo al regime franchista di sopravvivere, a differenza di quelli fascista e nazista.<\/p>\n<p align=\"JUSTIFY\"><a href=\"http:\/\/www.storiaxxisecolo.it\/antifascismo\/Guerraspagnaa.htm\" target=\"_blank\">http:\/\/www.storiaxxisecolo.it\/antifascismo\/Guerraspagnaa.htm<\/a><\/p>\n","protected":false},"excerpt":{"rendered":"<p>La guerra civile spagnola del 1936-39 \u00e8 la prova generale della Seconda guerra mondiale perch\u00e9 vede impegnate a sostegno delle due parti in lotta \u2013 pi\u00f9 o meno direttamente e con differente peso militare \u2013 da un lato Inghilterra, Francia e Urss, e dall\u2019altro Italia,&#8230;<\/p>\n","protected":false},"author":2,"featured_media":0,"comment_status":"closed","ping_status":"closed","sticky":false,"template":"","format":"standard","meta":{"_acf_changed":false,"footnotes":""},"categories":[6],"tags":[],"class_list":["post-666","post","type-post","status-publish","format-standard","hentry","category-blog-it-it"],"acf":[],"yoast_head":"<!-- This site is optimized with the Yoast SEO plugin v27.5 - https:\/\/yoast.com\/product\/yoast-seo-wordpress\/ -->\n<title>La guerra civile spagnola | anni trenta, realt\u00e1, scoppio, italia, | INMSOL<\/title>\n<meta name=\"description\" content=\"la guerra civile spagnola\" \/>\n<meta name=\"robots\" content=\"index, follow, max-snippet:-1, max-image-preview:large, max-video-preview:-1\" \/>\n<link rel=\"canonical\" href=\"https:\/\/www.inmsol.com\/it\/blog-it-it\/la-guerra-civile-spagnola\/\" \/>\n<meta property=\"og:locale\" content=\"it_IT\" \/>\n<meta property=\"og:type\" content=\"article\" \/>\n<meta property=\"og:title\" content=\"La guerra civile spagnola | anni trenta, realt\u00e1, scoppio, italia, | INMSOL\" \/>\n<meta property=\"og:description\" content=\"la guerra civile spagnola\" \/>\n<meta property=\"og:url\" content=\"https:\/\/www.inmsol.com\/it\/blog-it-it\/la-guerra-civile-spagnola\/\" \/>\n<meta property=\"og:site_name\" content=\"iNMSOL\" \/>\n<meta property=\"article:publisher\" content=\"https:\/\/www.facebook.com\/spanishcourses\" \/>\n<meta property=\"article:published_time\" content=\"2011-02-11T12:04:32+00:00\" \/>\n<meta property=\"article:modified_time\" content=\"2014-09-30T13:13:43+00:00\" \/>\n<meta property=\"og:image\" content=\"http:\/\/www.storiaxxisecolo.it\/antifascismo\/cartinaspa1.jpg\" \/>\n<meta name=\"author\" content=\"Javier Torres\" \/>\n<meta name=\"twitter:label1\" content=\"Scritto da\" \/>\n\t<meta name=\"twitter:data1\" content=\"Javier Torres\" \/>\n\t<meta name=\"twitter:label2\" content=\"Tempo di lettura stimato\" \/>\n\t<meta name=\"twitter:data2\" content=\"6 minuti\" \/>\n<script type=\"application\/ld+json\" class=\"yoast-schema-graph\">{\"@context\":\"https:\\\/\\\/schema.org\",\"@graph\":[{\"@type\":\"Article\",\"@id\":\"https:\\\/\\\/www.inmsol.com\\\/it\\\/blog-it-it\\\/la-guerra-civile-spagnola\\\/#article\",\"isPartOf\":{\"@id\":\"https:\\\/\\\/www.inmsol.com\\\/it\\\/blog-it-it\\\/la-guerra-civile-spagnola\\\/\"},\"author\":{\"name\":\"Javier Torres\",\"@id\":\"https:\\\/\\\/www.inmsol.com\\\/it\\\/#\\\/schema\\\/person\\\/18f18acd0397ef441e373e79ec3eb6ea\"},\"headline\":\"La guerra civile spagnola\",\"datePublished\":\"2011-02-11T12:04:32+00:00\",\"dateModified\":\"2014-09-30T13:13:43+00:00\",\"mainEntityOfPage\":{\"@id\":\"https:\\\/\\\/www.inmsol.com\\\/it\\\/blog-it-it\\\/la-guerra-civile-spagnola\\\/\"},\"wordCount\":1252,\"publisher\":{\"@id\":\"https:\\\/\\\/www.inmsol.com\\\/it\\\/#organization\"},\"image\":{\"@id\":\"https:\\\/\\\/www.inmsol.com\\\/it\\\/blog-it-it\\\/la-guerra-civile-spagnola\\\/#primaryimage\"},\"thumbnailUrl\":\"http:\\\/\\\/www.storiaxxisecolo.it\\\/antifascismo\\\/cartinaspa1.jpg\",\"articleSection\":[\"Blog\"],\"inLanguage\":\"it-IT\"},{\"@type\":\"WebPage\",\"@id\":\"https:\\\/\\\/www.inmsol.com\\\/it\\\/blog-it-it\\\/la-guerra-civile-spagnola\\\/\",\"url\":\"https:\\\/\\\/www.inmsol.com\\\/it\\\/blog-it-it\\\/la-guerra-civile-spagnola\\\/\",\"name\":\"La guerra civile spagnola | anni trenta, realt\u00e1, scoppio, italia, | INMSOL\",\"isPartOf\":{\"@id\":\"https:\\\/\\\/www.inmsol.com\\\/it\\\/#website\"},\"primaryImageOfPage\":{\"@id\":\"https:\\\/\\\/www.inmsol.com\\\/it\\\/blog-it-it\\\/la-guerra-civile-spagnola\\\/#primaryimage\"},\"image\":{\"@id\":\"https:\\\/\\\/www.inmsol.com\\\/it\\\/blog-it-it\\\/la-guerra-civile-spagnola\\\/#primaryimage\"},\"thumbnailUrl\":\"http:\\\/\\\/www.storiaxxisecolo.it\\\/antifascismo\\\/cartinaspa1.jpg\",\"datePublished\":\"2011-02-11T12:04:32+00:00\",\"dateModified\":\"2014-09-30T13:13:43+00:00\",\"description\":\"la guerra civile spagnola\",\"breadcrumb\":{\"@id\":\"https:\\\/\\\/www.inmsol.com\\\/it\\\/blog-it-it\\\/la-guerra-civile-spagnola\\\/#breadcrumb\"},\"inLanguage\":\"it-IT\",\"potentialAction\":[{\"@type\":\"ReadAction\",\"target\":[\"https:\\\/\\\/www.inmsol.com\\\/it\\\/blog-it-it\\\/la-guerra-civile-spagnola\\\/\"]}]},{\"@type\":\"ImageObject\",\"inLanguage\":\"it-IT\",\"@id\":\"https:\\\/\\\/www.inmsol.com\\\/it\\\/blog-it-it\\\/la-guerra-civile-spagnola\\\/#primaryimage\",\"url\":\"http:\\\/\\\/www.storiaxxisecolo.it\\\/antifascismo\\\/cartinaspa1.jpg\",\"contentUrl\":\"http:\\\/\\\/www.storiaxxisecolo.it\\\/antifascismo\\\/cartinaspa1.jpg\"},{\"@type\":\"BreadcrumbList\",\"@id\":\"https:\\\/\\\/www.inmsol.com\\\/it\\\/blog-it-it\\\/la-guerra-civile-spagnola\\\/#breadcrumb\",\"itemListElement\":[{\"@type\":\"ListItem\",\"position\":1,\"name\":\"Accredited Center by Instituto Cervantes\",\"item\":\"https:\\\/\\\/www.inmsol.com\\\/it\\\/pagina-ejemplo\\\/\"},{\"@type\":\"ListItem\",\"position\":2,\"name\":\"Blog\",\"item\":\"https:\\\/\\\/www.inmsol.com\\\/it\\\/category\\\/blog-it-it\\\/\"},{\"@type\":\"ListItem\",\"position\":3,\"name\":\"La guerra civile spagnola\"}]},{\"@type\":\"WebSite\",\"@id\":\"https:\\\/\\\/www.inmsol.com\\\/it\\\/#website\",\"url\":\"https:\\\/\\\/www.inmsol.com\\\/it\\\/\",\"name\":\"iNMSOL\",\"description\":\"Impara lo spagnolo con noi - Centro di studio accreditato con l'Istituto Cervantes\",\"publisher\":{\"@id\":\"https:\\\/\\\/www.inmsol.com\\\/it\\\/#organization\"},\"potentialAction\":[{\"@type\":\"SearchAction\",\"target\":{\"@type\":\"EntryPoint\",\"urlTemplate\":\"https:\\\/\\\/www.inmsol.com\\\/it\\\/?s={search_term_string}\"},\"query-input\":{\"@type\":\"PropertyValueSpecification\",\"valueRequired\":true,\"valueName\":\"search_term_string\"}}],\"inLanguage\":\"it-IT\"},{\"@type\":\"Organization\",\"@id\":\"https:\\\/\\\/www.inmsol.com\\\/it\\\/#organization\",\"name\":\"Instituto Mediterr\u00e1neo Sol\",\"url\":\"https:\\\/\\\/www.inmsol.com\\\/it\\\/\",\"logo\":{\"@type\":\"ImageObject\",\"inLanguage\":\"it-IT\",\"@id\":\"https:\\\/\\\/www.inmsol.com\\\/it\\\/#\\\/schema\\\/logo\\\/image\\\/\",\"url\":\"https:\\\/\\\/www.inmsol.com\\\/wp-content\\\/uploads\\\/2023\\\/06\\\/logo-inmsol-1.png\",\"contentUrl\":\"https:\\\/\\\/www.inmsol.com\\\/wp-content\\\/uploads\\\/2023\\\/06\\\/logo-inmsol-1.png\",\"width\":136,\"height\":73,\"caption\":\"Instituto Mediterr\u00e1neo Sol\"},\"image\":{\"@id\":\"https:\\\/\\\/www.inmsol.com\\\/it\\\/#\\\/schema\\\/logo\\\/image\\\/\"},\"sameAs\":[\"https:\\\/\\\/www.facebook.com\\\/spanishcourses\",\"https:\\\/\\\/x.com\\\/StudyInGranada\",\"http:\\\/\\\/instagram.com\\\/imsolgranada\",\"https:\\\/\\\/es.linkedin.com\\\/company\\\/imsol-granada\",\"https:\\\/\\\/www.pinterest.es\\\/inmsol\\\/\",\"https:\\\/\\\/www.youtube.com\\\/channel\\\/UChz-Qn_7coFMosY85iYMO4g\"]},{\"@type\":\"Person\",\"@id\":\"https:\\\/\\\/www.inmsol.com\\\/it\\\/#\\\/schema\\\/person\\\/18f18acd0397ef441e373e79ec3eb6ea\",\"name\":\"Javier Torres\",\"image\":{\"@type\":\"ImageObject\",\"inLanguage\":\"it-IT\",\"@id\":\"https:\\\/\\\/secure.gravatar.com\\\/avatar\\\/90afa2d6499550218d247408758082af566e5ec3641e1b8eac0d7bb889344a55?s=96&d=mm&r=g\",\"url\":\"https:\\\/\\\/secure.gravatar.com\\\/avatar\\\/90afa2d6499550218d247408758082af566e5ec3641e1b8eac0d7bb889344a55?s=96&d=mm&r=g\",\"contentUrl\":\"https:\\\/\\\/secure.gravatar.com\\\/avatar\\\/90afa2d6499550218d247408758082af566e5ec3641e1b8eac0d7bb889344a55?s=96&d=mm&r=g\",\"caption\":\"Javier Torres\"},\"url\":\"https:\\\/\\\/www.inmsol.com\\\/it\\\/author\\\/javier\\\/\"}]}<\/script>\n<!-- \/ Yoast SEO plugin. -->","yoast_head_json":{"title":"La guerra civile spagnola | anni trenta, realt\u00e1, scoppio, italia, | INMSOL","description":"la guerra civile spagnola","robots":{"index":"index","follow":"follow","max-snippet":"max-snippet:-1","max-image-preview":"max-image-preview:large","max-video-preview":"max-video-preview:-1"},"canonical":"https:\/\/www.inmsol.com\/it\/blog-it-it\/la-guerra-civile-spagnola\/","og_locale":"it_IT","og_type":"article","og_title":"La guerra civile spagnola | anni trenta, realt\u00e1, scoppio, italia, | INMSOL","og_description":"la guerra civile spagnola","og_url":"https:\/\/www.inmsol.com\/it\/blog-it-it\/la-guerra-civile-spagnola\/","og_site_name":"iNMSOL","article_publisher":"https:\/\/www.facebook.com\/spanishcourses","article_published_time":"2011-02-11T12:04:32+00:00","article_modified_time":"2014-09-30T13:13:43+00:00","og_image":[{"url":"http:\/\/www.storiaxxisecolo.it\/antifascismo\/cartinaspa1.jpg","type":"","width":"","height":""}],"author":"Javier Torres","twitter_misc":{"Scritto da":"Javier Torres","Tempo di lettura stimato":"6 minuti"},"schema":{"@context":"https:\/\/schema.org","@graph":[{"@type":"Article","@id":"https:\/\/www.inmsol.com\/it\/blog-it-it\/la-guerra-civile-spagnola\/#article","isPartOf":{"@id":"https:\/\/www.inmsol.com\/it\/blog-it-it\/la-guerra-civile-spagnola\/"},"author":{"name":"Javier Torres","@id":"https:\/\/www.inmsol.com\/it\/#\/schema\/person\/18f18acd0397ef441e373e79ec3eb6ea"},"headline":"La guerra civile spagnola","datePublished":"2011-02-11T12:04:32+00:00","dateModified":"2014-09-30T13:13:43+00:00","mainEntityOfPage":{"@id":"https:\/\/www.inmsol.com\/it\/blog-it-it\/la-guerra-civile-spagnola\/"},"wordCount":1252,"publisher":{"@id":"https:\/\/www.inmsol.com\/it\/#organization"},"image":{"@id":"https:\/\/www.inmsol.com\/it\/blog-it-it\/la-guerra-civile-spagnola\/#primaryimage"},"thumbnailUrl":"http:\/\/www.storiaxxisecolo.it\/antifascismo\/cartinaspa1.jpg","articleSection":["Blog"],"inLanguage":"it-IT"},{"@type":"WebPage","@id":"https:\/\/www.inmsol.com\/it\/blog-it-it\/la-guerra-civile-spagnola\/","url":"https:\/\/www.inmsol.com\/it\/blog-it-it\/la-guerra-civile-spagnola\/","name":"La guerra civile spagnola | anni trenta, realt\u00e1, scoppio, italia, | INMSOL","isPartOf":{"@id":"https:\/\/www.inmsol.com\/it\/#website"},"primaryImageOfPage":{"@id":"https:\/\/www.inmsol.com\/it\/blog-it-it\/la-guerra-civile-spagnola\/#primaryimage"},"image":{"@id":"https:\/\/www.inmsol.com\/it\/blog-it-it\/la-guerra-civile-spagnola\/#primaryimage"},"thumbnailUrl":"http:\/\/www.storiaxxisecolo.it\/antifascismo\/cartinaspa1.jpg","datePublished":"2011-02-11T12:04:32+00:00","dateModified":"2014-09-30T13:13:43+00:00","description":"la guerra civile spagnola","breadcrumb":{"@id":"https:\/\/www.inmsol.com\/it\/blog-it-it\/la-guerra-civile-spagnola\/#breadcrumb"},"inLanguage":"it-IT","potentialAction":[{"@type":"ReadAction","target":["https:\/\/www.inmsol.com\/it\/blog-it-it\/la-guerra-civile-spagnola\/"]}]},{"@type":"ImageObject","inLanguage":"it-IT","@id":"https:\/\/www.inmsol.com\/it\/blog-it-it\/la-guerra-civile-spagnola\/#primaryimage","url":"http:\/\/www.storiaxxisecolo.it\/antifascismo\/cartinaspa1.jpg","contentUrl":"http:\/\/www.storiaxxisecolo.it\/antifascismo\/cartinaspa1.jpg"},{"@type":"BreadcrumbList","@id":"https:\/\/www.inmsol.com\/it\/blog-it-it\/la-guerra-civile-spagnola\/#breadcrumb","itemListElement":[{"@type":"ListItem","position":1,"name":"Accredited Center by Instituto Cervantes","item":"https:\/\/www.inmsol.com\/it\/pagina-ejemplo\/"},{"@type":"ListItem","position":2,"name":"Blog","item":"https:\/\/www.inmsol.com\/it\/category\/blog-it-it\/"},{"@type":"ListItem","position":3,"name":"La guerra civile spagnola"}]},{"@type":"WebSite","@id":"https:\/\/www.inmsol.com\/it\/#website","url":"https:\/\/www.inmsol.com\/it\/","name":"iNMSOL","description":"Impara lo spagnolo con noi - Centro di studio accreditato con l'Istituto Cervantes","publisher":{"@id":"https:\/\/www.inmsol.com\/it\/#organization"},"potentialAction":[{"@type":"SearchAction","target":{"@type":"EntryPoint","urlTemplate":"https:\/\/www.inmsol.com\/it\/?s={search_term_string}"},"query-input":{"@type":"PropertyValueSpecification","valueRequired":true,"valueName":"search_term_string"}}],"inLanguage":"it-IT"},{"@type":"Organization","@id":"https:\/\/www.inmsol.com\/it\/#organization","name":"Instituto Mediterr\u00e1neo Sol","url":"https:\/\/www.inmsol.com\/it\/","logo":{"@type":"ImageObject","inLanguage":"it-IT","@id":"https:\/\/www.inmsol.com\/it\/#\/schema\/logo\/image\/","url":"https:\/\/www.inmsol.com\/wp-content\/uploads\/2023\/06\/logo-inmsol-1.png","contentUrl":"https:\/\/www.inmsol.com\/wp-content\/uploads\/2023\/06\/logo-inmsol-1.png","width":136,"height":73,"caption":"Instituto Mediterr\u00e1neo Sol"},"image":{"@id":"https:\/\/www.inmsol.com\/it\/#\/schema\/logo\/image\/"},"sameAs":["https:\/\/www.facebook.com\/spanishcourses","https:\/\/x.com\/StudyInGranada","http:\/\/instagram.com\/imsolgranada","https:\/\/es.linkedin.com\/company\/imsol-granada","https:\/\/www.pinterest.es\/inmsol\/","https:\/\/www.youtube.com\/channel\/UChz-Qn_7coFMosY85iYMO4g"]},{"@type":"Person","@id":"https:\/\/www.inmsol.com\/it\/#\/schema\/person\/18f18acd0397ef441e373e79ec3eb6ea","name":"Javier Torres","image":{"@type":"ImageObject","inLanguage":"it-IT","@id":"https:\/\/secure.gravatar.com\/avatar\/90afa2d6499550218d247408758082af566e5ec3641e1b8eac0d7bb889344a55?s=96&d=mm&r=g","url":"https:\/\/secure.gravatar.com\/avatar\/90afa2d6499550218d247408758082af566e5ec3641e1b8eac0d7bb889344a55?s=96&d=mm&r=g","contentUrl":"https:\/\/secure.gravatar.com\/avatar\/90afa2d6499550218d247408758082af566e5ec3641e1b8eac0d7bb889344a55?s=96&d=mm&r=g","caption":"Javier Torres"},"url":"https:\/\/www.inmsol.com\/it\/author\/javier\/"}]}},"_links":{"self":[{"href":"https:\/\/www.inmsol.com\/it\/wp-json\/wp\/v2\/posts\/666","targetHints":{"allow":["GET"]}}],"collection":[{"href":"https:\/\/www.inmsol.com\/it\/wp-json\/wp\/v2\/posts"}],"about":[{"href":"https:\/\/www.inmsol.com\/it\/wp-json\/wp\/v2\/types\/post"}],"author":[{"embeddable":true,"href":"https:\/\/www.inmsol.com\/it\/wp-json\/wp\/v2\/users\/2"}],"replies":[{"embeddable":true,"href":"https:\/\/www.inmsol.com\/it\/wp-json\/wp\/v2\/comments?post=666"}],"version-history":[{"count":0,"href":"https:\/\/www.inmsol.com\/it\/wp-json\/wp\/v2\/posts\/666\/revisions"}],"wp:attachment":[{"href":"https:\/\/www.inmsol.com\/it\/wp-json\/wp\/v2\/media?parent=666"}],"wp:term":[{"taxonomy":"category","embeddable":true,"href":"https:\/\/www.inmsol.com\/it\/wp-json\/wp\/v2\/categories?post=666"},{"taxonomy":"post_tag","embeddable":true,"href":"https:\/\/www.inmsol.com\/it\/wp-json\/wp\/v2\/tags?post=666"}],"curies":[{"name":"wp","href":"https:\/\/api.w.org\/{rel}","templated":true}]}}