{"id":678,"date":"2011-02-17T10:13:09","date_gmt":"2011-02-17T10:13:09","guid":{"rendered":"https:\/\/www.inmsol.com\/"},"modified":"2014-09-30T15:15:28","modified_gmt":"2014-09-30T13:15:28","slug":"la-guernica-picasso","status":"publish","type":"post","link":"https:\/\/www.inmsol.com\/it\/blog-it-it\/la-guernica-picasso\/","title":{"rendered":"&#8220;La Guernica&#8221;, Picasso"},"content":{"rendered":"<p>Guernica \u00e8 il titolo di un noto dipinto di Pablo Picasso, realizzato dopo il bombardamento aereo della citt\u00e0 omonima durante la guerra civile spagnola da parte della Legione Condor, corpo volontario composto da elementi della tedesca Luftwaffe, il 26 aprile 1937.<\/p>\n<p><!--break--><\/p>\n<p>Olio su tela larga 782 cm e alta 350 cm. Per incarico del governo repubblicano spagnolo il quadro era destinato a decorare il padiglione spagnolo durante l&#8217;Esposizione mondiale di Parigi del 1937. Dopo l&#8217;esposizione quando il governo repubblicano era caduto, Picasso non permise che il suo dipinto pi\u00f9 famoso venisse esposto in Spagna dichiarando esplicitamente che avrebbe potuto tornarvi solo dopo la fine del franchismo. Venne quindi ospitato per molti anni al Museum of Modern Art di New York, torn\u00f2 in patria nel 1981 ad otto anni dalla morte di Picasso e sei da quella di Francisco Franco. Durante gli anni &#8217;70 fu un simbolo per gli spagnoli sia della fine del regime franchista che del nazionalismo, cos\u00ec come lo era stato prima, per tutta l&#8217;Europa, della resistenza al nazi-fascismo. L&#8217;opera inizialmente non era dedicata al bombardamento della cittadina spagnola, ma era nata per commemorare la morte di un famoso torero dell&#8217;epoca e si intitolava En muerte del torero Joselito. L&#8217;artista prese spunto in modo particolare da un articolo in cui il giornalista descrisse la brutalit\u00e0 dell&#8217;evento evidenziando anche attraverso una fotografia che la citt\u00e0 era stata completamente rasa al suolo. Dapprima Guernica fu esposto al Cas\u00f3n del Buen Retiro, poi al Prado ed infine al Museo Nacional Centro de Arte Reina Sofia. l&#8217;artista spagnolo esprime in Guernica la sua opposizione ai regimi totalitari che si diffusero in Europa nel corso del XX secolo e lo fa mediante la rappresentazione di un terribile evento bellico: la distruzione durante la Guerra civile spagnola. Nell&#8217;opera per\u00f2 non ci sono elementi che richiamino al luogo e al tempo niente ci indica che si tratti di un bombardamento ad eccezione di quello che a destra pu\u00f2 sembrare un palazzo in fiamme. \u00c8 piuttosto una protesta contro la violenza, la distruzione, la guerra in generale. l&#8217;interpretazione che si pu\u00f2 dare al toro che appare nella parte sinistra del quadro rappresenta il Minotauro, figura mitica e simbolo di bestialit\u00e0, che contribuisce proprio ad universalizzare il significato del quadro. La lampada ad olio in mano ad una donna che scende le scale e posta al centro dell&#8217;opera indica la ragione che non comprende il bombardamento e la distruzione, la colomba a sinistra, simbolo della pace, ha un moto di strazio prima di cadere a terra, mentre il cavallo agonizzante simboleggia il popolo spagnolo degenerato. La violenza e la sofferenza traspaiono esplicitamente guardando sulla sinistra dell&#8217;opera la madre che grida al cielo disperata con il figlio senza vita tra le braccia da contraltare ad essa l&#8217;altra figura apparentemente femminile a destra che alza disperata le braccia al cielo. In basso nel dipinto c&#8217;\u00e8 un cadavere con una stigmate sulla mano sinistra come simbolo di innocenza verso la crudelt\u00e0 nazi-fascista e nella mano destra stringe una spada spezzata da cui sorge un pallido fiore quasi a dare speranza per un futuro migliore. L&#8217;alto senso drammatico nasce dalle deformazioni dei corpi, dalle linee che si tagliano vicendevolmente, dalle lingue aguzze che fanno pensare a urli disperati e laceranti, dall&#8217;alternarsi di campi bianchi, grigi, neri, che accentuano la dinamica delle forme contorte e sottolineano l&#8217;assenza di vita a Guernica. enormi dimensioni furono scelte perch\u00e9 questo quadro doveva anche rappresentare una sorta di manifesto che &#8220;esponesse&#8221; al mondo la crudelt\u00e0 e l&#8217;ingiustizia della guerra, qualunque essa fosse.<\/p>\n<p>&nbsp;<\/p>\n<p><a href=\"http:\/\/www.wikipedia.com\">www.wikipedia.com<\/a><\/p>\n","protected":false},"excerpt":{"rendered":"<p>Guernica \u00e8 il titolo di un noto dipinto di Pablo Picasso, realizzato dopo il bombardamento aereo della citt\u00e0 omonima durante la guerra civile spagnola da parte della Legione Condor, corpo volontario composto da elementi della tedesca Luftwaffe, il 26 aprile 1937. Olio su tela larga&#8230;<\/p>\n","protected":false},"author":2,"featured_media":0,"comment_status":"closed","ping_status":"closed","sticky":false,"template":"","format":"standard","meta":{"_acf_changed":false,"footnotes":""},"categories":[6],"tags":[],"class_list":["post-678","post","type-post","status-publish","format-standard","hentry","category-blog-it-it"],"acf":[],"yoast_head":"<!-- This site is optimized with the Yoast SEO plugin v27.5 - https:\/\/yoast.com\/product\/yoast-seo-wordpress\/ -->\n<title>&quot;La Guernica&quot; | INMSOL<\/title>\n<meta name=\"description\" content=\"la guernica\" \/>\n<meta name=\"robots\" content=\"index, follow, max-snippet:-1, max-image-preview:large, max-video-preview:-1\" \/>\n<link rel=\"canonical\" href=\"https:\/\/www.inmsol.com\/it\/blog-it-it\/la-guernica-picasso\/\" \/>\n<meta property=\"og:locale\" content=\"it_IT\" \/>\n<meta property=\"og:type\" content=\"article\" \/>\n<meta property=\"og:title\" content=\"&quot;La Guernica&quot; | INMSOL\" \/>\n<meta property=\"og:description\" content=\"la guernica\" \/>\n<meta property=\"og:url\" content=\"https:\/\/www.inmsol.com\/it\/blog-it-it\/la-guernica-picasso\/\" \/>\n<meta property=\"og:site_name\" content=\"iNMSOL\" \/>\n<meta property=\"article:publisher\" content=\"https:\/\/www.facebook.com\/spanishcourses\" \/>\n<meta property=\"article:published_time\" content=\"2011-02-17T10:13:09+00:00\" \/>\n<meta property=\"article:modified_time\" content=\"2014-09-30T13:15:28+00:00\" \/>\n<meta property=\"og:image\" content=\"https:\/\/www.inmsol.com\/wp-content\/uploads\/2019\/08\/logo-inmsol.png\" \/>\n\t<meta property=\"og:image:width\" content=\"320\" \/>\n\t<meta property=\"og:image:height\" content=\"154\" \/>\n\t<meta property=\"og:image:type\" content=\"image\/png\" \/>\n<meta name=\"author\" content=\"Javier Torres\" \/>\n<meta name=\"twitter:label1\" content=\"Scritto da\" \/>\n\t<meta name=\"twitter:data1\" content=\"Javier Torres\" \/>\n\t<meta name=\"twitter:label2\" content=\"Tempo di lettura stimato\" \/>\n\t<meta name=\"twitter:data2\" content=\"3 minuti\" \/>\n<script type=\"application\/ld+json\" class=\"yoast-schema-graph\">{\"@context\":\"https:\\\/\\\/schema.org\",\"@graph\":[{\"@type\":\"Article\",\"@id\":\"https:\\\/\\\/www.inmsol.com\\\/it\\\/blog-it-it\\\/la-guernica-picasso\\\/#article\",\"isPartOf\":{\"@id\":\"https:\\\/\\\/www.inmsol.com\\\/it\\\/blog-it-it\\\/la-guernica-picasso\\\/\"},\"author\":{\"name\":\"Javier Torres\",\"@id\":\"https:\\\/\\\/www.inmsol.com\\\/it\\\/#\\\/schema\\\/person\\\/18f18acd0397ef441e373e79ec3eb6ea\"},\"headline\":\"&#8220;La Guernica&#8221;, Picasso\",\"datePublished\":\"2011-02-17T10:13:09+00:00\",\"dateModified\":\"2014-09-30T13:15:28+00:00\",\"mainEntityOfPage\":{\"@id\":\"https:\\\/\\\/www.inmsol.com\\\/it\\\/blog-it-it\\\/la-guernica-picasso\\\/\"},\"wordCount\":602,\"publisher\":{\"@id\":\"https:\\\/\\\/www.inmsol.com\\\/it\\\/#organization\"},\"articleSection\":[\"Blog\"],\"inLanguage\":\"it-IT\"},{\"@type\":\"WebPage\",\"@id\":\"https:\\\/\\\/www.inmsol.com\\\/it\\\/blog-it-it\\\/la-guernica-picasso\\\/\",\"url\":\"https:\\\/\\\/www.inmsol.com\\\/it\\\/blog-it-it\\\/la-guernica-picasso\\\/\",\"name\":\"\\\"La Guernica\\\" | INMSOL\",\"isPartOf\":{\"@id\":\"https:\\\/\\\/www.inmsol.com\\\/it\\\/#website\"},\"datePublished\":\"2011-02-17T10:13:09+00:00\",\"dateModified\":\"2014-09-30T13:15:28+00:00\",\"description\":\"la guernica\",\"breadcrumb\":{\"@id\":\"https:\\\/\\\/www.inmsol.com\\\/it\\\/blog-it-it\\\/la-guernica-picasso\\\/#breadcrumb\"},\"inLanguage\":\"it-IT\",\"potentialAction\":[{\"@type\":\"ReadAction\",\"target\":[\"https:\\\/\\\/www.inmsol.com\\\/it\\\/blog-it-it\\\/la-guernica-picasso\\\/\"]}]},{\"@type\":\"BreadcrumbList\",\"@id\":\"https:\\\/\\\/www.inmsol.com\\\/it\\\/blog-it-it\\\/la-guernica-picasso\\\/#breadcrumb\",\"itemListElement\":[{\"@type\":\"ListItem\",\"position\":1,\"name\":\"Accredited Center by Instituto Cervantes\",\"item\":\"https:\\\/\\\/www.inmsol.com\\\/it\\\/pagina-ejemplo\\\/\"},{\"@type\":\"ListItem\",\"position\":2,\"name\":\"Blog\",\"item\":\"https:\\\/\\\/www.inmsol.com\\\/it\\\/category\\\/blog-it-it\\\/\"},{\"@type\":\"ListItem\",\"position\":3,\"name\":\"&#8220;La Guernica&#8221;, Picasso\"}]},{\"@type\":\"WebSite\",\"@id\":\"https:\\\/\\\/www.inmsol.com\\\/it\\\/#website\",\"url\":\"https:\\\/\\\/www.inmsol.com\\\/it\\\/\",\"name\":\"iNMSOL\",\"description\":\"Impara lo spagnolo con noi - Centro di studio accreditato con l'Istituto Cervantes\",\"publisher\":{\"@id\":\"https:\\\/\\\/www.inmsol.com\\\/it\\\/#organization\"},\"potentialAction\":[{\"@type\":\"SearchAction\",\"target\":{\"@type\":\"EntryPoint\",\"urlTemplate\":\"https:\\\/\\\/www.inmsol.com\\\/it\\\/?s={search_term_string}\"},\"query-input\":{\"@type\":\"PropertyValueSpecification\",\"valueRequired\":true,\"valueName\":\"search_term_string\"}}],\"inLanguage\":\"it-IT\"},{\"@type\":\"Organization\",\"@id\":\"https:\\\/\\\/www.inmsol.com\\\/it\\\/#organization\",\"name\":\"Instituto Mediterr\u00e1neo Sol\",\"url\":\"https:\\\/\\\/www.inmsol.com\\\/it\\\/\",\"logo\":{\"@type\":\"ImageObject\",\"inLanguage\":\"it-IT\",\"@id\":\"https:\\\/\\\/www.inmsol.com\\\/it\\\/#\\\/schema\\\/logo\\\/image\\\/\",\"url\":\"https:\\\/\\\/www.inmsol.com\\\/wp-content\\\/uploads\\\/2023\\\/06\\\/logo-inmsol-1.png\",\"contentUrl\":\"https:\\\/\\\/www.inmsol.com\\\/wp-content\\\/uploads\\\/2023\\\/06\\\/logo-inmsol-1.png\",\"width\":136,\"height\":73,\"caption\":\"Instituto Mediterr\u00e1neo Sol\"},\"image\":{\"@id\":\"https:\\\/\\\/www.inmsol.com\\\/it\\\/#\\\/schema\\\/logo\\\/image\\\/\"},\"sameAs\":[\"https:\\\/\\\/www.facebook.com\\\/spanishcourses\",\"https:\\\/\\\/x.com\\\/StudyInGranada\",\"http:\\\/\\\/instagram.com\\\/imsolgranada\",\"https:\\\/\\\/es.linkedin.com\\\/company\\\/imsol-granada\",\"https:\\\/\\\/www.pinterest.es\\\/inmsol\\\/\",\"https:\\\/\\\/www.youtube.com\\\/channel\\\/UChz-Qn_7coFMosY85iYMO4g\"]},{\"@type\":\"Person\",\"@id\":\"https:\\\/\\\/www.inmsol.com\\\/it\\\/#\\\/schema\\\/person\\\/18f18acd0397ef441e373e79ec3eb6ea\",\"name\":\"Javier Torres\",\"image\":{\"@type\":\"ImageObject\",\"inLanguage\":\"it-IT\",\"@id\":\"https:\\\/\\\/secure.gravatar.com\\\/avatar\\\/90afa2d6499550218d247408758082af566e5ec3641e1b8eac0d7bb889344a55?s=96&d=mm&r=g\",\"url\":\"https:\\\/\\\/secure.gravatar.com\\\/avatar\\\/90afa2d6499550218d247408758082af566e5ec3641e1b8eac0d7bb889344a55?s=96&d=mm&r=g\",\"contentUrl\":\"https:\\\/\\\/secure.gravatar.com\\\/avatar\\\/90afa2d6499550218d247408758082af566e5ec3641e1b8eac0d7bb889344a55?s=96&d=mm&r=g\",\"caption\":\"Javier Torres\"},\"url\":\"https:\\\/\\\/www.inmsol.com\\\/it\\\/author\\\/javier\\\/\"}]}<\/script>\n<!-- \/ Yoast SEO plugin. -->","yoast_head_json":{"title":"\"La Guernica\" | INMSOL","description":"la guernica","robots":{"index":"index","follow":"follow","max-snippet":"max-snippet:-1","max-image-preview":"max-image-preview:large","max-video-preview":"max-video-preview:-1"},"canonical":"https:\/\/www.inmsol.com\/it\/blog-it-it\/la-guernica-picasso\/","og_locale":"it_IT","og_type":"article","og_title":"\"La Guernica\" | INMSOL","og_description":"la guernica","og_url":"https:\/\/www.inmsol.com\/it\/blog-it-it\/la-guernica-picasso\/","og_site_name":"iNMSOL","article_publisher":"https:\/\/www.facebook.com\/spanishcourses","article_published_time":"2011-02-17T10:13:09+00:00","article_modified_time":"2014-09-30T13:15:28+00:00","og_image":[{"width":320,"height":154,"url":"https:\/\/www.inmsol.com\/wp-content\/uploads\/2019\/08\/logo-inmsol.png","type":"image\/png"}],"author":"Javier Torres","twitter_misc":{"Scritto da":"Javier Torres","Tempo di lettura stimato":"3 minuti"},"schema":{"@context":"https:\/\/schema.org","@graph":[{"@type":"Article","@id":"https:\/\/www.inmsol.com\/it\/blog-it-it\/la-guernica-picasso\/#article","isPartOf":{"@id":"https:\/\/www.inmsol.com\/it\/blog-it-it\/la-guernica-picasso\/"},"author":{"name":"Javier Torres","@id":"https:\/\/www.inmsol.com\/it\/#\/schema\/person\/18f18acd0397ef441e373e79ec3eb6ea"},"headline":"&#8220;La Guernica&#8221;, Picasso","datePublished":"2011-02-17T10:13:09+00:00","dateModified":"2014-09-30T13:15:28+00:00","mainEntityOfPage":{"@id":"https:\/\/www.inmsol.com\/it\/blog-it-it\/la-guernica-picasso\/"},"wordCount":602,"publisher":{"@id":"https:\/\/www.inmsol.com\/it\/#organization"},"articleSection":["Blog"],"inLanguage":"it-IT"},{"@type":"WebPage","@id":"https:\/\/www.inmsol.com\/it\/blog-it-it\/la-guernica-picasso\/","url":"https:\/\/www.inmsol.com\/it\/blog-it-it\/la-guernica-picasso\/","name":"\"La Guernica\" | INMSOL","isPartOf":{"@id":"https:\/\/www.inmsol.com\/it\/#website"},"datePublished":"2011-02-17T10:13:09+00:00","dateModified":"2014-09-30T13:15:28+00:00","description":"la guernica","breadcrumb":{"@id":"https:\/\/www.inmsol.com\/it\/blog-it-it\/la-guernica-picasso\/#breadcrumb"},"inLanguage":"it-IT","potentialAction":[{"@type":"ReadAction","target":["https:\/\/www.inmsol.com\/it\/blog-it-it\/la-guernica-picasso\/"]}]},{"@type":"BreadcrumbList","@id":"https:\/\/www.inmsol.com\/it\/blog-it-it\/la-guernica-picasso\/#breadcrumb","itemListElement":[{"@type":"ListItem","position":1,"name":"Accredited Center by Instituto Cervantes","item":"https:\/\/www.inmsol.com\/it\/pagina-ejemplo\/"},{"@type":"ListItem","position":2,"name":"Blog","item":"https:\/\/www.inmsol.com\/it\/category\/blog-it-it\/"},{"@type":"ListItem","position":3,"name":"&#8220;La Guernica&#8221;, Picasso"}]},{"@type":"WebSite","@id":"https:\/\/www.inmsol.com\/it\/#website","url":"https:\/\/www.inmsol.com\/it\/","name":"iNMSOL","description":"Impara lo spagnolo con noi - Centro di studio accreditato con l'Istituto Cervantes","publisher":{"@id":"https:\/\/www.inmsol.com\/it\/#organization"},"potentialAction":[{"@type":"SearchAction","target":{"@type":"EntryPoint","urlTemplate":"https:\/\/www.inmsol.com\/it\/?s={search_term_string}"},"query-input":{"@type":"PropertyValueSpecification","valueRequired":true,"valueName":"search_term_string"}}],"inLanguage":"it-IT"},{"@type":"Organization","@id":"https:\/\/www.inmsol.com\/it\/#organization","name":"Instituto Mediterr\u00e1neo Sol","url":"https:\/\/www.inmsol.com\/it\/","logo":{"@type":"ImageObject","inLanguage":"it-IT","@id":"https:\/\/www.inmsol.com\/it\/#\/schema\/logo\/image\/","url":"https:\/\/www.inmsol.com\/wp-content\/uploads\/2023\/06\/logo-inmsol-1.png","contentUrl":"https:\/\/www.inmsol.com\/wp-content\/uploads\/2023\/06\/logo-inmsol-1.png","width":136,"height":73,"caption":"Instituto Mediterr\u00e1neo Sol"},"image":{"@id":"https:\/\/www.inmsol.com\/it\/#\/schema\/logo\/image\/"},"sameAs":["https:\/\/www.facebook.com\/spanishcourses","https:\/\/x.com\/StudyInGranada","http:\/\/instagram.com\/imsolgranada","https:\/\/es.linkedin.com\/company\/imsol-granada","https:\/\/www.pinterest.es\/inmsol\/","https:\/\/www.youtube.com\/channel\/UChz-Qn_7coFMosY85iYMO4g"]},{"@type":"Person","@id":"https:\/\/www.inmsol.com\/it\/#\/schema\/person\/18f18acd0397ef441e373e79ec3eb6ea","name":"Javier Torres","image":{"@type":"ImageObject","inLanguage":"it-IT","@id":"https:\/\/secure.gravatar.com\/avatar\/90afa2d6499550218d247408758082af566e5ec3641e1b8eac0d7bb889344a55?s=96&d=mm&r=g","url":"https:\/\/secure.gravatar.com\/avatar\/90afa2d6499550218d247408758082af566e5ec3641e1b8eac0d7bb889344a55?s=96&d=mm&r=g","contentUrl":"https:\/\/secure.gravatar.com\/avatar\/90afa2d6499550218d247408758082af566e5ec3641e1b8eac0d7bb889344a55?s=96&d=mm&r=g","caption":"Javier Torres"},"url":"https:\/\/www.inmsol.com\/it\/author\/javier\/"}]}},"_links":{"self":[{"href":"https:\/\/www.inmsol.com\/it\/wp-json\/wp\/v2\/posts\/678","targetHints":{"allow":["GET"]}}],"collection":[{"href":"https:\/\/www.inmsol.com\/it\/wp-json\/wp\/v2\/posts"}],"about":[{"href":"https:\/\/www.inmsol.com\/it\/wp-json\/wp\/v2\/types\/post"}],"author":[{"embeddable":true,"href":"https:\/\/www.inmsol.com\/it\/wp-json\/wp\/v2\/users\/2"}],"replies":[{"embeddable":true,"href":"https:\/\/www.inmsol.com\/it\/wp-json\/wp\/v2\/comments?post=678"}],"version-history":[{"count":0,"href":"https:\/\/www.inmsol.com\/it\/wp-json\/wp\/v2\/posts\/678\/revisions"}],"wp:attachment":[{"href":"https:\/\/www.inmsol.com\/it\/wp-json\/wp\/v2\/media?parent=678"}],"wp:term":[{"taxonomy":"category","embeddable":true,"href":"https:\/\/www.inmsol.com\/it\/wp-json\/wp\/v2\/categories?post=678"},{"taxonomy":"post_tag","embeddable":true,"href":"https:\/\/www.inmsol.com\/it\/wp-json\/wp\/v2\/tags?post=678"}],"curies":[{"name":"wp","href":"https:\/\/api.w.org\/{rel}","templated":true}]}}