{"id":709,"date":"2011-03-08T17:05:51","date_gmt":"2011-03-08T17:05:51","guid":{"rendered":"https:\/\/www.inmsol.com\/"},"modified":"2013-05-19T16:51:36","modified_gmt":"2013-05-19T16:51:36","slug":"giornata-internazionale-della-donna","status":"publish","type":"post","link":"https:\/\/www.inmsol.com\/it\/blog-it-it\/giornata-internazionale-della-donna\/","title":{"rendered":"Giornata internazionale della donna"},"content":{"rendered":"<p>\u00a0<\/p>\n<p class=\"rtecenter\">\n<p class=\"rteleft\">\u00a0La giornata internazionale della donna (comunemente definita festa della donna) ricorre l&#8217;8 marzo di ogni anno per ricordare sia le conquiste sociali, politiche ed economiche delle donne, sia le discriminazioni e le violenze cui esse sono ancora fatte oggetto in molte parti del mondo. In Italia questa celebrazione si \u00e8 tenuta per la prima volta nel 1911: nel 2011 si \u00e8 tenuto il primo centenario.<\/p>\n<p><!--break--><\/p>\n<p>Nel VII Congresso della II Internazionale socialista, tenuto a Stoccarda dal 18 al 24 agosto 1907, nel quale erano presenti 884 delegati di 25 nazioni &#8211; tra i quali i maggiori dirigenti socialisti del tempo, come i tedeschi Rosa Luxemburg, Clara Zetkin, August Bebel, i russi Lenin e Martov, il francese Jean Jaur\u00e8s &#8211; vennero discusse tesi sull\u2019atteggiamento da tenere in caso di una guerra europea, sul colonialismo e anche sulla questione femminile e sulla rivendicazione del voto alla donne.<\/p>\n<p>Su quest&#8217;ultimo argomento il Congresso vot\u00f2 una risoluzione nella quale si impegnavano i partiti socialisti a \u00ablottare energicamente per l\u2019introduzione del suffragio universale delle donne\u00bb, senza \u00aballearsi con le femministe borghesi che reclamano il diritto di suffragio, ma con i partiti socialisti che lottano per il suffragio delle donne\u00bb. Due giorni dopo, dal 26 al 27 agosto, fu tenuta una Conferenza internazionale delle donne socialiste, alla presenza di 58 delegate di 13 paesi, nella quale si decise la creazione di un Ufficio di informazione delle donne socialiste: Clara Zetkin fu eletta segretaria e la rivista da lei redatta, Die Gleichheit (L\u2019uguaglianza), divenne l\u2019organo dell\u2019Internazionale delle donne socialiste.<\/p>\n<p>Non tutti condivisero la decisione di escludere ogni alleanza con le \u00abfemministe borghesi\u00bb: negli Stati Uniti, la socialista Corinne Brown scrisse, nel febbraio del 1908 sulla rivista The Socialist Woman, che il Congresso non avrebbe avuto \u00abalcun diritto di dettare alle donne socialiste come e con chi lavorare per la propria liberazione\u00bb. Fu la stessa Corinne Brown a presiedere, il 3 maggio 1908, causa l\u2019assenza dell\u2019oratore ufficiale designato, la conferenza tenuta ogni domenica dal Partito socialista di Chicago nel Garrick Theater: quella conferenza, a cui tutte le donne erano invitate, fu chiamata \u00abWoman\u2019s Day\u00bb, il giorno della donna. Si discusse infatti dello sfruttamento operato dai datori di lavoro ai danni delle operaie in termini di basso salario e di orario di lavoro, delle discriminazioni sessuali e del diritto di voto alle donne.<\/p>\n<p>Quell\u2019iniziativa non ebbe un seguito immediato, ma alla fine dell&#8217;anno il Partito socialista americano raccomand\u00f2 a tutte le sezioni locali \u00abdi riservare l\u2019ultima domenica di febbraio 1909 per l\u2019organizzazione di una manifestazione in favore del diritto di voto femminile\u00bb. Fu cos\u00ec che negli Stati Uniti la prima e ufficiale giornata della donna fu celebrata il 28 febbraio 1909.<\/p>\n<p>La Conferenza di Copenaghen (1910)<\/p>\n<p>Il lunghissimo sciopero, che vide protagoniste pi\u00f9 di 20.000 camiciaie newyorkesi, durato dal 22 novembre 1908 al 15 febbraio 1909, fu considerato, nel Woman&#8217;s Day tenuto a New York il successivo 27 febbraio, come una manifestazione che univa le rivendicazioni sindacali a quelle politiche relative al riconoscimento del diritto di voto femminile. Le delegate socialiste americane, forti dell&#8217;ormai consolidata affermazione della manifestazione della giornata della donna, decisero pertanto di proporre alla seconda Conferenza internazionale delle donne socialiste, tenutasi nella Folkets Hus (Casa del popolo) di Copenaghen dal 26 al 27 agosto 1910 &#8211; due giorni prima dell&#8217;apertura dell&#8217;VIII Congresso dell&#8217;Internazionale socialista &#8211; di istituire una comune giornata dedicata alla rivendicazione dei diritti delle donne.<\/p>\n<p>Negli ordini del giorno dei lavori e nelle risoluzioni approvate in quella Conferenza non risulta che le 100 donne presenti in rappresentanza di 17 paesi abbiano istituito una giornata dedicata ai diritti delle donne: risulta per\u00f2 nel Die Gleichheit, redatto da Clara Zetkin, che una mozione per l&#8217;istituzione della Giornata internazionale della donna fosse \u00abstata assunta come risoluzione\u00bb.<\/p>\n<p>Mentre negli Stati Uniti continu\u00f2 a tenersi l&#8217;ultima domenica di febbraio, in alcuni paesi europei &#8211; Germania, Austria, Svizzera e Danimarca &#8211; la giornata della donna si tenne per la prima volta il 19 marzo 1911 su scelta del Segretariato internazionale delle donne socialiste. Secondo la testimonianza di Aleksandra Kollontaj, quella data fu scelta perch\u00e9, in Germania, \u00abil 19 marzo 1848 durante la rivoluzione il re di Prussia dovette per la prima volta riconoscere la potenza di un popolo armato e cedere davanti alla minaccia di una rivolta proletaria. Tra le molte promesse che fece allora e che in seguito dimentic\u00f2, figurava il riconoscimento del diritto di voto alle donne\u00bb. In Francia la manifestazione si tenne il 18 marzo 1911, data in cui cadeva il quarantennale della Comune di Parigi.<\/p>\n<p>Non fu per\u00f2 ripetuta tutti gli anni, n\u00e9 celebrata in tutti i paesi: in Russia si tenne per la prima volta a San Pietroburgo solo nel 1913, il 3 marzo, su iniziativa del Partito bolscevico, con una manifestazione nella Borsa Kala\u0161aikovskij, e fu interrotta dalla polizia zarista che oper\u00f2 numerosi arresti. In Germania, dopo la celebrazione del 1911, fu ripetuta per la prima volta l&#8217;8 marzo 1914, giorno d&#8217;inizio di una \u00absettimana rossa\u00bb di agitazioni proclamata dai socialisti tedeschi, mentre in Francia si tenne con una manifestazione organizzata dal Partito socialista a Parigi il 9 marzo 1914.<\/p>\n<p>\u00a0L&#8217;8 marzo 1917<\/p>\n<p>Le celebrazioni furono interrotte dalla Prima guerra mondiale in tutti i paesi belligeranti, finch\u00e9 a San Pietroburgo, l&#8217;8 marzo 1917 &#8211; il 23 febbraio secondo il calendario giuliano allora in vigore in Russia &#8211; le donne della capitale guidarono una grande manifestazione che rivendicava la fine della guerra: la fiacca reazione dei cosacchi inviati a reprimere la protesta incoraggi\u00f2 successive manifestazioni di protesta che portarono al crollo dello zarismo, ormai completamente screditato e privo anche dell&#8217;appoggio delle forze armate, cos\u00ec che l&#8217;8 marzo 1917 \u00e8 rimasto nella storia a indicare l&#8217;inizio della \u00abRivoluzione russa di febbraio\u00bb. Per questo motivo, e in modo da fissare un giorno comune a tutti i Paesi, il 14 giugno 1921 la Seconda conferenza internazionale delle donne comuniste, tenuta a Mosca una settimana prima dell\u2019apertura del III congresso dell\u2019Internazionale comunista, fiss\u00f2 all&#8217;8 marzo la \u00abGiornata internazionale dell&#8217;operaia\u00bb.<\/p>\n<p>In Italia la Giornata internazionale della donna fu tenuta per la prima volta soltanto nel 1922, per iniziativa del Partito comunista d&#8217;Italia, che volle celebrarla il 12 marzo, in quanto prima domenica successiva all&#8217;ormai fatidico 8 marzo. In quei giorni fu fondato il periodico quindicinale Compagna, che il 1\u00ba marzo 1925 riport\u00f2 un articolo di Lenin, scomparso l&#8217;anno precedente, che ricordava l&#8217;8 marzo come Giornata internazionale della donna, la quale aveva avuto una parte attiva nelle lotte sociali e nel rovesciamento dello zarismo.<\/p>\n<p>La connotazione fortemente politica della Giornata della donna, l\u2019isolamento politico della Russia e del movimento comunista e, infine, le vicende della Seconda guerra mondiale, contribuirono alla perdita della memoria storica delle reali origini della manifestazione. Cos\u00ec, nel dopoguerra, cominciarono a circolare altre versioni, secondo le quali l\u20198 marzo avrebbe ricordato la morte di centinaia di operaie nel rogo di una fabbrica di camicie a New York, facendo probabilmente confusione con una tragedia realmente verificatasi in quella citt\u00e0 il 25 marzo 1911, l\u2019incendio della fabbrica Triangle, nella quale morirono 146 lavoratori, in gran parte giovani donne immigrate dall&#8217;Europa. Altre versioni citavano la violenta repressione poliziesca di una manifestazione sindacale di operaie tessili tenutasi a New York nel 1857, mentre altre ancora riferivano di scioperi o incidenti verificatesi a Chicago, a Boston o a New York.<\/p>\n<p>Nonostante le ricerche effettuate da diverse femministe tra la fine degli anni &#8217;70 e gli &#8217;80 abbiano dimostrato l&#8217;erroneit\u00e0 di queste ricostruzioni, le stesse sono ancora diffuse sia tra i mass media che nella propaganda delle organizzazioni sindacali.<\/p>\n<p>Manifestazione femminista<\/p>\n<p>Nel settembre del 1944 si cre\u00f2 a Roma l\u2019UDI, Unione Donne in Italia, per iniziativa di donne appartenenti al PCI, al PSI, al Partito d&#8217;Azione, alla Sinistra Cristiana e alla Democrazia del Lavoro e fu l\u2019UDI a prendere l\u2019iniziativa di celebrare, l\u20198 marzo 1945, le prime giornate della donna nelle zone dell\u2019Italia libera, mentre a Londra veniva approvata e inviata all&#8217;ONU una Carta della donna contenente richieste di parit\u00e0 di diritti e di lavoro. Con la fine della guerra, l&#8217;8 marzo 1946 fu celebrato in tutta l&#8217;Italia e vide la prima comparsa del suo simbolo, la mimosa, che fiorisce proprio nei primi giorni di marzo, secondo un&#8217;idea di Teresa Noce, Rita Montagnana e di Teresa Mattei.<\/p>\n<p>Negli anni del 1950, anni di guerra fredda e del ministero Scelba, distribuire in quel giorno la mimosa o diffondere Noi donne, il mensile dell&#8217;Unione Donne Italiane (UDI), divenne un gesto \u00abatto a turbare l\u2019ordine pubblico\u00bb, mentre tenere un banchetto per strada diveniva \u00aboccupazione abusiva di suolo pubblico\u00bb. Nel 1959 le parlamentari Pina Palumbo, Luisa Balboni e Giuliana Nenni presentarono una proposta di legge per rendere la giornata della donna una festa nazionale, ma l&#8217;iniziativa cadde nel vuoto.<\/p>\n<p>Il clima politico miglior\u00f2 nel decennio successivo, ma la ricorrenza continu\u00f2 a non ottenere udienza nell&#8217;opinione pubblica finch\u00e9, con gli anni settanta, in Italia apparve un fenomeno nuovo: il movimento femminista.<\/p>\n<p>La polizia carica un corteo femminista<\/p>\n<p>L&#8217;8 marzo 1972 la manifestazione della festa della donna si tenne a Roma in piazza Campo de&#8217; Fiori: vi partecip\u00f2 anche l&#8217;attrice americana Jane Fonda, che pronunci\u00f2 un breve discorso di adesione, mentre un folto reparto di polizia era schierato intorno alla piazza nella quale poche decine di manifestanti inalberavano cartelli con scritte inconsuete e \u00abscandalose\u00bb: \u00abLegalizzazione dell&#8217;aborto\u00bb, \u00abLiberazione omosessuale\u00bb, \u00abMatrimonio = prostituzione legalizzata\u00bb, e veniva fatto circolare un volantino che chiedeva che non fossero \u00ablo Stato e la Chiesa ma la donna ad avere il diritto di amministrare l&#8217;intero processo della maternit\u00e0\u00bb. Quelle scritte sembrarono intollerabili, perch\u00e9 la polizia caric\u00f2, manganell\u00f2 e disperse le manifestanti.<\/p>\n<p>Il 1975 fu designato come &#8220;Anno Internazionale delle Donne&#8221; dalle Nazioni Unite e l&#8217;8 marzo le organizzazioni femminili celebrarono in tutto il mondo proprio la giornata internazionale della donna, con manifestazioni che onoravano gli avanzamenti della donna e ricordavano la necessit\u00e0 di una continua vigilanza per assicurare che la loro uguaglianza fosse ottenuta e mantenuta in tutti gli aspetti della vita civile. A partire da quell&#8217;anno anche le Nazioni Unite riconobbero nell&#8217;8 marzo la giornata dedicata alla donna.<\/p>\n<p>Due anni dopo, nel dicembre 1977, l&#8217;Assemblea generale delle Nazioni Unite adott\u00f2 una risoluzione proclamando una \u00abgiornata delle Nazioni Unite per i diritti della donna e la pace internazionale\u00bb da osservare dagli stati membri in un qualsiasi giorno dell&#8217;anno, in accordo con le tradizioni storiche e nazionali di ogni stato. Adottando questa risoluzione, l&#8217;Assemblea riconobbe il ruolo della donna negli sforzi di pace e riconobbe l&#8217;urgenza di porre fine a ogni discriminazione e di aumentare gli appoggi a una piena e paritaria partecipazione delle donne alla vita civile e sociale del loro paese.<\/p>\n<p>\u00a0<\/p>\n<p>Fonte: <a href=\"http:\/\/www.wikipedia.com\">www.wikipedia.com<\/a><\/p>\n","protected":false},"excerpt":{"rendered":"<p>\u00a0 \u00a0La giornata internazionale della donna (comunemente definita festa della donna) ricorre l&#8217;8 marzo di ogni anno per ricordare sia le conquiste sociali, politiche ed economiche delle donne, sia le discriminazioni e le violenze cui esse sono ancora fatte oggetto in molte parti del mondo&#8230;.<\/p>\n","protected":false},"author":2,"featured_media":0,"comment_status":"closed","ping_status":"closed","sticky":false,"template":"","format":"standard","meta":{"_acf_changed":false,"footnotes":""},"categories":[6],"tags":[],"class_list":["post-709","post","type-post","status-publish","format-standard","hentry","category-blog-it-it"],"acf":[],"yoast_head":"<!-- This site is optimized with the Yoast SEO plugin v27.5 - https:\/\/yoast.com\/product\/yoast-seo-wordpress\/ -->\n<title>Giornata internazionale della donna | 8 marzo, festa della donna, cultura | INMSOL<\/title>\n<meta name=\"description\" content=\"International Women&#039;s Day\" \/>\n<meta name=\"robots\" content=\"index, follow, max-snippet:-1, max-image-preview:large, max-video-preview:-1\" \/>\n<link rel=\"canonical\" href=\"https:\/\/www.inmsol.com\/it\/blog-it-it\/giornata-internazionale-della-donna\/\" \/>\n<meta property=\"og:locale\" content=\"it_IT\" \/>\n<meta property=\"og:type\" content=\"article\" \/>\n<meta property=\"og:title\" content=\"Giornata internazionale della donna | 8 marzo, festa della donna, cultura | INMSOL\" \/>\n<meta property=\"og:description\" content=\"International Women&#039;s Day\" \/>\n<meta property=\"og:url\" content=\"https:\/\/www.inmsol.com\/it\/blog-it-it\/giornata-internazionale-della-donna\/\" \/>\n<meta property=\"og:site_name\" content=\"iNMSOL\" \/>\n<meta property=\"article:publisher\" content=\"https:\/\/www.facebook.com\/spanishcourses\" \/>\n<meta property=\"article:published_time\" content=\"2011-03-08T17:05:51+00:00\" \/>\n<meta property=\"article:modified_time\" content=\"2013-05-19T16:51:36+00:00\" \/>\n<meta property=\"og:image\" content=\"https:\/\/www.inmsol.com\/wp-content\/uploads\/2019\/08\/logo-inmsol.png\" \/>\n\t<meta property=\"og:image:width\" content=\"320\" \/>\n\t<meta property=\"og:image:height\" content=\"154\" \/>\n\t<meta property=\"og:image:type\" content=\"image\/png\" \/>\n<meta name=\"author\" content=\"Javier Torres\" \/>\n<meta name=\"twitter:label1\" content=\"Scritto da\" \/>\n\t<meta name=\"twitter:data1\" content=\"Javier Torres\" \/>\n\t<meta name=\"twitter:label2\" content=\"Tempo di lettura stimato\" \/>\n\t<meta name=\"twitter:data2\" content=\"9 minuti\" \/>\n<script type=\"application\/ld+json\" class=\"yoast-schema-graph\">{\"@context\":\"https:\\\/\\\/schema.org\",\"@graph\":[{\"@type\":\"Article\",\"@id\":\"https:\\\/\\\/www.inmsol.com\\\/it\\\/blog-it-it\\\/giornata-internazionale-della-donna\\\/#article\",\"isPartOf\":{\"@id\":\"https:\\\/\\\/www.inmsol.com\\\/it\\\/blog-it-it\\\/giornata-internazionale-della-donna\\\/\"},\"author\":{\"name\":\"Javier Torres\",\"@id\":\"https:\\\/\\\/www.inmsol.com\\\/it\\\/#\\\/schema\\\/person\\\/18f18acd0397ef441e373e79ec3eb6ea\"},\"headline\":\"Giornata internazionale della donna\",\"datePublished\":\"2011-03-08T17:05:51+00:00\",\"dateModified\":\"2013-05-19T16:51:36+00:00\",\"mainEntityOfPage\":{\"@id\":\"https:\\\/\\\/www.inmsol.com\\\/it\\\/blog-it-it\\\/giornata-internazionale-della-donna\\\/\"},\"wordCount\":1748,\"publisher\":{\"@id\":\"https:\\\/\\\/www.inmsol.com\\\/it\\\/#organization\"},\"articleSection\":[\"Blog\"],\"inLanguage\":\"it-IT\"},{\"@type\":\"WebPage\",\"@id\":\"https:\\\/\\\/www.inmsol.com\\\/it\\\/blog-it-it\\\/giornata-internazionale-della-donna\\\/\",\"url\":\"https:\\\/\\\/www.inmsol.com\\\/it\\\/blog-it-it\\\/giornata-internazionale-della-donna\\\/\",\"name\":\"Giornata internazionale della donna | 8 marzo, festa della donna, cultura | INMSOL\",\"isPartOf\":{\"@id\":\"https:\\\/\\\/www.inmsol.com\\\/it\\\/#website\"},\"datePublished\":\"2011-03-08T17:05:51+00:00\",\"dateModified\":\"2013-05-19T16:51:36+00:00\",\"description\":\"International Women's Day\",\"breadcrumb\":{\"@id\":\"https:\\\/\\\/www.inmsol.com\\\/it\\\/blog-it-it\\\/giornata-internazionale-della-donna\\\/#breadcrumb\"},\"inLanguage\":\"it-IT\",\"potentialAction\":[{\"@type\":\"ReadAction\",\"target\":[\"https:\\\/\\\/www.inmsol.com\\\/it\\\/blog-it-it\\\/giornata-internazionale-della-donna\\\/\"]}]},{\"@type\":\"BreadcrumbList\",\"@id\":\"https:\\\/\\\/www.inmsol.com\\\/it\\\/blog-it-it\\\/giornata-internazionale-della-donna\\\/#breadcrumb\",\"itemListElement\":[{\"@type\":\"ListItem\",\"position\":1,\"name\":\"Accredited Center by Instituto Cervantes\",\"item\":\"https:\\\/\\\/www.inmsol.com\\\/it\\\/pagina-ejemplo\\\/\"},{\"@type\":\"ListItem\",\"position\":2,\"name\":\"Blog\",\"item\":\"https:\\\/\\\/www.inmsol.com\\\/it\\\/category\\\/blog-it-it\\\/\"},{\"@type\":\"ListItem\",\"position\":3,\"name\":\"Giornata internazionale della donna\"}]},{\"@type\":\"WebSite\",\"@id\":\"https:\\\/\\\/www.inmsol.com\\\/it\\\/#website\",\"url\":\"https:\\\/\\\/www.inmsol.com\\\/it\\\/\",\"name\":\"iNMSOL\",\"description\":\"Impara lo spagnolo con noi - Centro di studio accreditato con l'Istituto Cervantes\",\"publisher\":{\"@id\":\"https:\\\/\\\/www.inmsol.com\\\/it\\\/#organization\"},\"potentialAction\":[{\"@type\":\"SearchAction\",\"target\":{\"@type\":\"EntryPoint\",\"urlTemplate\":\"https:\\\/\\\/www.inmsol.com\\\/it\\\/?s={search_term_string}\"},\"query-input\":{\"@type\":\"PropertyValueSpecification\",\"valueRequired\":true,\"valueName\":\"search_term_string\"}}],\"inLanguage\":\"it-IT\"},{\"@type\":\"Organization\",\"@id\":\"https:\\\/\\\/www.inmsol.com\\\/it\\\/#organization\",\"name\":\"Instituto Mediterr\u00e1neo Sol\",\"url\":\"https:\\\/\\\/www.inmsol.com\\\/it\\\/\",\"logo\":{\"@type\":\"ImageObject\",\"inLanguage\":\"it-IT\",\"@id\":\"https:\\\/\\\/www.inmsol.com\\\/it\\\/#\\\/schema\\\/logo\\\/image\\\/\",\"url\":\"https:\\\/\\\/www.inmsol.com\\\/wp-content\\\/uploads\\\/2023\\\/06\\\/logo-inmsol-1.png\",\"contentUrl\":\"https:\\\/\\\/www.inmsol.com\\\/wp-content\\\/uploads\\\/2023\\\/06\\\/logo-inmsol-1.png\",\"width\":136,\"height\":73,\"caption\":\"Instituto Mediterr\u00e1neo Sol\"},\"image\":{\"@id\":\"https:\\\/\\\/www.inmsol.com\\\/it\\\/#\\\/schema\\\/logo\\\/image\\\/\"},\"sameAs\":[\"https:\\\/\\\/www.facebook.com\\\/spanishcourses\",\"https:\\\/\\\/x.com\\\/StudyInGranada\",\"http:\\\/\\\/instagram.com\\\/imsolgranada\",\"https:\\\/\\\/es.linkedin.com\\\/company\\\/imsol-granada\",\"https:\\\/\\\/www.pinterest.es\\\/inmsol\\\/\",\"https:\\\/\\\/www.youtube.com\\\/channel\\\/UChz-Qn_7coFMosY85iYMO4g\"]},{\"@type\":\"Person\",\"@id\":\"https:\\\/\\\/www.inmsol.com\\\/it\\\/#\\\/schema\\\/person\\\/18f18acd0397ef441e373e79ec3eb6ea\",\"name\":\"Javier Torres\",\"image\":{\"@type\":\"ImageObject\",\"inLanguage\":\"it-IT\",\"@id\":\"https:\\\/\\\/secure.gravatar.com\\\/avatar\\\/90afa2d6499550218d247408758082af566e5ec3641e1b8eac0d7bb889344a55?s=96&d=mm&r=g\",\"url\":\"https:\\\/\\\/secure.gravatar.com\\\/avatar\\\/90afa2d6499550218d247408758082af566e5ec3641e1b8eac0d7bb889344a55?s=96&d=mm&r=g\",\"contentUrl\":\"https:\\\/\\\/secure.gravatar.com\\\/avatar\\\/90afa2d6499550218d247408758082af566e5ec3641e1b8eac0d7bb889344a55?s=96&d=mm&r=g\",\"caption\":\"Javier Torres\"},\"url\":\"https:\\\/\\\/www.inmsol.com\\\/it\\\/author\\\/javier\\\/\"}]}<\/script>\n<!-- \/ Yoast SEO plugin. -->","yoast_head_json":{"title":"Giornata internazionale della donna | 8 marzo, festa della donna, cultura | INMSOL","description":"International Women's Day","robots":{"index":"index","follow":"follow","max-snippet":"max-snippet:-1","max-image-preview":"max-image-preview:large","max-video-preview":"max-video-preview:-1"},"canonical":"https:\/\/www.inmsol.com\/it\/blog-it-it\/giornata-internazionale-della-donna\/","og_locale":"it_IT","og_type":"article","og_title":"Giornata internazionale della donna | 8 marzo, festa della donna, cultura | INMSOL","og_description":"International Women's Day","og_url":"https:\/\/www.inmsol.com\/it\/blog-it-it\/giornata-internazionale-della-donna\/","og_site_name":"iNMSOL","article_publisher":"https:\/\/www.facebook.com\/spanishcourses","article_published_time":"2011-03-08T17:05:51+00:00","article_modified_time":"2013-05-19T16:51:36+00:00","og_image":[{"width":320,"height":154,"url":"https:\/\/www.inmsol.com\/wp-content\/uploads\/2019\/08\/logo-inmsol.png","type":"image\/png"}],"author":"Javier Torres","twitter_misc":{"Scritto da":"Javier Torres","Tempo di lettura stimato":"9 minuti"},"schema":{"@context":"https:\/\/schema.org","@graph":[{"@type":"Article","@id":"https:\/\/www.inmsol.com\/it\/blog-it-it\/giornata-internazionale-della-donna\/#article","isPartOf":{"@id":"https:\/\/www.inmsol.com\/it\/blog-it-it\/giornata-internazionale-della-donna\/"},"author":{"name":"Javier Torres","@id":"https:\/\/www.inmsol.com\/it\/#\/schema\/person\/18f18acd0397ef441e373e79ec3eb6ea"},"headline":"Giornata internazionale della donna","datePublished":"2011-03-08T17:05:51+00:00","dateModified":"2013-05-19T16:51:36+00:00","mainEntityOfPage":{"@id":"https:\/\/www.inmsol.com\/it\/blog-it-it\/giornata-internazionale-della-donna\/"},"wordCount":1748,"publisher":{"@id":"https:\/\/www.inmsol.com\/it\/#organization"},"articleSection":["Blog"],"inLanguage":"it-IT"},{"@type":"WebPage","@id":"https:\/\/www.inmsol.com\/it\/blog-it-it\/giornata-internazionale-della-donna\/","url":"https:\/\/www.inmsol.com\/it\/blog-it-it\/giornata-internazionale-della-donna\/","name":"Giornata internazionale della donna | 8 marzo, festa della donna, cultura | INMSOL","isPartOf":{"@id":"https:\/\/www.inmsol.com\/it\/#website"},"datePublished":"2011-03-08T17:05:51+00:00","dateModified":"2013-05-19T16:51:36+00:00","description":"International Women's Day","breadcrumb":{"@id":"https:\/\/www.inmsol.com\/it\/blog-it-it\/giornata-internazionale-della-donna\/#breadcrumb"},"inLanguage":"it-IT","potentialAction":[{"@type":"ReadAction","target":["https:\/\/www.inmsol.com\/it\/blog-it-it\/giornata-internazionale-della-donna\/"]}]},{"@type":"BreadcrumbList","@id":"https:\/\/www.inmsol.com\/it\/blog-it-it\/giornata-internazionale-della-donna\/#breadcrumb","itemListElement":[{"@type":"ListItem","position":1,"name":"Accredited Center by Instituto Cervantes","item":"https:\/\/www.inmsol.com\/it\/pagina-ejemplo\/"},{"@type":"ListItem","position":2,"name":"Blog","item":"https:\/\/www.inmsol.com\/it\/category\/blog-it-it\/"},{"@type":"ListItem","position":3,"name":"Giornata internazionale della donna"}]},{"@type":"WebSite","@id":"https:\/\/www.inmsol.com\/it\/#website","url":"https:\/\/www.inmsol.com\/it\/","name":"iNMSOL","description":"Impara lo spagnolo con noi - Centro di studio accreditato con l'Istituto Cervantes","publisher":{"@id":"https:\/\/www.inmsol.com\/it\/#organization"},"potentialAction":[{"@type":"SearchAction","target":{"@type":"EntryPoint","urlTemplate":"https:\/\/www.inmsol.com\/it\/?s={search_term_string}"},"query-input":{"@type":"PropertyValueSpecification","valueRequired":true,"valueName":"search_term_string"}}],"inLanguage":"it-IT"},{"@type":"Organization","@id":"https:\/\/www.inmsol.com\/it\/#organization","name":"Instituto Mediterr\u00e1neo Sol","url":"https:\/\/www.inmsol.com\/it\/","logo":{"@type":"ImageObject","inLanguage":"it-IT","@id":"https:\/\/www.inmsol.com\/it\/#\/schema\/logo\/image\/","url":"https:\/\/www.inmsol.com\/wp-content\/uploads\/2023\/06\/logo-inmsol-1.png","contentUrl":"https:\/\/www.inmsol.com\/wp-content\/uploads\/2023\/06\/logo-inmsol-1.png","width":136,"height":73,"caption":"Instituto Mediterr\u00e1neo Sol"},"image":{"@id":"https:\/\/www.inmsol.com\/it\/#\/schema\/logo\/image\/"},"sameAs":["https:\/\/www.facebook.com\/spanishcourses","https:\/\/x.com\/StudyInGranada","http:\/\/instagram.com\/imsolgranada","https:\/\/es.linkedin.com\/company\/imsol-granada","https:\/\/www.pinterest.es\/inmsol\/","https:\/\/www.youtube.com\/channel\/UChz-Qn_7coFMosY85iYMO4g"]},{"@type":"Person","@id":"https:\/\/www.inmsol.com\/it\/#\/schema\/person\/18f18acd0397ef441e373e79ec3eb6ea","name":"Javier Torres","image":{"@type":"ImageObject","inLanguage":"it-IT","@id":"https:\/\/secure.gravatar.com\/avatar\/90afa2d6499550218d247408758082af566e5ec3641e1b8eac0d7bb889344a55?s=96&d=mm&r=g","url":"https:\/\/secure.gravatar.com\/avatar\/90afa2d6499550218d247408758082af566e5ec3641e1b8eac0d7bb889344a55?s=96&d=mm&r=g","contentUrl":"https:\/\/secure.gravatar.com\/avatar\/90afa2d6499550218d247408758082af566e5ec3641e1b8eac0d7bb889344a55?s=96&d=mm&r=g","caption":"Javier Torres"},"url":"https:\/\/www.inmsol.com\/it\/author\/javier\/"}]}},"_links":{"self":[{"href":"https:\/\/www.inmsol.com\/it\/wp-json\/wp\/v2\/posts\/709","targetHints":{"allow":["GET"]}}],"collection":[{"href":"https:\/\/www.inmsol.com\/it\/wp-json\/wp\/v2\/posts"}],"about":[{"href":"https:\/\/www.inmsol.com\/it\/wp-json\/wp\/v2\/types\/post"}],"author":[{"embeddable":true,"href":"https:\/\/www.inmsol.com\/it\/wp-json\/wp\/v2\/users\/2"}],"replies":[{"embeddable":true,"href":"https:\/\/www.inmsol.com\/it\/wp-json\/wp\/v2\/comments?post=709"}],"version-history":[{"count":0,"href":"https:\/\/www.inmsol.com\/it\/wp-json\/wp\/v2\/posts\/709\/revisions"}],"wp:attachment":[{"href":"https:\/\/www.inmsol.com\/it\/wp-json\/wp\/v2\/media?parent=709"}],"wp:term":[{"taxonomy":"category","embeddable":true,"href":"https:\/\/www.inmsol.com\/it\/wp-json\/wp\/v2\/categories?post=709"},{"taxonomy":"post_tag","embeddable":true,"href":"https:\/\/www.inmsol.com\/it\/wp-json\/wp\/v2\/tags?post=709"}],"curies":[{"name":"wp","href":"https:\/\/api.w.org\/{rel}","templated":true}]}}