{"id":771,"date":"2011-04-11T15:15:42","date_gmt":"2011-04-11T15:15:42","guid":{"rendered":"https:\/\/www.inmsol.com\/"},"modified":"2013-05-19T15:53:49","modified_gmt":"2013-05-19T15:53:49","slug":"larte-di-salvador-dali","status":"publish","type":"post","link":"https:\/\/www.inmsol.com\/it\/blog-it-it\/larte-di-salvador-dali\/","title":{"rendered":"L&#8217;Arte di Salvador Dal\u00ed"},"content":{"rendered":"<p>Dal\u00ed era un abile disegnatore tecnico, ma \u00e8 celebre soprattutto per le immagini suggestive e bizzarre delle sue opere surrealiste. Il suo peculiare tocco pittorico \u00e8 stato spesso attribuito all&#8217;influenza che ebbero su di lui i maestri del Rinascimento. Realizz\u00f2 la sua opera pi\u00f9 famosa, La persistenza della memoria nel 1931. Il talento artistico di Dal\u00ed ha trovato espressione in svariati ambiti, tra cui il cinema, la scultura e la fotografia, e lo ha portato a collaborare con artisti di ogni tipo.<\/p>\n<p><!--break--><\/p>\n<p><span style=\"font-family: arial, sans-serif; font-size: 13px;\">\u00a0<\/span><\/p>\n<p>Faceva risalire il suo &#8220;amore per tutto ci\u00f2 che \u00e8 dorato ed eccessivo, la mia passione per il lusso e la mia predilezione per gli abiti orientali&#8221;ad una auto-attribuita &#8220;discendenza araba&#8221;, sostenendo che i suoi antenati discendevano dai Mori.<\/p>\n<p>\tDal\u00ed fu un uomo dotato di una grande immaginazione ma con il vezzo di assumere atteggiamenti stravaganti per attirare l&#8217;attenzione su di s\u00e9. Tale comportamento ha talvolta irritato coloro che hanno amato la sua arte tanto quanto ha infastidito i suoi detrattori, in quanto i suoi modi eccentrici hanno in alcuni casi catturato l&#8217;attenzione del pubblico pi\u00f9 delle sue opere.<\/p>\n<p>\n\t<strong>Il simbolismo<\/strong><\/p>\n<p>Nel suo lavoro Dal\u00ed si \u00e8 ampiamente servito del simbolismo. Ad esempio, il simbolo caratteristico degli &#8220;orologi flosci&#8221; apparso per la prima volta in La persistenza della memoria si riferisce alla teoria di Einstein che il tempo \u00e8 relativo e non qualcosa di fisso. L&#8217;idea di servirsi degli orologi in questo modo venne a Dal\u00ed mentre in una calda giornata d&#8217;agosto osserv\u00f2 un pezzo di formaggio Camembert che si scioglieva e gocciolava.<\/p>\n<p>\tQuella dell&#8217;elefante \u00e8 un&#8217;altra delle immagini ricorrenti nelle opere di Dal\u00ed. Comparve per la prima volta nell&#8217;opera del 1944 Sogno causato dal volo di un&#8217;ape intorno a una melagrana un attimo prima del risveglio. L&#8217;elefante, ispirato al piedistallo di una scultura di Gian Lorenzo Bernini che si trova a Roma e rappresenta un elefante che trasporta un antico obelisco viene ritratto con le &#8220;lunghe gambe del desiderio, con molte giunture e quasi invisibili&#8221; e con un obelisco sulla schiena.<\/p>\n<p><span style=\"font-family: arial, sans-serif; font-size: 13px;\">\u00a0<\/span><\/p>\n<p>\tGrazie all&#8217;incongrua associazione con le zampe sottili e fragili, questi goffi animali, noti anche per essere un tipico simbolo fallico, creano un senso di irrealt\u00e0. &#8220;L&#8217;elefante rappresenta la distorsione dello spazio&#8221; ha spiegato una volta Dal\u00ed, &#8220;le zampe lunghe ed esili contrastano l&#8217;idea dell&#8217;assenza di peso con la struttura&#8221;. &#8220;Dipingo immagini che mi riempiono di gioia, che creo con assoluta naturalezza, senza la minima preoccupazione per l&#8217;estetica, faccio cose che mi ispirano un&#8217;emozione profonda e tento di dipingerle con onest\u00e0&#8221;.<\/p>\n<p>\tL&#8217;uovo \u00e8 un&#8217;altra delle immagini tipiche di cui si serviva Dal\u00ed. Associa all&#8217;uovo il periodo prenatale e intrauterino, usandolo per simboleggiare la speranza e l&#8217;amore; l&#8217;uovo compare ad esempio ne Il grande masturbatore e ne La metamorfosi di Narciso. Nelle sue opere compaiono inoltre varie specie animali: le formiche rappresentano la morte, la decadenza e uno smisurato desiderio sessuale; la chiocciola \u00e8 in stretta connessione con la testa umana (la prima volta che incontr\u00f2 Sigmund Freud Dal\u00ed aveva visto una chiocciola su una bicicletta appoggiata fuori dalla sua casa), mentre le locuste sono per lui un simbolo di distruzione e paura.<\/p>\n<p>\n\t<strong>Interessi e attivit\u00e0 al di fuori della pittura<\/strong><\/p>\n<p>\tDal\u00ed fu un artista molto versatile. Alcune delle sue opere pi\u00f9 celebri sono sculture o altro tipo di installazioni, e si distinse anche per i suoi contributi al teatro, alla moda, alla fotografia e altre discipline.<\/p>\n<p>\n\t<span style=\"font-family: arial, sans-serif; font-size: 13px;\">\u00a0<\/span><br \/><strong><em>Arredamento e gioielleria<\/em><\/strong><\/p>\n<p>\tDue degli oggetti pi\u00f9 famosi lasciatici dal movimento surrealista sono il Telefono aragosta e il Divano &#8211; labbra di Mae West, realizzati da Dal\u00ed nel 1936 e 1937 rispettivamente. Entrambe le opere gli furono commissionate dall&#8217;artista surrealista e mecenate Edward James: James aveva ereditato una vasta propriet\u00e0 in Inghilterra, a West Dean nel West Sussex, quando aveva 5 anni e negli anni trenta era diventato uno dei principali sostenitori del movimento surrealista. La descrizione del Telefono aragosta in esposizione alla Tate Gallery riporta che secondo Dal\u00ed le aragoste e i telefoni avevano entrambi una forte connotazione sessuale ed egli individu\u00f2 una stretta analogia tra il cibo e il sesso. Il telefono era perfettamente funzionante e James ne acquist\u00f2 quattro da Dal\u00ed per sostituire gli apparecchi di casa sua. Uno di questi \u00e8 attualmente esposto alla Tate Gallery di Londra, il secondo si trova al Museo tedesco del telefono di Francoforte, il terzo appartiene alla Fondazione Edward James, mentre il quarto si trova esposto alla National Gallery of Australia.<\/p>\n<p>\tIl Divano &#8211; labbra di Mae West, realizzato in legno e raso, riprende la forma delle labbra della celebre attrice, da cui Dal\u00ed sembrava essere affascinato. La West gi\u00e0 in precedenza era stata il soggetto di un&#8217;opera del pittore catalano, ovvero Il volto di Mae West del 1935. Attualmente il Divano &#8211; labbra di Mae West si trova al Brighton and Hove Museum in Inghilterra.<\/p>\n<p>Tra il 1941 e il 1970 Dal\u00ed cre\u00f2 una collezione di 39 gioielli. Sono pezzi particolarmente complessi e alcuni di essi hanno delle parti mobili. Il pi\u00f9 famoso di questi, Il cuore reale \u00e8 realizzato in oro, ha 46 rubini, 42 diamanti e 4 smeraldi incastonati ed \u00e8 fatto in modo che il centro del gioiello batta come fosse un vero cuore. Dal\u00ed disse che &#8220;Senza un pubblico, senza la presenza di spettatori, questi gioielli non compierebbero appieno la funzione per cui sono stati realizzati. Chi li guarda \u00e8, di conseguenza, il vero artista&#8221;. &#8220;I gioielli di Dal\u00ec&#8221; sono esposti permanentemente al Teatro-Museo Dal\u00ed di Figueres, in Catalogna.<\/p>\n<p><span style=\"font-family: arial, sans-serif; font-size: 13px;\">\u00a0<\/span><\/p>\n<p><em><strong>Teatro<\/strong><\/em><\/p>\n<p>\tPer il teatro, nel 1927 Dal\u00ed realizz\u00f2 la scenografia per la rappresentazione della commedia romantica di Garc\u00eda Lorca Mariana Pineda. Nel 1939 per la messa in scena di Baccanale, un balletto realizzato sulle note dell&#8217;opera Tannh\u00e4user di Richard Wagner (1845), Dal\u00ed cre\u00f2 sia le scene che il libretto dello spettacolo. Al lavoro per Baccanale seguirono la realizzazione delle scene per Labirinto del 1941 e per Il cappello a tre punte del 1949.<br \/>\n\t\u00a0<\/p>\n<p><strong><em>Cinema<\/em><\/strong><\/p>\n<p>\tFin dalla giovinezza Dal\u00ed manifest\u00f2 un vivo interesse per la cinematografia, e si recava al cinema quasi tutte le domeniche. Visse sia l&#8217;epoca del muto che il periodo in cui i film iniziarono a diventare molto popolari. Credeva che il cinema avesse due dimensioni diverse: &#8220;le cose in s\u00e9&#8221; &#8211; ovvero i fatti che sono ritratti dalla macchina da presa &#8211; e l'&#8221;immaginazione fotografica&#8221; &#8211; ovvero il modo in cui la macchina da presa trasforma le immagini in maniera creativa e fantasiosa.<br \/>\n\tFu co-autore del film surrealista di Luis Bu\u00f1uel Un chien andalou, un cortometraggio di 17 minuti rimasto celebre per la sua particolare scena d&#8217;apertura in cui si vede un occhio umano squarciato con un rasoio. Questo \u00e8 in effetti il film per cui Dal\u00ed \u00e8 rimasto celebre nella scena della cinematografia indipendente. Un Chien Andalou \u00e8 un buon esempio del modo in cui Dal\u00ed riportava nel mondo reale il suo immaginario simile a quello dei sogni: le immagini cambiano all&#8217;improvviso e le scene si interrompono conducendo lo spettatore in una direzione completamente diversa da quella che stava seguendo solo un momento prima. Il secondo film prodotto insieme a Bu\u00f1uel si intitola L&#8217;\u00e2ge d&#8217;or e venne girato nel 1930 a Parigi nello Studio 28. Il film fu messo al bando per anni dopo che &#8220;fascisti e gruppi di antisemiti fecero irruzione violentemente nella sala parigina dove era proiettato lanciando bombette puzzolenti e inchiostro&#8221;. Entrambi i film ebbero un grosso impatto sul movimento surrealista che si muoveva nel cinema indipendente. Il critico Robert Short ha scritto: &#8220;Se &#8216;Un chien andalou&#8217; si pone come la massima rappresentazione delle incursioni del surrealismo nel regno dell&#8217;inconscio, allora &#8216;L&#8217;\u00e2ge d&#8217;or&#8217; \u00e8 forse la pi\u00f9 incisiva e implacabile espressione del suo intento rivoluzionario&#8221;.<\/p>\n<p>Dal\u00ed lavor\u00f2 anche con altri celebri cineasti come Alfred Hitchcock. La pi\u00f9 conosciuta delle sue realizzazioni \u00e8 forse la sequenza del sogno di Io ti salver\u00f2 (1945), film che affronta il tema della psicanalisi. Per il film Hitchcock aveva bisogno di scene oniriche di buona qualit\u00e0, che comunicassero l&#8217;idea che un&#8217;esperienza repressa pu\u00f2 scatenare una nevrosi, e sapeva che il lavoro di Dal\u00ed poteva aiutarlo a creare l&#8217;atmosfera che desiderava.<\/p>\n<p>\tSi impegn\u00f2 nella realizzazione di un documentario intitolato Caos e creazione, ricco di riferimenti utili a comprendere quale fosse il vero modo di intendere l&#8217;arte di Dal\u00ed.<\/p>\n<p>\tCollabor\u00f2 anche alla produzione di un cartone animato della Disney, Destino. Il film, completato solo nel 2003 da Baker Bloodworth e Roy Disney, contiene immagini oniriche di strani personaggi che volano e camminano in giro. \u00c8 ispirato all&#8217;omonima canzone del cantautore messicano Armando Dom\u00ednguez. Quando Disney nel 1946 assunse Dal\u00ed per aiutarlo nella produzione, in realt\u00e0 i due non erano preparati in modo adeguato al lavoro che avrebbero dovuto affrontare; per otto mesi continuarono a realizzare animazioni finch\u00e9 non furono costretti ad interrompere il lavoro quando si resero conto di aver finito i soldi del budget. Il film non venne cos\u00ec completato ma fu ugualmente presentato in diversi festival cinematografici. Rappresenta un personaggio disneyano con le classiche fattezze della principessa, che interagisce con scene e figure tipiche dell&#8217;opera di Dal\u00ed.<\/p>\n<p><span style=\"font-family: arial, sans-serif; font-size: 13px;\">\u00a0<\/span><\/p>\n<p>\tNel corso della sua vita l&#8217;artista port\u00f2 a termine un solo altro film, Impresiones de Mongolia Superior (1975), che racconta la storia di una spedizione organizzata per cercare degli strani ed enormi funghi allucinogeni.<\/p>\n<p>\u00a0<\/p>\n<p><em><strong>Moda e fotografia<\/strong><\/em><\/p>\n<p>\tDal\u00ed fu attivo anche nel mondo della moda e in quello della fotografia. Nell&#8217;ambito della moda \u00e8 nota la sua collaborazione con la stilista italiana Elsa Schiaparelli, quando l&#8217;artista fu ingaggiato dalla Schiaparelli per realizzare un abito bianco sul quale era raffigurata a stampa un&#8217;aragosta. Tra gli altri modelli che Dal\u00ed fece su sua commissione si ricordano un cappello a forma di scarpa ed una cintura rosa con la fibbia a forma di labbra. Cur\u00f2 anche il design di alcuni di tessuti e bottiglie di profumo. Nel 1950, insieme a Christian Dior cre\u00f2 un singolare &#8220;abito per l&#8217;anno 2045&#8243;[54]. Tra i fotografi con cui collabor\u00f2 si ricordano Man Ray, Brassa\u00ef, Cecil Beaton e Philippe Halsman.<\/p>\n<p>\tCon Man Ray e Brassa\u00ef Dal\u00ed scatt\u00f2 foto della natura, mentre con gli altri si addentr\u00f2 in una serie di soggetti piuttosto oscuri tra cui la serie Dal\u00ed Atomica &#8211; realizzata nel 1948 insieme ad Halsman, ed ispirata al suo dipinto Leda Atomica &#8211; che in una fotografia ritrae &#8220;il cavalletto di un pittore, tre gatti, una secchiata d&#8217;acqua e Dal\u00ed che volteggia nell&#8217;aria.&#8221;<\/p>\n<p><a href=\"http:\/\/it.wikipedia.org\/wiki\/Salvador_Dal%C3%AD\" target=\"_blank\">Fonte<\/a><\/p>\n","protected":false},"excerpt":{"rendered":"<p>Dal\u00ed era un abile disegnatore tecnico, ma \u00e8 celebre soprattutto per le immagini suggestive e bizzarre delle sue opere surrealiste. Il suo peculiare tocco pittorico \u00e8 stato spesso attribuito all&#8217;influenza che ebbero su di lui i maestri del Rinascimento. Realizz\u00f2 la sua opera pi\u00f9 famosa,&#8230;<\/p>\n","protected":false},"author":2,"featured_media":0,"comment_status":"closed","ping_status":"closed","sticky":false,"template":"","format":"standard","meta":{"_acf_changed":false,"footnotes":""},"categories":[6],"tags":[],"class_list":["post-771","post","type-post","status-publish","format-standard","hentry","category-blog-it-it"],"acf":[],"yoast_head":"<!-- This site is optimized with the Yoast SEO plugin v27.5 - https:\/\/yoast.com\/product\/yoast-seo-wordpress\/ -->\n<title>L&#039;Arte di Salvador Dal\u00ed | surrealismo, spagnolo, simbolismo, pittura | INMSOL<\/title>\n<meta name=\"description\" content=\"Arte ed ideolog\u00eda di Salvador Dal\u00ed.\" \/>\n<meta name=\"robots\" content=\"index, follow, max-snippet:-1, max-image-preview:large, max-video-preview:-1\" \/>\n<link rel=\"canonical\" href=\"https:\/\/www.inmsol.com\/it\/blog-it-it\/larte-di-salvador-dali\/\" \/>\n<meta property=\"og:locale\" content=\"it_IT\" \/>\n<meta property=\"og:type\" content=\"article\" \/>\n<meta property=\"og:title\" content=\"L&#039;Arte di Salvador Dal\u00ed | surrealismo, spagnolo, simbolismo, pittura | INMSOL\" \/>\n<meta property=\"og:description\" content=\"Arte ed ideolog\u00eda di Salvador Dal\u00ed.\" \/>\n<meta property=\"og:url\" content=\"https:\/\/www.inmsol.com\/it\/blog-it-it\/larte-di-salvador-dali\/\" \/>\n<meta property=\"og:site_name\" content=\"iNMSOL\" \/>\n<meta property=\"article:publisher\" content=\"https:\/\/www.facebook.com\/spanishcourses\" \/>\n<meta property=\"article:published_time\" content=\"2011-04-11T15:15:42+00:00\" \/>\n<meta property=\"article:modified_time\" content=\"2013-05-19T15:53:49+00:00\" \/>\n<meta property=\"og:image\" content=\"https:\/\/www.inmsol.com\/wp-content\/uploads\/2019\/08\/logo-inmsol.png\" \/>\n\t<meta property=\"og:image:width\" content=\"320\" \/>\n\t<meta property=\"og:image:height\" content=\"154\" \/>\n\t<meta property=\"og:image:type\" content=\"image\/png\" \/>\n<meta name=\"author\" content=\"Javier Torres\" \/>\n<meta name=\"twitter:label1\" content=\"Scritto da\" \/>\n\t<meta name=\"twitter:data1\" content=\"Javier Torres\" \/>\n\t<meta name=\"twitter:label2\" content=\"Tempo di lettura stimato\" \/>\n\t<meta name=\"twitter:data2\" content=\"8 minuti\" \/>\n<script type=\"application\/ld+json\" class=\"yoast-schema-graph\">{\"@context\":\"https:\\\/\\\/schema.org\",\"@graph\":[{\"@type\":\"Article\",\"@id\":\"https:\\\/\\\/www.inmsol.com\\\/it\\\/blog-it-it\\\/larte-di-salvador-dali\\\/#article\",\"isPartOf\":{\"@id\":\"https:\\\/\\\/www.inmsol.com\\\/it\\\/blog-it-it\\\/larte-di-salvador-dali\\\/\"},\"author\":{\"name\":\"Javier Torres\",\"@id\":\"https:\\\/\\\/www.inmsol.com\\\/it\\\/#\\\/schema\\\/person\\\/18f18acd0397ef441e373e79ec3eb6ea\"},\"headline\":\"L&#8217;Arte di Salvador Dal\u00ed\",\"datePublished\":\"2011-04-11T15:15:42+00:00\",\"dateModified\":\"2013-05-19T15:53:49+00:00\",\"mainEntityOfPage\":{\"@id\":\"https:\\\/\\\/www.inmsol.com\\\/it\\\/blog-it-it\\\/larte-di-salvador-dali\\\/\"},\"wordCount\":1720,\"publisher\":{\"@id\":\"https:\\\/\\\/www.inmsol.com\\\/it\\\/#organization\"},\"articleSection\":[\"Blog\"],\"inLanguage\":\"it-IT\"},{\"@type\":\"WebPage\",\"@id\":\"https:\\\/\\\/www.inmsol.com\\\/it\\\/blog-it-it\\\/larte-di-salvador-dali\\\/\",\"url\":\"https:\\\/\\\/www.inmsol.com\\\/it\\\/blog-it-it\\\/larte-di-salvador-dali\\\/\",\"name\":\"L'Arte di Salvador Dal\u00ed | surrealismo, spagnolo, simbolismo, pittura | INMSOL\",\"isPartOf\":{\"@id\":\"https:\\\/\\\/www.inmsol.com\\\/it\\\/#website\"},\"datePublished\":\"2011-04-11T15:15:42+00:00\",\"dateModified\":\"2013-05-19T15:53:49+00:00\",\"description\":\"Arte ed ideolog\u00eda di Salvador Dal\u00ed.\",\"breadcrumb\":{\"@id\":\"https:\\\/\\\/www.inmsol.com\\\/it\\\/blog-it-it\\\/larte-di-salvador-dali\\\/#breadcrumb\"},\"inLanguage\":\"it-IT\",\"potentialAction\":[{\"@type\":\"ReadAction\",\"target\":[\"https:\\\/\\\/www.inmsol.com\\\/it\\\/blog-it-it\\\/larte-di-salvador-dali\\\/\"]}]},{\"@type\":\"BreadcrumbList\",\"@id\":\"https:\\\/\\\/www.inmsol.com\\\/it\\\/blog-it-it\\\/larte-di-salvador-dali\\\/#breadcrumb\",\"itemListElement\":[{\"@type\":\"ListItem\",\"position\":1,\"name\":\"Accredited Center by Instituto Cervantes\",\"item\":\"https:\\\/\\\/www.inmsol.com\\\/it\\\/pagina-ejemplo\\\/\"},{\"@type\":\"ListItem\",\"position\":2,\"name\":\"Blog\",\"item\":\"https:\\\/\\\/www.inmsol.com\\\/it\\\/category\\\/blog-it-it\\\/\"},{\"@type\":\"ListItem\",\"position\":3,\"name\":\"L&#8217;Arte di Salvador Dal\u00ed\"}]},{\"@type\":\"WebSite\",\"@id\":\"https:\\\/\\\/www.inmsol.com\\\/it\\\/#website\",\"url\":\"https:\\\/\\\/www.inmsol.com\\\/it\\\/\",\"name\":\"iNMSOL\",\"description\":\"Impara lo spagnolo con noi - Centro di studio accreditato con l'Istituto Cervantes\",\"publisher\":{\"@id\":\"https:\\\/\\\/www.inmsol.com\\\/it\\\/#organization\"},\"potentialAction\":[{\"@type\":\"SearchAction\",\"target\":{\"@type\":\"EntryPoint\",\"urlTemplate\":\"https:\\\/\\\/www.inmsol.com\\\/it\\\/?s={search_term_string}\"},\"query-input\":{\"@type\":\"PropertyValueSpecification\",\"valueRequired\":true,\"valueName\":\"search_term_string\"}}],\"inLanguage\":\"it-IT\"},{\"@type\":\"Organization\",\"@id\":\"https:\\\/\\\/www.inmsol.com\\\/it\\\/#organization\",\"name\":\"Instituto Mediterr\u00e1neo Sol\",\"url\":\"https:\\\/\\\/www.inmsol.com\\\/it\\\/\",\"logo\":{\"@type\":\"ImageObject\",\"inLanguage\":\"it-IT\",\"@id\":\"https:\\\/\\\/www.inmsol.com\\\/it\\\/#\\\/schema\\\/logo\\\/image\\\/\",\"url\":\"https:\\\/\\\/www.inmsol.com\\\/wp-content\\\/uploads\\\/2023\\\/06\\\/logo-inmsol-1.png\",\"contentUrl\":\"https:\\\/\\\/www.inmsol.com\\\/wp-content\\\/uploads\\\/2023\\\/06\\\/logo-inmsol-1.png\",\"width\":136,\"height\":73,\"caption\":\"Instituto Mediterr\u00e1neo Sol\"},\"image\":{\"@id\":\"https:\\\/\\\/www.inmsol.com\\\/it\\\/#\\\/schema\\\/logo\\\/image\\\/\"},\"sameAs\":[\"https:\\\/\\\/www.facebook.com\\\/spanishcourses\",\"https:\\\/\\\/x.com\\\/StudyInGranada\",\"http:\\\/\\\/instagram.com\\\/imsolgranada\",\"https:\\\/\\\/es.linkedin.com\\\/company\\\/imsol-granada\",\"https:\\\/\\\/www.pinterest.es\\\/inmsol\\\/\",\"https:\\\/\\\/www.youtube.com\\\/channel\\\/UChz-Qn_7coFMosY85iYMO4g\"]},{\"@type\":\"Person\",\"@id\":\"https:\\\/\\\/www.inmsol.com\\\/it\\\/#\\\/schema\\\/person\\\/18f18acd0397ef441e373e79ec3eb6ea\",\"name\":\"Javier Torres\",\"image\":{\"@type\":\"ImageObject\",\"inLanguage\":\"it-IT\",\"@id\":\"https:\\\/\\\/secure.gravatar.com\\\/avatar\\\/90afa2d6499550218d247408758082af566e5ec3641e1b8eac0d7bb889344a55?s=96&d=mm&r=g\",\"url\":\"https:\\\/\\\/secure.gravatar.com\\\/avatar\\\/90afa2d6499550218d247408758082af566e5ec3641e1b8eac0d7bb889344a55?s=96&d=mm&r=g\",\"contentUrl\":\"https:\\\/\\\/secure.gravatar.com\\\/avatar\\\/90afa2d6499550218d247408758082af566e5ec3641e1b8eac0d7bb889344a55?s=96&d=mm&r=g\",\"caption\":\"Javier Torres\"},\"url\":\"https:\\\/\\\/www.inmsol.com\\\/it\\\/author\\\/javier\\\/\"}]}<\/script>\n<!-- \/ Yoast SEO plugin. -->","yoast_head_json":{"title":"L'Arte di Salvador Dal\u00ed | surrealismo, spagnolo, simbolismo, pittura | INMSOL","description":"Arte ed ideolog\u00eda di Salvador Dal\u00ed.","robots":{"index":"index","follow":"follow","max-snippet":"max-snippet:-1","max-image-preview":"max-image-preview:large","max-video-preview":"max-video-preview:-1"},"canonical":"https:\/\/www.inmsol.com\/it\/blog-it-it\/larte-di-salvador-dali\/","og_locale":"it_IT","og_type":"article","og_title":"L'Arte di Salvador Dal\u00ed | surrealismo, spagnolo, simbolismo, pittura | INMSOL","og_description":"Arte ed ideolog\u00eda di Salvador Dal\u00ed.","og_url":"https:\/\/www.inmsol.com\/it\/blog-it-it\/larte-di-salvador-dali\/","og_site_name":"iNMSOL","article_publisher":"https:\/\/www.facebook.com\/spanishcourses","article_published_time":"2011-04-11T15:15:42+00:00","article_modified_time":"2013-05-19T15:53:49+00:00","og_image":[{"width":320,"height":154,"url":"https:\/\/www.inmsol.com\/wp-content\/uploads\/2019\/08\/logo-inmsol.png","type":"image\/png"}],"author":"Javier Torres","twitter_misc":{"Scritto da":"Javier Torres","Tempo di lettura stimato":"8 minuti"},"schema":{"@context":"https:\/\/schema.org","@graph":[{"@type":"Article","@id":"https:\/\/www.inmsol.com\/it\/blog-it-it\/larte-di-salvador-dali\/#article","isPartOf":{"@id":"https:\/\/www.inmsol.com\/it\/blog-it-it\/larte-di-salvador-dali\/"},"author":{"name":"Javier Torres","@id":"https:\/\/www.inmsol.com\/it\/#\/schema\/person\/18f18acd0397ef441e373e79ec3eb6ea"},"headline":"L&#8217;Arte di Salvador Dal\u00ed","datePublished":"2011-04-11T15:15:42+00:00","dateModified":"2013-05-19T15:53:49+00:00","mainEntityOfPage":{"@id":"https:\/\/www.inmsol.com\/it\/blog-it-it\/larte-di-salvador-dali\/"},"wordCount":1720,"publisher":{"@id":"https:\/\/www.inmsol.com\/it\/#organization"},"articleSection":["Blog"],"inLanguage":"it-IT"},{"@type":"WebPage","@id":"https:\/\/www.inmsol.com\/it\/blog-it-it\/larte-di-salvador-dali\/","url":"https:\/\/www.inmsol.com\/it\/blog-it-it\/larte-di-salvador-dali\/","name":"L'Arte di Salvador Dal\u00ed | surrealismo, spagnolo, simbolismo, pittura | INMSOL","isPartOf":{"@id":"https:\/\/www.inmsol.com\/it\/#website"},"datePublished":"2011-04-11T15:15:42+00:00","dateModified":"2013-05-19T15:53:49+00:00","description":"Arte ed ideolog\u00eda di Salvador Dal\u00ed.","breadcrumb":{"@id":"https:\/\/www.inmsol.com\/it\/blog-it-it\/larte-di-salvador-dali\/#breadcrumb"},"inLanguage":"it-IT","potentialAction":[{"@type":"ReadAction","target":["https:\/\/www.inmsol.com\/it\/blog-it-it\/larte-di-salvador-dali\/"]}]},{"@type":"BreadcrumbList","@id":"https:\/\/www.inmsol.com\/it\/blog-it-it\/larte-di-salvador-dali\/#breadcrumb","itemListElement":[{"@type":"ListItem","position":1,"name":"Accredited Center by Instituto Cervantes","item":"https:\/\/www.inmsol.com\/it\/pagina-ejemplo\/"},{"@type":"ListItem","position":2,"name":"Blog","item":"https:\/\/www.inmsol.com\/it\/category\/blog-it-it\/"},{"@type":"ListItem","position":3,"name":"L&#8217;Arte di Salvador Dal\u00ed"}]},{"@type":"WebSite","@id":"https:\/\/www.inmsol.com\/it\/#website","url":"https:\/\/www.inmsol.com\/it\/","name":"iNMSOL","description":"Impara lo spagnolo con noi - Centro di studio accreditato con l'Istituto Cervantes","publisher":{"@id":"https:\/\/www.inmsol.com\/it\/#organization"},"potentialAction":[{"@type":"SearchAction","target":{"@type":"EntryPoint","urlTemplate":"https:\/\/www.inmsol.com\/it\/?s={search_term_string}"},"query-input":{"@type":"PropertyValueSpecification","valueRequired":true,"valueName":"search_term_string"}}],"inLanguage":"it-IT"},{"@type":"Organization","@id":"https:\/\/www.inmsol.com\/it\/#organization","name":"Instituto Mediterr\u00e1neo Sol","url":"https:\/\/www.inmsol.com\/it\/","logo":{"@type":"ImageObject","inLanguage":"it-IT","@id":"https:\/\/www.inmsol.com\/it\/#\/schema\/logo\/image\/","url":"https:\/\/www.inmsol.com\/wp-content\/uploads\/2023\/06\/logo-inmsol-1.png","contentUrl":"https:\/\/www.inmsol.com\/wp-content\/uploads\/2023\/06\/logo-inmsol-1.png","width":136,"height":73,"caption":"Instituto Mediterr\u00e1neo Sol"},"image":{"@id":"https:\/\/www.inmsol.com\/it\/#\/schema\/logo\/image\/"},"sameAs":["https:\/\/www.facebook.com\/spanishcourses","https:\/\/x.com\/StudyInGranada","http:\/\/instagram.com\/imsolgranada","https:\/\/es.linkedin.com\/company\/imsol-granada","https:\/\/www.pinterest.es\/inmsol\/","https:\/\/www.youtube.com\/channel\/UChz-Qn_7coFMosY85iYMO4g"]},{"@type":"Person","@id":"https:\/\/www.inmsol.com\/it\/#\/schema\/person\/18f18acd0397ef441e373e79ec3eb6ea","name":"Javier Torres","image":{"@type":"ImageObject","inLanguage":"it-IT","@id":"https:\/\/secure.gravatar.com\/avatar\/90afa2d6499550218d247408758082af566e5ec3641e1b8eac0d7bb889344a55?s=96&d=mm&r=g","url":"https:\/\/secure.gravatar.com\/avatar\/90afa2d6499550218d247408758082af566e5ec3641e1b8eac0d7bb889344a55?s=96&d=mm&r=g","contentUrl":"https:\/\/secure.gravatar.com\/avatar\/90afa2d6499550218d247408758082af566e5ec3641e1b8eac0d7bb889344a55?s=96&d=mm&r=g","caption":"Javier Torres"},"url":"https:\/\/www.inmsol.com\/it\/author\/javier\/"}]}},"_links":{"self":[{"href":"https:\/\/www.inmsol.com\/it\/wp-json\/wp\/v2\/posts\/771","targetHints":{"allow":["GET"]}}],"collection":[{"href":"https:\/\/www.inmsol.com\/it\/wp-json\/wp\/v2\/posts"}],"about":[{"href":"https:\/\/www.inmsol.com\/it\/wp-json\/wp\/v2\/types\/post"}],"author":[{"embeddable":true,"href":"https:\/\/www.inmsol.com\/it\/wp-json\/wp\/v2\/users\/2"}],"replies":[{"embeddable":true,"href":"https:\/\/www.inmsol.com\/it\/wp-json\/wp\/v2\/comments?post=771"}],"version-history":[{"count":0,"href":"https:\/\/www.inmsol.com\/it\/wp-json\/wp\/v2\/posts\/771\/revisions"}],"wp:attachment":[{"href":"https:\/\/www.inmsol.com\/it\/wp-json\/wp\/v2\/media?parent=771"}],"wp:term":[{"taxonomy":"category","embeddable":true,"href":"https:\/\/www.inmsol.com\/it\/wp-json\/wp\/v2\/categories?post=771"},{"taxonomy":"post_tag","embeddable":true,"href":"https:\/\/www.inmsol.com\/it\/wp-json\/wp\/v2\/tags?post=771"}],"curies":[{"name":"wp","href":"https:\/\/api.w.org\/{rel}","templated":true}]}}